{"id":3425,"date":"2010-09-22T20:06:16","date_gmt":"2010-09-22T20:06:16","guid":{"rendered":"https:\/\/www.semen-l.org\/?p=3425"},"modified":"2024-02-22T20:19:38","modified_gmt":"2024-02-22T20:19:38","slug":"vie-disarn-abbe-de-saint-victor-de-marseille-xie-siecle-presentation-edition-traduction-et-notes-par-cecile-caby-et-alii-paris-les-belles-lettres-classiques-de-lhis","status":"publish","type":"post","link":"https:\/\/www.semen-l.org\/?p=3425","title":{"rendered":"Vie d\u2019Isarn, abb\u00e9 de Saint-Victor de Marseille (XIe si\u00e8cle) , pr\u00e9sentation, \u00e9dition, traduction et notes par C\u00e9cile Caby et alii, Paris, Les Belles Lettres (\u00ab Classiques de l\u2019histoire du Moyen Age \u00bb), 2010"},"content":{"rendered":"<p><strong><em>Vie<\/em><\/strong> <strong><em>d\u2019Isarn,<\/em><\/strong> <strong><em>abb\u00e9<\/em><\/strong> <strong><em>de<\/em><\/strong> <strong><em>Saint-Victor<\/em><\/strong> <strong><em>de<\/em><\/strong> <strong><em>Marseille<\/em><\/strong> <strong><em>( XI<sup>e<\/sup><\/em><\/strong> <strong><em>si\u00e8cle) <\/em><\/strong><strong>,<\/strong> <strong>pr\u00e9sentation, <\/strong><strong>\u00e9dition, traduction et notes par C\u00e9cile Caby <em>et alii<\/em>, Paris, Les Belles Lettres (\u00ab Classiques de l\u2019histoire du Moyen Age \u00bb), 2010.<a href=\"https:\/\/www.lesbelleslettres.com\/livre\/9782251340593\/vie-d-isarn-abbe-de-saint-victor-de-marseille-xie-siecle#:~:text=R%C3%A9dig%C3%A9e%20dans%20les%20ann%C3%A9es%201070,l'h%C3%A9riti%C3%A8re%20de%20l'antique\"><img fetchpriority=\"high\" decoding=\"async\" class=\"alignright size-medium wp-image-3426\" src=\"http:\/\/www.semen-l.org\/wp-content\/uploads\/2024\/02\/isarn-couv-197x300.jpg\" alt=\"\" width=\"197\" height=\"300\" srcset=\"https:\/\/www.semen-l.org\/wp-content\/uploads\/2024\/02\/isarn-couv-197x300.jpg 197w, https:\/\/www.semen-l.org\/wp-content\/uploads\/2024\/02\/isarn-couv-672x1024.jpg 672w, https:\/\/www.semen-l.org\/wp-content\/uploads\/2024\/02\/isarn-couv-768x1170.jpg 768w, https:\/\/www.semen-l.org\/wp-content\/uploads\/2024\/02\/isarn-couv-1008x1536.jpg 1008w, https:\/\/www.semen-l.org\/wp-content\/uploads\/2024\/02\/isarn-couv-131x200.jpg 131w, https:\/\/www.semen-l.org\/wp-content\/uploads\/2024\/02\/isarn-couv.jpg 1200w\" sizes=\"(max-width: 197px) 100vw, 197px\" \/><\/a><\/strong><\/p>\n<p>R\u00e9dig\u00e9e en latin dans les ann\u00e9es 1070, la <em>Vie d\u2019Isarn <\/em>(mort en 1047), l\u2019un des tr\u00e8s rares textes narratifs proven\u00e7aux de cette \u00e9poque, met en sc\u00e8ne un jeune aristocrate originaire du Languedoc, devenu moine \u00e0 Saint-Victor de Marseille vers l\u2019an mil. Le r\u00e9cit fait le portrait d\u2019un religieux exemplaire, devenu prieur, puis abb\u00e9, dont l\u2019asc\u00e8se \u00e9tonnait ses contemporains, comme Odilon de Cluny. Il campe \u00e9galement un grand seigneur monastique, pr\u00e9occup\u00e9 par la d\u00e9fense des droits, des terres et des prieur\u00e9s de la maison marseillaise, chevauchant \u00e0 travers la Provence pour prot\u00e9ger ses religieux et les paysans des m\u00e9faits de potentats locaux (d\u2019apr\u00e8s la notice du site des Belles Lettres).<\/p>\n<p>Cette recension est extraite du <a href=\"https:\/\/www.semen-l.org\/?p=1765\">Bulletin n\u00b06 de septembre 2010 (p. 12-13)<\/a>.<\/p>\n","protected":false},"excerpt":{"rendered":"<p>Vie d\u2019Isarn, abb\u00e9 de Saint-Victor de Marseille ( XIe si\u00e8cle) , pr\u00e9sentation, \u00e9dition, traduction et notes par C\u00e9cile Caby et alii, Paris, Les Belles Lettres (\u00ab Classiques de l\u2019histoire du Moyen Age \u00bb), 2010. R\u00e9dig\u00e9e en latin dans les ann\u00e9es &hellip; <a href=\"https:\/\/www.semen-l.org\/?p=3425\">Continuer la lecture <span class=\"meta-nav\">&rarr;<\/span><\/a><\/p>\n","protected":false},"author":26,"featured_media":3426,"comment_status":"open","ping_status":"open","sticky":false,"template":"","format":"standard","meta":{"footnotes":""},"categories":[1825],"tags":[1755,1960,1449,2109,2108,1217,1594,582],"class_list":["post-3425","post","type-post","status-publish","format-standard","has-post-thumbnail","hentry","category-recensions","tag-abbaye-de-saint-victor","tag-ascese","tag-christianisme","tag-isarn-vie-d","tag-marseille","tag-narration","tag-religion","tag-vie-de-saint-vita"],"yoast_head":"<!-- This site is optimized with the Yoast SEO plugin v27.5 - https:\/\/yoast.com\/product\/yoast-seo-wordpress\/ -->\n<title>Vie d\u2019Isarn, abb\u00e9 de Saint-Victor de Marseille (recension)<\/title>\n<meta name=\"description\" content=\"Vie d\u2019Isarn, abb\u00e9 de Saint-Victor de Marseille (XIe si\u00e8cle) , pr\u00e9sentation, \u00e9dition, traduction et notes par C\u00e9cile Caby et alii, recension\" \/>\n<meta name=\"robots\" content=\"index, follow, max-snippet:-1, max-image-preview:large, max-video-preview:-1\" \/>\n<link rel=\"canonical\" href=\"https:\/\/www.semen-l.org\/?p=3425\" \/>\n<meta property=\"og:locale\" content=\"fr_FR\" \/>\n<meta property=\"og:type\" content=\"article\" \/>\n<meta property=\"og:title\" content=\"Vie d\u2019Isarn, abb\u00e9 de Saint-Victor de Marseille (recension)\" \/>\n<meta property=\"og:description\" content=\"Vie d\u2019Isarn, abb\u00e9 de Saint-Victor de Marseille (XIe si\u00e8cle) , pr\u00e9sentation, \u00e9dition, traduction et notes par C\u00e9cile Caby et alii, recension\" \/>\n<meta property=\"og:url\" content=\"https:\/\/www.semen-l.org\/?p=3425\" \/>\n<meta property=\"og:site_name\" content=\"Soci\u00e9t\u00e9 d&#039;\u00c9tudes M\u00e9dio Et N\u00e9o-Latines\" \/>\n<meta property=\"article:publisher\" content=\"https:\/\/www.facebook.com\/SEMENL2018\" \/>\n<meta property=\"article:published_time\" content=\"2010-09-22T20:06:16+00:00\" \/>\n<meta property=\"article:modified_time\" content=\"2024-02-22T20:19:38+00:00\" \/>\n<meta property=\"og:image\" content=\"https:\/\/www.semen-l.org\/wp-content\/uploads\/2024\/02\/isarn-couv.jpg\" \/>\n\t<meta property=\"og:image:width\" content=\"1200\" \/>\n\t<meta property=\"og:image:height\" content=\"1828\" \/>\n\t<meta property=\"og:image:type\" content=\"image\/jpeg\" \/>\n<meta name=\"author\" content=\"Julien Maudoux\" \/>\n<meta name=\"twitter:card\" content=\"summary_large_image\" \/>\n<meta name=\"twitter:label1\" content=\"\u00c9crit par\" \/>\n\t<meta name=\"twitter:data1\" content=\"Julien Maudoux\" \/>\n\t<meta name=\"twitter:label2\" content=\"Dur\u00e9e de lecture estim\u00e9e\" \/>\n\t<meta name=\"twitter:data2\" content=\"2 minutes\" \/>\n<script type=\"application\/ld+json\" class=\"yoast-schema-graph\">{\"@context\":\"https:\\\/\\\/schema.org\",\"@graph\":[{\"@type\":\"Article\",\"@id\":\"https:\\\/\\\/www.semen-l.org\\\/?p=3425#article\",\"isPartOf\":{\"@id\":\"https:\\\/\\\/www.semen-l.org\\\/?p=3425\"},\"author\":{\"name\":\"Julien Maudoux\",\"@id\":\"http:\\\/\\\/www.semen-l.org\\\/#\\\/schema\\\/person\\\/ef5208815f17666727763c5363a51344\"},\"headline\":\"Vie d\u2019Isarn, abb\u00e9 de Saint-Victor de Marseille (XIe si\u00e8cle) , pr\u00e9sentation, \u00e9dition, traduction et notes par C\u00e9cile Caby et alii, Paris, Les Belles Lettres (\u00ab Classiques de l\u2019histoire du Moyen Age \u00bb), 2010\",\"datePublished\":\"2010-09-22T20:06:16+00:00\",\"dateModified\":\"2024-02-22T20:19:38+00:00\",\"mainEntityOfPage\":{\"@id\":\"https:\\\/\\\/www.semen-l.org\\\/?p=3425\"},\"wordCount\":204,\"commentCount\":0,\"publisher\":{\"@id\":\"http:\\\/\\\/www.semen-l.org\\\/#organization\"},\"image\":{\"@id\":\"https:\\\/\\\/www.semen-l.org\\\/?p=3425#primaryimage\"},\"thumbnailUrl\":\"https:\\\/\\\/www.semen-l.org\\\/wp-content\\\/uploads\\\/2024\\\/02\\\/isarn-couv.jpg\",\"keywords\":[\"Abbaye de Saint-Victor\",\"asc\u00e8se\",\"christianisme\",\"Isarn (Vie d')\",\"Marseille\",\"narration\",\"religion\",\"vie de saint (vita)\"],\"articleSection\":[\"Recensions\"],\"inLanguage\":\"fr-FR\",\"potentialAction\":[{\"@type\":\"CommentAction\",\"name\":\"Comment\",\"target\":[\"https:\\\/\\\/www.semen-l.org\\\/?p=3425#respond\"]}]},{\"@type\":\"WebPage\",\"@id\":\"https:\\\/\\\/www.semen-l.org\\\/?p=3425\",\"url\":\"https:\\\/\\\/www.semen-l.org\\\/?p=3425\",\"name\":\"Vie d\u2019Isarn, abb\u00e9 de Saint-Victor de Marseille (recension)\",\"isPartOf\":{\"@id\":\"http:\\\/\\\/www.semen-l.org\\\/#website\"},\"primaryImageOfPage\":{\"@id\":\"https:\\\/\\\/www.semen-l.org\\\/?p=3425#primaryimage\"},\"image\":{\"@id\":\"https:\\\/\\\/www.semen-l.org\\\/?p=3425#primaryimage\"},\"thumbnailUrl\":\"https:\\\/\\\/www.semen-l.org\\\/wp-content\\\/uploads\\\/2024\\\/02\\\/isarn-couv.jpg\",\"datePublished\":\"2010-09-22T20:06:16+00:00\",\"dateModified\":\"2024-02-22T20:19:38+00:00\",\"description\":\"Vie d\u2019Isarn, abb\u00e9 de Saint-Victor de Marseille (XIe si\u00e8cle) , pr\u00e9sentation, \u00e9dition, traduction et notes par C\u00e9cile Caby et alii, recension\",\"breadcrumb\":{\"@id\":\"https:\\\/\\\/www.semen-l.org\\\/?p=3425#breadcrumb\"},\"inLanguage\":\"fr-FR\",\"potentialAction\":[{\"@type\":\"ReadAction\",\"target\":[\"https:\\\/\\\/www.semen-l.org\\\/?p=3425\"]}]},{\"@type\":\"ImageObject\",\"inLanguage\":\"fr-FR\",\"@id\":\"https:\\\/\\\/www.semen-l.org\\\/?p=3425#primaryimage\",\"url\":\"https:\\\/\\\/www.semen-l.org\\\/wp-content\\\/uploads\\\/2024\\\/02\\\/isarn-couv.jpg\",\"contentUrl\":\"https:\\\/\\\/www.semen-l.org\\\/wp-content\\\/uploads\\\/2024\\\/02\\\/isarn-couv.jpg\",\"width\":1200,\"height\":1828},{\"@type\":\"BreadcrumbList\",\"@id\":\"https:\\\/\\\/www.semen-l.org\\\/?p=3425#breadcrumb\",\"itemListElement\":[{\"@type\":\"ListItem\",\"position\":1,\"name\":\"Accueil\",\"item\":\"http:\\\/\\\/www.semen-l.org\\\/\"},{\"@type\":\"ListItem\",\"position\":2,\"name\":\"Vie d\u2019Isarn, abb\u00e9 de Saint-Victor de Marseille (XIe si\u00e8cle) , pr\u00e9sentation, \u00e9dition, traduction et notes par C\u00e9cile Caby et alii, Paris, Les Belles Lettres (\u00ab Classiques de l\u2019histoire du Moyen Age \u00bb), 2010\"}]},{\"@type\":\"WebSite\",\"@id\":\"http:\\\/\\\/www.semen-l.org\\\/#website\",\"url\":\"http:\\\/\\\/www.semen-l.org\\\/\",\"name\":\"Soci\u00e9t\u00e9 d'\u00c9tudes M\u00e9dio Et N\u00e9o-Latines\",\"description\":\"\",\"publisher\":{\"@id\":\"http:\\\/\\\/www.semen-l.org\\\/#organization\"},\"potentialAction\":[{\"@type\":\"SearchAction\",\"target\":{\"@type\":\"EntryPoint\",\"urlTemplate\":\"http:\\\/\\\/www.semen-l.org\\\/?s={search_term_string}\"},\"query-input\":{\"@type\":\"PropertyValueSpecification\",\"valueRequired\":true,\"valueName\":\"search_term_string\"}}],\"inLanguage\":\"fr-FR\"},{\"@type\":\"Organization\",\"@id\":\"http:\\\/\\\/www.semen-l.org\\\/#organization\",\"name\":\"Soci\u00e9t\u00e9 d'\u00e9tudes m\u00e9dio et n\u00e9o-latines\",\"url\":\"http:\\\/\\\/www.semen-l.org\\\/\",\"logo\":{\"@type\":\"ImageObject\",\"inLanguage\":\"fr-FR\",\"@id\":\"http:\\\/\\\/www.semen-l.org\\\/#\\\/schema\\\/logo\\\/image\\\/\",\"url\":\"http:\\\/\\\/www.semen-l.org\\\/wp-content\\\/uploads\\\/2020\\\/11\\\/logo-semenl.jpg\",\"contentUrl\":\"http:\\\/\\\/www.semen-l.org\\\/wp-content\\\/uploads\\\/2020\\\/11\\\/logo-semenl.jpg\",\"width\":408,\"height\":403,\"caption\":\"Soci\u00e9t\u00e9 d'\u00e9tudes m\u00e9dio et n\u00e9o-latines\"},\"image\":{\"@id\":\"http:\\\/\\\/www.semen-l.org\\\/#\\\/schema\\\/logo\\\/image\\\/\"},\"sameAs\":[\"https:\\\/\\\/www.facebook.com\\\/SEMENL2018\",\"https:\\\/\\\/independent.academia.edu\\\/SocitsdtudesmdioetnolatinesSEMENL\"]},{\"@type\":\"Person\",\"@id\":\"http:\\\/\\\/www.semen-l.org\\\/#\\\/schema\\\/person\\\/ef5208815f17666727763c5363a51344\",\"name\":\"Julien Maudoux\",\"image\":{\"@type\":\"ImageObject\",\"inLanguage\":\"fr-FR\",\"@id\":\"https:\\\/\\\/secure.gravatar.com\\\/avatar\\\/caabf4fb6242e2277733cd35a5c2aa083761ea25dae1d1ff3298b54292225292?s=96&d=mm&r=g\",\"url\":\"https:\\\/\\\/secure.gravatar.com\\\/avatar\\\/caabf4fb6242e2277733cd35a5c2aa083761ea25dae1d1ff3298b54292225292?s=96&d=mm&r=g\",\"contentUrl\":\"https:\\\/\\\/secure.gravatar.com\\\/avatar\\\/caabf4fb6242e2277733cd35a5c2aa083761ea25dae1d1ff3298b54292225292?s=96&d=mm&r=g\",\"caption\":\"Julien Maudoux\"},\"description\":\"Webmestre du site de la SEMEN-L\",\"url\":\"https:\\\/\\\/www.semen-l.org\\\/?author=26\"}]}<\/script>\n<!-- \/ Yoast SEO plugin. -->","yoast_head_json":{"title":"Vie d\u2019Isarn, abb\u00e9 de Saint-Victor de Marseille (recension)","description":"Vie d\u2019Isarn, abb\u00e9 de Saint-Victor de Marseille (XIe si\u00e8cle) , pr\u00e9sentation, \u00e9dition, traduction et notes par C\u00e9cile Caby et alii, recension","robots":{"index":"index","follow":"follow","max-snippet":"max-snippet:-1","max-image-preview":"max-image-preview:large","max-video-preview":"max-video-preview:-1"},"canonical":"https:\/\/www.semen-l.org\/?p=3425","og_locale":"fr_FR","og_type":"article","og_title":"Vie d\u2019Isarn, abb\u00e9 de Saint-Victor de Marseille (recension)","og_description":"Vie d\u2019Isarn, abb\u00e9 de Saint-Victor de Marseille (XIe si\u00e8cle) , pr\u00e9sentation, \u00e9dition, traduction et notes par C\u00e9cile Caby et alii, recension","og_url":"https:\/\/www.semen-l.org\/?p=3425","og_site_name":"Soci\u00e9t\u00e9 d&#039;\u00c9tudes M\u00e9dio Et N\u00e9o-Latines","article_publisher":"https:\/\/www.facebook.com\/SEMENL2018","article_published_time":"2010-09-22T20:06:16+00:00","article_modified_time":"2024-02-22T20:19:38+00:00","og_image":[{"width":1200,"height":1828,"url":"https:\/\/www.semen-l.org\/wp-content\/uploads\/2024\/02\/isarn-couv.jpg","type":"image\/jpeg"}],"author":"Julien Maudoux","twitter_card":"summary_large_image","twitter_misc":{"\u00c9crit par":"Julien Maudoux","Dur\u00e9e de lecture estim\u00e9e":"2 minutes"},"schema":{"@context":"https:\/\/schema.org","@graph":[{"@type":"Article","@id":"https:\/\/www.semen-l.org\/?p=3425#article","isPartOf":{"@id":"https:\/\/www.semen-l.org\/?p=3425"},"author":{"name":"Julien Maudoux","@id":"http:\/\/www.semen-l.org\/#\/schema\/person\/ef5208815f17666727763c5363a51344"},"headline":"Vie d\u2019Isarn, abb\u00e9 de Saint-Victor de Marseille (XIe si\u00e8cle) , pr\u00e9sentation, \u00e9dition, traduction et notes par C\u00e9cile Caby et alii, Paris, Les Belles Lettres (\u00ab Classiques de l\u2019histoire du Moyen Age \u00bb), 2010","datePublished":"2010-09-22T20:06:16+00:00","dateModified":"2024-02-22T20:19:38+00:00","mainEntityOfPage":{"@id":"https:\/\/www.semen-l.org\/?p=3425"},"wordCount":204,"commentCount":0,"publisher":{"@id":"http:\/\/www.semen-l.org\/#organization"},"image":{"@id":"https:\/\/www.semen-l.org\/?p=3425#primaryimage"},"thumbnailUrl":"https:\/\/www.semen-l.org\/wp-content\/uploads\/2024\/02\/isarn-couv.jpg","keywords":["Abbaye de Saint-Victor","asc\u00e8se","christianisme","Isarn (Vie d')","Marseille","narration","religion","vie de saint (vita)"],"articleSection":["Recensions"],"inLanguage":"fr-FR","potentialAction":[{"@type":"CommentAction","name":"Comment","target":["https:\/\/www.semen-l.org\/?p=3425#respond"]}]},{"@type":"WebPage","@id":"https:\/\/www.semen-l.org\/?p=3425","url":"https:\/\/www.semen-l.org\/?p=3425","name":"Vie d\u2019Isarn, abb\u00e9 de Saint-Victor de Marseille (recension)","isPartOf":{"@id":"http:\/\/www.semen-l.org\/#website"},"primaryImageOfPage":{"@id":"https:\/\/www.semen-l.org\/?p=3425#primaryimage"},"image":{"@id":"https:\/\/www.semen-l.org\/?p=3425#primaryimage"},"thumbnailUrl":"https:\/\/www.semen-l.org\/wp-content\/uploads\/2024\/02\/isarn-couv.jpg","datePublished":"2010-09-22T20:06:16+00:00","dateModified":"2024-02-22T20:19:38+00:00","description":"Vie d\u2019Isarn, abb\u00e9 de Saint-Victor de Marseille (XIe si\u00e8cle) , pr\u00e9sentation, \u00e9dition, traduction et notes par C\u00e9cile Caby et alii, recension","breadcrumb":{"@id":"https:\/\/www.semen-l.org\/?p=3425#breadcrumb"},"inLanguage":"fr-FR","potentialAction":[{"@type":"ReadAction","target":["https:\/\/www.semen-l.org\/?p=3425"]}]},{"@type":"ImageObject","inLanguage":"fr-FR","@id":"https:\/\/www.semen-l.org\/?p=3425#primaryimage","url":"https:\/\/www.semen-l.org\/wp-content\/uploads\/2024\/02\/isarn-couv.jpg","contentUrl":"https:\/\/www.semen-l.org\/wp-content\/uploads\/2024\/02\/isarn-couv.jpg","width":1200,"height":1828},{"@type":"BreadcrumbList","@id":"https:\/\/www.semen-l.org\/?p=3425#breadcrumb","itemListElement":[{"@type":"ListItem","position":1,"name":"Accueil","item":"http:\/\/www.semen-l.org\/"},{"@type":"ListItem","position":2,"name":"Vie d\u2019Isarn, abb\u00e9 de Saint-Victor de Marseille (XIe si\u00e8cle) , pr\u00e9sentation, \u00e9dition, traduction et notes par C\u00e9cile Caby et alii, Paris, Les Belles Lettres (\u00ab Classiques de l\u2019histoire du Moyen Age \u00bb), 2010"}]},{"@type":"WebSite","@id":"http:\/\/www.semen-l.org\/#website","url":"http:\/\/www.semen-l.org\/","name":"Soci\u00e9t\u00e9 d'\u00c9tudes M\u00e9dio Et N\u00e9o-Latines","description":"","publisher":{"@id":"http:\/\/www.semen-l.org\/#organization"},"potentialAction":[{"@type":"SearchAction","target":{"@type":"EntryPoint","urlTemplate":"http:\/\/www.semen-l.org\/?s={search_term_string}"},"query-input":{"@type":"PropertyValueSpecification","valueRequired":true,"valueName":"search_term_string"}}],"inLanguage":"fr-FR"},{"@type":"Organization","@id":"http:\/\/www.semen-l.org\/#organization","name":"Soci\u00e9t\u00e9 d'\u00e9tudes m\u00e9dio et n\u00e9o-latines","url":"http:\/\/www.semen-l.org\/","logo":{"@type":"ImageObject","inLanguage":"fr-FR","@id":"http:\/\/www.semen-l.org\/#\/schema\/logo\/image\/","url":"http:\/\/www.semen-l.org\/wp-content\/uploads\/2020\/11\/logo-semenl.jpg","contentUrl":"http:\/\/www.semen-l.org\/wp-content\/uploads\/2020\/11\/logo-semenl.jpg","width":408,"height":403,"caption":"Soci\u00e9t\u00e9 d'\u00e9tudes m\u00e9dio et n\u00e9o-latines"},"image":{"@id":"http:\/\/www.semen-l.org\/#\/schema\/logo\/image\/"},"sameAs":["https:\/\/www.facebook.com\/SEMENL2018","https:\/\/independent.academia.edu\/SocitsdtudesmdioetnolatinesSEMENL"]},{"@type":"Person","@id":"http:\/\/www.semen-l.org\/#\/schema\/person\/ef5208815f17666727763c5363a51344","name":"Julien Maudoux","image":{"@type":"ImageObject","inLanguage":"fr-FR","@id":"https:\/\/secure.gravatar.com\/avatar\/caabf4fb6242e2277733cd35a5c2aa083761ea25dae1d1ff3298b54292225292?s=96&d=mm&r=g","url":"https:\/\/secure.gravatar.com\/avatar\/caabf4fb6242e2277733cd35a5c2aa083761ea25dae1d1ff3298b54292225292?s=96&d=mm&r=g","contentUrl":"https:\/\/secure.gravatar.com\/avatar\/caabf4fb6242e2277733cd35a5c2aa083761ea25dae1d1ff3298b54292225292?s=96&d=mm&r=g","caption":"Julien Maudoux"},"description":"Webmestre du site de la SEMEN-L","url":"https:\/\/www.semen-l.org\/?author=26"}]}},"jetpack_featured_media_url":"https:\/\/www.semen-l.org\/wp-content\/uploads\/2024\/02\/isarn-couv.jpg","_links":{"self":[{"href":"https:\/\/www.semen-l.org\/index.php?rest_route=\/wp\/v2\/posts\/3425","targetHints":{"allow":["GET"]}}],"collection":[{"href":"https:\/\/www.semen-l.org\/index.php?rest_route=\/wp\/v2\/posts"}],"about":[{"href":"https:\/\/www.semen-l.org\/index.php?rest_route=\/wp\/v2\/types\/post"}],"author":[{"embeddable":true,"href":"https:\/\/www.semen-l.org\/index.php?rest_route=\/wp\/v2\/users\/26"}],"replies":[{"embeddable":true,"href":"https:\/\/www.semen-l.org\/index.php?rest_route=%2Fwp%2Fv2%2Fcomments&post=3425"}],"version-history":[{"count":0,"href":"https:\/\/www.semen-l.org\/index.php?rest_route=\/wp\/v2\/posts\/3425\/revisions"}],"wp:featuredmedia":[{"embeddable":true,"href":"https:\/\/www.semen-l.org\/index.php?rest_route=\/wp\/v2\/media\/3426"}],"wp:attachment":[{"href":"https:\/\/www.semen-l.org\/index.php?rest_route=%2Fwp%2Fv2%2Fmedia&parent=3425"}],"wp:term":[{"taxonomy":"category","embeddable":true,"href":"https:\/\/www.semen-l.org\/index.php?rest_route=%2Fwp%2Fv2%2Fcategories&post=3425"},{"taxonomy":"post_tag","embeddable":true,"href":"https:\/\/www.semen-l.org\/index.php?rest_route=%2Fwp%2Fv2%2Ftags&post=3425"}],"curies":[{"name":"wp","href":"https:\/\/api.w.org\/{rel}","templated":true}]}}