{"id":3415,"date":"2011-11-22T19:40:29","date_gmt":"2011-11-22T19:40:29","guid":{"rendered":"https:\/\/www.semen-l.org\/?p=3415"},"modified":"2024-02-22T19:44:54","modified_gmt":"2024-02-22T19:44:54","slug":"le-radici-umanistiche-delleuropa-lorenzo-valla-la-riforma-della-lingua-e-della-logica-atti-del-convegno-del-comitato-nazionale-vi-centenario-della-nascita-di-lorenzo-valla-prato-4-7-giu","status":"publish","type":"post","link":"https:\/\/www.semen-l.org\/?p=3415","title":{"rendered":"Le Radici umanistiche dell\u2019Europa. Lorenzo Valla. La Riforma della lingua e della logica : Atti del Convegno del Comitato Nazionale VI centenario della Nascita di Lorenzo Valla. Prato, 4-7 Giugno 2008, \u00e9d. Mariangela Regoliosi, Polistampa, 2010"},"content":{"rendered":"<p><em>Le Radici umanistiche dell\u2019Europa. Lorenzo Valla. La Riforma della lingua e della logica : Atti del Convegno del Comitato Nazionale VI centenario della Nascita di Lorenzo Valla<\/em>. Prato, 4-7 Giugno 2008, \u00e9d. Mariangela Regoliosi, Polistampa, 2010.<img fetchpriority=\"high\" decoding=\"async\" class=\"alignright size-medium wp-image-3416\" src=\"http:\/\/www.semen-l.org\/wp-content\/uploads\/2024\/02\/lv-acti-couv-198x300.jpg\" alt=\"\" width=\"198\" height=\"300\" srcset=\"https:\/\/www.semen-l.org\/wp-content\/uploads\/2024\/02\/lv-acti-couv-198x300.jpg 198w, https:\/\/www.semen-l.org\/wp-content\/uploads\/2024\/02\/lv-acti-couv-132x200.jpg 132w, https:\/\/www.semen-l.org\/wp-content\/uploads\/2024\/02\/lv-acti-couv.jpg 496w\" sizes=\"(max-width: 198px) 100vw, 198px\" \/><\/p>\n<p>Les actes, publi\u00e9s en deux tomes, de cet important colloque, organis\u00e9 par M. Regoliosi, rassemblent des contributions sur les domaines de l\u2019\u00e9tude de la langue (linguistique, lexicographie, traduction) et de la logique (dialectique, th\u00e9ologie et \u00e9thique)<br \/>\ndans lesquels Lorenzo Valla a particuli\u00e8rement marqu\u00e9 son temps et la post\u00e9rit\u00e9. Ces volumes sont \u00e0 la fois des livres de r\u00e9f\u00e9rence, rassemblant et approfondissant la mati\u00e8re connue sur des ouvrages aussi c\u00e9l\u00e8bres par exemple, que les <em>Elegantiae<\/em>, et font place \u00e9galement, \u00e0 c\u00f4t\u00e9 de cela, \u00e0 des aspects ou des opuscules plus marginaux de l\u2019\u0153uvre de Valla, ainsi ces <em>Emendationes<\/em> au Doctrinal de Villedieu. Les actes d\u2019un deuxi\u00e8me congr\u00e8s, consacr\u00e9 \u00e0 l\u2019influence exerc\u00e9e par Lorenzo Valla sur l\u2019Europe jusqu\u2019au XVIIIe, suivront.<\/p>\n<p>Cette recension est extraite du\u00a0<a href=\"https:\/\/www.semen-l.org\/?p=105\">Bulletin de liaison n\u00b08 de novembre 2011<\/a> (p. 11).<\/p>\n","protected":false},"excerpt":{"rendered":"<p>Le Radici umanistiche dell\u2019Europa. Lorenzo Valla. La Riforma della lingua e della logica : Atti del Convegno del Comitato Nazionale VI centenario della Nascita di Lorenzo Valla. Prato, 4-7 Giugno 2008, \u00e9d. Mariangela Regoliosi, Polistampa, 2010. Les actes, publi\u00e9s en &hellip; <a href=\"https:\/\/www.semen-l.org\/?p=3415\">Continuer la lecture <span class=\"meta-nav\">&rarr;<\/span><\/a><\/p>\n","protected":false},"author":26,"featured_media":3416,"comment_status":"open","ping_status":"open","sticky":false,"template":"","format":"standard","meta":{"footnotes":""},"categories":[1825],"tags":[2104,2102,2103,237,896,1194,1536,139,286,371,80],"class_list":["post-3415","post","type-post","status-publish","format-standard","has-post-thumbnail","hentry","category-recensions","tag-dialectique","tag-elegantiae-valla","tag-emendationes-sex-librorum-titi-livii-valla","tag-ethique","tag-lexicographie","tag-linguistique","tag-logique","tag-philosophie","tag-theologie","tag-traduction","tag-lorenzo-valla"],"yoast_head":"<!-- This site is optimized with the Yoast SEO plugin v27.5 - https:\/\/yoast.com\/product\/yoast-seo-wordpress\/ -->\n<title>Lorenzo Valla. La Riforma della lingua e della logica : recension<\/title>\n<meta name=\"description\" content=\"Lorenzo Valla. La Riforma della lingua e della logica - recension par la SEMEN-L de cet ouvrage collectif rassemblant des actes de colloque.\" \/>\n<meta name=\"robots\" content=\"index, follow, max-snippet:-1, max-image-preview:large, max-video-preview:-1\" \/>\n<link rel=\"canonical\" href=\"https:\/\/www.semen-l.org\/?p=3415\" \/>\n<meta property=\"og:locale\" content=\"fr_FR\" \/>\n<meta property=\"og:type\" content=\"article\" \/>\n<meta property=\"og:title\" content=\"Lorenzo Valla. La Riforma della lingua e della logica : recension\" \/>\n<meta property=\"og:description\" content=\"Lorenzo Valla. La Riforma della lingua e della logica - recension par la SEMEN-L de cet ouvrage collectif rassemblant des actes de colloque.\" \/>\n<meta property=\"og:url\" content=\"https:\/\/www.semen-l.org\/?p=3415\" \/>\n<meta property=\"og:site_name\" content=\"Soci\u00e9t\u00e9 d&#039;\u00c9tudes M\u00e9dio Et N\u00e9o-Latines\" \/>\n<meta property=\"article:publisher\" content=\"https:\/\/www.facebook.com\/SEMENL2018\" \/>\n<meta property=\"article:published_time\" content=\"2011-11-22T19:40:29+00:00\" \/>\n<meta property=\"article:modified_time\" content=\"2024-02-22T19:44:54+00:00\" \/>\n<meta property=\"og:image\" content=\"https:\/\/www.semen-l.org\/wp-content\/uploads\/2024\/02\/lv-acti-couv.jpg\" \/>\n\t<meta property=\"og:image:width\" content=\"496\" \/>\n\t<meta property=\"og:image:height\" content=\"750\" \/>\n\t<meta property=\"og:image:type\" content=\"image\/jpeg\" \/>\n<meta name=\"author\" content=\"Julien Maudoux\" \/>\n<meta name=\"twitter:card\" content=\"summary_large_image\" \/>\n<meta name=\"twitter:label1\" content=\"\u00c9crit par\" \/>\n\t<meta name=\"twitter:data1\" content=\"Julien Maudoux\" \/>\n\t<meta name=\"twitter:label2\" content=\"Dur\u00e9e de lecture estim\u00e9e\" \/>\n\t<meta name=\"twitter:data2\" content=\"2 minutes\" \/>\n<script type=\"application\/ld+json\" class=\"yoast-schema-graph\">{\"@context\":\"https:\\\/\\\/schema.org\",\"@graph\":[{\"@type\":\"Article\",\"@id\":\"https:\\\/\\\/www.semen-l.org\\\/?p=3415#article\",\"isPartOf\":{\"@id\":\"https:\\\/\\\/www.semen-l.org\\\/?p=3415\"},\"author\":{\"name\":\"Julien Maudoux\",\"@id\":\"http:\\\/\\\/www.semen-l.org\\\/#\\\/schema\\\/person\\\/ef5208815f17666727763c5363a51344\"},\"headline\":\"Le Radici umanistiche dell\u2019Europa. Lorenzo Valla. La Riforma della lingua e della logica : Atti del Convegno del Comitato Nazionale VI centenario della Nascita di Lorenzo Valla. Prato, 4-7 Giugno 2008, \u00e9d. Mariangela Regoliosi, Polistampa, 2010\",\"datePublished\":\"2011-11-22T19:40:29+00:00\",\"dateModified\":\"2024-02-22T19:44:54+00:00\",\"mainEntityOfPage\":{\"@id\":\"https:\\\/\\\/www.semen-l.org\\\/?p=3415\"},\"wordCount\":213,\"commentCount\":0,\"publisher\":{\"@id\":\"http:\\\/\\\/www.semen-l.org\\\/#organization\"},\"image\":{\"@id\":\"https:\\\/\\\/www.semen-l.org\\\/?p=3415#primaryimage\"},\"thumbnailUrl\":\"https:\\\/\\\/www.semen-l.org\\\/wp-content\\\/uploads\\\/2024\\\/02\\\/lv-acti-couv.jpg\",\"keywords\":[\"dialectique\",\"Elegantiae linguae latinae (Lorenzo Valla)\",\"Emendationes sex librorum Titi Livii (Valla)\",\"\u00e9thique\",\"lexicographie\",\"linguistique\",\"logique\",\"philosophie\",\"th\u00e9ologie\",\"traduction\",\"Valla (Lorenzo)\"],\"articleSection\":[\"Recensions\"],\"inLanguage\":\"fr-FR\",\"potentialAction\":[{\"@type\":\"CommentAction\",\"name\":\"Comment\",\"target\":[\"https:\\\/\\\/www.semen-l.org\\\/?p=3415#respond\"]}]},{\"@type\":\"WebPage\",\"@id\":\"https:\\\/\\\/www.semen-l.org\\\/?p=3415\",\"url\":\"https:\\\/\\\/www.semen-l.org\\\/?p=3415\",\"name\":\"Lorenzo Valla. La Riforma della lingua e della logica : recension\",\"isPartOf\":{\"@id\":\"http:\\\/\\\/www.semen-l.org\\\/#website\"},\"primaryImageOfPage\":{\"@id\":\"https:\\\/\\\/www.semen-l.org\\\/?p=3415#primaryimage\"},\"image\":{\"@id\":\"https:\\\/\\\/www.semen-l.org\\\/?p=3415#primaryimage\"},\"thumbnailUrl\":\"https:\\\/\\\/www.semen-l.org\\\/wp-content\\\/uploads\\\/2024\\\/02\\\/lv-acti-couv.jpg\",\"datePublished\":\"2011-11-22T19:40:29+00:00\",\"dateModified\":\"2024-02-22T19:44:54+00:00\",\"description\":\"Lorenzo Valla. La Riforma della lingua e della logica - recension par la SEMEN-L de cet ouvrage collectif rassemblant des actes de colloque.\",\"breadcrumb\":{\"@id\":\"https:\\\/\\\/www.semen-l.org\\\/?p=3415#breadcrumb\"},\"inLanguage\":\"fr-FR\",\"potentialAction\":[{\"@type\":\"ReadAction\",\"target\":[\"https:\\\/\\\/www.semen-l.org\\\/?p=3415\"]}]},{\"@type\":\"ImageObject\",\"inLanguage\":\"fr-FR\",\"@id\":\"https:\\\/\\\/www.semen-l.org\\\/?p=3415#primaryimage\",\"url\":\"https:\\\/\\\/www.semen-l.org\\\/wp-content\\\/uploads\\\/2024\\\/02\\\/lv-acti-couv.jpg\",\"contentUrl\":\"https:\\\/\\\/www.semen-l.org\\\/wp-content\\\/uploads\\\/2024\\\/02\\\/lv-acti-couv.jpg\",\"width\":496,\"height\":750},{\"@type\":\"BreadcrumbList\",\"@id\":\"https:\\\/\\\/www.semen-l.org\\\/?p=3415#breadcrumb\",\"itemListElement\":[{\"@type\":\"ListItem\",\"position\":1,\"name\":\"Accueil\",\"item\":\"http:\\\/\\\/www.semen-l.org\\\/\"},{\"@type\":\"ListItem\",\"position\":2,\"name\":\"Le Radici umanistiche dell\u2019Europa. Lorenzo Valla. La Riforma della lingua e della logica : Atti del Convegno del Comitato Nazionale VI centenario della Nascita di Lorenzo Valla. Prato, 4-7 Giugno 2008, \u00e9d. Mariangela Regoliosi, Polistampa, 2010\"}]},{\"@type\":\"WebSite\",\"@id\":\"http:\\\/\\\/www.semen-l.org\\\/#website\",\"url\":\"http:\\\/\\\/www.semen-l.org\\\/\",\"name\":\"Soci\u00e9t\u00e9 d'\u00c9tudes M\u00e9dio Et N\u00e9o-Latines\",\"description\":\"\",\"publisher\":{\"@id\":\"http:\\\/\\\/www.semen-l.org\\\/#organization\"},\"potentialAction\":[{\"@type\":\"SearchAction\",\"target\":{\"@type\":\"EntryPoint\",\"urlTemplate\":\"http:\\\/\\\/www.semen-l.org\\\/?s={search_term_string}\"},\"query-input\":{\"@type\":\"PropertyValueSpecification\",\"valueRequired\":true,\"valueName\":\"search_term_string\"}}],\"inLanguage\":\"fr-FR\"},{\"@type\":\"Organization\",\"@id\":\"http:\\\/\\\/www.semen-l.org\\\/#organization\",\"name\":\"Soci\u00e9t\u00e9 d'\u00e9tudes m\u00e9dio et n\u00e9o-latines\",\"url\":\"http:\\\/\\\/www.semen-l.org\\\/\",\"logo\":{\"@type\":\"ImageObject\",\"inLanguage\":\"fr-FR\",\"@id\":\"http:\\\/\\\/www.semen-l.org\\\/#\\\/schema\\\/logo\\\/image\\\/\",\"url\":\"http:\\\/\\\/www.semen-l.org\\\/wp-content\\\/uploads\\\/2020\\\/11\\\/logo-semenl.jpg\",\"contentUrl\":\"http:\\\/\\\/www.semen-l.org\\\/wp-content\\\/uploads\\\/2020\\\/11\\\/logo-semenl.jpg\",\"width\":408,\"height\":403,\"caption\":\"Soci\u00e9t\u00e9 d'\u00e9tudes m\u00e9dio et n\u00e9o-latines\"},\"image\":{\"@id\":\"http:\\\/\\\/www.semen-l.org\\\/#\\\/schema\\\/logo\\\/image\\\/\"},\"sameAs\":[\"https:\\\/\\\/www.facebook.com\\\/SEMENL2018\",\"https:\\\/\\\/independent.academia.edu\\\/SocitsdtudesmdioetnolatinesSEMENL\"]},{\"@type\":\"Person\",\"@id\":\"http:\\\/\\\/www.semen-l.org\\\/#\\\/schema\\\/person\\\/ef5208815f17666727763c5363a51344\",\"name\":\"Julien Maudoux\",\"image\":{\"@type\":\"ImageObject\",\"inLanguage\":\"fr-FR\",\"@id\":\"https:\\\/\\\/secure.gravatar.com\\\/avatar\\\/caabf4fb6242e2277733cd35a5c2aa083761ea25dae1d1ff3298b54292225292?s=96&d=mm&r=g\",\"url\":\"https:\\\/\\\/secure.gravatar.com\\\/avatar\\\/caabf4fb6242e2277733cd35a5c2aa083761ea25dae1d1ff3298b54292225292?s=96&d=mm&r=g\",\"contentUrl\":\"https:\\\/\\\/secure.gravatar.com\\\/avatar\\\/caabf4fb6242e2277733cd35a5c2aa083761ea25dae1d1ff3298b54292225292?s=96&d=mm&r=g\",\"caption\":\"Julien Maudoux\"},\"description\":\"Webmestre du site de la SEMEN-L\",\"url\":\"https:\\\/\\\/www.semen-l.org\\\/?author=26\"}]}<\/script>\n<!-- \/ Yoast SEO plugin. -->","yoast_head_json":{"title":"Lorenzo Valla. La Riforma della lingua e della logica : recension","description":"Lorenzo Valla. La Riforma della lingua e della logica - recension par la SEMEN-L de cet ouvrage collectif rassemblant des actes de colloque.","robots":{"index":"index","follow":"follow","max-snippet":"max-snippet:-1","max-image-preview":"max-image-preview:large","max-video-preview":"max-video-preview:-1"},"canonical":"https:\/\/www.semen-l.org\/?p=3415","og_locale":"fr_FR","og_type":"article","og_title":"Lorenzo Valla. La Riforma della lingua e della logica : recension","og_description":"Lorenzo Valla. La Riforma della lingua e della logica - recension par la SEMEN-L de cet ouvrage collectif rassemblant des actes de colloque.","og_url":"https:\/\/www.semen-l.org\/?p=3415","og_site_name":"Soci\u00e9t\u00e9 d&#039;\u00c9tudes M\u00e9dio Et N\u00e9o-Latines","article_publisher":"https:\/\/www.facebook.com\/SEMENL2018","article_published_time":"2011-11-22T19:40:29+00:00","article_modified_time":"2024-02-22T19:44:54+00:00","og_image":[{"width":496,"height":750,"url":"https:\/\/www.semen-l.org\/wp-content\/uploads\/2024\/02\/lv-acti-couv.jpg","type":"image\/jpeg"}],"author":"Julien Maudoux","twitter_card":"summary_large_image","twitter_misc":{"\u00c9crit par":"Julien Maudoux","Dur\u00e9e de lecture estim\u00e9e":"2 minutes"},"schema":{"@context":"https:\/\/schema.org","@graph":[{"@type":"Article","@id":"https:\/\/www.semen-l.org\/?p=3415#article","isPartOf":{"@id":"https:\/\/www.semen-l.org\/?p=3415"},"author":{"name":"Julien Maudoux","@id":"http:\/\/www.semen-l.org\/#\/schema\/person\/ef5208815f17666727763c5363a51344"},"headline":"Le Radici umanistiche dell\u2019Europa. Lorenzo Valla. La Riforma della lingua e della logica : Atti del Convegno del Comitato Nazionale VI centenario della Nascita di Lorenzo Valla. Prato, 4-7 Giugno 2008, \u00e9d. Mariangela Regoliosi, Polistampa, 2010","datePublished":"2011-11-22T19:40:29+00:00","dateModified":"2024-02-22T19:44:54+00:00","mainEntityOfPage":{"@id":"https:\/\/www.semen-l.org\/?p=3415"},"wordCount":213,"commentCount":0,"publisher":{"@id":"http:\/\/www.semen-l.org\/#organization"},"image":{"@id":"https:\/\/www.semen-l.org\/?p=3415#primaryimage"},"thumbnailUrl":"https:\/\/www.semen-l.org\/wp-content\/uploads\/2024\/02\/lv-acti-couv.jpg","keywords":["dialectique","Elegantiae linguae latinae (Lorenzo Valla)","Emendationes sex librorum Titi Livii (Valla)","\u00e9thique","lexicographie","linguistique","logique","philosophie","th\u00e9ologie","traduction","Valla (Lorenzo)"],"articleSection":["Recensions"],"inLanguage":"fr-FR","potentialAction":[{"@type":"CommentAction","name":"Comment","target":["https:\/\/www.semen-l.org\/?p=3415#respond"]}]},{"@type":"WebPage","@id":"https:\/\/www.semen-l.org\/?p=3415","url":"https:\/\/www.semen-l.org\/?p=3415","name":"Lorenzo Valla. La Riforma della lingua e della logica : recension","isPartOf":{"@id":"http:\/\/www.semen-l.org\/#website"},"primaryImageOfPage":{"@id":"https:\/\/www.semen-l.org\/?p=3415#primaryimage"},"image":{"@id":"https:\/\/www.semen-l.org\/?p=3415#primaryimage"},"thumbnailUrl":"https:\/\/www.semen-l.org\/wp-content\/uploads\/2024\/02\/lv-acti-couv.jpg","datePublished":"2011-11-22T19:40:29+00:00","dateModified":"2024-02-22T19:44:54+00:00","description":"Lorenzo Valla. La Riforma della lingua e della logica - recension par la SEMEN-L de cet ouvrage collectif rassemblant des actes de colloque.","breadcrumb":{"@id":"https:\/\/www.semen-l.org\/?p=3415#breadcrumb"},"inLanguage":"fr-FR","potentialAction":[{"@type":"ReadAction","target":["https:\/\/www.semen-l.org\/?p=3415"]}]},{"@type":"ImageObject","inLanguage":"fr-FR","@id":"https:\/\/www.semen-l.org\/?p=3415#primaryimage","url":"https:\/\/www.semen-l.org\/wp-content\/uploads\/2024\/02\/lv-acti-couv.jpg","contentUrl":"https:\/\/www.semen-l.org\/wp-content\/uploads\/2024\/02\/lv-acti-couv.jpg","width":496,"height":750},{"@type":"BreadcrumbList","@id":"https:\/\/www.semen-l.org\/?p=3415#breadcrumb","itemListElement":[{"@type":"ListItem","position":1,"name":"Accueil","item":"http:\/\/www.semen-l.org\/"},{"@type":"ListItem","position":2,"name":"Le Radici umanistiche dell\u2019Europa. Lorenzo Valla. La Riforma della lingua e della logica : Atti del Convegno del Comitato Nazionale VI centenario della Nascita di Lorenzo Valla. Prato, 4-7 Giugno 2008, \u00e9d. Mariangela Regoliosi, Polistampa, 2010"}]},{"@type":"WebSite","@id":"http:\/\/www.semen-l.org\/#website","url":"http:\/\/www.semen-l.org\/","name":"Soci\u00e9t\u00e9 d'\u00c9tudes M\u00e9dio Et N\u00e9o-Latines","description":"","publisher":{"@id":"http:\/\/www.semen-l.org\/#organization"},"potentialAction":[{"@type":"SearchAction","target":{"@type":"EntryPoint","urlTemplate":"http:\/\/www.semen-l.org\/?s={search_term_string}"},"query-input":{"@type":"PropertyValueSpecification","valueRequired":true,"valueName":"search_term_string"}}],"inLanguage":"fr-FR"},{"@type":"Organization","@id":"http:\/\/www.semen-l.org\/#organization","name":"Soci\u00e9t\u00e9 d'\u00e9tudes m\u00e9dio et n\u00e9o-latines","url":"http:\/\/www.semen-l.org\/","logo":{"@type":"ImageObject","inLanguage":"fr-FR","@id":"http:\/\/www.semen-l.org\/#\/schema\/logo\/image\/","url":"http:\/\/www.semen-l.org\/wp-content\/uploads\/2020\/11\/logo-semenl.jpg","contentUrl":"http:\/\/www.semen-l.org\/wp-content\/uploads\/2020\/11\/logo-semenl.jpg","width":408,"height":403,"caption":"Soci\u00e9t\u00e9 d'\u00e9tudes m\u00e9dio et n\u00e9o-latines"},"image":{"@id":"http:\/\/www.semen-l.org\/#\/schema\/logo\/image\/"},"sameAs":["https:\/\/www.facebook.com\/SEMENL2018","https:\/\/independent.academia.edu\/SocitsdtudesmdioetnolatinesSEMENL"]},{"@type":"Person","@id":"http:\/\/www.semen-l.org\/#\/schema\/person\/ef5208815f17666727763c5363a51344","name":"Julien Maudoux","image":{"@type":"ImageObject","inLanguage":"fr-FR","@id":"https:\/\/secure.gravatar.com\/avatar\/caabf4fb6242e2277733cd35a5c2aa083761ea25dae1d1ff3298b54292225292?s=96&d=mm&r=g","url":"https:\/\/secure.gravatar.com\/avatar\/caabf4fb6242e2277733cd35a5c2aa083761ea25dae1d1ff3298b54292225292?s=96&d=mm&r=g","contentUrl":"https:\/\/secure.gravatar.com\/avatar\/caabf4fb6242e2277733cd35a5c2aa083761ea25dae1d1ff3298b54292225292?s=96&d=mm&r=g","caption":"Julien Maudoux"},"description":"Webmestre du site de la SEMEN-L","url":"https:\/\/www.semen-l.org\/?author=26"}]}},"jetpack_featured_media_url":"https:\/\/www.semen-l.org\/wp-content\/uploads\/2024\/02\/lv-acti-couv.jpg","_links":{"self":[{"href":"https:\/\/www.semen-l.org\/index.php?rest_route=\/wp\/v2\/posts\/3415","targetHints":{"allow":["GET"]}}],"collection":[{"href":"https:\/\/www.semen-l.org\/index.php?rest_route=\/wp\/v2\/posts"}],"about":[{"href":"https:\/\/www.semen-l.org\/index.php?rest_route=\/wp\/v2\/types\/post"}],"author":[{"embeddable":true,"href":"https:\/\/www.semen-l.org\/index.php?rest_route=\/wp\/v2\/users\/26"}],"replies":[{"embeddable":true,"href":"https:\/\/www.semen-l.org\/index.php?rest_route=%2Fwp%2Fv2%2Fcomments&post=3415"}],"version-history":[{"count":0,"href":"https:\/\/www.semen-l.org\/index.php?rest_route=\/wp\/v2\/posts\/3415\/revisions"}],"wp:featuredmedia":[{"embeddable":true,"href":"https:\/\/www.semen-l.org\/index.php?rest_route=\/wp\/v2\/media\/3416"}],"wp:attachment":[{"href":"https:\/\/www.semen-l.org\/index.php?rest_route=%2Fwp%2Fv2%2Fmedia&parent=3415"}],"wp:term":[{"taxonomy":"category","embeddable":true,"href":"https:\/\/www.semen-l.org\/index.php?rest_route=%2Fwp%2Fv2%2Fcategories&post=3415"},{"taxonomy":"post_tag","embeddable":true,"href":"https:\/\/www.semen-l.org\/index.php?rest_route=%2Fwp%2Fv2%2Ftags&post=3415"}],"curies":[{"name":"wp","href":"https:\/\/api.w.org\/{rel}","templated":true}]}}