{"id":3412,"date":"2011-11-22T19:34:03","date_gmt":"2011-11-22T19:34:03","guid":{"rendered":"https:\/\/www.semen-l.org\/?p=3412"},"modified":"2024-02-22T19:40:18","modified_gmt":"2024-02-22T19:40:18","slug":"biblical-humanism-and-scholasticism-in-the-age-of-erasmus-ed-erika-rummel-leyde-boston-brill-2008","status":"publish","type":"post","link":"https:\/\/www.semen-l.org\/?p=3412","title":{"rendered":"Biblical Humanism and Scholasticism in the Age of Erasmus, \u00e9d. Erika Rummel, Leyde\/Boston, Brill, 2008"},"content":{"rendered":"<p><strong><em>Biblical Humanism and Scholasticism in the Age of Erasmus<\/em>, \u00e9d. Erika Rummel, Leyde\/Boston, Brill, 2008.<a href=\"https:\/\/brill.com\/display\/title\/12252\"><img fetchpriority=\"high\" decoding=\"async\" class=\"alignright size-medium wp-image-3413\" src=\"http:\/\/www.semen-l.org\/wp-content\/uploads\/2024\/02\/bhasitae-cov-200x300.jpg\" alt=\"\" width=\"200\" height=\"300\" srcset=\"https:\/\/www.semen-l.org\/wp-content\/uploads\/2024\/02\/bhasitae-cov-200x300.jpg 200w, https:\/\/www.semen-l.org\/wp-content\/uploads\/2024\/02\/bhasitae-cov-133x200.jpg 133w, https:\/\/www.semen-l.org\/wp-content\/uploads\/2024\/02\/bhasitae-cov.jpg 500w\" sizes=\"(max-width: 200px) 100vw, 200px\" \/><\/a><\/strong><\/p>\n<p>Ce volume est le fruit du travail de quelques uns des meilleurs sp\u00e9cialistes d\u2019Erasme et des \u00e9tudes bibliques \u00e0 la Renaissance. On a privil\u00e9gi\u00e9 une approche europ\u00e9enne. Apr\u00e8s une introduction sur l\u2019avant Erasme (l\u2019Italie et l\u2019affaire Reuchlin), l\u2019ensemble se divise en quatre sections : \u201cThe reaction against biblical Humanism in Spain\u201d ; \u201c The faculty of theology at Paris and the \u2018theologizing humanists\u2019 \u201d ; \u201cThe campaign against biblical humanists at the University of Leuven\u201d ; \u201cCritics of biblical humanism in sixteenth century Italy\u201d. C\u2019est un tour d\u2019horizon tr\u00e8s stimulant \u00e0 partir des foyers d\u2019opposition o\u00f9 les th\u00e9ologiens veillent.<\/p>\n<p>Cette recension est extraite du\u00a0<a href=\"https:\/\/www.semen-l.org\/?p=105\">Bulletin de liaison n\u00b08 de novembre 2011<\/a> (p. 11).<\/p>\n","protected":false},"excerpt":{"rendered":"<p>Biblical Humanism and Scholasticism in the Age of Erasmus, \u00e9d. Erika Rummel, Leyde\/Boston, Brill, 2008. Ce volume est le fruit du travail de quelques uns des meilleurs sp\u00e9cialistes d\u2019Erasme et des \u00e9tudes bibliques \u00e0 la Renaissance. On a privil\u00e9gi\u00e9 une &hellip; <a href=\"https:\/\/www.semen-l.org\/?p=3412\">Continuer la lecture <span class=\"meta-nav\">&rarr;<\/span><\/a><\/p>\n","protected":false},"author":26,"featured_media":0,"comment_status":"open","ping_status":"open","sticky":false,"template":"","format":"standard","meta":{"footnotes":""},"categories":[1825],"tags":[1346,1282,31,1381,144,1349,1605,139,286],"class_list":["post-3412","post","type-post","status-publish","format-standard","hentry","category-recensions","tag-bible","tag-critique","tag-erasme","tag-espagne","tag-humanisme","tag-italie","tag-paris","tag-philosophie","tag-theologie"],"yoast_head":"<!-- This site is optimized with the Yoast SEO plugin v27.5 - https:\/\/yoast.com\/product\/yoast-seo-wordpress\/ -->\n<title>Biblical Humanism and Scholasticism in the Age of Erasmus<\/title>\n<meta name=\"description\" content=\"Biblical Humanism and Scholasticism in the Age of Erasmus, \u00e9d. Erika Rummel, Leyde\/Boston, Brill, 2008. Recension SEMEN-L.\" \/>\n<meta name=\"robots\" content=\"index, follow, max-snippet:-1, max-image-preview:large, max-video-preview:-1\" \/>\n<link rel=\"canonical\" href=\"https:\/\/www.semen-l.org\/?p=3412\" \/>\n<meta property=\"og:locale\" content=\"fr_FR\" \/>\n<meta property=\"og:type\" content=\"article\" \/>\n<meta property=\"og:title\" content=\"Biblical Humanism and Scholasticism in the Age of Erasmus\" \/>\n<meta property=\"og:description\" content=\"Biblical Humanism and Scholasticism in the Age of Erasmus, \u00e9d. Erika Rummel, Leyde\/Boston, Brill, 2008. Recension SEMEN-L.\" \/>\n<meta property=\"og:url\" content=\"https:\/\/www.semen-l.org\/?p=3412\" \/>\n<meta property=\"og:site_name\" content=\"Soci\u00e9t\u00e9 d&#039;\u00c9tudes M\u00e9dio Et N\u00e9o-Latines\" \/>\n<meta property=\"article:publisher\" content=\"https:\/\/www.facebook.com\/SEMENL2018\" \/>\n<meta property=\"article:published_time\" content=\"2011-11-22T19:34:03+00:00\" \/>\n<meta property=\"article:modified_time\" content=\"2024-02-22T19:40:18+00:00\" \/>\n<meta property=\"og:image\" content=\"http:\/\/www.semen-l.org\/wp-content\/uploads\/2024\/02\/bhasitae-cov-200x300.jpg\" \/>\n<meta name=\"author\" content=\"Julien Maudoux\" \/>\n<meta name=\"twitter:card\" content=\"summary_large_image\" \/>\n<meta name=\"twitter:label1\" content=\"\u00c9crit par\" \/>\n\t<meta name=\"twitter:data1\" content=\"Julien Maudoux\" \/>\n\t<meta name=\"twitter:label2\" content=\"Dur\u00e9e de lecture estim\u00e9e\" \/>\n\t<meta name=\"twitter:data2\" content=\"1 minute\" \/>\n<script type=\"application\/ld+json\" class=\"yoast-schema-graph\">{\"@context\":\"https:\\\/\\\/schema.org\",\"@graph\":[{\"@type\":\"Article\",\"@id\":\"https:\\\/\\\/www.semen-l.org\\\/?p=3412#article\",\"isPartOf\":{\"@id\":\"https:\\\/\\\/www.semen-l.org\\\/?p=3412\"},\"author\":{\"name\":\"Julien Maudoux\",\"@id\":\"http:\\\/\\\/www.semen-l.org\\\/#\\\/schema\\\/person\\\/ef5208815f17666727763c5363a51344\"},\"headline\":\"Biblical Humanism and Scholasticism in the Age of Erasmus, \u00e9d. Erika Rummel, Leyde\\\/Boston, Brill, 2008\",\"datePublished\":\"2011-11-22T19:34:03+00:00\",\"dateModified\":\"2024-02-22T19:40:18+00:00\",\"mainEntityOfPage\":{\"@id\":\"https:\\\/\\\/www.semen-l.org\\\/?p=3412\"},\"wordCount\":147,\"commentCount\":0,\"publisher\":{\"@id\":\"http:\\\/\\\/www.semen-l.org\\\/#organization\"},\"image\":{\"@id\":\"https:\\\/\\\/www.semen-l.org\\\/?p=3412#primaryimage\"},\"thumbnailUrl\":\"http:\\\/\\\/www.semen-l.org\\\/wp-content\\\/uploads\\\/2024\\\/02\\\/bhasitae-cov-200x300.jpg\",\"keywords\":[\"Bible\",\"critique\",\"\u00c9rasme\",\"Espagne\",\"humanisme\",\"Italie\",\"Paris\",\"philosophie\",\"th\u00e9ologie\"],\"articleSection\":[\"Recensions\"],\"inLanguage\":\"fr-FR\",\"potentialAction\":[{\"@type\":\"CommentAction\",\"name\":\"Comment\",\"target\":[\"https:\\\/\\\/www.semen-l.org\\\/?p=3412#respond\"]}]},{\"@type\":\"WebPage\",\"@id\":\"https:\\\/\\\/www.semen-l.org\\\/?p=3412\",\"url\":\"https:\\\/\\\/www.semen-l.org\\\/?p=3412\",\"name\":\"Biblical Humanism and Scholasticism in the Age of Erasmus\",\"isPartOf\":{\"@id\":\"http:\\\/\\\/www.semen-l.org\\\/#website\"},\"primaryImageOfPage\":{\"@id\":\"https:\\\/\\\/www.semen-l.org\\\/?p=3412#primaryimage\"},\"image\":{\"@id\":\"https:\\\/\\\/www.semen-l.org\\\/?p=3412#primaryimage\"},\"thumbnailUrl\":\"http:\\\/\\\/www.semen-l.org\\\/wp-content\\\/uploads\\\/2024\\\/02\\\/bhasitae-cov-200x300.jpg\",\"datePublished\":\"2011-11-22T19:34:03+00:00\",\"dateModified\":\"2024-02-22T19:40:18+00:00\",\"description\":\"Biblical Humanism and Scholasticism in the Age of Erasmus, \u00e9d. Erika Rummel, Leyde\\\/Boston, Brill, 2008. Recension SEMEN-L.\",\"breadcrumb\":{\"@id\":\"https:\\\/\\\/www.semen-l.org\\\/?p=3412#breadcrumb\"},\"inLanguage\":\"fr-FR\",\"potentialAction\":[{\"@type\":\"ReadAction\",\"target\":[\"https:\\\/\\\/www.semen-l.org\\\/?p=3412\"]}]},{\"@type\":\"ImageObject\",\"inLanguage\":\"fr-FR\",\"@id\":\"https:\\\/\\\/www.semen-l.org\\\/?p=3412#primaryimage\",\"url\":\"https:\\\/\\\/www.semen-l.org\\\/wp-content\\\/uploads\\\/2024\\\/02\\\/bhasitae-cov.jpg\",\"contentUrl\":\"https:\\\/\\\/www.semen-l.org\\\/wp-content\\\/uploads\\\/2024\\\/02\\\/bhasitae-cov.jpg\",\"width\":500,\"height\":750},{\"@type\":\"BreadcrumbList\",\"@id\":\"https:\\\/\\\/www.semen-l.org\\\/?p=3412#breadcrumb\",\"itemListElement\":[{\"@type\":\"ListItem\",\"position\":1,\"name\":\"Accueil\",\"item\":\"http:\\\/\\\/www.semen-l.org\\\/\"},{\"@type\":\"ListItem\",\"position\":2,\"name\":\"Biblical Humanism and Scholasticism in the Age of Erasmus, \u00e9d. Erika Rummel, Leyde\\\/Boston, Brill, 2008\"}]},{\"@type\":\"WebSite\",\"@id\":\"http:\\\/\\\/www.semen-l.org\\\/#website\",\"url\":\"http:\\\/\\\/www.semen-l.org\\\/\",\"name\":\"Soci\u00e9t\u00e9 d'\u00c9tudes M\u00e9dio Et N\u00e9o-Latines\",\"description\":\"\",\"publisher\":{\"@id\":\"http:\\\/\\\/www.semen-l.org\\\/#organization\"},\"potentialAction\":[{\"@type\":\"SearchAction\",\"target\":{\"@type\":\"EntryPoint\",\"urlTemplate\":\"http:\\\/\\\/www.semen-l.org\\\/?s={search_term_string}\"},\"query-input\":{\"@type\":\"PropertyValueSpecification\",\"valueRequired\":true,\"valueName\":\"search_term_string\"}}],\"inLanguage\":\"fr-FR\"},{\"@type\":\"Organization\",\"@id\":\"http:\\\/\\\/www.semen-l.org\\\/#organization\",\"name\":\"Soci\u00e9t\u00e9 d'\u00e9tudes m\u00e9dio et n\u00e9o-latines\",\"url\":\"http:\\\/\\\/www.semen-l.org\\\/\",\"logo\":{\"@type\":\"ImageObject\",\"inLanguage\":\"fr-FR\",\"@id\":\"http:\\\/\\\/www.semen-l.org\\\/#\\\/schema\\\/logo\\\/image\\\/\",\"url\":\"http:\\\/\\\/www.semen-l.org\\\/wp-content\\\/uploads\\\/2020\\\/11\\\/logo-semenl.jpg\",\"contentUrl\":\"http:\\\/\\\/www.semen-l.org\\\/wp-content\\\/uploads\\\/2020\\\/11\\\/logo-semenl.jpg\",\"width\":408,\"height\":403,\"caption\":\"Soci\u00e9t\u00e9 d'\u00e9tudes m\u00e9dio et n\u00e9o-latines\"},\"image\":{\"@id\":\"http:\\\/\\\/www.semen-l.org\\\/#\\\/schema\\\/logo\\\/image\\\/\"},\"sameAs\":[\"https:\\\/\\\/www.facebook.com\\\/SEMENL2018\",\"https:\\\/\\\/independent.academia.edu\\\/SocitsdtudesmdioetnolatinesSEMENL\"]},{\"@type\":\"Person\",\"@id\":\"http:\\\/\\\/www.semen-l.org\\\/#\\\/schema\\\/person\\\/ef5208815f17666727763c5363a51344\",\"name\":\"Julien Maudoux\",\"image\":{\"@type\":\"ImageObject\",\"inLanguage\":\"fr-FR\",\"@id\":\"https:\\\/\\\/secure.gravatar.com\\\/avatar\\\/caabf4fb6242e2277733cd35a5c2aa083761ea25dae1d1ff3298b54292225292?s=96&d=mm&r=g\",\"url\":\"https:\\\/\\\/secure.gravatar.com\\\/avatar\\\/caabf4fb6242e2277733cd35a5c2aa083761ea25dae1d1ff3298b54292225292?s=96&d=mm&r=g\",\"contentUrl\":\"https:\\\/\\\/secure.gravatar.com\\\/avatar\\\/caabf4fb6242e2277733cd35a5c2aa083761ea25dae1d1ff3298b54292225292?s=96&d=mm&r=g\",\"caption\":\"Julien Maudoux\"},\"description\":\"Webmestre du site de la SEMEN-L\",\"url\":\"https:\\\/\\\/www.semen-l.org\\\/?author=26\"}]}<\/script>\n<!-- \/ Yoast SEO plugin. -->","yoast_head_json":{"title":"Biblical Humanism and Scholasticism in the Age of Erasmus","description":"Biblical Humanism and Scholasticism in the Age of Erasmus, \u00e9d. Erika Rummel, Leyde\/Boston, Brill, 2008. Recension SEMEN-L.","robots":{"index":"index","follow":"follow","max-snippet":"max-snippet:-1","max-image-preview":"max-image-preview:large","max-video-preview":"max-video-preview:-1"},"canonical":"https:\/\/www.semen-l.org\/?p=3412","og_locale":"fr_FR","og_type":"article","og_title":"Biblical Humanism and Scholasticism in the Age of Erasmus","og_description":"Biblical Humanism and Scholasticism in the Age of Erasmus, \u00e9d. Erika Rummel, Leyde\/Boston, Brill, 2008. Recension SEMEN-L.","og_url":"https:\/\/www.semen-l.org\/?p=3412","og_site_name":"Soci\u00e9t\u00e9 d&#039;\u00c9tudes M\u00e9dio Et N\u00e9o-Latines","article_publisher":"https:\/\/www.facebook.com\/SEMENL2018","article_published_time":"2011-11-22T19:34:03+00:00","article_modified_time":"2024-02-22T19:40:18+00:00","og_image":[{"url":"http:\/\/www.semen-l.org\/wp-content\/uploads\/2024\/02\/bhasitae-cov-200x300.jpg","type":"","width":"","height":""}],"author":"Julien Maudoux","twitter_card":"summary_large_image","twitter_misc":{"\u00c9crit par":"Julien Maudoux","Dur\u00e9e de lecture estim\u00e9e":"1 minute"},"schema":{"@context":"https:\/\/schema.org","@graph":[{"@type":"Article","@id":"https:\/\/www.semen-l.org\/?p=3412#article","isPartOf":{"@id":"https:\/\/www.semen-l.org\/?p=3412"},"author":{"name":"Julien Maudoux","@id":"http:\/\/www.semen-l.org\/#\/schema\/person\/ef5208815f17666727763c5363a51344"},"headline":"Biblical Humanism and Scholasticism in the Age of Erasmus, \u00e9d. Erika Rummel, Leyde\/Boston, Brill, 2008","datePublished":"2011-11-22T19:34:03+00:00","dateModified":"2024-02-22T19:40:18+00:00","mainEntityOfPage":{"@id":"https:\/\/www.semen-l.org\/?p=3412"},"wordCount":147,"commentCount":0,"publisher":{"@id":"http:\/\/www.semen-l.org\/#organization"},"image":{"@id":"https:\/\/www.semen-l.org\/?p=3412#primaryimage"},"thumbnailUrl":"http:\/\/www.semen-l.org\/wp-content\/uploads\/2024\/02\/bhasitae-cov-200x300.jpg","keywords":["Bible","critique","\u00c9rasme","Espagne","humanisme","Italie","Paris","philosophie","th\u00e9ologie"],"articleSection":["Recensions"],"inLanguage":"fr-FR","potentialAction":[{"@type":"CommentAction","name":"Comment","target":["https:\/\/www.semen-l.org\/?p=3412#respond"]}]},{"@type":"WebPage","@id":"https:\/\/www.semen-l.org\/?p=3412","url":"https:\/\/www.semen-l.org\/?p=3412","name":"Biblical Humanism and Scholasticism in the Age of Erasmus","isPartOf":{"@id":"http:\/\/www.semen-l.org\/#website"},"primaryImageOfPage":{"@id":"https:\/\/www.semen-l.org\/?p=3412#primaryimage"},"image":{"@id":"https:\/\/www.semen-l.org\/?p=3412#primaryimage"},"thumbnailUrl":"http:\/\/www.semen-l.org\/wp-content\/uploads\/2024\/02\/bhasitae-cov-200x300.jpg","datePublished":"2011-11-22T19:34:03+00:00","dateModified":"2024-02-22T19:40:18+00:00","description":"Biblical Humanism and Scholasticism in the Age of Erasmus, \u00e9d. Erika Rummel, Leyde\/Boston, Brill, 2008. Recension SEMEN-L.","breadcrumb":{"@id":"https:\/\/www.semen-l.org\/?p=3412#breadcrumb"},"inLanguage":"fr-FR","potentialAction":[{"@type":"ReadAction","target":["https:\/\/www.semen-l.org\/?p=3412"]}]},{"@type":"ImageObject","inLanguage":"fr-FR","@id":"https:\/\/www.semen-l.org\/?p=3412#primaryimage","url":"https:\/\/www.semen-l.org\/wp-content\/uploads\/2024\/02\/bhasitae-cov.jpg","contentUrl":"https:\/\/www.semen-l.org\/wp-content\/uploads\/2024\/02\/bhasitae-cov.jpg","width":500,"height":750},{"@type":"BreadcrumbList","@id":"https:\/\/www.semen-l.org\/?p=3412#breadcrumb","itemListElement":[{"@type":"ListItem","position":1,"name":"Accueil","item":"http:\/\/www.semen-l.org\/"},{"@type":"ListItem","position":2,"name":"Biblical Humanism and Scholasticism in the Age of Erasmus, \u00e9d. Erika Rummel, Leyde\/Boston, Brill, 2008"}]},{"@type":"WebSite","@id":"http:\/\/www.semen-l.org\/#website","url":"http:\/\/www.semen-l.org\/","name":"Soci\u00e9t\u00e9 d'\u00c9tudes M\u00e9dio Et N\u00e9o-Latines","description":"","publisher":{"@id":"http:\/\/www.semen-l.org\/#organization"},"potentialAction":[{"@type":"SearchAction","target":{"@type":"EntryPoint","urlTemplate":"http:\/\/www.semen-l.org\/?s={search_term_string}"},"query-input":{"@type":"PropertyValueSpecification","valueRequired":true,"valueName":"search_term_string"}}],"inLanguage":"fr-FR"},{"@type":"Organization","@id":"http:\/\/www.semen-l.org\/#organization","name":"Soci\u00e9t\u00e9 d'\u00e9tudes m\u00e9dio et n\u00e9o-latines","url":"http:\/\/www.semen-l.org\/","logo":{"@type":"ImageObject","inLanguage":"fr-FR","@id":"http:\/\/www.semen-l.org\/#\/schema\/logo\/image\/","url":"http:\/\/www.semen-l.org\/wp-content\/uploads\/2020\/11\/logo-semenl.jpg","contentUrl":"http:\/\/www.semen-l.org\/wp-content\/uploads\/2020\/11\/logo-semenl.jpg","width":408,"height":403,"caption":"Soci\u00e9t\u00e9 d'\u00e9tudes m\u00e9dio et n\u00e9o-latines"},"image":{"@id":"http:\/\/www.semen-l.org\/#\/schema\/logo\/image\/"},"sameAs":["https:\/\/www.facebook.com\/SEMENL2018","https:\/\/independent.academia.edu\/SocitsdtudesmdioetnolatinesSEMENL"]},{"@type":"Person","@id":"http:\/\/www.semen-l.org\/#\/schema\/person\/ef5208815f17666727763c5363a51344","name":"Julien Maudoux","image":{"@type":"ImageObject","inLanguage":"fr-FR","@id":"https:\/\/secure.gravatar.com\/avatar\/caabf4fb6242e2277733cd35a5c2aa083761ea25dae1d1ff3298b54292225292?s=96&d=mm&r=g","url":"https:\/\/secure.gravatar.com\/avatar\/caabf4fb6242e2277733cd35a5c2aa083761ea25dae1d1ff3298b54292225292?s=96&d=mm&r=g","contentUrl":"https:\/\/secure.gravatar.com\/avatar\/caabf4fb6242e2277733cd35a5c2aa083761ea25dae1d1ff3298b54292225292?s=96&d=mm&r=g","caption":"Julien Maudoux"},"description":"Webmestre du site de la SEMEN-L","url":"https:\/\/www.semen-l.org\/?author=26"}]}},"jetpack_featured_media_url":"","_links":{"self":[{"href":"https:\/\/www.semen-l.org\/index.php?rest_route=\/wp\/v2\/posts\/3412","targetHints":{"allow":["GET"]}}],"collection":[{"href":"https:\/\/www.semen-l.org\/index.php?rest_route=\/wp\/v2\/posts"}],"about":[{"href":"https:\/\/www.semen-l.org\/index.php?rest_route=\/wp\/v2\/types\/post"}],"author":[{"embeddable":true,"href":"https:\/\/www.semen-l.org\/index.php?rest_route=\/wp\/v2\/users\/26"}],"replies":[{"embeddable":true,"href":"https:\/\/www.semen-l.org\/index.php?rest_route=%2Fwp%2Fv2%2Fcomments&post=3412"}],"version-history":[{"count":0,"href":"https:\/\/www.semen-l.org\/index.php?rest_route=\/wp\/v2\/posts\/3412\/revisions"}],"wp:attachment":[{"href":"https:\/\/www.semen-l.org\/index.php?rest_route=%2Fwp%2Fv2%2Fmedia&parent=3412"}],"wp:term":[{"taxonomy":"category","embeddable":true,"href":"https:\/\/www.semen-l.org\/index.php?rest_route=%2Fwp%2Fv2%2Fcategories&post=3412"},{"taxonomy":"post_tag","embeddable":true,"href":"https:\/\/www.semen-l.org\/index.php?rest_route=%2Fwp%2Fv2%2Ftags&post=3412"}],"curies":[{"name":"wp","href":"https:\/\/api.w.org\/{rel}","templated":true}]}}