{"id":3393,"date":"2015-10-22T18:45:15","date_gmt":"2015-10-22T18:45:15","guid":{"rendered":"https:\/\/www.semen-l.org\/?p=3393"},"modified":"2024-02-22T18:49:33","modified_gmt":"2024-02-22T18:49:33","slug":"juan-luis-vives-de-savoir-et-enseigner-ed-trad-intr-notes-tristan-vigliano-paris-les-belles-lettres-coll-le-miroir-des-humanistes-2013","status":"publish","type":"post","link":"https:\/\/www.semen-l.org\/?p=3393","title":{"rendered":"Juan Luis Vives, De Savoir et enseigner, \u00e9d., trad., intr., notes Tristan Vigliano, Paris, Les Belles Lettres (coll. \u00ab Le miroir des humanistes \u00bb), 2013"},"content":{"rendered":"<p><strong>Juan Luis Vives, <em>De Savoir et enseigner<\/em>, \u00e9d., trad., intr., notes Tristan Vigliano, Paris, Les Belles Lettres (coll. \u00ab Le miroir des humanistes \u00bb), 2013, CXLV p., 749 pages.<a href=\"https:\/\/www.lesbelleslettres.com\/livre\/9782251346069\/de-disciplinis-savoir-et-enseigner\"><img fetchpriority=\"high\" decoding=\"async\" class=\"alignright size-medium wp-image-3394\" src=\"http:\/\/www.semen-l.org\/wp-content\/uploads\/2024\/02\/ddsee-bl-couv-201x300.jpg\" alt=\"\" width=\"201\" height=\"300\" srcset=\"https:\/\/www.semen-l.org\/wp-content\/uploads\/2024\/02\/ddsee-bl-couv-201x300.jpg 201w, https:\/\/www.semen-l.org\/wp-content\/uploads\/2024\/02\/ddsee-bl-couv-134x200.jpg 134w, https:\/\/www.semen-l.org\/wp-content\/uploads\/2024\/02\/ddsee-bl-couv.jpg 300w\" sizes=\"(max-width: 201px) 100vw, 201px\" \/><\/a><\/strong><\/p>\n<p>Ce vaste ouvrage consiste en l\u2019\u00e9dition et la traduction fran\u00e7aise des deux premi\u00e8res parties du <em>De disciplinis <\/em>que Juan Luis Vives a publi\u00e9 en 1531 : le <em>De causis corruptarum artium Liber<\/em>, vive critique de la d\u00e9gradation des savoirs et des apprentissages ; et le <em>De tradendis disciplinis<\/em>, versant positif de la premi\u00e8re partie, qui propose une r\u00e9forme des contenus et des m\u00e9thodes \u00e9ducatives. Le <em>De artibus<\/em>, troisi\u00e8me partie ajout\u00e9e par Vives consacr\u00e9e \u00e0 la philosophie premi\u00e8re et \u00e0 la dialectique, n\u2019est pas inclus dans la pr\u00e9sente \u00e9dition, aux dimensions d\u00e9j\u00e0 imposantes. Le texte de Vives est pr\u00e9c\u00e9d\u00e9 d\u2019une introduction substantielle o\u00f9 T. Vigliano pr\u00e9sente et \u00e9claire la pens\u00e9e de l\u2019humaniste espagnol. \u0152uvre de la maturit\u00e9, le <em>De disciplinis <\/em>s\u2019inscrit dans la tradition des trait\u00e9s p\u00e9dagogiques des XVe et XVIe si\u00e8cles, ajoutant \u00e0 l\u2019\u00e9difice humaniste de la refondation des savoirs une pierre angulaire encore mal connue.<\/p>\n<p>Cette recension a \u00e9t\u00e9 publi\u00e9e dans le<a href=\"https:\/\/www.semen-l.org\/?p=317\"> Bulletin de liaison n\u00b013 (2015) de la SEMEN-L<\/a> (p. 15).<\/p>\n","protected":false},"excerpt":{"rendered":"<p>Juan Luis Vives, De Savoir et enseigner, \u00e9d., trad., intr., notes Tristan Vigliano, Paris, Les Belles Lettres (coll. \u00ab Le miroir des humanistes \u00bb), 2013, CXLV p., 749 pages. Ce vaste ouvrage consiste en l\u2019\u00e9dition et la traduction fran\u00e7aise des &hellip; <a href=\"https:\/\/www.semen-l.org\/?p=3393\">Continuer la lecture <span class=\"meta-nav\">&rarr;<\/span><\/a><\/p>\n","protected":false},"author":26,"featured_media":3394,"comment_status":"open","ping_status":"open","sticky":false,"template":"","format":"standard","meta":{"footnotes":""},"categories":[1825],"tags":[2094,2093,1207,1208,1209,33],"class_list":["post-3393","post","type-post","status-publish","format-standard","has-post-thumbnail","hentry","category-recensions","tag-de-causis-corruptarum-artium-liber-vives","tag-de-disciplinis-vives","tag-education","tag-pedagogie","tag-traite-deducation","tag-juan-luis-vives"],"yoast_head":"<!-- This site is optimized with the Yoast SEO plugin v27.5 - https:\/\/yoast.com\/product\/yoast-seo-wordpress\/ -->\n<title>Juan Luis Vives, De Savoir et enseigner : recension SEMEN-L<\/title>\n<meta name=\"description\" content=\"Juan Luis Vives, De Savoir et enseigner, \u00e9d., trad., intr., notes Tristan Vigliano, Paris, Les Belles Lettres, recension SEMEN-L\" \/>\n<meta name=\"robots\" content=\"index, follow, max-snippet:-1, max-image-preview:large, max-video-preview:-1\" \/>\n<link rel=\"canonical\" href=\"http:\/\/www.semen-l.org\/?p=3393\" \/>\n<meta property=\"og:locale\" content=\"fr_FR\" \/>\n<meta property=\"og:type\" content=\"article\" \/>\n<meta property=\"og:title\" content=\"Juan Luis Vives, De Savoir et enseigner : recension SEMEN-L\" \/>\n<meta property=\"og:description\" content=\"Juan Luis Vives, De Savoir et enseigner, \u00e9d., trad., intr., notes Tristan Vigliano, Paris, Les Belles Lettres, recension SEMEN-L\" \/>\n<meta property=\"og:url\" content=\"http:\/\/www.semen-l.org\/?p=3393\" \/>\n<meta property=\"og:site_name\" content=\"Soci\u00e9t\u00e9 d&#039;\u00c9tudes M\u00e9dio Et N\u00e9o-Latines\" \/>\n<meta property=\"article:publisher\" content=\"https:\/\/www.facebook.com\/SEMENL2018\" \/>\n<meta property=\"article:published_time\" content=\"2015-10-22T18:45:15+00:00\" \/>\n<meta property=\"article:modified_time\" content=\"2024-02-22T18:49:33+00:00\" \/>\n<meta property=\"og:image\" content=\"http:\/\/www.semen-l.org\/wp-content\/uploads\/2024\/02\/ddsee-bl-couv.jpg\" \/>\n\t<meta property=\"og:image:width\" content=\"300\" \/>\n\t<meta property=\"og:image:height\" content=\"447\" \/>\n\t<meta property=\"og:image:type\" content=\"image\/jpeg\" \/>\n<meta name=\"author\" content=\"Julien Maudoux\" \/>\n<meta name=\"twitter:card\" content=\"summary_large_image\" \/>\n<meta name=\"twitter:label1\" content=\"\u00c9crit par\" \/>\n\t<meta name=\"twitter:data1\" content=\"Julien Maudoux\" \/>\n\t<meta name=\"twitter:label2\" content=\"Dur\u00e9e de lecture estim\u00e9e\" \/>\n\t<meta name=\"twitter:data2\" content=\"2 minutes\" \/>\n<script type=\"application\/ld+json\" class=\"yoast-schema-graph\">{\"@context\":\"https:\\\/\\\/schema.org\",\"@graph\":[{\"@type\":\"Article\",\"@id\":\"http:\\\/\\\/www.semen-l.org\\\/?p=3393#article\",\"isPartOf\":{\"@id\":\"http:\\\/\\\/www.semen-l.org\\\/?p=3393\"},\"author\":{\"name\":\"Julien Maudoux\",\"@id\":\"http:\\\/\\\/www.semen-l.org\\\/#\\\/schema\\\/person\\\/ef5208815f17666727763c5363a51344\"},\"headline\":\"Juan Luis Vives, De Savoir et enseigner, \u00e9d., trad., intr., notes Tristan Vigliano, Paris, Les Belles Lettres (coll. \u00ab Le miroir des humanistes \u00bb), 2013\",\"datePublished\":\"2015-10-22T18:45:15+00:00\",\"dateModified\":\"2024-02-22T18:49:33+00:00\",\"mainEntityOfPage\":{\"@id\":\"http:\\\/\\\/www.semen-l.org\\\/?p=3393\"},\"wordCount\":228,\"commentCount\":0,\"publisher\":{\"@id\":\"http:\\\/\\\/www.semen-l.org\\\/#organization\"},\"image\":{\"@id\":\"http:\\\/\\\/www.semen-l.org\\\/?p=3393#primaryimage\"},\"thumbnailUrl\":\"https:\\\/\\\/www.semen-l.org\\\/wp-content\\\/uploads\\\/2024\\\/02\\\/ddsee-bl-couv.jpg\",\"keywords\":[\"De causis corruptarum artium Liber (Juan Luis Vives)\",\"De disciplinis (Juan Luis Vives)\",\"\u00e9ducation\",\"p\u00e9dagogie\",\"trait\u00e9 d'\u00e9ducation\",\"Vives (Juan Luis)\"],\"articleSection\":[\"Recensions\"],\"inLanguage\":\"fr-FR\",\"potentialAction\":[{\"@type\":\"CommentAction\",\"name\":\"Comment\",\"target\":[\"http:\\\/\\\/www.semen-l.org\\\/?p=3393#respond\"]}]},{\"@type\":\"WebPage\",\"@id\":\"http:\\\/\\\/www.semen-l.org\\\/?p=3393\",\"url\":\"http:\\\/\\\/www.semen-l.org\\\/?p=3393\",\"name\":\"Juan Luis Vives, De Savoir et enseigner : recension SEMEN-L\",\"isPartOf\":{\"@id\":\"http:\\\/\\\/www.semen-l.org\\\/#website\"},\"primaryImageOfPage\":{\"@id\":\"http:\\\/\\\/www.semen-l.org\\\/?p=3393#primaryimage\"},\"image\":{\"@id\":\"http:\\\/\\\/www.semen-l.org\\\/?p=3393#primaryimage\"},\"thumbnailUrl\":\"https:\\\/\\\/www.semen-l.org\\\/wp-content\\\/uploads\\\/2024\\\/02\\\/ddsee-bl-couv.jpg\",\"datePublished\":\"2015-10-22T18:45:15+00:00\",\"dateModified\":\"2024-02-22T18:49:33+00:00\",\"description\":\"Juan Luis Vives, De Savoir et enseigner, \u00e9d., trad., intr., notes Tristan Vigliano, Paris, Les Belles Lettres, recension SEMEN-L\",\"breadcrumb\":{\"@id\":\"http:\\\/\\\/www.semen-l.org\\\/?p=3393#breadcrumb\"},\"inLanguage\":\"fr-FR\",\"potentialAction\":[{\"@type\":\"ReadAction\",\"target\":[\"http:\\\/\\\/www.semen-l.org\\\/?p=3393\"]}]},{\"@type\":\"ImageObject\",\"inLanguage\":\"fr-FR\",\"@id\":\"http:\\\/\\\/www.semen-l.org\\\/?p=3393#primaryimage\",\"url\":\"https:\\\/\\\/www.semen-l.org\\\/wp-content\\\/uploads\\\/2024\\\/02\\\/ddsee-bl-couv.jpg\",\"contentUrl\":\"https:\\\/\\\/www.semen-l.org\\\/wp-content\\\/uploads\\\/2024\\\/02\\\/ddsee-bl-couv.jpg\",\"width\":300,\"height\":447},{\"@type\":\"BreadcrumbList\",\"@id\":\"http:\\\/\\\/www.semen-l.org\\\/?p=3393#breadcrumb\",\"itemListElement\":[{\"@type\":\"ListItem\",\"position\":1,\"name\":\"Accueil\",\"item\":\"http:\\\/\\\/www.semen-l.org\\\/\"},{\"@type\":\"ListItem\",\"position\":2,\"name\":\"Juan Luis Vives, De Savoir et enseigner, \u00e9d., trad., intr., notes Tristan Vigliano, Paris, Les Belles Lettres (coll. \u00ab Le miroir des humanistes \u00bb), 2013\"}]},{\"@type\":\"WebSite\",\"@id\":\"http:\\\/\\\/www.semen-l.org\\\/#website\",\"url\":\"http:\\\/\\\/www.semen-l.org\\\/\",\"name\":\"Soci\u00e9t\u00e9 d'\u00c9tudes M\u00e9dio Et N\u00e9o-Latines\",\"description\":\"\",\"publisher\":{\"@id\":\"http:\\\/\\\/www.semen-l.org\\\/#organization\"},\"potentialAction\":[{\"@type\":\"SearchAction\",\"target\":{\"@type\":\"EntryPoint\",\"urlTemplate\":\"http:\\\/\\\/www.semen-l.org\\\/?s={search_term_string}\"},\"query-input\":{\"@type\":\"PropertyValueSpecification\",\"valueRequired\":true,\"valueName\":\"search_term_string\"}}],\"inLanguage\":\"fr-FR\"},{\"@type\":\"Organization\",\"@id\":\"http:\\\/\\\/www.semen-l.org\\\/#organization\",\"name\":\"Soci\u00e9t\u00e9 d'\u00e9tudes m\u00e9dio et n\u00e9o-latines\",\"url\":\"http:\\\/\\\/www.semen-l.org\\\/\",\"logo\":{\"@type\":\"ImageObject\",\"inLanguage\":\"fr-FR\",\"@id\":\"http:\\\/\\\/www.semen-l.org\\\/#\\\/schema\\\/logo\\\/image\\\/\",\"url\":\"http:\\\/\\\/www.semen-l.org\\\/wp-content\\\/uploads\\\/2020\\\/11\\\/logo-semenl.jpg\",\"contentUrl\":\"http:\\\/\\\/www.semen-l.org\\\/wp-content\\\/uploads\\\/2020\\\/11\\\/logo-semenl.jpg\",\"width\":408,\"height\":403,\"caption\":\"Soci\u00e9t\u00e9 d'\u00e9tudes m\u00e9dio et n\u00e9o-latines\"},\"image\":{\"@id\":\"http:\\\/\\\/www.semen-l.org\\\/#\\\/schema\\\/logo\\\/image\\\/\"},\"sameAs\":[\"https:\\\/\\\/www.facebook.com\\\/SEMENL2018\",\"https:\\\/\\\/independent.academia.edu\\\/SocitsdtudesmdioetnolatinesSEMENL\"]},{\"@type\":\"Person\",\"@id\":\"http:\\\/\\\/www.semen-l.org\\\/#\\\/schema\\\/person\\\/ef5208815f17666727763c5363a51344\",\"name\":\"Julien Maudoux\",\"image\":{\"@type\":\"ImageObject\",\"inLanguage\":\"fr-FR\",\"@id\":\"https:\\\/\\\/secure.gravatar.com\\\/avatar\\\/caabf4fb6242e2277733cd35a5c2aa083761ea25dae1d1ff3298b54292225292?s=96&d=mm&r=g\",\"url\":\"https:\\\/\\\/secure.gravatar.com\\\/avatar\\\/caabf4fb6242e2277733cd35a5c2aa083761ea25dae1d1ff3298b54292225292?s=96&d=mm&r=g\",\"contentUrl\":\"https:\\\/\\\/secure.gravatar.com\\\/avatar\\\/caabf4fb6242e2277733cd35a5c2aa083761ea25dae1d1ff3298b54292225292?s=96&d=mm&r=g\",\"caption\":\"Julien Maudoux\"},\"description\":\"Webmestre du site de la SEMEN-L\",\"url\":\"https:\\\/\\\/www.semen-l.org\\\/?author=26\"}]}<\/script>\n<!-- \/ Yoast SEO plugin. -->","yoast_head_json":{"title":"Juan Luis Vives, De Savoir et enseigner : recension SEMEN-L","description":"Juan Luis Vives, De Savoir et enseigner, \u00e9d., trad., intr., notes Tristan Vigliano, Paris, Les Belles Lettres, recension SEMEN-L","robots":{"index":"index","follow":"follow","max-snippet":"max-snippet:-1","max-image-preview":"max-image-preview:large","max-video-preview":"max-video-preview:-1"},"canonical":"http:\/\/www.semen-l.org\/?p=3393","og_locale":"fr_FR","og_type":"article","og_title":"Juan Luis Vives, De Savoir et enseigner : recension SEMEN-L","og_description":"Juan Luis Vives, De Savoir et enseigner, \u00e9d., trad., intr., notes Tristan Vigliano, Paris, Les Belles Lettres, recension SEMEN-L","og_url":"http:\/\/www.semen-l.org\/?p=3393","og_site_name":"Soci\u00e9t\u00e9 d&#039;\u00c9tudes M\u00e9dio Et N\u00e9o-Latines","article_publisher":"https:\/\/www.facebook.com\/SEMENL2018","article_published_time":"2015-10-22T18:45:15+00:00","article_modified_time":"2024-02-22T18:49:33+00:00","og_image":[{"width":300,"height":447,"url":"http:\/\/www.semen-l.org\/wp-content\/uploads\/2024\/02\/ddsee-bl-couv.jpg","type":"image\/jpeg"}],"author":"Julien Maudoux","twitter_card":"summary_large_image","twitter_misc":{"\u00c9crit par":"Julien Maudoux","Dur\u00e9e de lecture estim\u00e9e":"2 minutes"},"schema":{"@context":"https:\/\/schema.org","@graph":[{"@type":"Article","@id":"http:\/\/www.semen-l.org\/?p=3393#article","isPartOf":{"@id":"http:\/\/www.semen-l.org\/?p=3393"},"author":{"name":"Julien Maudoux","@id":"http:\/\/www.semen-l.org\/#\/schema\/person\/ef5208815f17666727763c5363a51344"},"headline":"Juan Luis Vives, De Savoir et enseigner, \u00e9d., trad., intr., notes Tristan Vigliano, Paris, Les Belles Lettres (coll. \u00ab Le miroir des humanistes \u00bb), 2013","datePublished":"2015-10-22T18:45:15+00:00","dateModified":"2024-02-22T18:49:33+00:00","mainEntityOfPage":{"@id":"http:\/\/www.semen-l.org\/?p=3393"},"wordCount":228,"commentCount":0,"publisher":{"@id":"http:\/\/www.semen-l.org\/#organization"},"image":{"@id":"http:\/\/www.semen-l.org\/?p=3393#primaryimage"},"thumbnailUrl":"https:\/\/www.semen-l.org\/wp-content\/uploads\/2024\/02\/ddsee-bl-couv.jpg","keywords":["De causis corruptarum artium Liber (Juan Luis Vives)","De disciplinis (Juan Luis Vives)","\u00e9ducation","p\u00e9dagogie","trait\u00e9 d'\u00e9ducation","Vives (Juan Luis)"],"articleSection":["Recensions"],"inLanguage":"fr-FR","potentialAction":[{"@type":"CommentAction","name":"Comment","target":["http:\/\/www.semen-l.org\/?p=3393#respond"]}]},{"@type":"WebPage","@id":"http:\/\/www.semen-l.org\/?p=3393","url":"http:\/\/www.semen-l.org\/?p=3393","name":"Juan Luis Vives, De Savoir et enseigner : recension SEMEN-L","isPartOf":{"@id":"http:\/\/www.semen-l.org\/#website"},"primaryImageOfPage":{"@id":"http:\/\/www.semen-l.org\/?p=3393#primaryimage"},"image":{"@id":"http:\/\/www.semen-l.org\/?p=3393#primaryimage"},"thumbnailUrl":"https:\/\/www.semen-l.org\/wp-content\/uploads\/2024\/02\/ddsee-bl-couv.jpg","datePublished":"2015-10-22T18:45:15+00:00","dateModified":"2024-02-22T18:49:33+00:00","description":"Juan Luis Vives, De Savoir et enseigner, \u00e9d., trad., intr., notes Tristan Vigliano, Paris, Les Belles Lettres, recension SEMEN-L","breadcrumb":{"@id":"http:\/\/www.semen-l.org\/?p=3393#breadcrumb"},"inLanguage":"fr-FR","potentialAction":[{"@type":"ReadAction","target":["http:\/\/www.semen-l.org\/?p=3393"]}]},{"@type":"ImageObject","inLanguage":"fr-FR","@id":"http:\/\/www.semen-l.org\/?p=3393#primaryimage","url":"https:\/\/www.semen-l.org\/wp-content\/uploads\/2024\/02\/ddsee-bl-couv.jpg","contentUrl":"https:\/\/www.semen-l.org\/wp-content\/uploads\/2024\/02\/ddsee-bl-couv.jpg","width":300,"height":447},{"@type":"BreadcrumbList","@id":"http:\/\/www.semen-l.org\/?p=3393#breadcrumb","itemListElement":[{"@type":"ListItem","position":1,"name":"Accueil","item":"http:\/\/www.semen-l.org\/"},{"@type":"ListItem","position":2,"name":"Juan Luis Vives, De Savoir et enseigner, \u00e9d., trad., intr., notes Tristan Vigliano, Paris, Les Belles Lettres (coll. \u00ab Le miroir des humanistes \u00bb), 2013"}]},{"@type":"WebSite","@id":"http:\/\/www.semen-l.org\/#website","url":"http:\/\/www.semen-l.org\/","name":"Soci\u00e9t\u00e9 d'\u00c9tudes M\u00e9dio Et N\u00e9o-Latines","description":"","publisher":{"@id":"http:\/\/www.semen-l.org\/#organization"},"potentialAction":[{"@type":"SearchAction","target":{"@type":"EntryPoint","urlTemplate":"http:\/\/www.semen-l.org\/?s={search_term_string}"},"query-input":{"@type":"PropertyValueSpecification","valueRequired":true,"valueName":"search_term_string"}}],"inLanguage":"fr-FR"},{"@type":"Organization","@id":"http:\/\/www.semen-l.org\/#organization","name":"Soci\u00e9t\u00e9 d'\u00e9tudes m\u00e9dio et n\u00e9o-latines","url":"http:\/\/www.semen-l.org\/","logo":{"@type":"ImageObject","inLanguage":"fr-FR","@id":"http:\/\/www.semen-l.org\/#\/schema\/logo\/image\/","url":"http:\/\/www.semen-l.org\/wp-content\/uploads\/2020\/11\/logo-semenl.jpg","contentUrl":"http:\/\/www.semen-l.org\/wp-content\/uploads\/2020\/11\/logo-semenl.jpg","width":408,"height":403,"caption":"Soci\u00e9t\u00e9 d'\u00e9tudes m\u00e9dio et n\u00e9o-latines"},"image":{"@id":"http:\/\/www.semen-l.org\/#\/schema\/logo\/image\/"},"sameAs":["https:\/\/www.facebook.com\/SEMENL2018","https:\/\/independent.academia.edu\/SocitsdtudesmdioetnolatinesSEMENL"]},{"@type":"Person","@id":"http:\/\/www.semen-l.org\/#\/schema\/person\/ef5208815f17666727763c5363a51344","name":"Julien Maudoux","image":{"@type":"ImageObject","inLanguage":"fr-FR","@id":"https:\/\/secure.gravatar.com\/avatar\/caabf4fb6242e2277733cd35a5c2aa083761ea25dae1d1ff3298b54292225292?s=96&d=mm&r=g","url":"https:\/\/secure.gravatar.com\/avatar\/caabf4fb6242e2277733cd35a5c2aa083761ea25dae1d1ff3298b54292225292?s=96&d=mm&r=g","contentUrl":"https:\/\/secure.gravatar.com\/avatar\/caabf4fb6242e2277733cd35a5c2aa083761ea25dae1d1ff3298b54292225292?s=96&d=mm&r=g","caption":"Julien Maudoux"},"description":"Webmestre du site de la SEMEN-L","url":"https:\/\/www.semen-l.org\/?author=26"}]}},"jetpack_featured_media_url":"https:\/\/www.semen-l.org\/wp-content\/uploads\/2024\/02\/ddsee-bl-couv.jpg","_links":{"self":[{"href":"https:\/\/www.semen-l.org\/index.php?rest_route=\/wp\/v2\/posts\/3393","targetHints":{"allow":["GET"]}}],"collection":[{"href":"https:\/\/www.semen-l.org\/index.php?rest_route=\/wp\/v2\/posts"}],"about":[{"href":"https:\/\/www.semen-l.org\/index.php?rest_route=\/wp\/v2\/types\/post"}],"author":[{"embeddable":true,"href":"https:\/\/www.semen-l.org\/index.php?rest_route=\/wp\/v2\/users\/26"}],"replies":[{"embeddable":true,"href":"https:\/\/www.semen-l.org\/index.php?rest_route=%2Fwp%2Fv2%2Fcomments&post=3393"}],"version-history":[{"count":0,"href":"https:\/\/www.semen-l.org\/index.php?rest_route=\/wp\/v2\/posts\/3393\/revisions"}],"wp:featuredmedia":[{"embeddable":true,"href":"https:\/\/www.semen-l.org\/index.php?rest_route=\/wp\/v2\/media\/3394"}],"wp:attachment":[{"href":"https:\/\/www.semen-l.org\/index.php?rest_route=%2Fwp%2Fv2%2Fmedia&parent=3393"}],"wp:term":[{"taxonomy":"category","embeddable":true,"href":"https:\/\/www.semen-l.org\/index.php?rest_route=%2Fwp%2Fv2%2Fcategories&post=3393"},{"taxonomy":"post_tag","embeddable":true,"href":"https:\/\/www.semen-l.org\/index.php?rest_route=%2Fwp%2Fv2%2Ftags&post=3393"}],"curies":[{"name":"wp","href":"https:\/\/api.w.org\/{rel}","templated":true}]}}