{"id":3363,"date":"2016-10-21T23:40:16","date_gmt":"2016-10-21T23:40:16","guid":{"rendered":"https:\/\/www.semen-l.org\/?p=3363"},"modified":"2024-02-21T23:44:17","modified_gmt":"2024-02-21T23:44:17","slug":"andrea-severi-filippo-beroaldo-il-vecchio-un-maestro-per-leuropa-da-commentatore-di-classici-a-classico-moderno-1481-1550-bologne-il-mulino-2015-olivier-pedeflous","status":"publish","type":"post","link":"https:\/\/www.semen-l.org\/?p=3363","title":{"rendered":"Andrea Severi, Filippo Beroaldo il Vecchio un maestro per l\u2019Europa. Da commentatore di classici a classico moderno (1481-1550), Bologne, Il Mulino, 2015. (Olivier P\u00e9deflous)"},"content":{"rendered":"<p><strong>Andrea Severi, <em>Filippo Beroaldo il Vecchio un maestro per l\u2019Europa. Da commentatore di classici a classico moderno (1481-1550), <\/em>Bologne, Il Mulino, 2015. 416 p.<a href=\"https:\/\/www.mulino.it\/isbn\/9788815260116\"><img fetchpriority=\"high\" decoding=\"async\" class=\"alignright size-medium wp-image-3364\" src=\"http:\/\/www.semen-l.org\/wp-content\/uploads\/2024\/02\/beroaldovm-couv-194x300.jpg\" alt=\"\" width=\"194\" height=\"300\" srcset=\"https:\/\/www.semen-l.org\/wp-content\/uploads\/2024\/02\/beroaldovm-couv-194x300.jpg 194w, https:\/\/www.semen-l.org\/wp-content\/uploads\/2024\/02\/beroaldovm-couv-130x200.jpg 130w, https:\/\/www.semen-l.org\/wp-content\/uploads\/2024\/02\/beroaldovm-couv.jpg 280w\" sizes=\"(max-width: 194px) 100vw, 194px\" \/><\/a><\/strong><\/p>\n<p>Ce volume offre une belle contribution d\u2019\u00e9tude de r\u00e9ception europ\u00e9enne, non seulement le c\u00e9l\u00e8bre commentaire \u00e0 <em>l\u2019\u00c2ne d\u2019or <\/em>mais aussi la litt\u00e9rature morale sortie de la plume de B\u00e9roalde. Ce travail monstre le magist\u00e8re de B\u00e9roalde, qui a form\u00e9 \u00e0 Bologne nombre d\u2019\u00e9tudiants \u00e9trangers qui ont rapport\u00e9 sa science et sa m\u00e9thode dans leur pays. L\u2019ouvrage est fond\u00e9 sur un recensement provisoire tr\u00e8s pr\u00e9cieux des manuscrits contenant des \u0153uvres de B\u00e9roalde, le philologue, le correspondant, le pan\u00e9gyriste en particulier. Il s\u2019int\u00e9resse aussi au portrait de l\u2019humanisme italien \u00e0\u00a0l\u2019\u00e9tranger qui en ressort, en particulier la transmission des sp\u00e9cificit\u00e9s de l\u2019\u00e9cole bolonaise que celui-ci a contribu\u00e9 \u00e0 cr\u00e9er.<\/p>\n<p><strong>Olivier P\u00e9deflous<\/strong><\/p>\n<p>Cette recension a \u00e9t\u00e9 publi\u00e9e dans le<a href=\"https:\/\/www.semen-l.org\/?p=393\"> Bulletin de liaison n\u00b014 (2016) de la SEMEN-L<\/a> (p. 21).<\/p>\n","protected":false},"excerpt":{"rendered":"<p>Andrea Severi, Filippo Beroaldo il Vecchio un maestro per l\u2019Europa. Da commentatore di classici a classico moderno (1481-1550), Bologne, Il Mulino, 2015. 416 p. Ce volume offre une belle contribution d\u2019\u00e9tude de r\u00e9ception europ\u00e9enne, non seulement le c\u00e9l\u00e8bre commentaire \u00e0 &hellip; <a href=\"https:\/\/www.semen-l.org\/?p=3363\">Continuer la lecture <span class=\"meta-nav\">&rarr;<\/span><\/a><\/p>\n","protected":false},"author":26,"featured_media":3364,"comment_status":"open","ping_status":"open","sticky":false,"template":"","format":"standard","meta":{"footnotes":""},"categories":[1825],"tags":[1899,1748,81,144,1349,159,692],"class_list":["post-3363","post","type-post","status-publish","format-standard","has-post-thumbnail","hentry","category-recensions","tag-beroalde-philippe","tag-bologne","tag-commentaire","tag-humanisme","tag-italie","tag-manuscrit","tag-philologie"],"yoast_head":"<!-- This site is optimized with the Yoast SEO plugin v27.5 - https:\/\/yoast.com\/product\/yoast-seo-wordpress\/ -->\n<title>Andrea Severi, Filippo Beroaldo il Vecchio un maestro per l\u2019Europa<\/title>\n<meta name=\"description\" content=\"Recension par la SEMEN-L de l&#039;ouvrage d&#039;Andrea Severi, Filippo Beroaldo il Vecchio un maestro per l\u2019Europa.\" \/>\n<meta name=\"robots\" content=\"index, follow, max-snippet:-1, max-image-preview:large, max-video-preview:-1\" \/>\n<link rel=\"canonical\" href=\"http:\/\/www.semen-l.org\/?p=3363\" \/>\n<meta property=\"og:locale\" content=\"fr_FR\" \/>\n<meta property=\"og:type\" content=\"article\" \/>\n<meta property=\"og:title\" content=\"Andrea Severi, Filippo Beroaldo il Vecchio un maestro per l\u2019Europa\" \/>\n<meta property=\"og:description\" content=\"Recension par la SEMEN-L de l&#039;ouvrage d&#039;Andrea Severi, Filippo Beroaldo il Vecchio un maestro per l\u2019Europa.\" \/>\n<meta property=\"og:url\" content=\"http:\/\/www.semen-l.org\/?p=3363\" \/>\n<meta property=\"og:site_name\" content=\"Soci\u00e9t\u00e9 d&#039;\u00c9tudes M\u00e9dio Et N\u00e9o-Latines\" \/>\n<meta property=\"article:publisher\" content=\"https:\/\/www.facebook.com\/SEMENL2018\" \/>\n<meta property=\"article:published_time\" content=\"2016-10-21T23:40:16+00:00\" \/>\n<meta property=\"article:modified_time\" content=\"2024-02-21T23:44:17+00:00\" \/>\n<meta property=\"og:image\" content=\"http:\/\/www.semen-l.org\/wp-content\/uploads\/2024\/02\/beroaldovm-couv.jpg\" \/>\n\t<meta property=\"og:image:width\" content=\"280\" \/>\n\t<meta property=\"og:image:height\" content=\"432\" \/>\n\t<meta property=\"og:image:type\" content=\"image\/jpeg\" \/>\n<meta name=\"author\" content=\"Julien Maudoux\" \/>\n<meta name=\"twitter:card\" content=\"summary_large_image\" \/>\n<meta name=\"twitter:label1\" content=\"\u00c9crit par\" \/>\n\t<meta name=\"twitter:data1\" content=\"Julien Maudoux\" \/>\n\t<meta name=\"twitter:label2\" content=\"Dur\u00e9e de lecture estim\u00e9e\" \/>\n\t<meta name=\"twitter:data2\" content=\"2 minutes\" \/>\n<script type=\"application\/ld+json\" class=\"yoast-schema-graph\">{\"@context\":\"https:\\\/\\\/schema.org\",\"@graph\":[{\"@type\":\"Article\",\"@id\":\"http:\\\/\\\/www.semen-l.org\\\/?p=3363#article\",\"isPartOf\":{\"@id\":\"http:\\\/\\\/www.semen-l.org\\\/?p=3363\"},\"author\":{\"name\":\"Julien Maudoux\",\"@id\":\"http:\\\/\\\/www.semen-l.org\\\/#\\\/schema\\\/person\\\/ef5208815f17666727763c5363a51344\"},\"headline\":\"Andrea Severi, Filippo Beroaldo il Vecchio un maestro per l\u2019Europa. Da commentatore di classici a classico moderno (1481-1550), Bologne, Il Mulino, 2015. (Olivier P\u00e9deflous)\",\"datePublished\":\"2016-10-21T23:40:16+00:00\",\"dateModified\":\"2024-02-21T23:44:17+00:00\",\"mainEntityOfPage\":{\"@id\":\"http:\\\/\\\/www.semen-l.org\\\/?p=3363\"},\"wordCount\":196,\"commentCount\":0,\"publisher\":{\"@id\":\"http:\\\/\\\/www.semen-l.org\\\/#organization\"},\"image\":{\"@id\":\"http:\\\/\\\/www.semen-l.org\\\/?p=3363#primaryimage\"},\"thumbnailUrl\":\"https:\\\/\\\/www.semen-l.org\\\/wp-content\\\/uploads\\\/2024\\\/02\\\/beroaldovm-couv.jpg\",\"keywords\":[\"B\u00e9roalde (Philippe)\",\"Bologne\",\"commentaire\",\"humanisme\",\"Italie\",\"manuscrit\",\"philologie\"],\"articleSection\":[\"Recensions\"],\"inLanguage\":\"fr-FR\",\"potentialAction\":[{\"@type\":\"CommentAction\",\"name\":\"Comment\",\"target\":[\"http:\\\/\\\/www.semen-l.org\\\/?p=3363#respond\"]}]},{\"@type\":\"WebPage\",\"@id\":\"http:\\\/\\\/www.semen-l.org\\\/?p=3363\",\"url\":\"http:\\\/\\\/www.semen-l.org\\\/?p=3363\",\"name\":\"Andrea Severi, Filippo Beroaldo il Vecchio un maestro per l\u2019Europa\",\"isPartOf\":{\"@id\":\"http:\\\/\\\/www.semen-l.org\\\/#website\"},\"primaryImageOfPage\":{\"@id\":\"http:\\\/\\\/www.semen-l.org\\\/?p=3363#primaryimage\"},\"image\":{\"@id\":\"http:\\\/\\\/www.semen-l.org\\\/?p=3363#primaryimage\"},\"thumbnailUrl\":\"https:\\\/\\\/www.semen-l.org\\\/wp-content\\\/uploads\\\/2024\\\/02\\\/beroaldovm-couv.jpg\",\"datePublished\":\"2016-10-21T23:40:16+00:00\",\"dateModified\":\"2024-02-21T23:44:17+00:00\",\"description\":\"Recension par la SEMEN-L de l'ouvrage d'Andrea Severi, Filippo Beroaldo il Vecchio un maestro per l\u2019Europa.\",\"breadcrumb\":{\"@id\":\"http:\\\/\\\/www.semen-l.org\\\/?p=3363#breadcrumb\"},\"inLanguage\":\"fr-FR\",\"potentialAction\":[{\"@type\":\"ReadAction\",\"target\":[\"http:\\\/\\\/www.semen-l.org\\\/?p=3363\"]}]},{\"@type\":\"ImageObject\",\"inLanguage\":\"fr-FR\",\"@id\":\"http:\\\/\\\/www.semen-l.org\\\/?p=3363#primaryimage\",\"url\":\"https:\\\/\\\/www.semen-l.org\\\/wp-content\\\/uploads\\\/2024\\\/02\\\/beroaldovm-couv.jpg\",\"contentUrl\":\"https:\\\/\\\/www.semen-l.org\\\/wp-content\\\/uploads\\\/2024\\\/02\\\/beroaldovm-couv.jpg\",\"width\":280,\"height\":432},{\"@type\":\"BreadcrumbList\",\"@id\":\"http:\\\/\\\/www.semen-l.org\\\/?p=3363#breadcrumb\",\"itemListElement\":[{\"@type\":\"ListItem\",\"position\":1,\"name\":\"Accueil\",\"item\":\"http:\\\/\\\/www.semen-l.org\\\/\"},{\"@type\":\"ListItem\",\"position\":2,\"name\":\"Andrea Severi, Filippo Beroaldo il Vecchio un maestro per l\u2019Europa. Da commentatore di classici a classico moderno (1481-1550), Bologne, Il Mulino, 2015. (Olivier P\u00e9deflous)\"}]},{\"@type\":\"WebSite\",\"@id\":\"http:\\\/\\\/www.semen-l.org\\\/#website\",\"url\":\"http:\\\/\\\/www.semen-l.org\\\/\",\"name\":\"Soci\u00e9t\u00e9 d'\u00c9tudes M\u00e9dio Et N\u00e9o-Latines\",\"description\":\"\",\"publisher\":{\"@id\":\"http:\\\/\\\/www.semen-l.org\\\/#organization\"},\"potentialAction\":[{\"@type\":\"SearchAction\",\"target\":{\"@type\":\"EntryPoint\",\"urlTemplate\":\"http:\\\/\\\/www.semen-l.org\\\/?s={search_term_string}\"},\"query-input\":{\"@type\":\"PropertyValueSpecification\",\"valueRequired\":true,\"valueName\":\"search_term_string\"}}],\"inLanguage\":\"fr-FR\"},{\"@type\":\"Organization\",\"@id\":\"http:\\\/\\\/www.semen-l.org\\\/#organization\",\"name\":\"Soci\u00e9t\u00e9 d'\u00e9tudes m\u00e9dio et n\u00e9o-latines\",\"url\":\"http:\\\/\\\/www.semen-l.org\\\/\",\"logo\":{\"@type\":\"ImageObject\",\"inLanguage\":\"fr-FR\",\"@id\":\"http:\\\/\\\/www.semen-l.org\\\/#\\\/schema\\\/logo\\\/image\\\/\",\"url\":\"http:\\\/\\\/www.semen-l.org\\\/wp-content\\\/uploads\\\/2020\\\/11\\\/logo-semenl.jpg\",\"contentUrl\":\"http:\\\/\\\/www.semen-l.org\\\/wp-content\\\/uploads\\\/2020\\\/11\\\/logo-semenl.jpg\",\"width\":408,\"height\":403,\"caption\":\"Soci\u00e9t\u00e9 d'\u00e9tudes m\u00e9dio et n\u00e9o-latines\"},\"image\":{\"@id\":\"http:\\\/\\\/www.semen-l.org\\\/#\\\/schema\\\/logo\\\/image\\\/\"},\"sameAs\":[\"https:\\\/\\\/www.facebook.com\\\/SEMENL2018\",\"https:\\\/\\\/independent.academia.edu\\\/SocitsdtudesmdioetnolatinesSEMENL\"]},{\"@type\":\"Person\",\"@id\":\"http:\\\/\\\/www.semen-l.org\\\/#\\\/schema\\\/person\\\/ef5208815f17666727763c5363a51344\",\"name\":\"Julien Maudoux\",\"image\":{\"@type\":\"ImageObject\",\"inLanguage\":\"fr-FR\",\"@id\":\"https:\\\/\\\/secure.gravatar.com\\\/avatar\\\/caabf4fb6242e2277733cd35a5c2aa083761ea25dae1d1ff3298b54292225292?s=96&d=mm&r=g\",\"url\":\"https:\\\/\\\/secure.gravatar.com\\\/avatar\\\/caabf4fb6242e2277733cd35a5c2aa083761ea25dae1d1ff3298b54292225292?s=96&d=mm&r=g\",\"contentUrl\":\"https:\\\/\\\/secure.gravatar.com\\\/avatar\\\/caabf4fb6242e2277733cd35a5c2aa083761ea25dae1d1ff3298b54292225292?s=96&d=mm&r=g\",\"caption\":\"Julien Maudoux\"},\"description\":\"Webmestre du site de la SEMEN-L\",\"url\":\"https:\\\/\\\/www.semen-l.org\\\/?author=26\"}]}<\/script>\n<!-- \/ Yoast SEO plugin. -->","yoast_head_json":{"title":"Andrea Severi, Filippo Beroaldo il Vecchio un maestro per l\u2019Europa","description":"Recension par la SEMEN-L de l'ouvrage d'Andrea Severi, Filippo Beroaldo il Vecchio un maestro per l\u2019Europa.","robots":{"index":"index","follow":"follow","max-snippet":"max-snippet:-1","max-image-preview":"max-image-preview:large","max-video-preview":"max-video-preview:-1"},"canonical":"http:\/\/www.semen-l.org\/?p=3363","og_locale":"fr_FR","og_type":"article","og_title":"Andrea Severi, Filippo Beroaldo il Vecchio un maestro per l\u2019Europa","og_description":"Recension par la SEMEN-L de l'ouvrage d'Andrea Severi, Filippo Beroaldo il Vecchio un maestro per l\u2019Europa.","og_url":"http:\/\/www.semen-l.org\/?p=3363","og_site_name":"Soci\u00e9t\u00e9 d&#039;\u00c9tudes M\u00e9dio Et N\u00e9o-Latines","article_publisher":"https:\/\/www.facebook.com\/SEMENL2018","article_published_time":"2016-10-21T23:40:16+00:00","article_modified_time":"2024-02-21T23:44:17+00:00","og_image":[{"width":280,"height":432,"url":"http:\/\/www.semen-l.org\/wp-content\/uploads\/2024\/02\/beroaldovm-couv.jpg","type":"image\/jpeg"}],"author":"Julien Maudoux","twitter_card":"summary_large_image","twitter_misc":{"\u00c9crit par":"Julien Maudoux","Dur\u00e9e de lecture estim\u00e9e":"2 minutes"},"schema":{"@context":"https:\/\/schema.org","@graph":[{"@type":"Article","@id":"http:\/\/www.semen-l.org\/?p=3363#article","isPartOf":{"@id":"http:\/\/www.semen-l.org\/?p=3363"},"author":{"name":"Julien Maudoux","@id":"http:\/\/www.semen-l.org\/#\/schema\/person\/ef5208815f17666727763c5363a51344"},"headline":"Andrea Severi, Filippo Beroaldo il Vecchio un maestro per l\u2019Europa. Da commentatore di classici a classico moderno (1481-1550), Bologne, Il Mulino, 2015. (Olivier P\u00e9deflous)","datePublished":"2016-10-21T23:40:16+00:00","dateModified":"2024-02-21T23:44:17+00:00","mainEntityOfPage":{"@id":"http:\/\/www.semen-l.org\/?p=3363"},"wordCount":196,"commentCount":0,"publisher":{"@id":"http:\/\/www.semen-l.org\/#organization"},"image":{"@id":"http:\/\/www.semen-l.org\/?p=3363#primaryimage"},"thumbnailUrl":"https:\/\/www.semen-l.org\/wp-content\/uploads\/2024\/02\/beroaldovm-couv.jpg","keywords":["B\u00e9roalde (Philippe)","Bologne","commentaire","humanisme","Italie","manuscrit","philologie"],"articleSection":["Recensions"],"inLanguage":"fr-FR","potentialAction":[{"@type":"CommentAction","name":"Comment","target":["http:\/\/www.semen-l.org\/?p=3363#respond"]}]},{"@type":"WebPage","@id":"http:\/\/www.semen-l.org\/?p=3363","url":"http:\/\/www.semen-l.org\/?p=3363","name":"Andrea Severi, Filippo Beroaldo il Vecchio un maestro per l\u2019Europa","isPartOf":{"@id":"http:\/\/www.semen-l.org\/#website"},"primaryImageOfPage":{"@id":"http:\/\/www.semen-l.org\/?p=3363#primaryimage"},"image":{"@id":"http:\/\/www.semen-l.org\/?p=3363#primaryimage"},"thumbnailUrl":"https:\/\/www.semen-l.org\/wp-content\/uploads\/2024\/02\/beroaldovm-couv.jpg","datePublished":"2016-10-21T23:40:16+00:00","dateModified":"2024-02-21T23:44:17+00:00","description":"Recension par la SEMEN-L de l'ouvrage d'Andrea Severi, Filippo Beroaldo il Vecchio un maestro per l\u2019Europa.","breadcrumb":{"@id":"http:\/\/www.semen-l.org\/?p=3363#breadcrumb"},"inLanguage":"fr-FR","potentialAction":[{"@type":"ReadAction","target":["http:\/\/www.semen-l.org\/?p=3363"]}]},{"@type":"ImageObject","inLanguage":"fr-FR","@id":"http:\/\/www.semen-l.org\/?p=3363#primaryimage","url":"https:\/\/www.semen-l.org\/wp-content\/uploads\/2024\/02\/beroaldovm-couv.jpg","contentUrl":"https:\/\/www.semen-l.org\/wp-content\/uploads\/2024\/02\/beroaldovm-couv.jpg","width":280,"height":432},{"@type":"BreadcrumbList","@id":"http:\/\/www.semen-l.org\/?p=3363#breadcrumb","itemListElement":[{"@type":"ListItem","position":1,"name":"Accueil","item":"http:\/\/www.semen-l.org\/"},{"@type":"ListItem","position":2,"name":"Andrea Severi, Filippo Beroaldo il Vecchio un maestro per l\u2019Europa. Da commentatore di classici a classico moderno (1481-1550), Bologne, Il Mulino, 2015. (Olivier P\u00e9deflous)"}]},{"@type":"WebSite","@id":"http:\/\/www.semen-l.org\/#website","url":"http:\/\/www.semen-l.org\/","name":"Soci\u00e9t\u00e9 d'\u00c9tudes M\u00e9dio Et N\u00e9o-Latines","description":"","publisher":{"@id":"http:\/\/www.semen-l.org\/#organization"},"potentialAction":[{"@type":"SearchAction","target":{"@type":"EntryPoint","urlTemplate":"http:\/\/www.semen-l.org\/?s={search_term_string}"},"query-input":{"@type":"PropertyValueSpecification","valueRequired":true,"valueName":"search_term_string"}}],"inLanguage":"fr-FR"},{"@type":"Organization","@id":"http:\/\/www.semen-l.org\/#organization","name":"Soci\u00e9t\u00e9 d'\u00e9tudes m\u00e9dio et n\u00e9o-latines","url":"http:\/\/www.semen-l.org\/","logo":{"@type":"ImageObject","inLanguage":"fr-FR","@id":"http:\/\/www.semen-l.org\/#\/schema\/logo\/image\/","url":"http:\/\/www.semen-l.org\/wp-content\/uploads\/2020\/11\/logo-semenl.jpg","contentUrl":"http:\/\/www.semen-l.org\/wp-content\/uploads\/2020\/11\/logo-semenl.jpg","width":408,"height":403,"caption":"Soci\u00e9t\u00e9 d'\u00e9tudes m\u00e9dio et n\u00e9o-latines"},"image":{"@id":"http:\/\/www.semen-l.org\/#\/schema\/logo\/image\/"},"sameAs":["https:\/\/www.facebook.com\/SEMENL2018","https:\/\/independent.academia.edu\/SocitsdtudesmdioetnolatinesSEMENL"]},{"@type":"Person","@id":"http:\/\/www.semen-l.org\/#\/schema\/person\/ef5208815f17666727763c5363a51344","name":"Julien Maudoux","image":{"@type":"ImageObject","inLanguage":"fr-FR","@id":"https:\/\/secure.gravatar.com\/avatar\/caabf4fb6242e2277733cd35a5c2aa083761ea25dae1d1ff3298b54292225292?s=96&d=mm&r=g","url":"https:\/\/secure.gravatar.com\/avatar\/caabf4fb6242e2277733cd35a5c2aa083761ea25dae1d1ff3298b54292225292?s=96&d=mm&r=g","contentUrl":"https:\/\/secure.gravatar.com\/avatar\/caabf4fb6242e2277733cd35a5c2aa083761ea25dae1d1ff3298b54292225292?s=96&d=mm&r=g","caption":"Julien Maudoux"},"description":"Webmestre du site de la SEMEN-L","url":"https:\/\/www.semen-l.org\/?author=26"}]}},"jetpack_featured_media_url":"https:\/\/www.semen-l.org\/wp-content\/uploads\/2024\/02\/beroaldovm-couv.jpg","_links":{"self":[{"href":"https:\/\/www.semen-l.org\/index.php?rest_route=\/wp\/v2\/posts\/3363","targetHints":{"allow":["GET"]}}],"collection":[{"href":"https:\/\/www.semen-l.org\/index.php?rest_route=\/wp\/v2\/posts"}],"about":[{"href":"https:\/\/www.semen-l.org\/index.php?rest_route=\/wp\/v2\/types\/post"}],"author":[{"embeddable":true,"href":"https:\/\/www.semen-l.org\/index.php?rest_route=\/wp\/v2\/users\/26"}],"replies":[{"embeddable":true,"href":"https:\/\/www.semen-l.org\/index.php?rest_route=%2Fwp%2Fv2%2Fcomments&post=3363"}],"version-history":[{"count":0,"href":"https:\/\/www.semen-l.org\/index.php?rest_route=\/wp\/v2\/posts\/3363\/revisions"}],"wp:featuredmedia":[{"embeddable":true,"href":"https:\/\/www.semen-l.org\/index.php?rest_route=\/wp\/v2\/media\/3364"}],"wp:attachment":[{"href":"https:\/\/www.semen-l.org\/index.php?rest_route=%2Fwp%2Fv2%2Fmedia&parent=3363"}],"wp:term":[{"taxonomy":"category","embeddable":true,"href":"https:\/\/www.semen-l.org\/index.php?rest_route=%2Fwp%2Fv2%2Fcategories&post=3363"},{"taxonomy":"post_tag","embeddable":true,"href":"https:\/\/www.semen-l.org\/index.php?rest_route=%2Fwp%2Fv2%2Ftags&post=3363"}],"curies":[{"name":"wp","href":"https:\/\/api.w.org\/{rel}","templated":true}]}}