{"id":3360,"date":"2016-10-21T23:28:28","date_gmt":"2016-10-21T23:28:28","guid":{"rendered":"https:\/\/www.semen-l.org\/?p=3360"},"modified":"2024-02-21T23:39:58","modified_gmt":"2024-02-21T23:39:58","slug":"les-labyrinthes-de-lesprit-collections-et-bibliotheques-a-la-renaissance-renaissance-libraries-and-collections-sous-la-direction-de-rosanna-gorris-camos-alexandre-vanautgaerden","status":"publish","type":"post","link":"https:\/\/www.semen-l.org\/?p=3360","title":{"rendered":"Les Labyrinthes de l\u2019esprit. Collections et biblioth\u00e8ques \u00e0 la Renaissance \u2013 Renaissance libraries and collections, sous la direction de Rosanna Gorris Camos &#038; Alexandre Vanautgaerden, Gen\u00e8ve, Biblioth\u00e8que de Gen\u00e8ve-Droz, 2015. (Olivier P\u00e9deflous)"},"content":{"rendered":"<p><strong><em>Les Labyrinthes de l\u2019esprit. Collections et biblioth\u00e8ques \u00e0 la Renaissance \u2013 Renaissance libraries and collections<\/em>, sous la direction de Rosanna Gorris Camos &amp; Alexandre Vanautgaerden, Gen\u00e8ve, Biblioth\u00e8que de Gen\u00e8ve-Droz, 2015, 673 p.<a href=\"https:\/\/www.droz.org\/europe\/product\/9782600019095\"><img fetchpriority=\"high\" decoding=\"async\" class=\"alignright size-medium wp-image-3361\" src=\"http:\/\/www.semen-l.org\/wp-content\/uploads\/2024\/02\/labyrinthes-bib-couv-217x300.jpg\" alt=\"\" width=\"217\" height=\"300\" srcset=\"https:\/\/www.semen-l.org\/wp-content\/uploads\/2024\/02\/labyrinthes-bib-couv-217x300.jpg 217w, https:\/\/www.semen-l.org\/wp-content\/uploads\/2024\/02\/labyrinthes-bib-couv-145x200.jpg 145w, https:\/\/www.semen-l.org\/wp-content\/uploads\/2024\/02\/labyrinthes-bib-couv.jpg 304w\" sizes=\"(max-width: 217px) 100vw, 217px\" \/><\/a><\/strong><\/p>\n<p>Ce volume rassemble 19 contributions sur les biblioth\u00e8ques de la Renaissance, autour de l\u2019axe franco-italien, \u00e0 l\u2019initiative de la FISIER. Les contributions de ce volume sont souvent l\u2019occasion de reprendre les dossiers de reconstitutions de biblioth\u00e8ques importantes, celles de Fran\u00e7ois Rasse des Neux et Desportes par Jeanne Veyrin-Forrer et Isabelle de Conihout, ou plus anciennement les travaux d\u2019Abel Lefranc et Pierre Villey pour Rabelais et Montaigne. Les manuscrits et imprim\u00e9s de ces biblioth\u00e8ques sont \u00e0 dominante latine. Le volume s\u2019ouvre sur la naissance de biblioth\u00e8que : la contribution d\u2019Harald Hendrix sur l\u2019aspect mat\u00e9riel des lieux de conservation des livres en Italie (villas, mus\u00e9es) donne une int\u00e9ressante mise en espace des livres, tandis que Pierre Delsaerdt analyse les d\u00e9buts de la biblioth\u00e8que publique d\u2019Anvers (1608-1609) \u00e0 l\u2019ombre de l\u2019Ambrosiana. Claude La Charit\u00e9 fait le point sur la biblioth\u00e8que hippocratique de Rabelais, Romain Menini sur son \u00ab dernier Plutarque \u00bb. Celle de Montaigne, rassemble, parfois en plusieurs \u00e9ditions, les classiques, Plutarque, C\u00e9sar, T\u00e9rence, en latin et grec. On compte 101 unit\u00e9s bibliographiques aujourd\u2019hui localis\u00e9es (sur un total approximatif de 1000 volumes) (voir I de Smet, A. Legros ; voir aussi B. Pistilli, M. Sgattoni, M-.L Demonet). Les \u00ab biblioth\u00e8ques encyclop\u00e9diques \u00bb de la deuxi\u00e8me moiti\u00e9 du XVIe si\u00e8cle sont largement \u00e9tudi\u00e9es. Gian Vincenzo Pinelli poss\u00e9dait un imposant massif de 700 manuscrits (sur un total de 9013 unit\u00e9s), domin\u00e9 largement par le latin dont au moins trois manuscrits de la famille Bembo \u00e0 l\u2019Ambrosiana. I. de Smet approfondit le dossier de la biblioth\u00e8que de Thou (6000 unit\u00e9s, correspondant sans doute \u00e0 9000 titres. David Lines s\u2019attache \u00e0 reconstituer sur inventaire la biblioth\u00e8que aristot\u00e9licienne d\u2019Aldrovandi. Pour Philippe Desportes, dont I. de Conihout a rep\u00e9r\u00e9 une quarantaine de manuscrits, F. Rouget ajoute plusieurs volumes importants. D. Bja\u00ef \u00e9tudie la biblioth\u00e8que d\u2019Etienne Pasquier, essentiellement \u00e0 partir de sa correspondance. L\u2019\u00e9tude d\u2019Eva del Soldato sur les biblioth\u00e8ques de Simone Porzio et Benedetto Varchi se veut un examen des cas de biblioth\u00e8ques \u00e9vanouies. \u00c0 l\u2019exception de la biblioth\u00e8que de Pinelli, hors normes, c\u2019est en milieu courtisan, \u00e0 la cour de Savoie, que le manuscrit est le mieux attest\u00e9 comme en t\u00e9moigne l\u2019\u00e9tude de R. Gorris sur les livres rescap\u00e9s et perdus dans l\u2019incendie de la BN de Turin en 1904. Le volume se cl\u00f4t sur d\u2019importants outils : une bibliographie g\u00e9n\u00e9rale exhaustive et un index tr\u00e8s d\u00e9taill\u00e9 inventoriant les noms d\u2019auteurs, de personnages, d\u2019imprimeurs, de villes et aussi les titres des livres manuscrits et imprim\u00e9s.<\/p>\n<p><strong>Olivier P\u00e9deflous<\/strong><\/p>\n<p>Cette recension a \u00e9t\u00e9 publi\u00e9e dans le<a href=\"https:\/\/www.semen-l.org\/?p=393\"> Bulletin de liaison n\u00b014 (2016) de la SEMEN-L<\/a> (p. 20).<\/p>\n","protected":false},"excerpt":{"rendered":"<p>Les Labyrinthes de l\u2019esprit. Collections et biblioth\u00e8ques \u00e0 la Renaissance \u2013 Renaissance libraries and collections, sous la direction de Rosanna Gorris Camos &amp; Alexandre Vanautgaerden, Gen\u00e8ve, Biblioth\u00e8que de Gen\u00e8ve-Droz, 2015, 673 p. Ce volume rassemble 19 contributions sur les biblioth\u00e8ques &hellip; <a href=\"https:\/\/www.semen-l.org\/?p=3360\">Continuer la lecture <span class=\"meta-nav\">&rarr;<\/span><\/a><\/p>\n","protected":false},"author":26,"featured_media":3361,"comment_status":"open","ping_status":"open","sticky":false,"template":"","format":"standard","meta":{"footnotes":""},"categories":[1825],"tags":[2083,2090,302,1794,207,2085,2084,2089,2087,1952,137,171,159,2086,1334,1763,1336,2082,423,2088,77,2081,833],"class_list":["post-3360","post","type-post","status-publish","format-standard","has-post-thumbnail","hentry","category-recensions","tag-aldrovandi-ulisse","tag-anvers","tag-aristote","tag-bembo-pietro","tag-bibliotheque","tag-bibliotheque-ambrosienne","tag-bibliotheque-de-thou","tag-bibliotheque-publique-danvers","tag-cesar","tag-cour","tag-encyclopedie","tag-imprimerie","tag-manuscrit","tag-milan","tag-montaigne-michel-de","tag-pasquier-etienne","tag-plutarque","tag-porzio-simone","tag-rabelais-francois","tag-rasse-des-neux-francois","tag-terence","tag-turin","tag-varchi-benedetto"],"yoast_head":"<!-- This site is optimized with the Yoast SEO plugin v27.5 - https:\/\/yoast.com\/product\/yoast-seo-wordpress\/ -->\n<title>Les Labyrinthes de l\u2019esprit : recension<\/title>\n<meta name=\"description\" content=\"Les Labyrinthes de l\u2019esprit : recension de cet ouvrage collectif par la Semen-L (soci\u00e9t\u00e9 d&#039;\u00e9tudes m\u00e9dio et n\u00e9o-latines)\" \/>\n<meta name=\"robots\" content=\"index, follow, max-snippet:-1, max-image-preview:large, max-video-preview:-1\" \/>\n<link rel=\"canonical\" href=\"http:\/\/www.semen-l.org\/?p=3360\" \/>\n<meta property=\"og:locale\" content=\"fr_FR\" \/>\n<meta property=\"og:type\" content=\"article\" \/>\n<meta property=\"og:title\" content=\"Les Labyrinthes de l\u2019esprit : recension\" \/>\n<meta property=\"og:description\" content=\"Les Labyrinthes de l\u2019esprit : recension de cet ouvrage collectif par la Semen-L (soci\u00e9t\u00e9 d&#039;\u00e9tudes m\u00e9dio et n\u00e9o-latines)\" \/>\n<meta property=\"og:url\" content=\"http:\/\/www.semen-l.org\/?p=3360\" \/>\n<meta property=\"og:site_name\" content=\"Soci\u00e9t\u00e9 d&#039;\u00c9tudes M\u00e9dio Et N\u00e9o-Latines\" \/>\n<meta property=\"article:publisher\" content=\"https:\/\/www.facebook.com\/SEMENL2018\" \/>\n<meta property=\"article:published_time\" content=\"2016-10-21T23:28:28+00:00\" \/>\n<meta property=\"article:modified_time\" content=\"2024-02-21T23:39:58+00:00\" \/>\n<meta property=\"og:image\" content=\"http:\/\/www.semen-l.org\/wp-content\/uploads\/2024\/02\/labyrinthes-bib-couv.jpg\" \/>\n\t<meta property=\"og:image:width\" content=\"304\" \/>\n\t<meta property=\"og:image:height\" content=\"420\" \/>\n\t<meta property=\"og:image:type\" content=\"image\/jpeg\" \/>\n<meta name=\"author\" content=\"Julien Maudoux\" \/>\n<meta name=\"twitter:card\" content=\"summary_large_image\" \/>\n<meta name=\"twitter:label1\" content=\"\u00c9crit par\" \/>\n\t<meta name=\"twitter:data1\" content=\"Julien Maudoux\" \/>\n\t<meta name=\"twitter:label2\" content=\"Dur\u00e9e de lecture estim\u00e9e\" \/>\n\t<meta name=\"twitter:data2\" content=\"3 minutes\" \/>\n<script type=\"application\/ld+json\" class=\"yoast-schema-graph\">{\"@context\":\"https:\\\/\\\/schema.org\",\"@graph\":[{\"@type\":\"Article\",\"@id\":\"http:\\\/\\\/www.semen-l.org\\\/?p=3360#article\",\"isPartOf\":{\"@id\":\"http:\\\/\\\/www.semen-l.org\\\/?p=3360\"},\"author\":{\"name\":\"Julien Maudoux\",\"@id\":\"http:\\\/\\\/www.semen-l.org\\\/#\\\/schema\\\/person\\\/ef5208815f17666727763c5363a51344\"},\"headline\":\"Les Labyrinthes de l\u2019esprit. Collections et biblioth\u00e8ques \u00e0 la Renaissance \u2013 Renaissance libraries and collections, sous la direction de Rosanna Gorris Camos &#038; Alexandre Vanautgaerden, Gen\u00e8ve, Biblioth\u00e8que de Gen\u00e8ve-Droz, 2015. (Olivier P\u00e9deflous)\",\"datePublished\":\"2016-10-21T23:28:28+00:00\",\"dateModified\":\"2024-02-21T23:39:58+00:00\",\"mainEntityOfPage\":{\"@id\":\"http:\\\/\\\/www.semen-l.org\\\/?p=3360\"},\"wordCount\":534,\"commentCount\":0,\"publisher\":{\"@id\":\"http:\\\/\\\/www.semen-l.org\\\/#organization\"},\"image\":{\"@id\":\"http:\\\/\\\/www.semen-l.org\\\/?p=3360#primaryimage\"},\"thumbnailUrl\":\"https:\\\/\\\/www.semen-l.org\\\/wp-content\\\/uploads\\\/2024\\\/02\\\/labyrinthes-bib-couv.jpg\",\"keywords\":[\"Aldrovandi (Ulisse)\",\"Anvers\",\"Aristote\",\"Bembo (Pietro)\",\"biblioth\u00e8que\",\"Biblioth\u00e8que Ambrosienne\",\"Biblioth\u00e8que de Thou\",\"Biblioth\u00e8que publique d\u2019Anvers\",\"C\u00e9sar (Jules)\",\"cour\",\"encyclop\u00e9die\",\"imprimerie\",\"manuscrit\",\"Milan\",\"Montaigne (Michel de)\",\"Pasquier (\u00c9tienne)\",\"Plutarque\",\"Porzio (Simone)\",\"Rabelais (Fran\u00e7ois)\",\"Rasse des Neux (Francois)\",\"T\u00e9rence\",\"Turin\",\"Varchi (Benedetto)\"],\"articleSection\":[\"Recensions\"],\"inLanguage\":\"fr-FR\",\"potentialAction\":[{\"@type\":\"CommentAction\",\"name\":\"Comment\",\"target\":[\"http:\\\/\\\/www.semen-l.org\\\/?p=3360#respond\"]}]},{\"@type\":\"WebPage\",\"@id\":\"http:\\\/\\\/www.semen-l.org\\\/?p=3360\",\"url\":\"http:\\\/\\\/www.semen-l.org\\\/?p=3360\",\"name\":\"Les Labyrinthes de l\u2019esprit : recension\",\"isPartOf\":{\"@id\":\"http:\\\/\\\/www.semen-l.org\\\/#website\"},\"primaryImageOfPage\":{\"@id\":\"http:\\\/\\\/www.semen-l.org\\\/?p=3360#primaryimage\"},\"image\":{\"@id\":\"http:\\\/\\\/www.semen-l.org\\\/?p=3360#primaryimage\"},\"thumbnailUrl\":\"https:\\\/\\\/www.semen-l.org\\\/wp-content\\\/uploads\\\/2024\\\/02\\\/labyrinthes-bib-couv.jpg\",\"datePublished\":\"2016-10-21T23:28:28+00:00\",\"dateModified\":\"2024-02-21T23:39:58+00:00\",\"description\":\"Les Labyrinthes de l\u2019esprit : recension de cet ouvrage collectif par la Semen-L (soci\u00e9t\u00e9 d'\u00e9tudes m\u00e9dio et n\u00e9o-latines)\",\"breadcrumb\":{\"@id\":\"http:\\\/\\\/www.semen-l.org\\\/?p=3360#breadcrumb\"},\"inLanguage\":\"fr-FR\",\"potentialAction\":[{\"@type\":\"ReadAction\",\"target\":[\"http:\\\/\\\/www.semen-l.org\\\/?p=3360\"]}]},{\"@type\":\"ImageObject\",\"inLanguage\":\"fr-FR\",\"@id\":\"http:\\\/\\\/www.semen-l.org\\\/?p=3360#primaryimage\",\"url\":\"https:\\\/\\\/www.semen-l.org\\\/wp-content\\\/uploads\\\/2024\\\/02\\\/labyrinthes-bib-couv.jpg\",\"contentUrl\":\"https:\\\/\\\/www.semen-l.org\\\/wp-content\\\/uploads\\\/2024\\\/02\\\/labyrinthes-bib-couv.jpg\",\"width\":304,\"height\":420},{\"@type\":\"BreadcrumbList\",\"@id\":\"http:\\\/\\\/www.semen-l.org\\\/?p=3360#breadcrumb\",\"itemListElement\":[{\"@type\":\"ListItem\",\"position\":1,\"name\":\"Accueil\",\"item\":\"http:\\\/\\\/www.semen-l.org\\\/\"},{\"@type\":\"ListItem\",\"position\":2,\"name\":\"Les Labyrinthes de l\u2019esprit. Collections et biblioth\u00e8ques \u00e0 la Renaissance \u2013 Renaissance libraries and collections, sous la direction de Rosanna Gorris Camos &#038; Alexandre Vanautgaerden, Gen\u00e8ve, Biblioth\u00e8que de Gen\u00e8ve-Droz, 2015. (Olivier P\u00e9deflous)\"}]},{\"@type\":\"WebSite\",\"@id\":\"http:\\\/\\\/www.semen-l.org\\\/#website\",\"url\":\"http:\\\/\\\/www.semen-l.org\\\/\",\"name\":\"Soci\u00e9t\u00e9 d'\u00c9tudes M\u00e9dio Et N\u00e9o-Latines\",\"description\":\"\",\"publisher\":{\"@id\":\"http:\\\/\\\/www.semen-l.org\\\/#organization\"},\"potentialAction\":[{\"@type\":\"SearchAction\",\"target\":{\"@type\":\"EntryPoint\",\"urlTemplate\":\"http:\\\/\\\/www.semen-l.org\\\/?s={search_term_string}\"},\"query-input\":{\"@type\":\"PropertyValueSpecification\",\"valueRequired\":true,\"valueName\":\"search_term_string\"}}],\"inLanguage\":\"fr-FR\"},{\"@type\":\"Organization\",\"@id\":\"http:\\\/\\\/www.semen-l.org\\\/#organization\",\"name\":\"Soci\u00e9t\u00e9 d'\u00e9tudes m\u00e9dio et n\u00e9o-latines\",\"url\":\"http:\\\/\\\/www.semen-l.org\\\/\",\"logo\":{\"@type\":\"ImageObject\",\"inLanguage\":\"fr-FR\",\"@id\":\"http:\\\/\\\/www.semen-l.org\\\/#\\\/schema\\\/logo\\\/image\\\/\",\"url\":\"http:\\\/\\\/www.semen-l.org\\\/wp-content\\\/uploads\\\/2020\\\/11\\\/logo-semenl.jpg\",\"contentUrl\":\"http:\\\/\\\/www.semen-l.org\\\/wp-content\\\/uploads\\\/2020\\\/11\\\/logo-semenl.jpg\",\"width\":408,\"height\":403,\"caption\":\"Soci\u00e9t\u00e9 d'\u00e9tudes m\u00e9dio et n\u00e9o-latines\"},\"image\":{\"@id\":\"http:\\\/\\\/www.semen-l.org\\\/#\\\/schema\\\/logo\\\/image\\\/\"},\"sameAs\":[\"https:\\\/\\\/www.facebook.com\\\/SEMENL2018\",\"https:\\\/\\\/independent.academia.edu\\\/SocitsdtudesmdioetnolatinesSEMENL\"]},{\"@type\":\"Person\",\"@id\":\"http:\\\/\\\/www.semen-l.org\\\/#\\\/schema\\\/person\\\/ef5208815f17666727763c5363a51344\",\"name\":\"Julien Maudoux\",\"image\":{\"@type\":\"ImageObject\",\"inLanguage\":\"fr-FR\",\"@id\":\"https:\\\/\\\/secure.gravatar.com\\\/avatar\\\/caabf4fb6242e2277733cd35a5c2aa083761ea25dae1d1ff3298b54292225292?s=96&d=mm&r=g\",\"url\":\"https:\\\/\\\/secure.gravatar.com\\\/avatar\\\/caabf4fb6242e2277733cd35a5c2aa083761ea25dae1d1ff3298b54292225292?s=96&d=mm&r=g\",\"contentUrl\":\"https:\\\/\\\/secure.gravatar.com\\\/avatar\\\/caabf4fb6242e2277733cd35a5c2aa083761ea25dae1d1ff3298b54292225292?s=96&d=mm&r=g\",\"caption\":\"Julien Maudoux\"},\"description\":\"Webmestre du site de la SEMEN-L\",\"url\":\"https:\\\/\\\/www.semen-l.org\\\/?author=26\"}]}<\/script>\n<!-- \/ Yoast SEO plugin. -->","yoast_head_json":{"title":"Les Labyrinthes de l\u2019esprit : recension","description":"Les Labyrinthes de l\u2019esprit : recension de cet ouvrage collectif par la Semen-L (soci\u00e9t\u00e9 d'\u00e9tudes m\u00e9dio et n\u00e9o-latines)","robots":{"index":"index","follow":"follow","max-snippet":"max-snippet:-1","max-image-preview":"max-image-preview:large","max-video-preview":"max-video-preview:-1"},"canonical":"http:\/\/www.semen-l.org\/?p=3360","og_locale":"fr_FR","og_type":"article","og_title":"Les Labyrinthes de l\u2019esprit : recension","og_description":"Les Labyrinthes de l\u2019esprit : recension de cet ouvrage collectif par la Semen-L (soci\u00e9t\u00e9 d'\u00e9tudes m\u00e9dio et n\u00e9o-latines)","og_url":"http:\/\/www.semen-l.org\/?p=3360","og_site_name":"Soci\u00e9t\u00e9 d&#039;\u00c9tudes M\u00e9dio Et N\u00e9o-Latines","article_publisher":"https:\/\/www.facebook.com\/SEMENL2018","article_published_time":"2016-10-21T23:28:28+00:00","article_modified_time":"2024-02-21T23:39:58+00:00","og_image":[{"width":304,"height":420,"url":"http:\/\/www.semen-l.org\/wp-content\/uploads\/2024\/02\/labyrinthes-bib-couv.jpg","type":"image\/jpeg"}],"author":"Julien Maudoux","twitter_card":"summary_large_image","twitter_misc":{"\u00c9crit par":"Julien Maudoux","Dur\u00e9e de lecture estim\u00e9e":"3 minutes"},"schema":{"@context":"https:\/\/schema.org","@graph":[{"@type":"Article","@id":"http:\/\/www.semen-l.org\/?p=3360#article","isPartOf":{"@id":"http:\/\/www.semen-l.org\/?p=3360"},"author":{"name":"Julien Maudoux","@id":"http:\/\/www.semen-l.org\/#\/schema\/person\/ef5208815f17666727763c5363a51344"},"headline":"Les Labyrinthes de l\u2019esprit. Collections et biblioth\u00e8ques \u00e0 la Renaissance \u2013 Renaissance libraries and collections, sous la direction de Rosanna Gorris Camos &#038; Alexandre Vanautgaerden, Gen\u00e8ve, Biblioth\u00e8que de Gen\u00e8ve-Droz, 2015. (Olivier P\u00e9deflous)","datePublished":"2016-10-21T23:28:28+00:00","dateModified":"2024-02-21T23:39:58+00:00","mainEntityOfPage":{"@id":"http:\/\/www.semen-l.org\/?p=3360"},"wordCount":534,"commentCount":0,"publisher":{"@id":"http:\/\/www.semen-l.org\/#organization"},"image":{"@id":"http:\/\/www.semen-l.org\/?p=3360#primaryimage"},"thumbnailUrl":"https:\/\/www.semen-l.org\/wp-content\/uploads\/2024\/02\/labyrinthes-bib-couv.jpg","keywords":["Aldrovandi (Ulisse)","Anvers","Aristote","Bembo (Pietro)","biblioth\u00e8que","Biblioth\u00e8que Ambrosienne","Biblioth\u00e8que de Thou","Biblioth\u00e8que publique d\u2019Anvers","C\u00e9sar (Jules)","cour","encyclop\u00e9die","imprimerie","manuscrit","Milan","Montaigne (Michel de)","Pasquier (\u00c9tienne)","Plutarque","Porzio (Simone)","Rabelais (Fran\u00e7ois)","Rasse des Neux (Francois)","T\u00e9rence","Turin","Varchi (Benedetto)"],"articleSection":["Recensions"],"inLanguage":"fr-FR","potentialAction":[{"@type":"CommentAction","name":"Comment","target":["http:\/\/www.semen-l.org\/?p=3360#respond"]}]},{"@type":"WebPage","@id":"http:\/\/www.semen-l.org\/?p=3360","url":"http:\/\/www.semen-l.org\/?p=3360","name":"Les Labyrinthes de l\u2019esprit : recension","isPartOf":{"@id":"http:\/\/www.semen-l.org\/#website"},"primaryImageOfPage":{"@id":"http:\/\/www.semen-l.org\/?p=3360#primaryimage"},"image":{"@id":"http:\/\/www.semen-l.org\/?p=3360#primaryimage"},"thumbnailUrl":"https:\/\/www.semen-l.org\/wp-content\/uploads\/2024\/02\/labyrinthes-bib-couv.jpg","datePublished":"2016-10-21T23:28:28+00:00","dateModified":"2024-02-21T23:39:58+00:00","description":"Les Labyrinthes de l\u2019esprit : recension de cet ouvrage collectif par la Semen-L (soci\u00e9t\u00e9 d'\u00e9tudes m\u00e9dio et n\u00e9o-latines)","breadcrumb":{"@id":"http:\/\/www.semen-l.org\/?p=3360#breadcrumb"},"inLanguage":"fr-FR","potentialAction":[{"@type":"ReadAction","target":["http:\/\/www.semen-l.org\/?p=3360"]}]},{"@type":"ImageObject","inLanguage":"fr-FR","@id":"http:\/\/www.semen-l.org\/?p=3360#primaryimage","url":"https:\/\/www.semen-l.org\/wp-content\/uploads\/2024\/02\/labyrinthes-bib-couv.jpg","contentUrl":"https:\/\/www.semen-l.org\/wp-content\/uploads\/2024\/02\/labyrinthes-bib-couv.jpg","width":304,"height":420},{"@type":"BreadcrumbList","@id":"http:\/\/www.semen-l.org\/?p=3360#breadcrumb","itemListElement":[{"@type":"ListItem","position":1,"name":"Accueil","item":"http:\/\/www.semen-l.org\/"},{"@type":"ListItem","position":2,"name":"Les Labyrinthes de l\u2019esprit. Collections et biblioth\u00e8ques \u00e0 la Renaissance \u2013 Renaissance libraries and collections, sous la direction de Rosanna Gorris Camos &#038; Alexandre Vanautgaerden, Gen\u00e8ve, Biblioth\u00e8que de Gen\u00e8ve-Droz, 2015. (Olivier P\u00e9deflous)"}]},{"@type":"WebSite","@id":"http:\/\/www.semen-l.org\/#website","url":"http:\/\/www.semen-l.org\/","name":"Soci\u00e9t\u00e9 d'\u00c9tudes M\u00e9dio Et N\u00e9o-Latines","description":"","publisher":{"@id":"http:\/\/www.semen-l.org\/#organization"},"potentialAction":[{"@type":"SearchAction","target":{"@type":"EntryPoint","urlTemplate":"http:\/\/www.semen-l.org\/?s={search_term_string}"},"query-input":{"@type":"PropertyValueSpecification","valueRequired":true,"valueName":"search_term_string"}}],"inLanguage":"fr-FR"},{"@type":"Organization","@id":"http:\/\/www.semen-l.org\/#organization","name":"Soci\u00e9t\u00e9 d'\u00e9tudes m\u00e9dio et n\u00e9o-latines","url":"http:\/\/www.semen-l.org\/","logo":{"@type":"ImageObject","inLanguage":"fr-FR","@id":"http:\/\/www.semen-l.org\/#\/schema\/logo\/image\/","url":"http:\/\/www.semen-l.org\/wp-content\/uploads\/2020\/11\/logo-semenl.jpg","contentUrl":"http:\/\/www.semen-l.org\/wp-content\/uploads\/2020\/11\/logo-semenl.jpg","width":408,"height":403,"caption":"Soci\u00e9t\u00e9 d'\u00e9tudes m\u00e9dio et n\u00e9o-latines"},"image":{"@id":"http:\/\/www.semen-l.org\/#\/schema\/logo\/image\/"},"sameAs":["https:\/\/www.facebook.com\/SEMENL2018","https:\/\/independent.academia.edu\/SocitsdtudesmdioetnolatinesSEMENL"]},{"@type":"Person","@id":"http:\/\/www.semen-l.org\/#\/schema\/person\/ef5208815f17666727763c5363a51344","name":"Julien Maudoux","image":{"@type":"ImageObject","inLanguage":"fr-FR","@id":"https:\/\/secure.gravatar.com\/avatar\/caabf4fb6242e2277733cd35a5c2aa083761ea25dae1d1ff3298b54292225292?s=96&d=mm&r=g","url":"https:\/\/secure.gravatar.com\/avatar\/caabf4fb6242e2277733cd35a5c2aa083761ea25dae1d1ff3298b54292225292?s=96&d=mm&r=g","contentUrl":"https:\/\/secure.gravatar.com\/avatar\/caabf4fb6242e2277733cd35a5c2aa083761ea25dae1d1ff3298b54292225292?s=96&d=mm&r=g","caption":"Julien Maudoux"},"description":"Webmestre du site de la SEMEN-L","url":"https:\/\/www.semen-l.org\/?author=26"}]}},"jetpack_featured_media_url":"https:\/\/www.semen-l.org\/wp-content\/uploads\/2024\/02\/labyrinthes-bib-couv.jpg","_links":{"self":[{"href":"https:\/\/www.semen-l.org\/index.php?rest_route=\/wp\/v2\/posts\/3360","targetHints":{"allow":["GET"]}}],"collection":[{"href":"https:\/\/www.semen-l.org\/index.php?rest_route=\/wp\/v2\/posts"}],"about":[{"href":"https:\/\/www.semen-l.org\/index.php?rest_route=\/wp\/v2\/types\/post"}],"author":[{"embeddable":true,"href":"https:\/\/www.semen-l.org\/index.php?rest_route=\/wp\/v2\/users\/26"}],"replies":[{"embeddable":true,"href":"https:\/\/www.semen-l.org\/index.php?rest_route=%2Fwp%2Fv2%2Fcomments&post=3360"}],"version-history":[{"count":0,"href":"https:\/\/www.semen-l.org\/index.php?rest_route=\/wp\/v2\/posts\/3360\/revisions"}],"wp:featuredmedia":[{"embeddable":true,"href":"https:\/\/www.semen-l.org\/index.php?rest_route=\/wp\/v2\/media\/3361"}],"wp:attachment":[{"href":"https:\/\/www.semen-l.org\/index.php?rest_route=%2Fwp%2Fv2%2Fmedia&parent=3360"}],"wp:term":[{"taxonomy":"category","embeddable":true,"href":"https:\/\/www.semen-l.org\/index.php?rest_route=%2Fwp%2Fv2%2Fcategories&post=3360"},{"taxonomy":"post_tag","embeddable":true,"href":"https:\/\/www.semen-l.org\/index.php?rest_route=%2Fwp%2Fv2%2Ftags&post=3360"}],"curies":[{"name":"wp","href":"https:\/\/api.w.org\/{rel}","templated":true}]}}