{"id":3354,"date":"2016-10-21T23:19:10","date_gmt":"2016-10-21T23:19:10","guid":{"rendered":"https:\/\/www.semen-l.org\/?p=3354"},"modified":"2024-02-21T23:23:38","modified_gmt":"2024-02-21T23:23:38","slug":"ulrich-von-hutten-la-verole-et-le-remede-du-gaiac-edition-traduction-et-notes-de-brigitte-gauvin-paris-les-belles-lettres-le-miroir-des-humanistes-2015-s-l","status":"publish","type":"post","link":"https:\/\/www.semen-l.org\/?p=3354","title":{"rendered":"Ulrich von Hutten, La v\u00e9role et le rem\u00e8de du ga\u00efac, \u00e9dition, traduction et notes de Brigitte Gauvin, Paris, Les Belles Lettres (Le miroir des humanistes), 2015. (S. L.)"},"content":{"rendered":"<p><strong>Ulrich von Hutten, <em>La v\u00e9role et le rem\u00e8de du ga\u00efac<\/em>, \u00e9dition, traduction et notes de Brigitte Gauvin, Paris, Les Belles Lettres (Le miroir des humanistes), 2015.<a href=\"https:\/\/www.lesbelleslettres.com\/livre\/9782251346090\/la-verole-et-le-remede-du-gaiac#:~:text=La%20v%C3%A9role%20et%20le%20rem%C3%A8de%20du%20ga%C3%AFac%20est%20le%20t%C3%A9moignage,venait%20de%20d%C3%A9couvrir%20en%20Am%C3%A9rique.\"><img fetchpriority=\"high\" decoding=\"async\" class=\"alignright size-medium wp-image-3355\" src=\"http:\/\/www.semen-l.org\/wp-content\/uploads\/2024\/02\/verole-gaiac-couv-187x300.jpg\" alt=\"\" width=\"187\" height=\"300\" srcset=\"https:\/\/www.semen-l.org\/wp-content\/uploads\/2024\/02\/verole-gaiac-couv-187x300.jpg 187w, https:\/\/www.semen-l.org\/wp-content\/uploads\/2024\/02\/verole-gaiac-couv-124x200.jpg 124w, https:\/\/www.semen-l.org\/wp-content\/uploads\/2024\/02\/verole-gaiac-couv.jpg 360w\" sizes=\"(max-width: 187px) 100vw, 187px\" \/><\/a><\/strong><\/p>\n<p>\u00c0 peine sorti de la chambre calfeutr\u00e9e o\u00f9 il avait subi la cure de ga\u00efac, Ulrich von Hutten, \u00e2g\u00e9 de trente ans, r\u00e9dige son <em>De Guaicai medicina et morbo Gallico <\/em>pour chanter la gloire du rem\u00e8de qui, pense-t-il \u00e0 tort, l\u2019a gu\u00e9ri de la v\u00e9role, et pour aider les autres malades \u00e0 atteindre la gu\u00e9rison. Ce sera un grand succ\u00e8s \u00e9ditorial. En bon humaniste, le patient Hutten a lu nombre d\u2019ouvrages m\u00e9dicaux et son livre, dans ses chapitres techniques, en porte la trace, dressant ainsi un tableau du savoir m\u00e9dical de l\u2019\u00e9poque sur la v\u00e9role ; mais c\u2019est surtout par son caract\u00e8re intimiste qu\u2019il est fascinant pour nous, car il nous offre le t\u00e9moignage personnel d\u2019un malade sur sa maladie. Une riche introduction situe le texte dans la vie de Hutten et dans l\u2019histoire de la litt\u00e9rature m\u00e9dicale, tout en en fournissant une analyse litt\u00e9raire (structure, caract\u00e8re pol\u00e9mique et satirique) ; la traduction, fond\u00e9e sur le texte \u00e9tabli par E. B\u00f6cking, est \u00e0 la fois pr\u00e9cise et \u00e9l\u00e9gante, et permet d\u2019entrer sans difficult\u00e9 dans ce texte aussi singulier que passionnant pour l\u2019histoire des mentalit\u00e9s de la Renaissance.<\/p>\n<p>Autrice : S. L.<\/p>\n<p>Cette recension a \u00e9t\u00e9 publi\u00e9e dans le<a href=\"https:\/\/www.semen-l.org\/?p=393\"> Bulletin de liaison n\u00b014 (2016) de la SEMEN-L<\/a> (p. 19-20).<\/p>\n","protected":false},"excerpt":{"rendered":"<p>Ulrich von Hutten, La v\u00e9role et le rem\u00e8de du ga\u00efac, \u00e9dition, traduction et notes de Brigitte Gauvin, Paris, Les Belles Lettres (Le miroir des humanistes), 2015. \u00c0 peine sorti de la chambre calfeutr\u00e9e o\u00f9 il avait subi la cure de &hellip; <a href=\"https:\/\/www.semen-l.org\/?p=3354\">Continuer la lecture <span class=\"meta-nav\">&rarr;<\/span><\/a><\/p>\n","protected":false},"author":26,"featured_media":3355,"comment_status":"open","ping_status":"open","sticky":false,"template":"","format":"standard","meta":{"footnotes":""},"categories":[1825],"tags":[1420,565,869,23,371],"class_list":["post-3354","post","type-post","status-publish","format-standard","has-post-thumbnail","hentry","category-recensions","tag-histoire-des-textes","tag-von-hutten-ulrich","tag-la-verole-et-le-remede-du-gaiac","tag-medecine","tag-traduction"],"yoast_head":"<!-- This site is optimized with the Yoast SEO plugin v27.5 - https:\/\/yoast.com\/product\/yoast-seo-wordpress\/ -->\n<title>Recension SEMEN-L de La v\u00e9role et le rem\u00e8de du ga\u00efac<\/title>\n<meta name=\"description\" content=\"Ulrich von Hutten, La v\u00e9role et le rem\u00e8de du ga\u00efac, par B. Gauvin, recension par la SEMEN-L pour le bulletin n\u00b014.\" \/>\n<meta name=\"robots\" content=\"index, follow, max-snippet:-1, max-image-preview:large, max-video-preview:-1\" \/>\n<link rel=\"canonical\" href=\"http:\/\/www.semen-l.org\/?p=3354\" \/>\n<meta property=\"og:locale\" content=\"fr_FR\" \/>\n<meta property=\"og:type\" content=\"article\" \/>\n<meta property=\"og:title\" content=\"Recension SEMEN-L de La v\u00e9role et le rem\u00e8de du ga\u00efac\" \/>\n<meta property=\"og:description\" content=\"Ulrich von Hutten, La v\u00e9role et le rem\u00e8de du ga\u00efac, par B. Gauvin, recension par la SEMEN-L pour le bulletin n\u00b014.\" \/>\n<meta property=\"og:url\" content=\"http:\/\/www.semen-l.org\/?p=3354\" \/>\n<meta property=\"og:site_name\" content=\"Soci\u00e9t\u00e9 d&#039;\u00c9tudes M\u00e9dio Et N\u00e9o-Latines\" \/>\n<meta property=\"article:publisher\" content=\"https:\/\/www.facebook.com\/SEMENL2018\" \/>\n<meta property=\"article:published_time\" content=\"2016-10-21T23:19:10+00:00\" \/>\n<meta property=\"article:modified_time\" content=\"2024-02-21T23:23:38+00:00\" \/>\n<meta property=\"og:image\" content=\"http:\/\/www.semen-l.org\/wp-content\/uploads\/2024\/02\/verole-gaiac-couv.jpg\" \/>\n\t<meta property=\"og:image:width\" content=\"360\" \/>\n\t<meta property=\"og:image:height\" content=\"579\" \/>\n\t<meta property=\"og:image:type\" content=\"image\/jpeg\" \/>\n<meta name=\"author\" content=\"Julien Maudoux\" \/>\n<meta name=\"twitter:card\" content=\"summary_large_image\" \/>\n<meta name=\"twitter:label1\" content=\"\u00c9crit par\" \/>\n\t<meta name=\"twitter:data1\" content=\"Julien Maudoux\" \/>\n\t<meta name=\"twitter:label2\" content=\"Dur\u00e9e de lecture estim\u00e9e\" \/>\n\t<meta name=\"twitter:data2\" content=\"2 minutes\" \/>\n<script type=\"application\/ld+json\" class=\"yoast-schema-graph\">{\"@context\":\"https:\\\/\\\/schema.org\",\"@graph\":[{\"@type\":\"Article\",\"@id\":\"http:\\\/\\\/www.semen-l.org\\\/?p=3354#article\",\"isPartOf\":{\"@id\":\"http:\\\/\\\/www.semen-l.org\\\/?p=3354\"},\"author\":{\"name\":\"Julien Maudoux\",\"@id\":\"http:\\\/\\\/www.semen-l.org\\\/#\\\/schema\\\/person\\\/ef5208815f17666727763c5363a51344\"},\"headline\":\"Ulrich von Hutten, La v\u00e9role et le rem\u00e8de du ga\u00efac, \u00e9dition, traduction et notes de Brigitte Gauvin, Paris, Les Belles Lettres (Le miroir des humanistes), 2015. (S. L.)\",\"datePublished\":\"2016-10-21T23:19:10+00:00\",\"dateModified\":\"2024-02-21T23:23:38+00:00\",\"mainEntityOfPage\":{\"@id\":\"http:\\\/\\\/www.semen-l.org\\\/?p=3354\"},\"wordCount\":291,\"commentCount\":0,\"publisher\":{\"@id\":\"http:\\\/\\\/www.semen-l.org\\\/#organization\"},\"image\":{\"@id\":\"http:\\\/\\\/www.semen-l.org\\\/?p=3354#primaryimage\"},\"thumbnailUrl\":\"https:\\\/\\\/www.semen-l.org\\\/wp-content\\\/uploads\\\/2024\\\/02\\\/verole-gaiac-couv.jpg\",\"keywords\":[\"histoire des textes\",\"Hutten (Ulrich von)\",\"La v\u00e9role et le rem\u00e8de du ga\u00efac\",\"m\u00e9decine\",\"traduction\"],\"articleSection\":[\"Recensions\"],\"inLanguage\":\"fr-FR\",\"potentialAction\":[{\"@type\":\"CommentAction\",\"name\":\"Comment\",\"target\":[\"http:\\\/\\\/www.semen-l.org\\\/?p=3354#respond\"]}]},{\"@type\":\"WebPage\",\"@id\":\"http:\\\/\\\/www.semen-l.org\\\/?p=3354\",\"url\":\"http:\\\/\\\/www.semen-l.org\\\/?p=3354\",\"name\":\"Recension SEMEN-L de La v\u00e9role et le rem\u00e8de du ga\u00efac\",\"isPartOf\":{\"@id\":\"http:\\\/\\\/www.semen-l.org\\\/#website\"},\"primaryImageOfPage\":{\"@id\":\"http:\\\/\\\/www.semen-l.org\\\/?p=3354#primaryimage\"},\"image\":{\"@id\":\"http:\\\/\\\/www.semen-l.org\\\/?p=3354#primaryimage\"},\"thumbnailUrl\":\"https:\\\/\\\/www.semen-l.org\\\/wp-content\\\/uploads\\\/2024\\\/02\\\/verole-gaiac-couv.jpg\",\"datePublished\":\"2016-10-21T23:19:10+00:00\",\"dateModified\":\"2024-02-21T23:23:38+00:00\",\"description\":\"Ulrich von Hutten, La v\u00e9role et le rem\u00e8de du ga\u00efac, par B. Gauvin, recension par la SEMEN-L pour le bulletin n\u00b014.\",\"breadcrumb\":{\"@id\":\"http:\\\/\\\/www.semen-l.org\\\/?p=3354#breadcrumb\"},\"inLanguage\":\"fr-FR\",\"potentialAction\":[{\"@type\":\"ReadAction\",\"target\":[\"http:\\\/\\\/www.semen-l.org\\\/?p=3354\"]}]},{\"@type\":\"ImageObject\",\"inLanguage\":\"fr-FR\",\"@id\":\"http:\\\/\\\/www.semen-l.org\\\/?p=3354#primaryimage\",\"url\":\"https:\\\/\\\/www.semen-l.org\\\/wp-content\\\/uploads\\\/2024\\\/02\\\/verole-gaiac-couv.jpg\",\"contentUrl\":\"https:\\\/\\\/www.semen-l.org\\\/wp-content\\\/uploads\\\/2024\\\/02\\\/verole-gaiac-couv.jpg\",\"width\":360,\"height\":579},{\"@type\":\"BreadcrumbList\",\"@id\":\"http:\\\/\\\/www.semen-l.org\\\/?p=3354#breadcrumb\",\"itemListElement\":[{\"@type\":\"ListItem\",\"position\":1,\"name\":\"Accueil\",\"item\":\"http:\\\/\\\/www.semen-l.org\\\/\"},{\"@type\":\"ListItem\",\"position\":2,\"name\":\"Ulrich von Hutten, La v\u00e9role et le rem\u00e8de du ga\u00efac, \u00e9dition, traduction et notes de Brigitte Gauvin, Paris, Les Belles Lettres (Le miroir des humanistes), 2015. (S. L.)\"}]},{\"@type\":\"WebSite\",\"@id\":\"http:\\\/\\\/www.semen-l.org\\\/#website\",\"url\":\"http:\\\/\\\/www.semen-l.org\\\/\",\"name\":\"Soci\u00e9t\u00e9 d'\u00c9tudes M\u00e9dio Et N\u00e9o-Latines\",\"description\":\"\",\"publisher\":{\"@id\":\"http:\\\/\\\/www.semen-l.org\\\/#organization\"},\"potentialAction\":[{\"@type\":\"SearchAction\",\"target\":{\"@type\":\"EntryPoint\",\"urlTemplate\":\"http:\\\/\\\/www.semen-l.org\\\/?s={search_term_string}\"},\"query-input\":{\"@type\":\"PropertyValueSpecification\",\"valueRequired\":true,\"valueName\":\"search_term_string\"}}],\"inLanguage\":\"fr-FR\"},{\"@type\":\"Organization\",\"@id\":\"http:\\\/\\\/www.semen-l.org\\\/#organization\",\"name\":\"Soci\u00e9t\u00e9 d'\u00e9tudes m\u00e9dio et n\u00e9o-latines\",\"url\":\"http:\\\/\\\/www.semen-l.org\\\/\",\"logo\":{\"@type\":\"ImageObject\",\"inLanguage\":\"fr-FR\",\"@id\":\"http:\\\/\\\/www.semen-l.org\\\/#\\\/schema\\\/logo\\\/image\\\/\",\"url\":\"http:\\\/\\\/www.semen-l.org\\\/wp-content\\\/uploads\\\/2020\\\/11\\\/logo-semenl.jpg\",\"contentUrl\":\"http:\\\/\\\/www.semen-l.org\\\/wp-content\\\/uploads\\\/2020\\\/11\\\/logo-semenl.jpg\",\"width\":408,\"height\":403,\"caption\":\"Soci\u00e9t\u00e9 d'\u00e9tudes m\u00e9dio et n\u00e9o-latines\"},\"image\":{\"@id\":\"http:\\\/\\\/www.semen-l.org\\\/#\\\/schema\\\/logo\\\/image\\\/\"},\"sameAs\":[\"https:\\\/\\\/www.facebook.com\\\/SEMENL2018\",\"https:\\\/\\\/independent.academia.edu\\\/SocitsdtudesmdioetnolatinesSEMENL\"]},{\"@type\":\"Person\",\"@id\":\"http:\\\/\\\/www.semen-l.org\\\/#\\\/schema\\\/person\\\/ef5208815f17666727763c5363a51344\",\"name\":\"Julien Maudoux\",\"image\":{\"@type\":\"ImageObject\",\"inLanguage\":\"fr-FR\",\"@id\":\"https:\\\/\\\/secure.gravatar.com\\\/avatar\\\/caabf4fb6242e2277733cd35a5c2aa083761ea25dae1d1ff3298b54292225292?s=96&d=mm&r=g\",\"url\":\"https:\\\/\\\/secure.gravatar.com\\\/avatar\\\/caabf4fb6242e2277733cd35a5c2aa083761ea25dae1d1ff3298b54292225292?s=96&d=mm&r=g\",\"contentUrl\":\"https:\\\/\\\/secure.gravatar.com\\\/avatar\\\/caabf4fb6242e2277733cd35a5c2aa083761ea25dae1d1ff3298b54292225292?s=96&d=mm&r=g\",\"caption\":\"Julien Maudoux\"},\"description\":\"Webmestre du site de la SEMEN-L\",\"url\":\"https:\\\/\\\/www.semen-l.org\\\/?author=26\"}]}<\/script>\n<!-- \/ Yoast SEO plugin. -->","yoast_head_json":{"title":"Recension SEMEN-L de La v\u00e9role et le rem\u00e8de du ga\u00efac","description":"Ulrich von Hutten, La v\u00e9role et le rem\u00e8de du ga\u00efac, par B. Gauvin, recension par la SEMEN-L pour le bulletin n\u00b014.","robots":{"index":"index","follow":"follow","max-snippet":"max-snippet:-1","max-image-preview":"max-image-preview:large","max-video-preview":"max-video-preview:-1"},"canonical":"http:\/\/www.semen-l.org\/?p=3354","og_locale":"fr_FR","og_type":"article","og_title":"Recension SEMEN-L de La v\u00e9role et le rem\u00e8de du ga\u00efac","og_description":"Ulrich von Hutten, La v\u00e9role et le rem\u00e8de du ga\u00efac, par B. Gauvin, recension par la SEMEN-L pour le bulletin n\u00b014.","og_url":"http:\/\/www.semen-l.org\/?p=3354","og_site_name":"Soci\u00e9t\u00e9 d&#039;\u00c9tudes M\u00e9dio Et N\u00e9o-Latines","article_publisher":"https:\/\/www.facebook.com\/SEMENL2018","article_published_time":"2016-10-21T23:19:10+00:00","article_modified_time":"2024-02-21T23:23:38+00:00","og_image":[{"width":360,"height":579,"url":"http:\/\/www.semen-l.org\/wp-content\/uploads\/2024\/02\/verole-gaiac-couv.jpg","type":"image\/jpeg"}],"author":"Julien Maudoux","twitter_card":"summary_large_image","twitter_misc":{"\u00c9crit par":"Julien Maudoux","Dur\u00e9e de lecture estim\u00e9e":"2 minutes"},"schema":{"@context":"https:\/\/schema.org","@graph":[{"@type":"Article","@id":"http:\/\/www.semen-l.org\/?p=3354#article","isPartOf":{"@id":"http:\/\/www.semen-l.org\/?p=3354"},"author":{"name":"Julien Maudoux","@id":"http:\/\/www.semen-l.org\/#\/schema\/person\/ef5208815f17666727763c5363a51344"},"headline":"Ulrich von Hutten, La v\u00e9role et le rem\u00e8de du ga\u00efac, \u00e9dition, traduction et notes de Brigitte Gauvin, Paris, Les Belles Lettres (Le miroir des humanistes), 2015. (S. L.)","datePublished":"2016-10-21T23:19:10+00:00","dateModified":"2024-02-21T23:23:38+00:00","mainEntityOfPage":{"@id":"http:\/\/www.semen-l.org\/?p=3354"},"wordCount":291,"commentCount":0,"publisher":{"@id":"http:\/\/www.semen-l.org\/#organization"},"image":{"@id":"http:\/\/www.semen-l.org\/?p=3354#primaryimage"},"thumbnailUrl":"https:\/\/www.semen-l.org\/wp-content\/uploads\/2024\/02\/verole-gaiac-couv.jpg","keywords":["histoire des textes","Hutten (Ulrich von)","La v\u00e9role et le rem\u00e8de du ga\u00efac","m\u00e9decine","traduction"],"articleSection":["Recensions"],"inLanguage":"fr-FR","potentialAction":[{"@type":"CommentAction","name":"Comment","target":["http:\/\/www.semen-l.org\/?p=3354#respond"]}]},{"@type":"WebPage","@id":"http:\/\/www.semen-l.org\/?p=3354","url":"http:\/\/www.semen-l.org\/?p=3354","name":"Recension SEMEN-L de La v\u00e9role et le rem\u00e8de du ga\u00efac","isPartOf":{"@id":"http:\/\/www.semen-l.org\/#website"},"primaryImageOfPage":{"@id":"http:\/\/www.semen-l.org\/?p=3354#primaryimage"},"image":{"@id":"http:\/\/www.semen-l.org\/?p=3354#primaryimage"},"thumbnailUrl":"https:\/\/www.semen-l.org\/wp-content\/uploads\/2024\/02\/verole-gaiac-couv.jpg","datePublished":"2016-10-21T23:19:10+00:00","dateModified":"2024-02-21T23:23:38+00:00","description":"Ulrich von Hutten, La v\u00e9role et le rem\u00e8de du ga\u00efac, par B. Gauvin, recension par la SEMEN-L pour le bulletin n\u00b014.","breadcrumb":{"@id":"http:\/\/www.semen-l.org\/?p=3354#breadcrumb"},"inLanguage":"fr-FR","potentialAction":[{"@type":"ReadAction","target":["http:\/\/www.semen-l.org\/?p=3354"]}]},{"@type":"ImageObject","inLanguage":"fr-FR","@id":"http:\/\/www.semen-l.org\/?p=3354#primaryimage","url":"https:\/\/www.semen-l.org\/wp-content\/uploads\/2024\/02\/verole-gaiac-couv.jpg","contentUrl":"https:\/\/www.semen-l.org\/wp-content\/uploads\/2024\/02\/verole-gaiac-couv.jpg","width":360,"height":579},{"@type":"BreadcrumbList","@id":"http:\/\/www.semen-l.org\/?p=3354#breadcrumb","itemListElement":[{"@type":"ListItem","position":1,"name":"Accueil","item":"http:\/\/www.semen-l.org\/"},{"@type":"ListItem","position":2,"name":"Ulrich von Hutten, La v\u00e9role et le rem\u00e8de du ga\u00efac, \u00e9dition, traduction et notes de Brigitte Gauvin, Paris, Les Belles Lettres (Le miroir des humanistes), 2015. (S. L.)"}]},{"@type":"WebSite","@id":"http:\/\/www.semen-l.org\/#website","url":"http:\/\/www.semen-l.org\/","name":"Soci\u00e9t\u00e9 d'\u00c9tudes M\u00e9dio Et N\u00e9o-Latines","description":"","publisher":{"@id":"http:\/\/www.semen-l.org\/#organization"},"potentialAction":[{"@type":"SearchAction","target":{"@type":"EntryPoint","urlTemplate":"http:\/\/www.semen-l.org\/?s={search_term_string}"},"query-input":{"@type":"PropertyValueSpecification","valueRequired":true,"valueName":"search_term_string"}}],"inLanguage":"fr-FR"},{"@type":"Organization","@id":"http:\/\/www.semen-l.org\/#organization","name":"Soci\u00e9t\u00e9 d'\u00e9tudes m\u00e9dio et n\u00e9o-latines","url":"http:\/\/www.semen-l.org\/","logo":{"@type":"ImageObject","inLanguage":"fr-FR","@id":"http:\/\/www.semen-l.org\/#\/schema\/logo\/image\/","url":"http:\/\/www.semen-l.org\/wp-content\/uploads\/2020\/11\/logo-semenl.jpg","contentUrl":"http:\/\/www.semen-l.org\/wp-content\/uploads\/2020\/11\/logo-semenl.jpg","width":408,"height":403,"caption":"Soci\u00e9t\u00e9 d'\u00e9tudes m\u00e9dio et n\u00e9o-latines"},"image":{"@id":"http:\/\/www.semen-l.org\/#\/schema\/logo\/image\/"},"sameAs":["https:\/\/www.facebook.com\/SEMENL2018","https:\/\/independent.academia.edu\/SocitsdtudesmdioetnolatinesSEMENL"]},{"@type":"Person","@id":"http:\/\/www.semen-l.org\/#\/schema\/person\/ef5208815f17666727763c5363a51344","name":"Julien Maudoux","image":{"@type":"ImageObject","inLanguage":"fr-FR","@id":"https:\/\/secure.gravatar.com\/avatar\/caabf4fb6242e2277733cd35a5c2aa083761ea25dae1d1ff3298b54292225292?s=96&d=mm&r=g","url":"https:\/\/secure.gravatar.com\/avatar\/caabf4fb6242e2277733cd35a5c2aa083761ea25dae1d1ff3298b54292225292?s=96&d=mm&r=g","contentUrl":"https:\/\/secure.gravatar.com\/avatar\/caabf4fb6242e2277733cd35a5c2aa083761ea25dae1d1ff3298b54292225292?s=96&d=mm&r=g","caption":"Julien Maudoux"},"description":"Webmestre du site de la SEMEN-L","url":"https:\/\/www.semen-l.org\/?author=26"}]}},"jetpack_featured_media_url":"https:\/\/www.semen-l.org\/wp-content\/uploads\/2024\/02\/verole-gaiac-couv.jpg","_links":{"self":[{"href":"https:\/\/www.semen-l.org\/index.php?rest_route=\/wp\/v2\/posts\/3354","targetHints":{"allow":["GET"]}}],"collection":[{"href":"https:\/\/www.semen-l.org\/index.php?rest_route=\/wp\/v2\/posts"}],"about":[{"href":"https:\/\/www.semen-l.org\/index.php?rest_route=\/wp\/v2\/types\/post"}],"author":[{"embeddable":true,"href":"https:\/\/www.semen-l.org\/index.php?rest_route=\/wp\/v2\/users\/26"}],"replies":[{"embeddable":true,"href":"https:\/\/www.semen-l.org\/index.php?rest_route=%2Fwp%2Fv2%2Fcomments&post=3354"}],"version-history":[{"count":0,"href":"https:\/\/www.semen-l.org\/index.php?rest_route=\/wp\/v2\/posts\/3354\/revisions"}],"wp:featuredmedia":[{"embeddable":true,"href":"https:\/\/www.semen-l.org\/index.php?rest_route=\/wp\/v2\/media\/3355"}],"wp:attachment":[{"href":"https:\/\/www.semen-l.org\/index.php?rest_route=%2Fwp%2Fv2%2Fmedia&parent=3354"}],"wp:term":[{"taxonomy":"category","embeddable":true,"href":"https:\/\/www.semen-l.org\/index.php?rest_route=%2Fwp%2Fv2%2Fcategories&post=3354"},{"taxonomy":"post_tag","embeddable":true,"href":"https:\/\/www.semen-l.org\/index.php?rest_route=%2Fwp%2Fv2%2Ftags&post=3354"}],"curies":[{"name":"wp","href":"https:\/\/api.w.org\/{rel}","templated":true}]}}