{"id":3347,"date":"2016-10-21T20:32:53","date_gmt":"2016-10-21T20:32:53","guid":{"rendered":"https:\/\/www.semen-l.org\/?p=3347"},"modified":"2024-02-21T20:37:09","modified_gmt":"2024-02-21T20:37:09","slug":"de-loral-a-lecrit-le-dialogue-a-travers-les-genres-romanesque-et-theatral-sous-la-direction-de-corinne-denoyelle-orleans-paradigme-salomon-dumotier","status":"publish","type":"post","link":"https:\/\/www.semen-l.org\/?p=3347","title":{"rendered":"De l\u2019oral \u00e0 l\u2019\u00e9crit, Le dialogue \u00e0 travers les genres romanesque et th\u00e9\u00e2tral, sous la direction de Corinne Denoyelle, Orl\u00e9ans, Paradigme. (Salomon Dumotier)"},"content":{"rendered":"<p><strong><em>De l\u2019oral \u00e0 l\u2019\u00e9crit, Le dialogue \u00e0 travers les genres romanesque et th\u00e9\u00e2tral<\/em>, sous la direction de Corinne Denoyelle, Orl\u00e9ans, Paradigme, 208 pp.<a href=\"https:\/\/www.editions-paradigme.com\/product\/De-l-oral-a-l-ecrit-le-dialogue-a-travers-les-genres-romanesques-et-theatral-Corinne-Denoyelle\"><img fetchpriority=\"high\" decoding=\"async\" class=\"alignright size-medium wp-image-3349\" src=\"http:\/\/www.semen-l.org\/wp-content\/uploads\/2024\/02\/deloralalecrit-couv-190x300.jpg\" alt=\"\" width=\"190\" height=\"300\" srcset=\"https:\/\/www.semen-l.org\/wp-content\/uploads\/2024\/02\/deloralalecrit-couv-190x300.jpg 190w, https:\/\/www.semen-l.org\/wp-content\/uploads\/2024\/02\/deloralalecrit-couv-127x200.jpg 127w, https:\/\/www.semen-l.org\/wp-content\/uploads\/2024\/02\/deloralalecrit-couv.jpg 276w\" sizes=\"(max-width: 190px) 100vw, 190px\" \/><\/a><\/strong><\/p>\n<p>Cet ouvrage rassemble les actes du colloque international qui s\u2019est tenu \u00e0 Toronto en juin 2011. L\u2019analyse du dialogue au croisement des genres romanesque et th\u00e9\u00e2tral permet une double r\u00e9flexion. La premi\u00e8re r\u00e9flexion, qui interroge l\u2019oralit\u00e9 de la litt\u00e9rature m\u00e9di\u00e9vale, aboutit au constat de l\u2019incapacit\u00e9 \u00e0 reconstruire les conditions exactes de la performance du texte. La deuxi\u00e8me r\u00e9flexion cherche quant \u00e0 elle \u00e0 d\u00e9finir g\u00e9n\u00e9riquement le roman et le th\u00e9\u00e2tre au Moyen \u00c2ge. Si dans un premier temps il faut faire le constat de leur apparente hybridit\u00e9, l\u2019analyse stylistique pr\u00e9cise du dialogue permet d\u2019envisager une diff\u00e9renciation op\u00e9rante des deux genres.<\/p>\n<p>Salomon Dumotier<\/p>\n<p>Cette recension a \u00e9t\u00e9 publi\u00e9e dans le<a href=\"https:\/\/www.semen-l.org\/?p=393\"> Bulletin de liaison n\u00b014 (2016) de la SEMEN-L<\/a> (p. 19).<\/p>\n","protected":false},"excerpt":{"rendered":"<p>De l\u2019oral \u00e0 l\u2019\u00e9crit, Le dialogue \u00e0 travers les genres romanesque et th\u00e9\u00e2tral, sous la direction de Corinne Denoyelle, Orl\u00e9ans, Paradigme, 208 pp. Cet ouvrage rassemble les actes du colloque international qui s\u2019est tenu \u00e0 Toronto en juin 2011. L\u2019analyse &hellip; <a href=\"https:\/\/www.semen-l.org\/?p=3347\">Continuer la lecture <span class=\"meta-nav\">&rarr;<\/span><\/a><\/p>\n","protected":false},"author":26,"featured_media":3349,"comment_status":"open","ping_status":"open","sticky":false,"template":"","format":"standard","meta":{"footnotes":""},"categories":[1825],"tags":[174,2080,1462,1296],"class_list":["post-3347","post","type-post","status-publish","format-standard","has-post-thumbnail","hentry","category-recensions","tag-dialogue","tag-performance","tag-roman","tag-theatre"],"yoast_head":"<!-- This site is optimized with the Yoast SEO plugin v27.5 - https:\/\/yoast.com\/product\/yoast-seo-wordpress\/ -->\n<title>De l\u2019oral \u00e0 l\u2019\u00e9crit, Le dialogue... recension SEMEN-L<\/title>\n<meta name=\"description\" content=\"Recension par la SEMEN-L de l&#039;ouvrage collectif D.e l\u2019oral \u00e0 l\u2019\u00e9crit, Le dialogue \u00e0 travers les genres romanesque et th\u00e9\u00e2tral\" \/>\n<meta name=\"robots\" content=\"index, follow, max-snippet:-1, max-image-preview:large, max-video-preview:-1\" \/>\n<link rel=\"canonical\" href=\"https:\/\/www.semen-l.org\/?p=3347\" \/>\n<meta property=\"og:locale\" content=\"fr_FR\" \/>\n<meta property=\"og:type\" content=\"article\" \/>\n<meta property=\"og:title\" content=\"De l\u2019oral \u00e0 l\u2019\u00e9crit, Le dialogue... recension SEMEN-L\" \/>\n<meta property=\"og:description\" content=\"Recension par la SEMEN-L de l&#039;ouvrage collectif D.e l\u2019oral \u00e0 l\u2019\u00e9crit, Le dialogue \u00e0 travers les genres romanesque et th\u00e9\u00e2tral\" \/>\n<meta property=\"og:url\" content=\"https:\/\/www.semen-l.org\/?p=3347\" \/>\n<meta property=\"og:site_name\" content=\"Soci\u00e9t\u00e9 d&#039;\u00c9tudes M\u00e9dio Et N\u00e9o-Latines\" \/>\n<meta property=\"article:publisher\" content=\"https:\/\/www.facebook.com\/SEMENL2018\" \/>\n<meta property=\"article:published_time\" content=\"2016-10-21T20:32:53+00:00\" \/>\n<meta property=\"article:modified_time\" content=\"2024-02-21T20:37:09+00:00\" \/>\n<meta property=\"og:image\" content=\"https:\/\/www.semen-l.org\/wp-content\/uploads\/2024\/02\/deloralalecrit-couv.jpg\" \/>\n\t<meta property=\"og:image:width\" content=\"276\" \/>\n\t<meta property=\"og:image:height\" content=\"436\" \/>\n\t<meta property=\"og:image:type\" content=\"image\/jpeg\" \/>\n<meta name=\"author\" content=\"Julien Maudoux\" \/>\n<meta name=\"twitter:card\" content=\"summary_large_image\" \/>\n<meta name=\"twitter:label1\" content=\"\u00c9crit par\" \/>\n\t<meta name=\"twitter:data1\" content=\"Julien Maudoux\" \/>\n\t<meta name=\"twitter:label2\" content=\"Dur\u00e9e de lecture estim\u00e9e\" \/>\n\t<meta name=\"twitter:data2\" content=\"2 minutes\" \/>\n<script type=\"application\/ld+json\" class=\"yoast-schema-graph\">{\"@context\":\"https:\\\/\\\/schema.org\",\"@graph\":[{\"@type\":\"Article\",\"@id\":\"https:\\\/\\\/www.semen-l.org\\\/?p=3347#article\",\"isPartOf\":{\"@id\":\"https:\\\/\\\/www.semen-l.org\\\/?p=3347\"},\"author\":{\"name\":\"Julien Maudoux\",\"@id\":\"http:\\\/\\\/www.semen-l.org\\\/#\\\/schema\\\/person\\\/ef5208815f17666727763c5363a51344\"},\"headline\":\"De l\u2019oral \u00e0 l\u2019\u00e9crit, Le dialogue \u00e0 travers les genres romanesque et th\u00e9\u00e2tral, sous la direction de Corinne Denoyelle, Orl\u00e9ans, Paradigme. (Salomon Dumotier)\",\"datePublished\":\"2016-10-21T20:32:53+00:00\",\"dateModified\":\"2024-02-21T20:37:09+00:00\",\"mainEntityOfPage\":{\"@id\":\"https:\\\/\\\/www.semen-l.org\\\/?p=3347\"},\"wordCount\":184,\"commentCount\":0,\"publisher\":{\"@id\":\"http:\\\/\\\/www.semen-l.org\\\/#organization\"},\"image\":{\"@id\":\"https:\\\/\\\/www.semen-l.org\\\/?p=3347#primaryimage\"},\"thumbnailUrl\":\"https:\\\/\\\/www.semen-l.org\\\/wp-content\\\/uploads\\\/2024\\\/02\\\/deloralalecrit-couv.jpg\",\"keywords\":[\"dialogue\",\"performance\",\"roman\",\"th\u00e9\u00e2tre\"],\"articleSection\":[\"Recensions\"],\"inLanguage\":\"fr-FR\",\"potentialAction\":[{\"@type\":\"CommentAction\",\"name\":\"Comment\",\"target\":[\"https:\\\/\\\/www.semen-l.org\\\/?p=3347#respond\"]}]},{\"@type\":\"WebPage\",\"@id\":\"https:\\\/\\\/www.semen-l.org\\\/?p=3347\",\"url\":\"https:\\\/\\\/www.semen-l.org\\\/?p=3347\",\"name\":\"De l\u2019oral \u00e0 l\u2019\u00e9crit, Le dialogue... recension SEMEN-L\",\"isPartOf\":{\"@id\":\"http:\\\/\\\/www.semen-l.org\\\/#website\"},\"primaryImageOfPage\":{\"@id\":\"https:\\\/\\\/www.semen-l.org\\\/?p=3347#primaryimage\"},\"image\":{\"@id\":\"https:\\\/\\\/www.semen-l.org\\\/?p=3347#primaryimage\"},\"thumbnailUrl\":\"https:\\\/\\\/www.semen-l.org\\\/wp-content\\\/uploads\\\/2024\\\/02\\\/deloralalecrit-couv.jpg\",\"datePublished\":\"2016-10-21T20:32:53+00:00\",\"dateModified\":\"2024-02-21T20:37:09+00:00\",\"description\":\"Recension par la SEMEN-L de l'ouvrage collectif D.e l\u2019oral \u00e0 l\u2019\u00e9crit, Le dialogue \u00e0 travers les genres romanesque et th\u00e9\u00e2tral\",\"breadcrumb\":{\"@id\":\"https:\\\/\\\/www.semen-l.org\\\/?p=3347#breadcrumb\"},\"inLanguage\":\"fr-FR\",\"potentialAction\":[{\"@type\":\"ReadAction\",\"target\":[\"https:\\\/\\\/www.semen-l.org\\\/?p=3347\"]}]},{\"@type\":\"ImageObject\",\"inLanguage\":\"fr-FR\",\"@id\":\"https:\\\/\\\/www.semen-l.org\\\/?p=3347#primaryimage\",\"url\":\"https:\\\/\\\/www.semen-l.org\\\/wp-content\\\/uploads\\\/2024\\\/02\\\/deloralalecrit-couv.jpg\",\"contentUrl\":\"https:\\\/\\\/www.semen-l.org\\\/wp-content\\\/uploads\\\/2024\\\/02\\\/deloralalecrit-couv.jpg\",\"width\":276,\"height\":436},{\"@type\":\"BreadcrumbList\",\"@id\":\"https:\\\/\\\/www.semen-l.org\\\/?p=3347#breadcrumb\",\"itemListElement\":[{\"@type\":\"ListItem\",\"position\":1,\"name\":\"Accueil\",\"item\":\"http:\\\/\\\/www.semen-l.org\\\/\"},{\"@type\":\"ListItem\",\"position\":2,\"name\":\"De l\u2019oral \u00e0 l\u2019\u00e9crit, Le dialogue \u00e0 travers les genres romanesque et th\u00e9\u00e2tral, sous la direction de Corinne Denoyelle, Orl\u00e9ans, Paradigme. (Salomon Dumotier)\"}]},{\"@type\":\"WebSite\",\"@id\":\"http:\\\/\\\/www.semen-l.org\\\/#website\",\"url\":\"http:\\\/\\\/www.semen-l.org\\\/\",\"name\":\"Soci\u00e9t\u00e9 d'\u00c9tudes M\u00e9dio Et N\u00e9o-Latines\",\"description\":\"\",\"publisher\":{\"@id\":\"http:\\\/\\\/www.semen-l.org\\\/#organization\"},\"potentialAction\":[{\"@type\":\"SearchAction\",\"target\":{\"@type\":\"EntryPoint\",\"urlTemplate\":\"http:\\\/\\\/www.semen-l.org\\\/?s={search_term_string}\"},\"query-input\":{\"@type\":\"PropertyValueSpecification\",\"valueRequired\":true,\"valueName\":\"search_term_string\"}}],\"inLanguage\":\"fr-FR\"},{\"@type\":\"Organization\",\"@id\":\"http:\\\/\\\/www.semen-l.org\\\/#organization\",\"name\":\"Soci\u00e9t\u00e9 d'\u00e9tudes m\u00e9dio et n\u00e9o-latines\",\"url\":\"http:\\\/\\\/www.semen-l.org\\\/\",\"logo\":{\"@type\":\"ImageObject\",\"inLanguage\":\"fr-FR\",\"@id\":\"http:\\\/\\\/www.semen-l.org\\\/#\\\/schema\\\/logo\\\/image\\\/\",\"url\":\"http:\\\/\\\/www.semen-l.org\\\/wp-content\\\/uploads\\\/2020\\\/11\\\/logo-semenl.jpg\",\"contentUrl\":\"http:\\\/\\\/www.semen-l.org\\\/wp-content\\\/uploads\\\/2020\\\/11\\\/logo-semenl.jpg\",\"width\":408,\"height\":403,\"caption\":\"Soci\u00e9t\u00e9 d'\u00e9tudes m\u00e9dio et n\u00e9o-latines\"},\"image\":{\"@id\":\"http:\\\/\\\/www.semen-l.org\\\/#\\\/schema\\\/logo\\\/image\\\/\"},\"sameAs\":[\"https:\\\/\\\/www.facebook.com\\\/SEMENL2018\",\"https:\\\/\\\/independent.academia.edu\\\/SocitsdtudesmdioetnolatinesSEMENL\"]},{\"@type\":\"Person\",\"@id\":\"http:\\\/\\\/www.semen-l.org\\\/#\\\/schema\\\/person\\\/ef5208815f17666727763c5363a51344\",\"name\":\"Julien Maudoux\",\"image\":{\"@type\":\"ImageObject\",\"inLanguage\":\"fr-FR\",\"@id\":\"https:\\\/\\\/secure.gravatar.com\\\/avatar\\\/caabf4fb6242e2277733cd35a5c2aa083761ea25dae1d1ff3298b54292225292?s=96&d=mm&r=g\",\"url\":\"https:\\\/\\\/secure.gravatar.com\\\/avatar\\\/caabf4fb6242e2277733cd35a5c2aa083761ea25dae1d1ff3298b54292225292?s=96&d=mm&r=g\",\"contentUrl\":\"https:\\\/\\\/secure.gravatar.com\\\/avatar\\\/caabf4fb6242e2277733cd35a5c2aa083761ea25dae1d1ff3298b54292225292?s=96&d=mm&r=g\",\"caption\":\"Julien Maudoux\"},\"description\":\"Webmestre du site de la SEMEN-L\",\"url\":\"https:\\\/\\\/www.semen-l.org\\\/?author=26\"}]}<\/script>\n<!-- \/ Yoast SEO plugin. -->","yoast_head_json":{"title":"De l\u2019oral \u00e0 l\u2019\u00e9crit, Le dialogue... recension SEMEN-L","description":"Recension par la SEMEN-L de l'ouvrage collectif D.e l\u2019oral \u00e0 l\u2019\u00e9crit, Le dialogue \u00e0 travers les genres romanesque et th\u00e9\u00e2tral","robots":{"index":"index","follow":"follow","max-snippet":"max-snippet:-1","max-image-preview":"max-image-preview:large","max-video-preview":"max-video-preview:-1"},"canonical":"https:\/\/www.semen-l.org\/?p=3347","og_locale":"fr_FR","og_type":"article","og_title":"De l\u2019oral \u00e0 l\u2019\u00e9crit, Le dialogue... recension SEMEN-L","og_description":"Recension par la SEMEN-L de l'ouvrage collectif D.e l\u2019oral \u00e0 l\u2019\u00e9crit, Le dialogue \u00e0 travers les genres romanesque et th\u00e9\u00e2tral","og_url":"https:\/\/www.semen-l.org\/?p=3347","og_site_name":"Soci\u00e9t\u00e9 d&#039;\u00c9tudes M\u00e9dio Et N\u00e9o-Latines","article_publisher":"https:\/\/www.facebook.com\/SEMENL2018","article_published_time":"2016-10-21T20:32:53+00:00","article_modified_time":"2024-02-21T20:37:09+00:00","og_image":[{"width":276,"height":436,"url":"https:\/\/www.semen-l.org\/wp-content\/uploads\/2024\/02\/deloralalecrit-couv.jpg","type":"image\/jpeg"}],"author":"Julien Maudoux","twitter_card":"summary_large_image","twitter_misc":{"\u00c9crit par":"Julien Maudoux","Dur\u00e9e de lecture estim\u00e9e":"2 minutes"},"schema":{"@context":"https:\/\/schema.org","@graph":[{"@type":"Article","@id":"https:\/\/www.semen-l.org\/?p=3347#article","isPartOf":{"@id":"https:\/\/www.semen-l.org\/?p=3347"},"author":{"name":"Julien Maudoux","@id":"http:\/\/www.semen-l.org\/#\/schema\/person\/ef5208815f17666727763c5363a51344"},"headline":"De l\u2019oral \u00e0 l\u2019\u00e9crit, Le dialogue \u00e0 travers les genres romanesque et th\u00e9\u00e2tral, sous la direction de Corinne Denoyelle, Orl\u00e9ans, Paradigme. (Salomon Dumotier)","datePublished":"2016-10-21T20:32:53+00:00","dateModified":"2024-02-21T20:37:09+00:00","mainEntityOfPage":{"@id":"https:\/\/www.semen-l.org\/?p=3347"},"wordCount":184,"commentCount":0,"publisher":{"@id":"http:\/\/www.semen-l.org\/#organization"},"image":{"@id":"https:\/\/www.semen-l.org\/?p=3347#primaryimage"},"thumbnailUrl":"https:\/\/www.semen-l.org\/wp-content\/uploads\/2024\/02\/deloralalecrit-couv.jpg","keywords":["dialogue","performance","roman","th\u00e9\u00e2tre"],"articleSection":["Recensions"],"inLanguage":"fr-FR","potentialAction":[{"@type":"CommentAction","name":"Comment","target":["https:\/\/www.semen-l.org\/?p=3347#respond"]}]},{"@type":"WebPage","@id":"https:\/\/www.semen-l.org\/?p=3347","url":"https:\/\/www.semen-l.org\/?p=3347","name":"De l\u2019oral \u00e0 l\u2019\u00e9crit, Le dialogue... recension SEMEN-L","isPartOf":{"@id":"http:\/\/www.semen-l.org\/#website"},"primaryImageOfPage":{"@id":"https:\/\/www.semen-l.org\/?p=3347#primaryimage"},"image":{"@id":"https:\/\/www.semen-l.org\/?p=3347#primaryimage"},"thumbnailUrl":"https:\/\/www.semen-l.org\/wp-content\/uploads\/2024\/02\/deloralalecrit-couv.jpg","datePublished":"2016-10-21T20:32:53+00:00","dateModified":"2024-02-21T20:37:09+00:00","description":"Recension par la SEMEN-L de l'ouvrage collectif D.e l\u2019oral \u00e0 l\u2019\u00e9crit, Le dialogue \u00e0 travers les genres romanesque et th\u00e9\u00e2tral","breadcrumb":{"@id":"https:\/\/www.semen-l.org\/?p=3347#breadcrumb"},"inLanguage":"fr-FR","potentialAction":[{"@type":"ReadAction","target":["https:\/\/www.semen-l.org\/?p=3347"]}]},{"@type":"ImageObject","inLanguage":"fr-FR","@id":"https:\/\/www.semen-l.org\/?p=3347#primaryimage","url":"https:\/\/www.semen-l.org\/wp-content\/uploads\/2024\/02\/deloralalecrit-couv.jpg","contentUrl":"https:\/\/www.semen-l.org\/wp-content\/uploads\/2024\/02\/deloralalecrit-couv.jpg","width":276,"height":436},{"@type":"BreadcrumbList","@id":"https:\/\/www.semen-l.org\/?p=3347#breadcrumb","itemListElement":[{"@type":"ListItem","position":1,"name":"Accueil","item":"http:\/\/www.semen-l.org\/"},{"@type":"ListItem","position":2,"name":"De l\u2019oral \u00e0 l\u2019\u00e9crit, Le dialogue \u00e0 travers les genres romanesque et th\u00e9\u00e2tral, sous la direction de Corinne Denoyelle, Orl\u00e9ans, Paradigme. (Salomon Dumotier)"}]},{"@type":"WebSite","@id":"http:\/\/www.semen-l.org\/#website","url":"http:\/\/www.semen-l.org\/","name":"Soci\u00e9t\u00e9 d'\u00c9tudes M\u00e9dio Et N\u00e9o-Latines","description":"","publisher":{"@id":"http:\/\/www.semen-l.org\/#organization"},"potentialAction":[{"@type":"SearchAction","target":{"@type":"EntryPoint","urlTemplate":"http:\/\/www.semen-l.org\/?s={search_term_string}"},"query-input":{"@type":"PropertyValueSpecification","valueRequired":true,"valueName":"search_term_string"}}],"inLanguage":"fr-FR"},{"@type":"Organization","@id":"http:\/\/www.semen-l.org\/#organization","name":"Soci\u00e9t\u00e9 d'\u00e9tudes m\u00e9dio et n\u00e9o-latines","url":"http:\/\/www.semen-l.org\/","logo":{"@type":"ImageObject","inLanguage":"fr-FR","@id":"http:\/\/www.semen-l.org\/#\/schema\/logo\/image\/","url":"http:\/\/www.semen-l.org\/wp-content\/uploads\/2020\/11\/logo-semenl.jpg","contentUrl":"http:\/\/www.semen-l.org\/wp-content\/uploads\/2020\/11\/logo-semenl.jpg","width":408,"height":403,"caption":"Soci\u00e9t\u00e9 d'\u00e9tudes m\u00e9dio et n\u00e9o-latines"},"image":{"@id":"http:\/\/www.semen-l.org\/#\/schema\/logo\/image\/"},"sameAs":["https:\/\/www.facebook.com\/SEMENL2018","https:\/\/independent.academia.edu\/SocitsdtudesmdioetnolatinesSEMENL"]},{"@type":"Person","@id":"http:\/\/www.semen-l.org\/#\/schema\/person\/ef5208815f17666727763c5363a51344","name":"Julien Maudoux","image":{"@type":"ImageObject","inLanguage":"fr-FR","@id":"https:\/\/secure.gravatar.com\/avatar\/caabf4fb6242e2277733cd35a5c2aa083761ea25dae1d1ff3298b54292225292?s=96&d=mm&r=g","url":"https:\/\/secure.gravatar.com\/avatar\/caabf4fb6242e2277733cd35a5c2aa083761ea25dae1d1ff3298b54292225292?s=96&d=mm&r=g","contentUrl":"https:\/\/secure.gravatar.com\/avatar\/caabf4fb6242e2277733cd35a5c2aa083761ea25dae1d1ff3298b54292225292?s=96&d=mm&r=g","caption":"Julien Maudoux"},"description":"Webmestre du site de la SEMEN-L","url":"https:\/\/www.semen-l.org\/?author=26"}]}},"jetpack_featured_media_url":"https:\/\/www.semen-l.org\/wp-content\/uploads\/2024\/02\/deloralalecrit-couv.jpg","_links":{"self":[{"href":"https:\/\/www.semen-l.org\/index.php?rest_route=\/wp\/v2\/posts\/3347","targetHints":{"allow":["GET"]}}],"collection":[{"href":"https:\/\/www.semen-l.org\/index.php?rest_route=\/wp\/v2\/posts"}],"about":[{"href":"https:\/\/www.semen-l.org\/index.php?rest_route=\/wp\/v2\/types\/post"}],"author":[{"embeddable":true,"href":"https:\/\/www.semen-l.org\/index.php?rest_route=\/wp\/v2\/users\/26"}],"replies":[{"embeddable":true,"href":"https:\/\/www.semen-l.org\/index.php?rest_route=%2Fwp%2Fv2%2Fcomments&post=3347"}],"version-history":[{"count":0,"href":"https:\/\/www.semen-l.org\/index.php?rest_route=\/wp\/v2\/posts\/3347\/revisions"}],"wp:featuredmedia":[{"embeddable":true,"href":"https:\/\/www.semen-l.org\/index.php?rest_route=\/wp\/v2\/media\/3349"}],"wp:attachment":[{"href":"https:\/\/www.semen-l.org\/index.php?rest_route=%2Fwp%2Fv2%2Fmedia&parent=3347"}],"wp:term":[{"taxonomy":"category","embeddable":true,"href":"https:\/\/www.semen-l.org\/index.php?rest_route=%2Fwp%2Fv2%2Fcategories&post=3347"},{"taxonomy":"post_tag","embeddable":true,"href":"https:\/\/www.semen-l.org\/index.php?rest_route=%2Fwp%2Fv2%2Ftags&post=3347"}],"curies":[{"name":"wp","href":"https:\/\/api.w.org\/{rel}","templated":true}]}}