{"id":3344,"date":"2016-10-21T20:27:06","date_gmt":"2016-10-21T20:27:06","guid":{"rendered":"https:\/\/www.semen-l.org\/?p=3344"},"modified":"2024-02-21T20:30:47","modified_gmt":"2024-02-21T20:30:47","slug":"pensee-et-dialogue-au-moyen-age-sous-la-direction-de-marie-etiennette-bely-pierre-gire-et-eric-mangin-lyon-editions-profac-theo-2013-salomon-dumotier","status":"publish","type":"post","link":"https:\/\/www.semen-l.org\/?p=3344","title":{"rendered":"Pens\u00e9e et dialogue au Moyen \u00c2ge, sous la direction de Marie-Etiennette B\u00e9ly, Pierre Gire et Eric Mangin, Lyon, Editions Profac Th\u00e9o, 2013. (Salomon Dumotier)"},"content":{"rendered":"<p><strong><em>Pens\u00e9e et dialogue au Moyen \u00c2ge<\/em>, sous la direction de Marie-Etiennette B\u00e9ly, Pierre Gire et Eric Mangin, Lyon, Editions Profac Th\u00e9o, 2013. 191 pages. <a href=\"https:\/\/www.ucly.fr\/publications-des-chercheurs\/pensee-et-dialogue-au-moyen-age\/\"><img fetchpriority=\"high\" decoding=\"async\" class=\"alignright size-full wp-image-3345\" src=\"http:\/\/www.semen-l.org\/wp-content\/uploads\/2024\/02\/pensee-dialogue-ma-couv.jpg\" alt=\"\" width=\"202\" height=\"283\" srcset=\"https:\/\/www.semen-l.org\/wp-content\/uploads\/2024\/02\/pensee-dialogue-ma-couv.jpg 202w, https:\/\/www.semen-l.org\/wp-content\/uploads\/2024\/02\/pensee-dialogue-ma-couv-143x200.jpg 143w\" sizes=\"(max-width: 202px) 100vw, 202px\" \/><\/a><\/strong><\/p>\n<p>Sous ce titre sont r\u00e9unis les actes du colloque international de philosophie m\u00e9di\u00e9vale de Lyon qui s\u2019est tenu en d\u00e9cembre 2012. Les diff\u00e9rents intervenants interrogent tour | tour la relation entre philosophie et th\u00e9ologie, \u00e9tudient l\u2019\u00e9volution de la forme dialogique chez les philosophes m\u00e9di\u00e9vaux puis se concentrent sur quelques grandes figures de la pens\u00e9e m\u00e9di\u00e9vale en montrant leurs liens avec les auteurs antiques pa\u00efens et chr\u00e9tiens. Centr\u00e9e sur la foi chr\u00e9tienne, la r\u00e9flexion se confronte \u00e9galement aux repr\u00e9sentations de philosophes juifs et musulmans tels que Ma\u00efmonide et les penseurs \u00e9sot\u00e9riques connus sous le nom de \u00ab Fr\u00e8res de la puret\u00e9 \u00bb.<\/p>\n<p>Salomon Dumotier<\/p>\n<p>Cette recension a \u00e9t\u00e9 publi\u00e9e dans le<a href=\"https:\/\/www.semen-l.org\/?p=393\"> Bulletin de liaison n\u00b014 (2016) de la SEMEN-L<\/a> (p. 19).<\/p>\n","protected":false},"excerpt":{"rendered":"<p>Pens\u00e9e et dialogue au Moyen \u00c2ge, sous la direction de Marie-Etiennette B\u00e9ly, Pierre Gire et Eric Mangin, Lyon, Editions Profac Th\u00e9o, 2013. 191 pages. Sous ce titre sont r\u00e9unis les actes du colloque international de philosophie m\u00e9di\u00e9vale de Lyon qui &hellip; <a href=\"https:\/\/www.semen-l.org\/?p=3344\">Continuer la lecture <span class=\"meta-nav\">&rarr;<\/span><\/a><\/p>\n","protected":false},"author":26,"featured_media":3345,"comment_status":"open","ping_status":"open","sticky":false,"template":"","format":"standard","meta":{"footnotes":""},"categories":[1825],"tags":[1449,174,2078,2077,139,286],"class_list":["post-3344","post","type-post","status-publish","format-standard","has-post-thumbnail","hentry","category-recensions","tag-christianisme","tag-dialogue","tag-judaisme","tag-maimonide","tag-philosophie","tag-theologie"],"yoast_head":"<!-- This site is optimized with the Yoast SEO plugin v27.5 - https:\/\/yoast.com\/product\/yoast-seo-wordpress\/ -->\n<title>Recension de Pens\u00e9e et dialogue au Moyen \u00c2ge par la SEMEN-L<\/title>\n<meta name=\"description\" content=\"Pr\u00e9sentation de l&#039;ouvrage collectif sous la direction de Marie-Etiennette B\u00e9ly, Pierre Gire et Eric Mangin, Lyon (2013).\" \/>\n<meta name=\"robots\" content=\"index, follow, max-snippet:-1, max-image-preview:large, max-video-preview:-1\" \/>\n<link rel=\"canonical\" href=\"https:\/\/www.semen-l.org\/?p=3344\" \/>\n<meta property=\"og:locale\" content=\"fr_FR\" \/>\n<meta property=\"og:type\" content=\"article\" \/>\n<meta property=\"og:title\" content=\"Recension de Pens\u00e9e et dialogue au Moyen \u00c2ge par la SEMEN-L\" \/>\n<meta property=\"og:description\" content=\"Pr\u00e9sentation de l&#039;ouvrage collectif sous la direction de Marie-Etiennette B\u00e9ly, Pierre Gire et Eric Mangin, Lyon (2013).\" \/>\n<meta property=\"og:url\" content=\"https:\/\/www.semen-l.org\/?p=3344\" \/>\n<meta property=\"og:site_name\" content=\"Soci\u00e9t\u00e9 d&#039;\u00c9tudes M\u00e9dio Et N\u00e9o-Latines\" \/>\n<meta property=\"article:publisher\" content=\"https:\/\/www.facebook.com\/SEMENL2018\" \/>\n<meta property=\"article:published_time\" content=\"2016-10-21T20:27:06+00:00\" \/>\n<meta property=\"article:modified_time\" content=\"2024-02-21T20:30:47+00:00\" \/>\n<meta property=\"og:image\" content=\"https:\/\/www.semen-l.org\/wp-content\/uploads\/2024\/02\/pensee-dialogue-ma-couv.jpg\" \/>\n\t<meta property=\"og:image:width\" content=\"202\" \/>\n\t<meta property=\"og:image:height\" content=\"283\" \/>\n\t<meta property=\"og:image:type\" content=\"image\/jpeg\" \/>\n<meta name=\"author\" content=\"Julien Maudoux\" \/>\n<meta name=\"twitter:card\" content=\"summary_large_image\" \/>\n<meta name=\"twitter:label1\" content=\"\u00c9crit par\" \/>\n\t<meta name=\"twitter:data1\" content=\"Julien Maudoux\" \/>\n\t<meta name=\"twitter:label2\" content=\"Dur\u00e9e de lecture estim\u00e9e\" \/>\n\t<meta name=\"twitter:data2\" content=\"1 minute\" \/>\n<script type=\"application\/ld+json\" class=\"yoast-schema-graph\">{\"@context\":\"https:\\\/\\\/schema.org\",\"@graph\":[{\"@type\":\"Article\",\"@id\":\"https:\\\/\\\/www.semen-l.org\\\/?p=3344#article\",\"isPartOf\":{\"@id\":\"https:\\\/\\\/www.semen-l.org\\\/?p=3344\"},\"author\":{\"name\":\"Julien Maudoux\",\"@id\":\"http:\\\/\\\/www.semen-l.org\\\/#\\\/schema\\\/person\\\/ef5208815f17666727763c5363a51344\"},\"headline\":\"Pens\u00e9e et dialogue au Moyen \u00c2ge, sous la direction de Marie-Etiennette B\u00e9ly, Pierre Gire et Eric Mangin, Lyon, Editions Profac Th\u00e9o, 2013. (Salomon Dumotier)\",\"datePublished\":\"2016-10-21T20:27:06+00:00\",\"dateModified\":\"2024-02-21T20:30:47+00:00\",\"mainEntityOfPage\":{\"@id\":\"https:\\\/\\\/www.semen-l.org\\\/?p=3344\"},\"wordCount\":188,\"commentCount\":0,\"publisher\":{\"@id\":\"http:\\\/\\\/www.semen-l.org\\\/#organization\"},\"image\":{\"@id\":\"https:\\\/\\\/www.semen-l.org\\\/?p=3344#primaryimage\"},\"thumbnailUrl\":\"https:\\\/\\\/www.semen-l.org\\\/wp-content\\\/uploads\\\/2024\\\/02\\\/pensee-dialogue-ma-couv.jpg\",\"keywords\":[\"christianisme\",\"dialogue\",\"juda\u00efsme\",\"Ma\u00efmonide\",\"philosophie\",\"th\u00e9ologie\"],\"articleSection\":[\"Recensions\"],\"inLanguage\":\"fr-FR\",\"potentialAction\":[{\"@type\":\"CommentAction\",\"name\":\"Comment\",\"target\":[\"https:\\\/\\\/www.semen-l.org\\\/?p=3344#respond\"]}]},{\"@type\":\"WebPage\",\"@id\":\"https:\\\/\\\/www.semen-l.org\\\/?p=3344\",\"url\":\"https:\\\/\\\/www.semen-l.org\\\/?p=3344\",\"name\":\"Recension de Pens\u00e9e et dialogue au Moyen \u00c2ge par la SEMEN-L\",\"isPartOf\":{\"@id\":\"http:\\\/\\\/www.semen-l.org\\\/#website\"},\"primaryImageOfPage\":{\"@id\":\"https:\\\/\\\/www.semen-l.org\\\/?p=3344#primaryimage\"},\"image\":{\"@id\":\"https:\\\/\\\/www.semen-l.org\\\/?p=3344#primaryimage\"},\"thumbnailUrl\":\"https:\\\/\\\/www.semen-l.org\\\/wp-content\\\/uploads\\\/2024\\\/02\\\/pensee-dialogue-ma-couv.jpg\",\"datePublished\":\"2016-10-21T20:27:06+00:00\",\"dateModified\":\"2024-02-21T20:30:47+00:00\",\"description\":\"Pr\u00e9sentation de l'ouvrage collectif sous la direction de Marie-Etiennette B\u00e9ly, Pierre Gire et Eric Mangin, Lyon (2013).\",\"breadcrumb\":{\"@id\":\"https:\\\/\\\/www.semen-l.org\\\/?p=3344#breadcrumb\"},\"inLanguage\":\"fr-FR\",\"potentialAction\":[{\"@type\":\"ReadAction\",\"target\":[\"https:\\\/\\\/www.semen-l.org\\\/?p=3344\"]}]},{\"@type\":\"ImageObject\",\"inLanguage\":\"fr-FR\",\"@id\":\"https:\\\/\\\/www.semen-l.org\\\/?p=3344#primaryimage\",\"url\":\"https:\\\/\\\/www.semen-l.org\\\/wp-content\\\/uploads\\\/2024\\\/02\\\/pensee-dialogue-ma-couv.jpg\",\"contentUrl\":\"https:\\\/\\\/www.semen-l.org\\\/wp-content\\\/uploads\\\/2024\\\/02\\\/pensee-dialogue-ma-couv.jpg\",\"width\":202,\"height\":283},{\"@type\":\"BreadcrumbList\",\"@id\":\"https:\\\/\\\/www.semen-l.org\\\/?p=3344#breadcrumb\",\"itemListElement\":[{\"@type\":\"ListItem\",\"position\":1,\"name\":\"Accueil\",\"item\":\"http:\\\/\\\/www.semen-l.org\\\/\"},{\"@type\":\"ListItem\",\"position\":2,\"name\":\"Pens\u00e9e et dialogue au Moyen \u00c2ge, sous la direction de Marie-Etiennette B\u00e9ly, Pierre Gire et Eric Mangin, Lyon, Editions Profac Th\u00e9o, 2013. (Salomon Dumotier)\"}]},{\"@type\":\"WebSite\",\"@id\":\"http:\\\/\\\/www.semen-l.org\\\/#website\",\"url\":\"http:\\\/\\\/www.semen-l.org\\\/\",\"name\":\"Soci\u00e9t\u00e9 d'\u00c9tudes M\u00e9dio Et N\u00e9o-Latines\",\"description\":\"\",\"publisher\":{\"@id\":\"http:\\\/\\\/www.semen-l.org\\\/#organization\"},\"potentialAction\":[{\"@type\":\"SearchAction\",\"target\":{\"@type\":\"EntryPoint\",\"urlTemplate\":\"http:\\\/\\\/www.semen-l.org\\\/?s={search_term_string}\"},\"query-input\":{\"@type\":\"PropertyValueSpecification\",\"valueRequired\":true,\"valueName\":\"search_term_string\"}}],\"inLanguage\":\"fr-FR\"},{\"@type\":\"Organization\",\"@id\":\"http:\\\/\\\/www.semen-l.org\\\/#organization\",\"name\":\"Soci\u00e9t\u00e9 d'\u00e9tudes m\u00e9dio et n\u00e9o-latines\",\"url\":\"http:\\\/\\\/www.semen-l.org\\\/\",\"logo\":{\"@type\":\"ImageObject\",\"inLanguage\":\"fr-FR\",\"@id\":\"http:\\\/\\\/www.semen-l.org\\\/#\\\/schema\\\/logo\\\/image\\\/\",\"url\":\"http:\\\/\\\/www.semen-l.org\\\/wp-content\\\/uploads\\\/2020\\\/11\\\/logo-semenl.jpg\",\"contentUrl\":\"http:\\\/\\\/www.semen-l.org\\\/wp-content\\\/uploads\\\/2020\\\/11\\\/logo-semenl.jpg\",\"width\":408,\"height\":403,\"caption\":\"Soci\u00e9t\u00e9 d'\u00e9tudes m\u00e9dio et n\u00e9o-latines\"},\"image\":{\"@id\":\"http:\\\/\\\/www.semen-l.org\\\/#\\\/schema\\\/logo\\\/image\\\/\"},\"sameAs\":[\"https:\\\/\\\/www.facebook.com\\\/SEMENL2018\",\"https:\\\/\\\/independent.academia.edu\\\/SocitsdtudesmdioetnolatinesSEMENL\"]},{\"@type\":\"Person\",\"@id\":\"http:\\\/\\\/www.semen-l.org\\\/#\\\/schema\\\/person\\\/ef5208815f17666727763c5363a51344\",\"name\":\"Julien Maudoux\",\"image\":{\"@type\":\"ImageObject\",\"inLanguage\":\"fr-FR\",\"@id\":\"https:\\\/\\\/secure.gravatar.com\\\/avatar\\\/caabf4fb6242e2277733cd35a5c2aa083761ea25dae1d1ff3298b54292225292?s=96&d=mm&r=g\",\"url\":\"https:\\\/\\\/secure.gravatar.com\\\/avatar\\\/caabf4fb6242e2277733cd35a5c2aa083761ea25dae1d1ff3298b54292225292?s=96&d=mm&r=g\",\"contentUrl\":\"https:\\\/\\\/secure.gravatar.com\\\/avatar\\\/caabf4fb6242e2277733cd35a5c2aa083761ea25dae1d1ff3298b54292225292?s=96&d=mm&r=g\",\"caption\":\"Julien Maudoux\"},\"description\":\"Webmestre du site de la SEMEN-L\",\"url\":\"https:\\\/\\\/www.semen-l.org\\\/?author=26\"}]}<\/script>\n<!-- \/ Yoast SEO plugin. -->","yoast_head_json":{"title":"Recension de Pens\u00e9e et dialogue au Moyen \u00c2ge par la SEMEN-L","description":"Pr\u00e9sentation de l'ouvrage collectif sous la direction de Marie-Etiennette B\u00e9ly, Pierre Gire et Eric Mangin, Lyon (2013).","robots":{"index":"index","follow":"follow","max-snippet":"max-snippet:-1","max-image-preview":"max-image-preview:large","max-video-preview":"max-video-preview:-1"},"canonical":"https:\/\/www.semen-l.org\/?p=3344","og_locale":"fr_FR","og_type":"article","og_title":"Recension de Pens\u00e9e et dialogue au Moyen \u00c2ge par la SEMEN-L","og_description":"Pr\u00e9sentation de l'ouvrage collectif sous la direction de Marie-Etiennette B\u00e9ly, Pierre Gire et Eric Mangin, Lyon (2013).","og_url":"https:\/\/www.semen-l.org\/?p=3344","og_site_name":"Soci\u00e9t\u00e9 d&#039;\u00c9tudes M\u00e9dio Et N\u00e9o-Latines","article_publisher":"https:\/\/www.facebook.com\/SEMENL2018","article_published_time":"2016-10-21T20:27:06+00:00","article_modified_time":"2024-02-21T20:30:47+00:00","og_image":[{"width":202,"height":283,"url":"https:\/\/www.semen-l.org\/wp-content\/uploads\/2024\/02\/pensee-dialogue-ma-couv.jpg","type":"image\/jpeg"}],"author":"Julien Maudoux","twitter_card":"summary_large_image","twitter_misc":{"\u00c9crit par":"Julien Maudoux","Dur\u00e9e de lecture estim\u00e9e":"1 minute"},"schema":{"@context":"https:\/\/schema.org","@graph":[{"@type":"Article","@id":"https:\/\/www.semen-l.org\/?p=3344#article","isPartOf":{"@id":"https:\/\/www.semen-l.org\/?p=3344"},"author":{"name":"Julien Maudoux","@id":"http:\/\/www.semen-l.org\/#\/schema\/person\/ef5208815f17666727763c5363a51344"},"headline":"Pens\u00e9e et dialogue au Moyen \u00c2ge, sous la direction de Marie-Etiennette B\u00e9ly, Pierre Gire et Eric Mangin, Lyon, Editions Profac Th\u00e9o, 2013. (Salomon Dumotier)","datePublished":"2016-10-21T20:27:06+00:00","dateModified":"2024-02-21T20:30:47+00:00","mainEntityOfPage":{"@id":"https:\/\/www.semen-l.org\/?p=3344"},"wordCount":188,"commentCount":0,"publisher":{"@id":"http:\/\/www.semen-l.org\/#organization"},"image":{"@id":"https:\/\/www.semen-l.org\/?p=3344#primaryimage"},"thumbnailUrl":"https:\/\/www.semen-l.org\/wp-content\/uploads\/2024\/02\/pensee-dialogue-ma-couv.jpg","keywords":["christianisme","dialogue","juda\u00efsme","Ma\u00efmonide","philosophie","th\u00e9ologie"],"articleSection":["Recensions"],"inLanguage":"fr-FR","potentialAction":[{"@type":"CommentAction","name":"Comment","target":["https:\/\/www.semen-l.org\/?p=3344#respond"]}]},{"@type":"WebPage","@id":"https:\/\/www.semen-l.org\/?p=3344","url":"https:\/\/www.semen-l.org\/?p=3344","name":"Recension de Pens\u00e9e et dialogue au Moyen \u00c2ge par la SEMEN-L","isPartOf":{"@id":"http:\/\/www.semen-l.org\/#website"},"primaryImageOfPage":{"@id":"https:\/\/www.semen-l.org\/?p=3344#primaryimage"},"image":{"@id":"https:\/\/www.semen-l.org\/?p=3344#primaryimage"},"thumbnailUrl":"https:\/\/www.semen-l.org\/wp-content\/uploads\/2024\/02\/pensee-dialogue-ma-couv.jpg","datePublished":"2016-10-21T20:27:06+00:00","dateModified":"2024-02-21T20:30:47+00:00","description":"Pr\u00e9sentation de l'ouvrage collectif sous la direction de Marie-Etiennette B\u00e9ly, Pierre Gire et Eric Mangin, Lyon (2013).","breadcrumb":{"@id":"https:\/\/www.semen-l.org\/?p=3344#breadcrumb"},"inLanguage":"fr-FR","potentialAction":[{"@type":"ReadAction","target":["https:\/\/www.semen-l.org\/?p=3344"]}]},{"@type":"ImageObject","inLanguage":"fr-FR","@id":"https:\/\/www.semen-l.org\/?p=3344#primaryimage","url":"https:\/\/www.semen-l.org\/wp-content\/uploads\/2024\/02\/pensee-dialogue-ma-couv.jpg","contentUrl":"https:\/\/www.semen-l.org\/wp-content\/uploads\/2024\/02\/pensee-dialogue-ma-couv.jpg","width":202,"height":283},{"@type":"BreadcrumbList","@id":"https:\/\/www.semen-l.org\/?p=3344#breadcrumb","itemListElement":[{"@type":"ListItem","position":1,"name":"Accueil","item":"http:\/\/www.semen-l.org\/"},{"@type":"ListItem","position":2,"name":"Pens\u00e9e et dialogue au Moyen \u00c2ge, sous la direction de Marie-Etiennette B\u00e9ly, Pierre Gire et Eric Mangin, Lyon, Editions Profac Th\u00e9o, 2013. (Salomon Dumotier)"}]},{"@type":"WebSite","@id":"http:\/\/www.semen-l.org\/#website","url":"http:\/\/www.semen-l.org\/","name":"Soci\u00e9t\u00e9 d'\u00c9tudes M\u00e9dio Et N\u00e9o-Latines","description":"","publisher":{"@id":"http:\/\/www.semen-l.org\/#organization"},"potentialAction":[{"@type":"SearchAction","target":{"@type":"EntryPoint","urlTemplate":"http:\/\/www.semen-l.org\/?s={search_term_string}"},"query-input":{"@type":"PropertyValueSpecification","valueRequired":true,"valueName":"search_term_string"}}],"inLanguage":"fr-FR"},{"@type":"Organization","@id":"http:\/\/www.semen-l.org\/#organization","name":"Soci\u00e9t\u00e9 d'\u00e9tudes m\u00e9dio et n\u00e9o-latines","url":"http:\/\/www.semen-l.org\/","logo":{"@type":"ImageObject","inLanguage":"fr-FR","@id":"http:\/\/www.semen-l.org\/#\/schema\/logo\/image\/","url":"http:\/\/www.semen-l.org\/wp-content\/uploads\/2020\/11\/logo-semenl.jpg","contentUrl":"http:\/\/www.semen-l.org\/wp-content\/uploads\/2020\/11\/logo-semenl.jpg","width":408,"height":403,"caption":"Soci\u00e9t\u00e9 d'\u00e9tudes m\u00e9dio et n\u00e9o-latines"},"image":{"@id":"http:\/\/www.semen-l.org\/#\/schema\/logo\/image\/"},"sameAs":["https:\/\/www.facebook.com\/SEMENL2018","https:\/\/independent.academia.edu\/SocitsdtudesmdioetnolatinesSEMENL"]},{"@type":"Person","@id":"http:\/\/www.semen-l.org\/#\/schema\/person\/ef5208815f17666727763c5363a51344","name":"Julien Maudoux","image":{"@type":"ImageObject","inLanguage":"fr-FR","@id":"https:\/\/secure.gravatar.com\/avatar\/caabf4fb6242e2277733cd35a5c2aa083761ea25dae1d1ff3298b54292225292?s=96&d=mm&r=g","url":"https:\/\/secure.gravatar.com\/avatar\/caabf4fb6242e2277733cd35a5c2aa083761ea25dae1d1ff3298b54292225292?s=96&d=mm&r=g","contentUrl":"https:\/\/secure.gravatar.com\/avatar\/caabf4fb6242e2277733cd35a5c2aa083761ea25dae1d1ff3298b54292225292?s=96&d=mm&r=g","caption":"Julien Maudoux"},"description":"Webmestre du site de la SEMEN-L","url":"https:\/\/www.semen-l.org\/?author=26"}]}},"jetpack_featured_media_url":"https:\/\/www.semen-l.org\/wp-content\/uploads\/2024\/02\/pensee-dialogue-ma-couv.jpg","_links":{"self":[{"href":"https:\/\/www.semen-l.org\/index.php?rest_route=\/wp\/v2\/posts\/3344","targetHints":{"allow":["GET"]}}],"collection":[{"href":"https:\/\/www.semen-l.org\/index.php?rest_route=\/wp\/v2\/posts"}],"about":[{"href":"https:\/\/www.semen-l.org\/index.php?rest_route=\/wp\/v2\/types\/post"}],"author":[{"embeddable":true,"href":"https:\/\/www.semen-l.org\/index.php?rest_route=\/wp\/v2\/users\/26"}],"replies":[{"embeddable":true,"href":"https:\/\/www.semen-l.org\/index.php?rest_route=%2Fwp%2Fv2%2Fcomments&post=3344"}],"version-history":[{"count":0,"href":"https:\/\/www.semen-l.org\/index.php?rest_route=\/wp\/v2\/posts\/3344\/revisions"}],"wp:featuredmedia":[{"embeddable":true,"href":"https:\/\/www.semen-l.org\/index.php?rest_route=\/wp\/v2\/media\/3345"}],"wp:attachment":[{"href":"https:\/\/www.semen-l.org\/index.php?rest_route=%2Fwp%2Fv2%2Fmedia&parent=3344"}],"wp:term":[{"taxonomy":"category","embeddable":true,"href":"https:\/\/www.semen-l.org\/index.php?rest_route=%2Fwp%2Fv2%2Fcategories&post=3344"},{"taxonomy":"post_tag","embeddable":true,"href":"https:\/\/www.semen-l.org\/index.php?rest_route=%2Fwp%2Fv2%2Ftags&post=3344"}],"curies":[{"name":"wp","href":"https:\/\/api.w.org\/{rel}","templated":true}]}}