{"id":3339,"date":"2016-10-21T17:48:27","date_gmt":"2016-10-21T17:48:27","guid":{"rendered":"https:\/\/www.semen-l.org\/?p=3339"},"modified":"2024-02-21T20:23:33","modified_gmt":"2024-02-21T20:23:33","slug":"nicolas-berauld-praelectio-et-commentaire-a-la-silve-rusticus-dange-politien-1518-edition-traduction-et-commentaire-de-perrine-galand-avec-la-collaboration-de-georges-andre-bergere-ann","status":"publish","type":"post","link":"https:\/\/www.semen-l.org\/?p=3339","title":{"rendered":"Nicolas B\u00e9rauld, Praelectio et commentaire \u00e0 la Silve Rusticus d\u2019Ange Politien (1518), \u00e9dition, traduction et commentaire de Perrine Galand, avec la collaboration de Georges Andr\u00e9 Berg\u00e8re, Anne Bouscharain et Olivier P\u00e9deflous, Gen\u00e8ve, Droz, coll. \u00ab Travaux d\u2019Humanisme et Renaissance, 537 \u00bb, 2015. (Lucie Claire)"},"content":{"rendered":"<p><strong>Nicolas B\u00e9rauld, Praelectio <em>et commentaire \u00e0 la <\/em>Silve Rusticus <em>d\u2019Ange Politien (1518)<\/em>, \u00e9dition, traduction et commentaire de Perrine Galand, avec la collaboration de Georges Andr\u00e9 Berg\u00e8re, Anne Bouscharain et Olivier P\u00e9deflous, Gen\u00e8ve, Droz, coll. \u00ab Travaux d\u2019Humanisme et Renaissance, 537 \u00bb, 2015, LXX + 618 pp.<\/strong><\/p>\n<p>Depuis son \u00e9l\u00e9gante traduction des <em>Silves <\/em>d\u2019Ange Politien (Paris, 1987), Perrine Galand n\u2019a cess\u00e9 d\u2019explorer \u00e0 la fois l\u2019histoire de ce genre prot\u00e9iforme et la r\u00e9ception de l\u2019humaniste florentin, en particulier dans la France de la Renaissance. C\u2019est donc tout naturellement qu\u2019elle s\u2019est pench\u00e9e sur le professeur et philologue natif d\u2019Orl\u00e9ans Nicolas B\u00e9rauld (c. 1470 &#8211; ap. 1545), ami d\u2019Erasme et de Guillaume Bud\u00e9 qui a contribu\u00e9 | introduire, avec l\u2019\u00e9diteur Josse Bade, les travaux du Florentin dans les milieux humanistes parisiens. Dans ce volume, elle livre une \u00e9dition critique du texte latin et une traduction fran\u00e7aise de la <em>praelectio <\/em>(le\u00e7on inaugurale) \u00e0 la silve <em>Rusticus <\/em>de Politien prononc\u00e9e par B\u00e9rauld \u00e0 Paris au coll\u00e8ge Tr\u00e9guier le 9 novembre 1513, ainsi que des textes liminaires et du copieux et \u00e9rudit commentaire qui l\u2019accompagnent dans l\u2019\u00e9dition publi\u00e9e chez Froben \u00e0 B\u00e2le en 1518. L\u2019ensemble des textes de B\u00e9rauld est pr\u00e9c\u00e9d\u00e9 d\u2019une introduction qui les replace dans leur contexte de composition et en d\u00e9gage les principaux apports.<a href=\"https:\/\/www.droz.org\/monde\/product\/9782600017176\"><img fetchpriority=\"high\" decoding=\"async\" class=\"alignright size-medium wp-image-3341\" src=\"http:\/\/www.semen-l.org\/wp-content\/uploads\/2016\/10\/praelectio-couv-216x300.jpg\" alt=\"\" width=\"216\" height=\"300\" srcset=\"https:\/\/www.semen-l.org\/wp-content\/uploads\/2016\/10\/praelectio-couv-216x300.jpg 216w, https:\/\/www.semen-l.org\/wp-content\/uploads\/2016\/10\/praelectio-couv-144x200.jpg 144w, https:\/\/www.semen-l.org\/wp-content\/uploads\/2016\/10\/praelectio-couv.jpg 431w\" sizes=\"(max-width: 216px) 100vw, 216px\" \/><\/a><\/p>\n<p>P.G. procure une \u00e9tude qui passionnera tous ceux qui s\u2019int\u00e9ressent non seulement au genre de la silve dans l\u2019Europe de la Renaissance, mais aussi aux relais gr\u00e2ce auxquels l\u2019h\u00e9ritage de l\u2019humanisme italien a pu se diffuser dans les cercles intellectuels fran\u00e7ais au XVIe si\u00e8cle. Cet ouvrage pr\u00e9sente en outre un int\u00e9r\u00eat majeur pour qui travaille sur les productions litt\u00e9raires p\u00e9dagogiques telles que les le\u00e7ons inaugurales ou les cours, encore trop peu connues en d\u00e9pit de l\u2019importance av\u00e9r\u00e9e par de multiples t\u00e9moignages de ces pratiques scolaires et universitaires.<\/p>\n<p>L. C.<\/p>\n<p>Cette recension a \u00e9t\u00e9 publi\u00e9e dans le<a href=\"https:\/\/www.semen-l.org\/?p=393\"> Bulletin de liaison n\u00b014 (2016) de la SEMEN-L<\/a> (p. 18-19).<\/p>\n","protected":false},"excerpt":{"rendered":"<p>Nicolas B\u00e9rauld, Praelectio et commentaire \u00e0 la Silve Rusticus d\u2019Ange Politien (1518), \u00e9dition, traduction et commentaire de Perrine Galand, avec la collaboration de Georges Andr\u00e9 Berg\u00e8re, Anne Bouscharain et Olivier P\u00e9deflous, Gen\u00e8ve, Droz, coll. \u00ab Travaux d\u2019Humanisme et Renaissance, 537 &hellip; <a href=\"https:\/\/www.semen-l.org\/?p=3339\">Continuer la lecture <span class=\"meta-nav\">&rarr;<\/span><\/a><\/p>\n","protected":false},"author":26,"featured_media":3341,"comment_status":"open","ping_status":"open","sticky":false,"template":"","format":"standard","meta":{"footnotes":""},"categories":[1825],"tags":[2076,408,2075,144,1208,692,26,30,407,2074],"class_list":["post-3339","post","type-post","status-publish","format-standard","has-post-thumbnail","hentry","category-recensions","tag-bale","tag-berauld-nicolas","tag-college-treguier","tag-humanisme","tag-pedagogie","tag-philologie","tag-poesie","tag-ange-politien","tag-praelectio-et-commentaire-a-la-silve-rusticus-dange-politien","tag-silve"],"yoast_head":"<!-- This site is optimized with the Yoast SEO plugin v27.5 - https:\/\/yoast.com\/product\/yoast-seo-wordpress\/ -->\n<title>Nicolas B\u00e9rauld, Praelectio et commentaire \u00e0 la Silve Rusticus d\u2019Ange Politien (1518), \u00e9dition, traduction et commentaire de Perrine Galand, avec la collaboration de Georges Andr\u00e9 Berg\u00e8re, Anne Bouscharain et Olivier P\u00e9deflous, Gen\u00e8ve, Droz, coll. \u00ab Travaux d\u2019Humanisme et Renaissance, 537 \u00bb, 2015. (Lucie Claire) - Soci\u00e9t\u00e9 d&#039;\u00c9tudes M\u00e9dio Et N\u00e9o-Latines<\/title>\n<meta name=\"robots\" content=\"index, follow, max-snippet:-1, max-image-preview:large, max-video-preview:-1\" \/>\n<link rel=\"canonical\" href=\"http:\/\/www.semen-l.org\/?p=3339\" \/>\n<meta property=\"og:locale\" content=\"fr_FR\" \/>\n<meta property=\"og:type\" content=\"article\" \/>\n<meta property=\"og:title\" content=\"Nicolas B\u00e9rauld, Praelectio et commentaire \u00e0 la Silve Rusticus d\u2019Ange Politien (1518), \u00e9dition, traduction et commentaire de Perrine Galand, avec la collaboration de Georges Andr\u00e9 Berg\u00e8re, Anne Bouscharain et Olivier P\u00e9deflous, Gen\u00e8ve, Droz, coll. \u00ab Travaux d\u2019Humanisme et Renaissance, 537 \u00bb, 2015. (Lucie Claire) - Soci\u00e9t\u00e9 d&#039;\u00c9tudes M\u00e9dio Et N\u00e9o-Latines\" \/>\n<meta property=\"og:description\" content=\"Nicolas B\u00e9rauld, Praelectio et commentaire \u00e0 la Silve Rusticus d\u2019Ange Politien (1518), \u00e9dition, traduction et commentaire de Perrine Galand, avec la collaboration de Georges Andr\u00e9 Berg\u00e8re, Anne Bouscharain et Olivier P\u00e9deflous, Gen\u00e8ve, Droz, coll. \u00ab Travaux d\u2019Humanisme et Renaissance, 537 &hellip; Continuer la lecture &rarr;\" \/>\n<meta property=\"og:url\" content=\"http:\/\/www.semen-l.org\/?p=3339\" \/>\n<meta property=\"og:site_name\" content=\"Soci\u00e9t\u00e9 d&#039;\u00c9tudes M\u00e9dio Et N\u00e9o-Latines\" \/>\n<meta property=\"article:publisher\" content=\"https:\/\/www.facebook.com\/SEMENL2018\" \/>\n<meta property=\"article:published_time\" content=\"2016-10-21T17:48:27+00:00\" \/>\n<meta property=\"article:modified_time\" content=\"2024-02-21T20:23:33+00:00\" \/>\n<meta property=\"og:image\" content=\"http:\/\/www.semen-l.org\/wp-content\/uploads\/2016\/10\/praelectio-couv.jpg\" \/>\n\t<meta property=\"og:image:width\" content=\"431\" \/>\n\t<meta property=\"og:image:height\" content=\"600\" \/>\n\t<meta property=\"og:image:type\" content=\"image\/jpeg\" \/>\n<meta name=\"author\" content=\"Julien Maudoux\" \/>\n<meta name=\"twitter:card\" content=\"summary_large_image\" \/>\n<meta name=\"twitter:label1\" content=\"\u00c9crit par\" \/>\n\t<meta name=\"twitter:data1\" content=\"Julien Maudoux\" \/>\n\t<meta name=\"twitter:label2\" content=\"Dur\u00e9e de lecture estim\u00e9e\" \/>\n\t<meta name=\"twitter:data2\" content=\"3 minutes\" \/>\n<script type=\"application\/ld+json\" class=\"yoast-schema-graph\">{\"@context\":\"https:\\\/\\\/schema.org\",\"@graph\":[{\"@type\":\"Article\",\"@id\":\"http:\\\/\\\/www.semen-l.org\\\/?p=3339#article\",\"isPartOf\":{\"@id\":\"http:\\\/\\\/www.semen-l.org\\\/?p=3339\"},\"author\":{\"name\":\"Julien Maudoux\",\"@id\":\"http:\\\/\\\/www.semen-l.org\\\/#\\\/schema\\\/person\\\/ef5208815f17666727763c5363a51344\"},\"headline\":\"Nicolas B\u00e9rauld, Praelectio et commentaire \u00e0 la Silve Rusticus d\u2019Ange Politien (1518), \u00e9dition, traduction et commentaire de Perrine Galand, avec la collaboration de Georges Andr\u00e9 Berg\u00e8re, Anne Bouscharain et Olivier P\u00e9deflous, Gen\u00e8ve, Droz, coll. \u00ab Travaux d\u2019Humanisme et Renaissance, 537 \u00bb, 2015. (Lucie Claire)\",\"datePublished\":\"2016-10-21T17:48:27+00:00\",\"dateModified\":\"2024-02-21T20:23:33+00:00\",\"mainEntityOfPage\":{\"@id\":\"http:\\\/\\\/www.semen-l.org\\\/?p=3339\"},\"wordCount\":402,\"commentCount\":0,\"publisher\":{\"@id\":\"http:\\\/\\\/www.semen-l.org\\\/#organization\"},\"image\":{\"@id\":\"http:\\\/\\\/www.semen-l.org\\\/?p=3339#primaryimage\"},\"thumbnailUrl\":\"https:\\\/\\\/www.semen-l.org\\\/wp-content\\\/uploads\\\/2016\\\/10\\\/praelectio-couv.jpg\",\"keywords\":[\"B\u00e2le\",\"B\u00e9rauld (Nicolas)\",\"coll\u00e8ge Tr\u00e9guier\",\"humanisme\",\"p\u00e9dagogie\",\"philologie\",\"po\u00e9sie\",\"Politien (Ange)\",\"Praelectio et commentaire \u00e0 la Silve Rusticus d\u2019Ange Politien\",\"silve\"],\"articleSection\":[\"Recensions\"],\"inLanguage\":\"fr-FR\",\"potentialAction\":[{\"@type\":\"CommentAction\",\"name\":\"Comment\",\"target\":[\"http:\\\/\\\/www.semen-l.org\\\/?p=3339#respond\"]}]},{\"@type\":\"WebPage\",\"@id\":\"http:\\\/\\\/www.semen-l.org\\\/?p=3339\",\"url\":\"http:\\\/\\\/www.semen-l.org\\\/?p=3339\",\"name\":\"Nicolas B\u00e9rauld, Praelectio et commentaire \u00e0 la Silve Rusticus d\u2019Ange Politien (1518), \u00e9dition, traduction et commentaire de Perrine Galand, avec la collaboration de Georges Andr\u00e9 Berg\u00e8re, Anne Bouscharain et Olivier P\u00e9deflous, Gen\u00e8ve, Droz, coll. \u00ab Travaux d\u2019Humanisme et Renaissance, 537 \u00bb, 2015. (Lucie Claire) - Soci\u00e9t\u00e9 d&#039;\u00c9tudes M\u00e9dio Et N\u00e9o-Latines\",\"isPartOf\":{\"@id\":\"http:\\\/\\\/www.semen-l.org\\\/#website\"},\"primaryImageOfPage\":{\"@id\":\"http:\\\/\\\/www.semen-l.org\\\/?p=3339#primaryimage\"},\"image\":{\"@id\":\"http:\\\/\\\/www.semen-l.org\\\/?p=3339#primaryimage\"},\"thumbnailUrl\":\"https:\\\/\\\/www.semen-l.org\\\/wp-content\\\/uploads\\\/2016\\\/10\\\/praelectio-couv.jpg\",\"datePublished\":\"2016-10-21T17:48:27+00:00\",\"dateModified\":\"2024-02-21T20:23:33+00:00\",\"breadcrumb\":{\"@id\":\"http:\\\/\\\/www.semen-l.org\\\/?p=3339#breadcrumb\"},\"inLanguage\":\"fr-FR\",\"potentialAction\":[{\"@type\":\"ReadAction\",\"target\":[\"http:\\\/\\\/www.semen-l.org\\\/?p=3339\"]}]},{\"@type\":\"ImageObject\",\"inLanguage\":\"fr-FR\",\"@id\":\"http:\\\/\\\/www.semen-l.org\\\/?p=3339#primaryimage\",\"url\":\"https:\\\/\\\/www.semen-l.org\\\/wp-content\\\/uploads\\\/2016\\\/10\\\/praelectio-couv.jpg\",\"contentUrl\":\"https:\\\/\\\/www.semen-l.org\\\/wp-content\\\/uploads\\\/2016\\\/10\\\/praelectio-couv.jpg\",\"width\":431,\"height\":600},{\"@type\":\"BreadcrumbList\",\"@id\":\"http:\\\/\\\/www.semen-l.org\\\/?p=3339#breadcrumb\",\"itemListElement\":[{\"@type\":\"ListItem\",\"position\":1,\"name\":\"Accueil\",\"item\":\"http:\\\/\\\/www.semen-l.org\\\/\"},{\"@type\":\"ListItem\",\"position\":2,\"name\":\"Nicolas B\u00e9rauld, Praelectio et commentaire \u00e0 la Silve Rusticus d\u2019Ange Politien (1518), \u00e9dition, traduction et commentaire de Perrine Galand, avec la collaboration de Georges Andr\u00e9 Berg\u00e8re, Anne Bouscharain et Olivier P\u00e9deflous, Gen\u00e8ve, Droz, coll. \u00ab Travaux d\u2019Humanisme et Renaissance, 537 \u00bb, 2015. (Lucie Claire)\"}]},{\"@type\":\"WebSite\",\"@id\":\"http:\\\/\\\/www.semen-l.org\\\/#website\",\"url\":\"http:\\\/\\\/www.semen-l.org\\\/\",\"name\":\"Soci\u00e9t\u00e9 d'\u00c9tudes M\u00e9dio Et N\u00e9o-Latines\",\"description\":\"\",\"publisher\":{\"@id\":\"http:\\\/\\\/www.semen-l.org\\\/#organization\"},\"potentialAction\":[{\"@type\":\"SearchAction\",\"target\":{\"@type\":\"EntryPoint\",\"urlTemplate\":\"http:\\\/\\\/www.semen-l.org\\\/?s={search_term_string}\"},\"query-input\":{\"@type\":\"PropertyValueSpecification\",\"valueRequired\":true,\"valueName\":\"search_term_string\"}}],\"inLanguage\":\"fr-FR\"},{\"@type\":\"Organization\",\"@id\":\"http:\\\/\\\/www.semen-l.org\\\/#organization\",\"name\":\"Soci\u00e9t\u00e9 d'\u00e9tudes m\u00e9dio et n\u00e9o-latines\",\"url\":\"http:\\\/\\\/www.semen-l.org\\\/\",\"logo\":{\"@type\":\"ImageObject\",\"inLanguage\":\"fr-FR\",\"@id\":\"http:\\\/\\\/www.semen-l.org\\\/#\\\/schema\\\/logo\\\/image\\\/\",\"url\":\"http:\\\/\\\/www.semen-l.org\\\/wp-content\\\/uploads\\\/2020\\\/11\\\/logo-semenl.jpg\",\"contentUrl\":\"http:\\\/\\\/www.semen-l.org\\\/wp-content\\\/uploads\\\/2020\\\/11\\\/logo-semenl.jpg\",\"width\":408,\"height\":403,\"caption\":\"Soci\u00e9t\u00e9 d'\u00e9tudes m\u00e9dio et n\u00e9o-latines\"},\"image\":{\"@id\":\"http:\\\/\\\/www.semen-l.org\\\/#\\\/schema\\\/logo\\\/image\\\/\"},\"sameAs\":[\"https:\\\/\\\/www.facebook.com\\\/SEMENL2018\",\"https:\\\/\\\/independent.academia.edu\\\/SocitsdtudesmdioetnolatinesSEMENL\"]},{\"@type\":\"Person\",\"@id\":\"http:\\\/\\\/www.semen-l.org\\\/#\\\/schema\\\/person\\\/ef5208815f17666727763c5363a51344\",\"name\":\"Julien Maudoux\",\"image\":{\"@type\":\"ImageObject\",\"inLanguage\":\"fr-FR\",\"@id\":\"https:\\\/\\\/secure.gravatar.com\\\/avatar\\\/caabf4fb6242e2277733cd35a5c2aa083761ea25dae1d1ff3298b54292225292?s=96&d=mm&r=g\",\"url\":\"https:\\\/\\\/secure.gravatar.com\\\/avatar\\\/caabf4fb6242e2277733cd35a5c2aa083761ea25dae1d1ff3298b54292225292?s=96&d=mm&r=g\",\"contentUrl\":\"https:\\\/\\\/secure.gravatar.com\\\/avatar\\\/caabf4fb6242e2277733cd35a5c2aa083761ea25dae1d1ff3298b54292225292?s=96&d=mm&r=g\",\"caption\":\"Julien Maudoux\"},\"description\":\"Webmestre du site de la SEMEN-L\",\"url\":\"https:\\\/\\\/www.semen-l.org\\\/?author=26\"}]}<\/script>\n<!-- \/ Yoast SEO plugin. -->","yoast_head_json":{"title":"Nicolas B\u00e9rauld, Praelectio et commentaire \u00e0 la Silve Rusticus d\u2019Ange Politien (1518), \u00e9dition, traduction et commentaire de Perrine Galand, avec la collaboration de Georges Andr\u00e9 Berg\u00e8re, Anne Bouscharain et Olivier P\u00e9deflous, Gen\u00e8ve, Droz, coll. \u00ab Travaux d\u2019Humanisme et Renaissance, 537 \u00bb, 2015. (Lucie Claire) - Soci\u00e9t\u00e9 d&#039;\u00c9tudes M\u00e9dio Et N\u00e9o-Latines","robots":{"index":"index","follow":"follow","max-snippet":"max-snippet:-1","max-image-preview":"max-image-preview:large","max-video-preview":"max-video-preview:-1"},"canonical":"http:\/\/www.semen-l.org\/?p=3339","og_locale":"fr_FR","og_type":"article","og_title":"Nicolas B\u00e9rauld, Praelectio et commentaire \u00e0 la Silve Rusticus d\u2019Ange Politien (1518), \u00e9dition, traduction et commentaire de Perrine Galand, avec la collaboration de Georges Andr\u00e9 Berg\u00e8re, Anne Bouscharain et Olivier P\u00e9deflous, Gen\u00e8ve, Droz, coll. \u00ab Travaux d\u2019Humanisme et Renaissance, 537 \u00bb, 2015. (Lucie Claire) - Soci\u00e9t\u00e9 d&#039;\u00c9tudes M\u00e9dio Et N\u00e9o-Latines","og_description":"Nicolas B\u00e9rauld, Praelectio et commentaire \u00e0 la Silve Rusticus d\u2019Ange Politien (1518), \u00e9dition, traduction et commentaire de Perrine Galand, avec la collaboration de Georges Andr\u00e9 Berg\u00e8re, Anne Bouscharain et Olivier P\u00e9deflous, Gen\u00e8ve, Droz, coll. \u00ab Travaux d\u2019Humanisme et Renaissance, 537 &hellip; Continuer la lecture &rarr;","og_url":"http:\/\/www.semen-l.org\/?p=3339","og_site_name":"Soci\u00e9t\u00e9 d&#039;\u00c9tudes M\u00e9dio Et N\u00e9o-Latines","article_publisher":"https:\/\/www.facebook.com\/SEMENL2018","article_published_time":"2016-10-21T17:48:27+00:00","article_modified_time":"2024-02-21T20:23:33+00:00","og_image":[{"width":431,"height":600,"url":"http:\/\/www.semen-l.org\/wp-content\/uploads\/2016\/10\/praelectio-couv.jpg","type":"image\/jpeg"}],"author":"Julien Maudoux","twitter_card":"summary_large_image","twitter_misc":{"\u00c9crit par":"Julien Maudoux","Dur\u00e9e de lecture estim\u00e9e":"3 minutes"},"schema":{"@context":"https:\/\/schema.org","@graph":[{"@type":"Article","@id":"http:\/\/www.semen-l.org\/?p=3339#article","isPartOf":{"@id":"http:\/\/www.semen-l.org\/?p=3339"},"author":{"name":"Julien Maudoux","@id":"http:\/\/www.semen-l.org\/#\/schema\/person\/ef5208815f17666727763c5363a51344"},"headline":"Nicolas B\u00e9rauld, Praelectio et commentaire \u00e0 la Silve Rusticus d\u2019Ange Politien (1518), \u00e9dition, traduction et commentaire de Perrine Galand, avec la collaboration de Georges Andr\u00e9 Berg\u00e8re, Anne Bouscharain et Olivier P\u00e9deflous, Gen\u00e8ve, Droz, coll. \u00ab Travaux d\u2019Humanisme et Renaissance, 537 \u00bb, 2015. (Lucie Claire)","datePublished":"2016-10-21T17:48:27+00:00","dateModified":"2024-02-21T20:23:33+00:00","mainEntityOfPage":{"@id":"http:\/\/www.semen-l.org\/?p=3339"},"wordCount":402,"commentCount":0,"publisher":{"@id":"http:\/\/www.semen-l.org\/#organization"},"image":{"@id":"http:\/\/www.semen-l.org\/?p=3339#primaryimage"},"thumbnailUrl":"https:\/\/www.semen-l.org\/wp-content\/uploads\/2016\/10\/praelectio-couv.jpg","keywords":["B\u00e2le","B\u00e9rauld (Nicolas)","coll\u00e8ge Tr\u00e9guier","humanisme","p\u00e9dagogie","philologie","po\u00e9sie","Politien (Ange)","Praelectio et commentaire \u00e0 la Silve Rusticus d\u2019Ange Politien","silve"],"articleSection":["Recensions"],"inLanguage":"fr-FR","potentialAction":[{"@type":"CommentAction","name":"Comment","target":["http:\/\/www.semen-l.org\/?p=3339#respond"]}]},{"@type":"WebPage","@id":"http:\/\/www.semen-l.org\/?p=3339","url":"http:\/\/www.semen-l.org\/?p=3339","name":"Nicolas B\u00e9rauld, Praelectio et commentaire \u00e0 la Silve Rusticus d\u2019Ange Politien (1518), \u00e9dition, traduction et commentaire de Perrine Galand, avec la collaboration de Georges Andr\u00e9 Berg\u00e8re, Anne Bouscharain et Olivier P\u00e9deflous, Gen\u00e8ve, Droz, coll. \u00ab Travaux d\u2019Humanisme et Renaissance, 537 \u00bb, 2015. (Lucie Claire) - Soci\u00e9t\u00e9 d&#039;\u00c9tudes M\u00e9dio Et N\u00e9o-Latines","isPartOf":{"@id":"http:\/\/www.semen-l.org\/#website"},"primaryImageOfPage":{"@id":"http:\/\/www.semen-l.org\/?p=3339#primaryimage"},"image":{"@id":"http:\/\/www.semen-l.org\/?p=3339#primaryimage"},"thumbnailUrl":"https:\/\/www.semen-l.org\/wp-content\/uploads\/2016\/10\/praelectio-couv.jpg","datePublished":"2016-10-21T17:48:27+00:00","dateModified":"2024-02-21T20:23:33+00:00","breadcrumb":{"@id":"http:\/\/www.semen-l.org\/?p=3339#breadcrumb"},"inLanguage":"fr-FR","potentialAction":[{"@type":"ReadAction","target":["http:\/\/www.semen-l.org\/?p=3339"]}]},{"@type":"ImageObject","inLanguage":"fr-FR","@id":"http:\/\/www.semen-l.org\/?p=3339#primaryimage","url":"https:\/\/www.semen-l.org\/wp-content\/uploads\/2016\/10\/praelectio-couv.jpg","contentUrl":"https:\/\/www.semen-l.org\/wp-content\/uploads\/2016\/10\/praelectio-couv.jpg","width":431,"height":600},{"@type":"BreadcrumbList","@id":"http:\/\/www.semen-l.org\/?p=3339#breadcrumb","itemListElement":[{"@type":"ListItem","position":1,"name":"Accueil","item":"http:\/\/www.semen-l.org\/"},{"@type":"ListItem","position":2,"name":"Nicolas B\u00e9rauld, Praelectio et commentaire \u00e0 la Silve Rusticus d\u2019Ange Politien (1518), \u00e9dition, traduction et commentaire de Perrine Galand, avec la collaboration de Georges Andr\u00e9 Berg\u00e8re, Anne Bouscharain et Olivier P\u00e9deflous, Gen\u00e8ve, Droz, coll. \u00ab Travaux d\u2019Humanisme et Renaissance, 537 \u00bb, 2015. (Lucie Claire)"}]},{"@type":"WebSite","@id":"http:\/\/www.semen-l.org\/#website","url":"http:\/\/www.semen-l.org\/","name":"Soci\u00e9t\u00e9 d'\u00c9tudes M\u00e9dio Et N\u00e9o-Latines","description":"","publisher":{"@id":"http:\/\/www.semen-l.org\/#organization"},"potentialAction":[{"@type":"SearchAction","target":{"@type":"EntryPoint","urlTemplate":"http:\/\/www.semen-l.org\/?s={search_term_string}"},"query-input":{"@type":"PropertyValueSpecification","valueRequired":true,"valueName":"search_term_string"}}],"inLanguage":"fr-FR"},{"@type":"Organization","@id":"http:\/\/www.semen-l.org\/#organization","name":"Soci\u00e9t\u00e9 d'\u00e9tudes m\u00e9dio et n\u00e9o-latines","url":"http:\/\/www.semen-l.org\/","logo":{"@type":"ImageObject","inLanguage":"fr-FR","@id":"http:\/\/www.semen-l.org\/#\/schema\/logo\/image\/","url":"http:\/\/www.semen-l.org\/wp-content\/uploads\/2020\/11\/logo-semenl.jpg","contentUrl":"http:\/\/www.semen-l.org\/wp-content\/uploads\/2020\/11\/logo-semenl.jpg","width":408,"height":403,"caption":"Soci\u00e9t\u00e9 d'\u00e9tudes m\u00e9dio et n\u00e9o-latines"},"image":{"@id":"http:\/\/www.semen-l.org\/#\/schema\/logo\/image\/"},"sameAs":["https:\/\/www.facebook.com\/SEMENL2018","https:\/\/independent.academia.edu\/SocitsdtudesmdioetnolatinesSEMENL"]},{"@type":"Person","@id":"http:\/\/www.semen-l.org\/#\/schema\/person\/ef5208815f17666727763c5363a51344","name":"Julien Maudoux","image":{"@type":"ImageObject","inLanguage":"fr-FR","@id":"https:\/\/secure.gravatar.com\/avatar\/caabf4fb6242e2277733cd35a5c2aa083761ea25dae1d1ff3298b54292225292?s=96&d=mm&r=g","url":"https:\/\/secure.gravatar.com\/avatar\/caabf4fb6242e2277733cd35a5c2aa083761ea25dae1d1ff3298b54292225292?s=96&d=mm&r=g","contentUrl":"https:\/\/secure.gravatar.com\/avatar\/caabf4fb6242e2277733cd35a5c2aa083761ea25dae1d1ff3298b54292225292?s=96&d=mm&r=g","caption":"Julien Maudoux"},"description":"Webmestre du site de la SEMEN-L","url":"https:\/\/www.semen-l.org\/?author=26"}]}},"jetpack_featured_media_url":"https:\/\/www.semen-l.org\/wp-content\/uploads\/2016\/10\/praelectio-couv.jpg","_links":{"self":[{"href":"https:\/\/www.semen-l.org\/index.php?rest_route=\/wp\/v2\/posts\/3339","targetHints":{"allow":["GET"]}}],"collection":[{"href":"https:\/\/www.semen-l.org\/index.php?rest_route=\/wp\/v2\/posts"}],"about":[{"href":"https:\/\/www.semen-l.org\/index.php?rest_route=\/wp\/v2\/types\/post"}],"author":[{"embeddable":true,"href":"https:\/\/www.semen-l.org\/index.php?rest_route=\/wp\/v2\/users\/26"}],"replies":[{"embeddable":true,"href":"https:\/\/www.semen-l.org\/index.php?rest_route=%2Fwp%2Fv2%2Fcomments&post=3339"}],"version-history":[{"count":0,"href":"https:\/\/www.semen-l.org\/index.php?rest_route=\/wp\/v2\/posts\/3339\/revisions"}],"wp:featuredmedia":[{"embeddable":true,"href":"https:\/\/www.semen-l.org\/index.php?rest_route=\/wp\/v2\/media\/3341"}],"wp:attachment":[{"href":"https:\/\/www.semen-l.org\/index.php?rest_route=%2Fwp%2Fv2%2Fmedia&parent=3339"}],"wp:term":[{"taxonomy":"category","embeddable":true,"href":"https:\/\/www.semen-l.org\/index.php?rest_route=%2Fwp%2Fv2%2Fcategories&post=3339"},{"taxonomy":"post_tag","embeddable":true,"href":"https:\/\/www.semen-l.org\/index.php?rest_route=%2Fwp%2Fv2%2Ftags&post=3339"}],"curies":[{"name":"wp","href":"https:\/\/api.w.org\/{rel}","templated":true}]}}