{"id":3308,"date":"2017-10-15T20:12:52","date_gmt":"2017-10-15T20:12:52","guid":{"rendered":"https:\/\/www.semen-l.org\/?p=3308"},"modified":"2024-02-15T20:19:47","modified_gmt":"2024-02-15T20:19:47","slug":"jean-ursin-elegies-sur-la-peste-traduction-introduction-et-notes-de-pierre-domeyne-avec-la-collaboration-de-monique-zannetacci-vienne-editions-7-2017-brigitte-gauvain","status":"publish","type":"post","link":"https:\/\/www.semen-l.org\/?p=3308","title":{"rendered":"Jean Ursin. El\u00e9gies sur la peste, traduction, introduction et notes de Pierre Domeyne, avec la collaboration de Monique Zannetacci, Vienne, Editions 7, 2017 (Brigitte Gauvain)"},"content":{"rendered":"<p><strong>Jean Ursin. <em>El\u00e9gies sur la peste<\/em>, traduction, introduction et notes de Pierre Domeyne, avec la collaboration de Monique Zannetacci, Vienne, Editions 7, 2017.<img fetchpriority=\"high\" decoding=\"async\" class=\"alignright size-medium wp-image-3310\" src=\"http:\/\/www.semen-l.org\/wp-content\/uploads\/2017\/10\/elegies-peste-ursin-couv-208x300.jpg\" alt=\"\" width=\"208\" height=\"300\" srcset=\"https:\/\/www.semen-l.org\/wp-content\/uploads\/2017\/10\/elegies-peste-ursin-couv-208x300.jpg 208w, https:\/\/www.semen-l.org\/wp-content\/uploads\/2017\/10\/elegies-peste-ursin-couv-138x200.jpg 138w, https:\/\/www.semen-l.org\/wp-content\/uploads\/2017\/10\/elegies-peste-ursin-couv.jpg 308w\" sizes=\"(max-width: 208px) 100vw, 208px\" \/><\/strong><\/p>\n<p>Apr\u00e8s avoir r\u00e9dig\u00e9 une somme m\u00e9dicale sous la forme de po\u00e8mes prononc\u00e9s par les animaux, dans son recueil <em>La Prosopop\u00e9e des animaux<\/em>, le m\u00e9decin-po\u00e8te viennois Jean Ursin publia la m\u00eame ann\u00e9e, en 1541, chez Mac\u00e9 Bonhomme, ses <em>El\u00e9gies sur la peste<\/em>, \u00e0 un moment o\u00f9 la peste noire, apr\u00e8s avoir fait en Europe les ravages que l\u2019on sait, avait quitt\u00e9 la r\u00e9gion lyonnaise depuis une dizaine d\u2019ann\u00e9es. Les <em>\u00c9l\u00e9gies <\/em>d\u2019Ursin, qui se pr\u00e9sentent au d\u00e9part comme des po\u00e8mes directement li\u00e9s \u00e0 la peste (quelles en sont les causes, comment s\u2019en pr\u00e9munir, etc.) deviennent ensuite assez vite un recueil de conseils di\u00e9t\u00e9tiques formul\u00e9s en distiques \u00e9l\u00e9giaques. Les po\u00e8mes, consacr\u00e9s d\u00e8s la cinqui\u00e8me \u00e9l\u00e9gie aux diff\u00e9rents types d\u2019aliments (vin, eau, l\u00e9gumes, viande, poisson..), constituent une documentation pr\u00e9cise sur le rapport que les hommes du XVIe si\u00e8cle entretenaient avec leur alimentation. Cette \u00e9dition, qui ne revendique aucunement le statut d\u2019un travail universitaire, nous offre cependant l\u2019occasion de d\u00e9couvrir ce texte singulier accompagn\u00e9 de sa traduction fran\u00e7aise et de notes. Plusieurs \u00e9p\u00eetres d\u00e9dicatoires et po\u00e8mes de louange pr\u00e9c\u00e8dent et suivent le texte et sa traduction. Ceux-ci sont pr\u00e9c\u00e9d\u00e9s d\u2019une introduction de P. Domeyne qui apporte les \u00e9l\u00e9ments n\u00e9cessaires \u00e0 la mise en perspective du texte tandis que quelques pages sur l\u2019\u00e9dition de 1541 conserv\u00e9e \u00e0 Vienne renseignent le lecteur sur le livre en tant qu\u2019objet.<\/p>\n<p><strong>Brigitte Gauvain<\/strong><\/p>\n<div class=\"entry-content\">\n<p>Cette recension a \u00e9t\u00e9 publi\u00e9e dans le<a href=\"http:\/\/www.semen-l.org\/wp-content\/uploads\/2010\/11\/bulletin-semenl-15.pdf\"> Bulletin de liaison n\u00b015 (2017) de la SEMEN-L<\/a> (p. 18-19).<\/p>\n<\/div>\n","protected":false},"excerpt":{"rendered":"<p>Jean Ursin. El\u00e9gies sur la peste, traduction, introduction et notes de Pierre Domeyne, avec la collaboration de Monique Zannetacci, Vienne, Editions 7, 2017. Apr\u00e8s avoir r\u00e9dig\u00e9 une somme m\u00e9dicale sous la forme de po\u00e8mes prononc\u00e9s par les animaux, dans son &hellip; <a href=\"https:\/\/www.semen-l.org\/?p=3308\">Continuer la lecture <span class=\"meta-nav\">&rarr;<\/span><\/a><\/p>\n","protected":false},"author":26,"featured_media":3310,"comment_status":"open","ping_status":"open","sticky":false,"template":"","format":"standard","meta":{"footnotes":""},"categories":[1825],"tags":[1447,2063,284,2064,2068,144,2065,23,2066,26,447],"class_list":["post-3308","post","type-post","status-publish","format-standard","has-post-thumbnail","hentry","category-recensions","tag-animal","tag-bonhomme-mace","tag-elegie","tag-elegies-sur-la-peste-ursin","tag-gastronomie","tag-humanisme","tag-la-prosopopee-des-animaux-ursin","tag-medecine","tag-peste","tag-poesie","tag-ursin-jean"],"yoast_head":"<!-- This site is optimized with the Yoast SEO plugin v27.5 - https:\/\/yoast.com\/product\/yoast-seo-wordpress\/ -->\n<title>Les \u00c9l\u00e9gies sur la peste de Jean Ursin recension de l&#039;\u00e9d. Domeyne<\/title>\n<meta name=\"description\" content=\"Recension par Brigitte Gauvain des \u00c9l\u00e9gies sur la peste de Jean Ursin dans l&#039;\u00e9dition P. Domeyne publi\u00e9e aux \u00c9ditions 7. Site de la SEMEN-L.\" \/>\n<meta name=\"robots\" content=\"index, follow, max-snippet:-1, max-image-preview:large, max-video-preview:-1\" \/>\n<link rel=\"canonical\" href=\"http:\/\/www.semen-l.org\/?p=3308\" \/>\n<meta property=\"og:locale\" content=\"fr_FR\" \/>\n<meta property=\"og:type\" content=\"article\" \/>\n<meta property=\"og:title\" content=\"Les \u00c9l\u00e9gies sur la peste de Jean Ursin recension de l&#039;\u00e9d. Domeyne\" \/>\n<meta property=\"og:description\" content=\"Recension par Brigitte Gauvain des \u00c9l\u00e9gies sur la peste de Jean Ursin dans l&#039;\u00e9dition P. Domeyne publi\u00e9e aux \u00c9ditions 7. Site de la SEMEN-L.\" \/>\n<meta property=\"og:url\" content=\"http:\/\/www.semen-l.org\/?p=3308\" \/>\n<meta property=\"og:site_name\" content=\"Soci\u00e9t\u00e9 d&#039;\u00c9tudes M\u00e9dio Et N\u00e9o-Latines\" \/>\n<meta property=\"article:publisher\" content=\"https:\/\/www.facebook.com\/SEMENL2018\" \/>\n<meta property=\"article:published_time\" content=\"2017-10-15T20:12:52+00:00\" \/>\n<meta property=\"article:modified_time\" content=\"2024-02-15T20:19:47+00:00\" \/>\n<meta property=\"og:image\" content=\"http:\/\/www.semen-l.org\/wp-content\/uploads\/2017\/10\/elegies-peste-ursin-couv.jpg\" \/>\n\t<meta property=\"og:image:width\" content=\"308\" \/>\n\t<meta property=\"og:image:height\" content=\"445\" \/>\n\t<meta property=\"og:image:type\" content=\"image\/jpeg\" \/>\n<meta name=\"author\" content=\"Julien Maudoux\" \/>\n<meta name=\"twitter:card\" content=\"summary_large_image\" \/>\n<meta name=\"twitter:label1\" content=\"\u00c9crit par\" \/>\n\t<meta name=\"twitter:data1\" content=\"Julien Maudoux\" \/>\n\t<meta name=\"twitter:label2\" content=\"Dur\u00e9e de lecture estim\u00e9e\" \/>\n\t<meta name=\"twitter:data2\" content=\"2 minutes\" \/>\n<script type=\"application\/ld+json\" class=\"yoast-schema-graph\">{\"@context\":\"https:\\\/\\\/schema.org\",\"@graph\":[{\"@type\":\"Article\",\"@id\":\"http:\\\/\\\/www.semen-l.org\\\/?p=3308#article\",\"isPartOf\":{\"@id\":\"http:\\\/\\\/www.semen-l.org\\\/?p=3308\"},\"author\":{\"name\":\"Julien Maudoux\",\"@id\":\"http:\\\/\\\/www.semen-l.org\\\/#\\\/schema\\\/person\\\/ef5208815f17666727763c5363a51344\"},\"headline\":\"Jean Ursin. El\u00e9gies sur la peste, traduction, introduction et notes de Pierre Domeyne, avec la collaboration de Monique Zannetacci, Vienne, Editions 7, 2017 (Brigitte Gauvain)\",\"datePublished\":\"2017-10-15T20:12:52+00:00\",\"dateModified\":\"2024-02-15T20:19:47+00:00\",\"mainEntityOfPage\":{\"@id\":\"http:\\\/\\\/www.semen-l.org\\\/?p=3308\"},\"wordCount\":336,\"commentCount\":0,\"publisher\":{\"@id\":\"http:\\\/\\\/www.semen-l.org\\\/#organization\"},\"image\":{\"@id\":\"http:\\\/\\\/www.semen-l.org\\\/?p=3308#primaryimage\"},\"thumbnailUrl\":\"https:\\\/\\\/www.semen-l.org\\\/wp-content\\\/uploads\\\/2017\\\/10\\\/elegies-peste-ursin-couv.jpg\",\"keywords\":[\"animal\",\"Bonhomme (Mac\u00e9)\",\"\u00e9l\u00e9gie\",\"\u00c9l\u00e9gies sur la peste (Ursin)\",\"gastronomie\",\"humanisme\",\"La Prosopop\u00e9e des animaux (Ursin)\",\"m\u00e9decine\",\"peste\",\"po\u00e9sie\",\"Ursin Jean\"],\"articleSection\":[\"Recensions\"],\"inLanguage\":\"fr-FR\",\"potentialAction\":[{\"@type\":\"CommentAction\",\"name\":\"Comment\",\"target\":[\"http:\\\/\\\/www.semen-l.org\\\/?p=3308#respond\"]}]},{\"@type\":\"WebPage\",\"@id\":\"http:\\\/\\\/www.semen-l.org\\\/?p=3308\",\"url\":\"http:\\\/\\\/www.semen-l.org\\\/?p=3308\",\"name\":\"Les \u00c9l\u00e9gies sur la peste de Jean Ursin recension de l'\u00e9d. Domeyne\",\"isPartOf\":{\"@id\":\"http:\\\/\\\/www.semen-l.org\\\/#website\"},\"primaryImageOfPage\":{\"@id\":\"http:\\\/\\\/www.semen-l.org\\\/?p=3308#primaryimage\"},\"image\":{\"@id\":\"http:\\\/\\\/www.semen-l.org\\\/?p=3308#primaryimage\"},\"thumbnailUrl\":\"https:\\\/\\\/www.semen-l.org\\\/wp-content\\\/uploads\\\/2017\\\/10\\\/elegies-peste-ursin-couv.jpg\",\"datePublished\":\"2017-10-15T20:12:52+00:00\",\"dateModified\":\"2024-02-15T20:19:47+00:00\",\"description\":\"Recension par Brigitte Gauvain des \u00c9l\u00e9gies sur la peste de Jean Ursin dans l'\u00e9dition P. Domeyne publi\u00e9e aux \u00c9ditions 7. Site de la SEMEN-L.\",\"breadcrumb\":{\"@id\":\"http:\\\/\\\/www.semen-l.org\\\/?p=3308#breadcrumb\"},\"inLanguage\":\"fr-FR\",\"potentialAction\":[{\"@type\":\"ReadAction\",\"target\":[\"http:\\\/\\\/www.semen-l.org\\\/?p=3308\"]}]},{\"@type\":\"ImageObject\",\"inLanguage\":\"fr-FR\",\"@id\":\"http:\\\/\\\/www.semen-l.org\\\/?p=3308#primaryimage\",\"url\":\"https:\\\/\\\/www.semen-l.org\\\/wp-content\\\/uploads\\\/2017\\\/10\\\/elegies-peste-ursin-couv.jpg\",\"contentUrl\":\"https:\\\/\\\/www.semen-l.org\\\/wp-content\\\/uploads\\\/2017\\\/10\\\/elegies-peste-ursin-couv.jpg\",\"width\":308,\"height\":445},{\"@type\":\"BreadcrumbList\",\"@id\":\"http:\\\/\\\/www.semen-l.org\\\/?p=3308#breadcrumb\",\"itemListElement\":[{\"@type\":\"ListItem\",\"position\":1,\"name\":\"Accueil\",\"item\":\"http:\\\/\\\/www.semen-l.org\\\/\"},{\"@type\":\"ListItem\",\"position\":2,\"name\":\"Jean Ursin. El\u00e9gies sur la peste, traduction, introduction et notes de Pierre Domeyne, avec la collaboration de Monique Zannetacci, Vienne, Editions 7, 2017 (Brigitte Gauvain)\"}]},{\"@type\":\"WebSite\",\"@id\":\"http:\\\/\\\/www.semen-l.org\\\/#website\",\"url\":\"http:\\\/\\\/www.semen-l.org\\\/\",\"name\":\"Soci\u00e9t\u00e9 d'\u00c9tudes M\u00e9dio Et N\u00e9o-Latines\",\"description\":\"\",\"publisher\":{\"@id\":\"http:\\\/\\\/www.semen-l.org\\\/#organization\"},\"potentialAction\":[{\"@type\":\"SearchAction\",\"target\":{\"@type\":\"EntryPoint\",\"urlTemplate\":\"http:\\\/\\\/www.semen-l.org\\\/?s={search_term_string}\"},\"query-input\":{\"@type\":\"PropertyValueSpecification\",\"valueRequired\":true,\"valueName\":\"search_term_string\"}}],\"inLanguage\":\"fr-FR\"},{\"@type\":\"Organization\",\"@id\":\"http:\\\/\\\/www.semen-l.org\\\/#organization\",\"name\":\"Soci\u00e9t\u00e9 d'\u00e9tudes m\u00e9dio et n\u00e9o-latines\",\"url\":\"http:\\\/\\\/www.semen-l.org\\\/\",\"logo\":{\"@type\":\"ImageObject\",\"inLanguage\":\"fr-FR\",\"@id\":\"http:\\\/\\\/www.semen-l.org\\\/#\\\/schema\\\/logo\\\/image\\\/\",\"url\":\"http:\\\/\\\/www.semen-l.org\\\/wp-content\\\/uploads\\\/2020\\\/11\\\/logo-semenl.jpg\",\"contentUrl\":\"http:\\\/\\\/www.semen-l.org\\\/wp-content\\\/uploads\\\/2020\\\/11\\\/logo-semenl.jpg\",\"width\":408,\"height\":403,\"caption\":\"Soci\u00e9t\u00e9 d'\u00e9tudes m\u00e9dio et n\u00e9o-latines\"},\"image\":{\"@id\":\"http:\\\/\\\/www.semen-l.org\\\/#\\\/schema\\\/logo\\\/image\\\/\"},\"sameAs\":[\"https:\\\/\\\/www.facebook.com\\\/SEMENL2018\",\"https:\\\/\\\/independent.academia.edu\\\/SocitsdtudesmdioetnolatinesSEMENL\"]},{\"@type\":\"Person\",\"@id\":\"http:\\\/\\\/www.semen-l.org\\\/#\\\/schema\\\/person\\\/ef5208815f17666727763c5363a51344\",\"name\":\"Julien Maudoux\",\"image\":{\"@type\":\"ImageObject\",\"inLanguage\":\"fr-FR\",\"@id\":\"https:\\\/\\\/secure.gravatar.com\\\/avatar\\\/caabf4fb6242e2277733cd35a5c2aa083761ea25dae1d1ff3298b54292225292?s=96&d=mm&r=g\",\"url\":\"https:\\\/\\\/secure.gravatar.com\\\/avatar\\\/caabf4fb6242e2277733cd35a5c2aa083761ea25dae1d1ff3298b54292225292?s=96&d=mm&r=g\",\"contentUrl\":\"https:\\\/\\\/secure.gravatar.com\\\/avatar\\\/caabf4fb6242e2277733cd35a5c2aa083761ea25dae1d1ff3298b54292225292?s=96&d=mm&r=g\",\"caption\":\"Julien Maudoux\"},\"description\":\"Webmestre du site de la SEMEN-L\",\"url\":\"https:\\\/\\\/www.semen-l.org\\\/?author=26\"}]}<\/script>\n<!-- \/ Yoast SEO plugin. -->","yoast_head_json":{"title":"Les \u00c9l\u00e9gies sur la peste de Jean Ursin recension de l'\u00e9d. Domeyne","description":"Recension par Brigitte Gauvain des \u00c9l\u00e9gies sur la peste de Jean Ursin dans l'\u00e9dition P. Domeyne publi\u00e9e aux \u00c9ditions 7. Site de la SEMEN-L.","robots":{"index":"index","follow":"follow","max-snippet":"max-snippet:-1","max-image-preview":"max-image-preview:large","max-video-preview":"max-video-preview:-1"},"canonical":"http:\/\/www.semen-l.org\/?p=3308","og_locale":"fr_FR","og_type":"article","og_title":"Les \u00c9l\u00e9gies sur la peste de Jean Ursin recension de l'\u00e9d. Domeyne","og_description":"Recension par Brigitte Gauvain des \u00c9l\u00e9gies sur la peste de Jean Ursin dans l'\u00e9dition P. Domeyne publi\u00e9e aux \u00c9ditions 7. Site de la SEMEN-L.","og_url":"http:\/\/www.semen-l.org\/?p=3308","og_site_name":"Soci\u00e9t\u00e9 d&#039;\u00c9tudes M\u00e9dio Et N\u00e9o-Latines","article_publisher":"https:\/\/www.facebook.com\/SEMENL2018","article_published_time":"2017-10-15T20:12:52+00:00","article_modified_time":"2024-02-15T20:19:47+00:00","og_image":[{"width":308,"height":445,"url":"http:\/\/www.semen-l.org\/wp-content\/uploads\/2017\/10\/elegies-peste-ursin-couv.jpg","type":"image\/jpeg"}],"author":"Julien Maudoux","twitter_card":"summary_large_image","twitter_misc":{"\u00c9crit par":"Julien Maudoux","Dur\u00e9e de lecture estim\u00e9e":"2 minutes"},"schema":{"@context":"https:\/\/schema.org","@graph":[{"@type":"Article","@id":"http:\/\/www.semen-l.org\/?p=3308#article","isPartOf":{"@id":"http:\/\/www.semen-l.org\/?p=3308"},"author":{"name":"Julien Maudoux","@id":"http:\/\/www.semen-l.org\/#\/schema\/person\/ef5208815f17666727763c5363a51344"},"headline":"Jean Ursin. El\u00e9gies sur la peste, traduction, introduction et notes de Pierre Domeyne, avec la collaboration de Monique Zannetacci, Vienne, Editions 7, 2017 (Brigitte Gauvain)","datePublished":"2017-10-15T20:12:52+00:00","dateModified":"2024-02-15T20:19:47+00:00","mainEntityOfPage":{"@id":"http:\/\/www.semen-l.org\/?p=3308"},"wordCount":336,"commentCount":0,"publisher":{"@id":"http:\/\/www.semen-l.org\/#organization"},"image":{"@id":"http:\/\/www.semen-l.org\/?p=3308#primaryimage"},"thumbnailUrl":"https:\/\/www.semen-l.org\/wp-content\/uploads\/2017\/10\/elegies-peste-ursin-couv.jpg","keywords":["animal","Bonhomme (Mac\u00e9)","\u00e9l\u00e9gie","\u00c9l\u00e9gies sur la peste (Ursin)","gastronomie","humanisme","La Prosopop\u00e9e des animaux (Ursin)","m\u00e9decine","peste","po\u00e9sie","Ursin Jean"],"articleSection":["Recensions"],"inLanguage":"fr-FR","potentialAction":[{"@type":"CommentAction","name":"Comment","target":["http:\/\/www.semen-l.org\/?p=3308#respond"]}]},{"@type":"WebPage","@id":"http:\/\/www.semen-l.org\/?p=3308","url":"http:\/\/www.semen-l.org\/?p=3308","name":"Les \u00c9l\u00e9gies sur la peste de Jean Ursin recension de l'\u00e9d. Domeyne","isPartOf":{"@id":"http:\/\/www.semen-l.org\/#website"},"primaryImageOfPage":{"@id":"http:\/\/www.semen-l.org\/?p=3308#primaryimage"},"image":{"@id":"http:\/\/www.semen-l.org\/?p=3308#primaryimage"},"thumbnailUrl":"https:\/\/www.semen-l.org\/wp-content\/uploads\/2017\/10\/elegies-peste-ursin-couv.jpg","datePublished":"2017-10-15T20:12:52+00:00","dateModified":"2024-02-15T20:19:47+00:00","description":"Recension par Brigitte Gauvain des \u00c9l\u00e9gies sur la peste de Jean Ursin dans l'\u00e9dition P. Domeyne publi\u00e9e aux \u00c9ditions 7. Site de la SEMEN-L.","breadcrumb":{"@id":"http:\/\/www.semen-l.org\/?p=3308#breadcrumb"},"inLanguage":"fr-FR","potentialAction":[{"@type":"ReadAction","target":["http:\/\/www.semen-l.org\/?p=3308"]}]},{"@type":"ImageObject","inLanguage":"fr-FR","@id":"http:\/\/www.semen-l.org\/?p=3308#primaryimage","url":"https:\/\/www.semen-l.org\/wp-content\/uploads\/2017\/10\/elegies-peste-ursin-couv.jpg","contentUrl":"https:\/\/www.semen-l.org\/wp-content\/uploads\/2017\/10\/elegies-peste-ursin-couv.jpg","width":308,"height":445},{"@type":"BreadcrumbList","@id":"http:\/\/www.semen-l.org\/?p=3308#breadcrumb","itemListElement":[{"@type":"ListItem","position":1,"name":"Accueil","item":"http:\/\/www.semen-l.org\/"},{"@type":"ListItem","position":2,"name":"Jean Ursin. El\u00e9gies sur la peste, traduction, introduction et notes de Pierre Domeyne, avec la collaboration de Monique Zannetacci, Vienne, Editions 7, 2017 (Brigitte Gauvain)"}]},{"@type":"WebSite","@id":"http:\/\/www.semen-l.org\/#website","url":"http:\/\/www.semen-l.org\/","name":"Soci\u00e9t\u00e9 d'\u00c9tudes M\u00e9dio Et N\u00e9o-Latines","description":"","publisher":{"@id":"http:\/\/www.semen-l.org\/#organization"},"potentialAction":[{"@type":"SearchAction","target":{"@type":"EntryPoint","urlTemplate":"http:\/\/www.semen-l.org\/?s={search_term_string}"},"query-input":{"@type":"PropertyValueSpecification","valueRequired":true,"valueName":"search_term_string"}}],"inLanguage":"fr-FR"},{"@type":"Organization","@id":"http:\/\/www.semen-l.org\/#organization","name":"Soci\u00e9t\u00e9 d'\u00e9tudes m\u00e9dio et n\u00e9o-latines","url":"http:\/\/www.semen-l.org\/","logo":{"@type":"ImageObject","inLanguage":"fr-FR","@id":"http:\/\/www.semen-l.org\/#\/schema\/logo\/image\/","url":"http:\/\/www.semen-l.org\/wp-content\/uploads\/2020\/11\/logo-semenl.jpg","contentUrl":"http:\/\/www.semen-l.org\/wp-content\/uploads\/2020\/11\/logo-semenl.jpg","width":408,"height":403,"caption":"Soci\u00e9t\u00e9 d'\u00e9tudes m\u00e9dio et n\u00e9o-latines"},"image":{"@id":"http:\/\/www.semen-l.org\/#\/schema\/logo\/image\/"},"sameAs":["https:\/\/www.facebook.com\/SEMENL2018","https:\/\/independent.academia.edu\/SocitsdtudesmdioetnolatinesSEMENL"]},{"@type":"Person","@id":"http:\/\/www.semen-l.org\/#\/schema\/person\/ef5208815f17666727763c5363a51344","name":"Julien Maudoux","image":{"@type":"ImageObject","inLanguage":"fr-FR","@id":"https:\/\/secure.gravatar.com\/avatar\/caabf4fb6242e2277733cd35a5c2aa083761ea25dae1d1ff3298b54292225292?s=96&d=mm&r=g","url":"https:\/\/secure.gravatar.com\/avatar\/caabf4fb6242e2277733cd35a5c2aa083761ea25dae1d1ff3298b54292225292?s=96&d=mm&r=g","contentUrl":"https:\/\/secure.gravatar.com\/avatar\/caabf4fb6242e2277733cd35a5c2aa083761ea25dae1d1ff3298b54292225292?s=96&d=mm&r=g","caption":"Julien Maudoux"},"description":"Webmestre du site de la SEMEN-L","url":"https:\/\/www.semen-l.org\/?author=26"}]}},"jetpack_featured_media_url":"https:\/\/www.semen-l.org\/wp-content\/uploads\/2017\/10\/elegies-peste-ursin-couv.jpg","_links":{"self":[{"href":"https:\/\/www.semen-l.org\/index.php?rest_route=\/wp\/v2\/posts\/3308","targetHints":{"allow":["GET"]}}],"collection":[{"href":"https:\/\/www.semen-l.org\/index.php?rest_route=\/wp\/v2\/posts"}],"about":[{"href":"https:\/\/www.semen-l.org\/index.php?rest_route=\/wp\/v2\/types\/post"}],"author":[{"embeddable":true,"href":"https:\/\/www.semen-l.org\/index.php?rest_route=\/wp\/v2\/users\/26"}],"replies":[{"embeddable":true,"href":"https:\/\/www.semen-l.org\/index.php?rest_route=%2Fwp%2Fv2%2Fcomments&post=3308"}],"version-history":[{"count":0,"href":"https:\/\/www.semen-l.org\/index.php?rest_route=\/wp\/v2\/posts\/3308\/revisions"}],"wp:featuredmedia":[{"embeddable":true,"href":"https:\/\/www.semen-l.org\/index.php?rest_route=\/wp\/v2\/media\/3310"}],"wp:attachment":[{"href":"https:\/\/www.semen-l.org\/index.php?rest_route=%2Fwp%2Fv2%2Fmedia&parent=3308"}],"wp:term":[{"taxonomy":"category","embeddable":true,"href":"https:\/\/www.semen-l.org\/index.php?rest_route=%2Fwp%2Fv2%2Fcategories&post=3308"},{"taxonomy":"post_tag","embeddable":true,"href":"https:\/\/www.semen-l.org\/index.php?rest_route=%2Fwp%2Fv2%2Ftags&post=3308"}],"curies":[{"name":"wp","href":"https:\/\/api.w.org\/{rel}","templated":true}]}}