{"id":3302,"date":"2018-10-15T18:45:01","date_gmt":"2018-10-15T18:45:01","guid":{"rendered":"https:\/\/www.semen-l.org\/?p=3302"},"modified":"2024-02-15T18:48:50","modified_gmt":"2024-02-15T18:48:50","slug":"lexemplum-virgilien-et-lacademie-napolitaine-a-la-renaissance-itinera-parthenopea-i-sous-la-direction-de-marc-deramaix-et-giuseppe-germano-no-348","status":"publish","type":"post","link":"https:\/\/www.semen-l.org\/?p=3302","title":{"rendered":"L\u2019Exemplum virgilien et l\u2019Acad\u00e9mie napolitaine \u00e0 la Renaissance, Itinera Parthenopea, I, sous la direction de Marc Deramaix et Giuseppe Germano, No 348"},"content":{"rendered":"<p><strong><em>L\u2019Exemplum virgilien et l\u2019Acad\u00e9mie napolitaine \u00e0 la Renaissance<\/em><\/strong><strong>, Itinera Parthenopea, <\/strong><strong>I, sous la direction de Marc Deramaix et Giuseppe Germano, No 348, 488 p., 15 x 22 cm ; broch\u00e9, ISBN 978-2-406-07313-0 ; reli\u00e9, ISBN 978-2-406-07314-7<img fetchpriority=\"high\" decoding=\"async\" class=\"alignright size-medium wp-image-3304\" src=\"http:\/\/www.semen-l.org\/wp-content\/uploads\/2024\/02\/exemplum-virgilien-couv-200x300.jpg\" alt=\"\" width=\"200\" height=\"300\" srcset=\"https:\/\/www.semen-l.org\/wp-content\/uploads\/2024\/02\/exemplum-virgilien-couv-200x300.jpg 200w, https:\/\/www.semen-l.org\/wp-content\/uploads\/2024\/02\/exemplum-virgilien-couv-133x200.jpg 133w, https:\/\/www.semen-l.org\/wp-content\/uploads\/2024\/02\/exemplum-virgilien-couv.jpg 240w\" sizes=\"(max-width: 200px) 100vw, 200px\" \/><\/strong><\/p>\n<p>Dans l\u2019acad\u00e9mie napolitaine de la Renaissance, les po\u00e8tes latins firent de l\u2019imitation un principe d\u2019\u00e9criture. Ils n\u2019\u00e9lud\u00e8rent donc pas celle de Virgile, exemplum de tout style, parfois plus virgiliens que le mod\u00e8le qui les faisait na\u00eetre \u00e0 une originalit\u00e9 qu\u2019ils d\u00e9finissaient pour les Modernes.<\/p>\n<p>Cette recension a \u00e9t\u00e9 publi\u00e9e dans le<a href=\"https:\/\/www.semen-l.org\/?p=1779\"> Bulletin de liaison n\u00b016 (2018) de la SEMEN-L<\/a> (p. 46).<\/p>\n","protected":false},"excerpt":{"rendered":"<p>L\u2019Exemplum virgilien et l\u2019Acad\u00e9mie napolitaine \u00e0 la Renaissance, Itinera Parthenopea, I, sous la direction de Marc Deramaix et Giuseppe Germano, No 348, 488 p., 15 x 22 cm ; broch\u00e9, ISBN 978-2-406-07313-0 ; reli\u00e9, ISBN 978-2-406-07314-7 Dans l\u2019acad\u00e9mie napolitaine de &hellip; <a href=\"https:\/\/www.semen-l.org\/?p=3302\">Continuer la lecture <span class=\"meta-nav\">&rarr;<\/span><\/a><\/p>\n","protected":false},"author":26,"featured_media":3304,"comment_status":"open","ping_status":"open","sticky":false,"template":"","format":"standard","meta":{"footnotes":""},"categories":[1825],"tags":[384,144,1281,1295,54],"class_list":["post-3302","post","type-post","status-publish","format-standard","has-post-thumbnail","hentry","category-recensions","tag-exemplum","tag-humanisme","tag-modele","tag-naples","tag-virgile"],"yoast_head":"<!-- This site is optimized with the Yoast SEO plugin v27.5 - https:\/\/yoast.com\/product\/yoast-seo-wordpress\/ -->\n<title>L\u2019Exemplum virgilien et l\u2019Acad\u00e9mie napolitaine \u00e0 la Renaissance<\/title>\n<meta name=\"description\" content=\"Recension par la SEMEN-L du volume L\u2019Exemplum virgilien et l\u2019Acad\u00e9mie napolitaine \u00e0 la Renaissance, Itinera Parthenopea, I\" \/>\n<meta name=\"robots\" content=\"index, follow, max-snippet:-1, max-image-preview:large, max-video-preview:-1\" \/>\n<link rel=\"canonical\" href=\"https:\/\/www.semen-l.org\/?p=3302\" \/>\n<meta property=\"og:locale\" content=\"fr_FR\" \/>\n<meta property=\"og:type\" content=\"article\" \/>\n<meta property=\"og:title\" content=\"L\u2019Exemplum virgilien et l\u2019Acad\u00e9mie napolitaine \u00e0 la Renaissance\" \/>\n<meta property=\"og:description\" content=\"Recension par la SEMEN-L du volume L\u2019Exemplum virgilien et l\u2019Acad\u00e9mie napolitaine \u00e0 la Renaissance, Itinera Parthenopea, I\" \/>\n<meta property=\"og:url\" content=\"https:\/\/www.semen-l.org\/?p=3302\" \/>\n<meta property=\"og:site_name\" content=\"Soci\u00e9t\u00e9 d&#039;\u00c9tudes M\u00e9dio Et N\u00e9o-Latines\" \/>\n<meta property=\"article:publisher\" content=\"https:\/\/www.facebook.com\/SEMENL2018\" \/>\n<meta property=\"article:published_time\" content=\"2018-10-15T18:45:01+00:00\" \/>\n<meta property=\"article:modified_time\" content=\"2024-02-15T18:48:50+00:00\" \/>\n<meta property=\"og:image\" content=\"https:\/\/www.semen-l.org\/wp-content\/uploads\/2024\/02\/exemplum-virgilien-couv.jpg\" \/>\n\t<meta property=\"og:image:width\" content=\"240\" \/>\n\t<meta property=\"og:image:height\" content=\"360\" \/>\n\t<meta property=\"og:image:type\" content=\"image\/jpeg\" \/>\n<meta name=\"author\" content=\"Julien Maudoux\" \/>\n<meta name=\"twitter:card\" content=\"summary_large_image\" \/>\n<meta name=\"twitter:label1\" content=\"\u00c9crit par\" \/>\n\t<meta name=\"twitter:data1\" content=\"Julien Maudoux\" \/>\n\t<meta name=\"twitter:label2\" content=\"Dur\u00e9e de lecture estim\u00e9e\" \/>\n\t<meta name=\"twitter:data2\" content=\"1 minute\" \/>\n<script type=\"application\/ld+json\" class=\"yoast-schema-graph\">{\"@context\":\"https:\\\/\\\/schema.org\",\"@graph\":[{\"@type\":\"Article\",\"@id\":\"https:\\\/\\\/www.semen-l.org\\\/?p=3302#article\",\"isPartOf\":{\"@id\":\"https:\\\/\\\/www.semen-l.org\\\/?p=3302\"},\"author\":{\"name\":\"Julien Maudoux\",\"@id\":\"http:\\\/\\\/www.semen-l.org\\\/#\\\/schema\\\/person\\\/ef5208815f17666727763c5363a51344\"},\"headline\":\"L\u2019Exemplum virgilien et l\u2019Acad\u00e9mie napolitaine \u00e0 la Renaissance, Itinera Parthenopea, I, sous la direction de Marc Deramaix et Giuseppe Germano, No 348\",\"datePublished\":\"2018-10-15T18:45:01+00:00\",\"dateModified\":\"2024-02-15T18:48:50+00:00\",\"mainEntityOfPage\":{\"@id\":\"https:\\\/\\\/www.semen-l.org\\\/?p=3302\"},\"wordCount\":131,\"commentCount\":0,\"publisher\":{\"@id\":\"http:\\\/\\\/www.semen-l.org\\\/#organization\"},\"image\":{\"@id\":\"https:\\\/\\\/www.semen-l.org\\\/?p=3302#primaryimage\"},\"thumbnailUrl\":\"https:\\\/\\\/www.semen-l.org\\\/wp-content\\\/uploads\\\/2024\\\/02\\\/exemplum-virgilien-couv.jpg\",\"keywords\":[\"exemplum\",\"humanisme\",\"mod\u00e8le\",\"Naples\",\"Virgile\"],\"articleSection\":[\"Recensions\"],\"inLanguage\":\"fr-FR\",\"potentialAction\":[{\"@type\":\"CommentAction\",\"name\":\"Comment\",\"target\":[\"https:\\\/\\\/www.semen-l.org\\\/?p=3302#respond\"]}]},{\"@type\":\"WebPage\",\"@id\":\"https:\\\/\\\/www.semen-l.org\\\/?p=3302\",\"url\":\"https:\\\/\\\/www.semen-l.org\\\/?p=3302\",\"name\":\"L\u2019Exemplum virgilien et l\u2019Acad\u00e9mie napolitaine \u00e0 la Renaissance\",\"isPartOf\":{\"@id\":\"http:\\\/\\\/www.semen-l.org\\\/#website\"},\"primaryImageOfPage\":{\"@id\":\"https:\\\/\\\/www.semen-l.org\\\/?p=3302#primaryimage\"},\"image\":{\"@id\":\"https:\\\/\\\/www.semen-l.org\\\/?p=3302#primaryimage\"},\"thumbnailUrl\":\"https:\\\/\\\/www.semen-l.org\\\/wp-content\\\/uploads\\\/2024\\\/02\\\/exemplum-virgilien-couv.jpg\",\"datePublished\":\"2018-10-15T18:45:01+00:00\",\"dateModified\":\"2024-02-15T18:48:50+00:00\",\"description\":\"Recension par la SEMEN-L du volume L\u2019Exemplum virgilien et l\u2019Acad\u00e9mie napolitaine \u00e0 la Renaissance, Itinera Parthenopea, I\",\"breadcrumb\":{\"@id\":\"https:\\\/\\\/www.semen-l.org\\\/?p=3302#breadcrumb\"},\"inLanguage\":\"fr-FR\",\"potentialAction\":[{\"@type\":\"ReadAction\",\"target\":[\"https:\\\/\\\/www.semen-l.org\\\/?p=3302\"]}]},{\"@type\":\"ImageObject\",\"inLanguage\":\"fr-FR\",\"@id\":\"https:\\\/\\\/www.semen-l.org\\\/?p=3302#primaryimage\",\"url\":\"https:\\\/\\\/www.semen-l.org\\\/wp-content\\\/uploads\\\/2024\\\/02\\\/exemplum-virgilien-couv.jpg\",\"contentUrl\":\"https:\\\/\\\/www.semen-l.org\\\/wp-content\\\/uploads\\\/2024\\\/02\\\/exemplum-virgilien-couv.jpg\",\"width\":240,\"height\":360},{\"@type\":\"BreadcrumbList\",\"@id\":\"https:\\\/\\\/www.semen-l.org\\\/?p=3302#breadcrumb\",\"itemListElement\":[{\"@type\":\"ListItem\",\"position\":1,\"name\":\"Accueil\",\"item\":\"http:\\\/\\\/www.semen-l.org\\\/\"},{\"@type\":\"ListItem\",\"position\":2,\"name\":\"L\u2019Exemplum virgilien et l\u2019Acad\u00e9mie napolitaine \u00e0 la Renaissance, Itinera Parthenopea, I, sous la direction de Marc Deramaix et Giuseppe Germano, No 348\"}]},{\"@type\":\"WebSite\",\"@id\":\"http:\\\/\\\/www.semen-l.org\\\/#website\",\"url\":\"http:\\\/\\\/www.semen-l.org\\\/\",\"name\":\"Soci\u00e9t\u00e9 d'\u00c9tudes M\u00e9dio Et N\u00e9o-Latines\",\"description\":\"\",\"publisher\":{\"@id\":\"http:\\\/\\\/www.semen-l.org\\\/#organization\"},\"potentialAction\":[{\"@type\":\"SearchAction\",\"target\":{\"@type\":\"EntryPoint\",\"urlTemplate\":\"http:\\\/\\\/www.semen-l.org\\\/?s={search_term_string}\"},\"query-input\":{\"@type\":\"PropertyValueSpecification\",\"valueRequired\":true,\"valueName\":\"search_term_string\"}}],\"inLanguage\":\"fr-FR\"},{\"@type\":\"Organization\",\"@id\":\"http:\\\/\\\/www.semen-l.org\\\/#organization\",\"name\":\"Soci\u00e9t\u00e9 d'\u00e9tudes m\u00e9dio et n\u00e9o-latines\",\"url\":\"http:\\\/\\\/www.semen-l.org\\\/\",\"logo\":{\"@type\":\"ImageObject\",\"inLanguage\":\"fr-FR\",\"@id\":\"http:\\\/\\\/www.semen-l.org\\\/#\\\/schema\\\/logo\\\/image\\\/\",\"url\":\"http:\\\/\\\/www.semen-l.org\\\/wp-content\\\/uploads\\\/2020\\\/11\\\/logo-semenl.jpg\",\"contentUrl\":\"http:\\\/\\\/www.semen-l.org\\\/wp-content\\\/uploads\\\/2020\\\/11\\\/logo-semenl.jpg\",\"width\":408,\"height\":403,\"caption\":\"Soci\u00e9t\u00e9 d'\u00e9tudes m\u00e9dio et n\u00e9o-latines\"},\"image\":{\"@id\":\"http:\\\/\\\/www.semen-l.org\\\/#\\\/schema\\\/logo\\\/image\\\/\"},\"sameAs\":[\"https:\\\/\\\/www.facebook.com\\\/SEMENL2018\",\"https:\\\/\\\/independent.academia.edu\\\/SocitsdtudesmdioetnolatinesSEMENL\"]},{\"@type\":\"Person\",\"@id\":\"http:\\\/\\\/www.semen-l.org\\\/#\\\/schema\\\/person\\\/ef5208815f17666727763c5363a51344\",\"name\":\"Julien Maudoux\",\"image\":{\"@type\":\"ImageObject\",\"inLanguage\":\"fr-FR\",\"@id\":\"https:\\\/\\\/secure.gravatar.com\\\/avatar\\\/caabf4fb6242e2277733cd35a5c2aa083761ea25dae1d1ff3298b54292225292?s=96&d=mm&r=g\",\"url\":\"https:\\\/\\\/secure.gravatar.com\\\/avatar\\\/caabf4fb6242e2277733cd35a5c2aa083761ea25dae1d1ff3298b54292225292?s=96&d=mm&r=g\",\"contentUrl\":\"https:\\\/\\\/secure.gravatar.com\\\/avatar\\\/caabf4fb6242e2277733cd35a5c2aa083761ea25dae1d1ff3298b54292225292?s=96&d=mm&r=g\",\"caption\":\"Julien Maudoux\"},\"description\":\"Webmestre du site de la SEMEN-L\",\"url\":\"https:\\\/\\\/www.semen-l.org\\\/?author=26\"}]}<\/script>\n<!-- \/ Yoast SEO plugin. -->","yoast_head_json":{"title":"L\u2019Exemplum virgilien et l\u2019Acad\u00e9mie napolitaine \u00e0 la Renaissance","description":"Recension par la SEMEN-L du volume L\u2019Exemplum virgilien et l\u2019Acad\u00e9mie napolitaine \u00e0 la Renaissance, Itinera Parthenopea, I","robots":{"index":"index","follow":"follow","max-snippet":"max-snippet:-1","max-image-preview":"max-image-preview:large","max-video-preview":"max-video-preview:-1"},"canonical":"https:\/\/www.semen-l.org\/?p=3302","og_locale":"fr_FR","og_type":"article","og_title":"L\u2019Exemplum virgilien et l\u2019Acad\u00e9mie napolitaine \u00e0 la Renaissance","og_description":"Recension par la SEMEN-L du volume L\u2019Exemplum virgilien et l\u2019Acad\u00e9mie napolitaine \u00e0 la Renaissance, Itinera Parthenopea, I","og_url":"https:\/\/www.semen-l.org\/?p=3302","og_site_name":"Soci\u00e9t\u00e9 d&#039;\u00c9tudes M\u00e9dio Et N\u00e9o-Latines","article_publisher":"https:\/\/www.facebook.com\/SEMENL2018","article_published_time":"2018-10-15T18:45:01+00:00","article_modified_time":"2024-02-15T18:48:50+00:00","og_image":[{"width":240,"height":360,"url":"https:\/\/www.semen-l.org\/wp-content\/uploads\/2024\/02\/exemplum-virgilien-couv.jpg","type":"image\/jpeg"}],"author":"Julien Maudoux","twitter_card":"summary_large_image","twitter_misc":{"\u00c9crit par":"Julien Maudoux","Dur\u00e9e de lecture estim\u00e9e":"1 minute"},"schema":{"@context":"https:\/\/schema.org","@graph":[{"@type":"Article","@id":"https:\/\/www.semen-l.org\/?p=3302#article","isPartOf":{"@id":"https:\/\/www.semen-l.org\/?p=3302"},"author":{"name":"Julien Maudoux","@id":"http:\/\/www.semen-l.org\/#\/schema\/person\/ef5208815f17666727763c5363a51344"},"headline":"L\u2019Exemplum virgilien et l\u2019Acad\u00e9mie napolitaine \u00e0 la Renaissance, Itinera Parthenopea, I, sous la direction de Marc Deramaix et Giuseppe Germano, No 348","datePublished":"2018-10-15T18:45:01+00:00","dateModified":"2024-02-15T18:48:50+00:00","mainEntityOfPage":{"@id":"https:\/\/www.semen-l.org\/?p=3302"},"wordCount":131,"commentCount":0,"publisher":{"@id":"http:\/\/www.semen-l.org\/#organization"},"image":{"@id":"https:\/\/www.semen-l.org\/?p=3302#primaryimage"},"thumbnailUrl":"https:\/\/www.semen-l.org\/wp-content\/uploads\/2024\/02\/exemplum-virgilien-couv.jpg","keywords":["exemplum","humanisme","mod\u00e8le","Naples","Virgile"],"articleSection":["Recensions"],"inLanguage":"fr-FR","potentialAction":[{"@type":"CommentAction","name":"Comment","target":["https:\/\/www.semen-l.org\/?p=3302#respond"]}]},{"@type":"WebPage","@id":"https:\/\/www.semen-l.org\/?p=3302","url":"https:\/\/www.semen-l.org\/?p=3302","name":"L\u2019Exemplum virgilien et l\u2019Acad\u00e9mie napolitaine \u00e0 la Renaissance","isPartOf":{"@id":"http:\/\/www.semen-l.org\/#website"},"primaryImageOfPage":{"@id":"https:\/\/www.semen-l.org\/?p=3302#primaryimage"},"image":{"@id":"https:\/\/www.semen-l.org\/?p=3302#primaryimage"},"thumbnailUrl":"https:\/\/www.semen-l.org\/wp-content\/uploads\/2024\/02\/exemplum-virgilien-couv.jpg","datePublished":"2018-10-15T18:45:01+00:00","dateModified":"2024-02-15T18:48:50+00:00","description":"Recension par la SEMEN-L du volume L\u2019Exemplum virgilien et l\u2019Acad\u00e9mie napolitaine \u00e0 la Renaissance, Itinera Parthenopea, I","breadcrumb":{"@id":"https:\/\/www.semen-l.org\/?p=3302#breadcrumb"},"inLanguage":"fr-FR","potentialAction":[{"@type":"ReadAction","target":["https:\/\/www.semen-l.org\/?p=3302"]}]},{"@type":"ImageObject","inLanguage":"fr-FR","@id":"https:\/\/www.semen-l.org\/?p=3302#primaryimage","url":"https:\/\/www.semen-l.org\/wp-content\/uploads\/2024\/02\/exemplum-virgilien-couv.jpg","contentUrl":"https:\/\/www.semen-l.org\/wp-content\/uploads\/2024\/02\/exemplum-virgilien-couv.jpg","width":240,"height":360},{"@type":"BreadcrumbList","@id":"https:\/\/www.semen-l.org\/?p=3302#breadcrumb","itemListElement":[{"@type":"ListItem","position":1,"name":"Accueil","item":"http:\/\/www.semen-l.org\/"},{"@type":"ListItem","position":2,"name":"L\u2019Exemplum virgilien et l\u2019Acad\u00e9mie napolitaine \u00e0 la Renaissance, Itinera Parthenopea, I, sous la direction de Marc Deramaix et Giuseppe Germano, No 348"}]},{"@type":"WebSite","@id":"http:\/\/www.semen-l.org\/#website","url":"http:\/\/www.semen-l.org\/","name":"Soci\u00e9t\u00e9 d'\u00c9tudes M\u00e9dio Et N\u00e9o-Latines","description":"","publisher":{"@id":"http:\/\/www.semen-l.org\/#organization"},"potentialAction":[{"@type":"SearchAction","target":{"@type":"EntryPoint","urlTemplate":"http:\/\/www.semen-l.org\/?s={search_term_string}"},"query-input":{"@type":"PropertyValueSpecification","valueRequired":true,"valueName":"search_term_string"}}],"inLanguage":"fr-FR"},{"@type":"Organization","@id":"http:\/\/www.semen-l.org\/#organization","name":"Soci\u00e9t\u00e9 d'\u00e9tudes m\u00e9dio et n\u00e9o-latines","url":"http:\/\/www.semen-l.org\/","logo":{"@type":"ImageObject","inLanguage":"fr-FR","@id":"http:\/\/www.semen-l.org\/#\/schema\/logo\/image\/","url":"http:\/\/www.semen-l.org\/wp-content\/uploads\/2020\/11\/logo-semenl.jpg","contentUrl":"http:\/\/www.semen-l.org\/wp-content\/uploads\/2020\/11\/logo-semenl.jpg","width":408,"height":403,"caption":"Soci\u00e9t\u00e9 d'\u00e9tudes m\u00e9dio et n\u00e9o-latines"},"image":{"@id":"http:\/\/www.semen-l.org\/#\/schema\/logo\/image\/"},"sameAs":["https:\/\/www.facebook.com\/SEMENL2018","https:\/\/independent.academia.edu\/SocitsdtudesmdioetnolatinesSEMENL"]},{"@type":"Person","@id":"http:\/\/www.semen-l.org\/#\/schema\/person\/ef5208815f17666727763c5363a51344","name":"Julien Maudoux","image":{"@type":"ImageObject","inLanguage":"fr-FR","@id":"https:\/\/secure.gravatar.com\/avatar\/caabf4fb6242e2277733cd35a5c2aa083761ea25dae1d1ff3298b54292225292?s=96&d=mm&r=g","url":"https:\/\/secure.gravatar.com\/avatar\/caabf4fb6242e2277733cd35a5c2aa083761ea25dae1d1ff3298b54292225292?s=96&d=mm&r=g","contentUrl":"https:\/\/secure.gravatar.com\/avatar\/caabf4fb6242e2277733cd35a5c2aa083761ea25dae1d1ff3298b54292225292?s=96&d=mm&r=g","caption":"Julien Maudoux"},"description":"Webmestre du site de la SEMEN-L","url":"https:\/\/www.semen-l.org\/?author=26"}]}},"jetpack_featured_media_url":"https:\/\/www.semen-l.org\/wp-content\/uploads\/2024\/02\/exemplum-virgilien-couv.jpg","_links":{"self":[{"href":"https:\/\/www.semen-l.org\/index.php?rest_route=\/wp\/v2\/posts\/3302","targetHints":{"allow":["GET"]}}],"collection":[{"href":"https:\/\/www.semen-l.org\/index.php?rest_route=\/wp\/v2\/posts"}],"about":[{"href":"https:\/\/www.semen-l.org\/index.php?rest_route=\/wp\/v2\/types\/post"}],"author":[{"embeddable":true,"href":"https:\/\/www.semen-l.org\/index.php?rest_route=\/wp\/v2\/users\/26"}],"replies":[{"embeddable":true,"href":"https:\/\/www.semen-l.org\/index.php?rest_route=%2Fwp%2Fv2%2Fcomments&post=3302"}],"version-history":[{"count":0,"href":"https:\/\/www.semen-l.org\/index.php?rest_route=\/wp\/v2\/posts\/3302\/revisions"}],"wp:featuredmedia":[{"embeddable":true,"href":"https:\/\/www.semen-l.org\/index.php?rest_route=\/wp\/v2\/media\/3304"}],"wp:attachment":[{"href":"https:\/\/www.semen-l.org\/index.php?rest_route=%2Fwp%2Fv2%2Fmedia&parent=3302"}],"wp:term":[{"taxonomy":"category","embeddable":true,"href":"https:\/\/www.semen-l.org\/index.php?rest_route=%2Fwp%2Fv2%2Fcategories&post=3302"},{"taxonomy":"post_tag","embeddable":true,"href":"https:\/\/www.semen-l.org\/index.php?rest_route=%2Fwp%2Fv2%2Ftags&post=3302"}],"curies":[{"name":"wp","href":"https:\/\/api.w.org\/{rel}","templated":true}]}}