{"id":3299,"date":"2018-10-15T18:41:29","date_gmt":"2018-10-15T18:41:29","guid":{"rendered":"https:\/\/www.semen-l.org\/?p=3299"},"modified":"2024-02-15T18:44:49","modified_gmt":"2024-02-15T18:44:49","slug":"guillaume-bude-de-asse-et-partibus-eius-las-et-ses-fractions-livres-i-a-iii-edites-et-traduits-par-luigi-alberto-sanchi-geneve-droz-2018","status":"publish","type":"post","link":"https:\/\/www.semen-l.org\/?p=3299","title":{"rendered":"Guillaume Bud\u00e9, De Asse et partibus eius \/ L&rsquo;As et ses fractions. Livres I \u00e0 III, \u00e9dit\u00e9s et traduits par Luigi-Alberto Sanchi, Gen\u00e8ve, Droz, 2018"},"content":{"rendered":"<p><strong>Guillaume Bud\u00e9, <em>De Asse et partibus eius \/ L&rsquo;As et ses fractions<\/em>. Livres I \u00e0 III, \u00e9dit\u00e9s <\/strong><strong>et traduits par Luigi-Alberto Sanchi, Gen\u00e8ve, Droz, 2018 (THR 590). 744 (CXLVIII + 596) pages. ISBN: 978-2-600-05877-3<a href=\"https:\/\/www.droz.org\/france\/product\/9782600058773\"><img fetchpriority=\"high\" decoding=\"async\" class=\"alignright size-medium wp-image-3300\" src=\"http:\/\/www.semen-l.org\/wp-content\/uploads\/2024\/02\/de-asse-couv-215x300.jpg\" alt=\"\" width=\"215\" height=\"300\" srcset=\"https:\/\/www.semen-l.org\/wp-content\/uploads\/2024\/02\/de-asse-couv-215x300.jpg 215w, https:\/\/www.semen-l.org\/wp-content\/uploads\/2024\/02\/de-asse-couv-143x200.jpg 143w, https:\/\/www.semen-l.org\/wp-content\/uploads\/2024\/02\/de-asse-couv.jpg 258w\" sizes=\"(max-width: 215px) 100vw, 215px\" \/><\/a><\/strong><\/p>\n<p>Ce travail d\u2019\u00e9rudition est consid\u00e9r\u00e9 comme le chef-d\u2019\u0153uvre de Guillaume Bud\u00e9. Son titre, abr\u00e9g\u00e9 en <em>De Asse<\/em>, cache une \u00e9tude vaste et novatrice sur les donn\u00e9es chiffr\u00e9es dans l\u2019\u00e9conomie de l\u2019Antiquit\u00e9, non seulement romaine. V\u00e9ritable succ\u00e8s europ\u00e9en dans la R\u00e9publique des Lettres, le <em>De Asse <\/em>r\u00e9pond \u00e0 l\u2019int\u00e9r\u00eat tr\u00e8s fort pour les <em>realia <\/em>de l\u2019Antiquit\u00e9, en y joignant des digressions politiques et culturelles vigoureusement r\u00e9formatrices et un r\u00e9cit qui accompagne de mani\u00e8re vivante le lecteur dans les m\u00e9andres des recherches, sans en cacher la complexit\u00e9 et les faux-fuyants.<\/p>\n<p>Cette recension a \u00e9t\u00e9 publi\u00e9e dans le<a href=\"https:\/\/www.semen-l.org\/?p=1779\"> Bulletin de liaison n\u00b016 (2018) de la SEMEN-L<\/a> (p. 45).<\/p>\n","protected":false},"excerpt":{"rendered":"<p>Guillaume Bud\u00e9, De Asse et partibus eius \/ L&rsquo;As et ses fractions. Livres I \u00e0 III, \u00e9dit\u00e9s et traduits par Luigi-Alberto Sanchi, Gen\u00e8ve, Droz, 2018 (THR 590). 744 (CXLVIII + 596) pages. ISBN: 978-2-600-05877-3 Ce travail d\u2019\u00e9rudition est consid\u00e9r\u00e9 comme &hellip; <a href=\"https:\/\/www.semen-l.org\/?p=3299\">Continuer la lecture <span class=\"meta-nav\">&rarr;<\/span><\/a><\/p>\n","protected":false},"author":26,"featured_media":3300,"comment_status":"open","ping_status":"open","sticky":false,"template":"","format":"standard","meta":{"footnotes":""},"categories":[1825],"tags":[91,90,2061,144,2062,418],"class_list":["post-3299","post","type-post","status-publish","format-standard","has-post-thumbnail","hentry","category-recensions","tag-guillaume-bude","tag-de-asse","tag-economie","tag-humanisme","tag-monnaie","tag-politique"],"yoast_head":"<!-- This site is optimized with the Yoast SEO plugin v27.5 - https:\/\/yoast.com\/product\/yoast-seo-wordpress\/ -->\n<title>De Asse et partibus eius de Guillaume Bud\u00e9 (recension SEMEN-L)<\/title>\n<meta name=\"description\" content=\"De Asse et partibus eius de Guillaume Bud\u00e9 (recension SEMEN-L de cette \u00e9dition critique et traduction parue chez Droz)\" \/>\n<meta name=\"robots\" content=\"index, follow, max-snippet:-1, max-image-preview:large, max-video-preview:-1\" \/>\n<link rel=\"canonical\" href=\"https:\/\/www.semen-l.org\/?p=3299\" \/>\n<meta property=\"og:locale\" content=\"fr_FR\" \/>\n<meta property=\"og:type\" content=\"article\" \/>\n<meta property=\"og:title\" content=\"De Asse et partibus eius de Guillaume Bud\u00e9 (recension SEMEN-L)\" \/>\n<meta property=\"og:description\" content=\"De Asse et partibus eius de Guillaume Bud\u00e9 (recension SEMEN-L de cette \u00e9dition critique et traduction parue chez Droz)\" \/>\n<meta property=\"og:url\" content=\"https:\/\/www.semen-l.org\/?p=3299\" \/>\n<meta property=\"og:site_name\" content=\"Soci\u00e9t\u00e9 d&#039;\u00c9tudes M\u00e9dio Et N\u00e9o-Latines\" \/>\n<meta property=\"article:publisher\" content=\"https:\/\/www.facebook.com\/SEMENL2018\" \/>\n<meta property=\"article:published_time\" content=\"2018-10-15T18:41:29+00:00\" \/>\n<meta property=\"article:modified_time\" content=\"2024-02-15T18:44:49+00:00\" \/>\n<meta property=\"og:image\" content=\"https:\/\/www.semen-l.org\/wp-content\/uploads\/2024\/02\/de-asse-couv.jpg\" \/>\n\t<meta property=\"og:image:width\" content=\"258\" \/>\n\t<meta property=\"og:image:height\" content=\"360\" \/>\n\t<meta property=\"og:image:type\" content=\"image\/jpeg\" \/>\n<meta name=\"author\" content=\"Julien Maudoux\" \/>\n<meta name=\"twitter:card\" content=\"summary_large_image\" \/>\n<meta name=\"twitter:label1\" content=\"\u00c9crit par\" \/>\n\t<meta name=\"twitter:data1\" content=\"Julien Maudoux\" \/>\n\t<meta name=\"twitter:label2\" content=\"Dur\u00e9e de lecture estim\u00e9e\" \/>\n\t<meta name=\"twitter:data2\" content=\"2 minutes\" \/>\n<script type=\"application\/ld+json\" class=\"yoast-schema-graph\">{\"@context\":\"https:\\\/\\\/schema.org\",\"@graph\":[{\"@type\":\"Article\",\"@id\":\"https:\\\/\\\/www.semen-l.org\\\/?p=3299#article\",\"isPartOf\":{\"@id\":\"https:\\\/\\\/www.semen-l.org\\\/?p=3299\"},\"author\":{\"name\":\"Julien Maudoux\",\"@id\":\"http:\\\/\\\/www.semen-l.org\\\/#\\\/schema\\\/person\\\/ef5208815f17666727763c5363a51344\"},\"headline\":\"Guillaume Bud\u00e9, De Asse et partibus eius \\\/ L&rsquo;As et ses fractions. Livres I \u00e0 III, \u00e9dit\u00e9s et traduits par Luigi-Alberto Sanchi, Gen\u00e8ve, Droz, 2018\",\"datePublished\":\"2018-10-15T18:41:29+00:00\",\"dateModified\":\"2024-02-15T18:44:49+00:00\",\"mainEntityOfPage\":{\"@id\":\"https:\\\/\\\/www.semen-l.org\\\/?p=3299\"},\"wordCount\":183,\"commentCount\":0,\"publisher\":{\"@id\":\"http:\\\/\\\/www.semen-l.org\\\/#organization\"},\"image\":{\"@id\":\"https:\\\/\\\/www.semen-l.org\\\/?p=3299#primaryimage\"},\"thumbnailUrl\":\"https:\\\/\\\/www.semen-l.org\\\/wp-content\\\/uploads\\\/2024\\\/02\\\/de-asse-couv.jpg\",\"keywords\":[\"Bud\u00e9 (Guillaume)\",\"De Asse (Guillaume Bud\u00e9)\",\"\u00e9conomie\",\"humanisme\",\"monnaie\",\"politique\"],\"articleSection\":[\"Recensions\"],\"inLanguage\":\"fr-FR\",\"potentialAction\":[{\"@type\":\"CommentAction\",\"name\":\"Comment\",\"target\":[\"https:\\\/\\\/www.semen-l.org\\\/?p=3299#respond\"]}]},{\"@type\":\"WebPage\",\"@id\":\"https:\\\/\\\/www.semen-l.org\\\/?p=3299\",\"url\":\"https:\\\/\\\/www.semen-l.org\\\/?p=3299\",\"name\":\"De Asse et partibus eius de Guillaume Bud\u00e9 (recension SEMEN-L)\",\"isPartOf\":{\"@id\":\"http:\\\/\\\/www.semen-l.org\\\/#website\"},\"primaryImageOfPage\":{\"@id\":\"https:\\\/\\\/www.semen-l.org\\\/?p=3299#primaryimage\"},\"image\":{\"@id\":\"https:\\\/\\\/www.semen-l.org\\\/?p=3299#primaryimage\"},\"thumbnailUrl\":\"https:\\\/\\\/www.semen-l.org\\\/wp-content\\\/uploads\\\/2024\\\/02\\\/de-asse-couv.jpg\",\"datePublished\":\"2018-10-15T18:41:29+00:00\",\"dateModified\":\"2024-02-15T18:44:49+00:00\",\"description\":\"De Asse et partibus eius de Guillaume Bud\u00e9 (recension SEMEN-L de cette \u00e9dition critique et traduction parue chez Droz)\",\"breadcrumb\":{\"@id\":\"https:\\\/\\\/www.semen-l.org\\\/?p=3299#breadcrumb\"},\"inLanguage\":\"fr-FR\",\"potentialAction\":[{\"@type\":\"ReadAction\",\"target\":[\"https:\\\/\\\/www.semen-l.org\\\/?p=3299\"]}]},{\"@type\":\"ImageObject\",\"inLanguage\":\"fr-FR\",\"@id\":\"https:\\\/\\\/www.semen-l.org\\\/?p=3299#primaryimage\",\"url\":\"https:\\\/\\\/www.semen-l.org\\\/wp-content\\\/uploads\\\/2024\\\/02\\\/de-asse-couv.jpg\",\"contentUrl\":\"https:\\\/\\\/www.semen-l.org\\\/wp-content\\\/uploads\\\/2024\\\/02\\\/de-asse-couv.jpg\",\"width\":258,\"height\":360},{\"@type\":\"BreadcrumbList\",\"@id\":\"https:\\\/\\\/www.semen-l.org\\\/?p=3299#breadcrumb\",\"itemListElement\":[{\"@type\":\"ListItem\",\"position\":1,\"name\":\"Accueil\",\"item\":\"http:\\\/\\\/www.semen-l.org\\\/\"},{\"@type\":\"ListItem\",\"position\":2,\"name\":\"Guillaume Bud\u00e9, De Asse et partibus eius \\\/ L&rsquo;As et ses fractions. Livres I \u00e0 III, \u00e9dit\u00e9s et traduits par Luigi-Alberto Sanchi, Gen\u00e8ve, Droz, 2018\"}]},{\"@type\":\"WebSite\",\"@id\":\"http:\\\/\\\/www.semen-l.org\\\/#website\",\"url\":\"http:\\\/\\\/www.semen-l.org\\\/\",\"name\":\"Soci\u00e9t\u00e9 d'\u00c9tudes M\u00e9dio Et N\u00e9o-Latines\",\"description\":\"\",\"publisher\":{\"@id\":\"http:\\\/\\\/www.semen-l.org\\\/#organization\"},\"potentialAction\":[{\"@type\":\"SearchAction\",\"target\":{\"@type\":\"EntryPoint\",\"urlTemplate\":\"http:\\\/\\\/www.semen-l.org\\\/?s={search_term_string}\"},\"query-input\":{\"@type\":\"PropertyValueSpecification\",\"valueRequired\":true,\"valueName\":\"search_term_string\"}}],\"inLanguage\":\"fr-FR\"},{\"@type\":\"Organization\",\"@id\":\"http:\\\/\\\/www.semen-l.org\\\/#organization\",\"name\":\"Soci\u00e9t\u00e9 d'\u00e9tudes m\u00e9dio et n\u00e9o-latines\",\"url\":\"http:\\\/\\\/www.semen-l.org\\\/\",\"logo\":{\"@type\":\"ImageObject\",\"inLanguage\":\"fr-FR\",\"@id\":\"http:\\\/\\\/www.semen-l.org\\\/#\\\/schema\\\/logo\\\/image\\\/\",\"url\":\"http:\\\/\\\/www.semen-l.org\\\/wp-content\\\/uploads\\\/2020\\\/11\\\/logo-semenl.jpg\",\"contentUrl\":\"http:\\\/\\\/www.semen-l.org\\\/wp-content\\\/uploads\\\/2020\\\/11\\\/logo-semenl.jpg\",\"width\":408,\"height\":403,\"caption\":\"Soci\u00e9t\u00e9 d'\u00e9tudes m\u00e9dio et n\u00e9o-latines\"},\"image\":{\"@id\":\"http:\\\/\\\/www.semen-l.org\\\/#\\\/schema\\\/logo\\\/image\\\/\"},\"sameAs\":[\"https:\\\/\\\/www.facebook.com\\\/SEMENL2018\",\"https:\\\/\\\/independent.academia.edu\\\/SocitsdtudesmdioetnolatinesSEMENL\"]},{\"@type\":\"Person\",\"@id\":\"http:\\\/\\\/www.semen-l.org\\\/#\\\/schema\\\/person\\\/ef5208815f17666727763c5363a51344\",\"name\":\"Julien Maudoux\",\"image\":{\"@type\":\"ImageObject\",\"inLanguage\":\"fr-FR\",\"@id\":\"https:\\\/\\\/secure.gravatar.com\\\/avatar\\\/caabf4fb6242e2277733cd35a5c2aa083761ea25dae1d1ff3298b54292225292?s=96&d=mm&r=g\",\"url\":\"https:\\\/\\\/secure.gravatar.com\\\/avatar\\\/caabf4fb6242e2277733cd35a5c2aa083761ea25dae1d1ff3298b54292225292?s=96&d=mm&r=g\",\"contentUrl\":\"https:\\\/\\\/secure.gravatar.com\\\/avatar\\\/caabf4fb6242e2277733cd35a5c2aa083761ea25dae1d1ff3298b54292225292?s=96&d=mm&r=g\",\"caption\":\"Julien Maudoux\"},\"description\":\"Webmestre du site de la SEMEN-L\",\"url\":\"https:\\\/\\\/www.semen-l.org\\\/?author=26\"}]}<\/script>\n<!-- \/ Yoast SEO plugin. -->","yoast_head_json":{"title":"De Asse et partibus eius de Guillaume Bud\u00e9 (recension SEMEN-L)","description":"De Asse et partibus eius de Guillaume Bud\u00e9 (recension SEMEN-L de cette \u00e9dition critique et traduction parue chez Droz)","robots":{"index":"index","follow":"follow","max-snippet":"max-snippet:-1","max-image-preview":"max-image-preview:large","max-video-preview":"max-video-preview:-1"},"canonical":"https:\/\/www.semen-l.org\/?p=3299","og_locale":"fr_FR","og_type":"article","og_title":"De Asse et partibus eius de Guillaume Bud\u00e9 (recension SEMEN-L)","og_description":"De Asse et partibus eius de Guillaume Bud\u00e9 (recension SEMEN-L de cette \u00e9dition critique et traduction parue chez Droz)","og_url":"https:\/\/www.semen-l.org\/?p=3299","og_site_name":"Soci\u00e9t\u00e9 d&#039;\u00c9tudes M\u00e9dio Et N\u00e9o-Latines","article_publisher":"https:\/\/www.facebook.com\/SEMENL2018","article_published_time":"2018-10-15T18:41:29+00:00","article_modified_time":"2024-02-15T18:44:49+00:00","og_image":[{"width":258,"height":360,"url":"https:\/\/www.semen-l.org\/wp-content\/uploads\/2024\/02\/de-asse-couv.jpg","type":"image\/jpeg"}],"author":"Julien Maudoux","twitter_card":"summary_large_image","twitter_misc":{"\u00c9crit par":"Julien Maudoux","Dur\u00e9e de lecture estim\u00e9e":"2 minutes"},"schema":{"@context":"https:\/\/schema.org","@graph":[{"@type":"Article","@id":"https:\/\/www.semen-l.org\/?p=3299#article","isPartOf":{"@id":"https:\/\/www.semen-l.org\/?p=3299"},"author":{"name":"Julien Maudoux","@id":"http:\/\/www.semen-l.org\/#\/schema\/person\/ef5208815f17666727763c5363a51344"},"headline":"Guillaume Bud\u00e9, De Asse et partibus eius \/ L&rsquo;As et ses fractions. Livres I \u00e0 III, \u00e9dit\u00e9s et traduits par Luigi-Alberto Sanchi, Gen\u00e8ve, Droz, 2018","datePublished":"2018-10-15T18:41:29+00:00","dateModified":"2024-02-15T18:44:49+00:00","mainEntityOfPage":{"@id":"https:\/\/www.semen-l.org\/?p=3299"},"wordCount":183,"commentCount":0,"publisher":{"@id":"http:\/\/www.semen-l.org\/#organization"},"image":{"@id":"https:\/\/www.semen-l.org\/?p=3299#primaryimage"},"thumbnailUrl":"https:\/\/www.semen-l.org\/wp-content\/uploads\/2024\/02\/de-asse-couv.jpg","keywords":["Bud\u00e9 (Guillaume)","De Asse (Guillaume Bud\u00e9)","\u00e9conomie","humanisme","monnaie","politique"],"articleSection":["Recensions"],"inLanguage":"fr-FR","potentialAction":[{"@type":"CommentAction","name":"Comment","target":["https:\/\/www.semen-l.org\/?p=3299#respond"]}]},{"@type":"WebPage","@id":"https:\/\/www.semen-l.org\/?p=3299","url":"https:\/\/www.semen-l.org\/?p=3299","name":"De Asse et partibus eius de Guillaume Bud\u00e9 (recension SEMEN-L)","isPartOf":{"@id":"http:\/\/www.semen-l.org\/#website"},"primaryImageOfPage":{"@id":"https:\/\/www.semen-l.org\/?p=3299#primaryimage"},"image":{"@id":"https:\/\/www.semen-l.org\/?p=3299#primaryimage"},"thumbnailUrl":"https:\/\/www.semen-l.org\/wp-content\/uploads\/2024\/02\/de-asse-couv.jpg","datePublished":"2018-10-15T18:41:29+00:00","dateModified":"2024-02-15T18:44:49+00:00","description":"De Asse et partibus eius de Guillaume Bud\u00e9 (recension SEMEN-L de cette \u00e9dition critique et traduction parue chez Droz)","breadcrumb":{"@id":"https:\/\/www.semen-l.org\/?p=3299#breadcrumb"},"inLanguage":"fr-FR","potentialAction":[{"@type":"ReadAction","target":["https:\/\/www.semen-l.org\/?p=3299"]}]},{"@type":"ImageObject","inLanguage":"fr-FR","@id":"https:\/\/www.semen-l.org\/?p=3299#primaryimage","url":"https:\/\/www.semen-l.org\/wp-content\/uploads\/2024\/02\/de-asse-couv.jpg","contentUrl":"https:\/\/www.semen-l.org\/wp-content\/uploads\/2024\/02\/de-asse-couv.jpg","width":258,"height":360},{"@type":"BreadcrumbList","@id":"https:\/\/www.semen-l.org\/?p=3299#breadcrumb","itemListElement":[{"@type":"ListItem","position":1,"name":"Accueil","item":"http:\/\/www.semen-l.org\/"},{"@type":"ListItem","position":2,"name":"Guillaume Bud\u00e9, De Asse et partibus eius \/ L&rsquo;As et ses fractions. Livres I \u00e0 III, \u00e9dit\u00e9s et traduits par Luigi-Alberto Sanchi, Gen\u00e8ve, Droz, 2018"}]},{"@type":"WebSite","@id":"http:\/\/www.semen-l.org\/#website","url":"http:\/\/www.semen-l.org\/","name":"Soci\u00e9t\u00e9 d'\u00c9tudes M\u00e9dio Et N\u00e9o-Latines","description":"","publisher":{"@id":"http:\/\/www.semen-l.org\/#organization"},"potentialAction":[{"@type":"SearchAction","target":{"@type":"EntryPoint","urlTemplate":"http:\/\/www.semen-l.org\/?s={search_term_string}"},"query-input":{"@type":"PropertyValueSpecification","valueRequired":true,"valueName":"search_term_string"}}],"inLanguage":"fr-FR"},{"@type":"Organization","@id":"http:\/\/www.semen-l.org\/#organization","name":"Soci\u00e9t\u00e9 d'\u00e9tudes m\u00e9dio et n\u00e9o-latines","url":"http:\/\/www.semen-l.org\/","logo":{"@type":"ImageObject","inLanguage":"fr-FR","@id":"http:\/\/www.semen-l.org\/#\/schema\/logo\/image\/","url":"http:\/\/www.semen-l.org\/wp-content\/uploads\/2020\/11\/logo-semenl.jpg","contentUrl":"http:\/\/www.semen-l.org\/wp-content\/uploads\/2020\/11\/logo-semenl.jpg","width":408,"height":403,"caption":"Soci\u00e9t\u00e9 d'\u00e9tudes m\u00e9dio et n\u00e9o-latines"},"image":{"@id":"http:\/\/www.semen-l.org\/#\/schema\/logo\/image\/"},"sameAs":["https:\/\/www.facebook.com\/SEMENL2018","https:\/\/independent.academia.edu\/SocitsdtudesmdioetnolatinesSEMENL"]},{"@type":"Person","@id":"http:\/\/www.semen-l.org\/#\/schema\/person\/ef5208815f17666727763c5363a51344","name":"Julien Maudoux","image":{"@type":"ImageObject","inLanguage":"fr-FR","@id":"https:\/\/secure.gravatar.com\/avatar\/caabf4fb6242e2277733cd35a5c2aa083761ea25dae1d1ff3298b54292225292?s=96&d=mm&r=g","url":"https:\/\/secure.gravatar.com\/avatar\/caabf4fb6242e2277733cd35a5c2aa083761ea25dae1d1ff3298b54292225292?s=96&d=mm&r=g","contentUrl":"https:\/\/secure.gravatar.com\/avatar\/caabf4fb6242e2277733cd35a5c2aa083761ea25dae1d1ff3298b54292225292?s=96&d=mm&r=g","caption":"Julien Maudoux"},"description":"Webmestre du site de la SEMEN-L","url":"https:\/\/www.semen-l.org\/?author=26"}]}},"jetpack_featured_media_url":"https:\/\/www.semen-l.org\/wp-content\/uploads\/2024\/02\/de-asse-couv.jpg","_links":{"self":[{"href":"https:\/\/www.semen-l.org\/index.php?rest_route=\/wp\/v2\/posts\/3299","targetHints":{"allow":["GET"]}}],"collection":[{"href":"https:\/\/www.semen-l.org\/index.php?rest_route=\/wp\/v2\/posts"}],"about":[{"href":"https:\/\/www.semen-l.org\/index.php?rest_route=\/wp\/v2\/types\/post"}],"author":[{"embeddable":true,"href":"https:\/\/www.semen-l.org\/index.php?rest_route=\/wp\/v2\/users\/26"}],"replies":[{"embeddable":true,"href":"https:\/\/www.semen-l.org\/index.php?rest_route=%2Fwp%2Fv2%2Fcomments&post=3299"}],"version-history":[{"count":0,"href":"https:\/\/www.semen-l.org\/index.php?rest_route=\/wp\/v2\/posts\/3299\/revisions"}],"wp:featuredmedia":[{"embeddable":true,"href":"https:\/\/www.semen-l.org\/index.php?rest_route=\/wp\/v2\/media\/3300"}],"wp:attachment":[{"href":"https:\/\/www.semen-l.org\/index.php?rest_route=%2Fwp%2Fv2%2Fmedia&parent=3299"}],"wp:term":[{"taxonomy":"category","embeddable":true,"href":"https:\/\/www.semen-l.org\/index.php?rest_route=%2Fwp%2Fv2%2Fcategories&post=3299"},{"taxonomy":"post_tag","embeddable":true,"href":"https:\/\/www.semen-l.org\/index.php?rest_route=%2Fwp%2Fv2%2Ftags&post=3299"}],"curies":[{"name":"wp","href":"https:\/\/api.w.org\/{rel}","templated":true}]}}