{"id":3294,"date":"2018-10-15T18:31:51","date_gmt":"2018-10-15T18:31:51","guid":{"rendered":"https:\/\/www.semen-l.org\/?p=3294"},"modified":"2024-02-15T18:46:13","modified_gmt":"2024-02-15T18:46:13","slug":"virginie-leroux-et-emilie-seris-dir-theories-poetiques-neo-latines-geneve-droz-texte-courant-6-2018-daniele-james-raoul","status":"publish","type":"post","link":"https:\/\/www.semen-l.org\/?p=3294","title":{"rendered":"Virginie Leroux et \u00c9milie S\u00e9ris (dir.), Th\u00e9ories po\u00e9tiques n\u00e9o-latines, Gen\u00e8ve, Droz (Texte courant, 6), 2018. (Dani\u00e8le James-Raoul)"},"content":{"rendered":"<p><strong>Virginie Leroux et \u00c9milie S\u00e9ris (dir.), <em>Th\u00e9ories po\u00e9tiques n\u00e9o-latines<\/em>, Gen\u00e8ve, Droz (Texte courant, 6), 2018, 1166 p.<a href=\"https:\/\/www.droz.org\/monde\/product\/9782600058292\"><img fetchpriority=\"high\" decoding=\"async\" class=\"alignright size-full wp-image-3296\" src=\"http:\/\/www.semen-l.org\/wp-content\/uploads\/2024\/02\/theories-poetiques-neolatines-couv.jpg\" alt=\"\" width=\"201\" height=\"299\" srcset=\"https:\/\/www.semen-l.org\/wp-content\/uploads\/2024\/02\/theories-poetiques-neolatines-couv.jpg 201w, https:\/\/www.semen-l.org\/wp-content\/uploads\/2024\/02\/theories-poetiques-neolatines-couv-134x200.jpg 134w\" sizes=\"(max-width: 201px) 100vw, 201px\" \/><\/a><\/strong><\/p>\n<p>On ne peut que se r\u00e9jouir de la parution de ce beau gros volume tant attendu qui s\u2019inscrit dans le renouveau global des \u00e9tudes sur la th\u00e9orie litt\u00e9raire ayant marqu\u00e9 les derni\u00e8res d\u00e9cennies. L\u2019ouvrage dirig\u00e9 par V. Leroux et \u00c9. S\u00e9ris, auquel ont particip\u00e9 L. Boul\u00e8gue, A. Bouscharain, S. Conte, L. Hermand-Sch\u00e9bat, Laigneau Fontaine, A.-P. Pouey-Mounou, compl\u00e8te avantageusement des \u00e9ditions de trait\u00e9s et des \u00e9tudes de po\u00e9tique r\u00e9centes, notamment propos\u00e9es par P. Galand-Hallyn et F. Hallyn (dir.), <em>Po\u00e9tiques de la Renaissance : le mod\u00e8le italien, le monde franco-bourguignon et leur h\u00e9ritage en France au XVIe si\u00e8cle<\/em>, 2001 ; Fr. Goyet (\u00e9d.), <em>Trait\u00e9s de po\u00e9tique et de rh\u00e9torique de la Renaissance<\/em>, 2001 ; J.-Ch. Monferran (dir.), <em>La muse et le <\/em><em>compas : po\u00e9tiques \u00e0 l\u2019aube de l\u2019\u00e2ge moderne<\/em>, 2015).<\/p>\n<p>Il offre une vision synth\u00e9tique des textes th\u00e9oriques latins essentiels qui, r\u00e9dig\u00e9s depuis le Trecento jusqu\u2019\u00e0 la fin du XVIe si\u00e8cle, dans une grande partie de l\u2019Europe (en France, en Italie, en Allemagne et dans les Flandres), ont nourri la po\u00e9tique de la Renaissance. Outre les arts po\u00e9tiques n\u00e9o-latins publi\u00e9s au XVIe si\u00e8cle dont des extraits sont donn\u00e9s (\u00e9tant donn\u00e9 leur ampleur, il \u00e9tait impensable de les publier int\u00e9gralement), ont \u00e9t\u00e9 prises en compte des th\u00e9ories pr\u00e9sentes ici et l\u00e0, parfois \u00e9parpill\u00e9es, parfois regroup\u00e9es, tous textes embl\u00e9matiques \u00e9dit\u00e9s, traduits et pr\u00e9sent\u00e9s.<\/p>\n<p>Le plan en cinq chapitres rend compte des th\u00e9matiques les plus fr\u00e9quemment abord\u00e9es dans les trait\u00e9s. Le premier est consacr\u00e9 \u00e0 la l\u00e9gitimation de la po\u00e9sie \u00e0 laquelle s\u2019attachent principalement les premiers textes th\u00e9oriques et qui demeure un passage oblig\u00e9 des trait\u00e9s ult\u00e9rieurs, m\u00eame quand son importance aura d\u00e9cru, \u00e0 partir des ann\u00e9es 1550 ; cette l\u00e9gitimation est fondamentale dans l\u2019\u00e9laboration de la th\u00e9orie po\u00e9tique. Le second chapitre traite de l\u2019inspiration : souvent mentionn\u00e9e \u00e0 propos de la d\u00e9fense des po\u00e8tes (leurs dons sont-ils d\u2019essence divine ou sont-ils inn\u00e9s ?), elle a gagn\u00e9 une place autonome et une ampleur particuli\u00e8re en raison de la diffusion du n\u00e9o-platonisme, de l\u2019astrologie et de la th\u00e9orie m\u00e9dicale des humeurs. La question de l\u2019imitation, orient\u00e9e doublement par l\u2019intertextualit\u00e9 et l\u2019\u00e9criture de la fiction, occupe le troisi\u00e8me chapitre : il s\u2019agit, d\u2019une part, de d\u00e9terminer quels mod\u00e8les antiques imiter et comment les imiter et, d\u2019autre part, de r\u00e9fl\u00e9chir \u00e0 la repr\u00e9sentation du r\u00e9el, \u00e0 cette mim\u00e8sis dont la place s\u2019accro\u00eet \u00e0 mesure que se multiplient les commentaires sur la <em>Po\u00e9tique <\/em>d\u2019Aristote. Le quatri\u00e8me chapitre porte sur les genres po\u00e9tiques : bien que les questions du m\u00e8tre et du style soient parfois envisag\u00e9es s\u00e9par\u00e9ment, comme chez Scaliger, elles sont le plus souvent li\u00e9es \u00e0 celle du genre. Le cinqui\u00e8me et dernier chapitre est consacr\u00e9 aux relations qu\u2019entretient la po\u00e9sie avec les autres arts : non seulement les th\u00e9oriciens humanistes \u00e9laborent des classifications du savoir au sein desquels il importe de situer la po\u00e9sie, mais la th\u00e9orie po\u00e9tique emprunte en outre copieusement aux th\u00e9ories qui mod\u00e8lent les autres arts. L\u2019\u00e9tude de la po\u00e9tique s\u2019ouvre ainsi sur la perspective plus large des arts lib\u00e9raux.<\/p>\n<p>L\u2019ouvrage s\u2019ach\u00e8ve sur une bibliographie tr\u00e8s copieuse (68 p.), quoique limit\u00e9e aux textes humanistes et aux \u00e9tudes critiques portant sur la p\u00e9riode de la Renaissance, un <em>Index nominum<\/em>, un Index des notions tr\u00e8s pr\u00e9cis (aussi bien des motifs que des termes techniques), qui permettent de circuler ais\u00e9ment dans le volume.<\/p>\n<p>Nul doute que ce bel ouvrage devienne un outil de r\u00e9f\u00e9rence fondamental !<\/p>\n<p><strong>Dani\u00e8le James-Raoul<\/strong><\/p>\n<p>Cette recension a \u00e9t\u00e9 publi\u00e9e dans le<a href=\"https:\/\/www.semen-l.org\/?p=1779\"> Bulletin de liaison n\u00b016 (2018) de la SEMEN-L<\/a> (p. 44-45).<\/p>\n<p><img decoding=\"async\" class=\"aligncenter size-full wp-image-3009\" src=\"http:\/\/www.semen-l.org\/wp-content\/uploads\/2009\/12\/stella.jpg\" alt=\"\" width=\"61\" height=\"60\" \/><\/p>\n<p><iframe title=\"&quot;Th\u00e9ories po\u00e9tiques n\u00e9o-latines&quot; par Virginie Leroux et Emilie S\u00e9ris (Droz)\" width=\"584\" height=\"438\" src=\"https:\/\/www.youtube.com\/embed\/U60iuf3cfsg?feature=oembed\" frameborder=\"0\" allow=\"accelerometer; autoplay; clipboard-write; encrypted-media; gyroscope; picture-in-picture; web-share\" referrerpolicy=\"strict-origin-when-cross-origin\" allowfullscreen><\/iframe><\/p>\n<p>*<\/p>\n<p>Les humanistes ont jou\u00e9 un r\u00f4le essentiel dans l\u2019\u00e9laboration de la critique litt\u00e9raire et la constitution de la po\u00e9tique comme discipline distincte de la grammaire et de la rh\u00e9torique. Ils ont conditionn\u00e9 la r\u00e9ception des trait\u00e9s antiques, en particulier la <em>Po\u00e9tique <\/em>d\u2019Aristote et l\u2019<em>Art po\u00e9tique <\/em>d\u2019Horace, et ont probl\u00e9matis\u00e9 des concepts appel\u00e9s \u00e0 une grande fortune, comme la mim\u00e8sis, la catharsis, le <em>decorum <\/em>ou l\u2019<em>ut <\/em><em>pictura poesis<\/em>. Ils ont apport\u00e9 des \u00e9l\u00e9ments th\u00e9oriques originaux, \u00e9labor\u00e9 des taxinomies g\u00e9n\u00e9riques complexes et repens\u00e9 les syst\u00e8mes de classification des arts. Cette anthologie offre une vision synth\u00e9tique des textes th\u00e9oriques latins en Europe, du Trecento au XVIe\u00a0si\u00e8cle. Elle pr\u00e9sente les principaux penseurs et leur art po\u00e9tique, analyse les notions clefs et propose un choix de textes embl\u00e9matiques, \u00e9dit\u00e9s, traduits et contextualis\u00e9s. Un bel outil de travail pour penser l\u2019utilit\u00e9 de la po\u00e9sie, la cr\u00e9ation, l\u2019histoire litt\u00e9raire et les normes esth\u00e9tiques.<\/p>\n<p>Cette seconde recension a \u00e9t\u00e9 publi\u00e9e dans le<a href=\"https:\/\/www.semen-l.org\/?p=1779\"> Bulletin de liaison n\u00b016 (2018) de la SEMEN-L<\/a> (p. 46).<\/p>\n","protected":false},"excerpt":{"rendered":"<p>Virginie Leroux et \u00c9milie S\u00e9ris (dir.), Th\u00e9ories po\u00e9tiques n\u00e9o-latines, Gen\u00e8ve, Droz (Texte courant, 6), 2018, 1166 p. On ne peut que se r\u00e9jouir de la parution de ce beau gros volume tant attendu qui s\u2019inscrit dans le renouveau global des &hellip; <a href=\"https:\/\/www.semen-l.org\/?p=3294\">Continuer la lecture <span class=\"meta-nav\">&rarr;<\/span><\/a><\/p>\n","protected":false},"author":26,"featured_media":3298,"comment_status":"open","ping_status":"open","sticky":false,"template":"","format":"standard","meta":{"footnotes":""},"categories":[1825],"tags":[340,331,136,822,145,144,2059,1432,1559,1281,2060,26,82],"class_list":["post-3294","post","type-post","status-publish","format-standard","has-post-thumbnail","hentry","category-recensions","tag-anthologie","tag-art-poetique","tag-arts-liberaux","tag-astrologie","tag-genre-arts-et-lettres","tag-humanisme","tag-humeurs-theorie-des","tag-inspiration","tag-intertextualite","tag-modele","tag-neo-platonisme","tag-poesie","tag-poetique"],"yoast_head":"<!-- This site is optimized with the Yoast SEO plugin v27.5 - https:\/\/yoast.com\/product\/yoast-seo-wordpress\/ -->\n<title>Recension de Th\u00e9ories po\u00e9tiques n\u00e9o-latines par la SEMEN-L<\/title>\n<meta name=\"description\" content=\"Dani\u00e8le James-Raoul fait la recension critique du volume Th\u00e9ories po\u00e9tiques n\u00e9o-latines dirig\u00e9 par Virginie Leroux et \u00c9milie S\u00e9ris.\" \/>\n<meta name=\"robots\" content=\"index, follow, max-snippet:-1, max-image-preview:large, max-video-preview:-1\" \/>\n<link rel=\"canonical\" href=\"https:\/\/www.semen-l.org\/?p=3294\" \/>\n<meta property=\"og:locale\" content=\"fr_FR\" \/>\n<meta property=\"og:type\" content=\"article\" \/>\n<meta property=\"og:title\" content=\"Recension de Th\u00e9ories po\u00e9tiques n\u00e9o-latines par la SEMEN-L\" \/>\n<meta property=\"og:description\" content=\"Dani\u00e8le James-Raoul fait la recension critique du volume Th\u00e9ories po\u00e9tiques n\u00e9o-latines dirig\u00e9 par Virginie Leroux et \u00c9milie S\u00e9ris.\" \/>\n<meta property=\"og:url\" content=\"https:\/\/www.semen-l.org\/?p=3294\" \/>\n<meta property=\"og:site_name\" content=\"Soci\u00e9t\u00e9 d&#039;\u00c9tudes M\u00e9dio Et N\u00e9o-Latines\" \/>\n<meta property=\"article:publisher\" content=\"https:\/\/www.facebook.com\/SEMENL2018\" \/>\n<meta property=\"article:published_time\" content=\"2018-10-15T18:31:51+00:00\" \/>\n<meta property=\"article:modified_time\" content=\"2024-02-15T18:46:13+00:00\" \/>\n<meta property=\"og:image\" content=\"https:\/\/www.semen-l.org\/wp-content\/uploads\/2018\/10\/theories-poetiques-neolatines-couv.jpg\" \/>\n\t<meta property=\"og:image:width\" content=\"201\" \/>\n\t<meta property=\"og:image:height\" content=\"299\" \/>\n\t<meta property=\"og:image:type\" content=\"image\/jpeg\" \/>\n<meta name=\"author\" content=\"Julien Maudoux\" \/>\n<meta name=\"twitter:card\" content=\"summary_large_image\" \/>\n<meta name=\"twitter:label1\" content=\"\u00c9crit par\" \/>\n\t<meta name=\"twitter:data1\" content=\"Julien Maudoux\" \/>\n\t<meta name=\"twitter:label2\" content=\"Dur\u00e9e de lecture estim\u00e9e\" \/>\n\t<meta name=\"twitter:data2\" content=\"5 minutes\" \/>\n<script type=\"application\/ld+json\" class=\"yoast-schema-graph\">{\"@context\":\"https:\\\/\\\/schema.org\",\"@graph\":[{\"@type\":\"Article\",\"@id\":\"https:\\\/\\\/www.semen-l.org\\\/?p=3294#article\",\"isPartOf\":{\"@id\":\"https:\\\/\\\/www.semen-l.org\\\/?p=3294\"},\"author\":{\"name\":\"Julien Maudoux\",\"@id\":\"http:\\\/\\\/www.semen-l.org\\\/#\\\/schema\\\/person\\\/ef5208815f17666727763c5363a51344\"},\"headline\":\"Virginie Leroux et \u00c9milie S\u00e9ris (dir.), Th\u00e9ories po\u00e9tiques n\u00e9o-latines, Gen\u00e8ve, Droz (Texte courant, 6), 2018. (Dani\u00e8le James-Raoul)\",\"datePublished\":\"2018-10-15T18:31:51+00:00\",\"dateModified\":\"2024-02-15T18:46:13+00:00\",\"mainEntityOfPage\":{\"@id\":\"https:\\\/\\\/www.semen-l.org\\\/?p=3294\"},\"wordCount\":925,\"commentCount\":0,\"publisher\":{\"@id\":\"http:\\\/\\\/www.semen-l.org\\\/#organization\"},\"image\":{\"@id\":\"https:\\\/\\\/www.semen-l.org\\\/?p=3294#primaryimage\"},\"thumbnailUrl\":\"https:\\\/\\\/www.semen-l.org\\\/wp-content\\\/uploads\\\/2018\\\/10\\\/theories-poetiques-neolatines-couv.jpg\",\"keywords\":[\"anthologie\",\"art po\u00e9tique\",\"arts lib\u00e9raux\",\"astrologie\",\"genre (arts et lettres)\",\"humanisme\",\"humeurs (th\u00e9orie des)\",\"inspiration\",\"intertextualit\u00e9\",\"mod\u00e8le\",\"n\u00e9o-platonisme\",\"po\u00e9sie\",\"po\u00e9tique\"],\"articleSection\":[\"Recensions\"],\"inLanguage\":\"fr-FR\",\"potentialAction\":[{\"@type\":\"CommentAction\",\"name\":\"Comment\",\"target\":[\"https:\\\/\\\/www.semen-l.org\\\/?p=3294#respond\"]}]},{\"@type\":\"WebPage\",\"@id\":\"https:\\\/\\\/www.semen-l.org\\\/?p=3294\",\"url\":\"https:\\\/\\\/www.semen-l.org\\\/?p=3294\",\"name\":\"Recension de Th\u00e9ories po\u00e9tiques n\u00e9o-latines par la SEMEN-L\",\"isPartOf\":{\"@id\":\"http:\\\/\\\/www.semen-l.org\\\/#website\"},\"primaryImageOfPage\":{\"@id\":\"https:\\\/\\\/www.semen-l.org\\\/?p=3294#primaryimage\"},\"image\":{\"@id\":\"https:\\\/\\\/www.semen-l.org\\\/?p=3294#primaryimage\"},\"thumbnailUrl\":\"https:\\\/\\\/www.semen-l.org\\\/wp-content\\\/uploads\\\/2018\\\/10\\\/theories-poetiques-neolatines-couv.jpg\",\"datePublished\":\"2018-10-15T18:31:51+00:00\",\"dateModified\":\"2024-02-15T18:46:13+00:00\",\"description\":\"Dani\u00e8le James-Raoul fait la recension critique du volume Th\u00e9ories po\u00e9tiques n\u00e9o-latines dirig\u00e9 par Virginie Leroux et \u00c9milie S\u00e9ris.\",\"breadcrumb\":{\"@id\":\"https:\\\/\\\/www.semen-l.org\\\/?p=3294#breadcrumb\"},\"inLanguage\":\"fr-FR\",\"potentialAction\":[{\"@type\":\"ReadAction\",\"target\":[\"https:\\\/\\\/www.semen-l.org\\\/?p=3294\"]}]},{\"@type\":\"ImageObject\",\"inLanguage\":\"fr-FR\",\"@id\":\"https:\\\/\\\/www.semen-l.org\\\/?p=3294#primaryimage\",\"url\":\"https:\\\/\\\/www.semen-l.org\\\/wp-content\\\/uploads\\\/2018\\\/10\\\/theories-poetiques-neolatines-couv.jpg\",\"contentUrl\":\"https:\\\/\\\/www.semen-l.org\\\/wp-content\\\/uploads\\\/2018\\\/10\\\/theories-poetiques-neolatines-couv.jpg\",\"width\":201,\"height\":299},{\"@type\":\"BreadcrumbList\",\"@id\":\"https:\\\/\\\/www.semen-l.org\\\/?p=3294#breadcrumb\",\"itemListElement\":[{\"@type\":\"ListItem\",\"position\":1,\"name\":\"Accueil\",\"item\":\"http:\\\/\\\/www.semen-l.org\\\/\"},{\"@type\":\"ListItem\",\"position\":2,\"name\":\"Virginie Leroux et \u00c9milie S\u00e9ris (dir.), Th\u00e9ories po\u00e9tiques n\u00e9o-latines, Gen\u00e8ve, Droz (Texte courant, 6), 2018. (Dani\u00e8le James-Raoul)\"}]},{\"@type\":\"WebSite\",\"@id\":\"http:\\\/\\\/www.semen-l.org\\\/#website\",\"url\":\"http:\\\/\\\/www.semen-l.org\\\/\",\"name\":\"Soci\u00e9t\u00e9 d'\u00c9tudes M\u00e9dio Et N\u00e9o-Latines\",\"description\":\"\",\"publisher\":{\"@id\":\"http:\\\/\\\/www.semen-l.org\\\/#organization\"},\"potentialAction\":[{\"@type\":\"SearchAction\",\"target\":{\"@type\":\"EntryPoint\",\"urlTemplate\":\"http:\\\/\\\/www.semen-l.org\\\/?s={search_term_string}\"},\"query-input\":{\"@type\":\"PropertyValueSpecification\",\"valueRequired\":true,\"valueName\":\"search_term_string\"}}],\"inLanguage\":\"fr-FR\"},{\"@type\":\"Organization\",\"@id\":\"http:\\\/\\\/www.semen-l.org\\\/#organization\",\"name\":\"Soci\u00e9t\u00e9 d'\u00e9tudes m\u00e9dio et n\u00e9o-latines\",\"url\":\"http:\\\/\\\/www.semen-l.org\\\/\",\"logo\":{\"@type\":\"ImageObject\",\"inLanguage\":\"fr-FR\",\"@id\":\"http:\\\/\\\/www.semen-l.org\\\/#\\\/schema\\\/logo\\\/image\\\/\",\"url\":\"http:\\\/\\\/www.semen-l.org\\\/wp-content\\\/uploads\\\/2020\\\/11\\\/logo-semenl.jpg\",\"contentUrl\":\"http:\\\/\\\/www.semen-l.org\\\/wp-content\\\/uploads\\\/2020\\\/11\\\/logo-semenl.jpg\",\"width\":408,\"height\":403,\"caption\":\"Soci\u00e9t\u00e9 d'\u00e9tudes m\u00e9dio et n\u00e9o-latines\"},\"image\":{\"@id\":\"http:\\\/\\\/www.semen-l.org\\\/#\\\/schema\\\/logo\\\/image\\\/\"},\"sameAs\":[\"https:\\\/\\\/www.facebook.com\\\/SEMENL2018\",\"https:\\\/\\\/independent.academia.edu\\\/SocitsdtudesmdioetnolatinesSEMENL\"]},{\"@type\":\"Person\",\"@id\":\"http:\\\/\\\/www.semen-l.org\\\/#\\\/schema\\\/person\\\/ef5208815f17666727763c5363a51344\",\"name\":\"Julien Maudoux\",\"image\":{\"@type\":\"ImageObject\",\"inLanguage\":\"fr-FR\",\"@id\":\"https:\\\/\\\/secure.gravatar.com\\\/avatar\\\/caabf4fb6242e2277733cd35a5c2aa083761ea25dae1d1ff3298b54292225292?s=96&d=mm&r=g\",\"url\":\"https:\\\/\\\/secure.gravatar.com\\\/avatar\\\/caabf4fb6242e2277733cd35a5c2aa083761ea25dae1d1ff3298b54292225292?s=96&d=mm&r=g\",\"contentUrl\":\"https:\\\/\\\/secure.gravatar.com\\\/avatar\\\/caabf4fb6242e2277733cd35a5c2aa083761ea25dae1d1ff3298b54292225292?s=96&d=mm&r=g\",\"caption\":\"Julien Maudoux\"},\"description\":\"Webmestre du site de la SEMEN-L\",\"url\":\"https:\\\/\\\/www.semen-l.org\\\/?author=26\"}]}<\/script>\n<!-- \/ Yoast SEO plugin. -->","yoast_head_json":{"title":"Recension de Th\u00e9ories po\u00e9tiques n\u00e9o-latines par la SEMEN-L","description":"Dani\u00e8le James-Raoul fait la recension critique du volume Th\u00e9ories po\u00e9tiques n\u00e9o-latines dirig\u00e9 par Virginie Leroux et \u00c9milie S\u00e9ris.","robots":{"index":"index","follow":"follow","max-snippet":"max-snippet:-1","max-image-preview":"max-image-preview:large","max-video-preview":"max-video-preview:-1"},"canonical":"https:\/\/www.semen-l.org\/?p=3294","og_locale":"fr_FR","og_type":"article","og_title":"Recension de Th\u00e9ories po\u00e9tiques n\u00e9o-latines par la SEMEN-L","og_description":"Dani\u00e8le James-Raoul fait la recension critique du volume Th\u00e9ories po\u00e9tiques n\u00e9o-latines dirig\u00e9 par Virginie Leroux et \u00c9milie S\u00e9ris.","og_url":"https:\/\/www.semen-l.org\/?p=3294","og_site_name":"Soci\u00e9t\u00e9 d&#039;\u00c9tudes M\u00e9dio Et N\u00e9o-Latines","article_publisher":"https:\/\/www.facebook.com\/SEMENL2018","article_published_time":"2018-10-15T18:31:51+00:00","article_modified_time":"2024-02-15T18:46:13+00:00","og_image":[{"width":201,"height":299,"url":"https:\/\/www.semen-l.org\/wp-content\/uploads\/2018\/10\/theories-poetiques-neolatines-couv.jpg","type":"image\/jpeg"}],"author":"Julien Maudoux","twitter_card":"summary_large_image","twitter_misc":{"\u00c9crit par":"Julien Maudoux","Dur\u00e9e de lecture estim\u00e9e":"5 minutes"},"schema":{"@context":"https:\/\/schema.org","@graph":[{"@type":"Article","@id":"https:\/\/www.semen-l.org\/?p=3294#article","isPartOf":{"@id":"https:\/\/www.semen-l.org\/?p=3294"},"author":{"name":"Julien Maudoux","@id":"http:\/\/www.semen-l.org\/#\/schema\/person\/ef5208815f17666727763c5363a51344"},"headline":"Virginie Leroux et \u00c9milie S\u00e9ris (dir.), Th\u00e9ories po\u00e9tiques n\u00e9o-latines, Gen\u00e8ve, Droz (Texte courant, 6), 2018. (Dani\u00e8le James-Raoul)","datePublished":"2018-10-15T18:31:51+00:00","dateModified":"2024-02-15T18:46:13+00:00","mainEntityOfPage":{"@id":"https:\/\/www.semen-l.org\/?p=3294"},"wordCount":925,"commentCount":0,"publisher":{"@id":"http:\/\/www.semen-l.org\/#organization"},"image":{"@id":"https:\/\/www.semen-l.org\/?p=3294#primaryimage"},"thumbnailUrl":"https:\/\/www.semen-l.org\/wp-content\/uploads\/2018\/10\/theories-poetiques-neolatines-couv.jpg","keywords":["anthologie","art po\u00e9tique","arts lib\u00e9raux","astrologie","genre (arts et lettres)","humanisme","humeurs (th\u00e9orie des)","inspiration","intertextualit\u00e9","mod\u00e8le","n\u00e9o-platonisme","po\u00e9sie","po\u00e9tique"],"articleSection":["Recensions"],"inLanguage":"fr-FR","potentialAction":[{"@type":"CommentAction","name":"Comment","target":["https:\/\/www.semen-l.org\/?p=3294#respond"]}]},{"@type":"WebPage","@id":"https:\/\/www.semen-l.org\/?p=3294","url":"https:\/\/www.semen-l.org\/?p=3294","name":"Recension de Th\u00e9ories po\u00e9tiques n\u00e9o-latines par la SEMEN-L","isPartOf":{"@id":"http:\/\/www.semen-l.org\/#website"},"primaryImageOfPage":{"@id":"https:\/\/www.semen-l.org\/?p=3294#primaryimage"},"image":{"@id":"https:\/\/www.semen-l.org\/?p=3294#primaryimage"},"thumbnailUrl":"https:\/\/www.semen-l.org\/wp-content\/uploads\/2018\/10\/theories-poetiques-neolatines-couv.jpg","datePublished":"2018-10-15T18:31:51+00:00","dateModified":"2024-02-15T18:46:13+00:00","description":"Dani\u00e8le James-Raoul fait la recension critique du volume Th\u00e9ories po\u00e9tiques n\u00e9o-latines dirig\u00e9 par Virginie Leroux et \u00c9milie S\u00e9ris.","breadcrumb":{"@id":"https:\/\/www.semen-l.org\/?p=3294#breadcrumb"},"inLanguage":"fr-FR","potentialAction":[{"@type":"ReadAction","target":["https:\/\/www.semen-l.org\/?p=3294"]}]},{"@type":"ImageObject","inLanguage":"fr-FR","@id":"https:\/\/www.semen-l.org\/?p=3294#primaryimage","url":"https:\/\/www.semen-l.org\/wp-content\/uploads\/2018\/10\/theories-poetiques-neolatines-couv.jpg","contentUrl":"https:\/\/www.semen-l.org\/wp-content\/uploads\/2018\/10\/theories-poetiques-neolatines-couv.jpg","width":201,"height":299},{"@type":"BreadcrumbList","@id":"https:\/\/www.semen-l.org\/?p=3294#breadcrumb","itemListElement":[{"@type":"ListItem","position":1,"name":"Accueil","item":"http:\/\/www.semen-l.org\/"},{"@type":"ListItem","position":2,"name":"Virginie Leroux et \u00c9milie S\u00e9ris (dir.), Th\u00e9ories po\u00e9tiques n\u00e9o-latines, Gen\u00e8ve, Droz (Texte courant, 6), 2018. (Dani\u00e8le James-Raoul)"}]},{"@type":"WebSite","@id":"http:\/\/www.semen-l.org\/#website","url":"http:\/\/www.semen-l.org\/","name":"Soci\u00e9t\u00e9 d'\u00c9tudes M\u00e9dio Et N\u00e9o-Latines","description":"","publisher":{"@id":"http:\/\/www.semen-l.org\/#organization"},"potentialAction":[{"@type":"SearchAction","target":{"@type":"EntryPoint","urlTemplate":"http:\/\/www.semen-l.org\/?s={search_term_string}"},"query-input":{"@type":"PropertyValueSpecification","valueRequired":true,"valueName":"search_term_string"}}],"inLanguage":"fr-FR"},{"@type":"Organization","@id":"http:\/\/www.semen-l.org\/#organization","name":"Soci\u00e9t\u00e9 d'\u00e9tudes m\u00e9dio et n\u00e9o-latines","url":"http:\/\/www.semen-l.org\/","logo":{"@type":"ImageObject","inLanguage":"fr-FR","@id":"http:\/\/www.semen-l.org\/#\/schema\/logo\/image\/","url":"http:\/\/www.semen-l.org\/wp-content\/uploads\/2020\/11\/logo-semenl.jpg","contentUrl":"http:\/\/www.semen-l.org\/wp-content\/uploads\/2020\/11\/logo-semenl.jpg","width":408,"height":403,"caption":"Soci\u00e9t\u00e9 d'\u00e9tudes m\u00e9dio et n\u00e9o-latines"},"image":{"@id":"http:\/\/www.semen-l.org\/#\/schema\/logo\/image\/"},"sameAs":["https:\/\/www.facebook.com\/SEMENL2018","https:\/\/independent.academia.edu\/SocitsdtudesmdioetnolatinesSEMENL"]},{"@type":"Person","@id":"http:\/\/www.semen-l.org\/#\/schema\/person\/ef5208815f17666727763c5363a51344","name":"Julien Maudoux","image":{"@type":"ImageObject","inLanguage":"fr-FR","@id":"https:\/\/secure.gravatar.com\/avatar\/caabf4fb6242e2277733cd35a5c2aa083761ea25dae1d1ff3298b54292225292?s=96&d=mm&r=g","url":"https:\/\/secure.gravatar.com\/avatar\/caabf4fb6242e2277733cd35a5c2aa083761ea25dae1d1ff3298b54292225292?s=96&d=mm&r=g","contentUrl":"https:\/\/secure.gravatar.com\/avatar\/caabf4fb6242e2277733cd35a5c2aa083761ea25dae1d1ff3298b54292225292?s=96&d=mm&r=g","caption":"Julien Maudoux"},"description":"Webmestre du site de la SEMEN-L","url":"https:\/\/www.semen-l.org\/?author=26"}]}},"jetpack_featured_media_url":"https:\/\/www.semen-l.org\/wp-content\/uploads\/2018\/10\/theories-poetiques-neolatines-couv.jpg","_links":{"self":[{"href":"https:\/\/www.semen-l.org\/index.php?rest_route=\/wp\/v2\/posts\/3294","targetHints":{"allow":["GET"]}}],"collection":[{"href":"https:\/\/www.semen-l.org\/index.php?rest_route=\/wp\/v2\/posts"}],"about":[{"href":"https:\/\/www.semen-l.org\/index.php?rest_route=\/wp\/v2\/types\/post"}],"author":[{"embeddable":true,"href":"https:\/\/www.semen-l.org\/index.php?rest_route=\/wp\/v2\/users\/26"}],"replies":[{"embeddable":true,"href":"https:\/\/www.semen-l.org\/index.php?rest_route=%2Fwp%2Fv2%2Fcomments&post=3294"}],"version-history":[{"count":0,"href":"https:\/\/www.semen-l.org\/index.php?rest_route=\/wp\/v2\/posts\/3294\/revisions"}],"wp:featuredmedia":[{"embeddable":true,"href":"https:\/\/www.semen-l.org\/index.php?rest_route=\/wp\/v2\/media\/3298"}],"wp:attachment":[{"href":"https:\/\/www.semen-l.org\/index.php?rest_route=%2Fwp%2Fv2%2Fmedia&parent=3294"}],"wp:term":[{"taxonomy":"category","embeddable":true,"href":"https:\/\/www.semen-l.org\/index.php?rest_route=%2Fwp%2Fv2%2Fcategories&post=3294"},{"taxonomy":"post_tag","embeddable":true,"href":"https:\/\/www.semen-l.org\/index.php?rest_route=%2Fwp%2Fv2%2Ftags&post=3294"}],"curies":[{"name":"wp","href":"https:\/\/api.w.org\/{rel}","templated":true}]}}