{"id":3195,"date":"2019-12-15T10:50:54","date_gmt":"2019-12-15T10:50:54","guid":{"rendered":"https:\/\/www.semen-l.org\/?p=3195"},"modified":"2024-02-15T10:54:23","modified_gmt":"2024-02-15T10:54:23","slug":"le-siecle-des-veroles-la-renaissance-europeenne-face-a-la-syphilis-anthologie-dirigee-par-a-bayle-avec-la-collaboration-de-b-gauvin-grenoble-jerome-millon-memoires-du-corps-2019","status":"publish","type":"post","link":"https:\/\/www.semen-l.org\/?p=3195","title":{"rendered":"Le Si\u00e8cle des v\u00e9rol\u00e9s. La Renaissance europ\u00e9enne face \u00e0 la syphilis, anthologie dirig\u00e9e par A. Bayle, avec la collaboration de B. Gauvin, Grenoble, J\u00e9r\u00f4me Millon, \u00ab M\u00e9moires du corps \u00bb, 2019 (Anne Bouscharain)"},"content":{"rendered":"<p><strong><em>Le Si\u00e8cle des v\u00e9rol\u00e9s. La Renaissance europ\u00e9enne face \u00e0 la syphilis<\/em><\/strong><strong>, anthologie dirig\u00e9e par A. Bayle, avec la collaboration de B. Gauvin, Grenoble, J\u00e9r\u00f4me Millon, \u00ab M\u00e9moires du corps \u00bb, 2019, 384 p., 26\u20ac<img fetchpriority=\"high\" decoding=\"async\" class=\"alignright size-medium wp-image-3197\" src=\"http:\/\/www.semen-l.org\/wp-content\/uploads\/2019\/12\/siecle-veroles-couv-200x300.jpg\" alt=\"\" width=\"200\" height=\"300\" srcset=\"https:\/\/www.semen-l.org\/wp-content\/uploads\/2019\/12\/siecle-veroles-couv-200x300.jpg 200w, https:\/\/www.semen-l.org\/wp-content\/uploads\/2019\/12\/siecle-veroles-couv-133x200.jpg 133w, https:\/\/www.semen-l.org\/wp-content\/uploads\/2019\/12\/siecle-veroles-couv.jpg 297w\" sizes=\"(max-width: 200px) 100vw, 200px\" \/><\/strong><\/p>\n<p>Passionnante plong\u00e9e au c\u0153ur d\u2019une pand\u00e9mie qui soudain d\u00e9ferle sur l\u2019Europe humaniste, conjuguant en un ballet fun\u00e8bre le sexe et la mort, rongeant les corps, corrodant l\u2019imaginaire collectif, cette anthologie se compose d\u2019une centaine de textes qui \u00e9voquent l\u2019apparition terrifiante de la v\u00e9role \u00e0 la fin du XV<sup>e<\/sup> si\u00e8cle. Organis\u00e9e autour de douze chapitres th\u00e9matiques, elle permet d\u2019appr\u00e9hender les enjeux de la d\u00e9couverte de ce nouveau mal, tant sur le plan scientifique et m\u00e9dical, que d\u2019un point de vue plus intime, personnel. Elle \u00e9claire l\u2019influence pr\u00e9pond\u00e9rante de ce mal sur les repr\u00e9sentations id\u00e9ologiques, politiques, morales et sur la litt\u00e9rature. Les extraits s\u00e9lectionn\u00e9s, compos\u00e9s entre 1495 et 1623 et souvent in\u00e9dits, sont des traductions fran\u00e7aises originales d\u2019\u0153uvres \u00e9crites en latin, italien, espagnol, portugais ou anglais ; quant aux textes fran\u00e7ais du XVI<sup>e<\/sup> si\u00e8cle, ils sont pr\u00e9sent\u00e9s dans une orthographe modernis\u00e9e.<\/p>\n<p>\u00c0 travers une riche diversit\u00e9 d\u2019auteurs, de pays et d\u2019\u00e9poques, cet ouvrage montre la profonde difficult\u00e9 que les hommes de la Renaissance ont \u00e9prouv\u00e9e \u00e0 d\u00e9crire et comprendre un mal jusqu\u2019alors inconnu et devenu en quelques ann\u00e9es un fl\u00e9au universel, signe d\u2019opprobre et de souffrance. Se jouant des fronti\u00e8res g\u00e9ographiques et des genres litt\u00e9raires, la v\u00e9role se trouve ainsi au centre de la r\u00e9flexion contemporaine et s\u2019invite dans le discours des lettr\u00e9s et savants, qu\u2019ils soient m\u00e9decins, historiens, voyageurs, moralistes, th\u00e9ologiens ou encore po\u00e8tes. Car, au-del\u00e0 du savoir scientifique proprement dit, cette anthologie cherche surtout \u00e0 \u00e9clairer quelle image de la maladie se forge dans les \u0153uvres litt\u00e9raires contemporaines, \u00e0 travers les tout premiers t\u00e9moignages qu\u2019elle suscite.<\/p>\n<p>De nombreux textes reviennent sur l\u2019\u00e9tonnante vari\u00e9t\u00e9 des noms attribu\u00e9s \u00e0 la v\u00e9role et sur la cons\u00e9quence de cet embarras \u00e0 nommer, la difficile constitution d\u2019un savoir autour de l\u2019origine, des causes, des sympt\u00f4mes et des rem\u00e8des \u00e0 donner au mal. Tr\u00e8s vite la v\u00e9role suscite une prise de position id\u00e9ologique : r\u00e9probation, soup\u00e7on, discrimination deviennent alors le lot des malades, pestif\u00e9r\u00e9s d\u2019un genre nouveau qui cristallisent la grande peur de leurs contemporains. D\u2019autres textes prennent pour objet le portrait du corps souffrant, faisant du v\u00e9rol\u00e9 un type litt\u00e9raire, path\u00e9tique ou grotesque. Au-del\u00e0 de l\u2019apparence physique, ce sont aussi les relations sociales que la v\u00e9role transforme totalement : la maladie, associ\u00e9e \u00e0 l\u2019intemp\u00e9rance sexuelle, fait honte, elle provoque suspicion mise au ban, elle devient l\u2019accusation et l\u2019injure par excellence dans la satire. La fin de l\u2019anthologie explore par ailleurs le pouvoir cr\u00e9ateur de la maladie \u00e0 travers la fiction, en montrant combien invention et \u00e9criture permettent d\u2019une certaine mani\u00e8re de conjurer la maladie et de s\u2019en affranchir.<\/p>\n<p><strong>Anne Bouscharain<\/strong><\/p>\n<p>Cette recension a \u00e9t\u00e9 publi\u00e9e dans le<a href=\"https:\/\/www.semen-l.org\/?p=2848\"> Bulletin de liaison n\u00b017 (2019) de la SEMEN-L<\/a> (p. 46-47).<\/p>\n","protected":false},"excerpt":{"rendered":"<p>Le Si\u00e8cle des v\u00e9rol\u00e9s. La Renaissance europ\u00e9enne face \u00e0 la syphilis, anthologie dirig\u00e9e par A. Bayle, avec la collaboration de B. Gauvin, Grenoble, J\u00e9r\u00f4me Millon, \u00ab M\u00e9moires du corps \u00bb, 2019, 384 p., 26\u20ac Passionnante plong\u00e9e au c\u0153ur d\u2019une pand\u00e9mie &hellip; <a href=\"https:\/\/www.semen-l.org\/?p=3195\">Continuer la lecture <span class=\"meta-nav\">&rarr;<\/span><\/a><\/p>\n","protected":false},"author":26,"featured_media":3197,"comment_status":"open","ping_status":"open","sticky":false,"template":"","format":"standard","meta":{"footnotes":""},"categories":[1825],"tags":[340,1303,1842,144,1276,2028,23,2030,2029,26,418,230,1506,286,2027],"class_list":["post-3195","post","type-post","status-publish","format-standard","has-post-thumbnail","hentry","category-recensions","tag-anthologie","tag-fiction","tag-historiographie","tag-humanisme","tag-imaginaire","tag-maladie","tag-medecine","tag-morale","tag-pandemie","tag-poesie","tag-politique","tag-portrait","tag-syphilis","tag-theologie","tag-verole"],"yoast_head":"<!-- This site is optimized with the Yoast SEO plugin v27.5 - https:\/\/yoast.com\/product\/yoast-seo-wordpress\/ -->\n<title>Le Si\u00e8cle des v\u00e9rol\u00e9s. La Renaissance europ\u00e9enne face \u00e0 la syphilis, anthologie dirig\u00e9e par A. Bayle, avec la collaboration de B. Gauvin, Grenoble, J\u00e9r\u00f4me Millon, \u00ab M\u00e9moires du corps \u00bb, 2019 (Anne Bouscharain) - Soci\u00e9t\u00e9 d&#039;\u00c9tudes M\u00e9dio Et N\u00e9o-Latines<\/title>\n<meta name=\"robots\" content=\"index, follow, max-snippet:-1, max-image-preview:large, max-video-preview:-1\" \/>\n<link rel=\"canonical\" href=\"http:\/\/www.semen-l.org\/?p=3195\" \/>\n<meta property=\"og:locale\" content=\"fr_FR\" \/>\n<meta property=\"og:type\" content=\"article\" \/>\n<meta property=\"og:title\" content=\"Le Si\u00e8cle des v\u00e9rol\u00e9s. La Renaissance europ\u00e9enne face \u00e0 la syphilis, anthologie dirig\u00e9e par A. Bayle, avec la collaboration de B. Gauvin, Grenoble, J\u00e9r\u00f4me Millon, \u00ab M\u00e9moires du corps \u00bb, 2019 (Anne Bouscharain) - Soci\u00e9t\u00e9 d&#039;\u00c9tudes M\u00e9dio Et N\u00e9o-Latines\" \/>\n<meta property=\"og:description\" content=\"Le Si\u00e8cle des v\u00e9rol\u00e9s. La Renaissance europ\u00e9enne face \u00e0 la syphilis, anthologie dirig\u00e9e par A. Bayle, avec la collaboration de B. Gauvin, Grenoble, J\u00e9r\u00f4me Millon, \u00ab M\u00e9moires du corps \u00bb, 2019, 384 p., 26\u20ac Passionnante plong\u00e9e au c\u0153ur d\u2019une pand\u00e9mie &hellip; Continuer la lecture &rarr;\" \/>\n<meta property=\"og:url\" content=\"http:\/\/www.semen-l.org\/?p=3195\" \/>\n<meta property=\"og:site_name\" content=\"Soci\u00e9t\u00e9 d&#039;\u00c9tudes M\u00e9dio Et N\u00e9o-Latines\" \/>\n<meta property=\"article:publisher\" content=\"https:\/\/www.facebook.com\/SEMENL2018\" \/>\n<meta property=\"article:published_time\" content=\"2019-12-15T10:50:54+00:00\" \/>\n<meta property=\"article:modified_time\" content=\"2024-02-15T10:54:23+00:00\" \/>\n<meta property=\"og:image\" content=\"http:\/\/www.semen-l.org\/wp-content\/uploads\/2019\/12\/siecle-veroles-couv.jpg\" \/>\n\t<meta property=\"og:image:width\" content=\"297\" \/>\n\t<meta property=\"og:image:height\" content=\"445\" \/>\n\t<meta property=\"og:image:type\" content=\"image\/jpeg\" \/>\n<meta name=\"author\" content=\"Julien Maudoux\" \/>\n<meta name=\"twitter:card\" content=\"summary_large_image\" \/>\n<meta name=\"twitter:label1\" content=\"\u00c9crit par\" \/>\n\t<meta name=\"twitter:data1\" content=\"Julien Maudoux\" \/>\n\t<meta name=\"twitter:label2\" content=\"Dur\u00e9e de lecture estim\u00e9e\" \/>\n\t<meta name=\"twitter:data2\" content=\"3 minutes\" \/>\n<script type=\"application\/ld+json\" class=\"yoast-schema-graph\">{\"@context\":\"https:\\\/\\\/schema.org\",\"@graph\":[{\"@type\":\"Article\",\"@id\":\"http:\\\/\\\/www.semen-l.org\\\/?p=3195#article\",\"isPartOf\":{\"@id\":\"http:\\\/\\\/www.semen-l.org\\\/?p=3195\"},\"author\":{\"name\":\"Julien Maudoux\",\"@id\":\"http:\\\/\\\/www.semen-l.org\\\/#\\\/schema\\\/person\\\/ef5208815f17666727763c5363a51344\"},\"headline\":\"Le Si\u00e8cle des v\u00e9rol\u00e9s. La Renaissance europ\u00e9enne face \u00e0 la syphilis, anthologie dirig\u00e9e par A. Bayle, avec la collaboration de B. Gauvin, Grenoble, J\u00e9r\u00f4me Millon, \u00ab M\u00e9moires du corps \u00bb, 2019 (Anne Bouscharain)\",\"datePublished\":\"2019-12-15T10:50:54+00:00\",\"dateModified\":\"2024-02-15T10:54:23+00:00\",\"mainEntityOfPage\":{\"@id\":\"http:\\\/\\\/www.semen-l.org\\\/?p=3195\"},\"wordCount\":591,\"commentCount\":0,\"publisher\":{\"@id\":\"http:\\\/\\\/www.semen-l.org\\\/#organization\"},\"image\":{\"@id\":\"http:\\\/\\\/www.semen-l.org\\\/?p=3195#primaryimage\"},\"thumbnailUrl\":\"https:\\\/\\\/www.semen-l.org\\\/wp-content\\\/uploads\\\/2019\\\/12\\\/siecle-veroles-couv.jpg\",\"keywords\":[\"anthologie\",\"fiction\",\"historiographie\",\"humanisme\",\"imaginaire\",\"maladie\",\"m\u00e9decine\",\"morale\",\"pand\u00e9mie\",\"po\u00e9sie\",\"politique\",\"portrait\",\"syphilis\",\"th\u00e9ologie\",\"v\u00e9role\"],\"articleSection\":[\"Recensions\"],\"inLanguage\":\"fr-FR\",\"potentialAction\":[{\"@type\":\"CommentAction\",\"name\":\"Comment\",\"target\":[\"http:\\\/\\\/www.semen-l.org\\\/?p=3195#respond\"]}]},{\"@type\":\"WebPage\",\"@id\":\"http:\\\/\\\/www.semen-l.org\\\/?p=3195\",\"url\":\"http:\\\/\\\/www.semen-l.org\\\/?p=3195\",\"name\":\"Le Si\u00e8cle des v\u00e9rol\u00e9s. La Renaissance europ\u00e9enne face \u00e0 la syphilis, anthologie dirig\u00e9e par A. Bayle, avec la collaboration de B. Gauvin, Grenoble, J\u00e9r\u00f4me Millon, \u00ab M\u00e9moires du corps \u00bb, 2019 (Anne Bouscharain) - Soci\u00e9t\u00e9 d&#039;\u00c9tudes M\u00e9dio Et N\u00e9o-Latines\",\"isPartOf\":{\"@id\":\"http:\\\/\\\/www.semen-l.org\\\/#website\"},\"primaryImageOfPage\":{\"@id\":\"http:\\\/\\\/www.semen-l.org\\\/?p=3195#primaryimage\"},\"image\":{\"@id\":\"http:\\\/\\\/www.semen-l.org\\\/?p=3195#primaryimage\"},\"thumbnailUrl\":\"https:\\\/\\\/www.semen-l.org\\\/wp-content\\\/uploads\\\/2019\\\/12\\\/siecle-veroles-couv.jpg\",\"datePublished\":\"2019-12-15T10:50:54+00:00\",\"dateModified\":\"2024-02-15T10:54:23+00:00\",\"breadcrumb\":{\"@id\":\"http:\\\/\\\/www.semen-l.org\\\/?p=3195#breadcrumb\"},\"inLanguage\":\"fr-FR\",\"potentialAction\":[{\"@type\":\"ReadAction\",\"target\":[\"http:\\\/\\\/www.semen-l.org\\\/?p=3195\"]}]},{\"@type\":\"ImageObject\",\"inLanguage\":\"fr-FR\",\"@id\":\"http:\\\/\\\/www.semen-l.org\\\/?p=3195#primaryimage\",\"url\":\"https:\\\/\\\/www.semen-l.org\\\/wp-content\\\/uploads\\\/2019\\\/12\\\/siecle-veroles-couv.jpg\",\"contentUrl\":\"https:\\\/\\\/www.semen-l.org\\\/wp-content\\\/uploads\\\/2019\\\/12\\\/siecle-veroles-couv.jpg\",\"width\":297,\"height\":445},{\"@type\":\"BreadcrumbList\",\"@id\":\"http:\\\/\\\/www.semen-l.org\\\/?p=3195#breadcrumb\",\"itemListElement\":[{\"@type\":\"ListItem\",\"position\":1,\"name\":\"Accueil\",\"item\":\"http:\\\/\\\/www.semen-l.org\\\/\"},{\"@type\":\"ListItem\",\"position\":2,\"name\":\"Le Si\u00e8cle des v\u00e9rol\u00e9s. La Renaissance europ\u00e9enne face \u00e0 la syphilis, anthologie dirig\u00e9e par A. Bayle, avec la collaboration de B. Gauvin, Grenoble, J\u00e9r\u00f4me Millon, \u00ab M\u00e9moires du corps \u00bb, 2019 (Anne Bouscharain)\"}]},{\"@type\":\"WebSite\",\"@id\":\"http:\\\/\\\/www.semen-l.org\\\/#website\",\"url\":\"http:\\\/\\\/www.semen-l.org\\\/\",\"name\":\"Soci\u00e9t\u00e9 d'\u00c9tudes M\u00e9dio Et N\u00e9o-Latines\",\"description\":\"\",\"publisher\":{\"@id\":\"http:\\\/\\\/www.semen-l.org\\\/#organization\"},\"potentialAction\":[{\"@type\":\"SearchAction\",\"target\":{\"@type\":\"EntryPoint\",\"urlTemplate\":\"http:\\\/\\\/www.semen-l.org\\\/?s={search_term_string}\"},\"query-input\":{\"@type\":\"PropertyValueSpecification\",\"valueRequired\":true,\"valueName\":\"search_term_string\"}}],\"inLanguage\":\"fr-FR\"},{\"@type\":\"Organization\",\"@id\":\"http:\\\/\\\/www.semen-l.org\\\/#organization\",\"name\":\"Soci\u00e9t\u00e9 d'\u00e9tudes m\u00e9dio et n\u00e9o-latines\",\"url\":\"http:\\\/\\\/www.semen-l.org\\\/\",\"logo\":{\"@type\":\"ImageObject\",\"inLanguage\":\"fr-FR\",\"@id\":\"http:\\\/\\\/www.semen-l.org\\\/#\\\/schema\\\/logo\\\/image\\\/\",\"url\":\"http:\\\/\\\/www.semen-l.org\\\/wp-content\\\/uploads\\\/2020\\\/11\\\/logo-semenl.jpg\",\"contentUrl\":\"http:\\\/\\\/www.semen-l.org\\\/wp-content\\\/uploads\\\/2020\\\/11\\\/logo-semenl.jpg\",\"width\":408,\"height\":403,\"caption\":\"Soci\u00e9t\u00e9 d'\u00e9tudes m\u00e9dio et n\u00e9o-latines\"},\"image\":{\"@id\":\"http:\\\/\\\/www.semen-l.org\\\/#\\\/schema\\\/logo\\\/image\\\/\"},\"sameAs\":[\"https:\\\/\\\/www.facebook.com\\\/SEMENL2018\",\"https:\\\/\\\/independent.academia.edu\\\/SocitsdtudesmdioetnolatinesSEMENL\"]},{\"@type\":\"Person\",\"@id\":\"http:\\\/\\\/www.semen-l.org\\\/#\\\/schema\\\/person\\\/ef5208815f17666727763c5363a51344\",\"name\":\"Julien Maudoux\",\"image\":{\"@type\":\"ImageObject\",\"inLanguage\":\"fr-FR\",\"@id\":\"https:\\\/\\\/secure.gravatar.com\\\/avatar\\\/caabf4fb6242e2277733cd35a5c2aa083761ea25dae1d1ff3298b54292225292?s=96&d=mm&r=g\",\"url\":\"https:\\\/\\\/secure.gravatar.com\\\/avatar\\\/caabf4fb6242e2277733cd35a5c2aa083761ea25dae1d1ff3298b54292225292?s=96&d=mm&r=g\",\"contentUrl\":\"https:\\\/\\\/secure.gravatar.com\\\/avatar\\\/caabf4fb6242e2277733cd35a5c2aa083761ea25dae1d1ff3298b54292225292?s=96&d=mm&r=g\",\"caption\":\"Julien Maudoux\"},\"description\":\"Webmestre du site de la SEMEN-L\",\"url\":\"https:\\\/\\\/www.semen-l.org\\\/?author=26\"}]}<\/script>\n<!-- \/ Yoast SEO plugin. -->","yoast_head_json":{"title":"Le Si\u00e8cle des v\u00e9rol\u00e9s. La Renaissance europ\u00e9enne face \u00e0 la syphilis, anthologie dirig\u00e9e par A. Bayle, avec la collaboration de B. Gauvin, Grenoble, J\u00e9r\u00f4me Millon, \u00ab M\u00e9moires du corps \u00bb, 2019 (Anne Bouscharain) - Soci\u00e9t\u00e9 d&#039;\u00c9tudes M\u00e9dio Et N\u00e9o-Latines","robots":{"index":"index","follow":"follow","max-snippet":"max-snippet:-1","max-image-preview":"max-image-preview:large","max-video-preview":"max-video-preview:-1"},"canonical":"http:\/\/www.semen-l.org\/?p=3195","og_locale":"fr_FR","og_type":"article","og_title":"Le Si\u00e8cle des v\u00e9rol\u00e9s. La Renaissance europ\u00e9enne face \u00e0 la syphilis, anthologie dirig\u00e9e par A. Bayle, avec la collaboration de B. Gauvin, Grenoble, J\u00e9r\u00f4me Millon, \u00ab M\u00e9moires du corps \u00bb, 2019 (Anne Bouscharain) - Soci\u00e9t\u00e9 d&#039;\u00c9tudes M\u00e9dio Et N\u00e9o-Latines","og_description":"Le Si\u00e8cle des v\u00e9rol\u00e9s. La Renaissance europ\u00e9enne face \u00e0 la syphilis, anthologie dirig\u00e9e par A. Bayle, avec la collaboration de B. Gauvin, Grenoble, J\u00e9r\u00f4me Millon, \u00ab M\u00e9moires du corps \u00bb, 2019, 384 p., 26\u20ac Passionnante plong\u00e9e au c\u0153ur d\u2019une pand\u00e9mie &hellip; Continuer la lecture &rarr;","og_url":"http:\/\/www.semen-l.org\/?p=3195","og_site_name":"Soci\u00e9t\u00e9 d&#039;\u00c9tudes M\u00e9dio Et N\u00e9o-Latines","article_publisher":"https:\/\/www.facebook.com\/SEMENL2018","article_published_time":"2019-12-15T10:50:54+00:00","article_modified_time":"2024-02-15T10:54:23+00:00","og_image":[{"width":297,"height":445,"url":"http:\/\/www.semen-l.org\/wp-content\/uploads\/2019\/12\/siecle-veroles-couv.jpg","type":"image\/jpeg"}],"author":"Julien Maudoux","twitter_card":"summary_large_image","twitter_misc":{"\u00c9crit par":"Julien Maudoux","Dur\u00e9e de lecture estim\u00e9e":"3 minutes"},"schema":{"@context":"https:\/\/schema.org","@graph":[{"@type":"Article","@id":"http:\/\/www.semen-l.org\/?p=3195#article","isPartOf":{"@id":"http:\/\/www.semen-l.org\/?p=3195"},"author":{"name":"Julien Maudoux","@id":"http:\/\/www.semen-l.org\/#\/schema\/person\/ef5208815f17666727763c5363a51344"},"headline":"Le Si\u00e8cle des v\u00e9rol\u00e9s. La Renaissance europ\u00e9enne face \u00e0 la syphilis, anthologie dirig\u00e9e par A. Bayle, avec la collaboration de B. Gauvin, Grenoble, J\u00e9r\u00f4me Millon, \u00ab M\u00e9moires du corps \u00bb, 2019 (Anne Bouscharain)","datePublished":"2019-12-15T10:50:54+00:00","dateModified":"2024-02-15T10:54:23+00:00","mainEntityOfPage":{"@id":"http:\/\/www.semen-l.org\/?p=3195"},"wordCount":591,"commentCount":0,"publisher":{"@id":"http:\/\/www.semen-l.org\/#organization"},"image":{"@id":"http:\/\/www.semen-l.org\/?p=3195#primaryimage"},"thumbnailUrl":"https:\/\/www.semen-l.org\/wp-content\/uploads\/2019\/12\/siecle-veroles-couv.jpg","keywords":["anthologie","fiction","historiographie","humanisme","imaginaire","maladie","m\u00e9decine","morale","pand\u00e9mie","po\u00e9sie","politique","portrait","syphilis","th\u00e9ologie","v\u00e9role"],"articleSection":["Recensions"],"inLanguage":"fr-FR","potentialAction":[{"@type":"CommentAction","name":"Comment","target":["http:\/\/www.semen-l.org\/?p=3195#respond"]}]},{"@type":"WebPage","@id":"http:\/\/www.semen-l.org\/?p=3195","url":"http:\/\/www.semen-l.org\/?p=3195","name":"Le Si\u00e8cle des v\u00e9rol\u00e9s. La Renaissance europ\u00e9enne face \u00e0 la syphilis, anthologie dirig\u00e9e par A. Bayle, avec la collaboration de B. Gauvin, Grenoble, J\u00e9r\u00f4me Millon, \u00ab M\u00e9moires du corps \u00bb, 2019 (Anne Bouscharain) - Soci\u00e9t\u00e9 d&#039;\u00c9tudes M\u00e9dio Et N\u00e9o-Latines","isPartOf":{"@id":"http:\/\/www.semen-l.org\/#website"},"primaryImageOfPage":{"@id":"http:\/\/www.semen-l.org\/?p=3195#primaryimage"},"image":{"@id":"http:\/\/www.semen-l.org\/?p=3195#primaryimage"},"thumbnailUrl":"https:\/\/www.semen-l.org\/wp-content\/uploads\/2019\/12\/siecle-veroles-couv.jpg","datePublished":"2019-12-15T10:50:54+00:00","dateModified":"2024-02-15T10:54:23+00:00","breadcrumb":{"@id":"http:\/\/www.semen-l.org\/?p=3195#breadcrumb"},"inLanguage":"fr-FR","potentialAction":[{"@type":"ReadAction","target":["http:\/\/www.semen-l.org\/?p=3195"]}]},{"@type":"ImageObject","inLanguage":"fr-FR","@id":"http:\/\/www.semen-l.org\/?p=3195#primaryimage","url":"https:\/\/www.semen-l.org\/wp-content\/uploads\/2019\/12\/siecle-veroles-couv.jpg","contentUrl":"https:\/\/www.semen-l.org\/wp-content\/uploads\/2019\/12\/siecle-veroles-couv.jpg","width":297,"height":445},{"@type":"BreadcrumbList","@id":"http:\/\/www.semen-l.org\/?p=3195#breadcrumb","itemListElement":[{"@type":"ListItem","position":1,"name":"Accueil","item":"http:\/\/www.semen-l.org\/"},{"@type":"ListItem","position":2,"name":"Le Si\u00e8cle des v\u00e9rol\u00e9s. La Renaissance europ\u00e9enne face \u00e0 la syphilis, anthologie dirig\u00e9e par A. Bayle, avec la collaboration de B. Gauvin, Grenoble, J\u00e9r\u00f4me Millon, \u00ab M\u00e9moires du corps \u00bb, 2019 (Anne Bouscharain)"}]},{"@type":"WebSite","@id":"http:\/\/www.semen-l.org\/#website","url":"http:\/\/www.semen-l.org\/","name":"Soci\u00e9t\u00e9 d'\u00c9tudes M\u00e9dio Et N\u00e9o-Latines","description":"","publisher":{"@id":"http:\/\/www.semen-l.org\/#organization"},"potentialAction":[{"@type":"SearchAction","target":{"@type":"EntryPoint","urlTemplate":"http:\/\/www.semen-l.org\/?s={search_term_string}"},"query-input":{"@type":"PropertyValueSpecification","valueRequired":true,"valueName":"search_term_string"}}],"inLanguage":"fr-FR"},{"@type":"Organization","@id":"http:\/\/www.semen-l.org\/#organization","name":"Soci\u00e9t\u00e9 d'\u00e9tudes m\u00e9dio et n\u00e9o-latines","url":"http:\/\/www.semen-l.org\/","logo":{"@type":"ImageObject","inLanguage":"fr-FR","@id":"http:\/\/www.semen-l.org\/#\/schema\/logo\/image\/","url":"http:\/\/www.semen-l.org\/wp-content\/uploads\/2020\/11\/logo-semenl.jpg","contentUrl":"http:\/\/www.semen-l.org\/wp-content\/uploads\/2020\/11\/logo-semenl.jpg","width":408,"height":403,"caption":"Soci\u00e9t\u00e9 d'\u00e9tudes m\u00e9dio et n\u00e9o-latines"},"image":{"@id":"http:\/\/www.semen-l.org\/#\/schema\/logo\/image\/"},"sameAs":["https:\/\/www.facebook.com\/SEMENL2018","https:\/\/independent.academia.edu\/SocitsdtudesmdioetnolatinesSEMENL"]},{"@type":"Person","@id":"http:\/\/www.semen-l.org\/#\/schema\/person\/ef5208815f17666727763c5363a51344","name":"Julien Maudoux","image":{"@type":"ImageObject","inLanguage":"fr-FR","@id":"https:\/\/secure.gravatar.com\/avatar\/caabf4fb6242e2277733cd35a5c2aa083761ea25dae1d1ff3298b54292225292?s=96&d=mm&r=g","url":"https:\/\/secure.gravatar.com\/avatar\/caabf4fb6242e2277733cd35a5c2aa083761ea25dae1d1ff3298b54292225292?s=96&d=mm&r=g","contentUrl":"https:\/\/secure.gravatar.com\/avatar\/caabf4fb6242e2277733cd35a5c2aa083761ea25dae1d1ff3298b54292225292?s=96&d=mm&r=g","caption":"Julien Maudoux"},"description":"Webmestre du site de la SEMEN-L","url":"https:\/\/www.semen-l.org\/?author=26"}]}},"jetpack_featured_media_url":"https:\/\/www.semen-l.org\/wp-content\/uploads\/2019\/12\/siecle-veroles-couv.jpg","_links":{"self":[{"href":"https:\/\/www.semen-l.org\/index.php?rest_route=\/wp\/v2\/posts\/3195","targetHints":{"allow":["GET"]}}],"collection":[{"href":"https:\/\/www.semen-l.org\/index.php?rest_route=\/wp\/v2\/posts"}],"about":[{"href":"https:\/\/www.semen-l.org\/index.php?rest_route=\/wp\/v2\/types\/post"}],"author":[{"embeddable":true,"href":"https:\/\/www.semen-l.org\/index.php?rest_route=\/wp\/v2\/users\/26"}],"replies":[{"embeddable":true,"href":"https:\/\/www.semen-l.org\/index.php?rest_route=%2Fwp%2Fv2%2Fcomments&post=3195"}],"version-history":[{"count":0,"href":"https:\/\/www.semen-l.org\/index.php?rest_route=\/wp\/v2\/posts\/3195\/revisions"}],"wp:featuredmedia":[{"embeddable":true,"href":"https:\/\/www.semen-l.org\/index.php?rest_route=\/wp\/v2\/media\/3197"}],"wp:attachment":[{"href":"https:\/\/www.semen-l.org\/index.php?rest_route=%2Fwp%2Fv2%2Fmedia&parent=3195"}],"wp:term":[{"taxonomy":"category","embeddable":true,"href":"https:\/\/www.semen-l.org\/index.php?rest_route=%2Fwp%2Fv2%2Fcategories&post=3195"},{"taxonomy":"post_tag","embeddable":true,"href":"https:\/\/www.semen-l.org\/index.php?rest_route=%2Fwp%2Fv2%2Ftags&post=3195"}],"curies":[{"name":"wp","href":"https:\/\/api.w.org\/{rel}","templated":true}]}}