{"id":3192,"date":"2019-12-15T10:46:59","date_gmt":"2019-12-15T10:46:59","guid":{"rendered":"https:\/\/www.semen-l.org\/?p=3192"},"modified":"2024-02-15T10:50:17","modified_gmt":"2024-02-15T10:50:17","slug":"a-la-recherche-dun-signe-perdu-jean-baptiste-de-la-brosse-s-j-elements-de-la-langue-montagnaise-1768-edition-du-texte-latin-de-jean-francois-cottier-et-commentaire-linguistique-de-ren","status":"publish","type":"post","link":"https:\/\/www.semen-l.org\/?p=3192","title":{"rendered":"\u00c0 la recherche d\u2019un signe perdu : Jean-Baptiste de La Brosse, S.J., \u00c9l\u00e9ments de la langue montagnaise (1768). \u00e9dition du texte latin de Jean-Fran\u00e7ois Cottier et commentaire linguistique de Ren\u00e9e Lambert- Br\u00e9ti\u00e8re, Neuville sur Sa\u00f4ne, Editions Chemins de tr@verse, Chartae neolatinae, 2018 (Virginie Leroux)"},"content":{"rendered":"<p><strong><em>\u00c0 la recherche d\u2019un signe perdu : Jean-Baptiste de La Brosse, S.J., \u00c9l\u00e9ments de la langue montagnaise <\/em><\/strong><strong><em>(1768)<\/em><\/strong><strong>, \u00e9dition du texte latin de Jean-Fran\u00e7ois Cottier et commentaire linguistique de Ren\u00e9e Lambert- Br\u00e9ti\u00e8re, Neuville sur Sa\u00f4ne, Editions Chemins de tr@verse, Chartae neolatinae, 2018, 304 p.<img fetchpriority=\"high\" decoding=\"async\" class=\"alignright size-medium wp-image-3193\" src=\"http:\/\/www.semen-l.org\/wp-content\/uploads\/2024\/02\/labrosse-montagnaise-couv-212x300.jpg\" alt=\"\" width=\"212\" height=\"300\" srcset=\"https:\/\/www.semen-l.org\/wp-content\/uploads\/2024\/02\/labrosse-montagnaise-couv-212x300.jpg 212w, https:\/\/www.semen-l.org\/wp-content\/uploads\/2024\/02\/labrosse-montagnaise-couv-141x200.jpg 141w, https:\/\/www.semen-l.org\/wp-content\/uploads\/2024\/02\/labrosse-montagnaise-couv.jpg 290w\" sizes=\"(max-width: 212px) 100vw, 212px\" \/><\/strong><\/p>\n<p>L\u2019ouvrage constitue la premi\u00e8re \u00e9dition, avec traduction fran\u00e7aise et commentaire linguistique, des <em>\u00c9l\u00e9ments de grammaire montagnaise<\/em>, r\u00e9dig\u00e9s en 1768 par le p\u00e8re j\u00e9suite Jean-Baptiste de La Brosse. Missionnaire au Canada \u00e0 partir de 1754, il se consacra \u00e0 l\u2019\u00e9vang\u00e9lisation et \u00e0 l\u2019instruction des Innus de 1766 jusqu\u2019\u00e0 sa mort en 1782. Parmi les Europ\u00e9ens qui abord\u00e8rent le Nouveau Monde, les J\u00e9suites ont davantage pris en compte la langue de leurs destinataires et ont compris la n\u00e9cessit\u00e9 d\u2019en avoir une connaissance approfondie en vue de leur conversion. R\u00e9dig\u00e9e en latin, langue de l\u2019\u00c9glise et de la formation humaniste, mais aussi langue d\u2019usage des \u00e9lites cultiv\u00e9es qui l\u2019utilisaient pour leurs travaux historiographiques, linguistiques et scientifiques, la grammaire du p\u00e8re de La Brosse t\u00e9moigne des efforts de description des langues am\u00e9rindiennes du XVIII<sup>e<\/sup> si\u00e8cle, qui port\u00e8rent \u00e0 la fois sur les langues algonquiennes (Ab\u00e9naki et Montagnais) et sur les langues iroquoises. Elle s\u2019inscrit, par ailleurs, dans un mouvement plus g\u00e9n\u00e9ral de \u00ab linguistique missionnaire \u00bb dont les fondements th\u00e9oriques reposent sur la croyance de l\u2019\u00e9poque dans un langage mental originel dont la rationalit\u00e9 persistait, mais de mani\u00e8re fragment\u00e9e, dans la vari\u00e9t\u00e9 des langues de l\u2019apr\u00e8s-Babel. La Brosse utilise ainsi le mod\u00e8le de la langue latine pour d\u00e9crire l\u2019innu : c\u2019est ainsi qu\u2019il s\u2019efforce de lui appliquer la division traditionnelle en huit parties (noms, pronoms, verbes, participes, pr\u00e9positions, adverbes, interjections, conjonctions) ou le syst\u00e8me des cas indo-europ\u00e9ens (chapitre 2, 7-12) alors que ces cat\u00e9gories ne correspondent pas \u00e0 la r\u00e9alit\u00e9 linguistique de l\u2019innu. L\u2019analyse r\u00e9v\u00e8le cependant que le p\u00e8re de La Brosse a conscience des particularit\u00e9s propres aux langues am\u00e9rindiennes et t\u00e2che de rendre compte le plus exactement possible de la langue de l\u2019autre. T\u00e9moignage unique sur l\u2019\u00e9tat de cette langue nomade au XVIII<sup>e<\/sup> si\u00e8cle, cet ouvrage passionnant int\u00e9ressera autant les sp\u00e9cialistes de linguistique autochtone que les latinistes et, plus g\u00e9n\u00e9ralement, tous ceux qui sont curieux de l\u2019histoire de la Nouvelle-France.<\/p>\n<p><strong>Virginie Leroux (EPHE, PSL)<\/strong><\/p>\n<p>Cette recension a \u00e9t\u00e9 publi\u00e9e dans le<a href=\"https:\/\/www.semen-l.org\/?p=2848\"> Bulletin de liaison n\u00b017 (2019) de la SEMEN-L<\/a> (p. 46).<\/p>\n","protected":false},"excerpt":{"rendered":"<p>\u00c0 la recherche d\u2019un signe perdu : Jean-Baptiste de La Brosse, S.J., \u00c9l\u00e9ments de la langue montagnaise (1768), \u00e9dition du texte latin de Jean-Fran\u00e7ois Cottier et commentaire linguistique de Ren\u00e9e Lambert- Br\u00e9ti\u00e8re, Neuville sur Sa\u00f4ne, Editions Chemins de tr@verse, Chartae &hellip; <a href=\"https:\/\/www.semen-l.org\/?p=3192\">Continuer la lecture <span class=\"meta-nav\">&rarr;<\/span><\/a><\/p>\n","protected":false},"author":26,"featured_media":3193,"comment_status":"open","ping_status":"open","sticky":false,"template":"","format":"standard","meta":{"footnotes":""},"categories":[1825],"tags":[2023,144,2025,824,1114,2026,1194,2024],"class_list":["post-3192","post","type-post","status-publish","format-standard","has-post-thumbnail","hentry","category-recensions","tag-elements-de-grammaire-montagnaise","tag-humanisme","tag-innu","tag-jesuitisme","tag-de-la-brosse-jean-baptiste","tag-langues-amerindiennes","tag-linguistique","tag-nouvelle-france"],"yoast_head":"<!-- This site is optimized with the Yoast SEO plugin v27.5 - https:\/\/yoast.com\/product\/yoast-seo-wordpress\/ -->\n<title>\u00c0 la recherche d\u2019un signe perdu : Jean-Baptiste de La Brosse, S.J., \u00c9l\u00e9ments de la langue montagnaise (1768). \u00e9dition du texte latin de Jean-Fran\u00e7ois Cottier et commentaire linguistique de Ren\u00e9e Lambert- Br\u00e9ti\u00e8re, Neuville sur Sa\u00f4ne, Editions Chemins de tr@verse, Chartae neolatinae, 2018 (Virginie Leroux) - Soci\u00e9t\u00e9 d&#039;\u00c9tudes M\u00e9dio Et N\u00e9o-Latines<\/title>\n<meta name=\"robots\" content=\"index, follow, max-snippet:-1, max-image-preview:large, max-video-preview:-1\" \/>\n<link rel=\"canonical\" href=\"http:\/\/www.semen-l.org\/?p=3192\" \/>\n<meta property=\"og:locale\" content=\"fr_FR\" \/>\n<meta property=\"og:type\" content=\"article\" \/>\n<meta property=\"og:title\" content=\"\u00c0 la recherche d\u2019un signe perdu : Jean-Baptiste de La Brosse, S.J., \u00c9l\u00e9ments de la langue montagnaise (1768). \u00e9dition du texte latin de Jean-Fran\u00e7ois Cottier et commentaire linguistique de Ren\u00e9e Lambert- Br\u00e9ti\u00e8re, Neuville sur Sa\u00f4ne, Editions Chemins de tr@verse, Chartae neolatinae, 2018 (Virginie Leroux) - Soci\u00e9t\u00e9 d&#039;\u00c9tudes M\u00e9dio Et N\u00e9o-Latines\" \/>\n<meta property=\"og:description\" content=\"\u00c0 la recherche d\u2019un signe perdu : Jean-Baptiste de La Brosse, S.J., \u00c9l\u00e9ments de la langue montagnaise (1768), \u00e9dition du texte latin de Jean-Fran\u00e7ois Cottier et commentaire linguistique de Ren\u00e9e Lambert- Br\u00e9ti\u00e8re, Neuville sur Sa\u00f4ne, Editions Chemins de tr@verse, Chartae &hellip; Continuer la lecture &rarr;\" \/>\n<meta property=\"og:url\" content=\"http:\/\/www.semen-l.org\/?p=3192\" \/>\n<meta property=\"og:site_name\" content=\"Soci\u00e9t\u00e9 d&#039;\u00c9tudes M\u00e9dio Et N\u00e9o-Latines\" \/>\n<meta property=\"article:publisher\" content=\"https:\/\/www.facebook.com\/SEMENL2018\" \/>\n<meta property=\"article:published_time\" content=\"2019-12-15T10:46:59+00:00\" \/>\n<meta property=\"article:modified_time\" content=\"2024-02-15T10:50:17+00:00\" \/>\n<meta property=\"og:image\" content=\"http:\/\/www.semen-l.org\/wp-content\/uploads\/2024\/02\/labrosse-montagnaise-couv.jpg\" \/>\n\t<meta property=\"og:image:width\" content=\"290\" \/>\n\t<meta property=\"og:image:height\" content=\"410\" \/>\n\t<meta property=\"og:image:type\" content=\"image\/jpeg\" \/>\n<meta name=\"author\" content=\"Julien Maudoux\" \/>\n<meta name=\"twitter:card\" content=\"summary_large_image\" \/>\n<meta name=\"twitter:label1\" content=\"\u00c9crit par\" \/>\n\t<meta name=\"twitter:data1\" content=\"Julien Maudoux\" \/>\n\t<meta name=\"twitter:label2\" content=\"Dur\u00e9e de lecture estim\u00e9e\" \/>\n\t<meta name=\"twitter:data2\" content=\"3 minutes\" \/>\n<script type=\"application\/ld+json\" class=\"yoast-schema-graph\">{\"@context\":\"https:\\\/\\\/schema.org\",\"@graph\":[{\"@type\":\"Article\",\"@id\":\"http:\\\/\\\/www.semen-l.org\\\/?p=3192#article\",\"isPartOf\":{\"@id\":\"http:\\\/\\\/www.semen-l.org\\\/?p=3192\"},\"author\":{\"name\":\"Julien Maudoux\",\"@id\":\"http:\\\/\\\/www.semen-l.org\\\/#\\\/schema\\\/person\\\/ef5208815f17666727763c5363a51344\"},\"headline\":\"\u00c0 la recherche d\u2019un signe perdu : Jean-Baptiste de La Brosse, S.J., \u00c9l\u00e9ments de la langue montagnaise (1768). \u00e9dition du texte latin de Jean-Fran\u00e7ois Cottier et commentaire linguistique de Ren\u00e9e Lambert- Br\u00e9ti\u00e8re, Neuville sur Sa\u00f4ne, Editions Chemins de tr@verse, Chartae neolatinae, 2018 (Virginie Leroux)\",\"datePublished\":\"2019-12-15T10:46:59+00:00\",\"dateModified\":\"2024-02-15T10:50:17+00:00\",\"mainEntityOfPage\":{\"@id\":\"http:\\\/\\\/www.semen-l.org\\\/?p=3192\"},\"wordCount\":487,\"commentCount\":0,\"publisher\":{\"@id\":\"http:\\\/\\\/www.semen-l.org\\\/#organization\"},\"image\":{\"@id\":\"http:\\\/\\\/www.semen-l.org\\\/?p=3192#primaryimage\"},\"thumbnailUrl\":\"https:\\\/\\\/www.semen-l.org\\\/wp-content\\\/uploads\\\/2024\\\/02\\\/labrosse-montagnaise-couv.jpg\",\"keywords\":[\"\u00c9l\u00e9ments de grammaire montagnaise\",\"humanisme\",\"innu\",\"j\u00e9suitisme\",\"La Brosse (Jean-Baptiste de)\",\"langues am\u00e9rindiennes\",\"linguistique\",\"Nouvelle-France\"],\"articleSection\":[\"Recensions\"],\"inLanguage\":\"fr-FR\",\"potentialAction\":[{\"@type\":\"CommentAction\",\"name\":\"Comment\",\"target\":[\"http:\\\/\\\/www.semen-l.org\\\/?p=3192#respond\"]}]},{\"@type\":\"WebPage\",\"@id\":\"http:\\\/\\\/www.semen-l.org\\\/?p=3192\",\"url\":\"http:\\\/\\\/www.semen-l.org\\\/?p=3192\",\"name\":\"\u00c0 la recherche d\u2019un signe perdu : Jean-Baptiste de La Brosse, S.J., \u00c9l\u00e9ments de la langue montagnaise (1768). \u00e9dition du texte latin de Jean-Fran\u00e7ois Cottier et commentaire linguistique de Ren\u00e9e Lambert- Br\u00e9ti\u00e8re, Neuville sur Sa\u00f4ne, Editions Chemins de tr@verse, Chartae neolatinae, 2018 (Virginie Leroux) - Soci\u00e9t\u00e9 d&#039;\u00c9tudes M\u00e9dio Et N\u00e9o-Latines\",\"isPartOf\":{\"@id\":\"http:\\\/\\\/www.semen-l.org\\\/#website\"},\"primaryImageOfPage\":{\"@id\":\"http:\\\/\\\/www.semen-l.org\\\/?p=3192#primaryimage\"},\"image\":{\"@id\":\"http:\\\/\\\/www.semen-l.org\\\/?p=3192#primaryimage\"},\"thumbnailUrl\":\"https:\\\/\\\/www.semen-l.org\\\/wp-content\\\/uploads\\\/2024\\\/02\\\/labrosse-montagnaise-couv.jpg\",\"datePublished\":\"2019-12-15T10:46:59+00:00\",\"dateModified\":\"2024-02-15T10:50:17+00:00\",\"breadcrumb\":{\"@id\":\"http:\\\/\\\/www.semen-l.org\\\/?p=3192#breadcrumb\"},\"inLanguage\":\"fr-FR\",\"potentialAction\":[{\"@type\":\"ReadAction\",\"target\":[\"http:\\\/\\\/www.semen-l.org\\\/?p=3192\"]}]},{\"@type\":\"ImageObject\",\"inLanguage\":\"fr-FR\",\"@id\":\"http:\\\/\\\/www.semen-l.org\\\/?p=3192#primaryimage\",\"url\":\"https:\\\/\\\/www.semen-l.org\\\/wp-content\\\/uploads\\\/2024\\\/02\\\/labrosse-montagnaise-couv.jpg\",\"contentUrl\":\"https:\\\/\\\/www.semen-l.org\\\/wp-content\\\/uploads\\\/2024\\\/02\\\/labrosse-montagnaise-couv.jpg\",\"width\":290,\"height\":410},{\"@type\":\"BreadcrumbList\",\"@id\":\"http:\\\/\\\/www.semen-l.org\\\/?p=3192#breadcrumb\",\"itemListElement\":[{\"@type\":\"ListItem\",\"position\":1,\"name\":\"Accueil\",\"item\":\"http:\\\/\\\/www.semen-l.org\\\/\"},{\"@type\":\"ListItem\",\"position\":2,\"name\":\"\u00c0 la recherche d\u2019un signe perdu : Jean-Baptiste de La Brosse, S.J., \u00c9l\u00e9ments de la langue montagnaise (1768). \u00e9dition du texte latin de Jean-Fran\u00e7ois Cottier et commentaire linguistique de Ren\u00e9e Lambert- Br\u00e9ti\u00e8re, Neuville sur Sa\u00f4ne, Editions Chemins de tr@verse, Chartae neolatinae, 2018 (Virginie Leroux)\"}]},{\"@type\":\"WebSite\",\"@id\":\"http:\\\/\\\/www.semen-l.org\\\/#website\",\"url\":\"http:\\\/\\\/www.semen-l.org\\\/\",\"name\":\"Soci\u00e9t\u00e9 d'\u00c9tudes M\u00e9dio Et N\u00e9o-Latines\",\"description\":\"\",\"publisher\":{\"@id\":\"http:\\\/\\\/www.semen-l.org\\\/#organization\"},\"potentialAction\":[{\"@type\":\"SearchAction\",\"target\":{\"@type\":\"EntryPoint\",\"urlTemplate\":\"http:\\\/\\\/www.semen-l.org\\\/?s={search_term_string}\"},\"query-input\":{\"@type\":\"PropertyValueSpecification\",\"valueRequired\":true,\"valueName\":\"search_term_string\"}}],\"inLanguage\":\"fr-FR\"},{\"@type\":\"Organization\",\"@id\":\"http:\\\/\\\/www.semen-l.org\\\/#organization\",\"name\":\"Soci\u00e9t\u00e9 d'\u00e9tudes m\u00e9dio et n\u00e9o-latines\",\"url\":\"http:\\\/\\\/www.semen-l.org\\\/\",\"logo\":{\"@type\":\"ImageObject\",\"inLanguage\":\"fr-FR\",\"@id\":\"http:\\\/\\\/www.semen-l.org\\\/#\\\/schema\\\/logo\\\/image\\\/\",\"url\":\"http:\\\/\\\/www.semen-l.org\\\/wp-content\\\/uploads\\\/2020\\\/11\\\/logo-semenl.jpg\",\"contentUrl\":\"http:\\\/\\\/www.semen-l.org\\\/wp-content\\\/uploads\\\/2020\\\/11\\\/logo-semenl.jpg\",\"width\":408,\"height\":403,\"caption\":\"Soci\u00e9t\u00e9 d'\u00e9tudes m\u00e9dio et n\u00e9o-latines\"},\"image\":{\"@id\":\"http:\\\/\\\/www.semen-l.org\\\/#\\\/schema\\\/logo\\\/image\\\/\"},\"sameAs\":[\"https:\\\/\\\/www.facebook.com\\\/SEMENL2018\",\"https:\\\/\\\/independent.academia.edu\\\/SocitsdtudesmdioetnolatinesSEMENL\"]},{\"@type\":\"Person\",\"@id\":\"http:\\\/\\\/www.semen-l.org\\\/#\\\/schema\\\/person\\\/ef5208815f17666727763c5363a51344\",\"name\":\"Julien Maudoux\",\"image\":{\"@type\":\"ImageObject\",\"inLanguage\":\"fr-FR\",\"@id\":\"https:\\\/\\\/secure.gravatar.com\\\/avatar\\\/caabf4fb6242e2277733cd35a5c2aa083761ea25dae1d1ff3298b54292225292?s=96&d=mm&r=g\",\"url\":\"https:\\\/\\\/secure.gravatar.com\\\/avatar\\\/caabf4fb6242e2277733cd35a5c2aa083761ea25dae1d1ff3298b54292225292?s=96&d=mm&r=g\",\"contentUrl\":\"https:\\\/\\\/secure.gravatar.com\\\/avatar\\\/caabf4fb6242e2277733cd35a5c2aa083761ea25dae1d1ff3298b54292225292?s=96&d=mm&r=g\",\"caption\":\"Julien Maudoux\"},\"description\":\"Webmestre du site de la SEMEN-L\",\"url\":\"https:\\\/\\\/www.semen-l.org\\\/?author=26\"}]}<\/script>\n<!-- \/ Yoast SEO plugin. -->","yoast_head_json":{"title":"\u00c0 la recherche d\u2019un signe perdu : Jean-Baptiste de La Brosse, S.J., \u00c9l\u00e9ments de la langue montagnaise (1768). \u00e9dition du texte latin de Jean-Fran\u00e7ois Cottier et commentaire linguistique de Ren\u00e9e Lambert- Br\u00e9ti\u00e8re, Neuville sur Sa\u00f4ne, Editions Chemins de tr@verse, Chartae neolatinae, 2018 (Virginie Leroux) - Soci\u00e9t\u00e9 d&#039;\u00c9tudes M\u00e9dio Et N\u00e9o-Latines","robots":{"index":"index","follow":"follow","max-snippet":"max-snippet:-1","max-image-preview":"max-image-preview:large","max-video-preview":"max-video-preview:-1"},"canonical":"http:\/\/www.semen-l.org\/?p=3192","og_locale":"fr_FR","og_type":"article","og_title":"\u00c0 la recherche d\u2019un signe perdu : Jean-Baptiste de La Brosse, S.J., \u00c9l\u00e9ments de la langue montagnaise (1768). \u00e9dition du texte latin de Jean-Fran\u00e7ois Cottier et commentaire linguistique de Ren\u00e9e Lambert- Br\u00e9ti\u00e8re, Neuville sur Sa\u00f4ne, Editions Chemins de tr@verse, Chartae neolatinae, 2018 (Virginie Leroux) - Soci\u00e9t\u00e9 d&#039;\u00c9tudes M\u00e9dio Et N\u00e9o-Latines","og_description":"\u00c0 la recherche d\u2019un signe perdu : Jean-Baptiste de La Brosse, S.J., \u00c9l\u00e9ments de la langue montagnaise (1768), \u00e9dition du texte latin de Jean-Fran\u00e7ois Cottier et commentaire linguistique de Ren\u00e9e Lambert- Br\u00e9ti\u00e8re, Neuville sur Sa\u00f4ne, Editions Chemins de tr@verse, Chartae &hellip; Continuer la lecture &rarr;","og_url":"http:\/\/www.semen-l.org\/?p=3192","og_site_name":"Soci\u00e9t\u00e9 d&#039;\u00c9tudes M\u00e9dio Et N\u00e9o-Latines","article_publisher":"https:\/\/www.facebook.com\/SEMENL2018","article_published_time":"2019-12-15T10:46:59+00:00","article_modified_time":"2024-02-15T10:50:17+00:00","og_image":[{"width":290,"height":410,"url":"http:\/\/www.semen-l.org\/wp-content\/uploads\/2024\/02\/labrosse-montagnaise-couv.jpg","type":"image\/jpeg"}],"author":"Julien Maudoux","twitter_card":"summary_large_image","twitter_misc":{"\u00c9crit par":"Julien Maudoux","Dur\u00e9e de lecture estim\u00e9e":"3 minutes"},"schema":{"@context":"https:\/\/schema.org","@graph":[{"@type":"Article","@id":"http:\/\/www.semen-l.org\/?p=3192#article","isPartOf":{"@id":"http:\/\/www.semen-l.org\/?p=3192"},"author":{"name":"Julien Maudoux","@id":"http:\/\/www.semen-l.org\/#\/schema\/person\/ef5208815f17666727763c5363a51344"},"headline":"\u00c0 la recherche d\u2019un signe perdu : Jean-Baptiste de La Brosse, S.J., \u00c9l\u00e9ments de la langue montagnaise (1768). \u00e9dition du texte latin de Jean-Fran\u00e7ois Cottier et commentaire linguistique de Ren\u00e9e Lambert- Br\u00e9ti\u00e8re, Neuville sur Sa\u00f4ne, Editions Chemins de tr@verse, Chartae neolatinae, 2018 (Virginie Leroux)","datePublished":"2019-12-15T10:46:59+00:00","dateModified":"2024-02-15T10:50:17+00:00","mainEntityOfPage":{"@id":"http:\/\/www.semen-l.org\/?p=3192"},"wordCount":487,"commentCount":0,"publisher":{"@id":"http:\/\/www.semen-l.org\/#organization"},"image":{"@id":"http:\/\/www.semen-l.org\/?p=3192#primaryimage"},"thumbnailUrl":"https:\/\/www.semen-l.org\/wp-content\/uploads\/2024\/02\/labrosse-montagnaise-couv.jpg","keywords":["\u00c9l\u00e9ments de grammaire montagnaise","humanisme","innu","j\u00e9suitisme","La Brosse (Jean-Baptiste de)","langues am\u00e9rindiennes","linguistique","Nouvelle-France"],"articleSection":["Recensions"],"inLanguage":"fr-FR","potentialAction":[{"@type":"CommentAction","name":"Comment","target":["http:\/\/www.semen-l.org\/?p=3192#respond"]}]},{"@type":"WebPage","@id":"http:\/\/www.semen-l.org\/?p=3192","url":"http:\/\/www.semen-l.org\/?p=3192","name":"\u00c0 la recherche d\u2019un signe perdu : Jean-Baptiste de La Brosse, S.J., \u00c9l\u00e9ments de la langue montagnaise (1768). \u00e9dition du texte latin de Jean-Fran\u00e7ois Cottier et commentaire linguistique de Ren\u00e9e Lambert- Br\u00e9ti\u00e8re, Neuville sur Sa\u00f4ne, Editions Chemins de tr@verse, Chartae neolatinae, 2018 (Virginie Leroux) - Soci\u00e9t\u00e9 d&#039;\u00c9tudes M\u00e9dio Et N\u00e9o-Latines","isPartOf":{"@id":"http:\/\/www.semen-l.org\/#website"},"primaryImageOfPage":{"@id":"http:\/\/www.semen-l.org\/?p=3192#primaryimage"},"image":{"@id":"http:\/\/www.semen-l.org\/?p=3192#primaryimage"},"thumbnailUrl":"https:\/\/www.semen-l.org\/wp-content\/uploads\/2024\/02\/labrosse-montagnaise-couv.jpg","datePublished":"2019-12-15T10:46:59+00:00","dateModified":"2024-02-15T10:50:17+00:00","breadcrumb":{"@id":"http:\/\/www.semen-l.org\/?p=3192#breadcrumb"},"inLanguage":"fr-FR","potentialAction":[{"@type":"ReadAction","target":["http:\/\/www.semen-l.org\/?p=3192"]}]},{"@type":"ImageObject","inLanguage":"fr-FR","@id":"http:\/\/www.semen-l.org\/?p=3192#primaryimage","url":"https:\/\/www.semen-l.org\/wp-content\/uploads\/2024\/02\/labrosse-montagnaise-couv.jpg","contentUrl":"https:\/\/www.semen-l.org\/wp-content\/uploads\/2024\/02\/labrosse-montagnaise-couv.jpg","width":290,"height":410},{"@type":"BreadcrumbList","@id":"http:\/\/www.semen-l.org\/?p=3192#breadcrumb","itemListElement":[{"@type":"ListItem","position":1,"name":"Accueil","item":"http:\/\/www.semen-l.org\/"},{"@type":"ListItem","position":2,"name":"\u00c0 la recherche d\u2019un signe perdu : Jean-Baptiste de La Brosse, S.J., \u00c9l\u00e9ments de la langue montagnaise (1768). \u00e9dition du texte latin de Jean-Fran\u00e7ois Cottier et commentaire linguistique de Ren\u00e9e Lambert- Br\u00e9ti\u00e8re, Neuville sur Sa\u00f4ne, Editions Chemins de tr@verse, Chartae neolatinae, 2018 (Virginie Leroux)"}]},{"@type":"WebSite","@id":"http:\/\/www.semen-l.org\/#website","url":"http:\/\/www.semen-l.org\/","name":"Soci\u00e9t\u00e9 d'\u00c9tudes M\u00e9dio Et N\u00e9o-Latines","description":"","publisher":{"@id":"http:\/\/www.semen-l.org\/#organization"},"potentialAction":[{"@type":"SearchAction","target":{"@type":"EntryPoint","urlTemplate":"http:\/\/www.semen-l.org\/?s={search_term_string}"},"query-input":{"@type":"PropertyValueSpecification","valueRequired":true,"valueName":"search_term_string"}}],"inLanguage":"fr-FR"},{"@type":"Organization","@id":"http:\/\/www.semen-l.org\/#organization","name":"Soci\u00e9t\u00e9 d'\u00e9tudes m\u00e9dio et n\u00e9o-latines","url":"http:\/\/www.semen-l.org\/","logo":{"@type":"ImageObject","inLanguage":"fr-FR","@id":"http:\/\/www.semen-l.org\/#\/schema\/logo\/image\/","url":"http:\/\/www.semen-l.org\/wp-content\/uploads\/2020\/11\/logo-semenl.jpg","contentUrl":"http:\/\/www.semen-l.org\/wp-content\/uploads\/2020\/11\/logo-semenl.jpg","width":408,"height":403,"caption":"Soci\u00e9t\u00e9 d'\u00e9tudes m\u00e9dio et n\u00e9o-latines"},"image":{"@id":"http:\/\/www.semen-l.org\/#\/schema\/logo\/image\/"},"sameAs":["https:\/\/www.facebook.com\/SEMENL2018","https:\/\/independent.academia.edu\/SocitsdtudesmdioetnolatinesSEMENL"]},{"@type":"Person","@id":"http:\/\/www.semen-l.org\/#\/schema\/person\/ef5208815f17666727763c5363a51344","name":"Julien Maudoux","image":{"@type":"ImageObject","inLanguage":"fr-FR","@id":"https:\/\/secure.gravatar.com\/avatar\/caabf4fb6242e2277733cd35a5c2aa083761ea25dae1d1ff3298b54292225292?s=96&d=mm&r=g","url":"https:\/\/secure.gravatar.com\/avatar\/caabf4fb6242e2277733cd35a5c2aa083761ea25dae1d1ff3298b54292225292?s=96&d=mm&r=g","contentUrl":"https:\/\/secure.gravatar.com\/avatar\/caabf4fb6242e2277733cd35a5c2aa083761ea25dae1d1ff3298b54292225292?s=96&d=mm&r=g","caption":"Julien Maudoux"},"description":"Webmestre du site de la SEMEN-L","url":"https:\/\/www.semen-l.org\/?author=26"}]}},"jetpack_featured_media_url":"https:\/\/www.semen-l.org\/wp-content\/uploads\/2024\/02\/labrosse-montagnaise-couv.jpg","_links":{"self":[{"href":"https:\/\/www.semen-l.org\/index.php?rest_route=\/wp\/v2\/posts\/3192","targetHints":{"allow":["GET"]}}],"collection":[{"href":"https:\/\/www.semen-l.org\/index.php?rest_route=\/wp\/v2\/posts"}],"about":[{"href":"https:\/\/www.semen-l.org\/index.php?rest_route=\/wp\/v2\/types\/post"}],"author":[{"embeddable":true,"href":"https:\/\/www.semen-l.org\/index.php?rest_route=\/wp\/v2\/users\/26"}],"replies":[{"embeddable":true,"href":"https:\/\/www.semen-l.org\/index.php?rest_route=%2Fwp%2Fv2%2Fcomments&post=3192"}],"version-history":[{"count":0,"href":"https:\/\/www.semen-l.org\/index.php?rest_route=\/wp\/v2\/posts\/3192\/revisions"}],"wp:featuredmedia":[{"embeddable":true,"href":"https:\/\/www.semen-l.org\/index.php?rest_route=\/wp\/v2\/media\/3193"}],"wp:attachment":[{"href":"https:\/\/www.semen-l.org\/index.php?rest_route=%2Fwp%2Fv2%2Fmedia&parent=3192"}],"wp:term":[{"taxonomy":"category","embeddable":true,"href":"https:\/\/www.semen-l.org\/index.php?rest_route=%2Fwp%2Fv2%2Fcategories&post=3192"},{"taxonomy":"post_tag","embeddable":true,"href":"https:\/\/www.semen-l.org\/index.php?rest_route=%2Fwp%2Fv2%2Ftags&post=3192"}],"curies":[{"name":"wp","href":"https:\/\/api.w.org\/{rel}","templated":true}]}}