{"id":3180,"date":"2019-12-15T09:57:25","date_gmt":"2019-12-15T09:57:25","guid":{"rendered":"https:\/\/www.semen-l.org\/?p=3180"},"modified":"2024-02-15T10:02:50","modified_gmt":"2024-02-15T10:02:50","slug":"daniele-james-raoul-et-francoise-laurent-dir-poetiques-de-loctosyllabe-paris-champion-colloques-congres-et-conferences-sur-le-moyen-age-2018-emilie-seris","status":"publish","type":"post","link":"https:\/\/www.semen-l.org\/?p=3180","title":{"rendered":"Dani\u00e8le James-Raoul et Fran\u00e7oise Laurent (dir.), Po\u00e9tiques de l\u2019octosyllabe, Paris, Champion (Colloques, congr\u00e8s et conf\u00e9rences sur le Moyen \u00c2ge), 2018 (\u00c9milie S\u00e9ris)"},"content":{"rendered":"<h1>Dani\u00e8le James-Raoul et Fran\u00e7oise Laurent (dir.), <em>Po\u00e9tiques de l\u2019octosyllabe<\/em>, Paris, Champion (Colloques, congr\u00e8s et conf\u00e9rences sur le Moyen \u00c2ge), 2018.<\/h1>\n<h1><img fetchpriority=\"high\" decoding=\"async\" class=\"size-medium wp-image-3181 alignright\" src=\"http:\/\/www.semen-l.org\/wp-content\/uploads\/2024\/02\/poetiques-octosyllabe-couv-203x300.jpg\" alt=\"\" width=\"203\" height=\"300\" srcset=\"https:\/\/www.semen-l.org\/wp-content\/uploads\/2024\/02\/poetiques-octosyllabe-couv-203x300.jpg 203w, https:\/\/www.semen-l.org\/wp-content\/uploads\/2024\/02\/poetiques-octosyllabe-couv-136x200.jpg 136w, https:\/\/www.semen-l.org\/wp-content\/uploads\/2024\/02\/poetiques-octosyllabe-couv.jpg 458w\" sizes=\"(max-width: 203px) 100vw, 203px\" \/><\/h1>\n<p>Issues de journ\u00e9es d\u2019\u00e9tudes organis\u00e9es \u00e0 l\u2019Universit\u00e9 Bordeaux Montaigne et \u00e0 l\u2019Universit\u00e9 Clermont Auvergne en 2012 et en 2014, les vingt-deux \u00e9tudes r\u00e9unies par Dani\u00e8le James-Raoul et Fran\u00e7oise Laurent constituent un apport important dans le domaine de la m\u00e9trique m\u00e9di\u00e9vale. L\u2019ouvrage est centr\u00e9 sur un m\u00e8tre particulier, l\u2019octosyllabe, dont l\u2019apparition marque \u00e0 plusieurs \u00e9gards une v\u00e9ritable r\u00e9volution litt\u00e9raire. Il se distingue en effet \u00e0 la fois des vers latins en se fondant sur l\u2019\u00e9l\u00e9ment de la syllabe et non plus sur la quantit\u00e9 et d\u2019autres vers comme le d\u00e9casyllabe ou l\u2019alexandrin en raison de l\u2019absence de c\u00e9sure fixe. De plus, sa simplicit\u00e9 et son \u00e9vidence lui permettent de s\u2019adapter \u00e0 une grande vari\u00e9t\u00e9 de contenus didactiques ou fictionnels. Employ\u00e9 dans la chanson de geste comme dans le roman, ce m\u00e8tre est aussi au c\u0153ur de l\u2019opposition entre les pratiques de la psalmodie ou du chant et celles de la diction ou de la lecture, entre lyrisme et narration.<\/p>\n<p>Le livre est compos\u00e9 de cinq parties : il retrace d\u2019abord la gen\u00e8se de l\u2019octosyllabe des origines latines \u00e0 la naissance romane, puis analyse la mise en \u0153uvre de ce \u00ab vers \u00e0 tout faire \u00bb dans des textes vari\u00e9s et parfois atypiques (<em>Gormont et Isembart<\/em>, le <em>Roman de Rou <\/em>de Wace, le <em>Jardin de Plaisance<\/em>, <em>Lion de Bourges<\/em>), les recherches formelles et stylistiques dont il a fait l\u2019objet chez certains auteurs (<em>Roman d\u2019Eneas<\/em>, <em>Continuation <\/em>du roman de <em>Partonopeu de Blois<\/em>, <em>Registre <\/em>de Gilles le Muisit, <em>Melyador <\/em>de Jean Froissard) ainsi que ses emplois au sein des formes fixes m\u00e9di\u00e9vales et en particulier du huitain. Il s\u2019int\u00e9resse enfin \u00e0 la fortune de l\u2019octosyllabe du Moyen \u00c2ge jusqu\u2019au XX<sup>e<\/sup> si\u00e8cle dans le <em>Roman inachev\u00e9 <\/em>d\u2019Aragon ou dans la po\u00e9sie espagnole contemporaine.<\/p>\n<p>Les m\u00e9dio- et n\u00e9olatinistes seront particuli\u00e8rement sensibles aux questions soulev\u00e9es par la premi\u00e8re partie de l\u2019ouvrage sur la continuit\u00e9 et les ruptures entre la lyrique latine et l\u2019octosyllabe. Deux th\u00e8ses s\u2019affrontent \u2013 origine latine ou nordique\u2013 entre lesquelles les auteures se gardent de trancher. Si Antoine Foucher voit dans le dim\u00e8tre \u00efambique de Plaute, d\u2019Horace, de S\u00e9n\u00e8que ou d\u2019Ambroise la matrice de l\u2019octosyllabe, Michel Banniard \u00e9tablit des rapports \u00e9troits entre la versification des premiers monuments en langue d\u2019o\u00efl et la po\u00e9sie latine rythmique des VI<sup>e<\/sup>-IX<sup>e<\/sup> si\u00e8cles ainsi que la po\u00e9sie germanique de la m\u00eame p\u00e9riode et Denis H\u00fce montre l\u2019h\u00e9ritage d\u00e9terminant de la m\u00e9trique anglo-normande dans ce \u00ab groupe de seize syllabes comportant une rime int\u00e9rieure \u00bb que forme le couplet d\u2019octosyllabes. Elargissant la question de la po\u00e9tique de l\u2019octosyllabe au style et non seulement aux consid\u00e9rations sur la m\u00e9trique, Florent Rouill\u00e9 confirme cependant l\u2019influence de l\u2019art po\u00e9tique horatien sur l\u2019\u00e9criture des romans en octosyllabes adapt\u00e9s du latin tel le <em>Roman de Th\u00e8bes<\/em>, une transmission dont t\u00e9moignent les trait\u00e9s m\u00e9dio-latins du XI<sup>e<\/sup> et du XII<sup>e<\/sup> si\u00e8cle.<\/p>\n<p>Ce recueil, par la diversit\u00e9 des approches et des textes \u00e9tudi\u00e9s, passionnera tous les sp\u00e9cialistes de po\u00e9sie.<\/p>\n<p><strong>\u00c9milie S\u00e9ris (Sorbonne Universit\u00e9 Lettres)<\/strong><\/p>\n<p>Cette recension a \u00e9t\u00e9 publi\u00e9e dans le<a href=\"https:\/\/www.semen-l.org\/?p=2848\"> Bulletin de liaison n\u00b017 (2019) de la SEMEN-L<\/a> (p. 43-44).<\/p>\n","protected":false},"excerpt":{"rendered":"<p>Dani\u00e8le James-Raoul et Fran\u00e7oise Laurent (dir.), Po\u00e9tiques de l\u2019octosyllabe, Paris, Champion (Colloques, congr\u00e8s et conf\u00e9rences sur le Moyen \u00c2ge), 2018. Issues de journ\u00e9es d\u2019\u00e9tudes organis\u00e9es \u00e0 l\u2019Universit\u00e9 Bordeaux Montaigne et \u00e0 l\u2019Universit\u00e9 Clermont Auvergne en 2012 et en 2014, les &hellip; <a href=\"https:\/\/www.semen-l.org\/?p=3180\">Continuer la lecture <span class=\"meta-nav\">&rarr;<\/span><\/a><\/p>\n","protected":false},"author":26,"featured_media":3181,"comment_status":"open","ping_status":"open","sticky":false,"template":"","format":"standard","meta":{"footnotes":""},"categories":[1825],"tags":[2006,2012,1392,2007,2009,52,2010,62,261,1217,2005,95,26,82,2011,2008,104,267],"class_list":["post-3180","post","type-post","status-publish","format-standard","has-post-thumbnail","hentry","category-recensions","tag-ambroise-de-milan","tag-cesure","tag-chant","tag-dimetre-iambique","tag-forme-fixe","tag-horace","tag-huitain","tag-lyrisme","tag-metrique","tag-narration","tag-octosyllabe","tag-plaute","tag-poesie","tag-poetique","tag-psalmodie","tag-roman-de-thebes","tag-seneque","tag-stylistique"],"yoast_head":"<!-- This site is optimized with the Yoast SEO plugin v27.5 - https:\/\/yoast.com\/product\/yoast-seo-wordpress\/ -->\n<title>Dani\u00e8le James-Raoul et Fran\u00e7oise Laurent (dir.), Po\u00e9tiques de l\u2019octosyllabe, Paris, Champion (Colloques, congr\u00e8s et conf\u00e9rences sur le Moyen \u00c2ge), 2018 (\u00c9milie S\u00e9ris) - Soci\u00e9t\u00e9 d&#039;\u00c9tudes M\u00e9dio Et N\u00e9o-Latines<\/title>\n<meta name=\"robots\" content=\"index, follow, max-snippet:-1, max-image-preview:large, max-video-preview:-1\" \/>\n<link rel=\"canonical\" href=\"http:\/\/www.semen-l.org\/?p=3180\" \/>\n<meta property=\"og:locale\" content=\"fr_FR\" \/>\n<meta property=\"og:type\" content=\"article\" \/>\n<meta property=\"og:title\" content=\"Dani\u00e8le James-Raoul et Fran\u00e7oise Laurent (dir.), Po\u00e9tiques de l\u2019octosyllabe, Paris, Champion (Colloques, congr\u00e8s et conf\u00e9rences sur le Moyen \u00c2ge), 2018 (\u00c9milie S\u00e9ris) - Soci\u00e9t\u00e9 d&#039;\u00c9tudes M\u00e9dio Et N\u00e9o-Latines\" \/>\n<meta property=\"og:description\" content=\"Dani\u00e8le James-Raoul et Fran\u00e7oise Laurent (dir.), Po\u00e9tiques de l\u2019octosyllabe, Paris, Champion (Colloques, congr\u00e8s et conf\u00e9rences sur le Moyen \u00c2ge), 2018. Issues de journ\u00e9es d\u2019\u00e9tudes organis\u00e9es \u00e0 l\u2019Universit\u00e9 Bordeaux Montaigne et \u00e0 l\u2019Universit\u00e9 Clermont Auvergne en 2012 et en 2014, les &hellip; Continuer la lecture &rarr;\" \/>\n<meta property=\"og:url\" content=\"http:\/\/www.semen-l.org\/?p=3180\" \/>\n<meta property=\"og:site_name\" content=\"Soci\u00e9t\u00e9 d&#039;\u00c9tudes M\u00e9dio Et N\u00e9o-Latines\" \/>\n<meta property=\"article:publisher\" content=\"https:\/\/www.facebook.com\/SEMENL2018\" \/>\n<meta property=\"article:published_time\" content=\"2019-12-15T09:57:25+00:00\" \/>\n<meta property=\"article:modified_time\" content=\"2024-02-15T10:02:50+00:00\" \/>\n<meta property=\"og:image\" content=\"http:\/\/www.semen-l.org\/wp-content\/uploads\/2024\/02\/poetiques-octosyllabe-couv.jpg\" \/>\n\t<meta property=\"og:image:width\" content=\"458\" \/>\n\t<meta property=\"og:image:height\" content=\"676\" \/>\n\t<meta property=\"og:image:type\" content=\"image\/jpeg\" \/>\n<meta name=\"author\" content=\"Julien Maudoux\" \/>\n<meta name=\"twitter:card\" content=\"summary_large_image\" \/>\n<meta name=\"twitter:label1\" content=\"\u00c9crit par\" \/>\n\t<meta name=\"twitter:data1\" content=\"Julien Maudoux\" \/>\n\t<meta name=\"twitter:label2\" content=\"Dur\u00e9e de lecture estim\u00e9e\" \/>\n\t<meta name=\"twitter:data2\" content=\"4 minutes\" \/>\n<script type=\"application\/ld+json\" class=\"yoast-schema-graph\">{\"@context\":\"https:\\\/\\\/schema.org\",\"@graph\":[{\"@type\":\"Article\",\"@id\":\"http:\\\/\\\/www.semen-l.org\\\/?p=3180#article\",\"isPartOf\":{\"@id\":\"http:\\\/\\\/www.semen-l.org\\\/?p=3180\"},\"author\":{\"name\":\"Julien Maudoux\",\"@id\":\"http:\\\/\\\/www.semen-l.org\\\/#\\\/schema\\\/person\\\/ef5208815f17666727763c5363a51344\"},\"headline\":\"Dani\u00e8le James-Raoul et Fran\u00e7oise Laurent (dir.), Po\u00e9tiques de l\u2019octosyllabe, Paris, Champion (Colloques, congr\u00e8s et conf\u00e9rences sur le Moyen \u00c2ge), 2018 (\u00c9milie S\u00e9ris)\",\"datePublished\":\"2019-12-15T09:57:25+00:00\",\"dateModified\":\"2024-02-15T10:02:50+00:00\",\"mainEntityOfPage\":{\"@id\":\"http:\\\/\\\/www.semen-l.org\\\/?p=3180\"},\"wordCount\":632,\"commentCount\":0,\"publisher\":{\"@id\":\"http:\\\/\\\/www.semen-l.org\\\/#organization\"},\"image\":{\"@id\":\"http:\\\/\\\/www.semen-l.org\\\/?p=3180#primaryimage\"},\"thumbnailUrl\":\"https:\\\/\\\/www.semen-l.org\\\/wp-content\\\/uploads\\\/2024\\\/02\\\/poetiques-octosyllabe-couv.jpg\",\"keywords\":[\"Ambroise de Milan\",\"c\u00e9sure\",\"chant\",\"dim\u00e8tre iambique\",\"forme fixe\",\"Horace\",\"huitain\",\"lyrisme\",\"m\u00e9trique\",\"narration\",\"octosyllabe\",\"Plaute\",\"po\u00e9sie\",\"po\u00e9tique\",\"psalmodie\",\"Roman de Th\u00e8bes\",\"S\u00e9n\u00e8que\",\"stylistique\"],\"articleSection\":[\"Recensions\"],\"inLanguage\":\"fr-FR\",\"potentialAction\":[{\"@type\":\"CommentAction\",\"name\":\"Comment\",\"target\":[\"http:\\\/\\\/www.semen-l.org\\\/?p=3180#respond\"]}]},{\"@type\":\"WebPage\",\"@id\":\"http:\\\/\\\/www.semen-l.org\\\/?p=3180\",\"url\":\"http:\\\/\\\/www.semen-l.org\\\/?p=3180\",\"name\":\"Dani\u00e8le James-Raoul et Fran\u00e7oise Laurent (dir.), Po\u00e9tiques de l\u2019octosyllabe, Paris, Champion (Colloques, congr\u00e8s et conf\u00e9rences sur le Moyen \u00c2ge), 2018 (\u00c9milie S\u00e9ris) - Soci\u00e9t\u00e9 d&#039;\u00c9tudes M\u00e9dio Et N\u00e9o-Latines\",\"isPartOf\":{\"@id\":\"http:\\\/\\\/www.semen-l.org\\\/#website\"},\"primaryImageOfPage\":{\"@id\":\"http:\\\/\\\/www.semen-l.org\\\/?p=3180#primaryimage\"},\"image\":{\"@id\":\"http:\\\/\\\/www.semen-l.org\\\/?p=3180#primaryimage\"},\"thumbnailUrl\":\"https:\\\/\\\/www.semen-l.org\\\/wp-content\\\/uploads\\\/2024\\\/02\\\/poetiques-octosyllabe-couv.jpg\",\"datePublished\":\"2019-12-15T09:57:25+00:00\",\"dateModified\":\"2024-02-15T10:02:50+00:00\",\"breadcrumb\":{\"@id\":\"http:\\\/\\\/www.semen-l.org\\\/?p=3180#breadcrumb\"},\"inLanguage\":\"fr-FR\",\"potentialAction\":[{\"@type\":\"ReadAction\",\"target\":[\"http:\\\/\\\/www.semen-l.org\\\/?p=3180\"]}]},{\"@type\":\"ImageObject\",\"inLanguage\":\"fr-FR\",\"@id\":\"http:\\\/\\\/www.semen-l.org\\\/?p=3180#primaryimage\",\"url\":\"https:\\\/\\\/www.semen-l.org\\\/wp-content\\\/uploads\\\/2024\\\/02\\\/poetiques-octosyllabe-couv.jpg\",\"contentUrl\":\"https:\\\/\\\/www.semen-l.org\\\/wp-content\\\/uploads\\\/2024\\\/02\\\/poetiques-octosyllabe-couv.jpg\",\"width\":458,\"height\":676},{\"@type\":\"BreadcrumbList\",\"@id\":\"http:\\\/\\\/www.semen-l.org\\\/?p=3180#breadcrumb\",\"itemListElement\":[{\"@type\":\"ListItem\",\"position\":1,\"name\":\"Accueil\",\"item\":\"http:\\\/\\\/www.semen-l.org\\\/\"},{\"@type\":\"ListItem\",\"position\":2,\"name\":\"Dani\u00e8le James-Raoul et Fran\u00e7oise Laurent (dir.), Po\u00e9tiques de l\u2019octosyllabe, Paris, Champion (Colloques, congr\u00e8s et conf\u00e9rences sur le Moyen \u00c2ge), 2018 (\u00c9milie S\u00e9ris)\"}]},{\"@type\":\"WebSite\",\"@id\":\"http:\\\/\\\/www.semen-l.org\\\/#website\",\"url\":\"http:\\\/\\\/www.semen-l.org\\\/\",\"name\":\"Soci\u00e9t\u00e9 d'\u00c9tudes M\u00e9dio Et N\u00e9o-Latines\",\"description\":\"\",\"publisher\":{\"@id\":\"http:\\\/\\\/www.semen-l.org\\\/#organization\"},\"potentialAction\":[{\"@type\":\"SearchAction\",\"target\":{\"@type\":\"EntryPoint\",\"urlTemplate\":\"http:\\\/\\\/www.semen-l.org\\\/?s={search_term_string}\"},\"query-input\":{\"@type\":\"PropertyValueSpecification\",\"valueRequired\":true,\"valueName\":\"search_term_string\"}}],\"inLanguage\":\"fr-FR\"},{\"@type\":\"Organization\",\"@id\":\"http:\\\/\\\/www.semen-l.org\\\/#organization\",\"name\":\"Soci\u00e9t\u00e9 d'\u00e9tudes m\u00e9dio et n\u00e9o-latines\",\"url\":\"http:\\\/\\\/www.semen-l.org\\\/\",\"logo\":{\"@type\":\"ImageObject\",\"inLanguage\":\"fr-FR\",\"@id\":\"http:\\\/\\\/www.semen-l.org\\\/#\\\/schema\\\/logo\\\/image\\\/\",\"url\":\"http:\\\/\\\/www.semen-l.org\\\/wp-content\\\/uploads\\\/2020\\\/11\\\/logo-semenl.jpg\",\"contentUrl\":\"http:\\\/\\\/www.semen-l.org\\\/wp-content\\\/uploads\\\/2020\\\/11\\\/logo-semenl.jpg\",\"width\":408,\"height\":403,\"caption\":\"Soci\u00e9t\u00e9 d'\u00e9tudes m\u00e9dio et n\u00e9o-latines\"},\"image\":{\"@id\":\"http:\\\/\\\/www.semen-l.org\\\/#\\\/schema\\\/logo\\\/image\\\/\"},\"sameAs\":[\"https:\\\/\\\/www.facebook.com\\\/SEMENL2018\",\"https:\\\/\\\/independent.academia.edu\\\/SocitsdtudesmdioetnolatinesSEMENL\"]},{\"@type\":\"Person\",\"@id\":\"http:\\\/\\\/www.semen-l.org\\\/#\\\/schema\\\/person\\\/ef5208815f17666727763c5363a51344\",\"name\":\"Julien Maudoux\",\"image\":{\"@type\":\"ImageObject\",\"inLanguage\":\"fr-FR\",\"@id\":\"https:\\\/\\\/secure.gravatar.com\\\/avatar\\\/caabf4fb6242e2277733cd35a5c2aa083761ea25dae1d1ff3298b54292225292?s=96&d=mm&r=g\",\"url\":\"https:\\\/\\\/secure.gravatar.com\\\/avatar\\\/caabf4fb6242e2277733cd35a5c2aa083761ea25dae1d1ff3298b54292225292?s=96&d=mm&r=g\",\"contentUrl\":\"https:\\\/\\\/secure.gravatar.com\\\/avatar\\\/caabf4fb6242e2277733cd35a5c2aa083761ea25dae1d1ff3298b54292225292?s=96&d=mm&r=g\",\"caption\":\"Julien Maudoux\"},\"description\":\"Webmestre du site de la SEMEN-L\",\"url\":\"https:\\\/\\\/www.semen-l.org\\\/?author=26\"}]}<\/script>\n<!-- \/ Yoast SEO plugin. -->","yoast_head_json":{"title":"Dani\u00e8le James-Raoul et Fran\u00e7oise Laurent (dir.), Po\u00e9tiques de l\u2019octosyllabe, Paris, Champion (Colloques, congr\u00e8s et conf\u00e9rences sur le Moyen \u00c2ge), 2018 (\u00c9milie S\u00e9ris) - Soci\u00e9t\u00e9 d&#039;\u00c9tudes M\u00e9dio Et N\u00e9o-Latines","robots":{"index":"index","follow":"follow","max-snippet":"max-snippet:-1","max-image-preview":"max-image-preview:large","max-video-preview":"max-video-preview:-1"},"canonical":"http:\/\/www.semen-l.org\/?p=3180","og_locale":"fr_FR","og_type":"article","og_title":"Dani\u00e8le James-Raoul et Fran\u00e7oise Laurent (dir.), Po\u00e9tiques de l\u2019octosyllabe, Paris, Champion (Colloques, congr\u00e8s et conf\u00e9rences sur le Moyen \u00c2ge), 2018 (\u00c9milie S\u00e9ris) - Soci\u00e9t\u00e9 d&#039;\u00c9tudes M\u00e9dio Et N\u00e9o-Latines","og_description":"Dani\u00e8le James-Raoul et Fran\u00e7oise Laurent (dir.), Po\u00e9tiques de l\u2019octosyllabe, Paris, Champion (Colloques, congr\u00e8s et conf\u00e9rences sur le Moyen \u00c2ge), 2018. Issues de journ\u00e9es d\u2019\u00e9tudes organis\u00e9es \u00e0 l\u2019Universit\u00e9 Bordeaux Montaigne et \u00e0 l\u2019Universit\u00e9 Clermont Auvergne en 2012 et en 2014, les &hellip; Continuer la lecture &rarr;","og_url":"http:\/\/www.semen-l.org\/?p=3180","og_site_name":"Soci\u00e9t\u00e9 d&#039;\u00c9tudes M\u00e9dio Et N\u00e9o-Latines","article_publisher":"https:\/\/www.facebook.com\/SEMENL2018","article_published_time":"2019-12-15T09:57:25+00:00","article_modified_time":"2024-02-15T10:02:50+00:00","og_image":[{"width":458,"height":676,"url":"http:\/\/www.semen-l.org\/wp-content\/uploads\/2024\/02\/poetiques-octosyllabe-couv.jpg","type":"image\/jpeg"}],"author":"Julien Maudoux","twitter_card":"summary_large_image","twitter_misc":{"\u00c9crit par":"Julien Maudoux","Dur\u00e9e de lecture estim\u00e9e":"4 minutes"},"schema":{"@context":"https:\/\/schema.org","@graph":[{"@type":"Article","@id":"http:\/\/www.semen-l.org\/?p=3180#article","isPartOf":{"@id":"http:\/\/www.semen-l.org\/?p=3180"},"author":{"name":"Julien Maudoux","@id":"http:\/\/www.semen-l.org\/#\/schema\/person\/ef5208815f17666727763c5363a51344"},"headline":"Dani\u00e8le James-Raoul et Fran\u00e7oise Laurent (dir.), Po\u00e9tiques de l\u2019octosyllabe, Paris, Champion (Colloques, congr\u00e8s et conf\u00e9rences sur le Moyen \u00c2ge), 2018 (\u00c9milie S\u00e9ris)","datePublished":"2019-12-15T09:57:25+00:00","dateModified":"2024-02-15T10:02:50+00:00","mainEntityOfPage":{"@id":"http:\/\/www.semen-l.org\/?p=3180"},"wordCount":632,"commentCount":0,"publisher":{"@id":"http:\/\/www.semen-l.org\/#organization"},"image":{"@id":"http:\/\/www.semen-l.org\/?p=3180#primaryimage"},"thumbnailUrl":"https:\/\/www.semen-l.org\/wp-content\/uploads\/2024\/02\/poetiques-octosyllabe-couv.jpg","keywords":["Ambroise de Milan","c\u00e9sure","chant","dim\u00e8tre iambique","forme fixe","Horace","huitain","lyrisme","m\u00e9trique","narration","octosyllabe","Plaute","po\u00e9sie","po\u00e9tique","psalmodie","Roman de Th\u00e8bes","S\u00e9n\u00e8que","stylistique"],"articleSection":["Recensions"],"inLanguage":"fr-FR","potentialAction":[{"@type":"CommentAction","name":"Comment","target":["http:\/\/www.semen-l.org\/?p=3180#respond"]}]},{"@type":"WebPage","@id":"http:\/\/www.semen-l.org\/?p=3180","url":"http:\/\/www.semen-l.org\/?p=3180","name":"Dani\u00e8le James-Raoul et Fran\u00e7oise Laurent (dir.), Po\u00e9tiques de l\u2019octosyllabe, Paris, Champion (Colloques, congr\u00e8s et conf\u00e9rences sur le Moyen \u00c2ge), 2018 (\u00c9milie S\u00e9ris) - Soci\u00e9t\u00e9 d&#039;\u00c9tudes M\u00e9dio Et N\u00e9o-Latines","isPartOf":{"@id":"http:\/\/www.semen-l.org\/#website"},"primaryImageOfPage":{"@id":"http:\/\/www.semen-l.org\/?p=3180#primaryimage"},"image":{"@id":"http:\/\/www.semen-l.org\/?p=3180#primaryimage"},"thumbnailUrl":"https:\/\/www.semen-l.org\/wp-content\/uploads\/2024\/02\/poetiques-octosyllabe-couv.jpg","datePublished":"2019-12-15T09:57:25+00:00","dateModified":"2024-02-15T10:02:50+00:00","breadcrumb":{"@id":"http:\/\/www.semen-l.org\/?p=3180#breadcrumb"},"inLanguage":"fr-FR","potentialAction":[{"@type":"ReadAction","target":["http:\/\/www.semen-l.org\/?p=3180"]}]},{"@type":"ImageObject","inLanguage":"fr-FR","@id":"http:\/\/www.semen-l.org\/?p=3180#primaryimage","url":"https:\/\/www.semen-l.org\/wp-content\/uploads\/2024\/02\/poetiques-octosyllabe-couv.jpg","contentUrl":"https:\/\/www.semen-l.org\/wp-content\/uploads\/2024\/02\/poetiques-octosyllabe-couv.jpg","width":458,"height":676},{"@type":"BreadcrumbList","@id":"http:\/\/www.semen-l.org\/?p=3180#breadcrumb","itemListElement":[{"@type":"ListItem","position":1,"name":"Accueil","item":"http:\/\/www.semen-l.org\/"},{"@type":"ListItem","position":2,"name":"Dani\u00e8le James-Raoul et Fran\u00e7oise Laurent (dir.), Po\u00e9tiques de l\u2019octosyllabe, Paris, Champion (Colloques, congr\u00e8s et conf\u00e9rences sur le Moyen \u00c2ge), 2018 (\u00c9milie S\u00e9ris)"}]},{"@type":"WebSite","@id":"http:\/\/www.semen-l.org\/#website","url":"http:\/\/www.semen-l.org\/","name":"Soci\u00e9t\u00e9 d'\u00c9tudes M\u00e9dio Et N\u00e9o-Latines","description":"","publisher":{"@id":"http:\/\/www.semen-l.org\/#organization"},"potentialAction":[{"@type":"SearchAction","target":{"@type":"EntryPoint","urlTemplate":"http:\/\/www.semen-l.org\/?s={search_term_string}"},"query-input":{"@type":"PropertyValueSpecification","valueRequired":true,"valueName":"search_term_string"}}],"inLanguage":"fr-FR"},{"@type":"Organization","@id":"http:\/\/www.semen-l.org\/#organization","name":"Soci\u00e9t\u00e9 d'\u00e9tudes m\u00e9dio et n\u00e9o-latines","url":"http:\/\/www.semen-l.org\/","logo":{"@type":"ImageObject","inLanguage":"fr-FR","@id":"http:\/\/www.semen-l.org\/#\/schema\/logo\/image\/","url":"http:\/\/www.semen-l.org\/wp-content\/uploads\/2020\/11\/logo-semenl.jpg","contentUrl":"http:\/\/www.semen-l.org\/wp-content\/uploads\/2020\/11\/logo-semenl.jpg","width":408,"height":403,"caption":"Soci\u00e9t\u00e9 d'\u00e9tudes m\u00e9dio et n\u00e9o-latines"},"image":{"@id":"http:\/\/www.semen-l.org\/#\/schema\/logo\/image\/"},"sameAs":["https:\/\/www.facebook.com\/SEMENL2018","https:\/\/independent.academia.edu\/SocitsdtudesmdioetnolatinesSEMENL"]},{"@type":"Person","@id":"http:\/\/www.semen-l.org\/#\/schema\/person\/ef5208815f17666727763c5363a51344","name":"Julien Maudoux","image":{"@type":"ImageObject","inLanguage":"fr-FR","@id":"https:\/\/secure.gravatar.com\/avatar\/caabf4fb6242e2277733cd35a5c2aa083761ea25dae1d1ff3298b54292225292?s=96&d=mm&r=g","url":"https:\/\/secure.gravatar.com\/avatar\/caabf4fb6242e2277733cd35a5c2aa083761ea25dae1d1ff3298b54292225292?s=96&d=mm&r=g","contentUrl":"https:\/\/secure.gravatar.com\/avatar\/caabf4fb6242e2277733cd35a5c2aa083761ea25dae1d1ff3298b54292225292?s=96&d=mm&r=g","caption":"Julien Maudoux"},"description":"Webmestre du site de la SEMEN-L","url":"https:\/\/www.semen-l.org\/?author=26"}]}},"jetpack_featured_media_url":"https:\/\/www.semen-l.org\/wp-content\/uploads\/2024\/02\/poetiques-octosyllabe-couv.jpg","_links":{"self":[{"href":"https:\/\/www.semen-l.org\/index.php?rest_route=\/wp\/v2\/posts\/3180","targetHints":{"allow":["GET"]}}],"collection":[{"href":"https:\/\/www.semen-l.org\/index.php?rest_route=\/wp\/v2\/posts"}],"about":[{"href":"https:\/\/www.semen-l.org\/index.php?rest_route=\/wp\/v2\/types\/post"}],"author":[{"embeddable":true,"href":"https:\/\/www.semen-l.org\/index.php?rest_route=\/wp\/v2\/users\/26"}],"replies":[{"embeddable":true,"href":"https:\/\/www.semen-l.org\/index.php?rest_route=%2Fwp%2Fv2%2Fcomments&post=3180"}],"version-history":[{"count":0,"href":"https:\/\/www.semen-l.org\/index.php?rest_route=\/wp\/v2\/posts\/3180\/revisions"}],"wp:featuredmedia":[{"embeddable":true,"href":"https:\/\/www.semen-l.org\/index.php?rest_route=\/wp\/v2\/media\/3181"}],"wp:attachment":[{"href":"https:\/\/www.semen-l.org\/index.php?rest_route=%2Fwp%2Fv2%2Fmedia&parent=3180"}],"wp:term":[{"taxonomy":"category","embeddable":true,"href":"https:\/\/www.semen-l.org\/index.php?rest_route=%2Fwp%2Fv2%2Fcategories&post=3180"},{"taxonomy":"post_tag","embeddable":true,"href":"https:\/\/www.semen-l.org\/index.php?rest_route=%2Fwp%2Fv2%2Ftags&post=3180"}],"curies":[{"name":"wp","href":"https:\/\/api.w.org\/{rel}","templated":true}]}}