{"id":3171,"date":"2019-12-15T09:44:11","date_gmt":"2019-12-15T09:44:11","guid":{"rendered":"https:\/\/www.semen-l.org\/?p=3171"},"modified":"2024-02-15T09:49:50","modified_gmt":"2024-02-15T09:49:50","slug":"florence-vuilleumier-laurens-luniversite-la-robe-et-la-librairie-a-paris-claude-mignault-et-le-syntagma-de-symbolis-1571-1602-geneve-droz-travaux-dhumanisme-et-renaiss","status":"publish","type":"post","link":"https:\/\/www.semen-l.org\/?p=3171","title":{"rendered":"Florence Vuilleumier Laurens, L\u2019Universit\u00e9, la robe et la librairie \u00e0 Paris. Claude Mignault et le Syntagma de symbolis (1571-1602), Gen\u00e8ve, Droz, \u00ab Travaux d\u2019Humanisme et Renaissance \u00bb, 2017 (Laurence Boul\u00e8gue)"},"content":{"rendered":"<p><img fetchpriority=\"high\" decoding=\"async\" class=\"alignright size-medium wp-image-3172\" src=\"http:\/\/www.semen-l.org\/wp-content\/uploads\/2024\/02\/syntagma-couv-217x300.jpg\" alt=\"\" width=\"217\" height=\"300\" srcset=\"https:\/\/www.semen-l.org\/wp-content\/uploads\/2024\/02\/syntagma-couv-217x300.jpg 217w, https:\/\/www.semen-l.org\/wp-content\/uploads\/2024\/02\/syntagma-couv-144x200.jpg 144w, https:\/\/www.semen-l.org\/wp-content\/uploads\/2024\/02\/syntagma-couv.jpg 433w\" sizes=\"(max-width: 217px) 100vw, 217px\" \/><\/p>\n<p><strong>Florence Vuilleumier Laurens, <\/strong><strong><em>L\u2019Universit\u00e9, la robe et la librairie \u00e0 Paris. Claude Mignault et le <\/em><\/strong><strong>Syntagma<\/strong> <strong>de<\/strong> <strong>symbolis<\/strong> <strong>(1571-1602),<\/strong> <strong>Gen\u00e8ve,<\/strong> <strong>Droz, \u00ab Travaux d\u2019Humanisme et Renaissance \u00bb, 2017, 329 p., 49 \u20ac.<\/strong><\/p>\n<p>Consacr\u00e9 au <em>Trait\u00e9 des symboles <\/em>de Claude Mignault, l\u2019ouvrage de Florence Vuilleumier Laurens comble une lacune importante \u00e0 la fois dans le champ des \u00e9tudes consacr\u00e9es \u00e0 l\u2019\u0153uvre de l\u2019auteur lui-m\u00eame et dans celui consacr\u00e9 aux <em>Embl\u00e8mes <\/em>d\u2019Alciat, dont le brillant commentaire de Mignault est pourtant bien connu, sans que la c\u00e9l\u00e8bre pr\u00e9face <em>Syntagma de symbolis <\/em>ait pourtant fait l\u2019objet d\u2019une traduction fran\u00e7aise et d\u2019une v\u00e9ritable histoire. C\u2019est chose faite d\u00e9sormais gr\u00e2ce \u00e0 la premi\u00e8re \u00e9dition et traduction en langue fran\u00e7aise de ce texte, pr\u00e9face des \u00e9ditions des <em>Emblemata <\/em>depuis 1571, mais plusieurs fois remis sur l\u2019ouvrage et augment\u00e9 par le commentateur. Le travail sur le texte est fond\u00e9 sur l\u2019\u00e9dition aboutie et d\u00e9finitive de 1602, mais aussi sur la consultation des quatre \u00e9ditions pr\u00e9c\u00e9dentes (1571, 1573, 1577, 1581), des deux versions de 1584 (version <em>compendiosa <\/em>et version latino- fran\u00e7aise abr\u00e9g\u00e9e) et des modifications ou ajouts apport\u00e9s par les \u00e9ditons de 1577 et 1621. C\u2019est ce minutieux travail philologique &#8211; accompagn\u00e9 d\u2019une \u00e9l\u00e9gante traduction en regard du texte latin &#8211; qui a permis d\u2019approfondir l\u2019histoire du texte et de sa composition, de 1571 \u00e0 1602, \u00e9tudi\u00e9e dans la vaste \u00e9tude introductive (p. 7-152). L\u2019ouvrage est compl\u00e9t\u00e9 par un <em>Index nominum <\/em>tr\u00e8s complet et diverses annexes pr\u00e9sentant notamment les autres pi\u00e8ces liminaires de l\u2019auteur.<\/p>\n<p>L\u2019\u00e9tude de Florence Vuilleumier Laurens montre le lien \u00e9troit, chez Mignault, entre la th\u00e9orie de l\u2019embl\u00e8me et de l\u2019all\u00e9gorie, son enseignement acad\u00e9mique et son parcours dans les milieux de l\u2019\u00e9dition et des juristes en d\u00e9veloppant quatre aspects de la carri\u00e8re de l\u2019auteur et du d\u00e9veloppement d\u2019un genre autour et \u00e0 partir de l\u2019embl\u00e8me. La premi\u00e8re partie est consacr\u00e9e au parcours de formation de Mignault jusqu\u2019\u00e0 son entr\u00e9e \u00e0 l\u2019Universit\u00e9 qui co\u00efncide avec la premi\u00e8re version des commentaires et du <em>Syntagma de symbolis<\/em>. La deuxi\u00e8me partie \u00e9tudie l\u2019\u00e9volution de la th\u00e9orie et de la pratique du commentaire humaniste de Landino, Politien, Juste Lipse, jusqu\u2019\u00e0 Pierre de la Ram\u00e9e, \u00e9clairant la conception expos\u00e9e dans le <em>Syntagma de symbolis<\/em>, en particulier celle de l\u2019all\u00e9gorie, pr\u00e9c\u00e9dant et pr\u00e9parant ainsi, dans un troisi\u00e8me temps, l\u2019analyse de la pr\u00e9face elle-m\u00eame et de ses diff\u00e9rentes strates de composition, n\u0153ud et r\u00e9sultat de l\u2019enqu\u00eate philologique ici men\u00e9e avec rigueur, qui \u00e9claire la collaboration entre Mignault et Plantin de 1573 \u00e0 1581 et l\u2019\u00e9volution de la simple pr\u00e9face initiale en un trait\u00e9 fondateur pour toute l\u2019Europe de la fin du XVI<sup>e<\/sup> si\u00e8cle et du XVII<sup>e<\/sup> si\u00e8cle, s\u00e9duite par le symbole, l\u2019embl\u00e8me, l\u2019\u00e9nigme. La quatri\u00e8me partie offre une analyse des \u00ab enjeux th\u00e9oriques du <em>Syntagma <\/em>\u00bb et de la cr\u00e9ation par l\u2019auteur d\u2019un genre r\u00e9unissant les diverses formes, antiques et modernes, qui dessinent le champ du symbolique, fond\u00e9 sur le mod\u00e8le pythagoricien pour aboutir aux premi\u00e8res devises royales.<\/p>\n<p>La lecture du trait\u00e9 de Mignault et la remarquable \u00e9tude qu\u2019en fait Florence Vuilleumier Laurens entra\u00eenent le lecteur dans un monde \u00e0 la fois connu \u2013 celui du commentaire humaniste au sens large \u2013 et \u00e9nigmatique \u2013 celui- l\u00e0 m\u00eame qui fascine aussi Mignault et l\u2019emm\u00e8ne \u00e0 d\u00e9finir un nouveau champ philologique.<\/p>\n<p>Laurence Boul\u00e8gue (UPJV)<\/p>\n<p>Cette recension a \u00e9t\u00e9 publi\u00e9e dans le<a href=\"https:\/\/www.semen-l.org\/?p=2848\"> Bulletin de liaison n\u00b017 (2019) de la SEMEN-L<\/a> (p. 42-43).<\/p>\n","protected":false},"excerpt":{"rendered":"<p>Florence Vuilleumier Laurens, L\u2019Universit\u00e9, la robe et la librairie \u00e0 Paris. Claude Mignault et le Syntagma de symbolis (1571-1602), Gen\u00e8ve, Droz, \u00ab Travaux d\u2019Humanisme et Renaissance \u00bb, 2017, 329 p., 49 \u20ac. Consacr\u00e9 au Trait\u00e9 des symboles de Claude Mignault, &hellip; <a href=\"https:\/\/www.semen-l.org\/?p=3171\">Continuer la lecture <span class=\"meta-nav\">&rarr;<\/span><\/a><\/p>\n","protected":false},"author":26,"featured_media":3172,"comment_status":"open","ping_status":"open","sticky":false,"template":"","format":"standard","meta":{"footnotes":""},"categories":[1825],"tags":[213,81,823,352,470,144,675,692,1996,674,1995],"class_list":["post-3171","post","type-post","status-publish","format-standard","has-post-thumbnail","hentry","category-recensions","tag-allegorie","tag-commentaire","tag-droit","tag-embleme","tag-emblemes-les","tag-humanisme","tag-mignault-claude","tag-philologie","tag-pythagore","tag-syntagma-de-symbolis-1571-1602","tag-universite"],"yoast_head":"<!-- This site is optimized with the Yoast SEO plugin v27.5 - https:\/\/yoast.com\/product\/yoast-seo-wordpress\/ -->\n<title>Florence Vuilleumier Laurens, L\u2019Universit\u00e9, la robe et la librairie \u00e0 Paris. Claude Mignault et le Syntagma de symbolis (1571-1602), Gen\u00e8ve, Droz, \u00ab Travaux d\u2019Humanisme et Renaissance \u00bb, 2017 (Laurence Boul\u00e8gue) - Soci\u00e9t\u00e9 d&#039;\u00c9tudes M\u00e9dio Et N\u00e9o-Latines<\/title>\n<meta name=\"description\" content=\"Recension par Laurence Boul\u00e8gue de l&#039;ouvrage de Florence Vuilleumier Laurens, L\u2019Universit\u00e9, la robe et la librairie \u00e0 Paris. Claude Mignault et le Syntagma de symbolis, pour la SEMEN-L.\" \/>\n<meta name=\"robots\" content=\"index, follow, max-snippet:-1, max-image-preview:large, max-video-preview:-1\" \/>\n<link rel=\"canonical\" href=\"http:\/\/www.semen-l.org\/?p=3171\" \/>\n<meta property=\"og:locale\" content=\"fr_FR\" \/>\n<meta property=\"og:type\" content=\"article\" \/>\n<meta property=\"og:title\" content=\"Florence Vuilleumier Laurens, L\u2019Universit\u00e9, la robe et la librairie \u00e0 Paris. Claude Mignault et le Syntagma de symbolis (1571-1602), Gen\u00e8ve, Droz, \u00ab Travaux d\u2019Humanisme et Renaissance \u00bb, 2017 (Laurence Boul\u00e8gue) - Soci\u00e9t\u00e9 d&#039;\u00c9tudes M\u00e9dio Et N\u00e9o-Latines\" \/>\n<meta property=\"og:description\" content=\"Recension par Laurence Boul\u00e8gue de l&#039;ouvrage de Florence Vuilleumier Laurens, L\u2019Universit\u00e9, la robe et la librairie \u00e0 Paris. Claude Mignault et le Syntagma de symbolis, pour la SEMEN-L.\" \/>\n<meta property=\"og:url\" content=\"http:\/\/www.semen-l.org\/?p=3171\" \/>\n<meta property=\"og:site_name\" content=\"Soci\u00e9t\u00e9 d&#039;\u00c9tudes M\u00e9dio Et N\u00e9o-Latines\" \/>\n<meta property=\"article:publisher\" content=\"https:\/\/www.facebook.com\/SEMENL2018\" \/>\n<meta property=\"article:published_time\" content=\"2019-12-15T09:44:11+00:00\" \/>\n<meta property=\"article:modified_time\" content=\"2024-02-15T09:49:50+00:00\" \/>\n<meta property=\"og:image\" content=\"http:\/\/www.semen-l.org\/wp-content\/uploads\/2024\/02\/syntagma-couv.jpg\" \/>\n\t<meta property=\"og:image:width\" content=\"433\" \/>\n\t<meta property=\"og:image:height\" content=\"600\" \/>\n\t<meta property=\"og:image:type\" content=\"image\/jpeg\" \/>\n<meta name=\"author\" content=\"Julien Maudoux\" \/>\n<meta name=\"twitter:card\" content=\"summary_large_image\" \/>\n<meta name=\"twitter:label1\" content=\"\u00c9crit par\" \/>\n\t<meta name=\"twitter:data1\" content=\"Julien Maudoux\" \/>\n\t<meta name=\"twitter:label2\" content=\"Dur\u00e9e de lecture estim\u00e9e\" \/>\n\t<meta name=\"twitter:data2\" content=\"4 minutes\" \/>\n<script type=\"application\/ld+json\" class=\"yoast-schema-graph\">{\"@context\":\"https:\\\/\\\/schema.org\",\"@graph\":[{\"@type\":\"Article\",\"@id\":\"http:\\\/\\\/www.semen-l.org\\\/?p=3171#article\",\"isPartOf\":{\"@id\":\"http:\\\/\\\/www.semen-l.org\\\/?p=3171\"},\"author\":{\"name\":\"Julien Maudoux\",\"@id\":\"http:\\\/\\\/www.semen-l.org\\\/#\\\/schema\\\/person\\\/ef5208815f17666727763c5363a51344\"},\"headline\":\"Florence Vuilleumier Laurens, L\u2019Universit\u00e9, la robe et la librairie \u00e0 Paris. Claude Mignault et le Syntagma de symbolis (1571-1602), Gen\u00e8ve, Droz, \u00ab Travaux d\u2019Humanisme et Renaissance \u00bb, 2017 (Laurence Boul\u00e8gue)\",\"datePublished\":\"2019-12-15T09:44:11+00:00\",\"dateModified\":\"2024-02-15T09:49:50+00:00\",\"mainEntityOfPage\":{\"@id\":\"http:\\\/\\\/www.semen-l.org\\\/?p=3171\"},\"wordCount\":661,\"commentCount\":0,\"publisher\":{\"@id\":\"http:\\\/\\\/www.semen-l.org\\\/#organization\"},\"image\":{\"@id\":\"http:\\\/\\\/www.semen-l.org\\\/?p=3171#primaryimage\"},\"thumbnailUrl\":\"https:\\\/\\\/www.semen-l.org\\\/wp-content\\\/uploads\\\/2024\\\/02\\\/syntagma-couv.jpg\",\"keywords\":[\"all\u00e9gorie\",\"commentaire\",\"droit\",\"embl\u00e8me\",\"Embl\u00e8mes (Les-Andr\u00e9 Alciat)\",\"humanisme\",\"Mignault (Claude)\",\"philologie\",\"Pythagore\",\"Syntagma de Symbolis (1571-1602)\",\"universit\u00e9\"],\"articleSection\":[\"Recensions\"],\"inLanguage\":\"fr-FR\",\"potentialAction\":[{\"@type\":\"CommentAction\",\"name\":\"Comment\",\"target\":[\"http:\\\/\\\/www.semen-l.org\\\/?p=3171#respond\"]}]},{\"@type\":\"WebPage\",\"@id\":\"http:\\\/\\\/www.semen-l.org\\\/?p=3171\",\"url\":\"http:\\\/\\\/www.semen-l.org\\\/?p=3171\",\"name\":\"Florence Vuilleumier Laurens, L\u2019Universit\u00e9, la robe et la librairie \u00e0 Paris. Claude Mignault et le Syntagma de symbolis (1571-1602), Gen\u00e8ve, Droz, \u00ab Travaux d\u2019Humanisme et Renaissance \u00bb, 2017 (Laurence Boul\u00e8gue) - Soci\u00e9t\u00e9 d&#039;\u00c9tudes M\u00e9dio Et N\u00e9o-Latines\",\"isPartOf\":{\"@id\":\"http:\\\/\\\/www.semen-l.org\\\/#website\"},\"primaryImageOfPage\":{\"@id\":\"http:\\\/\\\/www.semen-l.org\\\/?p=3171#primaryimage\"},\"image\":{\"@id\":\"http:\\\/\\\/www.semen-l.org\\\/?p=3171#primaryimage\"},\"thumbnailUrl\":\"https:\\\/\\\/www.semen-l.org\\\/wp-content\\\/uploads\\\/2024\\\/02\\\/syntagma-couv.jpg\",\"datePublished\":\"2019-12-15T09:44:11+00:00\",\"dateModified\":\"2024-02-15T09:49:50+00:00\",\"description\":\"Recension par Laurence Boul\u00e8gue de l'ouvrage de Florence Vuilleumier Laurens, L\u2019Universit\u00e9, la robe et la librairie \u00e0 Paris. Claude Mignault et le Syntagma de symbolis, pour la SEMEN-L.\",\"breadcrumb\":{\"@id\":\"http:\\\/\\\/www.semen-l.org\\\/?p=3171#breadcrumb\"},\"inLanguage\":\"fr-FR\",\"potentialAction\":[{\"@type\":\"ReadAction\",\"target\":[\"http:\\\/\\\/www.semen-l.org\\\/?p=3171\"]}]},{\"@type\":\"ImageObject\",\"inLanguage\":\"fr-FR\",\"@id\":\"http:\\\/\\\/www.semen-l.org\\\/?p=3171#primaryimage\",\"url\":\"https:\\\/\\\/www.semen-l.org\\\/wp-content\\\/uploads\\\/2024\\\/02\\\/syntagma-couv.jpg\",\"contentUrl\":\"https:\\\/\\\/www.semen-l.org\\\/wp-content\\\/uploads\\\/2024\\\/02\\\/syntagma-couv.jpg\",\"width\":433,\"height\":600},{\"@type\":\"BreadcrumbList\",\"@id\":\"http:\\\/\\\/www.semen-l.org\\\/?p=3171#breadcrumb\",\"itemListElement\":[{\"@type\":\"ListItem\",\"position\":1,\"name\":\"Accueil\",\"item\":\"http:\\\/\\\/www.semen-l.org\\\/\"},{\"@type\":\"ListItem\",\"position\":2,\"name\":\"Florence Vuilleumier Laurens, L\u2019Universit\u00e9, la robe et la librairie \u00e0 Paris. Claude Mignault et le Syntagma de symbolis (1571-1602), Gen\u00e8ve, Droz, \u00ab Travaux d\u2019Humanisme et Renaissance \u00bb, 2017 (Laurence Boul\u00e8gue)\"}]},{\"@type\":\"WebSite\",\"@id\":\"http:\\\/\\\/www.semen-l.org\\\/#website\",\"url\":\"http:\\\/\\\/www.semen-l.org\\\/\",\"name\":\"Soci\u00e9t\u00e9 d'\u00c9tudes M\u00e9dio Et N\u00e9o-Latines\",\"description\":\"\",\"publisher\":{\"@id\":\"http:\\\/\\\/www.semen-l.org\\\/#organization\"},\"potentialAction\":[{\"@type\":\"SearchAction\",\"target\":{\"@type\":\"EntryPoint\",\"urlTemplate\":\"http:\\\/\\\/www.semen-l.org\\\/?s={search_term_string}\"},\"query-input\":{\"@type\":\"PropertyValueSpecification\",\"valueRequired\":true,\"valueName\":\"search_term_string\"}}],\"inLanguage\":\"fr-FR\"},{\"@type\":\"Organization\",\"@id\":\"http:\\\/\\\/www.semen-l.org\\\/#organization\",\"name\":\"Soci\u00e9t\u00e9 d'\u00e9tudes m\u00e9dio et n\u00e9o-latines\",\"url\":\"http:\\\/\\\/www.semen-l.org\\\/\",\"logo\":{\"@type\":\"ImageObject\",\"inLanguage\":\"fr-FR\",\"@id\":\"http:\\\/\\\/www.semen-l.org\\\/#\\\/schema\\\/logo\\\/image\\\/\",\"url\":\"http:\\\/\\\/www.semen-l.org\\\/wp-content\\\/uploads\\\/2020\\\/11\\\/logo-semenl.jpg\",\"contentUrl\":\"http:\\\/\\\/www.semen-l.org\\\/wp-content\\\/uploads\\\/2020\\\/11\\\/logo-semenl.jpg\",\"width\":408,\"height\":403,\"caption\":\"Soci\u00e9t\u00e9 d'\u00e9tudes m\u00e9dio et n\u00e9o-latines\"},\"image\":{\"@id\":\"http:\\\/\\\/www.semen-l.org\\\/#\\\/schema\\\/logo\\\/image\\\/\"},\"sameAs\":[\"https:\\\/\\\/www.facebook.com\\\/SEMENL2018\",\"https:\\\/\\\/independent.academia.edu\\\/SocitsdtudesmdioetnolatinesSEMENL\"]},{\"@type\":\"Person\",\"@id\":\"http:\\\/\\\/www.semen-l.org\\\/#\\\/schema\\\/person\\\/ef5208815f17666727763c5363a51344\",\"name\":\"Julien Maudoux\",\"image\":{\"@type\":\"ImageObject\",\"inLanguage\":\"fr-FR\",\"@id\":\"https:\\\/\\\/secure.gravatar.com\\\/avatar\\\/caabf4fb6242e2277733cd35a5c2aa083761ea25dae1d1ff3298b54292225292?s=96&d=mm&r=g\",\"url\":\"https:\\\/\\\/secure.gravatar.com\\\/avatar\\\/caabf4fb6242e2277733cd35a5c2aa083761ea25dae1d1ff3298b54292225292?s=96&d=mm&r=g\",\"contentUrl\":\"https:\\\/\\\/secure.gravatar.com\\\/avatar\\\/caabf4fb6242e2277733cd35a5c2aa083761ea25dae1d1ff3298b54292225292?s=96&d=mm&r=g\",\"caption\":\"Julien Maudoux\"},\"description\":\"Webmestre du site de la SEMEN-L\",\"url\":\"https:\\\/\\\/www.semen-l.org\\\/?author=26\"}]}<\/script>\n<!-- \/ Yoast SEO plugin. -->","yoast_head_json":{"title":"Florence Vuilleumier Laurens, L\u2019Universit\u00e9, la robe et la librairie \u00e0 Paris. Claude Mignault et le Syntagma de symbolis (1571-1602), Gen\u00e8ve, Droz, \u00ab Travaux d\u2019Humanisme et Renaissance \u00bb, 2017 (Laurence Boul\u00e8gue) - Soci\u00e9t\u00e9 d&#039;\u00c9tudes M\u00e9dio Et N\u00e9o-Latines","description":"Recension par Laurence Boul\u00e8gue de l'ouvrage de Florence Vuilleumier Laurens, L\u2019Universit\u00e9, la robe et la librairie \u00e0 Paris. Claude Mignault et le Syntagma de symbolis, pour la SEMEN-L.","robots":{"index":"index","follow":"follow","max-snippet":"max-snippet:-1","max-image-preview":"max-image-preview:large","max-video-preview":"max-video-preview:-1"},"canonical":"http:\/\/www.semen-l.org\/?p=3171","og_locale":"fr_FR","og_type":"article","og_title":"Florence Vuilleumier Laurens, L\u2019Universit\u00e9, la robe et la librairie \u00e0 Paris. Claude Mignault et le Syntagma de symbolis (1571-1602), Gen\u00e8ve, Droz, \u00ab Travaux d\u2019Humanisme et Renaissance \u00bb, 2017 (Laurence Boul\u00e8gue) - Soci\u00e9t\u00e9 d&#039;\u00c9tudes M\u00e9dio Et N\u00e9o-Latines","og_description":"Recension par Laurence Boul\u00e8gue de l'ouvrage de Florence Vuilleumier Laurens, L\u2019Universit\u00e9, la robe et la librairie \u00e0 Paris. Claude Mignault et le Syntagma de symbolis, pour la SEMEN-L.","og_url":"http:\/\/www.semen-l.org\/?p=3171","og_site_name":"Soci\u00e9t\u00e9 d&#039;\u00c9tudes M\u00e9dio Et N\u00e9o-Latines","article_publisher":"https:\/\/www.facebook.com\/SEMENL2018","article_published_time":"2019-12-15T09:44:11+00:00","article_modified_time":"2024-02-15T09:49:50+00:00","og_image":[{"width":433,"height":600,"url":"http:\/\/www.semen-l.org\/wp-content\/uploads\/2024\/02\/syntagma-couv.jpg","type":"image\/jpeg"}],"author":"Julien Maudoux","twitter_card":"summary_large_image","twitter_misc":{"\u00c9crit par":"Julien Maudoux","Dur\u00e9e de lecture estim\u00e9e":"4 minutes"},"schema":{"@context":"https:\/\/schema.org","@graph":[{"@type":"Article","@id":"http:\/\/www.semen-l.org\/?p=3171#article","isPartOf":{"@id":"http:\/\/www.semen-l.org\/?p=3171"},"author":{"name":"Julien Maudoux","@id":"http:\/\/www.semen-l.org\/#\/schema\/person\/ef5208815f17666727763c5363a51344"},"headline":"Florence Vuilleumier Laurens, L\u2019Universit\u00e9, la robe et la librairie \u00e0 Paris. Claude Mignault et le Syntagma de symbolis (1571-1602), Gen\u00e8ve, Droz, \u00ab Travaux d\u2019Humanisme et Renaissance \u00bb, 2017 (Laurence Boul\u00e8gue)","datePublished":"2019-12-15T09:44:11+00:00","dateModified":"2024-02-15T09:49:50+00:00","mainEntityOfPage":{"@id":"http:\/\/www.semen-l.org\/?p=3171"},"wordCount":661,"commentCount":0,"publisher":{"@id":"http:\/\/www.semen-l.org\/#organization"},"image":{"@id":"http:\/\/www.semen-l.org\/?p=3171#primaryimage"},"thumbnailUrl":"https:\/\/www.semen-l.org\/wp-content\/uploads\/2024\/02\/syntagma-couv.jpg","keywords":["all\u00e9gorie","commentaire","droit","embl\u00e8me","Embl\u00e8mes (Les-Andr\u00e9 Alciat)","humanisme","Mignault (Claude)","philologie","Pythagore","Syntagma de Symbolis (1571-1602)","universit\u00e9"],"articleSection":["Recensions"],"inLanguage":"fr-FR","potentialAction":[{"@type":"CommentAction","name":"Comment","target":["http:\/\/www.semen-l.org\/?p=3171#respond"]}]},{"@type":"WebPage","@id":"http:\/\/www.semen-l.org\/?p=3171","url":"http:\/\/www.semen-l.org\/?p=3171","name":"Florence Vuilleumier Laurens, L\u2019Universit\u00e9, la robe et la librairie \u00e0 Paris. Claude Mignault et le Syntagma de symbolis (1571-1602), Gen\u00e8ve, Droz, \u00ab Travaux d\u2019Humanisme et Renaissance \u00bb, 2017 (Laurence Boul\u00e8gue) - Soci\u00e9t\u00e9 d&#039;\u00c9tudes M\u00e9dio Et N\u00e9o-Latines","isPartOf":{"@id":"http:\/\/www.semen-l.org\/#website"},"primaryImageOfPage":{"@id":"http:\/\/www.semen-l.org\/?p=3171#primaryimage"},"image":{"@id":"http:\/\/www.semen-l.org\/?p=3171#primaryimage"},"thumbnailUrl":"https:\/\/www.semen-l.org\/wp-content\/uploads\/2024\/02\/syntagma-couv.jpg","datePublished":"2019-12-15T09:44:11+00:00","dateModified":"2024-02-15T09:49:50+00:00","description":"Recension par Laurence Boul\u00e8gue de l'ouvrage de Florence Vuilleumier Laurens, L\u2019Universit\u00e9, la robe et la librairie \u00e0 Paris. Claude Mignault et le Syntagma de symbolis, pour la SEMEN-L.","breadcrumb":{"@id":"http:\/\/www.semen-l.org\/?p=3171#breadcrumb"},"inLanguage":"fr-FR","potentialAction":[{"@type":"ReadAction","target":["http:\/\/www.semen-l.org\/?p=3171"]}]},{"@type":"ImageObject","inLanguage":"fr-FR","@id":"http:\/\/www.semen-l.org\/?p=3171#primaryimage","url":"https:\/\/www.semen-l.org\/wp-content\/uploads\/2024\/02\/syntagma-couv.jpg","contentUrl":"https:\/\/www.semen-l.org\/wp-content\/uploads\/2024\/02\/syntagma-couv.jpg","width":433,"height":600},{"@type":"BreadcrumbList","@id":"http:\/\/www.semen-l.org\/?p=3171#breadcrumb","itemListElement":[{"@type":"ListItem","position":1,"name":"Accueil","item":"http:\/\/www.semen-l.org\/"},{"@type":"ListItem","position":2,"name":"Florence Vuilleumier Laurens, L\u2019Universit\u00e9, la robe et la librairie \u00e0 Paris. Claude Mignault et le Syntagma de symbolis (1571-1602), Gen\u00e8ve, Droz, \u00ab Travaux d\u2019Humanisme et Renaissance \u00bb, 2017 (Laurence Boul\u00e8gue)"}]},{"@type":"WebSite","@id":"http:\/\/www.semen-l.org\/#website","url":"http:\/\/www.semen-l.org\/","name":"Soci\u00e9t\u00e9 d'\u00c9tudes M\u00e9dio Et N\u00e9o-Latines","description":"","publisher":{"@id":"http:\/\/www.semen-l.org\/#organization"},"potentialAction":[{"@type":"SearchAction","target":{"@type":"EntryPoint","urlTemplate":"http:\/\/www.semen-l.org\/?s={search_term_string}"},"query-input":{"@type":"PropertyValueSpecification","valueRequired":true,"valueName":"search_term_string"}}],"inLanguage":"fr-FR"},{"@type":"Organization","@id":"http:\/\/www.semen-l.org\/#organization","name":"Soci\u00e9t\u00e9 d'\u00e9tudes m\u00e9dio et n\u00e9o-latines","url":"http:\/\/www.semen-l.org\/","logo":{"@type":"ImageObject","inLanguage":"fr-FR","@id":"http:\/\/www.semen-l.org\/#\/schema\/logo\/image\/","url":"http:\/\/www.semen-l.org\/wp-content\/uploads\/2020\/11\/logo-semenl.jpg","contentUrl":"http:\/\/www.semen-l.org\/wp-content\/uploads\/2020\/11\/logo-semenl.jpg","width":408,"height":403,"caption":"Soci\u00e9t\u00e9 d'\u00e9tudes m\u00e9dio et n\u00e9o-latines"},"image":{"@id":"http:\/\/www.semen-l.org\/#\/schema\/logo\/image\/"},"sameAs":["https:\/\/www.facebook.com\/SEMENL2018","https:\/\/independent.academia.edu\/SocitsdtudesmdioetnolatinesSEMENL"]},{"@type":"Person","@id":"http:\/\/www.semen-l.org\/#\/schema\/person\/ef5208815f17666727763c5363a51344","name":"Julien Maudoux","image":{"@type":"ImageObject","inLanguage":"fr-FR","@id":"https:\/\/secure.gravatar.com\/avatar\/caabf4fb6242e2277733cd35a5c2aa083761ea25dae1d1ff3298b54292225292?s=96&d=mm&r=g","url":"https:\/\/secure.gravatar.com\/avatar\/caabf4fb6242e2277733cd35a5c2aa083761ea25dae1d1ff3298b54292225292?s=96&d=mm&r=g","contentUrl":"https:\/\/secure.gravatar.com\/avatar\/caabf4fb6242e2277733cd35a5c2aa083761ea25dae1d1ff3298b54292225292?s=96&d=mm&r=g","caption":"Julien Maudoux"},"description":"Webmestre du site de la SEMEN-L","url":"https:\/\/www.semen-l.org\/?author=26"}]}},"jetpack_featured_media_url":"https:\/\/www.semen-l.org\/wp-content\/uploads\/2024\/02\/syntagma-couv.jpg","_links":{"self":[{"href":"https:\/\/www.semen-l.org\/index.php?rest_route=\/wp\/v2\/posts\/3171","targetHints":{"allow":["GET"]}}],"collection":[{"href":"https:\/\/www.semen-l.org\/index.php?rest_route=\/wp\/v2\/posts"}],"about":[{"href":"https:\/\/www.semen-l.org\/index.php?rest_route=\/wp\/v2\/types\/post"}],"author":[{"embeddable":true,"href":"https:\/\/www.semen-l.org\/index.php?rest_route=\/wp\/v2\/users\/26"}],"replies":[{"embeddable":true,"href":"https:\/\/www.semen-l.org\/index.php?rest_route=%2Fwp%2Fv2%2Fcomments&post=3171"}],"version-history":[{"count":0,"href":"https:\/\/www.semen-l.org\/index.php?rest_route=\/wp\/v2\/posts\/3171\/revisions"}],"wp:featuredmedia":[{"embeddable":true,"href":"https:\/\/www.semen-l.org\/index.php?rest_route=\/wp\/v2\/media\/3172"}],"wp:attachment":[{"href":"https:\/\/www.semen-l.org\/index.php?rest_route=%2Fwp%2Fv2%2Fmedia&parent=3171"}],"wp:term":[{"taxonomy":"category","embeddable":true,"href":"https:\/\/www.semen-l.org\/index.php?rest_route=%2Fwp%2Fv2%2Fcategories&post=3171"},{"taxonomy":"post_tag","embeddable":true,"href":"https:\/\/www.semen-l.org\/index.php?rest_route=%2Fwp%2Fv2%2Ftags&post=3171"}],"curies":[{"name":"wp","href":"https:\/\/api.w.org\/{rel}","templated":true}]}}