{"id":3153,"date":"2020-12-12T22:07:40","date_gmt":"2020-12-12T22:07:40","guid":{"rendered":"https:\/\/www.semen-l.org\/?p=3153"},"modified":"2025-01-28T22:43:04","modified_gmt":"2025-01-28T22:43:04","slug":"tragedies-latines-composees-au-college-de-navarre-a-paris-en-1557-1558-par-abel-souris-et-jean-rose-ed-et-trad-e-syssau-paris-classiques-garnier-coll-bibliotheque-du-theatre-francais-69-2","status":"publish","type":"post","link":"https:\/\/www.semen-l.org\/?p=3153","title":{"rendered":"Trag\u00e9dies latines compos\u00e9es au coll\u00e8ge de Navarre, \u00e0 Paris, en 1557-1558, par Abel Souris et Jean Rose, \u00e9d. et trad. E. Syssau, Paris, Classiques Garnier, coll. Biblioth\u00e8que du th\u00e9\u00e2tre fran\u00e7ais, 69, 2020"},"content":{"rendered":"<p><strong><em>Trag\u00e9dies latines compos\u00e9es au coll\u00e8ge de Navarre, \u00e0 Paris, en 1557-1558<\/em>, par Abel Souris et Jean Rose, \u00e9d. et trad. E. Syssau, Paris, Classiques Garnier, coll. Biblioth\u00e8que du th\u00e9\u00e2tre fran\u00e7ais, 69, 2020, 559 p., 56\u20ac<\/strong><\/p>\n<p>Au moment m\u00eame de la naissance du genre dramatique en langue vernaculaire, ces pi\u00e8ces m\u00e9connues explorent des veines inattendues en choisissant leurs victimes tragiques dans l\u2019actualit\u00e9 et l\u2019histoire du royaume. <em>De sinistro fato Gallorum <\/em><em>apud Veromanduos et occasu luctuoso fortissimi ducis Totovillei et comitis Anguiani, tragoedia <\/em>[Le Destin contraire des Fran\u00e7ais en Vermandois et la chute affligeante du tr\u00e8s vaillant duc d\u2019Estouteville et comte d\u2019Enghien, trag\u00e9die] (Bibl. nat. de France, ms lat. 8136) a \u00e9t\u00e9 compos\u00e9e par un r\u00e9gent, Abel Souris, pour \u00eatre jou\u00e9e par des \u00e9l\u00e8ves de seconde \u00e0 la rentr\u00e9e d\u2019octobre 1557 ; elle d\u00e9plore la perte d\u2019un jeune et brillant prince du sang, cons\u00e9cutive \u00e0 la bataille de Saint-Quentin livr\u00e9e le 10 ao\u00fbt pr\u00e9c\u00e9dent. <em>Tragoedia quae inscribitur Chilpericus <\/em>[Trag\u00e9die intitul\u00e9e Chilp\u00e9ric] (Bibl. mun. Chaumont, ms 3-I-5 k) est quant \u00e0 elle due \u00e0 Jean Rose, \u00e9l\u00e8ve de quinze \u00e0 seize ans, \u00e9tudiant en classe de premi\u00e8re ou d\u00e9j\u00e0 de dialectique : elle adapte au th\u00e9\u00e2tre, en guise d\u2019entra\u00eenement et de loisir, le sort funeste de ce roi m\u00e9rovingien, assassin\u00e9 sur ordre de son \u00e9pouse Fr\u00e9d\u00e9gonde. Palliant l\u2019absence de programme d\u2019\u00e9tude ou de catalogue de biblioth\u00e8que contemporains pour l\u2019un des trois coll\u00e8ges les plus fr\u00e9quent\u00e9s de la capitale, ces deux trag\u00e9dies permettent de v\u00e9rifier l\u2019actualit\u00e9 de S\u00e9n\u00e8que dans l\u2019enseignement parisien \u00e0 la Renaissance. Au-del\u00e0, tout en dessinant personnages et enjeux rh\u00e9toriques propres, <em>De sinistro fato Gallorum <\/em>emprunte aux \u0153uvres n\u00e9o-latines r\u00e9cemment parues de Marc-Antoine Muret, George Buchanan et Claude Roillet ; et <em>Chilpericus<\/em>, \u00e0 une source historique principale, le <em>Compendium de origine et gestis Francorum <\/em>de Robert Gaguin.<\/p>\n<p>Cette recension a \u00e9t\u00e9 publi\u00e9e dans le<a href=\"https:\/\/www.semen-l.org\/wp-content\/uploads\/2010\/11\/Bulletin_n_18_2020.pdf\"> Bulletin de liaison n\u00b018 (2020) de la SEMEN-L<\/a> (p. 62).<\/p>\n","protected":false},"excerpt":{"rendered":"<p>Trag\u00e9dies latines compos\u00e9es au coll\u00e8ge de Navarre, \u00e0 Paris, en 1557-1558, par Abel Souris et Jean Rose, \u00e9d. et trad. E. Syssau, Paris, Classiques Garnier, coll. Biblioth\u00e8que du th\u00e9\u00e2tre fran\u00e7ais, 69, 2020, 559 p., 56\u20ac Au moment m\u00eame de la &hellip; <a href=\"https:\/\/www.semen-l.org\/?p=3153\">Continuer la lecture <span class=\"meta-nav\">&rarr;<\/span><\/a><\/p>\n","protected":false},"author":26,"featured_media":0,"comment_status":"open","ping_status":"open","sticky":false,"template":"","format":"standard","meta":{"footnotes":""},"categories":[1825],"tags":[133,1924,1982,1986,1984,1983,1048,1006,104,1005,1296,114,1003,1985],"class_list":["post-3153","post","type-post","status-publish","format-standard","hentry","category-recensions","tag-george-buchanan","tag-college-parisien","tag-compendium-de-origine-et-gestis-francorum","tag-de-sinistro-fato-gallorum-apud-veromanduos-et-occasu-luctuoso-fortissimi-ducis-totovillei-et-comitis-anguiani","tag-fredegonde","tag-gaguin-robert","tag-muret-marc-antoine","tag-rose-jean","tag-seneque","tag-abel-souris","tag-theatre","tag-tragedie","tag-tragedies-latines-composees-au-college-de-navarre-paris","tag-tragoedia-quae-inscribitur-chilpericus"],"yoast_head":"<!-- This site is optimized with the Yoast SEO plugin v27.5 - https:\/\/yoast.com\/product\/yoast-seo-wordpress\/ -->\n<title>Trag\u00e9dies n\u00e9o-latines du XVIe si\u00e8cle au coll\u00e8ge de Navarre (Paris)<\/title>\n<meta name=\"description\" content=\"\u00c9dition de plusieurs trag\u00e9dies n\u00e9o-latines compos\u00e9es au XVIe si\u00e8cle \u00e0 Paris par des personnes li\u00e9es au coll\u00e8ge de Navarre\" \/>\n<meta name=\"robots\" content=\"index, follow, max-snippet:-1, max-image-preview:large, max-video-preview:-1\" \/>\n<link rel=\"canonical\" href=\"https:\/\/www.semen-l.org\/?p=3153\" \/>\n<meta property=\"og:locale\" content=\"fr_FR\" \/>\n<meta property=\"og:type\" content=\"article\" \/>\n<meta property=\"og:title\" content=\"Trag\u00e9dies n\u00e9o-latines du XVIe si\u00e8cle au coll\u00e8ge de Navarre (Paris)\" \/>\n<meta property=\"og:description\" content=\"\u00c9dition de plusieurs trag\u00e9dies n\u00e9o-latines compos\u00e9es au XVIe si\u00e8cle \u00e0 Paris par des personnes li\u00e9es au coll\u00e8ge de Navarre\" \/>\n<meta property=\"og:url\" content=\"https:\/\/www.semen-l.org\/?p=3153\" \/>\n<meta property=\"og:site_name\" content=\"Soci\u00e9t\u00e9 d&#039;\u00c9tudes M\u00e9dio Et N\u00e9o-Latines\" \/>\n<meta property=\"article:publisher\" content=\"https:\/\/www.facebook.com\/SEMENL2018\" \/>\n<meta property=\"article:published_time\" content=\"2020-12-12T22:07:40+00:00\" \/>\n<meta property=\"article:modified_time\" content=\"2025-01-28T22:43:04+00:00\" \/>\n<meta name=\"author\" content=\"Julien Maudoux\" \/>\n<meta name=\"twitter:card\" content=\"summary_large_image\" \/>\n<meta name=\"twitter:label1\" content=\"\u00c9crit par\" \/>\n\t<meta name=\"twitter:data1\" content=\"Julien Maudoux\" \/>\n\t<meta name=\"twitter:label2\" content=\"Dur\u00e9e de lecture estim\u00e9e\" \/>\n\t<meta name=\"twitter:data2\" content=\"2 minutes\" \/>\n<script type=\"application\/ld+json\" class=\"yoast-schema-graph\">{\"@context\":\"https:\\\/\\\/schema.org\",\"@graph\":[{\"@type\":\"Article\",\"@id\":\"https:\\\/\\\/www.semen-l.org\\\/?p=3153#article\",\"isPartOf\":{\"@id\":\"https:\\\/\\\/www.semen-l.org\\\/?p=3153\"},\"author\":{\"name\":\"Julien Maudoux\",\"@id\":\"http:\\\/\\\/www.semen-l.org\\\/#\\\/schema\\\/person\\\/ef5208815f17666727763c5363a51344\"},\"headline\":\"Trag\u00e9dies latines compos\u00e9es au coll\u00e8ge de Navarre, \u00e0 Paris, en 1557-1558, par Abel Souris et Jean Rose, \u00e9d. et trad. E. Syssau, Paris, Classiques Garnier, coll. Biblioth\u00e8que du th\u00e9\u00e2tre fran\u00e7ais, 69, 2020\",\"datePublished\":\"2020-12-12T22:07:40+00:00\",\"dateModified\":\"2025-01-28T22:43:04+00:00\",\"mainEntityOfPage\":{\"@id\":\"https:\\\/\\\/www.semen-l.org\\\/?p=3153\"},\"wordCount\":385,\"commentCount\":0,\"publisher\":{\"@id\":\"http:\\\/\\\/www.semen-l.org\\\/#organization\"},\"keywords\":[\"Buchanan (George)\",\"coll\u00e8ge parisien\",\"Compendium de origine et gestis Francorum\",\"De sinistro fato Gallorum apud Veromanduos et occasu luctuoso fortissimi ducis Totovillei et comitis Anguiani (Abel Souris)\",\"Fr\u00e9d\u00e9gonde\",\"Gaguin (Robert)\",\"Muret (Marc Antoine)\",\"Rose (Jean)\",\"S\u00e9n\u00e8que\",\"Souris (Abel)\",\"th\u00e9\u00e2tre\",\"trag\u00e9die\",\"Trag\u00e9dies latines compos\u00e9es au coll\u00e8ge de Navarre\",\"Tragoedia quae inscribitur Chilpericus\"],\"articleSection\":[\"Recensions\"],\"inLanguage\":\"fr-FR\",\"potentialAction\":[{\"@type\":\"CommentAction\",\"name\":\"Comment\",\"target\":[\"https:\\\/\\\/www.semen-l.org\\\/?p=3153#respond\"]}]},{\"@type\":\"WebPage\",\"@id\":\"https:\\\/\\\/www.semen-l.org\\\/?p=3153\",\"url\":\"https:\\\/\\\/www.semen-l.org\\\/?p=3153\",\"name\":\"Trag\u00e9dies n\u00e9o-latines du XVIe si\u00e8cle au coll\u00e8ge de Navarre (Paris)\",\"isPartOf\":{\"@id\":\"http:\\\/\\\/www.semen-l.org\\\/#website\"},\"datePublished\":\"2020-12-12T22:07:40+00:00\",\"dateModified\":\"2025-01-28T22:43:04+00:00\",\"description\":\"\u00c9dition de plusieurs trag\u00e9dies n\u00e9o-latines compos\u00e9es au XVIe si\u00e8cle \u00e0 Paris par des personnes li\u00e9es au coll\u00e8ge de Navarre\",\"breadcrumb\":{\"@id\":\"https:\\\/\\\/www.semen-l.org\\\/?p=3153#breadcrumb\"},\"inLanguage\":\"fr-FR\",\"potentialAction\":[{\"@type\":\"ReadAction\",\"target\":[\"https:\\\/\\\/www.semen-l.org\\\/?p=3153\"]}]},{\"@type\":\"BreadcrumbList\",\"@id\":\"https:\\\/\\\/www.semen-l.org\\\/?p=3153#breadcrumb\",\"itemListElement\":[{\"@type\":\"ListItem\",\"position\":1,\"name\":\"Accueil\",\"item\":\"http:\\\/\\\/www.semen-l.org\\\/\"},{\"@type\":\"ListItem\",\"position\":2,\"name\":\"Trag\u00e9dies latines compos\u00e9es au coll\u00e8ge de Navarre, \u00e0 Paris, en 1557-1558, par Abel Souris et Jean Rose, \u00e9d. et trad. E. Syssau, Paris, Classiques Garnier, coll. Biblioth\u00e8que du th\u00e9\u00e2tre fran\u00e7ais, 69, 2020\"}]},{\"@type\":\"WebSite\",\"@id\":\"http:\\\/\\\/www.semen-l.org\\\/#website\",\"url\":\"http:\\\/\\\/www.semen-l.org\\\/\",\"name\":\"Soci\u00e9t\u00e9 d'\u00c9tudes M\u00e9dio Et N\u00e9o-Latines\",\"description\":\"\",\"publisher\":{\"@id\":\"http:\\\/\\\/www.semen-l.org\\\/#organization\"},\"potentialAction\":[{\"@type\":\"SearchAction\",\"target\":{\"@type\":\"EntryPoint\",\"urlTemplate\":\"http:\\\/\\\/www.semen-l.org\\\/?s={search_term_string}\"},\"query-input\":{\"@type\":\"PropertyValueSpecification\",\"valueRequired\":true,\"valueName\":\"search_term_string\"}}],\"inLanguage\":\"fr-FR\"},{\"@type\":\"Organization\",\"@id\":\"http:\\\/\\\/www.semen-l.org\\\/#organization\",\"name\":\"Soci\u00e9t\u00e9 d'\u00e9tudes m\u00e9dio et n\u00e9o-latines\",\"url\":\"http:\\\/\\\/www.semen-l.org\\\/\",\"logo\":{\"@type\":\"ImageObject\",\"inLanguage\":\"fr-FR\",\"@id\":\"http:\\\/\\\/www.semen-l.org\\\/#\\\/schema\\\/logo\\\/image\\\/\",\"url\":\"http:\\\/\\\/www.semen-l.org\\\/wp-content\\\/uploads\\\/2020\\\/11\\\/logo-semenl.jpg\",\"contentUrl\":\"http:\\\/\\\/www.semen-l.org\\\/wp-content\\\/uploads\\\/2020\\\/11\\\/logo-semenl.jpg\",\"width\":408,\"height\":403,\"caption\":\"Soci\u00e9t\u00e9 d'\u00e9tudes m\u00e9dio et n\u00e9o-latines\"},\"image\":{\"@id\":\"http:\\\/\\\/www.semen-l.org\\\/#\\\/schema\\\/logo\\\/image\\\/\"},\"sameAs\":[\"https:\\\/\\\/www.facebook.com\\\/SEMENL2018\",\"https:\\\/\\\/independent.academia.edu\\\/SocitsdtudesmdioetnolatinesSEMENL\"]},{\"@type\":\"Person\",\"@id\":\"http:\\\/\\\/www.semen-l.org\\\/#\\\/schema\\\/person\\\/ef5208815f17666727763c5363a51344\",\"name\":\"Julien Maudoux\",\"image\":{\"@type\":\"ImageObject\",\"inLanguage\":\"fr-FR\",\"@id\":\"https:\\\/\\\/secure.gravatar.com\\\/avatar\\\/caabf4fb6242e2277733cd35a5c2aa083761ea25dae1d1ff3298b54292225292?s=96&d=mm&r=g\",\"url\":\"https:\\\/\\\/secure.gravatar.com\\\/avatar\\\/caabf4fb6242e2277733cd35a5c2aa083761ea25dae1d1ff3298b54292225292?s=96&d=mm&r=g\",\"contentUrl\":\"https:\\\/\\\/secure.gravatar.com\\\/avatar\\\/caabf4fb6242e2277733cd35a5c2aa083761ea25dae1d1ff3298b54292225292?s=96&d=mm&r=g\",\"caption\":\"Julien Maudoux\"},\"description\":\"Webmestre du site de la SEMEN-L\",\"url\":\"https:\\\/\\\/www.semen-l.org\\\/?author=26\"}]}<\/script>\n<!-- \/ Yoast SEO plugin. -->","yoast_head_json":{"title":"Trag\u00e9dies n\u00e9o-latines du XVIe si\u00e8cle au coll\u00e8ge de Navarre (Paris)","description":"\u00c9dition de plusieurs trag\u00e9dies n\u00e9o-latines compos\u00e9es au XVIe si\u00e8cle \u00e0 Paris par des personnes li\u00e9es au coll\u00e8ge de Navarre","robots":{"index":"index","follow":"follow","max-snippet":"max-snippet:-1","max-image-preview":"max-image-preview:large","max-video-preview":"max-video-preview:-1"},"canonical":"https:\/\/www.semen-l.org\/?p=3153","og_locale":"fr_FR","og_type":"article","og_title":"Trag\u00e9dies n\u00e9o-latines du XVIe si\u00e8cle au coll\u00e8ge de Navarre (Paris)","og_description":"\u00c9dition de plusieurs trag\u00e9dies n\u00e9o-latines compos\u00e9es au XVIe si\u00e8cle \u00e0 Paris par des personnes li\u00e9es au coll\u00e8ge de Navarre","og_url":"https:\/\/www.semen-l.org\/?p=3153","og_site_name":"Soci\u00e9t\u00e9 d&#039;\u00c9tudes M\u00e9dio Et N\u00e9o-Latines","article_publisher":"https:\/\/www.facebook.com\/SEMENL2018","article_published_time":"2020-12-12T22:07:40+00:00","article_modified_time":"2025-01-28T22:43:04+00:00","author":"Julien Maudoux","twitter_card":"summary_large_image","twitter_misc":{"\u00c9crit par":"Julien Maudoux","Dur\u00e9e de lecture estim\u00e9e":"2 minutes"},"schema":{"@context":"https:\/\/schema.org","@graph":[{"@type":"Article","@id":"https:\/\/www.semen-l.org\/?p=3153#article","isPartOf":{"@id":"https:\/\/www.semen-l.org\/?p=3153"},"author":{"name":"Julien Maudoux","@id":"http:\/\/www.semen-l.org\/#\/schema\/person\/ef5208815f17666727763c5363a51344"},"headline":"Trag\u00e9dies latines compos\u00e9es au coll\u00e8ge de Navarre, \u00e0 Paris, en 1557-1558, par Abel Souris et Jean Rose, \u00e9d. et trad. E. Syssau, Paris, Classiques Garnier, coll. Biblioth\u00e8que du th\u00e9\u00e2tre fran\u00e7ais, 69, 2020","datePublished":"2020-12-12T22:07:40+00:00","dateModified":"2025-01-28T22:43:04+00:00","mainEntityOfPage":{"@id":"https:\/\/www.semen-l.org\/?p=3153"},"wordCount":385,"commentCount":0,"publisher":{"@id":"http:\/\/www.semen-l.org\/#organization"},"keywords":["Buchanan (George)","coll\u00e8ge parisien","Compendium de origine et gestis Francorum","De sinistro fato Gallorum apud Veromanduos et occasu luctuoso fortissimi ducis Totovillei et comitis Anguiani (Abel Souris)","Fr\u00e9d\u00e9gonde","Gaguin (Robert)","Muret (Marc Antoine)","Rose (Jean)","S\u00e9n\u00e8que","Souris (Abel)","th\u00e9\u00e2tre","trag\u00e9die","Trag\u00e9dies latines compos\u00e9es au coll\u00e8ge de Navarre","Tragoedia quae inscribitur Chilpericus"],"articleSection":["Recensions"],"inLanguage":"fr-FR","potentialAction":[{"@type":"CommentAction","name":"Comment","target":["https:\/\/www.semen-l.org\/?p=3153#respond"]}]},{"@type":"WebPage","@id":"https:\/\/www.semen-l.org\/?p=3153","url":"https:\/\/www.semen-l.org\/?p=3153","name":"Trag\u00e9dies n\u00e9o-latines du XVIe si\u00e8cle au coll\u00e8ge de Navarre (Paris)","isPartOf":{"@id":"http:\/\/www.semen-l.org\/#website"},"datePublished":"2020-12-12T22:07:40+00:00","dateModified":"2025-01-28T22:43:04+00:00","description":"\u00c9dition de plusieurs trag\u00e9dies n\u00e9o-latines compos\u00e9es au XVIe si\u00e8cle \u00e0 Paris par des personnes li\u00e9es au coll\u00e8ge de Navarre","breadcrumb":{"@id":"https:\/\/www.semen-l.org\/?p=3153#breadcrumb"},"inLanguage":"fr-FR","potentialAction":[{"@type":"ReadAction","target":["https:\/\/www.semen-l.org\/?p=3153"]}]},{"@type":"BreadcrumbList","@id":"https:\/\/www.semen-l.org\/?p=3153#breadcrumb","itemListElement":[{"@type":"ListItem","position":1,"name":"Accueil","item":"http:\/\/www.semen-l.org\/"},{"@type":"ListItem","position":2,"name":"Trag\u00e9dies latines compos\u00e9es au coll\u00e8ge de Navarre, \u00e0 Paris, en 1557-1558, par Abel Souris et Jean Rose, \u00e9d. et trad. E. Syssau, Paris, Classiques Garnier, coll. Biblioth\u00e8que du th\u00e9\u00e2tre fran\u00e7ais, 69, 2020"}]},{"@type":"WebSite","@id":"http:\/\/www.semen-l.org\/#website","url":"http:\/\/www.semen-l.org\/","name":"Soci\u00e9t\u00e9 d'\u00c9tudes M\u00e9dio Et N\u00e9o-Latines","description":"","publisher":{"@id":"http:\/\/www.semen-l.org\/#organization"},"potentialAction":[{"@type":"SearchAction","target":{"@type":"EntryPoint","urlTemplate":"http:\/\/www.semen-l.org\/?s={search_term_string}"},"query-input":{"@type":"PropertyValueSpecification","valueRequired":true,"valueName":"search_term_string"}}],"inLanguage":"fr-FR"},{"@type":"Organization","@id":"http:\/\/www.semen-l.org\/#organization","name":"Soci\u00e9t\u00e9 d'\u00e9tudes m\u00e9dio et n\u00e9o-latines","url":"http:\/\/www.semen-l.org\/","logo":{"@type":"ImageObject","inLanguage":"fr-FR","@id":"http:\/\/www.semen-l.org\/#\/schema\/logo\/image\/","url":"http:\/\/www.semen-l.org\/wp-content\/uploads\/2020\/11\/logo-semenl.jpg","contentUrl":"http:\/\/www.semen-l.org\/wp-content\/uploads\/2020\/11\/logo-semenl.jpg","width":408,"height":403,"caption":"Soci\u00e9t\u00e9 d'\u00e9tudes m\u00e9dio et n\u00e9o-latines"},"image":{"@id":"http:\/\/www.semen-l.org\/#\/schema\/logo\/image\/"},"sameAs":["https:\/\/www.facebook.com\/SEMENL2018","https:\/\/independent.academia.edu\/SocitsdtudesmdioetnolatinesSEMENL"]},{"@type":"Person","@id":"http:\/\/www.semen-l.org\/#\/schema\/person\/ef5208815f17666727763c5363a51344","name":"Julien Maudoux","image":{"@type":"ImageObject","inLanguage":"fr-FR","@id":"https:\/\/secure.gravatar.com\/avatar\/caabf4fb6242e2277733cd35a5c2aa083761ea25dae1d1ff3298b54292225292?s=96&d=mm&r=g","url":"https:\/\/secure.gravatar.com\/avatar\/caabf4fb6242e2277733cd35a5c2aa083761ea25dae1d1ff3298b54292225292?s=96&d=mm&r=g","contentUrl":"https:\/\/secure.gravatar.com\/avatar\/caabf4fb6242e2277733cd35a5c2aa083761ea25dae1d1ff3298b54292225292?s=96&d=mm&r=g","caption":"Julien Maudoux"},"description":"Webmestre du site de la SEMEN-L","url":"https:\/\/www.semen-l.org\/?author=26"}]}},"jetpack_featured_media_url":"","_links":{"self":[{"href":"https:\/\/www.semen-l.org\/index.php?rest_route=\/wp\/v2\/posts\/3153","targetHints":{"allow":["GET"]}}],"collection":[{"href":"https:\/\/www.semen-l.org\/index.php?rest_route=\/wp\/v2\/posts"}],"about":[{"href":"https:\/\/www.semen-l.org\/index.php?rest_route=\/wp\/v2\/types\/post"}],"author":[{"embeddable":true,"href":"https:\/\/www.semen-l.org\/index.php?rest_route=\/wp\/v2\/users\/26"}],"replies":[{"embeddable":true,"href":"https:\/\/www.semen-l.org\/index.php?rest_route=%2Fwp%2Fv2%2Fcomments&post=3153"}],"version-history":[{"count":0,"href":"https:\/\/www.semen-l.org\/index.php?rest_route=\/wp\/v2\/posts\/3153\/revisions"}],"wp:attachment":[{"href":"https:\/\/www.semen-l.org\/index.php?rest_route=%2Fwp%2Fv2%2Fmedia&parent=3153"}],"wp:term":[{"taxonomy":"category","embeddable":true,"href":"https:\/\/www.semen-l.org\/index.php?rest_route=%2Fwp%2Fv2%2Fcategories&post=3153"},{"taxonomy":"post_tag","embeddable":true,"href":"https:\/\/www.semen-l.org\/index.php?rest_route=%2Fwp%2Fv2%2Ftags&post=3153"}],"curies":[{"name":"wp","href":"https:\/\/api.w.org\/{rel}","templated":true}]}}