{"id":3147,"date":"2020-12-12T22:02:12","date_gmt":"2020-12-12T22:02:12","guid":{"rendered":"https:\/\/www.semen-l.org\/?p=3147"},"modified":"2024-02-12T22:03:47","modified_gmt":"2024-02-12T22:03:47","slug":"jacob-balde-jephtas-tragoedia-la-fille-de-jephte-tragedie-edition-de-dominique-gerard-millet-classiques-garnier-coll-bibliotheque-du-xviie-siecle-n35-paris-2020","status":"publish","type":"post","link":"https:\/\/www.semen-l.org\/?p=3147","title":{"rendered":"Jacob Balde, Jephtas tragoedia, La fille de Jepht\u00e9, trag\u00e9die, \u00e9dition de Dominique G\u00e9rard-Millet, Classiques Garnier, coll. Biblioth\u00e8que du XVIIe si\u00e8cle, n\u00b035, Paris, 2020"},"content":{"rendered":"<p><strong>Jacob Balde, <\/strong><strong><em>Jephtas tragoedia, La fille de Jepht\u00e9, trag\u00e9die<\/em>, \u00e9dition de Dominique G\u00e9rard-Millet, Classiques Garnier, coll. Biblioth\u00e8que du XVII<\/strong><strong>e si\u00e8cle, n\u00b035, Paris, 2020, 668 p., 58 \u20ac<\/strong><\/p>\n<p>Jacob Balde (1604-1668), j\u00e9suite allemand, composa la trag\u00e9die <em>La Fille de Jepht\u00e9<\/em>, jou\u00e9e en 1637 et imprim\u00e9e en 1654. Ce texte en vers latins, cousu de r\u00e9miniscences antiques, constitue un \u00e9tonnant instrument p\u00e9dagogique et un manifeste de l\u2019ex\u00e9g\u00e8se figurative revivifi\u00e9e par la Contre-R\u00e9forme.<\/p>\n<p>Cette recension a \u00e9t\u00e9 publi\u00e9e dans le<a href=\"https:\/\/www.semen-l.org\/wp-content\/uploads\/2010\/11\/Bulletin_n_18_2020.pdf\"> Bulletin de liaison n\u00b018 (2020) de la SEMEN-L<\/a> (p. 60).<\/p>\n","protected":false},"excerpt":{"rendered":"<p>Jacob Balde, Jephtas tragoedia, La fille de Jepht\u00e9, trag\u00e9die, \u00e9dition de Dominique G\u00e9rard-Millet, Classiques Garnier, coll. Biblioth\u00e8que du XVIIe si\u00e8cle, n\u00b035, Paris, 2020, 668 p., 58 \u20ac Jacob Balde (1604-1668), j\u00e9suite allemand, composa la trag\u00e9die La Fille de Jepht\u00e9, jou\u00e9e &hellip; <a href=\"https:\/\/www.semen-l.org\/?p=3147\">Continuer la lecture <span class=\"meta-nav\">&rarr;<\/span><\/a><\/p>\n","protected":false},"author":26,"featured_media":0,"comment_status":"open","ping_status":"open","sticky":false,"template":"","format":"standard","meta":{"footnotes":""},"categories":[1825],"tags":[103,1474,29,1978,363,824,1208],"class_list":["post-3147","post","type-post","status-publish","format-standard","hentry","category-recensions","tag-jakob-balde","tag-contre-reforme","tag-exegese","tag-jephtas-tragoedia","tag-jephte","tag-jesuitisme","tag-pedagogie"],"yoast_head":"<!-- This site is optimized with the Yoast SEO plugin v27.5 - https:\/\/yoast.com\/product\/yoast-seo-wordpress\/ -->\n<title>Jacob Balde, Jephtas tragoedia, La fille de Jepht\u00e9, trag\u00e9die, \u00e9dition de Dominique G\u00e9rard-Millet, Classiques Garnier, coll. Biblioth\u00e8que du XVIIe si\u00e8cle, n\u00b035, Paris, 2020 - Soci\u00e9t\u00e9 d&#039;\u00c9tudes M\u00e9dio Et N\u00e9o-Latines<\/title>\n<meta name=\"robots\" content=\"index, follow, max-snippet:-1, max-image-preview:large, max-video-preview:-1\" \/>\n<link rel=\"canonical\" href=\"https:\/\/www.semen-l.org\/?p=3147\" \/>\n<meta property=\"og:locale\" content=\"fr_FR\" \/>\n<meta property=\"og:type\" content=\"article\" \/>\n<meta property=\"og:title\" content=\"Jacob Balde, Jephtas tragoedia, La fille de Jepht\u00e9, trag\u00e9die, \u00e9dition de Dominique G\u00e9rard-Millet, Classiques Garnier, coll. Biblioth\u00e8que du XVIIe si\u00e8cle, n\u00b035, Paris, 2020 - Soci\u00e9t\u00e9 d&#039;\u00c9tudes M\u00e9dio Et N\u00e9o-Latines\" \/>\n<meta property=\"og:description\" content=\"Jacob Balde, Jephtas tragoedia, La fille de Jepht\u00e9, trag\u00e9die, \u00e9dition de Dominique G\u00e9rard-Millet, Classiques Garnier, coll. Biblioth\u00e8que du XVIIe si\u00e8cle, n\u00b035, Paris, 2020, 668 p., 58 \u20ac Jacob Balde (1604-1668), j\u00e9suite allemand, composa la trag\u00e9die La Fille de Jepht\u00e9, jou\u00e9e &hellip; Continuer la lecture &rarr;\" \/>\n<meta property=\"og:url\" content=\"https:\/\/www.semen-l.org\/?p=3147\" \/>\n<meta property=\"og:site_name\" content=\"Soci\u00e9t\u00e9 d&#039;\u00c9tudes M\u00e9dio Et N\u00e9o-Latines\" \/>\n<meta property=\"article:publisher\" content=\"https:\/\/www.facebook.com\/SEMENL2018\" \/>\n<meta property=\"article:published_time\" content=\"2020-12-12T22:02:12+00:00\" \/>\n<meta property=\"article:modified_time\" content=\"2024-02-12T22:03:47+00:00\" \/>\n<meta name=\"author\" content=\"Julien Maudoux\" \/>\n<meta name=\"twitter:card\" content=\"summary_large_image\" \/>\n<meta name=\"twitter:label1\" content=\"\u00c9crit par\" \/>\n\t<meta name=\"twitter:data1\" content=\"Julien Maudoux\" \/>\n\t<meta name=\"twitter:label2\" content=\"Dur\u00e9e de lecture estim\u00e9e\" \/>\n\t<meta name=\"twitter:data2\" content=\"1 minute\" \/>\n<script type=\"application\/ld+json\" class=\"yoast-schema-graph\">{\"@context\":\"https:\\\/\\\/schema.org\",\"@graph\":[{\"@type\":\"Article\",\"@id\":\"https:\\\/\\\/www.semen-l.org\\\/?p=3147#article\",\"isPartOf\":{\"@id\":\"https:\\\/\\\/www.semen-l.org\\\/?p=3147\"},\"author\":{\"name\":\"Julien Maudoux\",\"@id\":\"http:\\\/\\\/www.semen-l.org\\\/#\\\/schema\\\/person\\\/ef5208815f17666727763c5363a51344\"},\"headline\":\"Jacob Balde, Jephtas tragoedia, La fille de Jepht\u00e9, trag\u00e9die, \u00e9dition de Dominique G\u00e9rard-Millet, Classiques Garnier, coll. Biblioth\u00e8que du XVIIe si\u00e8cle, n\u00b035, Paris, 2020\",\"datePublished\":\"2020-12-12T22:02:12+00:00\",\"dateModified\":\"2024-02-12T22:03:47+00:00\",\"mainEntityOfPage\":{\"@id\":\"https:\\\/\\\/www.semen-l.org\\\/?p=3147\"},\"wordCount\":122,\"commentCount\":0,\"publisher\":{\"@id\":\"http:\\\/\\\/www.semen-l.org\\\/#organization\"},\"keywords\":[\"Balde (Jakob)\",\"contre-r\u00e9forme\",\"exeg\u00e8se\",\"Jephtas tragoedia\",\"Jepht\u00e9\",\"j\u00e9suitisme\",\"p\u00e9dagogie\"],\"articleSection\":[\"Recensions\"],\"inLanguage\":\"fr-FR\",\"potentialAction\":[{\"@type\":\"CommentAction\",\"name\":\"Comment\",\"target\":[\"https:\\\/\\\/www.semen-l.org\\\/?p=3147#respond\"]}]},{\"@type\":\"WebPage\",\"@id\":\"https:\\\/\\\/www.semen-l.org\\\/?p=3147\",\"url\":\"https:\\\/\\\/www.semen-l.org\\\/?p=3147\",\"name\":\"Jacob Balde, Jephtas tragoedia, La fille de Jepht\u00e9, trag\u00e9die, \u00e9dition de Dominique G\u00e9rard-Millet, Classiques Garnier, coll. Biblioth\u00e8que du XVIIe si\u00e8cle, n\u00b035, Paris, 2020 - Soci\u00e9t\u00e9 d&#039;\u00c9tudes M\u00e9dio Et N\u00e9o-Latines\",\"isPartOf\":{\"@id\":\"http:\\\/\\\/www.semen-l.org\\\/#website\"},\"datePublished\":\"2020-12-12T22:02:12+00:00\",\"dateModified\":\"2024-02-12T22:03:47+00:00\",\"breadcrumb\":{\"@id\":\"https:\\\/\\\/www.semen-l.org\\\/?p=3147#breadcrumb\"},\"inLanguage\":\"fr-FR\",\"potentialAction\":[{\"@type\":\"ReadAction\",\"target\":[\"https:\\\/\\\/www.semen-l.org\\\/?p=3147\"]}]},{\"@type\":\"BreadcrumbList\",\"@id\":\"https:\\\/\\\/www.semen-l.org\\\/?p=3147#breadcrumb\",\"itemListElement\":[{\"@type\":\"ListItem\",\"position\":1,\"name\":\"Accueil\",\"item\":\"http:\\\/\\\/www.semen-l.org\\\/\"},{\"@type\":\"ListItem\",\"position\":2,\"name\":\"Jacob Balde, Jephtas tragoedia, La fille de Jepht\u00e9, trag\u00e9die, \u00e9dition de Dominique G\u00e9rard-Millet, Classiques Garnier, coll. Biblioth\u00e8que du XVIIe si\u00e8cle, n\u00b035, Paris, 2020\"}]},{\"@type\":\"WebSite\",\"@id\":\"http:\\\/\\\/www.semen-l.org\\\/#website\",\"url\":\"http:\\\/\\\/www.semen-l.org\\\/\",\"name\":\"Soci\u00e9t\u00e9 d'\u00c9tudes M\u00e9dio Et N\u00e9o-Latines\",\"description\":\"\",\"publisher\":{\"@id\":\"http:\\\/\\\/www.semen-l.org\\\/#organization\"},\"potentialAction\":[{\"@type\":\"SearchAction\",\"target\":{\"@type\":\"EntryPoint\",\"urlTemplate\":\"http:\\\/\\\/www.semen-l.org\\\/?s={search_term_string}\"},\"query-input\":{\"@type\":\"PropertyValueSpecification\",\"valueRequired\":true,\"valueName\":\"search_term_string\"}}],\"inLanguage\":\"fr-FR\"},{\"@type\":\"Organization\",\"@id\":\"http:\\\/\\\/www.semen-l.org\\\/#organization\",\"name\":\"Soci\u00e9t\u00e9 d'\u00e9tudes m\u00e9dio et n\u00e9o-latines\",\"url\":\"http:\\\/\\\/www.semen-l.org\\\/\",\"logo\":{\"@type\":\"ImageObject\",\"inLanguage\":\"fr-FR\",\"@id\":\"http:\\\/\\\/www.semen-l.org\\\/#\\\/schema\\\/logo\\\/image\\\/\",\"url\":\"http:\\\/\\\/www.semen-l.org\\\/wp-content\\\/uploads\\\/2020\\\/11\\\/logo-semenl.jpg\",\"contentUrl\":\"http:\\\/\\\/www.semen-l.org\\\/wp-content\\\/uploads\\\/2020\\\/11\\\/logo-semenl.jpg\",\"width\":408,\"height\":403,\"caption\":\"Soci\u00e9t\u00e9 d'\u00e9tudes m\u00e9dio et n\u00e9o-latines\"},\"image\":{\"@id\":\"http:\\\/\\\/www.semen-l.org\\\/#\\\/schema\\\/logo\\\/image\\\/\"},\"sameAs\":[\"https:\\\/\\\/www.facebook.com\\\/SEMENL2018\",\"https:\\\/\\\/independent.academia.edu\\\/SocitsdtudesmdioetnolatinesSEMENL\"]},{\"@type\":\"Person\",\"@id\":\"http:\\\/\\\/www.semen-l.org\\\/#\\\/schema\\\/person\\\/ef5208815f17666727763c5363a51344\",\"name\":\"Julien Maudoux\",\"image\":{\"@type\":\"ImageObject\",\"inLanguage\":\"fr-FR\",\"@id\":\"https:\\\/\\\/secure.gravatar.com\\\/avatar\\\/caabf4fb6242e2277733cd35a5c2aa083761ea25dae1d1ff3298b54292225292?s=96&d=mm&r=g\",\"url\":\"https:\\\/\\\/secure.gravatar.com\\\/avatar\\\/caabf4fb6242e2277733cd35a5c2aa083761ea25dae1d1ff3298b54292225292?s=96&d=mm&r=g\",\"contentUrl\":\"https:\\\/\\\/secure.gravatar.com\\\/avatar\\\/caabf4fb6242e2277733cd35a5c2aa083761ea25dae1d1ff3298b54292225292?s=96&d=mm&r=g\",\"caption\":\"Julien Maudoux\"},\"description\":\"Webmestre du site de la SEMEN-L\",\"url\":\"https:\\\/\\\/www.semen-l.org\\\/?author=26\"}]}<\/script>\n<!-- \/ Yoast SEO plugin. -->","yoast_head_json":{"title":"Jacob Balde, Jephtas tragoedia, La fille de Jepht\u00e9, trag\u00e9die, \u00e9dition de Dominique G\u00e9rard-Millet, Classiques Garnier, coll. Biblioth\u00e8que du XVIIe si\u00e8cle, n\u00b035, Paris, 2020 - Soci\u00e9t\u00e9 d&#039;\u00c9tudes M\u00e9dio Et N\u00e9o-Latines","robots":{"index":"index","follow":"follow","max-snippet":"max-snippet:-1","max-image-preview":"max-image-preview:large","max-video-preview":"max-video-preview:-1"},"canonical":"https:\/\/www.semen-l.org\/?p=3147","og_locale":"fr_FR","og_type":"article","og_title":"Jacob Balde, Jephtas tragoedia, La fille de Jepht\u00e9, trag\u00e9die, \u00e9dition de Dominique G\u00e9rard-Millet, Classiques Garnier, coll. Biblioth\u00e8que du XVIIe si\u00e8cle, n\u00b035, Paris, 2020 - Soci\u00e9t\u00e9 d&#039;\u00c9tudes M\u00e9dio Et N\u00e9o-Latines","og_description":"Jacob Balde, Jephtas tragoedia, La fille de Jepht\u00e9, trag\u00e9die, \u00e9dition de Dominique G\u00e9rard-Millet, Classiques Garnier, coll. Biblioth\u00e8que du XVIIe si\u00e8cle, n\u00b035, Paris, 2020, 668 p., 58 \u20ac Jacob Balde (1604-1668), j\u00e9suite allemand, composa la trag\u00e9die La Fille de Jepht\u00e9, jou\u00e9e &hellip; Continuer la lecture &rarr;","og_url":"https:\/\/www.semen-l.org\/?p=3147","og_site_name":"Soci\u00e9t\u00e9 d&#039;\u00c9tudes M\u00e9dio Et N\u00e9o-Latines","article_publisher":"https:\/\/www.facebook.com\/SEMENL2018","article_published_time":"2020-12-12T22:02:12+00:00","article_modified_time":"2024-02-12T22:03:47+00:00","author":"Julien Maudoux","twitter_card":"summary_large_image","twitter_misc":{"\u00c9crit par":"Julien Maudoux","Dur\u00e9e de lecture estim\u00e9e":"1 minute"},"schema":{"@context":"https:\/\/schema.org","@graph":[{"@type":"Article","@id":"https:\/\/www.semen-l.org\/?p=3147#article","isPartOf":{"@id":"https:\/\/www.semen-l.org\/?p=3147"},"author":{"name":"Julien Maudoux","@id":"http:\/\/www.semen-l.org\/#\/schema\/person\/ef5208815f17666727763c5363a51344"},"headline":"Jacob Balde, Jephtas tragoedia, La fille de Jepht\u00e9, trag\u00e9die, \u00e9dition de Dominique G\u00e9rard-Millet, Classiques Garnier, coll. Biblioth\u00e8que du XVIIe si\u00e8cle, n\u00b035, Paris, 2020","datePublished":"2020-12-12T22:02:12+00:00","dateModified":"2024-02-12T22:03:47+00:00","mainEntityOfPage":{"@id":"https:\/\/www.semen-l.org\/?p=3147"},"wordCount":122,"commentCount":0,"publisher":{"@id":"http:\/\/www.semen-l.org\/#organization"},"keywords":["Balde (Jakob)","contre-r\u00e9forme","exeg\u00e8se","Jephtas tragoedia","Jepht\u00e9","j\u00e9suitisme","p\u00e9dagogie"],"articleSection":["Recensions"],"inLanguage":"fr-FR","potentialAction":[{"@type":"CommentAction","name":"Comment","target":["https:\/\/www.semen-l.org\/?p=3147#respond"]}]},{"@type":"WebPage","@id":"https:\/\/www.semen-l.org\/?p=3147","url":"https:\/\/www.semen-l.org\/?p=3147","name":"Jacob Balde, Jephtas tragoedia, La fille de Jepht\u00e9, trag\u00e9die, \u00e9dition de Dominique G\u00e9rard-Millet, Classiques Garnier, coll. Biblioth\u00e8que du XVIIe si\u00e8cle, n\u00b035, Paris, 2020 - Soci\u00e9t\u00e9 d&#039;\u00c9tudes M\u00e9dio Et N\u00e9o-Latines","isPartOf":{"@id":"http:\/\/www.semen-l.org\/#website"},"datePublished":"2020-12-12T22:02:12+00:00","dateModified":"2024-02-12T22:03:47+00:00","breadcrumb":{"@id":"https:\/\/www.semen-l.org\/?p=3147#breadcrumb"},"inLanguage":"fr-FR","potentialAction":[{"@type":"ReadAction","target":["https:\/\/www.semen-l.org\/?p=3147"]}]},{"@type":"BreadcrumbList","@id":"https:\/\/www.semen-l.org\/?p=3147#breadcrumb","itemListElement":[{"@type":"ListItem","position":1,"name":"Accueil","item":"http:\/\/www.semen-l.org\/"},{"@type":"ListItem","position":2,"name":"Jacob Balde, Jephtas tragoedia, La fille de Jepht\u00e9, trag\u00e9die, \u00e9dition de Dominique G\u00e9rard-Millet, Classiques Garnier, coll. Biblioth\u00e8que du XVIIe si\u00e8cle, n\u00b035, Paris, 2020"}]},{"@type":"WebSite","@id":"http:\/\/www.semen-l.org\/#website","url":"http:\/\/www.semen-l.org\/","name":"Soci\u00e9t\u00e9 d'\u00c9tudes M\u00e9dio Et N\u00e9o-Latines","description":"","publisher":{"@id":"http:\/\/www.semen-l.org\/#organization"},"potentialAction":[{"@type":"SearchAction","target":{"@type":"EntryPoint","urlTemplate":"http:\/\/www.semen-l.org\/?s={search_term_string}"},"query-input":{"@type":"PropertyValueSpecification","valueRequired":true,"valueName":"search_term_string"}}],"inLanguage":"fr-FR"},{"@type":"Organization","@id":"http:\/\/www.semen-l.org\/#organization","name":"Soci\u00e9t\u00e9 d'\u00e9tudes m\u00e9dio et n\u00e9o-latines","url":"http:\/\/www.semen-l.org\/","logo":{"@type":"ImageObject","inLanguage":"fr-FR","@id":"http:\/\/www.semen-l.org\/#\/schema\/logo\/image\/","url":"http:\/\/www.semen-l.org\/wp-content\/uploads\/2020\/11\/logo-semenl.jpg","contentUrl":"http:\/\/www.semen-l.org\/wp-content\/uploads\/2020\/11\/logo-semenl.jpg","width":408,"height":403,"caption":"Soci\u00e9t\u00e9 d'\u00e9tudes m\u00e9dio et n\u00e9o-latines"},"image":{"@id":"http:\/\/www.semen-l.org\/#\/schema\/logo\/image\/"},"sameAs":["https:\/\/www.facebook.com\/SEMENL2018","https:\/\/independent.academia.edu\/SocitsdtudesmdioetnolatinesSEMENL"]},{"@type":"Person","@id":"http:\/\/www.semen-l.org\/#\/schema\/person\/ef5208815f17666727763c5363a51344","name":"Julien Maudoux","image":{"@type":"ImageObject","inLanguage":"fr-FR","@id":"https:\/\/secure.gravatar.com\/avatar\/caabf4fb6242e2277733cd35a5c2aa083761ea25dae1d1ff3298b54292225292?s=96&d=mm&r=g","url":"https:\/\/secure.gravatar.com\/avatar\/caabf4fb6242e2277733cd35a5c2aa083761ea25dae1d1ff3298b54292225292?s=96&d=mm&r=g","contentUrl":"https:\/\/secure.gravatar.com\/avatar\/caabf4fb6242e2277733cd35a5c2aa083761ea25dae1d1ff3298b54292225292?s=96&d=mm&r=g","caption":"Julien Maudoux"},"description":"Webmestre du site de la SEMEN-L","url":"https:\/\/www.semen-l.org\/?author=26"}]}},"jetpack_featured_media_url":"","_links":{"self":[{"href":"https:\/\/www.semen-l.org\/index.php?rest_route=\/wp\/v2\/posts\/3147","targetHints":{"allow":["GET"]}}],"collection":[{"href":"https:\/\/www.semen-l.org\/index.php?rest_route=\/wp\/v2\/posts"}],"about":[{"href":"https:\/\/www.semen-l.org\/index.php?rest_route=\/wp\/v2\/types\/post"}],"author":[{"embeddable":true,"href":"https:\/\/www.semen-l.org\/index.php?rest_route=\/wp\/v2\/users\/26"}],"replies":[{"embeddable":true,"href":"https:\/\/www.semen-l.org\/index.php?rest_route=%2Fwp%2Fv2%2Fcomments&post=3147"}],"version-history":[{"count":0,"href":"https:\/\/www.semen-l.org\/index.php?rest_route=\/wp\/v2\/posts\/3147\/revisions"}],"wp:attachment":[{"href":"https:\/\/www.semen-l.org\/index.php?rest_route=%2Fwp%2Fv2%2Fmedia&parent=3147"}],"wp:term":[{"taxonomy":"category","embeddable":true,"href":"https:\/\/www.semen-l.org\/index.php?rest_route=%2Fwp%2Fv2%2Fcategories&post=3147"},{"taxonomy":"post_tag","embeddable":true,"href":"https:\/\/www.semen-l.org\/index.php?rest_route=%2Fwp%2Fv2%2Ftags&post=3147"}],"curies":[{"name":"wp","href":"https:\/\/api.w.org\/{rel}","templated":true}]}}