{"id":3144,"date":"2020-12-12T22:00:41","date_gmt":"2020-12-12T22:00:41","guid":{"rendered":"https:\/\/www.semen-l.org\/?p=3144"},"modified":"2024-02-12T22:02:07","modified_gmt":"2024-02-12T22:02:07","slug":"non-omnis-moriar-la-reception-dhorace-dans-la-litterature-neo-latine-du-xve-au-xviie-siecle-edite-par-marc-laureys-nathalie-dauvois-et-donatella-coppini-noctes-neolatinae-vol-35-georg","status":"publish","type":"post","link":"https:\/\/www.semen-l.org\/?p=3144","title":{"rendered":"Non omnis moriar, La r\u00e9ception d\u2019Horace dans la litt\u00e9rature n\u00e9o-latine du XVe au XVIIe si\u00e8cle, \u00e9dit\u00e9 par Marc Laureys, Nathalie Dauvois et Donatella Coppini, Noctes neolatinae, vol. 35, Georg Olms Verlag, Hildesheim-Z\u00fcrich-New York, 2020"},"content":{"rendered":"<p><strong><em>Non<\/em><\/strong> <strong><em>omnis<\/em><\/strong> <strong><em>moriar,<\/em><\/strong> <strong><em>La<\/em><\/strong> <strong><em>r\u00e9ception d\u2019Horace dans la litt\u00e9rature n\u00e9o-latine du XV<\/em><\/strong><strong><em>e <\/em><\/strong><strong><em>au XVII<\/em><\/strong><strong><em>e <\/em><\/strong><strong><em>si\u00e8cle<\/em>, \u00e9dit\u00e9 par Marc Laureys, Nathalie Dauvois et Donatella Coppini, Noctes neolatinae, vol. 35, Georg Olms Verlag, Hildesheim-Z\u00fcrich-New York, 2020 <\/strong>(<strong>hal-02498765)<\/strong>.<\/p>\n<p>Ce volume pr\u00e9sente d\u2019une part les diff\u00e9rents textes et traditions qui illustrent la diversit\u00e9 des usages d\u2019Horace \u00e0 l\u2019\u00e2ge moderne et d\u2019autre part les raisons pour lesquelles il exerce \u00e0 cette \u00e9poque (et bien au-del\u00e0, dans certains cas jusqu\u2019\u00e0 aujourd\u2019hui) une fascination durable qui ne tient pas seulement \u00e0 son statut d\u2019auteur ancien mod\u00e8le, mais \u00e9galement au fait qu\u2019il est consid\u00e9r\u00e9 et aim\u00e9 comme un v\u00e9ritable compagnon de vie incarnant des vertus telles que l\u2019amiti\u00e9 ou la sociabilit\u00e9. L\u2019\u00e9tude se focalise sur la p\u00e9riode qui va du XVe au XVIIe si\u00e8cle, \u00e9poque repr\u00e9sentative des pratiques de la litt\u00e9rature n\u00e9o-latine dans la r\u00e9publique des lettres europ\u00e9enne.<\/p>\n<p>Cette recension a \u00e9t\u00e9 publi\u00e9e dans le<a href=\"https:\/\/www.semen-l.org\/wp-content\/uploads\/2010\/11\/Bulletin_n_18_2020.pdf\"> Bulletin de liaison n\u00b018 (2020) de la SEMEN-L<\/a> (p. 60).<\/p>\n","protected":false},"excerpt":{"rendered":"<p>Non omnis moriar, La r\u00e9ception d\u2019Horace dans la litt\u00e9rature n\u00e9o-latine du XVe au XVIIe si\u00e8cle, \u00e9dit\u00e9 par Marc Laureys, Nathalie Dauvois et Donatella Coppini, Noctes neolatinae, vol. 35, Georg Olms Verlag, Hildesheim-Z\u00fcrich-New York, 2020 (hal-02498765). Ce volume pr\u00e9sente d\u2019une part &hellip; <a href=\"https:\/\/www.semen-l.org\/?p=3144\">Continuer la lecture <span class=\"meta-nav\">&rarr;<\/span><\/a><\/p>\n","protected":false},"author":26,"featured_media":0,"comment_status":"open","ping_status":"open","sticky":false,"template":"","format":"standard","meta":{"footnotes":""},"categories":[1825],"tags":[1473,52],"class_list":["post-3144","post","type-post","status-publish","format-standard","hentry","category-recensions","tag-amitie","tag-horace"],"yoast_head":"<!-- This site is optimized with the Yoast SEO plugin v27.5 - https:\/\/yoast.com\/product\/yoast-seo-wordpress\/ -->\n<title>Non omnis moriar, La r\u00e9ception d\u2019Horace dans la litt\u00e9rature n\u00e9o-latine du XVe au XVIIe si\u00e8cle, \u00e9dit\u00e9 par Marc Laureys, Nathalie Dauvois et Donatella Coppini, Noctes neolatinae, vol. 35, Georg Olms Verlag, Hildesheim-Z\u00fcrich-New York, 2020 - Soci\u00e9t\u00e9 d&#039;\u00c9tudes M\u00e9dio Et N\u00e9o-Latines<\/title>\n<meta name=\"robots\" content=\"index, follow, max-snippet:-1, max-image-preview:large, max-video-preview:-1\" \/>\n<link rel=\"canonical\" href=\"http:\/\/www.semen-l.org\/?p=3144\" \/>\n<meta property=\"og:locale\" content=\"fr_FR\" \/>\n<meta property=\"og:type\" content=\"article\" \/>\n<meta property=\"og:title\" content=\"Non omnis moriar, La r\u00e9ception d\u2019Horace dans la litt\u00e9rature n\u00e9o-latine du XVe au XVIIe si\u00e8cle, \u00e9dit\u00e9 par Marc Laureys, Nathalie Dauvois et Donatella Coppini, Noctes neolatinae, vol. 35, Georg Olms Verlag, Hildesheim-Z\u00fcrich-New York, 2020 - Soci\u00e9t\u00e9 d&#039;\u00c9tudes M\u00e9dio Et N\u00e9o-Latines\" \/>\n<meta property=\"og:description\" content=\"Non omnis moriar, La r\u00e9ception d\u2019Horace dans la litt\u00e9rature n\u00e9o-latine du XVe au XVIIe si\u00e8cle, \u00e9dit\u00e9 par Marc Laureys, Nathalie Dauvois et Donatella Coppini, Noctes neolatinae, vol. 35, Georg Olms Verlag, Hildesheim-Z\u00fcrich-New York, 2020 (hal-02498765). Ce volume pr\u00e9sente d\u2019une part &hellip; Continuer la lecture &rarr;\" \/>\n<meta property=\"og:url\" content=\"http:\/\/www.semen-l.org\/?p=3144\" \/>\n<meta property=\"og:site_name\" content=\"Soci\u00e9t\u00e9 d&#039;\u00c9tudes M\u00e9dio Et N\u00e9o-Latines\" \/>\n<meta property=\"article:publisher\" content=\"https:\/\/www.facebook.com\/SEMENL2018\" \/>\n<meta property=\"article:published_time\" content=\"2020-12-12T22:00:41+00:00\" \/>\n<meta property=\"article:modified_time\" content=\"2024-02-12T22:02:07+00:00\" \/>\n<meta name=\"author\" content=\"Julien Maudoux\" \/>\n<meta name=\"twitter:card\" content=\"summary_large_image\" \/>\n<meta name=\"twitter:label1\" content=\"\u00c9crit par\" \/>\n\t<meta name=\"twitter:data1\" content=\"Julien Maudoux\" \/>\n\t<meta name=\"twitter:label2\" content=\"Dur\u00e9e de lecture estim\u00e9e\" \/>\n\t<meta name=\"twitter:data2\" content=\"1 minute\" \/>\n<script type=\"application\/ld+json\" class=\"yoast-schema-graph\">{\"@context\":\"https:\\\/\\\/schema.org\",\"@graph\":[{\"@type\":\"Article\",\"@id\":\"http:\\\/\\\/www.semen-l.org\\\/?p=3144#article\",\"isPartOf\":{\"@id\":\"http:\\\/\\\/www.semen-l.org\\\/?p=3144\"},\"author\":{\"name\":\"Julien Maudoux\",\"@id\":\"http:\\\/\\\/www.semen-l.org\\\/#\\\/schema\\\/person\\\/ef5208815f17666727763c5363a51344\"},\"headline\":\"Non omnis moriar, La r\u00e9ception d\u2019Horace dans la litt\u00e9rature n\u00e9o-latine du XVe au XVIIe si\u00e8cle, \u00e9dit\u00e9 par Marc Laureys, Nathalie Dauvois et Donatella Coppini, Noctes neolatinae, vol. 35, Georg Olms Verlag, Hildesheim-Z\u00fcrich-New York, 2020\",\"datePublished\":\"2020-12-12T22:00:41+00:00\",\"dateModified\":\"2024-02-12T22:02:07+00:00\",\"mainEntityOfPage\":{\"@id\":\"http:\\\/\\\/www.semen-l.org\\\/?p=3144\"},\"wordCount\":218,\"commentCount\":0,\"publisher\":{\"@id\":\"http:\\\/\\\/www.semen-l.org\\\/#organization\"},\"keywords\":[\"amiti\u00e9\",\"Horace\"],\"articleSection\":[\"Recensions\"],\"inLanguage\":\"fr-FR\",\"potentialAction\":[{\"@type\":\"CommentAction\",\"name\":\"Comment\",\"target\":[\"http:\\\/\\\/www.semen-l.org\\\/?p=3144#respond\"]}]},{\"@type\":\"WebPage\",\"@id\":\"http:\\\/\\\/www.semen-l.org\\\/?p=3144\",\"url\":\"http:\\\/\\\/www.semen-l.org\\\/?p=3144\",\"name\":\"Non omnis moriar, La r\u00e9ception d\u2019Horace dans la litt\u00e9rature n\u00e9o-latine du XVe au XVIIe si\u00e8cle, \u00e9dit\u00e9 par Marc Laureys, Nathalie Dauvois et Donatella Coppini, Noctes neolatinae, vol. 35, Georg Olms Verlag, Hildesheim-Z\u00fcrich-New York, 2020 - Soci\u00e9t\u00e9 d&#039;\u00c9tudes M\u00e9dio Et N\u00e9o-Latines\",\"isPartOf\":{\"@id\":\"http:\\\/\\\/www.semen-l.org\\\/#website\"},\"datePublished\":\"2020-12-12T22:00:41+00:00\",\"dateModified\":\"2024-02-12T22:02:07+00:00\",\"breadcrumb\":{\"@id\":\"http:\\\/\\\/www.semen-l.org\\\/?p=3144#breadcrumb\"},\"inLanguage\":\"fr-FR\",\"potentialAction\":[{\"@type\":\"ReadAction\",\"target\":[\"http:\\\/\\\/www.semen-l.org\\\/?p=3144\"]}]},{\"@type\":\"BreadcrumbList\",\"@id\":\"http:\\\/\\\/www.semen-l.org\\\/?p=3144#breadcrumb\",\"itemListElement\":[{\"@type\":\"ListItem\",\"position\":1,\"name\":\"Accueil\",\"item\":\"http:\\\/\\\/www.semen-l.org\\\/\"},{\"@type\":\"ListItem\",\"position\":2,\"name\":\"Non omnis moriar, La r\u00e9ception d\u2019Horace dans la litt\u00e9rature n\u00e9o-latine du XVe au XVIIe si\u00e8cle, \u00e9dit\u00e9 par Marc Laureys, Nathalie Dauvois et Donatella Coppini, Noctes neolatinae, vol. 35, Georg Olms Verlag, Hildesheim-Z\u00fcrich-New York, 2020\"}]},{\"@type\":\"WebSite\",\"@id\":\"http:\\\/\\\/www.semen-l.org\\\/#website\",\"url\":\"http:\\\/\\\/www.semen-l.org\\\/\",\"name\":\"Soci\u00e9t\u00e9 d'\u00c9tudes M\u00e9dio Et N\u00e9o-Latines\",\"description\":\"\",\"publisher\":{\"@id\":\"http:\\\/\\\/www.semen-l.org\\\/#organization\"},\"potentialAction\":[{\"@type\":\"SearchAction\",\"target\":{\"@type\":\"EntryPoint\",\"urlTemplate\":\"http:\\\/\\\/www.semen-l.org\\\/?s={search_term_string}\"},\"query-input\":{\"@type\":\"PropertyValueSpecification\",\"valueRequired\":true,\"valueName\":\"search_term_string\"}}],\"inLanguage\":\"fr-FR\"},{\"@type\":\"Organization\",\"@id\":\"http:\\\/\\\/www.semen-l.org\\\/#organization\",\"name\":\"Soci\u00e9t\u00e9 d'\u00e9tudes m\u00e9dio et n\u00e9o-latines\",\"url\":\"http:\\\/\\\/www.semen-l.org\\\/\",\"logo\":{\"@type\":\"ImageObject\",\"inLanguage\":\"fr-FR\",\"@id\":\"http:\\\/\\\/www.semen-l.org\\\/#\\\/schema\\\/logo\\\/image\\\/\",\"url\":\"http:\\\/\\\/www.semen-l.org\\\/wp-content\\\/uploads\\\/2020\\\/11\\\/logo-semenl.jpg\",\"contentUrl\":\"http:\\\/\\\/www.semen-l.org\\\/wp-content\\\/uploads\\\/2020\\\/11\\\/logo-semenl.jpg\",\"width\":408,\"height\":403,\"caption\":\"Soci\u00e9t\u00e9 d'\u00e9tudes m\u00e9dio et n\u00e9o-latines\"},\"image\":{\"@id\":\"http:\\\/\\\/www.semen-l.org\\\/#\\\/schema\\\/logo\\\/image\\\/\"},\"sameAs\":[\"https:\\\/\\\/www.facebook.com\\\/SEMENL2018\",\"https:\\\/\\\/independent.academia.edu\\\/SocitsdtudesmdioetnolatinesSEMENL\"]},{\"@type\":\"Person\",\"@id\":\"http:\\\/\\\/www.semen-l.org\\\/#\\\/schema\\\/person\\\/ef5208815f17666727763c5363a51344\",\"name\":\"Julien Maudoux\",\"image\":{\"@type\":\"ImageObject\",\"inLanguage\":\"fr-FR\",\"@id\":\"https:\\\/\\\/secure.gravatar.com\\\/avatar\\\/caabf4fb6242e2277733cd35a5c2aa083761ea25dae1d1ff3298b54292225292?s=96&d=mm&r=g\",\"url\":\"https:\\\/\\\/secure.gravatar.com\\\/avatar\\\/caabf4fb6242e2277733cd35a5c2aa083761ea25dae1d1ff3298b54292225292?s=96&d=mm&r=g\",\"contentUrl\":\"https:\\\/\\\/secure.gravatar.com\\\/avatar\\\/caabf4fb6242e2277733cd35a5c2aa083761ea25dae1d1ff3298b54292225292?s=96&d=mm&r=g\",\"caption\":\"Julien Maudoux\"},\"description\":\"Webmestre du site de la SEMEN-L\",\"url\":\"https:\\\/\\\/www.semen-l.org\\\/?author=26\"}]}<\/script>\n<!-- \/ Yoast SEO plugin. -->","yoast_head_json":{"title":"Non omnis moriar, La r\u00e9ception d\u2019Horace dans la litt\u00e9rature n\u00e9o-latine du XVe au XVIIe si\u00e8cle, \u00e9dit\u00e9 par Marc Laureys, Nathalie Dauvois et Donatella Coppini, Noctes neolatinae, vol. 35, Georg Olms Verlag, Hildesheim-Z\u00fcrich-New York, 2020 - Soci\u00e9t\u00e9 d&#039;\u00c9tudes M\u00e9dio Et N\u00e9o-Latines","robots":{"index":"index","follow":"follow","max-snippet":"max-snippet:-1","max-image-preview":"max-image-preview:large","max-video-preview":"max-video-preview:-1"},"canonical":"http:\/\/www.semen-l.org\/?p=3144","og_locale":"fr_FR","og_type":"article","og_title":"Non omnis moriar, La r\u00e9ception d\u2019Horace dans la litt\u00e9rature n\u00e9o-latine du XVe au XVIIe si\u00e8cle, \u00e9dit\u00e9 par Marc Laureys, Nathalie Dauvois et Donatella Coppini, Noctes neolatinae, vol. 35, Georg Olms Verlag, Hildesheim-Z\u00fcrich-New York, 2020 - Soci\u00e9t\u00e9 d&#039;\u00c9tudes M\u00e9dio Et N\u00e9o-Latines","og_description":"Non omnis moriar, La r\u00e9ception d\u2019Horace dans la litt\u00e9rature n\u00e9o-latine du XVe au XVIIe si\u00e8cle, \u00e9dit\u00e9 par Marc Laureys, Nathalie Dauvois et Donatella Coppini, Noctes neolatinae, vol. 35, Georg Olms Verlag, Hildesheim-Z\u00fcrich-New York, 2020 (hal-02498765). Ce volume pr\u00e9sente d\u2019une part &hellip; Continuer la lecture &rarr;","og_url":"http:\/\/www.semen-l.org\/?p=3144","og_site_name":"Soci\u00e9t\u00e9 d&#039;\u00c9tudes M\u00e9dio Et N\u00e9o-Latines","article_publisher":"https:\/\/www.facebook.com\/SEMENL2018","article_published_time":"2020-12-12T22:00:41+00:00","article_modified_time":"2024-02-12T22:02:07+00:00","author":"Julien Maudoux","twitter_card":"summary_large_image","twitter_misc":{"\u00c9crit par":"Julien Maudoux","Dur\u00e9e de lecture estim\u00e9e":"1 minute"},"schema":{"@context":"https:\/\/schema.org","@graph":[{"@type":"Article","@id":"http:\/\/www.semen-l.org\/?p=3144#article","isPartOf":{"@id":"http:\/\/www.semen-l.org\/?p=3144"},"author":{"name":"Julien Maudoux","@id":"http:\/\/www.semen-l.org\/#\/schema\/person\/ef5208815f17666727763c5363a51344"},"headline":"Non omnis moriar, La r\u00e9ception d\u2019Horace dans la litt\u00e9rature n\u00e9o-latine du XVe au XVIIe si\u00e8cle, \u00e9dit\u00e9 par Marc Laureys, Nathalie Dauvois et Donatella Coppini, Noctes neolatinae, vol. 35, Georg Olms Verlag, Hildesheim-Z\u00fcrich-New York, 2020","datePublished":"2020-12-12T22:00:41+00:00","dateModified":"2024-02-12T22:02:07+00:00","mainEntityOfPage":{"@id":"http:\/\/www.semen-l.org\/?p=3144"},"wordCount":218,"commentCount":0,"publisher":{"@id":"http:\/\/www.semen-l.org\/#organization"},"keywords":["amiti\u00e9","Horace"],"articleSection":["Recensions"],"inLanguage":"fr-FR","potentialAction":[{"@type":"CommentAction","name":"Comment","target":["http:\/\/www.semen-l.org\/?p=3144#respond"]}]},{"@type":"WebPage","@id":"http:\/\/www.semen-l.org\/?p=3144","url":"http:\/\/www.semen-l.org\/?p=3144","name":"Non omnis moriar, La r\u00e9ception d\u2019Horace dans la litt\u00e9rature n\u00e9o-latine du XVe au XVIIe si\u00e8cle, \u00e9dit\u00e9 par Marc Laureys, Nathalie Dauvois et Donatella Coppini, Noctes neolatinae, vol. 35, Georg Olms Verlag, Hildesheim-Z\u00fcrich-New York, 2020 - Soci\u00e9t\u00e9 d&#039;\u00c9tudes M\u00e9dio Et N\u00e9o-Latines","isPartOf":{"@id":"http:\/\/www.semen-l.org\/#website"},"datePublished":"2020-12-12T22:00:41+00:00","dateModified":"2024-02-12T22:02:07+00:00","breadcrumb":{"@id":"http:\/\/www.semen-l.org\/?p=3144#breadcrumb"},"inLanguage":"fr-FR","potentialAction":[{"@type":"ReadAction","target":["http:\/\/www.semen-l.org\/?p=3144"]}]},{"@type":"BreadcrumbList","@id":"http:\/\/www.semen-l.org\/?p=3144#breadcrumb","itemListElement":[{"@type":"ListItem","position":1,"name":"Accueil","item":"http:\/\/www.semen-l.org\/"},{"@type":"ListItem","position":2,"name":"Non omnis moriar, La r\u00e9ception d\u2019Horace dans la litt\u00e9rature n\u00e9o-latine du XVe au XVIIe si\u00e8cle, \u00e9dit\u00e9 par Marc Laureys, Nathalie Dauvois et Donatella Coppini, Noctes neolatinae, vol. 35, Georg Olms Verlag, Hildesheim-Z\u00fcrich-New York, 2020"}]},{"@type":"WebSite","@id":"http:\/\/www.semen-l.org\/#website","url":"http:\/\/www.semen-l.org\/","name":"Soci\u00e9t\u00e9 d'\u00c9tudes M\u00e9dio Et N\u00e9o-Latines","description":"","publisher":{"@id":"http:\/\/www.semen-l.org\/#organization"},"potentialAction":[{"@type":"SearchAction","target":{"@type":"EntryPoint","urlTemplate":"http:\/\/www.semen-l.org\/?s={search_term_string}"},"query-input":{"@type":"PropertyValueSpecification","valueRequired":true,"valueName":"search_term_string"}}],"inLanguage":"fr-FR"},{"@type":"Organization","@id":"http:\/\/www.semen-l.org\/#organization","name":"Soci\u00e9t\u00e9 d'\u00e9tudes m\u00e9dio et n\u00e9o-latines","url":"http:\/\/www.semen-l.org\/","logo":{"@type":"ImageObject","inLanguage":"fr-FR","@id":"http:\/\/www.semen-l.org\/#\/schema\/logo\/image\/","url":"http:\/\/www.semen-l.org\/wp-content\/uploads\/2020\/11\/logo-semenl.jpg","contentUrl":"http:\/\/www.semen-l.org\/wp-content\/uploads\/2020\/11\/logo-semenl.jpg","width":408,"height":403,"caption":"Soci\u00e9t\u00e9 d'\u00e9tudes m\u00e9dio et n\u00e9o-latines"},"image":{"@id":"http:\/\/www.semen-l.org\/#\/schema\/logo\/image\/"},"sameAs":["https:\/\/www.facebook.com\/SEMENL2018","https:\/\/independent.academia.edu\/SocitsdtudesmdioetnolatinesSEMENL"]},{"@type":"Person","@id":"http:\/\/www.semen-l.org\/#\/schema\/person\/ef5208815f17666727763c5363a51344","name":"Julien Maudoux","image":{"@type":"ImageObject","inLanguage":"fr-FR","@id":"https:\/\/secure.gravatar.com\/avatar\/caabf4fb6242e2277733cd35a5c2aa083761ea25dae1d1ff3298b54292225292?s=96&d=mm&r=g","url":"https:\/\/secure.gravatar.com\/avatar\/caabf4fb6242e2277733cd35a5c2aa083761ea25dae1d1ff3298b54292225292?s=96&d=mm&r=g","contentUrl":"https:\/\/secure.gravatar.com\/avatar\/caabf4fb6242e2277733cd35a5c2aa083761ea25dae1d1ff3298b54292225292?s=96&d=mm&r=g","caption":"Julien Maudoux"},"description":"Webmestre du site de la SEMEN-L","url":"https:\/\/www.semen-l.org\/?author=26"}]}},"jetpack_featured_media_url":"","_links":{"self":[{"href":"https:\/\/www.semen-l.org\/index.php?rest_route=\/wp\/v2\/posts\/3144","targetHints":{"allow":["GET"]}}],"collection":[{"href":"https:\/\/www.semen-l.org\/index.php?rest_route=\/wp\/v2\/posts"}],"about":[{"href":"https:\/\/www.semen-l.org\/index.php?rest_route=\/wp\/v2\/types\/post"}],"author":[{"embeddable":true,"href":"https:\/\/www.semen-l.org\/index.php?rest_route=\/wp\/v2\/users\/26"}],"replies":[{"embeddable":true,"href":"https:\/\/www.semen-l.org\/index.php?rest_route=%2Fwp%2Fv2%2Fcomments&post=3144"}],"version-history":[{"count":0,"href":"https:\/\/www.semen-l.org\/index.php?rest_route=\/wp\/v2\/posts\/3144\/revisions"}],"wp:attachment":[{"href":"https:\/\/www.semen-l.org\/index.php?rest_route=%2Fwp%2Fv2%2Fmedia&parent=3144"}],"wp:term":[{"taxonomy":"category","embeddable":true,"href":"https:\/\/www.semen-l.org\/index.php?rest_route=%2Fwp%2Fv2%2Fcategories&post=3144"},{"taxonomy":"post_tag","embeddable":true,"href":"https:\/\/www.semen-l.org\/index.php?rest_route=%2Fwp%2Fv2%2Ftags&post=3144"}],"curies":[{"name":"wp","href":"https:\/\/api.w.org\/{rel}","templated":true}]}}