{"id":3141,"date":"2020-12-12T21:58:49","date_gmt":"2020-12-12T21:58:49","guid":{"rendered":"https:\/\/www.semen-l.org\/?p=3141"},"modified":"2024-02-12T22:00:00","modified_gmt":"2024-02-12T22:00:00","slug":"jerome-cardan-le-livre-de-ma-vie-de-vita-propria-introduction-edition-et-traduction-par-jean-yves-boriaud-paris-les-belles-lettres-les-classiques-de-lhumanisme-2020","status":"publish","type":"post","link":"https:\/\/www.semen-l.org\/?p=3141","title":{"rendered":"J\u00e9r\u00f4me Cardan, Le Livre de ma vie \/ De Vita propria, introduction, \u00e9dition et traduction par Jean-Yves Boriaud, Paris, Les Belles Lettres, \u00ab Les Classiques de l\u2019humanisme \u00bb, 2020"},"content":{"rendered":"<h1>J\u00e9r\u00f4me Cardan, <em>Le Livre de ma vie <\/em>\/ <em>De Vita propria<\/em>, introduction, \u00e9dition et traduction par Jean-Yves Boriaud, Paris, Les Belles Lettres, \u00ab Les Classiques de l\u2019humanisme \u00bb, 2020, 406 p., 35 \u20ac<\/h1>\n<p>Le texte du <em>De propria uita <\/em>de J\u00e9r\u00f4me Cardan est pour la premi\u00e8re fois donn\u00e9 dans une \u00e9dition fond\u00e9e sur la collation et la consultation de tous les manuscrits par les soins de J.-Y. Boriaud, accompagn\u00e9e d\u2019un apparat critique pr\u00e9cis et de la traduction fran\u00e7aise en regard. En cinquante-quatre chapitres assez brefs, Cardan ne livre pas un r\u00e9cit continu de son existence mais plut\u00f4t un bilan \u00e0 travers le choix de moments cl\u00e9s ou de th\u00e8mes. Premi\u00e8re autobiographie moderne, le <em>De<\/em><em> propria uita <\/em>est un ouvrage majeur dans l\u2019histoire litt\u00e9raire et intellectuelle et la pr\u00e9sente \u00e9dition en offre le texte le plus complet et fid\u00e8le possible.<\/p>\n<p>Cette recension a \u00e9t\u00e9 publi\u00e9e dans le<a href=\"https:\/\/www.semen-l.org\/wp-content\/uploads\/2010\/11\/Bulletin_n_18_2020.pdf\"> Bulletin de liaison n\u00b018 (2020) de la SEMEN-L<\/a> (p. 59-60).<\/p>\n","protected":false},"excerpt":{"rendered":"<p>J\u00e9r\u00f4me Cardan, Le Livre de ma vie \/ De Vita propria, introduction, \u00e9dition et traduction par Jean-Yves Boriaud, Paris, Les Belles Lettres, \u00ab Les Classiques de l\u2019humanisme \u00bb, 2020, 406 p., 35 \u20ac Le texte du De propria uita de &hellip; <a href=\"https:\/\/www.semen-l.org\/?p=3141\">Continuer la lecture <span class=\"meta-nav\">&rarr;<\/span><\/a><\/p>\n","protected":false},"author":26,"featured_media":0,"comment_status":"open","ping_status":"open","sticky":false,"template":"","format":"standard","meta":{"footnotes":""},"categories":[1825],"tags":[1916,931,932],"class_list":["post-3141","post","type-post","status-publish","format-standard","hentry","category-recensions","tag-autobiographie","tag-cardan-jerome","tag-de-vita-propria-le-livre-de-ma-vie"],"yoast_head":"<!-- This site is optimized with the Yoast SEO plugin v27.5 - https:\/\/yoast.com\/product\/yoast-seo-wordpress\/ -->\n<title>J\u00e9r\u00f4me Cardan, Le Livre de ma vie \/ De Vita propria, introduction, \u00e9dition et traduction par Jean-Yves Boriaud, Paris, Les Belles Lettres, \u00ab Les Classiques de l\u2019humanisme \u00bb, 2020 - Soci\u00e9t\u00e9 d&#039;\u00c9tudes M\u00e9dio Et N\u00e9o-Latines<\/title>\n<meta name=\"robots\" content=\"index, follow, max-snippet:-1, max-image-preview:large, max-video-preview:-1\" \/>\n<link rel=\"canonical\" href=\"https:\/\/www.semen-l.org\/?p=3141\" \/>\n<meta property=\"og:locale\" content=\"fr_FR\" \/>\n<meta property=\"og:type\" content=\"article\" \/>\n<meta property=\"og:title\" content=\"J\u00e9r\u00f4me Cardan, Le Livre de ma vie \/ De Vita propria, introduction, \u00e9dition et traduction par Jean-Yves Boriaud, Paris, Les Belles Lettres, \u00ab Les Classiques de l\u2019humanisme \u00bb, 2020 - Soci\u00e9t\u00e9 d&#039;\u00c9tudes M\u00e9dio Et N\u00e9o-Latines\" \/>\n<meta property=\"og:description\" content=\"J\u00e9r\u00f4me Cardan, Le Livre de ma vie \/ De Vita propria, introduction, \u00e9dition et traduction par Jean-Yves Boriaud, Paris, Les Belles Lettres, \u00ab Les Classiques de l\u2019humanisme \u00bb, 2020, 406 p., 35 \u20ac Le texte du De propria uita de &hellip; Continuer la lecture &rarr;\" \/>\n<meta property=\"og:url\" content=\"https:\/\/www.semen-l.org\/?p=3141\" \/>\n<meta property=\"og:site_name\" content=\"Soci\u00e9t\u00e9 d&#039;\u00c9tudes M\u00e9dio Et N\u00e9o-Latines\" \/>\n<meta property=\"article:publisher\" content=\"https:\/\/www.facebook.com\/SEMENL2018\" \/>\n<meta property=\"article:published_time\" content=\"2020-12-12T21:58:49+00:00\" \/>\n<meta property=\"article:modified_time\" content=\"2024-02-12T22:00:00+00:00\" \/>\n<meta name=\"author\" content=\"Julien Maudoux\" \/>\n<meta name=\"twitter:card\" content=\"summary_large_image\" \/>\n<meta name=\"twitter:label1\" content=\"\u00c9crit par\" \/>\n\t<meta name=\"twitter:data1\" content=\"Julien Maudoux\" \/>\n\t<meta name=\"twitter:label2\" content=\"Dur\u00e9e de lecture estim\u00e9e\" \/>\n\t<meta name=\"twitter:data2\" content=\"1 minute\" \/>\n<script type=\"application\/ld+json\" class=\"yoast-schema-graph\">{\"@context\":\"https:\\\/\\\/schema.org\",\"@graph\":[{\"@type\":\"Article\",\"@id\":\"https:\\\/\\\/www.semen-l.org\\\/?p=3141#article\",\"isPartOf\":{\"@id\":\"https:\\\/\\\/www.semen-l.org\\\/?p=3141\"},\"author\":{\"name\":\"Julien Maudoux\",\"@id\":\"http:\\\/\\\/www.semen-l.org\\\/#\\\/schema\\\/person\\\/ef5208815f17666727763c5363a51344\"},\"headline\":\"J\u00e9r\u00f4me Cardan, Le Livre de ma vie \\\/ De Vita propria, introduction, \u00e9dition et traduction par Jean-Yves Boriaud, Paris, Les Belles Lettres, \u00ab Les Classiques de l\u2019humanisme \u00bb, 2020\",\"datePublished\":\"2020-12-12T21:58:49+00:00\",\"dateModified\":\"2024-02-12T22:00:00+00:00\",\"mainEntityOfPage\":{\"@id\":\"https:\\\/\\\/www.semen-l.org\\\/?p=3141\"},\"wordCount\":197,\"commentCount\":0,\"publisher\":{\"@id\":\"http:\\\/\\\/www.semen-l.org\\\/#organization\"},\"keywords\":[\"autobiographie\",\"Cardan (J\u00e9r\u00f4me)\",\"De Vita propria (Le livre de ma vie)\"],\"articleSection\":[\"Recensions\"],\"inLanguage\":\"fr-FR\",\"potentialAction\":[{\"@type\":\"CommentAction\",\"name\":\"Comment\",\"target\":[\"https:\\\/\\\/www.semen-l.org\\\/?p=3141#respond\"]}]},{\"@type\":\"WebPage\",\"@id\":\"https:\\\/\\\/www.semen-l.org\\\/?p=3141\",\"url\":\"https:\\\/\\\/www.semen-l.org\\\/?p=3141\",\"name\":\"J\u00e9r\u00f4me Cardan, Le Livre de ma vie \\\/ De Vita propria, introduction, \u00e9dition et traduction par Jean-Yves Boriaud, Paris, Les Belles Lettres, \u00ab Les Classiques de l\u2019humanisme \u00bb, 2020 - Soci\u00e9t\u00e9 d&#039;\u00c9tudes M\u00e9dio Et N\u00e9o-Latines\",\"isPartOf\":{\"@id\":\"http:\\\/\\\/www.semen-l.org\\\/#website\"},\"datePublished\":\"2020-12-12T21:58:49+00:00\",\"dateModified\":\"2024-02-12T22:00:00+00:00\",\"breadcrumb\":{\"@id\":\"https:\\\/\\\/www.semen-l.org\\\/?p=3141#breadcrumb\"},\"inLanguage\":\"fr-FR\",\"potentialAction\":[{\"@type\":\"ReadAction\",\"target\":[\"https:\\\/\\\/www.semen-l.org\\\/?p=3141\"]}]},{\"@type\":\"BreadcrumbList\",\"@id\":\"https:\\\/\\\/www.semen-l.org\\\/?p=3141#breadcrumb\",\"itemListElement\":[{\"@type\":\"ListItem\",\"position\":1,\"name\":\"Accueil\",\"item\":\"http:\\\/\\\/www.semen-l.org\\\/\"},{\"@type\":\"ListItem\",\"position\":2,\"name\":\"J\u00e9r\u00f4me Cardan, Le Livre de ma vie \\\/ De Vita propria, introduction, \u00e9dition et traduction par Jean-Yves Boriaud, Paris, Les Belles Lettres, \u00ab Les Classiques de l\u2019humanisme \u00bb, 2020\"}]},{\"@type\":\"WebSite\",\"@id\":\"http:\\\/\\\/www.semen-l.org\\\/#website\",\"url\":\"http:\\\/\\\/www.semen-l.org\\\/\",\"name\":\"Soci\u00e9t\u00e9 d'\u00c9tudes M\u00e9dio Et N\u00e9o-Latines\",\"description\":\"\",\"publisher\":{\"@id\":\"http:\\\/\\\/www.semen-l.org\\\/#organization\"},\"potentialAction\":[{\"@type\":\"SearchAction\",\"target\":{\"@type\":\"EntryPoint\",\"urlTemplate\":\"http:\\\/\\\/www.semen-l.org\\\/?s={search_term_string}\"},\"query-input\":{\"@type\":\"PropertyValueSpecification\",\"valueRequired\":true,\"valueName\":\"search_term_string\"}}],\"inLanguage\":\"fr-FR\"},{\"@type\":\"Organization\",\"@id\":\"http:\\\/\\\/www.semen-l.org\\\/#organization\",\"name\":\"Soci\u00e9t\u00e9 d'\u00e9tudes m\u00e9dio et n\u00e9o-latines\",\"url\":\"http:\\\/\\\/www.semen-l.org\\\/\",\"logo\":{\"@type\":\"ImageObject\",\"inLanguage\":\"fr-FR\",\"@id\":\"http:\\\/\\\/www.semen-l.org\\\/#\\\/schema\\\/logo\\\/image\\\/\",\"url\":\"http:\\\/\\\/www.semen-l.org\\\/wp-content\\\/uploads\\\/2020\\\/11\\\/logo-semenl.jpg\",\"contentUrl\":\"http:\\\/\\\/www.semen-l.org\\\/wp-content\\\/uploads\\\/2020\\\/11\\\/logo-semenl.jpg\",\"width\":408,\"height\":403,\"caption\":\"Soci\u00e9t\u00e9 d'\u00e9tudes m\u00e9dio et n\u00e9o-latines\"},\"image\":{\"@id\":\"http:\\\/\\\/www.semen-l.org\\\/#\\\/schema\\\/logo\\\/image\\\/\"},\"sameAs\":[\"https:\\\/\\\/www.facebook.com\\\/SEMENL2018\",\"https:\\\/\\\/independent.academia.edu\\\/SocitsdtudesmdioetnolatinesSEMENL\"]},{\"@type\":\"Person\",\"@id\":\"http:\\\/\\\/www.semen-l.org\\\/#\\\/schema\\\/person\\\/ef5208815f17666727763c5363a51344\",\"name\":\"Julien Maudoux\",\"image\":{\"@type\":\"ImageObject\",\"inLanguage\":\"fr-FR\",\"@id\":\"https:\\\/\\\/secure.gravatar.com\\\/avatar\\\/caabf4fb6242e2277733cd35a5c2aa083761ea25dae1d1ff3298b54292225292?s=96&d=mm&r=g\",\"url\":\"https:\\\/\\\/secure.gravatar.com\\\/avatar\\\/caabf4fb6242e2277733cd35a5c2aa083761ea25dae1d1ff3298b54292225292?s=96&d=mm&r=g\",\"contentUrl\":\"https:\\\/\\\/secure.gravatar.com\\\/avatar\\\/caabf4fb6242e2277733cd35a5c2aa083761ea25dae1d1ff3298b54292225292?s=96&d=mm&r=g\",\"caption\":\"Julien Maudoux\"},\"description\":\"Webmestre du site de la SEMEN-L\",\"url\":\"https:\\\/\\\/www.semen-l.org\\\/?author=26\"}]}<\/script>\n<!-- \/ Yoast SEO plugin. -->","yoast_head_json":{"title":"J\u00e9r\u00f4me Cardan, Le Livre de ma vie \/ De Vita propria, introduction, \u00e9dition et traduction par Jean-Yves Boriaud, Paris, Les Belles Lettres, \u00ab Les Classiques de l\u2019humanisme \u00bb, 2020 - Soci\u00e9t\u00e9 d&#039;\u00c9tudes M\u00e9dio Et N\u00e9o-Latines","robots":{"index":"index","follow":"follow","max-snippet":"max-snippet:-1","max-image-preview":"max-image-preview:large","max-video-preview":"max-video-preview:-1"},"canonical":"https:\/\/www.semen-l.org\/?p=3141","og_locale":"fr_FR","og_type":"article","og_title":"J\u00e9r\u00f4me Cardan, Le Livre de ma vie \/ De Vita propria, introduction, \u00e9dition et traduction par Jean-Yves Boriaud, Paris, Les Belles Lettres, \u00ab Les Classiques de l\u2019humanisme \u00bb, 2020 - Soci\u00e9t\u00e9 d&#039;\u00c9tudes M\u00e9dio Et N\u00e9o-Latines","og_description":"J\u00e9r\u00f4me Cardan, Le Livre de ma vie \/ De Vita propria, introduction, \u00e9dition et traduction par Jean-Yves Boriaud, Paris, Les Belles Lettres, \u00ab Les Classiques de l\u2019humanisme \u00bb, 2020, 406 p., 35 \u20ac Le texte du De propria uita de &hellip; Continuer la lecture &rarr;","og_url":"https:\/\/www.semen-l.org\/?p=3141","og_site_name":"Soci\u00e9t\u00e9 d&#039;\u00c9tudes M\u00e9dio Et N\u00e9o-Latines","article_publisher":"https:\/\/www.facebook.com\/SEMENL2018","article_published_time":"2020-12-12T21:58:49+00:00","article_modified_time":"2024-02-12T22:00:00+00:00","author":"Julien Maudoux","twitter_card":"summary_large_image","twitter_misc":{"\u00c9crit par":"Julien Maudoux","Dur\u00e9e de lecture estim\u00e9e":"1 minute"},"schema":{"@context":"https:\/\/schema.org","@graph":[{"@type":"Article","@id":"https:\/\/www.semen-l.org\/?p=3141#article","isPartOf":{"@id":"https:\/\/www.semen-l.org\/?p=3141"},"author":{"name":"Julien Maudoux","@id":"http:\/\/www.semen-l.org\/#\/schema\/person\/ef5208815f17666727763c5363a51344"},"headline":"J\u00e9r\u00f4me Cardan, Le Livre de ma vie \/ De Vita propria, introduction, \u00e9dition et traduction par Jean-Yves Boriaud, Paris, Les Belles Lettres, \u00ab Les Classiques de l\u2019humanisme \u00bb, 2020","datePublished":"2020-12-12T21:58:49+00:00","dateModified":"2024-02-12T22:00:00+00:00","mainEntityOfPage":{"@id":"https:\/\/www.semen-l.org\/?p=3141"},"wordCount":197,"commentCount":0,"publisher":{"@id":"http:\/\/www.semen-l.org\/#organization"},"keywords":["autobiographie","Cardan (J\u00e9r\u00f4me)","De Vita propria (Le livre de ma vie)"],"articleSection":["Recensions"],"inLanguage":"fr-FR","potentialAction":[{"@type":"CommentAction","name":"Comment","target":["https:\/\/www.semen-l.org\/?p=3141#respond"]}]},{"@type":"WebPage","@id":"https:\/\/www.semen-l.org\/?p=3141","url":"https:\/\/www.semen-l.org\/?p=3141","name":"J\u00e9r\u00f4me Cardan, Le Livre de ma vie \/ De Vita propria, introduction, \u00e9dition et traduction par Jean-Yves Boriaud, Paris, Les Belles Lettres, \u00ab Les Classiques de l\u2019humanisme \u00bb, 2020 - Soci\u00e9t\u00e9 d&#039;\u00c9tudes M\u00e9dio Et N\u00e9o-Latines","isPartOf":{"@id":"http:\/\/www.semen-l.org\/#website"},"datePublished":"2020-12-12T21:58:49+00:00","dateModified":"2024-02-12T22:00:00+00:00","breadcrumb":{"@id":"https:\/\/www.semen-l.org\/?p=3141#breadcrumb"},"inLanguage":"fr-FR","potentialAction":[{"@type":"ReadAction","target":["https:\/\/www.semen-l.org\/?p=3141"]}]},{"@type":"BreadcrumbList","@id":"https:\/\/www.semen-l.org\/?p=3141#breadcrumb","itemListElement":[{"@type":"ListItem","position":1,"name":"Accueil","item":"http:\/\/www.semen-l.org\/"},{"@type":"ListItem","position":2,"name":"J\u00e9r\u00f4me Cardan, Le Livre de ma vie \/ De Vita propria, introduction, \u00e9dition et traduction par Jean-Yves Boriaud, Paris, Les Belles Lettres, \u00ab Les Classiques de l\u2019humanisme \u00bb, 2020"}]},{"@type":"WebSite","@id":"http:\/\/www.semen-l.org\/#website","url":"http:\/\/www.semen-l.org\/","name":"Soci\u00e9t\u00e9 d'\u00c9tudes M\u00e9dio Et N\u00e9o-Latines","description":"","publisher":{"@id":"http:\/\/www.semen-l.org\/#organization"},"potentialAction":[{"@type":"SearchAction","target":{"@type":"EntryPoint","urlTemplate":"http:\/\/www.semen-l.org\/?s={search_term_string}"},"query-input":{"@type":"PropertyValueSpecification","valueRequired":true,"valueName":"search_term_string"}}],"inLanguage":"fr-FR"},{"@type":"Organization","@id":"http:\/\/www.semen-l.org\/#organization","name":"Soci\u00e9t\u00e9 d'\u00e9tudes m\u00e9dio et n\u00e9o-latines","url":"http:\/\/www.semen-l.org\/","logo":{"@type":"ImageObject","inLanguage":"fr-FR","@id":"http:\/\/www.semen-l.org\/#\/schema\/logo\/image\/","url":"http:\/\/www.semen-l.org\/wp-content\/uploads\/2020\/11\/logo-semenl.jpg","contentUrl":"http:\/\/www.semen-l.org\/wp-content\/uploads\/2020\/11\/logo-semenl.jpg","width":408,"height":403,"caption":"Soci\u00e9t\u00e9 d'\u00e9tudes m\u00e9dio et n\u00e9o-latines"},"image":{"@id":"http:\/\/www.semen-l.org\/#\/schema\/logo\/image\/"},"sameAs":["https:\/\/www.facebook.com\/SEMENL2018","https:\/\/independent.academia.edu\/SocitsdtudesmdioetnolatinesSEMENL"]},{"@type":"Person","@id":"http:\/\/www.semen-l.org\/#\/schema\/person\/ef5208815f17666727763c5363a51344","name":"Julien Maudoux","image":{"@type":"ImageObject","inLanguage":"fr-FR","@id":"https:\/\/secure.gravatar.com\/avatar\/caabf4fb6242e2277733cd35a5c2aa083761ea25dae1d1ff3298b54292225292?s=96&d=mm&r=g","url":"https:\/\/secure.gravatar.com\/avatar\/caabf4fb6242e2277733cd35a5c2aa083761ea25dae1d1ff3298b54292225292?s=96&d=mm&r=g","contentUrl":"https:\/\/secure.gravatar.com\/avatar\/caabf4fb6242e2277733cd35a5c2aa083761ea25dae1d1ff3298b54292225292?s=96&d=mm&r=g","caption":"Julien Maudoux"},"description":"Webmestre du site de la SEMEN-L","url":"https:\/\/www.semen-l.org\/?author=26"}]}},"jetpack_featured_media_url":"","_links":{"self":[{"href":"https:\/\/www.semen-l.org\/index.php?rest_route=\/wp\/v2\/posts\/3141","targetHints":{"allow":["GET"]}}],"collection":[{"href":"https:\/\/www.semen-l.org\/index.php?rest_route=\/wp\/v2\/posts"}],"about":[{"href":"https:\/\/www.semen-l.org\/index.php?rest_route=\/wp\/v2\/types\/post"}],"author":[{"embeddable":true,"href":"https:\/\/www.semen-l.org\/index.php?rest_route=\/wp\/v2\/users\/26"}],"replies":[{"embeddable":true,"href":"https:\/\/www.semen-l.org\/index.php?rest_route=%2Fwp%2Fv2%2Fcomments&post=3141"}],"version-history":[{"count":0,"href":"https:\/\/www.semen-l.org\/index.php?rest_route=\/wp\/v2\/posts\/3141\/revisions"}],"wp:attachment":[{"href":"https:\/\/www.semen-l.org\/index.php?rest_route=%2Fwp%2Fv2%2Fmedia&parent=3141"}],"wp:term":[{"taxonomy":"category","embeddable":true,"href":"https:\/\/www.semen-l.org\/index.php?rest_route=%2Fwp%2Fv2%2Fcategories&post=3141"},{"taxonomy":"post_tag","embeddable":true,"href":"https:\/\/www.semen-l.org\/index.php?rest_route=%2Fwp%2Fv2%2Ftags&post=3141"}],"curies":[{"name":"wp","href":"https:\/\/api.w.org\/{rel}","templated":true}]}}