{"id":3139,"date":"2020-12-12T21:55:49","date_gmt":"2020-12-12T21:55:49","guid":{"rendered":"https:\/\/www.semen-l.org\/?p=3139"},"modified":"2024-02-12T21:58:27","modified_gmt":"2024-02-12T21:58:27","slug":"daniel-menager-convalescences-la-litterature-au-repos-paris-les-belles-lettres-collection-les-belles-lettres-essais-paris-2020","status":"publish","type":"post","link":"https:\/\/www.semen-l.org\/?p=3139","title":{"rendered":"Daniel M\u00e9nager, Convalescences. La litt\u00e9rature au repos, Paris, Les Belles Lettres, collection \u00ab Les Belles Lettres\/Essais \u00bb, Paris, 2020"},"content":{"rendered":"<p><strong>Daniel M\u00e9nager, <\/strong><strong><em>Convalescences. La litt\u00e9rature au repos<\/em>, Paris, Les Belles Lettres, collection \u00ab Les Belles Lettres\/Essais \u00bb, Paris, 2020, 217 p., 23 \u20ac<\/strong><\/p>\n<p>Du chevalier m\u00e9di\u00e9val bless\u00e9 \u00e0 Proust, Thomas Mann et d\u2019autres, Daniel M\u00e9nager interroge le repos forc\u00e9 de la convalescence qui inqui\u00e8te les moralistes, enchante les romanciers. Religion et soci\u00e9t\u00e9 b\u00e9nissent la convalescence quand elle permet des r\u00e9visions de vie, voire des conversions dont le roman du XIXe si\u00e8cle a \u00e9t\u00e9 friand. Le XXe si\u00e8cle leur porte un coup de gr\u00e2ce. Nous sommes et nous restons de grands malades. Du m\u00eame coup, nous voil\u00e0 devenus plus sensibles, plus attentifs, comme l\u2019avait dit Nietzsche, \u00e0 des bonheurs aussi intenses que, parfois, minuscules. Car les conforts de la convalescence ne r\u00e9sistent pas aux catastrophes des temps modernes, ce que montrent les romanciers les plus tragiques que sont D\u00f6blin et C\u00e9line.<\/p>\n<p>Cette recension a \u00e9t\u00e9 publi\u00e9e dans le<a href=\"https:\/\/www.semen-l.org\/wp-content\/uploads\/2010\/11\/Bulletin_n_18_2020.pdf\"> Bulletin de liaison n\u00b018 (2020) de la SEMEN-L<\/a> (p. 59).<\/p>\n","protected":false},"excerpt":{"rendered":"<p>Daniel M\u00e9nager, Convalescences. La litt\u00e9rature au repos, Paris, Les Belles Lettres, collection \u00ab Les Belles Lettres\/Essais \u00bb, Paris, 2020, 217 p., 23 \u20ac Du chevalier m\u00e9di\u00e9val bless\u00e9 \u00e0 Proust, Thomas Mann et d\u2019autres, Daniel M\u00e9nager interroge le repos forc\u00e9 de &hellip; <a href=\"https:\/\/www.semen-l.org\/?p=3139\">Continuer la lecture <span class=\"meta-nav\">&rarr;<\/span><\/a><\/p>\n","protected":false},"author":26,"featured_media":0,"comment_status":"open","ping_status":"open","sticky":false,"template":"","format":"standard","meta":{"footnotes":""},"categories":[1825],"tags":[1594,1977],"class_list":["post-3139","post","type-post","status-publish","format-standard","hentry","category-recensions","tag-religion","tag-repos"],"yoast_head":"<!-- This site is optimized with the Yoast SEO plugin v27.5 - https:\/\/yoast.com\/product\/yoast-seo-wordpress\/ -->\n<title>Daniel M\u00e9nager, Convalescences. La litt\u00e9rature au repos, Paris, Les Belles Lettres, collection \u00ab Les Belles Lettres\/Essais \u00bb, Paris, 2020 - Soci\u00e9t\u00e9 d&#039;\u00c9tudes M\u00e9dio Et N\u00e9o-Latines<\/title>\n<meta name=\"robots\" content=\"index, follow, max-snippet:-1, max-image-preview:large, max-video-preview:-1\" \/>\n<link rel=\"canonical\" href=\"http:\/\/www.semen-l.org\/?p=3139\" \/>\n<meta property=\"og:locale\" content=\"fr_FR\" \/>\n<meta property=\"og:type\" content=\"article\" \/>\n<meta property=\"og:title\" content=\"Daniel M\u00e9nager, Convalescences. La litt\u00e9rature au repos, Paris, Les Belles Lettres, collection \u00ab Les Belles Lettres\/Essais \u00bb, Paris, 2020 - Soci\u00e9t\u00e9 d&#039;\u00c9tudes M\u00e9dio Et N\u00e9o-Latines\" \/>\n<meta property=\"og:description\" content=\"Daniel M\u00e9nager, Convalescences. La litt\u00e9rature au repos, Paris, Les Belles Lettres, collection \u00ab Les Belles Lettres\/Essais \u00bb, Paris, 2020, 217 p., 23 \u20ac Du chevalier m\u00e9di\u00e9val bless\u00e9 \u00e0 Proust, Thomas Mann et d\u2019autres, Daniel M\u00e9nager interroge le repos forc\u00e9 de &hellip; Continuer la lecture &rarr;\" \/>\n<meta property=\"og:url\" content=\"http:\/\/www.semen-l.org\/?p=3139\" \/>\n<meta property=\"og:site_name\" content=\"Soci\u00e9t\u00e9 d&#039;\u00c9tudes M\u00e9dio Et N\u00e9o-Latines\" \/>\n<meta property=\"article:publisher\" content=\"https:\/\/www.facebook.com\/SEMENL2018\" \/>\n<meta property=\"article:published_time\" content=\"2020-12-12T21:55:49+00:00\" \/>\n<meta property=\"article:modified_time\" content=\"2024-02-12T21:58:27+00:00\" \/>\n<meta name=\"author\" content=\"Julien Maudoux\" \/>\n<meta name=\"twitter:card\" content=\"summary_large_image\" \/>\n<meta name=\"twitter:label1\" content=\"\u00c9crit par\" \/>\n\t<meta name=\"twitter:data1\" content=\"Julien Maudoux\" \/>\n\t<meta name=\"twitter:label2\" content=\"Dur\u00e9e de lecture estim\u00e9e\" \/>\n\t<meta name=\"twitter:data2\" content=\"1 minute\" \/>\n<script type=\"application\/ld+json\" class=\"yoast-schema-graph\">{\"@context\":\"https:\\\/\\\/schema.org\",\"@graph\":[{\"@type\":\"Article\",\"@id\":\"http:\\\/\\\/www.semen-l.org\\\/?p=3139#article\",\"isPartOf\":{\"@id\":\"http:\\\/\\\/www.semen-l.org\\\/?p=3139\"},\"author\":{\"name\":\"Julien Maudoux\",\"@id\":\"http:\\\/\\\/www.semen-l.org\\\/#\\\/schema\\\/person\\\/ef5208815f17666727763c5363a51344\"},\"headline\":\"Daniel M\u00e9nager, Convalescences. La litt\u00e9rature au repos, Paris, Les Belles Lettres, collection \u00ab Les Belles Lettres\\\/Essais \u00bb, Paris, 2020\",\"datePublished\":\"2020-12-12T21:55:49+00:00\",\"dateModified\":\"2024-02-12T21:58:27+00:00\",\"mainEntityOfPage\":{\"@id\":\"http:\\\/\\\/www.semen-l.org\\\/?p=3139\"},\"wordCount\":186,\"commentCount\":0,\"publisher\":{\"@id\":\"http:\\\/\\\/www.semen-l.org\\\/#organization\"},\"keywords\":[\"religion\",\"repos\"],\"articleSection\":[\"Recensions\"],\"inLanguage\":\"fr-FR\",\"potentialAction\":[{\"@type\":\"CommentAction\",\"name\":\"Comment\",\"target\":[\"http:\\\/\\\/www.semen-l.org\\\/?p=3139#respond\"]}]},{\"@type\":\"WebPage\",\"@id\":\"http:\\\/\\\/www.semen-l.org\\\/?p=3139\",\"url\":\"http:\\\/\\\/www.semen-l.org\\\/?p=3139\",\"name\":\"Daniel M\u00e9nager, Convalescences. La litt\u00e9rature au repos, Paris, Les Belles Lettres, collection \u00ab Les Belles Lettres\\\/Essais \u00bb, Paris, 2020 - Soci\u00e9t\u00e9 d&#039;\u00c9tudes M\u00e9dio Et N\u00e9o-Latines\",\"isPartOf\":{\"@id\":\"http:\\\/\\\/www.semen-l.org\\\/#website\"},\"datePublished\":\"2020-12-12T21:55:49+00:00\",\"dateModified\":\"2024-02-12T21:58:27+00:00\",\"breadcrumb\":{\"@id\":\"http:\\\/\\\/www.semen-l.org\\\/?p=3139#breadcrumb\"},\"inLanguage\":\"fr-FR\",\"potentialAction\":[{\"@type\":\"ReadAction\",\"target\":[\"http:\\\/\\\/www.semen-l.org\\\/?p=3139\"]}]},{\"@type\":\"BreadcrumbList\",\"@id\":\"http:\\\/\\\/www.semen-l.org\\\/?p=3139#breadcrumb\",\"itemListElement\":[{\"@type\":\"ListItem\",\"position\":1,\"name\":\"Accueil\",\"item\":\"http:\\\/\\\/www.semen-l.org\\\/\"},{\"@type\":\"ListItem\",\"position\":2,\"name\":\"Daniel M\u00e9nager, Convalescences. La litt\u00e9rature au repos, Paris, Les Belles Lettres, collection \u00ab Les Belles Lettres\\\/Essais \u00bb, Paris, 2020\"}]},{\"@type\":\"WebSite\",\"@id\":\"http:\\\/\\\/www.semen-l.org\\\/#website\",\"url\":\"http:\\\/\\\/www.semen-l.org\\\/\",\"name\":\"Soci\u00e9t\u00e9 d'\u00c9tudes M\u00e9dio Et N\u00e9o-Latines\",\"description\":\"\",\"publisher\":{\"@id\":\"http:\\\/\\\/www.semen-l.org\\\/#organization\"},\"potentialAction\":[{\"@type\":\"SearchAction\",\"target\":{\"@type\":\"EntryPoint\",\"urlTemplate\":\"http:\\\/\\\/www.semen-l.org\\\/?s={search_term_string}\"},\"query-input\":{\"@type\":\"PropertyValueSpecification\",\"valueRequired\":true,\"valueName\":\"search_term_string\"}}],\"inLanguage\":\"fr-FR\"},{\"@type\":\"Organization\",\"@id\":\"http:\\\/\\\/www.semen-l.org\\\/#organization\",\"name\":\"Soci\u00e9t\u00e9 d'\u00e9tudes m\u00e9dio et n\u00e9o-latines\",\"url\":\"http:\\\/\\\/www.semen-l.org\\\/\",\"logo\":{\"@type\":\"ImageObject\",\"inLanguage\":\"fr-FR\",\"@id\":\"http:\\\/\\\/www.semen-l.org\\\/#\\\/schema\\\/logo\\\/image\\\/\",\"url\":\"http:\\\/\\\/www.semen-l.org\\\/wp-content\\\/uploads\\\/2020\\\/11\\\/logo-semenl.jpg\",\"contentUrl\":\"http:\\\/\\\/www.semen-l.org\\\/wp-content\\\/uploads\\\/2020\\\/11\\\/logo-semenl.jpg\",\"width\":408,\"height\":403,\"caption\":\"Soci\u00e9t\u00e9 d'\u00e9tudes m\u00e9dio et n\u00e9o-latines\"},\"image\":{\"@id\":\"http:\\\/\\\/www.semen-l.org\\\/#\\\/schema\\\/logo\\\/image\\\/\"},\"sameAs\":[\"https:\\\/\\\/www.facebook.com\\\/SEMENL2018\",\"https:\\\/\\\/independent.academia.edu\\\/SocitsdtudesmdioetnolatinesSEMENL\"]},{\"@type\":\"Person\",\"@id\":\"http:\\\/\\\/www.semen-l.org\\\/#\\\/schema\\\/person\\\/ef5208815f17666727763c5363a51344\",\"name\":\"Julien Maudoux\",\"image\":{\"@type\":\"ImageObject\",\"inLanguage\":\"fr-FR\",\"@id\":\"https:\\\/\\\/secure.gravatar.com\\\/avatar\\\/caabf4fb6242e2277733cd35a5c2aa083761ea25dae1d1ff3298b54292225292?s=96&d=mm&r=g\",\"url\":\"https:\\\/\\\/secure.gravatar.com\\\/avatar\\\/caabf4fb6242e2277733cd35a5c2aa083761ea25dae1d1ff3298b54292225292?s=96&d=mm&r=g\",\"contentUrl\":\"https:\\\/\\\/secure.gravatar.com\\\/avatar\\\/caabf4fb6242e2277733cd35a5c2aa083761ea25dae1d1ff3298b54292225292?s=96&d=mm&r=g\",\"caption\":\"Julien Maudoux\"},\"description\":\"Webmestre du site de la SEMEN-L\",\"url\":\"https:\\\/\\\/www.semen-l.org\\\/?author=26\"}]}<\/script>\n<!-- \/ Yoast SEO plugin. -->","yoast_head_json":{"title":"Daniel M\u00e9nager, Convalescences. La litt\u00e9rature au repos, Paris, Les Belles Lettres, collection \u00ab Les Belles Lettres\/Essais \u00bb, Paris, 2020 - Soci\u00e9t\u00e9 d&#039;\u00c9tudes M\u00e9dio Et N\u00e9o-Latines","robots":{"index":"index","follow":"follow","max-snippet":"max-snippet:-1","max-image-preview":"max-image-preview:large","max-video-preview":"max-video-preview:-1"},"canonical":"http:\/\/www.semen-l.org\/?p=3139","og_locale":"fr_FR","og_type":"article","og_title":"Daniel M\u00e9nager, Convalescences. La litt\u00e9rature au repos, Paris, Les Belles Lettres, collection \u00ab Les Belles Lettres\/Essais \u00bb, Paris, 2020 - Soci\u00e9t\u00e9 d&#039;\u00c9tudes M\u00e9dio Et N\u00e9o-Latines","og_description":"Daniel M\u00e9nager, Convalescences. La litt\u00e9rature au repos, Paris, Les Belles Lettres, collection \u00ab Les Belles Lettres\/Essais \u00bb, Paris, 2020, 217 p., 23 \u20ac Du chevalier m\u00e9di\u00e9val bless\u00e9 \u00e0 Proust, Thomas Mann et d\u2019autres, Daniel M\u00e9nager interroge le repos forc\u00e9 de &hellip; Continuer la lecture &rarr;","og_url":"http:\/\/www.semen-l.org\/?p=3139","og_site_name":"Soci\u00e9t\u00e9 d&#039;\u00c9tudes M\u00e9dio Et N\u00e9o-Latines","article_publisher":"https:\/\/www.facebook.com\/SEMENL2018","article_published_time":"2020-12-12T21:55:49+00:00","article_modified_time":"2024-02-12T21:58:27+00:00","author":"Julien Maudoux","twitter_card":"summary_large_image","twitter_misc":{"\u00c9crit par":"Julien Maudoux","Dur\u00e9e de lecture estim\u00e9e":"1 minute"},"schema":{"@context":"https:\/\/schema.org","@graph":[{"@type":"Article","@id":"http:\/\/www.semen-l.org\/?p=3139#article","isPartOf":{"@id":"http:\/\/www.semen-l.org\/?p=3139"},"author":{"name":"Julien Maudoux","@id":"http:\/\/www.semen-l.org\/#\/schema\/person\/ef5208815f17666727763c5363a51344"},"headline":"Daniel M\u00e9nager, Convalescences. La litt\u00e9rature au repos, Paris, Les Belles Lettres, collection \u00ab Les Belles Lettres\/Essais \u00bb, Paris, 2020","datePublished":"2020-12-12T21:55:49+00:00","dateModified":"2024-02-12T21:58:27+00:00","mainEntityOfPage":{"@id":"http:\/\/www.semen-l.org\/?p=3139"},"wordCount":186,"commentCount":0,"publisher":{"@id":"http:\/\/www.semen-l.org\/#organization"},"keywords":["religion","repos"],"articleSection":["Recensions"],"inLanguage":"fr-FR","potentialAction":[{"@type":"CommentAction","name":"Comment","target":["http:\/\/www.semen-l.org\/?p=3139#respond"]}]},{"@type":"WebPage","@id":"http:\/\/www.semen-l.org\/?p=3139","url":"http:\/\/www.semen-l.org\/?p=3139","name":"Daniel M\u00e9nager, Convalescences. La litt\u00e9rature au repos, Paris, Les Belles Lettres, collection \u00ab Les Belles Lettres\/Essais \u00bb, Paris, 2020 - Soci\u00e9t\u00e9 d&#039;\u00c9tudes M\u00e9dio Et N\u00e9o-Latines","isPartOf":{"@id":"http:\/\/www.semen-l.org\/#website"},"datePublished":"2020-12-12T21:55:49+00:00","dateModified":"2024-02-12T21:58:27+00:00","breadcrumb":{"@id":"http:\/\/www.semen-l.org\/?p=3139#breadcrumb"},"inLanguage":"fr-FR","potentialAction":[{"@type":"ReadAction","target":["http:\/\/www.semen-l.org\/?p=3139"]}]},{"@type":"BreadcrumbList","@id":"http:\/\/www.semen-l.org\/?p=3139#breadcrumb","itemListElement":[{"@type":"ListItem","position":1,"name":"Accueil","item":"http:\/\/www.semen-l.org\/"},{"@type":"ListItem","position":2,"name":"Daniel M\u00e9nager, Convalescences. La litt\u00e9rature au repos, Paris, Les Belles Lettres, collection \u00ab Les Belles Lettres\/Essais \u00bb, Paris, 2020"}]},{"@type":"WebSite","@id":"http:\/\/www.semen-l.org\/#website","url":"http:\/\/www.semen-l.org\/","name":"Soci\u00e9t\u00e9 d'\u00c9tudes M\u00e9dio Et N\u00e9o-Latines","description":"","publisher":{"@id":"http:\/\/www.semen-l.org\/#organization"},"potentialAction":[{"@type":"SearchAction","target":{"@type":"EntryPoint","urlTemplate":"http:\/\/www.semen-l.org\/?s={search_term_string}"},"query-input":{"@type":"PropertyValueSpecification","valueRequired":true,"valueName":"search_term_string"}}],"inLanguage":"fr-FR"},{"@type":"Organization","@id":"http:\/\/www.semen-l.org\/#organization","name":"Soci\u00e9t\u00e9 d'\u00e9tudes m\u00e9dio et n\u00e9o-latines","url":"http:\/\/www.semen-l.org\/","logo":{"@type":"ImageObject","inLanguage":"fr-FR","@id":"http:\/\/www.semen-l.org\/#\/schema\/logo\/image\/","url":"http:\/\/www.semen-l.org\/wp-content\/uploads\/2020\/11\/logo-semenl.jpg","contentUrl":"http:\/\/www.semen-l.org\/wp-content\/uploads\/2020\/11\/logo-semenl.jpg","width":408,"height":403,"caption":"Soci\u00e9t\u00e9 d'\u00e9tudes m\u00e9dio et n\u00e9o-latines"},"image":{"@id":"http:\/\/www.semen-l.org\/#\/schema\/logo\/image\/"},"sameAs":["https:\/\/www.facebook.com\/SEMENL2018","https:\/\/independent.academia.edu\/SocitsdtudesmdioetnolatinesSEMENL"]},{"@type":"Person","@id":"http:\/\/www.semen-l.org\/#\/schema\/person\/ef5208815f17666727763c5363a51344","name":"Julien Maudoux","image":{"@type":"ImageObject","inLanguage":"fr-FR","@id":"https:\/\/secure.gravatar.com\/avatar\/caabf4fb6242e2277733cd35a5c2aa083761ea25dae1d1ff3298b54292225292?s=96&d=mm&r=g","url":"https:\/\/secure.gravatar.com\/avatar\/caabf4fb6242e2277733cd35a5c2aa083761ea25dae1d1ff3298b54292225292?s=96&d=mm&r=g","contentUrl":"https:\/\/secure.gravatar.com\/avatar\/caabf4fb6242e2277733cd35a5c2aa083761ea25dae1d1ff3298b54292225292?s=96&d=mm&r=g","caption":"Julien Maudoux"},"description":"Webmestre du site de la SEMEN-L","url":"https:\/\/www.semen-l.org\/?author=26"}]}},"jetpack_featured_media_url":"","_links":{"self":[{"href":"https:\/\/www.semen-l.org\/index.php?rest_route=\/wp\/v2\/posts\/3139","targetHints":{"allow":["GET"]}}],"collection":[{"href":"https:\/\/www.semen-l.org\/index.php?rest_route=\/wp\/v2\/posts"}],"about":[{"href":"https:\/\/www.semen-l.org\/index.php?rest_route=\/wp\/v2\/types\/post"}],"author":[{"embeddable":true,"href":"https:\/\/www.semen-l.org\/index.php?rest_route=\/wp\/v2\/users\/26"}],"replies":[{"embeddable":true,"href":"https:\/\/www.semen-l.org\/index.php?rest_route=%2Fwp%2Fv2%2Fcomments&post=3139"}],"version-history":[{"count":0,"href":"https:\/\/www.semen-l.org\/index.php?rest_route=\/wp\/v2\/posts\/3139\/revisions"}],"wp:attachment":[{"href":"https:\/\/www.semen-l.org\/index.php?rest_route=%2Fwp%2Fv2%2Fmedia&parent=3139"}],"wp:term":[{"taxonomy":"category","embeddable":true,"href":"https:\/\/www.semen-l.org\/index.php?rest_route=%2Fwp%2Fv2%2Fcategories&post=3139"},{"taxonomy":"post_tag","embeddable":true,"href":"https:\/\/www.semen-l.org\/index.php?rest_route=%2Fwp%2Fv2%2Ftags&post=3139"}],"curies":[{"name":"wp","href":"https:\/\/api.w.org\/{rel}","templated":true}]}}