{"id":3133,"date":"2021-12-11T00:01:42","date_gmt":"2021-12-11T00:01:42","guid":{"rendered":"https:\/\/www.semen-l.org\/?p=3133"},"modified":"2024-02-11T00:04:46","modified_gmt":"2024-02-11T00:04:46","slug":"boulegue-l-perrin-m-veyrard-cosme-chr-ascese-et-ascetisme-de-lantiquite-tardive-a-la-renaissance-traditions-et-remises-en-causes-paris-classiques-garnier-2021-jordi-pia-comella","status":"publish","type":"post","link":"https:\/\/www.semen-l.org\/?p=3133","title":{"rendered":"Boul\u00e8gue, L., Perrin, M., Veyrard-Cosme, Chr., Asc\u00e8se et asc\u00e9tisme de l\u2019Antiquit\u00e9 tardive \u00e0 la Renaissance. Traditions et remises en causes, Paris, Classiques Garnier, 2021 (Jordi Pi\u00e0-Comella)"},"content":{"rendered":"<p><strong>Boul\u00e8gue, L., Perrin, M., Veyrard-Cosme, Chr., <em>Asc\u00e8se et asc\u00e9tisme de l\u2019Antiquit\u00e9 tardive \u00e0 la Renaissance. Traditions et remises en causes<\/em>, Paris, Classiques Garnier, 2021, 412 pages.<\/strong><\/p>\n<p>Les notions d\u2019asc\u00e8se et d\u2019asc\u00e9tisme suscitent un regain d\u2019int\u00e9r\u00eat, depuis notamment en France les c\u00e9l\u00e8bres \u00e9tudes de P. Hadot, <em>Exercices spirituels<\/em>, et de M. Foucault, <em>L\u2019herm\u00e9neutique du sujet<\/em>. Les travaux rassembl\u00e9s par L. Boul\u00e8gue, Ch. Cosme et M. Perrin comblent une lacune majeure : ils offrent la premi\u00e8re synth\u00e8se des th\u00e9ories et pratiques de l\u2019asc\u00e8se de l\u2019Antiquit\u00e9 tardive \u00e0 la Renaissance jusqu\u2019\u00e0 la Contre-R\u00e9forme.<\/p>\n<p>La tension, bien contextualis\u00e9e dans l\u2019introduction de l\u2019ouvrage, entre le caract\u00e8re mouvant des notions d\u2019asc\u00e8se et d\u2019asc\u00e9tisme au cours du temps, et leur unit\u00e9 &#8211; on retrouve d\u2019une \u00e9poque \u00e0 l\u2019autre des motifs communs &#8211; a conduit logiquement les auteurs \u00e0 opter pour une \u00e9tude th\u00e9matique en trois temps : d\u2019abord, les th\u00e9ories et pratiques de l\u2019asc\u00e8se ; ensuite, les \u00e9critures de l\u2019asc\u00e8se ; enfin les figures de l\u2019asc\u00e8se. Suivent une tr\u00e8s riche bibliographie, deux <em>indices <\/em>des auteurs\/ artistes et biblique, les r\u00e9sum\u00e9s, ainsi qu\u2019une table des figures. Les m\u00e9rites de l\u2019ouvrage sont multiples. D\u2019abord, le livre apporte une profondeur diachronique in\u00e9dite aux notions d\u2019asc\u00e8se et d\u2019asc\u00e9tisme. On saisit beaucoup mieux, par exemple, tout ce que la po\u00e9sie amoureuse et \u00e9rotique d\u2019un P\u00e9trarque et d\u2019un Ronsard doit au <em>topos <\/em>hi\u00e9ronymien de l\u2019asc\u00e8te solitaire. Ensuite, le livre aborde le probl\u00e8me en couvrant un champ consid\u00e9rable de disciplines : de la litt\u00e9rature tardo-antique \u00e0 la po\u00e9sie m\u00e9dicale du XVe si\u00e8cle, en passant par la patristique, la litt\u00e9rature m\u00e9rovingienne, l\u2019\u00e9pistolaire \u00e9rasmien, la philosophie humaniste, l\u2019herm\u00e9tisme ou l\u2019architecture flamboyante d\u2019un Jean de Felin. Le pari pluridisciplinaire est r\u00e9ussi : il nous permet, par exemple, de comprendre que la figuration de l\u2019asc\u00e8se ne s\u2019incarne pas simplement dans des personnes mais qu\u2019elle peut aussi s\u2019exprimer dans l\u2019art monumental du XVI<sup>e<\/sup> si\u00e8cle. Or, loin de sombrer dans la dispersion, <em>Asc\u00e8se et asc\u00e9tisme <\/em>pr\u00e9sente une coh\u00e9rence forte : le choix des th\u00e8mes trait\u00e9s fait ressortir les permanences de certains motifs tout en en \u00e9pousant les variations au fil du temps, d\u2019un genre \u00e0 l\u2019autre, selon les sensibilit\u00e9s religieuses, id\u00e9ologiques et esth\u00e9tiques de chacun. Qu\u2019il s\u2019agisse de l\u2019aspiration \u00e0 la transcendance, qui passe souvent par le rejet de toutes les tentations terrestres, de l\u2019opposition entre repli sur soi et ouverture aux autres, du choix entre une ligne dure de l\u2019asc\u00e8se et une ligne mod\u00e9r\u00e9e, ou bien de l\u2019opposition entre <em>simplicitas <\/em>et exhibition. Tous ces motifs parcourent l\u2019ensemble des articles, donnant une unit\u00e9 puissante, jamais rigide, au tout. Dans sa tr\u00e8s belle pr\u00e9face au livre, M. Aurell r\u00e9sume l\u2019esprit qui anime d\u2019un bout \u00e0 l\u2019autre <em>Asc\u00e8se et asc\u00e9tisme <\/em>: \u00ab L\u2019asc\u00e8se prend ainsi de nouveaux visages. Quoi qu\u2019il en soit de ses mutations, elle pr\u00e9side, aujourd\u2019hui comme hier, au travail intellectuel de qualit\u00e9, mais plus encore au d\u00e9passement personnel en qu\u00eate d\u2019un id\u00e9al sup\u00e9rieur \u00bb.<\/p>\n<p>Jordi Pi\u00e0-Comella Sorbonne-Nouvelle (CERAM ED 173) IUF<\/p>\n<p>Cette recension a \u00e9t\u00e9 publi\u00e9e dans le<a href=\"https:\/\/www.semen-l.org\/?p=1997\">\u00a0Bulletin de liaison n\u00b019 (2021) de la SEMEN-L<\/a> (p. 76-77).<\/p>\n","protected":false},"excerpt":{"rendered":"<p>Boul\u00e8gue, L., Perrin, M., Veyrard-Cosme, Chr., Asc\u00e8se et asc\u00e9tisme de l\u2019Antiquit\u00e9 tardive \u00e0 la Renaissance. Traditions et remises en causes, Paris, Classiques Garnier, 2021, 412 pages. Les notions d\u2019asc\u00e8se et d\u2019asc\u00e9tisme suscitent un regain d\u2019int\u00e9r\u00eat, depuis notamment en France les &hellip; <a href=\"https:\/\/www.semen-l.org\/?p=3133\">Continuer la lecture <span class=\"meta-nav\">&rarr;<\/span><\/a><\/p>\n","protected":false},"author":26,"featured_media":0,"comment_status":"open","ping_status":"open","sticky":false,"template":"","format":"standard","meta":{"footnotes":""},"categories":[1825],"tags":[165,1960,1961,1474,1841,1964,332,1963,23,1962,16,26,1593],"class_list":["post-3133","post","type-post","status-publish","format-standard","hentry","category-recensions","tag-architecture","tag-ascese","tag-ascetisme","tag-contre-reforme","tag-correspondance","tag-felin-jean-de","tag-hermeneutique","tag-hermetisme","tag-medecine","tag-patristique","tag-petrarque","tag-poesie","tag-ronsard-pierre-de"],"yoast_head":"<!-- This site is optimized with the Yoast SEO plugin v27.5 - https:\/\/yoast.com\/product\/yoast-seo-wordpress\/ -->\n<title>Boul\u00e8gue, L., Perrin, M., Veyrard-Cosme, Chr., Asc\u00e8se et asc\u00e9tisme de l\u2019Antiquit\u00e9 tardive \u00e0 la Renaissance. Traditions et remises en causes, Paris, Classiques Garnier, 2021 (Jordi Pi\u00e0-Comella) - Soci\u00e9t\u00e9 d&#039;\u00c9tudes M\u00e9dio Et N\u00e9o-Latines<\/title>\n<meta name=\"robots\" content=\"index, follow, max-snippet:-1, max-image-preview:large, max-video-preview:-1\" \/>\n<link rel=\"canonical\" href=\"http:\/\/www.semen-l.org\/?p=3133\" \/>\n<meta property=\"og:locale\" content=\"fr_FR\" \/>\n<meta property=\"og:type\" content=\"article\" \/>\n<meta property=\"og:title\" content=\"Boul\u00e8gue, L., Perrin, M., Veyrard-Cosme, Chr., Asc\u00e8se et asc\u00e9tisme de l\u2019Antiquit\u00e9 tardive \u00e0 la Renaissance. Traditions et remises en causes, Paris, Classiques Garnier, 2021 (Jordi Pi\u00e0-Comella) - Soci\u00e9t\u00e9 d&#039;\u00c9tudes M\u00e9dio Et N\u00e9o-Latines\" \/>\n<meta property=\"og:description\" content=\"Boul\u00e8gue, L., Perrin, M., Veyrard-Cosme, Chr., Asc\u00e8se et asc\u00e9tisme de l\u2019Antiquit\u00e9 tardive \u00e0 la Renaissance. Traditions et remises en causes, Paris, Classiques Garnier, 2021, 412 pages. Les notions d\u2019asc\u00e8se et d\u2019asc\u00e9tisme suscitent un regain d\u2019int\u00e9r\u00eat, depuis notamment en France les &hellip; Continuer la lecture &rarr;\" \/>\n<meta property=\"og:url\" content=\"http:\/\/www.semen-l.org\/?p=3133\" \/>\n<meta property=\"og:site_name\" content=\"Soci\u00e9t\u00e9 d&#039;\u00c9tudes M\u00e9dio Et N\u00e9o-Latines\" \/>\n<meta property=\"article:publisher\" content=\"https:\/\/www.facebook.com\/SEMENL2018\" \/>\n<meta property=\"article:published_time\" content=\"2021-12-11T00:01:42+00:00\" \/>\n<meta property=\"article:modified_time\" content=\"2024-02-11T00:04:46+00:00\" \/>\n<meta name=\"author\" content=\"Julien Maudoux\" \/>\n<meta name=\"twitter:card\" content=\"summary_large_image\" \/>\n<meta name=\"twitter:label1\" content=\"\u00c9crit par\" \/>\n\t<meta name=\"twitter:data1\" content=\"Julien Maudoux\" \/>\n\t<meta name=\"twitter:label2\" content=\"Dur\u00e9e de lecture estim\u00e9e\" \/>\n\t<meta name=\"twitter:data2\" content=\"3 minutes\" \/>\n<script type=\"application\/ld+json\" class=\"yoast-schema-graph\">{\"@context\":\"https:\\\/\\\/schema.org\",\"@graph\":[{\"@type\":\"Article\",\"@id\":\"http:\\\/\\\/www.semen-l.org\\\/?p=3133#article\",\"isPartOf\":{\"@id\":\"http:\\\/\\\/www.semen-l.org\\\/?p=3133\"},\"author\":{\"name\":\"Julien Maudoux\",\"@id\":\"http:\\\/\\\/www.semen-l.org\\\/#\\\/schema\\\/person\\\/ef5208815f17666727763c5363a51344\"},\"headline\":\"Boul\u00e8gue, L., Perrin, M., Veyrard-Cosme, Chr., Asc\u00e8se et asc\u00e9tisme de l\u2019Antiquit\u00e9 tardive \u00e0 la Renaissance. Traditions et remises en causes, Paris, Classiques Garnier, 2021 (Jordi Pi\u00e0-Comella)\",\"datePublished\":\"2021-12-11T00:01:42+00:00\",\"dateModified\":\"2024-02-11T00:04:46+00:00\",\"mainEntityOfPage\":{\"@id\":\"http:\\\/\\\/www.semen-l.org\\\/?p=3133\"},\"wordCount\":630,\"commentCount\":0,\"publisher\":{\"@id\":\"http:\\\/\\\/www.semen-l.org\\\/#organization\"},\"keywords\":[\"architecture\",\"asc\u00e8se\",\"asc\u00e9tisme\",\"contre-r\u00e9forme\",\"correspondance\",\"Felin (Jean de)\",\"herm\u00e9neutique\",\"herm\u00e9tisme\",\"m\u00e9decine\",\"patristique\",\"P\u00e9trarque\",\"po\u00e9sie\",\"Ronsard (Pierre de)\"],\"articleSection\":[\"Recensions\"],\"inLanguage\":\"fr-FR\",\"potentialAction\":[{\"@type\":\"CommentAction\",\"name\":\"Comment\",\"target\":[\"http:\\\/\\\/www.semen-l.org\\\/?p=3133#respond\"]}]},{\"@type\":\"WebPage\",\"@id\":\"http:\\\/\\\/www.semen-l.org\\\/?p=3133\",\"url\":\"http:\\\/\\\/www.semen-l.org\\\/?p=3133\",\"name\":\"Boul\u00e8gue, L., Perrin, M., Veyrard-Cosme, Chr., Asc\u00e8se et asc\u00e9tisme de l\u2019Antiquit\u00e9 tardive \u00e0 la Renaissance. Traditions et remises en causes, Paris, Classiques Garnier, 2021 (Jordi Pi\u00e0-Comella) - Soci\u00e9t\u00e9 d&#039;\u00c9tudes M\u00e9dio Et N\u00e9o-Latines\",\"isPartOf\":{\"@id\":\"http:\\\/\\\/www.semen-l.org\\\/#website\"},\"datePublished\":\"2021-12-11T00:01:42+00:00\",\"dateModified\":\"2024-02-11T00:04:46+00:00\",\"breadcrumb\":{\"@id\":\"http:\\\/\\\/www.semen-l.org\\\/?p=3133#breadcrumb\"},\"inLanguage\":\"fr-FR\",\"potentialAction\":[{\"@type\":\"ReadAction\",\"target\":[\"http:\\\/\\\/www.semen-l.org\\\/?p=3133\"]}]},{\"@type\":\"BreadcrumbList\",\"@id\":\"http:\\\/\\\/www.semen-l.org\\\/?p=3133#breadcrumb\",\"itemListElement\":[{\"@type\":\"ListItem\",\"position\":1,\"name\":\"Accueil\",\"item\":\"http:\\\/\\\/www.semen-l.org\\\/\"},{\"@type\":\"ListItem\",\"position\":2,\"name\":\"Boul\u00e8gue, L., Perrin, M., Veyrard-Cosme, Chr., Asc\u00e8se et asc\u00e9tisme de l\u2019Antiquit\u00e9 tardive \u00e0 la Renaissance. Traditions et remises en causes, Paris, Classiques Garnier, 2021 (Jordi Pi\u00e0-Comella)\"}]},{\"@type\":\"WebSite\",\"@id\":\"http:\\\/\\\/www.semen-l.org\\\/#website\",\"url\":\"http:\\\/\\\/www.semen-l.org\\\/\",\"name\":\"Soci\u00e9t\u00e9 d'\u00c9tudes M\u00e9dio Et N\u00e9o-Latines\",\"description\":\"\",\"publisher\":{\"@id\":\"http:\\\/\\\/www.semen-l.org\\\/#organization\"},\"potentialAction\":[{\"@type\":\"SearchAction\",\"target\":{\"@type\":\"EntryPoint\",\"urlTemplate\":\"http:\\\/\\\/www.semen-l.org\\\/?s={search_term_string}\"},\"query-input\":{\"@type\":\"PropertyValueSpecification\",\"valueRequired\":true,\"valueName\":\"search_term_string\"}}],\"inLanguage\":\"fr-FR\"},{\"@type\":\"Organization\",\"@id\":\"http:\\\/\\\/www.semen-l.org\\\/#organization\",\"name\":\"Soci\u00e9t\u00e9 d'\u00e9tudes m\u00e9dio et n\u00e9o-latines\",\"url\":\"http:\\\/\\\/www.semen-l.org\\\/\",\"logo\":{\"@type\":\"ImageObject\",\"inLanguage\":\"fr-FR\",\"@id\":\"http:\\\/\\\/www.semen-l.org\\\/#\\\/schema\\\/logo\\\/image\\\/\",\"url\":\"http:\\\/\\\/www.semen-l.org\\\/wp-content\\\/uploads\\\/2020\\\/11\\\/logo-semenl.jpg\",\"contentUrl\":\"http:\\\/\\\/www.semen-l.org\\\/wp-content\\\/uploads\\\/2020\\\/11\\\/logo-semenl.jpg\",\"width\":408,\"height\":403,\"caption\":\"Soci\u00e9t\u00e9 d'\u00e9tudes m\u00e9dio et n\u00e9o-latines\"},\"image\":{\"@id\":\"http:\\\/\\\/www.semen-l.org\\\/#\\\/schema\\\/logo\\\/image\\\/\"},\"sameAs\":[\"https:\\\/\\\/www.facebook.com\\\/SEMENL2018\",\"https:\\\/\\\/independent.academia.edu\\\/SocitsdtudesmdioetnolatinesSEMENL\"]},{\"@type\":\"Person\",\"@id\":\"http:\\\/\\\/www.semen-l.org\\\/#\\\/schema\\\/person\\\/ef5208815f17666727763c5363a51344\",\"name\":\"Julien Maudoux\",\"image\":{\"@type\":\"ImageObject\",\"inLanguage\":\"fr-FR\",\"@id\":\"https:\\\/\\\/secure.gravatar.com\\\/avatar\\\/caabf4fb6242e2277733cd35a5c2aa083761ea25dae1d1ff3298b54292225292?s=96&d=mm&r=g\",\"url\":\"https:\\\/\\\/secure.gravatar.com\\\/avatar\\\/caabf4fb6242e2277733cd35a5c2aa083761ea25dae1d1ff3298b54292225292?s=96&d=mm&r=g\",\"contentUrl\":\"https:\\\/\\\/secure.gravatar.com\\\/avatar\\\/caabf4fb6242e2277733cd35a5c2aa083761ea25dae1d1ff3298b54292225292?s=96&d=mm&r=g\",\"caption\":\"Julien Maudoux\"},\"description\":\"Webmestre du site de la SEMEN-L\",\"url\":\"https:\\\/\\\/www.semen-l.org\\\/?author=26\"}]}<\/script>\n<!-- \/ Yoast SEO plugin. -->","yoast_head_json":{"title":"Boul\u00e8gue, L., Perrin, M., Veyrard-Cosme, Chr., Asc\u00e8se et asc\u00e9tisme de l\u2019Antiquit\u00e9 tardive \u00e0 la Renaissance. Traditions et remises en causes, Paris, Classiques Garnier, 2021 (Jordi Pi\u00e0-Comella) - Soci\u00e9t\u00e9 d&#039;\u00c9tudes M\u00e9dio Et N\u00e9o-Latines","robots":{"index":"index","follow":"follow","max-snippet":"max-snippet:-1","max-image-preview":"max-image-preview:large","max-video-preview":"max-video-preview:-1"},"canonical":"http:\/\/www.semen-l.org\/?p=3133","og_locale":"fr_FR","og_type":"article","og_title":"Boul\u00e8gue, L., Perrin, M., Veyrard-Cosme, Chr., Asc\u00e8se et asc\u00e9tisme de l\u2019Antiquit\u00e9 tardive \u00e0 la Renaissance. Traditions et remises en causes, Paris, Classiques Garnier, 2021 (Jordi Pi\u00e0-Comella) - Soci\u00e9t\u00e9 d&#039;\u00c9tudes M\u00e9dio Et N\u00e9o-Latines","og_description":"Boul\u00e8gue, L., Perrin, M., Veyrard-Cosme, Chr., Asc\u00e8se et asc\u00e9tisme de l\u2019Antiquit\u00e9 tardive \u00e0 la Renaissance. Traditions et remises en causes, Paris, Classiques Garnier, 2021, 412 pages. Les notions d\u2019asc\u00e8se et d\u2019asc\u00e9tisme suscitent un regain d\u2019int\u00e9r\u00eat, depuis notamment en France les &hellip; Continuer la lecture &rarr;","og_url":"http:\/\/www.semen-l.org\/?p=3133","og_site_name":"Soci\u00e9t\u00e9 d&#039;\u00c9tudes M\u00e9dio Et N\u00e9o-Latines","article_publisher":"https:\/\/www.facebook.com\/SEMENL2018","article_published_time":"2021-12-11T00:01:42+00:00","article_modified_time":"2024-02-11T00:04:46+00:00","author":"Julien Maudoux","twitter_card":"summary_large_image","twitter_misc":{"\u00c9crit par":"Julien Maudoux","Dur\u00e9e de lecture estim\u00e9e":"3 minutes"},"schema":{"@context":"https:\/\/schema.org","@graph":[{"@type":"Article","@id":"http:\/\/www.semen-l.org\/?p=3133#article","isPartOf":{"@id":"http:\/\/www.semen-l.org\/?p=3133"},"author":{"name":"Julien Maudoux","@id":"http:\/\/www.semen-l.org\/#\/schema\/person\/ef5208815f17666727763c5363a51344"},"headline":"Boul\u00e8gue, L., Perrin, M., Veyrard-Cosme, Chr., Asc\u00e8se et asc\u00e9tisme de l\u2019Antiquit\u00e9 tardive \u00e0 la Renaissance. Traditions et remises en causes, Paris, Classiques Garnier, 2021 (Jordi Pi\u00e0-Comella)","datePublished":"2021-12-11T00:01:42+00:00","dateModified":"2024-02-11T00:04:46+00:00","mainEntityOfPage":{"@id":"http:\/\/www.semen-l.org\/?p=3133"},"wordCount":630,"commentCount":0,"publisher":{"@id":"http:\/\/www.semen-l.org\/#organization"},"keywords":["architecture","asc\u00e8se","asc\u00e9tisme","contre-r\u00e9forme","correspondance","Felin (Jean de)","herm\u00e9neutique","herm\u00e9tisme","m\u00e9decine","patristique","P\u00e9trarque","po\u00e9sie","Ronsard (Pierre de)"],"articleSection":["Recensions"],"inLanguage":"fr-FR","potentialAction":[{"@type":"CommentAction","name":"Comment","target":["http:\/\/www.semen-l.org\/?p=3133#respond"]}]},{"@type":"WebPage","@id":"http:\/\/www.semen-l.org\/?p=3133","url":"http:\/\/www.semen-l.org\/?p=3133","name":"Boul\u00e8gue, L., Perrin, M., Veyrard-Cosme, Chr., Asc\u00e8se et asc\u00e9tisme de l\u2019Antiquit\u00e9 tardive \u00e0 la Renaissance. Traditions et remises en causes, Paris, Classiques Garnier, 2021 (Jordi Pi\u00e0-Comella) - Soci\u00e9t\u00e9 d&#039;\u00c9tudes M\u00e9dio Et N\u00e9o-Latines","isPartOf":{"@id":"http:\/\/www.semen-l.org\/#website"},"datePublished":"2021-12-11T00:01:42+00:00","dateModified":"2024-02-11T00:04:46+00:00","breadcrumb":{"@id":"http:\/\/www.semen-l.org\/?p=3133#breadcrumb"},"inLanguage":"fr-FR","potentialAction":[{"@type":"ReadAction","target":["http:\/\/www.semen-l.org\/?p=3133"]}]},{"@type":"BreadcrumbList","@id":"http:\/\/www.semen-l.org\/?p=3133#breadcrumb","itemListElement":[{"@type":"ListItem","position":1,"name":"Accueil","item":"http:\/\/www.semen-l.org\/"},{"@type":"ListItem","position":2,"name":"Boul\u00e8gue, L., Perrin, M., Veyrard-Cosme, Chr., Asc\u00e8se et asc\u00e9tisme de l\u2019Antiquit\u00e9 tardive \u00e0 la Renaissance. Traditions et remises en causes, Paris, Classiques Garnier, 2021 (Jordi Pi\u00e0-Comella)"}]},{"@type":"WebSite","@id":"http:\/\/www.semen-l.org\/#website","url":"http:\/\/www.semen-l.org\/","name":"Soci\u00e9t\u00e9 d'\u00c9tudes M\u00e9dio Et N\u00e9o-Latines","description":"","publisher":{"@id":"http:\/\/www.semen-l.org\/#organization"},"potentialAction":[{"@type":"SearchAction","target":{"@type":"EntryPoint","urlTemplate":"http:\/\/www.semen-l.org\/?s={search_term_string}"},"query-input":{"@type":"PropertyValueSpecification","valueRequired":true,"valueName":"search_term_string"}}],"inLanguage":"fr-FR"},{"@type":"Organization","@id":"http:\/\/www.semen-l.org\/#organization","name":"Soci\u00e9t\u00e9 d'\u00e9tudes m\u00e9dio et n\u00e9o-latines","url":"http:\/\/www.semen-l.org\/","logo":{"@type":"ImageObject","inLanguage":"fr-FR","@id":"http:\/\/www.semen-l.org\/#\/schema\/logo\/image\/","url":"http:\/\/www.semen-l.org\/wp-content\/uploads\/2020\/11\/logo-semenl.jpg","contentUrl":"http:\/\/www.semen-l.org\/wp-content\/uploads\/2020\/11\/logo-semenl.jpg","width":408,"height":403,"caption":"Soci\u00e9t\u00e9 d'\u00e9tudes m\u00e9dio et n\u00e9o-latines"},"image":{"@id":"http:\/\/www.semen-l.org\/#\/schema\/logo\/image\/"},"sameAs":["https:\/\/www.facebook.com\/SEMENL2018","https:\/\/independent.academia.edu\/SocitsdtudesmdioetnolatinesSEMENL"]},{"@type":"Person","@id":"http:\/\/www.semen-l.org\/#\/schema\/person\/ef5208815f17666727763c5363a51344","name":"Julien Maudoux","image":{"@type":"ImageObject","inLanguage":"fr-FR","@id":"https:\/\/secure.gravatar.com\/avatar\/caabf4fb6242e2277733cd35a5c2aa083761ea25dae1d1ff3298b54292225292?s=96&d=mm&r=g","url":"https:\/\/secure.gravatar.com\/avatar\/caabf4fb6242e2277733cd35a5c2aa083761ea25dae1d1ff3298b54292225292?s=96&d=mm&r=g","contentUrl":"https:\/\/secure.gravatar.com\/avatar\/caabf4fb6242e2277733cd35a5c2aa083761ea25dae1d1ff3298b54292225292?s=96&d=mm&r=g","caption":"Julien Maudoux"},"description":"Webmestre du site de la SEMEN-L","url":"https:\/\/www.semen-l.org\/?author=26"}]}},"jetpack_featured_media_url":"","_links":{"self":[{"href":"https:\/\/www.semen-l.org\/index.php?rest_route=\/wp\/v2\/posts\/3133","targetHints":{"allow":["GET"]}}],"collection":[{"href":"https:\/\/www.semen-l.org\/index.php?rest_route=\/wp\/v2\/posts"}],"about":[{"href":"https:\/\/www.semen-l.org\/index.php?rest_route=\/wp\/v2\/types\/post"}],"author":[{"embeddable":true,"href":"https:\/\/www.semen-l.org\/index.php?rest_route=\/wp\/v2\/users\/26"}],"replies":[{"embeddable":true,"href":"https:\/\/www.semen-l.org\/index.php?rest_route=%2Fwp%2Fv2%2Fcomments&post=3133"}],"version-history":[{"count":0,"href":"https:\/\/www.semen-l.org\/index.php?rest_route=\/wp\/v2\/posts\/3133\/revisions"}],"wp:attachment":[{"href":"https:\/\/www.semen-l.org\/index.php?rest_route=%2Fwp%2Fv2%2Fmedia&parent=3133"}],"wp:term":[{"taxonomy":"category","embeddable":true,"href":"https:\/\/www.semen-l.org\/index.php?rest_route=%2Fwp%2Fv2%2Fcategories&post=3133"},{"taxonomy":"post_tag","embeddable":true,"href":"https:\/\/www.semen-l.org\/index.php?rest_route=%2Fwp%2Fv2%2Ftags&post=3133"}],"curies":[{"name":"wp","href":"https:\/\/api.w.org\/{rel}","templated":true}]}}