{"id":3126,"date":"2021-12-10T23:54:17","date_gmt":"2021-12-10T23:54:17","guid":{"rendered":"https:\/\/www.semen-l.org\/?p=3126"},"modified":"2024-02-10T23:56:35","modified_gmt":"2024-02-10T23:56:35","slug":"pomel-fabienne-et-van-de-meeren-sophie-dir-philosophie-et-fiction-de-lantiquite-tardive-a-la-renaissance-leuven-peeters-publishers-collection-synthema-n12-2021","status":"publish","type":"post","link":"https:\/\/www.semen-l.org\/?p=3126","title":{"rendered":"Pomel Fabienne et Van de Meeren Sophie (dir.), Philosophie et fiction de l&rsquo;Antiquit\u00e9 tardive \u00e0 la Renaissance, Leuven, Peeters publishers, Collection Synthema, n\u00b012, 2021"},"content":{"rendered":"<p><strong>Pomel Fabienne et Van de Meeren Sophie (dir.), <em>Philosophie et fiction de l&rsquo;Antiquit\u00e9 tardive \u00e0 la Renaissance<\/em>, Leuven, Peeters publishers, Collection Synthema, n\u00b012, 2021, 358p.<\/strong><\/p>\n<p>Quels \u00e9taient les repr\u00e9sentations et enjeux de la philosophie et de la fiction, leurs \u00e9changes, interactions et zones fronti\u00e8res de l\u2019Antiquit\u00e9 tardive jusqu\u2019\u00e0 la Renaissance ? La fiction peut appara\u00eetre comme l\u2019envers de la v\u00e9rit\u00e9. Elle n\u2019en est pas moins une forme de recherche de v\u00e9rit\u00e9, savoir ou sagesse : Augustin, Macrobe, Martianus Capella ou Bo\u00e8ce, puis les po\u00e8mes all\u00e9goriques latins du XIIe si\u00e8cle, les encyclop\u00e9dies du XIIIe si\u00e8cle, suivies par des \u0153uvres all\u00e9goriques \u00e9crites dans le milieu de la cour de Charles V et Charles VI ou encore par Ficin probl\u00e9matisent le statut de la fiction : quelle est sa l\u00e9gitimation philosophique ? Quels sont les rapports entre philosophie et arts lib\u00e9raux, philosophie et po\u00e9tique, philosophie et th\u00e9ologie ? Les contributions interrogent le lexique et l\u2019arri\u00e8re-plan philosophique. Elles examinent aussi les moyens de la fiction pour mettre en \u0153uvre un projet herm\u00e9neutique et heuristique f\u00e9cond : la personnification, la prosopop\u00e9e, les mod\u00e8les narratifs (banquet ou voie) ou le cadre dialogique.<\/p>\n<p>Cette recension a \u00e9t\u00e9 publi\u00e9e dans le<a href=\"https:\/\/www.semen-l.org\/?p=1997\">\u00a0Bulletin de liaison n\u00b019 (2021) de la SEMEN-L<\/a> (p. 74-75).<\/p>\n","protected":false},"excerpt":{"rendered":"<p>Pomel Fabienne et Van de Meeren Sophie (dir.), Philosophie et fiction de l&rsquo;Antiquit\u00e9 tardive \u00e0 la Renaissance, Leuven, Peeters publishers, Collection Synthema, n\u00b012, 2021, 358p. Quels \u00e9taient les repr\u00e9sentations et enjeux de la philosophie et de la fiction, leurs \u00e9changes, &hellip; <a href=\"https:\/\/www.semen-l.org\/?p=3126\">Continuer la lecture <span class=\"meta-nav\">&rarr;<\/span><\/a><\/p>\n","protected":false},"author":26,"featured_media":0,"comment_status":"open","ping_status":"open","sticky":false,"template":"","format":"standard","meta":{"footnotes":""},"categories":[1825],"tags":[213,136,188,901,1956,174,137,309,1303,297,184,1281,1217,1954,139,26,1953,286],"class_list":["post-3126","post","type-post","status-publish","format-standard","hentry","category-recensions","tag-allegorie","tag-arts-liberaux","tag-boece","tag-charles-v","tag-charles-vi","tag-dialogue","tag-encyclopedie","tag-ficin-marsile","tag-fiction","tag-macrobe","tag-martianus-capella","tag-modele","tag-narration","tag-personnification","tag-philosophie","tag-poesie","tag-prosopopee","tag-theologie"],"yoast_head":"<!-- This site is optimized with the Yoast SEO plugin v27.5 - https:\/\/yoast.com\/product\/yoast-seo-wordpress\/ -->\n<title>Pomel Fabienne et Van de Meeren Sophie (dir.), Philosophie et fiction de l&#039;Antiquit\u00e9 tardive \u00e0 la Renaissance, Leuven, Peeters publishers, Collection Synthema, n\u00b012, 2021 - Soci\u00e9t\u00e9 d&#039;\u00c9tudes M\u00e9dio Et N\u00e9o-Latines<\/title>\n<meta name=\"robots\" content=\"index, follow, max-snippet:-1, max-image-preview:large, max-video-preview:-1\" \/>\n<link rel=\"canonical\" href=\"http:\/\/www.semen-l.org\/?p=3126\" \/>\n<meta property=\"og:locale\" content=\"fr_FR\" \/>\n<meta property=\"og:type\" content=\"article\" \/>\n<meta property=\"og:title\" content=\"Pomel Fabienne et Van de Meeren Sophie (dir.), Philosophie et fiction de l&#039;Antiquit\u00e9 tardive \u00e0 la Renaissance, Leuven, Peeters publishers, Collection Synthema, n\u00b012, 2021 - Soci\u00e9t\u00e9 d&#039;\u00c9tudes M\u00e9dio Et N\u00e9o-Latines\" \/>\n<meta property=\"og:description\" content=\"Pomel Fabienne et Van de Meeren Sophie (dir.), Philosophie et fiction de l&rsquo;Antiquit\u00e9 tardive \u00e0 la Renaissance, Leuven, Peeters publishers, Collection Synthema, n\u00b012, 2021, 358p. Quels \u00e9taient les repr\u00e9sentations et enjeux de la philosophie et de la fiction, leurs \u00e9changes, &hellip; Continuer la lecture &rarr;\" \/>\n<meta property=\"og:url\" content=\"http:\/\/www.semen-l.org\/?p=3126\" \/>\n<meta property=\"og:site_name\" content=\"Soci\u00e9t\u00e9 d&#039;\u00c9tudes M\u00e9dio Et N\u00e9o-Latines\" \/>\n<meta property=\"article:publisher\" content=\"https:\/\/www.facebook.com\/SEMENL2018\" \/>\n<meta property=\"article:published_time\" content=\"2021-12-10T23:54:17+00:00\" \/>\n<meta property=\"article:modified_time\" content=\"2024-02-10T23:56:35+00:00\" \/>\n<meta name=\"author\" content=\"Julien Maudoux\" \/>\n<meta name=\"twitter:card\" content=\"summary_large_image\" \/>\n<meta name=\"twitter:label1\" content=\"\u00c9crit par\" \/>\n\t<meta name=\"twitter:data1\" content=\"Julien Maudoux\" \/>\n\t<meta name=\"twitter:label2\" content=\"Dur\u00e9e de lecture estim\u00e9e\" \/>\n\t<meta name=\"twitter:data2\" content=\"2 minutes\" \/>\n<script type=\"application\/ld+json\" class=\"yoast-schema-graph\">{\"@context\":\"https:\\\/\\\/schema.org\",\"@graph\":[{\"@type\":\"Article\",\"@id\":\"http:\\\/\\\/www.semen-l.org\\\/?p=3126#article\",\"isPartOf\":{\"@id\":\"http:\\\/\\\/www.semen-l.org\\\/?p=3126\"},\"author\":{\"name\":\"Julien Maudoux\",\"@id\":\"http:\\\/\\\/www.semen-l.org\\\/#\\\/schema\\\/person\\\/ef5208815f17666727763c5363a51344\"},\"headline\":\"Pomel Fabienne et Van de Meeren Sophie (dir.), Philosophie et fiction de l&rsquo;Antiquit\u00e9 tardive \u00e0 la Renaissance, Leuven, Peeters publishers, Collection Synthema, n\u00b012, 2021\",\"datePublished\":\"2021-12-10T23:54:17+00:00\",\"dateModified\":\"2024-02-10T23:56:35+00:00\",\"mainEntityOfPage\":{\"@id\":\"http:\\\/\\\/www.semen-l.org\\\/?p=3126\"},\"wordCount\":245,\"commentCount\":0,\"publisher\":{\"@id\":\"http:\\\/\\\/www.semen-l.org\\\/#organization\"},\"keywords\":[\"all\u00e9gorie\",\"arts lib\u00e9raux\",\"Bo\u00e8ce\",\"Charles V\",\"Charles VI\",\"dialogue\",\"encyclop\u00e9die\",\"Ficin (Marsile)\",\"fiction\",\"Macrobe\",\"Martianus Capella\",\"mod\u00e8le\",\"narration\",\"personnification\",\"philosophie\",\"po\u00e9sie\",\"prosopop\u00e9e\",\"th\u00e9ologie\"],\"articleSection\":[\"Recensions\"],\"inLanguage\":\"fr-FR\",\"potentialAction\":[{\"@type\":\"CommentAction\",\"name\":\"Comment\",\"target\":[\"http:\\\/\\\/www.semen-l.org\\\/?p=3126#respond\"]}]},{\"@type\":\"WebPage\",\"@id\":\"http:\\\/\\\/www.semen-l.org\\\/?p=3126\",\"url\":\"http:\\\/\\\/www.semen-l.org\\\/?p=3126\",\"name\":\"Pomel Fabienne et Van de Meeren Sophie (dir.), Philosophie et fiction de l'Antiquit\u00e9 tardive \u00e0 la Renaissance, Leuven, Peeters publishers, Collection Synthema, n\u00b012, 2021 - Soci\u00e9t\u00e9 d&#039;\u00c9tudes M\u00e9dio Et N\u00e9o-Latines\",\"isPartOf\":{\"@id\":\"http:\\\/\\\/www.semen-l.org\\\/#website\"},\"datePublished\":\"2021-12-10T23:54:17+00:00\",\"dateModified\":\"2024-02-10T23:56:35+00:00\",\"breadcrumb\":{\"@id\":\"http:\\\/\\\/www.semen-l.org\\\/?p=3126#breadcrumb\"},\"inLanguage\":\"fr-FR\",\"potentialAction\":[{\"@type\":\"ReadAction\",\"target\":[\"http:\\\/\\\/www.semen-l.org\\\/?p=3126\"]}]},{\"@type\":\"BreadcrumbList\",\"@id\":\"http:\\\/\\\/www.semen-l.org\\\/?p=3126#breadcrumb\",\"itemListElement\":[{\"@type\":\"ListItem\",\"position\":1,\"name\":\"Accueil\",\"item\":\"http:\\\/\\\/www.semen-l.org\\\/\"},{\"@type\":\"ListItem\",\"position\":2,\"name\":\"Pomel Fabienne et Van de Meeren Sophie (dir.), Philosophie et fiction de l&rsquo;Antiquit\u00e9 tardive \u00e0 la Renaissance, Leuven, Peeters publishers, Collection Synthema, n\u00b012, 2021\"}]},{\"@type\":\"WebSite\",\"@id\":\"http:\\\/\\\/www.semen-l.org\\\/#website\",\"url\":\"http:\\\/\\\/www.semen-l.org\\\/\",\"name\":\"Soci\u00e9t\u00e9 d'\u00c9tudes M\u00e9dio Et N\u00e9o-Latines\",\"description\":\"\",\"publisher\":{\"@id\":\"http:\\\/\\\/www.semen-l.org\\\/#organization\"},\"potentialAction\":[{\"@type\":\"SearchAction\",\"target\":{\"@type\":\"EntryPoint\",\"urlTemplate\":\"http:\\\/\\\/www.semen-l.org\\\/?s={search_term_string}\"},\"query-input\":{\"@type\":\"PropertyValueSpecification\",\"valueRequired\":true,\"valueName\":\"search_term_string\"}}],\"inLanguage\":\"fr-FR\"},{\"@type\":\"Organization\",\"@id\":\"http:\\\/\\\/www.semen-l.org\\\/#organization\",\"name\":\"Soci\u00e9t\u00e9 d'\u00e9tudes m\u00e9dio et n\u00e9o-latines\",\"url\":\"http:\\\/\\\/www.semen-l.org\\\/\",\"logo\":{\"@type\":\"ImageObject\",\"inLanguage\":\"fr-FR\",\"@id\":\"http:\\\/\\\/www.semen-l.org\\\/#\\\/schema\\\/logo\\\/image\\\/\",\"url\":\"http:\\\/\\\/www.semen-l.org\\\/wp-content\\\/uploads\\\/2020\\\/11\\\/logo-semenl.jpg\",\"contentUrl\":\"http:\\\/\\\/www.semen-l.org\\\/wp-content\\\/uploads\\\/2020\\\/11\\\/logo-semenl.jpg\",\"width\":408,\"height\":403,\"caption\":\"Soci\u00e9t\u00e9 d'\u00e9tudes m\u00e9dio et n\u00e9o-latines\"},\"image\":{\"@id\":\"http:\\\/\\\/www.semen-l.org\\\/#\\\/schema\\\/logo\\\/image\\\/\"},\"sameAs\":[\"https:\\\/\\\/www.facebook.com\\\/SEMENL2018\",\"https:\\\/\\\/independent.academia.edu\\\/SocitsdtudesmdioetnolatinesSEMENL\"]},{\"@type\":\"Person\",\"@id\":\"http:\\\/\\\/www.semen-l.org\\\/#\\\/schema\\\/person\\\/ef5208815f17666727763c5363a51344\",\"name\":\"Julien Maudoux\",\"image\":{\"@type\":\"ImageObject\",\"inLanguage\":\"fr-FR\",\"@id\":\"https:\\\/\\\/secure.gravatar.com\\\/avatar\\\/caabf4fb6242e2277733cd35a5c2aa083761ea25dae1d1ff3298b54292225292?s=96&d=mm&r=g\",\"url\":\"https:\\\/\\\/secure.gravatar.com\\\/avatar\\\/caabf4fb6242e2277733cd35a5c2aa083761ea25dae1d1ff3298b54292225292?s=96&d=mm&r=g\",\"contentUrl\":\"https:\\\/\\\/secure.gravatar.com\\\/avatar\\\/caabf4fb6242e2277733cd35a5c2aa083761ea25dae1d1ff3298b54292225292?s=96&d=mm&r=g\",\"caption\":\"Julien Maudoux\"},\"description\":\"Webmestre du site de la SEMEN-L\",\"url\":\"https:\\\/\\\/www.semen-l.org\\\/?author=26\"}]}<\/script>\n<!-- \/ Yoast SEO plugin. -->","yoast_head_json":{"title":"Pomel Fabienne et Van de Meeren Sophie (dir.), Philosophie et fiction de l'Antiquit\u00e9 tardive \u00e0 la Renaissance, Leuven, Peeters publishers, Collection Synthema, n\u00b012, 2021 - Soci\u00e9t\u00e9 d&#039;\u00c9tudes M\u00e9dio Et N\u00e9o-Latines","robots":{"index":"index","follow":"follow","max-snippet":"max-snippet:-1","max-image-preview":"max-image-preview:large","max-video-preview":"max-video-preview:-1"},"canonical":"http:\/\/www.semen-l.org\/?p=3126","og_locale":"fr_FR","og_type":"article","og_title":"Pomel Fabienne et Van de Meeren Sophie (dir.), Philosophie et fiction de l'Antiquit\u00e9 tardive \u00e0 la Renaissance, Leuven, Peeters publishers, Collection Synthema, n\u00b012, 2021 - Soci\u00e9t\u00e9 d&#039;\u00c9tudes M\u00e9dio Et N\u00e9o-Latines","og_description":"Pomel Fabienne et Van de Meeren Sophie (dir.), Philosophie et fiction de l&rsquo;Antiquit\u00e9 tardive \u00e0 la Renaissance, Leuven, Peeters publishers, Collection Synthema, n\u00b012, 2021, 358p. Quels \u00e9taient les repr\u00e9sentations et enjeux de la philosophie et de la fiction, leurs \u00e9changes, &hellip; Continuer la lecture &rarr;","og_url":"http:\/\/www.semen-l.org\/?p=3126","og_site_name":"Soci\u00e9t\u00e9 d&#039;\u00c9tudes M\u00e9dio Et N\u00e9o-Latines","article_publisher":"https:\/\/www.facebook.com\/SEMENL2018","article_published_time":"2021-12-10T23:54:17+00:00","article_modified_time":"2024-02-10T23:56:35+00:00","author":"Julien Maudoux","twitter_card":"summary_large_image","twitter_misc":{"\u00c9crit par":"Julien Maudoux","Dur\u00e9e de lecture estim\u00e9e":"2 minutes"},"schema":{"@context":"https:\/\/schema.org","@graph":[{"@type":"Article","@id":"http:\/\/www.semen-l.org\/?p=3126#article","isPartOf":{"@id":"http:\/\/www.semen-l.org\/?p=3126"},"author":{"name":"Julien Maudoux","@id":"http:\/\/www.semen-l.org\/#\/schema\/person\/ef5208815f17666727763c5363a51344"},"headline":"Pomel Fabienne et Van de Meeren Sophie (dir.), Philosophie et fiction de l&rsquo;Antiquit\u00e9 tardive \u00e0 la Renaissance, Leuven, Peeters publishers, Collection Synthema, n\u00b012, 2021","datePublished":"2021-12-10T23:54:17+00:00","dateModified":"2024-02-10T23:56:35+00:00","mainEntityOfPage":{"@id":"http:\/\/www.semen-l.org\/?p=3126"},"wordCount":245,"commentCount":0,"publisher":{"@id":"http:\/\/www.semen-l.org\/#organization"},"keywords":["all\u00e9gorie","arts lib\u00e9raux","Bo\u00e8ce","Charles V","Charles VI","dialogue","encyclop\u00e9die","Ficin (Marsile)","fiction","Macrobe","Martianus Capella","mod\u00e8le","narration","personnification","philosophie","po\u00e9sie","prosopop\u00e9e","th\u00e9ologie"],"articleSection":["Recensions"],"inLanguage":"fr-FR","potentialAction":[{"@type":"CommentAction","name":"Comment","target":["http:\/\/www.semen-l.org\/?p=3126#respond"]}]},{"@type":"WebPage","@id":"http:\/\/www.semen-l.org\/?p=3126","url":"http:\/\/www.semen-l.org\/?p=3126","name":"Pomel Fabienne et Van de Meeren Sophie (dir.), Philosophie et fiction de l'Antiquit\u00e9 tardive \u00e0 la Renaissance, Leuven, Peeters publishers, Collection Synthema, n\u00b012, 2021 - Soci\u00e9t\u00e9 d&#039;\u00c9tudes M\u00e9dio Et N\u00e9o-Latines","isPartOf":{"@id":"http:\/\/www.semen-l.org\/#website"},"datePublished":"2021-12-10T23:54:17+00:00","dateModified":"2024-02-10T23:56:35+00:00","breadcrumb":{"@id":"http:\/\/www.semen-l.org\/?p=3126#breadcrumb"},"inLanguage":"fr-FR","potentialAction":[{"@type":"ReadAction","target":["http:\/\/www.semen-l.org\/?p=3126"]}]},{"@type":"BreadcrumbList","@id":"http:\/\/www.semen-l.org\/?p=3126#breadcrumb","itemListElement":[{"@type":"ListItem","position":1,"name":"Accueil","item":"http:\/\/www.semen-l.org\/"},{"@type":"ListItem","position":2,"name":"Pomel Fabienne et Van de Meeren Sophie (dir.), Philosophie et fiction de l&rsquo;Antiquit\u00e9 tardive \u00e0 la Renaissance, Leuven, Peeters publishers, Collection Synthema, n\u00b012, 2021"}]},{"@type":"WebSite","@id":"http:\/\/www.semen-l.org\/#website","url":"http:\/\/www.semen-l.org\/","name":"Soci\u00e9t\u00e9 d'\u00c9tudes M\u00e9dio Et N\u00e9o-Latines","description":"","publisher":{"@id":"http:\/\/www.semen-l.org\/#organization"},"potentialAction":[{"@type":"SearchAction","target":{"@type":"EntryPoint","urlTemplate":"http:\/\/www.semen-l.org\/?s={search_term_string}"},"query-input":{"@type":"PropertyValueSpecification","valueRequired":true,"valueName":"search_term_string"}}],"inLanguage":"fr-FR"},{"@type":"Organization","@id":"http:\/\/www.semen-l.org\/#organization","name":"Soci\u00e9t\u00e9 d'\u00e9tudes m\u00e9dio et n\u00e9o-latines","url":"http:\/\/www.semen-l.org\/","logo":{"@type":"ImageObject","inLanguage":"fr-FR","@id":"http:\/\/www.semen-l.org\/#\/schema\/logo\/image\/","url":"http:\/\/www.semen-l.org\/wp-content\/uploads\/2020\/11\/logo-semenl.jpg","contentUrl":"http:\/\/www.semen-l.org\/wp-content\/uploads\/2020\/11\/logo-semenl.jpg","width":408,"height":403,"caption":"Soci\u00e9t\u00e9 d'\u00e9tudes m\u00e9dio et n\u00e9o-latines"},"image":{"@id":"http:\/\/www.semen-l.org\/#\/schema\/logo\/image\/"},"sameAs":["https:\/\/www.facebook.com\/SEMENL2018","https:\/\/independent.academia.edu\/SocitsdtudesmdioetnolatinesSEMENL"]},{"@type":"Person","@id":"http:\/\/www.semen-l.org\/#\/schema\/person\/ef5208815f17666727763c5363a51344","name":"Julien Maudoux","image":{"@type":"ImageObject","inLanguage":"fr-FR","@id":"https:\/\/secure.gravatar.com\/avatar\/caabf4fb6242e2277733cd35a5c2aa083761ea25dae1d1ff3298b54292225292?s=96&d=mm&r=g","url":"https:\/\/secure.gravatar.com\/avatar\/caabf4fb6242e2277733cd35a5c2aa083761ea25dae1d1ff3298b54292225292?s=96&d=mm&r=g","contentUrl":"https:\/\/secure.gravatar.com\/avatar\/caabf4fb6242e2277733cd35a5c2aa083761ea25dae1d1ff3298b54292225292?s=96&d=mm&r=g","caption":"Julien Maudoux"},"description":"Webmestre du site de la SEMEN-L","url":"https:\/\/www.semen-l.org\/?author=26"}]}},"jetpack_featured_media_url":"","_links":{"self":[{"href":"https:\/\/www.semen-l.org\/index.php?rest_route=\/wp\/v2\/posts\/3126","targetHints":{"allow":["GET"]}}],"collection":[{"href":"https:\/\/www.semen-l.org\/index.php?rest_route=\/wp\/v2\/posts"}],"about":[{"href":"https:\/\/www.semen-l.org\/index.php?rest_route=\/wp\/v2\/types\/post"}],"author":[{"embeddable":true,"href":"https:\/\/www.semen-l.org\/index.php?rest_route=\/wp\/v2\/users\/26"}],"replies":[{"embeddable":true,"href":"https:\/\/www.semen-l.org\/index.php?rest_route=%2Fwp%2Fv2%2Fcomments&post=3126"}],"version-history":[{"count":0,"href":"https:\/\/www.semen-l.org\/index.php?rest_route=\/wp\/v2\/posts\/3126\/revisions"}],"wp:attachment":[{"href":"https:\/\/www.semen-l.org\/index.php?rest_route=%2Fwp%2Fv2%2Fmedia&parent=3126"}],"wp:term":[{"taxonomy":"category","embeddable":true,"href":"https:\/\/www.semen-l.org\/index.php?rest_route=%2Fwp%2Fv2%2Fcategories&post=3126"},{"taxonomy":"post_tag","embeddable":true,"href":"https:\/\/www.semen-l.org\/index.php?rest_route=%2Fwp%2Fv2%2Ftags&post=3126"}],"curies":[{"name":"wp","href":"https:\/\/api.w.org\/{rel}","templated":true}]}}