{"id":3122,"date":"2021-12-10T23:51:41","date_gmt":"2021-12-10T23:51:41","guid":{"rendered":"https:\/\/www.semen-l.org\/?p=3122"},"modified":"2024-02-10T23:52:50","modified_gmt":"2024-02-10T23:52:50","slug":"george-buchanan-tragedies-sacrees-humanistes-tome-i-baptistes-siue-calumnia-et-iephthes-siue-votum-edition-traduction-et-commentaire-de-carine-ferradou-paris-classiques-garnier-collection-bib","status":"publish","type":"post","link":"https:\/\/www.semen-l.org\/?p=3122","title":{"rendered":"George Buchanan, Trag\u00e9dies sacr\u00e9es humanistes. Tome I : Baptistes siue Calumnia et Iephthes siue Votum, \u00e9dition, traduction et commentaire de Carine Ferradou, Paris, Classiques Garnier, collection Biblioth\u00e8que du th\u00e9\u00e2tre fran\u00e7ais, 2021"},"content":{"rendered":"<p><strong>George Buchanan, <em>Trag\u00e9dies sacr\u00e9es humanistes. Tome I : Baptistes siue Calumnia <\/em>et <em>Iephthes siue Votum, <\/em>\u00e9dition, traduction et commentaire de Carine Ferradou, Paris, Classiques Garnier, collection Biblioth\u00e8que du th\u00e9\u00e2tre fran\u00e7ais, 2021, 422p.<\/strong><\/p>\n<p>Apr\u00e8s une introduction repla\u00e7ant le th\u00e9\u00e2tre sacr\u00e9 de George Buchanan dans le contexte culturel du XVI<sup>e<\/sup> si\u00e8cle, et la pr\u00e9sentation de chaque trag\u00e9die, le texte latin de <em>Baptistes siue Calumnia <\/em>et <em>Iephthes siue Votum <\/em>est accompagn\u00e9 d\u2019une traduction en fran\u00e7ais moderne, d\u2019apparats, d\u2019une bibliographie et d\u2019index.<\/p>\n<div class=\"entry-content\">\n<p>Cette recension a \u00e9t\u00e9 publi\u00e9e dans le<a href=\"https:\/\/www.semen-l.org\/?p=1997\">\u00a0Bulletin de liaison n\u00b019 (2021) de la SEMEN-L<\/a> (p. 74).<\/p>\n<\/div>\n","protected":false},"excerpt":{"rendered":"<p>George Buchanan, Trag\u00e9dies sacr\u00e9es humanistes. Tome I : Baptistes siue Calumnia et Iephthes siue Votum, \u00e9dition, traduction et commentaire de Carine Ferradou, Paris, Classiques Garnier, collection Biblioth\u00e8que du th\u00e9\u00e2tre fran\u00e7ais, 2021, 422p. Apr\u00e8s une introduction repla\u00e7ant le th\u00e9\u00e2tre sacr\u00e9 de &hellip; <a href=\"https:\/\/www.semen-l.org\/?p=3122\">Continuer la lecture <span class=\"meta-nav\">&rarr;<\/span><\/a><\/p>\n","protected":false},"author":26,"featured_media":0,"comment_status":"open","ping_status":"open","sticky":false,"template":"","format":"standard","meta":{"footnotes":""},"categories":[1825],"tags":[259,133,144,1949,1594,1296,371],"class_list":["post-3122","post","type-post","status-publish","format-standard","hentry","category-recensions","tag-baptistes-sive-calumnia","tag-george-buchanan","tag-humanisme","tag-iephtes-sive-votum","tag-religion","tag-theatre","tag-traduction"],"yoast_head":"<!-- This site is optimized with the Yoast SEO plugin v27.5 - https:\/\/yoast.com\/product\/yoast-seo-wordpress\/ -->\n<title>George Buchanan, Trag\u00e9dies sacr\u00e9es humanistes. Tome I : Baptistes siue Calumnia et Iephthes siue Votum, \u00e9dition, traduction et commentaire de Carine Ferradou, Paris, Classiques Garnier, collection Biblioth\u00e8que du th\u00e9\u00e2tre fran\u00e7ais, 2021 - Soci\u00e9t\u00e9 d&#039;\u00c9tudes M\u00e9dio Et N\u00e9o-Latines<\/title>\n<meta name=\"robots\" content=\"index, follow, max-snippet:-1, max-image-preview:large, max-video-preview:-1\" \/>\n<link rel=\"canonical\" href=\"http:\/\/www.semen-l.org\/?p=3122\" \/>\n<meta property=\"og:locale\" content=\"fr_FR\" \/>\n<meta property=\"og:type\" content=\"article\" \/>\n<meta property=\"og:title\" content=\"George Buchanan, Trag\u00e9dies sacr\u00e9es humanistes. Tome I : Baptistes siue Calumnia et Iephthes siue Votum, \u00e9dition, traduction et commentaire de Carine Ferradou, Paris, Classiques Garnier, collection Biblioth\u00e8que du th\u00e9\u00e2tre fran\u00e7ais, 2021 - Soci\u00e9t\u00e9 d&#039;\u00c9tudes M\u00e9dio Et N\u00e9o-Latines\" \/>\n<meta property=\"og:description\" content=\"George Buchanan, Trag\u00e9dies sacr\u00e9es humanistes. Tome I : Baptistes siue Calumnia et Iephthes siue Votum, \u00e9dition, traduction et commentaire de Carine Ferradou, Paris, Classiques Garnier, collection Biblioth\u00e8que du th\u00e9\u00e2tre fran\u00e7ais, 2021, 422p. Apr\u00e8s une introduction repla\u00e7ant le th\u00e9\u00e2tre sacr\u00e9 de &hellip; Continuer la lecture &rarr;\" \/>\n<meta property=\"og:url\" content=\"http:\/\/www.semen-l.org\/?p=3122\" \/>\n<meta property=\"og:site_name\" content=\"Soci\u00e9t\u00e9 d&#039;\u00c9tudes M\u00e9dio Et N\u00e9o-Latines\" \/>\n<meta property=\"article:publisher\" content=\"https:\/\/www.facebook.com\/SEMENL2018\" \/>\n<meta property=\"article:published_time\" content=\"2021-12-10T23:51:41+00:00\" \/>\n<meta property=\"article:modified_time\" content=\"2024-02-10T23:52:50+00:00\" \/>\n<meta name=\"author\" content=\"Julien Maudoux\" \/>\n<meta name=\"twitter:card\" content=\"summary_large_image\" \/>\n<meta name=\"twitter:label1\" content=\"\u00c9crit par\" \/>\n\t<meta name=\"twitter:data1\" content=\"Julien Maudoux\" \/>\n\t<meta name=\"twitter:label2\" content=\"Dur\u00e9e de lecture estim\u00e9e\" \/>\n\t<meta name=\"twitter:data2\" content=\"1 minute\" \/>\n<script type=\"application\/ld+json\" class=\"yoast-schema-graph\">{\"@context\":\"https:\\\/\\\/schema.org\",\"@graph\":[{\"@type\":\"Article\",\"@id\":\"http:\\\/\\\/www.semen-l.org\\\/?p=3122#article\",\"isPartOf\":{\"@id\":\"http:\\\/\\\/www.semen-l.org\\\/?p=3122\"},\"author\":{\"name\":\"Julien Maudoux\",\"@id\":\"http:\\\/\\\/www.semen-l.org\\\/#\\\/schema\\\/person\\\/ef5208815f17666727763c5363a51344\"},\"headline\":\"George Buchanan, Trag\u00e9dies sacr\u00e9es humanistes. Tome I : Baptistes siue Calumnia et Iephthes siue Votum, \u00e9dition, traduction et commentaire de Carine Ferradou, Paris, Classiques Garnier, collection Biblioth\u00e8que du th\u00e9\u00e2tre fran\u00e7ais, 2021\",\"datePublished\":\"2021-12-10T23:51:41+00:00\",\"dateModified\":\"2024-02-10T23:52:50+00:00\",\"mainEntityOfPage\":{\"@id\":\"http:\\\/\\\/www.semen-l.org\\\/?p=3122\"},\"wordCount\":142,\"commentCount\":0,\"publisher\":{\"@id\":\"http:\\\/\\\/www.semen-l.org\\\/#organization\"},\"keywords\":[\"Baptistes sive Calumnia\",\"Buchanan (George)\",\"humanisme\",\"Iephtes sive Votum\",\"religion\",\"th\u00e9\u00e2tre\",\"traduction\"],\"articleSection\":[\"Recensions\"],\"inLanguage\":\"fr-FR\",\"potentialAction\":[{\"@type\":\"CommentAction\",\"name\":\"Comment\",\"target\":[\"http:\\\/\\\/www.semen-l.org\\\/?p=3122#respond\"]}]},{\"@type\":\"WebPage\",\"@id\":\"http:\\\/\\\/www.semen-l.org\\\/?p=3122\",\"url\":\"http:\\\/\\\/www.semen-l.org\\\/?p=3122\",\"name\":\"George Buchanan, Trag\u00e9dies sacr\u00e9es humanistes. Tome I : Baptistes siue Calumnia et Iephthes siue Votum, \u00e9dition, traduction et commentaire de Carine Ferradou, Paris, Classiques Garnier, collection Biblioth\u00e8que du th\u00e9\u00e2tre fran\u00e7ais, 2021 - Soci\u00e9t\u00e9 d&#039;\u00c9tudes M\u00e9dio Et N\u00e9o-Latines\",\"isPartOf\":{\"@id\":\"http:\\\/\\\/www.semen-l.org\\\/#website\"},\"datePublished\":\"2021-12-10T23:51:41+00:00\",\"dateModified\":\"2024-02-10T23:52:50+00:00\",\"breadcrumb\":{\"@id\":\"http:\\\/\\\/www.semen-l.org\\\/?p=3122#breadcrumb\"},\"inLanguage\":\"fr-FR\",\"potentialAction\":[{\"@type\":\"ReadAction\",\"target\":[\"http:\\\/\\\/www.semen-l.org\\\/?p=3122\"]}]},{\"@type\":\"BreadcrumbList\",\"@id\":\"http:\\\/\\\/www.semen-l.org\\\/?p=3122#breadcrumb\",\"itemListElement\":[{\"@type\":\"ListItem\",\"position\":1,\"name\":\"Accueil\",\"item\":\"http:\\\/\\\/www.semen-l.org\\\/\"},{\"@type\":\"ListItem\",\"position\":2,\"name\":\"George Buchanan, Trag\u00e9dies sacr\u00e9es humanistes. Tome I : Baptistes siue Calumnia et Iephthes siue Votum, \u00e9dition, traduction et commentaire de Carine Ferradou, Paris, Classiques Garnier, collection Biblioth\u00e8que du th\u00e9\u00e2tre fran\u00e7ais, 2021\"}]},{\"@type\":\"WebSite\",\"@id\":\"http:\\\/\\\/www.semen-l.org\\\/#website\",\"url\":\"http:\\\/\\\/www.semen-l.org\\\/\",\"name\":\"Soci\u00e9t\u00e9 d'\u00c9tudes M\u00e9dio Et N\u00e9o-Latines\",\"description\":\"\",\"publisher\":{\"@id\":\"http:\\\/\\\/www.semen-l.org\\\/#organization\"},\"potentialAction\":[{\"@type\":\"SearchAction\",\"target\":{\"@type\":\"EntryPoint\",\"urlTemplate\":\"http:\\\/\\\/www.semen-l.org\\\/?s={search_term_string}\"},\"query-input\":{\"@type\":\"PropertyValueSpecification\",\"valueRequired\":true,\"valueName\":\"search_term_string\"}}],\"inLanguage\":\"fr-FR\"},{\"@type\":\"Organization\",\"@id\":\"http:\\\/\\\/www.semen-l.org\\\/#organization\",\"name\":\"Soci\u00e9t\u00e9 d'\u00e9tudes m\u00e9dio et n\u00e9o-latines\",\"url\":\"http:\\\/\\\/www.semen-l.org\\\/\",\"logo\":{\"@type\":\"ImageObject\",\"inLanguage\":\"fr-FR\",\"@id\":\"http:\\\/\\\/www.semen-l.org\\\/#\\\/schema\\\/logo\\\/image\\\/\",\"url\":\"http:\\\/\\\/www.semen-l.org\\\/wp-content\\\/uploads\\\/2020\\\/11\\\/logo-semenl.jpg\",\"contentUrl\":\"http:\\\/\\\/www.semen-l.org\\\/wp-content\\\/uploads\\\/2020\\\/11\\\/logo-semenl.jpg\",\"width\":408,\"height\":403,\"caption\":\"Soci\u00e9t\u00e9 d'\u00e9tudes m\u00e9dio et n\u00e9o-latines\"},\"image\":{\"@id\":\"http:\\\/\\\/www.semen-l.org\\\/#\\\/schema\\\/logo\\\/image\\\/\"},\"sameAs\":[\"https:\\\/\\\/www.facebook.com\\\/SEMENL2018\",\"https:\\\/\\\/independent.academia.edu\\\/SocitsdtudesmdioetnolatinesSEMENL\"]},{\"@type\":\"Person\",\"@id\":\"http:\\\/\\\/www.semen-l.org\\\/#\\\/schema\\\/person\\\/ef5208815f17666727763c5363a51344\",\"name\":\"Julien Maudoux\",\"image\":{\"@type\":\"ImageObject\",\"inLanguage\":\"fr-FR\",\"@id\":\"https:\\\/\\\/secure.gravatar.com\\\/avatar\\\/caabf4fb6242e2277733cd35a5c2aa083761ea25dae1d1ff3298b54292225292?s=96&d=mm&r=g\",\"url\":\"https:\\\/\\\/secure.gravatar.com\\\/avatar\\\/caabf4fb6242e2277733cd35a5c2aa083761ea25dae1d1ff3298b54292225292?s=96&d=mm&r=g\",\"contentUrl\":\"https:\\\/\\\/secure.gravatar.com\\\/avatar\\\/caabf4fb6242e2277733cd35a5c2aa083761ea25dae1d1ff3298b54292225292?s=96&d=mm&r=g\",\"caption\":\"Julien Maudoux\"},\"description\":\"Webmestre du site de la SEMEN-L\",\"url\":\"https:\\\/\\\/www.semen-l.org\\\/?author=26\"}]}<\/script>\n<!-- \/ Yoast SEO plugin. -->","yoast_head_json":{"title":"George Buchanan, Trag\u00e9dies sacr\u00e9es humanistes. Tome I : Baptistes siue Calumnia et Iephthes siue Votum, \u00e9dition, traduction et commentaire de Carine Ferradou, Paris, Classiques Garnier, collection Biblioth\u00e8que du th\u00e9\u00e2tre fran\u00e7ais, 2021 - Soci\u00e9t\u00e9 d&#039;\u00c9tudes M\u00e9dio Et N\u00e9o-Latines","robots":{"index":"index","follow":"follow","max-snippet":"max-snippet:-1","max-image-preview":"max-image-preview:large","max-video-preview":"max-video-preview:-1"},"canonical":"http:\/\/www.semen-l.org\/?p=3122","og_locale":"fr_FR","og_type":"article","og_title":"George Buchanan, Trag\u00e9dies sacr\u00e9es humanistes. Tome I : Baptistes siue Calumnia et Iephthes siue Votum, \u00e9dition, traduction et commentaire de Carine Ferradou, Paris, Classiques Garnier, collection Biblioth\u00e8que du th\u00e9\u00e2tre fran\u00e7ais, 2021 - Soci\u00e9t\u00e9 d&#039;\u00c9tudes M\u00e9dio Et N\u00e9o-Latines","og_description":"George Buchanan, Trag\u00e9dies sacr\u00e9es humanistes. Tome I : Baptistes siue Calumnia et Iephthes siue Votum, \u00e9dition, traduction et commentaire de Carine Ferradou, Paris, Classiques Garnier, collection Biblioth\u00e8que du th\u00e9\u00e2tre fran\u00e7ais, 2021, 422p. Apr\u00e8s une introduction repla\u00e7ant le th\u00e9\u00e2tre sacr\u00e9 de &hellip; Continuer la lecture &rarr;","og_url":"http:\/\/www.semen-l.org\/?p=3122","og_site_name":"Soci\u00e9t\u00e9 d&#039;\u00c9tudes M\u00e9dio Et N\u00e9o-Latines","article_publisher":"https:\/\/www.facebook.com\/SEMENL2018","article_published_time":"2021-12-10T23:51:41+00:00","article_modified_time":"2024-02-10T23:52:50+00:00","author":"Julien Maudoux","twitter_card":"summary_large_image","twitter_misc":{"\u00c9crit par":"Julien Maudoux","Dur\u00e9e de lecture estim\u00e9e":"1 minute"},"schema":{"@context":"https:\/\/schema.org","@graph":[{"@type":"Article","@id":"http:\/\/www.semen-l.org\/?p=3122#article","isPartOf":{"@id":"http:\/\/www.semen-l.org\/?p=3122"},"author":{"name":"Julien Maudoux","@id":"http:\/\/www.semen-l.org\/#\/schema\/person\/ef5208815f17666727763c5363a51344"},"headline":"George Buchanan, Trag\u00e9dies sacr\u00e9es humanistes. Tome I : Baptistes siue Calumnia et Iephthes siue Votum, \u00e9dition, traduction et commentaire de Carine Ferradou, Paris, Classiques Garnier, collection Biblioth\u00e8que du th\u00e9\u00e2tre fran\u00e7ais, 2021","datePublished":"2021-12-10T23:51:41+00:00","dateModified":"2024-02-10T23:52:50+00:00","mainEntityOfPage":{"@id":"http:\/\/www.semen-l.org\/?p=3122"},"wordCount":142,"commentCount":0,"publisher":{"@id":"http:\/\/www.semen-l.org\/#organization"},"keywords":["Baptistes sive Calumnia","Buchanan (George)","humanisme","Iephtes sive Votum","religion","th\u00e9\u00e2tre","traduction"],"articleSection":["Recensions"],"inLanguage":"fr-FR","potentialAction":[{"@type":"CommentAction","name":"Comment","target":["http:\/\/www.semen-l.org\/?p=3122#respond"]}]},{"@type":"WebPage","@id":"http:\/\/www.semen-l.org\/?p=3122","url":"http:\/\/www.semen-l.org\/?p=3122","name":"George Buchanan, Trag\u00e9dies sacr\u00e9es humanistes. Tome I : Baptistes siue Calumnia et Iephthes siue Votum, \u00e9dition, traduction et commentaire de Carine Ferradou, Paris, Classiques Garnier, collection Biblioth\u00e8que du th\u00e9\u00e2tre fran\u00e7ais, 2021 - Soci\u00e9t\u00e9 d&#039;\u00c9tudes M\u00e9dio Et N\u00e9o-Latines","isPartOf":{"@id":"http:\/\/www.semen-l.org\/#website"},"datePublished":"2021-12-10T23:51:41+00:00","dateModified":"2024-02-10T23:52:50+00:00","breadcrumb":{"@id":"http:\/\/www.semen-l.org\/?p=3122#breadcrumb"},"inLanguage":"fr-FR","potentialAction":[{"@type":"ReadAction","target":["http:\/\/www.semen-l.org\/?p=3122"]}]},{"@type":"BreadcrumbList","@id":"http:\/\/www.semen-l.org\/?p=3122#breadcrumb","itemListElement":[{"@type":"ListItem","position":1,"name":"Accueil","item":"http:\/\/www.semen-l.org\/"},{"@type":"ListItem","position":2,"name":"George Buchanan, Trag\u00e9dies sacr\u00e9es humanistes. Tome I : Baptistes siue Calumnia et Iephthes siue Votum, \u00e9dition, traduction et commentaire de Carine Ferradou, Paris, Classiques Garnier, collection Biblioth\u00e8que du th\u00e9\u00e2tre fran\u00e7ais, 2021"}]},{"@type":"WebSite","@id":"http:\/\/www.semen-l.org\/#website","url":"http:\/\/www.semen-l.org\/","name":"Soci\u00e9t\u00e9 d'\u00c9tudes M\u00e9dio Et N\u00e9o-Latines","description":"","publisher":{"@id":"http:\/\/www.semen-l.org\/#organization"},"potentialAction":[{"@type":"SearchAction","target":{"@type":"EntryPoint","urlTemplate":"http:\/\/www.semen-l.org\/?s={search_term_string}"},"query-input":{"@type":"PropertyValueSpecification","valueRequired":true,"valueName":"search_term_string"}}],"inLanguage":"fr-FR"},{"@type":"Organization","@id":"http:\/\/www.semen-l.org\/#organization","name":"Soci\u00e9t\u00e9 d'\u00e9tudes m\u00e9dio et n\u00e9o-latines","url":"http:\/\/www.semen-l.org\/","logo":{"@type":"ImageObject","inLanguage":"fr-FR","@id":"http:\/\/www.semen-l.org\/#\/schema\/logo\/image\/","url":"http:\/\/www.semen-l.org\/wp-content\/uploads\/2020\/11\/logo-semenl.jpg","contentUrl":"http:\/\/www.semen-l.org\/wp-content\/uploads\/2020\/11\/logo-semenl.jpg","width":408,"height":403,"caption":"Soci\u00e9t\u00e9 d'\u00e9tudes m\u00e9dio et n\u00e9o-latines"},"image":{"@id":"http:\/\/www.semen-l.org\/#\/schema\/logo\/image\/"},"sameAs":["https:\/\/www.facebook.com\/SEMENL2018","https:\/\/independent.academia.edu\/SocitsdtudesmdioetnolatinesSEMENL"]},{"@type":"Person","@id":"http:\/\/www.semen-l.org\/#\/schema\/person\/ef5208815f17666727763c5363a51344","name":"Julien Maudoux","image":{"@type":"ImageObject","inLanguage":"fr-FR","@id":"https:\/\/secure.gravatar.com\/avatar\/caabf4fb6242e2277733cd35a5c2aa083761ea25dae1d1ff3298b54292225292?s=96&d=mm&r=g","url":"https:\/\/secure.gravatar.com\/avatar\/caabf4fb6242e2277733cd35a5c2aa083761ea25dae1d1ff3298b54292225292?s=96&d=mm&r=g","contentUrl":"https:\/\/secure.gravatar.com\/avatar\/caabf4fb6242e2277733cd35a5c2aa083761ea25dae1d1ff3298b54292225292?s=96&d=mm&r=g","caption":"Julien Maudoux"},"description":"Webmestre du site de la SEMEN-L","url":"https:\/\/www.semen-l.org\/?author=26"}]}},"jetpack_featured_media_url":"","_links":{"self":[{"href":"https:\/\/www.semen-l.org\/index.php?rest_route=\/wp\/v2\/posts\/3122","targetHints":{"allow":["GET"]}}],"collection":[{"href":"https:\/\/www.semen-l.org\/index.php?rest_route=\/wp\/v2\/posts"}],"about":[{"href":"https:\/\/www.semen-l.org\/index.php?rest_route=\/wp\/v2\/types\/post"}],"author":[{"embeddable":true,"href":"https:\/\/www.semen-l.org\/index.php?rest_route=\/wp\/v2\/users\/26"}],"replies":[{"embeddable":true,"href":"https:\/\/www.semen-l.org\/index.php?rest_route=%2Fwp%2Fv2%2Fcomments&post=3122"}],"version-history":[{"count":0,"href":"https:\/\/www.semen-l.org\/index.php?rest_route=\/wp\/v2\/posts\/3122\/revisions"}],"wp:attachment":[{"href":"https:\/\/www.semen-l.org\/index.php?rest_route=%2Fwp%2Fv2%2Fmedia&parent=3122"}],"wp:term":[{"taxonomy":"category","embeddable":true,"href":"https:\/\/www.semen-l.org\/index.php?rest_route=%2Fwp%2Fv2%2Fcategories&post=3122"},{"taxonomy":"post_tag","embeddable":true,"href":"https:\/\/www.semen-l.org\/index.php?rest_route=%2Fwp%2Fv2%2Ftags&post=3122"}],"curies":[{"name":"wp","href":"https:\/\/api.w.org\/{rel}","templated":true}]}}