{"id":3120,"date":"2021-12-10T12:48:11","date_gmt":"2021-12-10T12:48:11","guid":{"rendered":"https:\/\/www.semen-l.org\/?p=3120"},"modified":"2024-02-10T12:49:40","modified_gmt":"2024-02-10T12:49:40","slug":"benevent-christine-menini-romain-et-sanchi-luigi-alberto-dir-les-noces-de-philologie-et-de-guillaume-bude-un-humaniste-et-son-oeuvre-a-la-renaissance-paris-ecole-des-chartes-2021","status":"publish","type":"post","link":"https:\/\/www.semen-l.org\/?p=3120","title":{"rendered":"B\u00e9n\u00e9vent, Christine, Menini Romain et Sanchi Luigi-Alberto (dir.), Les noces de Philologie et de Guillaume Bud\u00e9. Un humaniste et son \u0153uvre \u00e0 la Renaissance, Paris, Ecole des Chartes, 2021"},"content":{"rendered":"<p><strong>B\u00e9n\u00e9vent, Christine, Menini Romain et Sanchi Luigi-Alberto (dir.), <em>Les noces de Philologie et de Guillaume Bud\u00e9. Un humaniste et son \u0153uvre \u00e0 la Renaissance<\/em>, Paris, Ecole des Chartes, 2021, 592 p.<\/strong><\/p>\n<p>Au cours de son existence bien remplie, Guillaume Bud\u00e9 (1468- 1540) a con\u00e7u, publi\u00e9, augment\u00e9 nombre d\u2019\u0153uvres dont la valeur litt\u00e9raire et la port\u00e9e scientifique ont profond\u00e9ment marqu\u00e9 son \u00e9poque et la post\u00e9rit\u00e9, \u00e0 l\u2019\u00e9gal de son contemporain \u00c9rasme. Or les productions de Bud\u00e9 restent aujourd\u2019hui relativement m\u00e9connues, malgr\u00e9 un regain d\u2019int\u00e9r\u00eat depuis le si\u00e8cle dernier. Le pr\u00e9sent volume a pour ambition de revenir, \u00e0 la lumi\u00e8re des recherches les plus r\u00e9centes, sur les diff\u00e9rentes facettes d\u2019une \u0153uvre polycentrique, allant de l\u2019essai historique novateur qu\u2019est le <em>De Asse et partibus ejus <\/em>\u00e0 la d\u00e9fense et illustration du grec, de l\u2019ex\u00e9g\u00e8se des sources du droit romain aux recommandations politiques de l\u2019<em>Institution du prince<\/em>, en passant par des consid\u00e9rations morales et religieuses diss\u00e9min\u00e9es dans les lettres, des digressions et des trait\u00e9s. \u00c0 la convergence de plusieurs disciplines, il se propose d\u2019identifier les parcours que Guillaume Bud\u00e9 a trac\u00e9s, de cerner les passerelles entre les diff\u00e9rents noyaux de son \u00e9criture, de reconstituer l\u2019unit\u00e9 intellectuelle de son \u0153uvre, \u00e0 une \u00e9poque o\u00f9 la diffusion du patrimoine \u00e9crit de l\u2019Antiquit\u00e9 achevait sa premi\u00e8re grande saison et ouvrait l\u2019\u00e9poque des \u00e9tudes philologiques sp\u00e9cialis\u00e9es.<\/p>\n<p>Cette recension a \u00e9t\u00e9 publi\u00e9e dans le<a href=\"https:\/\/www.semen-l.org\/?p=1997\">\u00a0Bulletin de liaison n\u00b019 (2021) de la SEMEN-L<\/a> (p. 73).<\/p>\n","protected":false},"excerpt":{"rendered":"<p>B\u00e9n\u00e9vent, Christine, Menini Romain et Sanchi Luigi-Alberto (dir.), Les noces de Philologie et de Guillaume Bud\u00e9. Un humaniste et son \u0153uvre \u00e0 la Renaissance, Paris, Ecole des Chartes, 2021, 592 p. Au cours de son existence bien remplie, Guillaume Bud\u00e9 &hellip; <a href=\"https:\/\/www.semen-l.org\/?p=3120\">Continuer la lecture <span class=\"meta-nav\">&rarr;<\/span><\/a><\/p>\n","protected":false},"author":26,"featured_media":0,"comment_status":"open","ping_status":"open","sticky":false,"template":"","format":"standard","meta":{"footnotes":""},"categories":[1825],"tags":[1586,91,90,823,1948,144,692,418],"class_list":["post-3120","post","type-post","status-publish","format-standard","hentry","category-recensions","tag-biographie","tag-guillaume-bude","tag-de-asse","tag-droit","tag-grec","tag-humanisme","tag-philologie","tag-politique"],"yoast_head":"<!-- This site is optimized with the Yoast SEO plugin v27.5 - https:\/\/yoast.com\/product\/yoast-seo-wordpress\/ -->\n<title>B\u00e9n\u00e9vent, Christine, Menini Romain et Sanchi Luigi-Alberto (dir.), Les noces de Philologie et de Guillaume Bud\u00e9. Un humaniste et son \u0153uvre \u00e0 la Renaissance, Paris, Ecole des Chartes, 2021 - Soci\u00e9t\u00e9 d&#039;\u00c9tudes M\u00e9dio Et N\u00e9o-Latines<\/title>\n<meta name=\"robots\" content=\"index, follow, max-snippet:-1, max-image-preview:large, max-video-preview:-1\" \/>\n<link rel=\"canonical\" href=\"http:\/\/www.semen-l.org\/?p=3120\" \/>\n<meta property=\"og:locale\" content=\"fr_FR\" \/>\n<meta property=\"og:type\" content=\"article\" \/>\n<meta property=\"og:title\" content=\"B\u00e9n\u00e9vent, Christine, Menini Romain et Sanchi Luigi-Alberto (dir.), Les noces de Philologie et de Guillaume Bud\u00e9. Un humaniste et son \u0153uvre \u00e0 la Renaissance, Paris, Ecole des Chartes, 2021 - Soci\u00e9t\u00e9 d&#039;\u00c9tudes M\u00e9dio Et N\u00e9o-Latines\" \/>\n<meta property=\"og:description\" content=\"B\u00e9n\u00e9vent, Christine, Menini Romain et Sanchi Luigi-Alberto (dir.), Les noces de Philologie et de Guillaume Bud\u00e9. Un humaniste et son \u0153uvre \u00e0 la Renaissance, Paris, Ecole des Chartes, 2021, 592 p. Au cours de son existence bien remplie, Guillaume Bud\u00e9 &hellip; Continuer la lecture &rarr;\" \/>\n<meta property=\"og:url\" content=\"http:\/\/www.semen-l.org\/?p=3120\" \/>\n<meta property=\"og:site_name\" content=\"Soci\u00e9t\u00e9 d&#039;\u00c9tudes M\u00e9dio Et N\u00e9o-Latines\" \/>\n<meta property=\"article:publisher\" content=\"https:\/\/www.facebook.com\/SEMENL2018\" \/>\n<meta property=\"article:published_time\" content=\"2021-12-10T12:48:11+00:00\" \/>\n<meta property=\"article:modified_time\" content=\"2024-02-10T12:49:40+00:00\" \/>\n<meta name=\"author\" content=\"Julien Maudoux\" \/>\n<meta name=\"twitter:card\" content=\"summary_large_image\" \/>\n<meta name=\"twitter:label1\" content=\"\u00c9crit par\" \/>\n\t<meta name=\"twitter:data1\" content=\"Julien Maudoux\" \/>\n\t<meta name=\"twitter:label2\" content=\"Dur\u00e9e de lecture estim\u00e9e\" \/>\n\t<meta name=\"twitter:data2\" content=\"2 minutes\" \/>\n<script type=\"application\/ld+json\" class=\"yoast-schema-graph\">{\"@context\":\"https:\\\/\\\/schema.org\",\"@graph\":[{\"@type\":\"Article\",\"@id\":\"http:\\\/\\\/www.semen-l.org\\\/?p=3120#article\",\"isPartOf\":{\"@id\":\"http:\\\/\\\/www.semen-l.org\\\/?p=3120\"},\"author\":{\"name\":\"Julien Maudoux\",\"@id\":\"http:\\\/\\\/www.semen-l.org\\\/#\\\/schema\\\/person\\\/ef5208815f17666727763c5363a51344\"},\"headline\":\"B\u00e9n\u00e9vent, Christine, Menini Romain et Sanchi Luigi-Alberto (dir.), Les noces de Philologie et de Guillaume Bud\u00e9. Un humaniste et son \u0153uvre \u00e0 la Renaissance, Paris, Ecole des Chartes, 2021\",\"datePublished\":\"2021-12-10T12:48:11+00:00\",\"dateModified\":\"2024-02-10T12:49:40+00:00\",\"mainEntityOfPage\":{\"@id\":\"http:\\\/\\\/www.semen-l.org\\\/?p=3120\"},\"wordCount\":294,\"commentCount\":0,\"publisher\":{\"@id\":\"http:\\\/\\\/www.semen-l.org\\\/#organization\"},\"keywords\":[\"biographie\",\"Bud\u00e9 (Guillaume)\",\"De Asse (Guillaume Bud\u00e9)\",\"droit\",\"grec\",\"humanisme\",\"philologie\",\"politique\"],\"articleSection\":[\"Recensions\"],\"inLanguage\":\"fr-FR\",\"potentialAction\":[{\"@type\":\"CommentAction\",\"name\":\"Comment\",\"target\":[\"http:\\\/\\\/www.semen-l.org\\\/?p=3120#respond\"]}]},{\"@type\":\"WebPage\",\"@id\":\"http:\\\/\\\/www.semen-l.org\\\/?p=3120\",\"url\":\"http:\\\/\\\/www.semen-l.org\\\/?p=3120\",\"name\":\"B\u00e9n\u00e9vent, Christine, Menini Romain et Sanchi Luigi-Alberto (dir.), Les noces de Philologie et de Guillaume Bud\u00e9. Un humaniste et son \u0153uvre \u00e0 la Renaissance, Paris, Ecole des Chartes, 2021 - Soci\u00e9t\u00e9 d&#039;\u00c9tudes M\u00e9dio Et N\u00e9o-Latines\",\"isPartOf\":{\"@id\":\"http:\\\/\\\/www.semen-l.org\\\/#website\"},\"datePublished\":\"2021-12-10T12:48:11+00:00\",\"dateModified\":\"2024-02-10T12:49:40+00:00\",\"breadcrumb\":{\"@id\":\"http:\\\/\\\/www.semen-l.org\\\/?p=3120#breadcrumb\"},\"inLanguage\":\"fr-FR\",\"potentialAction\":[{\"@type\":\"ReadAction\",\"target\":[\"http:\\\/\\\/www.semen-l.org\\\/?p=3120\"]}]},{\"@type\":\"BreadcrumbList\",\"@id\":\"http:\\\/\\\/www.semen-l.org\\\/?p=3120#breadcrumb\",\"itemListElement\":[{\"@type\":\"ListItem\",\"position\":1,\"name\":\"Accueil\",\"item\":\"http:\\\/\\\/www.semen-l.org\\\/\"},{\"@type\":\"ListItem\",\"position\":2,\"name\":\"B\u00e9n\u00e9vent, Christine, Menini Romain et Sanchi Luigi-Alberto (dir.), Les noces de Philologie et de Guillaume Bud\u00e9. Un humaniste et son \u0153uvre \u00e0 la Renaissance, Paris, Ecole des Chartes, 2021\"}]},{\"@type\":\"WebSite\",\"@id\":\"http:\\\/\\\/www.semen-l.org\\\/#website\",\"url\":\"http:\\\/\\\/www.semen-l.org\\\/\",\"name\":\"Soci\u00e9t\u00e9 d'\u00c9tudes M\u00e9dio Et N\u00e9o-Latines\",\"description\":\"\",\"publisher\":{\"@id\":\"http:\\\/\\\/www.semen-l.org\\\/#organization\"},\"potentialAction\":[{\"@type\":\"SearchAction\",\"target\":{\"@type\":\"EntryPoint\",\"urlTemplate\":\"http:\\\/\\\/www.semen-l.org\\\/?s={search_term_string}\"},\"query-input\":{\"@type\":\"PropertyValueSpecification\",\"valueRequired\":true,\"valueName\":\"search_term_string\"}}],\"inLanguage\":\"fr-FR\"},{\"@type\":\"Organization\",\"@id\":\"http:\\\/\\\/www.semen-l.org\\\/#organization\",\"name\":\"Soci\u00e9t\u00e9 d'\u00e9tudes m\u00e9dio et n\u00e9o-latines\",\"url\":\"http:\\\/\\\/www.semen-l.org\\\/\",\"logo\":{\"@type\":\"ImageObject\",\"inLanguage\":\"fr-FR\",\"@id\":\"http:\\\/\\\/www.semen-l.org\\\/#\\\/schema\\\/logo\\\/image\\\/\",\"url\":\"http:\\\/\\\/www.semen-l.org\\\/wp-content\\\/uploads\\\/2020\\\/11\\\/logo-semenl.jpg\",\"contentUrl\":\"http:\\\/\\\/www.semen-l.org\\\/wp-content\\\/uploads\\\/2020\\\/11\\\/logo-semenl.jpg\",\"width\":408,\"height\":403,\"caption\":\"Soci\u00e9t\u00e9 d'\u00e9tudes m\u00e9dio et n\u00e9o-latines\"},\"image\":{\"@id\":\"http:\\\/\\\/www.semen-l.org\\\/#\\\/schema\\\/logo\\\/image\\\/\"},\"sameAs\":[\"https:\\\/\\\/www.facebook.com\\\/SEMENL2018\",\"https:\\\/\\\/independent.academia.edu\\\/SocitsdtudesmdioetnolatinesSEMENL\"]},{\"@type\":\"Person\",\"@id\":\"http:\\\/\\\/www.semen-l.org\\\/#\\\/schema\\\/person\\\/ef5208815f17666727763c5363a51344\",\"name\":\"Julien Maudoux\",\"image\":{\"@type\":\"ImageObject\",\"inLanguage\":\"fr-FR\",\"@id\":\"https:\\\/\\\/secure.gravatar.com\\\/avatar\\\/caabf4fb6242e2277733cd35a5c2aa083761ea25dae1d1ff3298b54292225292?s=96&d=mm&r=g\",\"url\":\"https:\\\/\\\/secure.gravatar.com\\\/avatar\\\/caabf4fb6242e2277733cd35a5c2aa083761ea25dae1d1ff3298b54292225292?s=96&d=mm&r=g\",\"contentUrl\":\"https:\\\/\\\/secure.gravatar.com\\\/avatar\\\/caabf4fb6242e2277733cd35a5c2aa083761ea25dae1d1ff3298b54292225292?s=96&d=mm&r=g\",\"caption\":\"Julien Maudoux\"},\"description\":\"Webmestre du site de la SEMEN-L\",\"url\":\"https:\\\/\\\/www.semen-l.org\\\/?author=26\"}]}<\/script>\n<!-- \/ Yoast SEO plugin. -->","yoast_head_json":{"title":"B\u00e9n\u00e9vent, Christine, Menini Romain et Sanchi Luigi-Alberto (dir.), Les noces de Philologie et de Guillaume Bud\u00e9. Un humaniste et son \u0153uvre \u00e0 la Renaissance, Paris, Ecole des Chartes, 2021 - Soci\u00e9t\u00e9 d&#039;\u00c9tudes M\u00e9dio Et N\u00e9o-Latines","robots":{"index":"index","follow":"follow","max-snippet":"max-snippet:-1","max-image-preview":"max-image-preview:large","max-video-preview":"max-video-preview:-1"},"canonical":"http:\/\/www.semen-l.org\/?p=3120","og_locale":"fr_FR","og_type":"article","og_title":"B\u00e9n\u00e9vent, Christine, Menini Romain et Sanchi Luigi-Alberto (dir.), Les noces de Philologie et de Guillaume Bud\u00e9. Un humaniste et son \u0153uvre \u00e0 la Renaissance, Paris, Ecole des Chartes, 2021 - Soci\u00e9t\u00e9 d&#039;\u00c9tudes M\u00e9dio Et N\u00e9o-Latines","og_description":"B\u00e9n\u00e9vent, Christine, Menini Romain et Sanchi Luigi-Alberto (dir.), Les noces de Philologie et de Guillaume Bud\u00e9. Un humaniste et son \u0153uvre \u00e0 la Renaissance, Paris, Ecole des Chartes, 2021, 592 p. Au cours de son existence bien remplie, Guillaume Bud\u00e9 &hellip; Continuer la lecture &rarr;","og_url":"http:\/\/www.semen-l.org\/?p=3120","og_site_name":"Soci\u00e9t\u00e9 d&#039;\u00c9tudes M\u00e9dio Et N\u00e9o-Latines","article_publisher":"https:\/\/www.facebook.com\/SEMENL2018","article_published_time":"2021-12-10T12:48:11+00:00","article_modified_time":"2024-02-10T12:49:40+00:00","author":"Julien Maudoux","twitter_card":"summary_large_image","twitter_misc":{"\u00c9crit par":"Julien Maudoux","Dur\u00e9e de lecture estim\u00e9e":"2 minutes"},"schema":{"@context":"https:\/\/schema.org","@graph":[{"@type":"Article","@id":"http:\/\/www.semen-l.org\/?p=3120#article","isPartOf":{"@id":"http:\/\/www.semen-l.org\/?p=3120"},"author":{"name":"Julien Maudoux","@id":"http:\/\/www.semen-l.org\/#\/schema\/person\/ef5208815f17666727763c5363a51344"},"headline":"B\u00e9n\u00e9vent, Christine, Menini Romain et Sanchi Luigi-Alberto (dir.), Les noces de Philologie et de Guillaume Bud\u00e9. Un humaniste et son \u0153uvre \u00e0 la Renaissance, Paris, Ecole des Chartes, 2021","datePublished":"2021-12-10T12:48:11+00:00","dateModified":"2024-02-10T12:49:40+00:00","mainEntityOfPage":{"@id":"http:\/\/www.semen-l.org\/?p=3120"},"wordCount":294,"commentCount":0,"publisher":{"@id":"http:\/\/www.semen-l.org\/#organization"},"keywords":["biographie","Bud\u00e9 (Guillaume)","De Asse (Guillaume Bud\u00e9)","droit","grec","humanisme","philologie","politique"],"articleSection":["Recensions"],"inLanguage":"fr-FR","potentialAction":[{"@type":"CommentAction","name":"Comment","target":["http:\/\/www.semen-l.org\/?p=3120#respond"]}]},{"@type":"WebPage","@id":"http:\/\/www.semen-l.org\/?p=3120","url":"http:\/\/www.semen-l.org\/?p=3120","name":"B\u00e9n\u00e9vent, Christine, Menini Romain et Sanchi Luigi-Alberto (dir.), Les noces de Philologie et de Guillaume Bud\u00e9. Un humaniste et son \u0153uvre \u00e0 la Renaissance, Paris, Ecole des Chartes, 2021 - Soci\u00e9t\u00e9 d&#039;\u00c9tudes M\u00e9dio Et N\u00e9o-Latines","isPartOf":{"@id":"http:\/\/www.semen-l.org\/#website"},"datePublished":"2021-12-10T12:48:11+00:00","dateModified":"2024-02-10T12:49:40+00:00","breadcrumb":{"@id":"http:\/\/www.semen-l.org\/?p=3120#breadcrumb"},"inLanguage":"fr-FR","potentialAction":[{"@type":"ReadAction","target":["http:\/\/www.semen-l.org\/?p=3120"]}]},{"@type":"BreadcrumbList","@id":"http:\/\/www.semen-l.org\/?p=3120#breadcrumb","itemListElement":[{"@type":"ListItem","position":1,"name":"Accueil","item":"http:\/\/www.semen-l.org\/"},{"@type":"ListItem","position":2,"name":"B\u00e9n\u00e9vent, Christine, Menini Romain et Sanchi Luigi-Alberto (dir.), Les noces de Philologie et de Guillaume Bud\u00e9. Un humaniste et son \u0153uvre \u00e0 la Renaissance, Paris, Ecole des Chartes, 2021"}]},{"@type":"WebSite","@id":"http:\/\/www.semen-l.org\/#website","url":"http:\/\/www.semen-l.org\/","name":"Soci\u00e9t\u00e9 d'\u00c9tudes M\u00e9dio Et N\u00e9o-Latines","description":"","publisher":{"@id":"http:\/\/www.semen-l.org\/#organization"},"potentialAction":[{"@type":"SearchAction","target":{"@type":"EntryPoint","urlTemplate":"http:\/\/www.semen-l.org\/?s={search_term_string}"},"query-input":{"@type":"PropertyValueSpecification","valueRequired":true,"valueName":"search_term_string"}}],"inLanguage":"fr-FR"},{"@type":"Organization","@id":"http:\/\/www.semen-l.org\/#organization","name":"Soci\u00e9t\u00e9 d'\u00e9tudes m\u00e9dio et n\u00e9o-latines","url":"http:\/\/www.semen-l.org\/","logo":{"@type":"ImageObject","inLanguage":"fr-FR","@id":"http:\/\/www.semen-l.org\/#\/schema\/logo\/image\/","url":"http:\/\/www.semen-l.org\/wp-content\/uploads\/2020\/11\/logo-semenl.jpg","contentUrl":"http:\/\/www.semen-l.org\/wp-content\/uploads\/2020\/11\/logo-semenl.jpg","width":408,"height":403,"caption":"Soci\u00e9t\u00e9 d'\u00e9tudes m\u00e9dio et n\u00e9o-latines"},"image":{"@id":"http:\/\/www.semen-l.org\/#\/schema\/logo\/image\/"},"sameAs":["https:\/\/www.facebook.com\/SEMENL2018","https:\/\/independent.academia.edu\/SocitsdtudesmdioetnolatinesSEMENL"]},{"@type":"Person","@id":"http:\/\/www.semen-l.org\/#\/schema\/person\/ef5208815f17666727763c5363a51344","name":"Julien Maudoux","image":{"@type":"ImageObject","inLanguage":"fr-FR","@id":"https:\/\/secure.gravatar.com\/avatar\/caabf4fb6242e2277733cd35a5c2aa083761ea25dae1d1ff3298b54292225292?s=96&d=mm&r=g","url":"https:\/\/secure.gravatar.com\/avatar\/caabf4fb6242e2277733cd35a5c2aa083761ea25dae1d1ff3298b54292225292?s=96&d=mm&r=g","contentUrl":"https:\/\/secure.gravatar.com\/avatar\/caabf4fb6242e2277733cd35a5c2aa083761ea25dae1d1ff3298b54292225292?s=96&d=mm&r=g","caption":"Julien Maudoux"},"description":"Webmestre du site de la SEMEN-L","url":"https:\/\/www.semen-l.org\/?author=26"}]}},"jetpack_featured_media_url":"","_links":{"self":[{"href":"https:\/\/www.semen-l.org\/index.php?rest_route=\/wp\/v2\/posts\/3120","targetHints":{"allow":["GET"]}}],"collection":[{"href":"https:\/\/www.semen-l.org\/index.php?rest_route=\/wp\/v2\/posts"}],"about":[{"href":"https:\/\/www.semen-l.org\/index.php?rest_route=\/wp\/v2\/types\/post"}],"author":[{"embeddable":true,"href":"https:\/\/www.semen-l.org\/index.php?rest_route=\/wp\/v2\/users\/26"}],"replies":[{"embeddable":true,"href":"https:\/\/www.semen-l.org\/index.php?rest_route=%2Fwp%2Fv2%2Fcomments&post=3120"}],"version-history":[{"count":0,"href":"https:\/\/www.semen-l.org\/index.php?rest_route=\/wp\/v2\/posts\/3120\/revisions"}],"wp:attachment":[{"href":"https:\/\/www.semen-l.org\/index.php?rest_route=%2Fwp%2Fv2%2Fmedia&parent=3120"}],"wp:term":[{"taxonomy":"category","embeddable":true,"href":"https:\/\/www.semen-l.org\/index.php?rest_route=%2Fwp%2Fv2%2Fcategories&post=3120"},{"taxonomy":"post_tag","embeddable":true,"href":"https:\/\/www.semen-l.org\/index.php?rest_route=%2Fwp%2Fv2%2Ftags&post=3120"}],"curies":[{"name":"wp","href":"https:\/\/api.w.org\/{rel}","templated":true}]}}