{"id":3118,"date":"2021-12-10T12:47:03","date_gmt":"2021-12-10T12:47:03","guid":{"rendered":"https:\/\/www.semen-l.org\/?p=3118"},"modified":"2024-02-10T12:48:02","modified_gmt":"2024-02-10T12:48:02","slug":"bonnier-xavier-laigneau-fontaine-sylvie-dir-limperfection-litteraire-et-artistique-en-europe-antiquite-xxie-siecle-paris-garnier-collection-rencontres-n526-serie-rhetorique-s","status":"publish","type":"post","link":"https:\/\/www.semen-l.org\/?p=3118","title":{"rendered":"Bonnier Xavier, Laigneau-Fontaine Sylvie (dir.), L\u2019Imperfection litt\u00e9raire et artistique en Europe, Antiquit\u00e9-XXIe si\u00e8cle, Paris, Garnier, collection Rencontres n\u00b0526, S\u00e9rie Rh\u00e9torique, stylistique, s\u00e9miotique, no 9, dirig\u00e9e par Delphine Denis et Anna Jaubert, 2021"},"content":{"rendered":"<p><strong>Bonnier<\/strong> <strong>Xavier,<\/strong> <strong>Laigneau-Fontaine<\/strong> <strong>Sylvie<\/strong> <strong>(dir.),<\/strong> <strong><em>L\u2019Imperfection<\/em><\/strong> <strong><em>litt\u00e9raire et artistique en Europe, Antiquit\u00e9-XXI<sup>e<\/sup> si\u00e8cle<\/em><\/strong><strong>, Paris, Garnier, collection Rencontres n\u00b0526, S\u00e9rie Rh\u00e9torique, stylistique, s\u00e9miotique, n<sup>o<\/sup> 9, dirig\u00e9e par Delphine Denis et Anna Jaubert, 2021, 767 p.<\/strong><\/p>\n<p>Cet ouvrage interroge la notion d\u2019imperfection \u00e0 travers les si\u00e8cles (de l\u2019Antiquit\u00e9 \u00e0 l\u2019\u00e9poque contemporaine) et dans les domaines les plus vari\u00e9s de la production litt\u00e9raire et artistique. Les communications montrent l\u2019int\u00e9r\u00eat heuristique de ce concept dans l\u2019analyse de toute \u0153uvre d\u2019art.<\/p>\n<p>Cette recension a \u00e9t\u00e9 publi\u00e9e dans le<a href=\"https:\/\/www.semen-l.org\/?p=1997\">\u00a0Bulletin de liaison n\u00b019 (2021) de la SEMEN-L<\/a> (p. 73).<\/p>\n","protected":false},"excerpt":{"rendered":"<p>Bonnier Xavier, Laigneau-Fontaine Sylvie (dir.), L\u2019Imperfection litt\u00e9raire et artistique en Europe, Antiquit\u00e9-XXIe si\u00e8cle, Paris, Garnier, collection Rencontres n\u00b0526, S\u00e9rie Rh\u00e9torique, stylistique, s\u00e9miotique, no 9, dirig\u00e9e par Delphine Denis et Anna Jaubert, 2021, 767 p. Cet ouvrage interroge la notion d\u2019imperfection &hellip; <a href=\"https:\/\/www.semen-l.org\/?p=3118\">Continuer la lecture <span class=\"meta-nav\">&rarr;<\/span><\/a><\/p>\n","protected":false},"author":26,"featured_media":0,"comment_status":"open","ping_status":"open","sticky":false,"template":"","format":"standard","meta":{"footnotes":""},"categories":[1825],"tags":[92,1947],"class_list":["post-3118","post","type-post","status-publish","format-standard","hentry","category-recensions","tag-art","tag-imperfection"],"yoast_head":"<!-- This site is optimized with the Yoast SEO plugin v27.5 - https:\/\/yoast.com\/product\/yoast-seo-wordpress\/ -->\n<title>Bonnier Xavier, Laigneau-Fontaine Sylvie (dir.), L\u2019Imperfection litt\u00e9raire et artistique en Europe, Antiquit\u00e9-XXIe si\u00e8cle, Paris, Garnier, collection Rencontres n\u00b0526, S\u00e9rie Rh\u00e9torique, stylistique, s\u00e9miotique, no 9, dirig\u00e9e par Delphine Denis et Anna Jaubert, 2021 - Soci\u00e9t\u00e9 d&#039;\u00c9tudes M\u00e9dio Et N\u00e9o-Latines<\/title>\n<meta name=\"robots\" content=\"index, follow, max-snippet:-1, max-image-preview:large, max-video-preview:-1\" \/>\n<link rel=\"canonical\" href=\"https:\/\/www.semen-l.org\/?p=3118\" \/>\n<meta property=\"og:locale\" content=\"fr_FR\" \/>\n<meta property=\"og:type\" content=\"article\" \/>\n<meta property=\"og:title\" content=\"Bonnier Xavier, Laigneau-Fontaine Sylvie (dir.), L\u2019Imperfection litt\u00e9raire et artistique en Europe, Antiquit\u00e9-XXIe si\u00e8cle, Paris, Garnier, collection Rencontres n\u00b0526, S\u00e9rie Rh\u00e9torique, stylistique, s\u00e9miotique, no 9, dirig\u00e9e par Delphine Denis et Anna Jaubert, 2021 - Soci\u00e9t\u00e9 d&#039;\u00c9tudes M\u00e9dio Et N\u00e9o-Latines\" \/>\n<meta property=\"og:description\" content=\"Bonnier Xavier, Laigneau-Fontaine Sylvie (dir.), L\u2019Imperfection litt\u00e9raire et artistique en Europe, Antiquit\u00e9-XXIe si\u00e8cle, Paris, Garnier, collection Rencontres n\u00b0526, S\u00e9rie Rh\u00e9torique, stylistique, s\u00e9miotique, no 9, dirig\u00e9e par Delphine Denis et Anna Jaubert, 2021, 767 p. Cet ouvrage interroge la notion d\u2019imperfection &hellip; Continuer la lecture &rarr;\" \/>\n<meta property=\"og:url\" content=\"https:\/\/www.semen-l.org\/?p=3118\" \/>\n<meta property=\"og:site_name\" content=\"Soci\u00e9t\u00e9 d&#039;\u00c9tudes M\u00e9dio Et N\u00e9o-Latines\" \/>\n<meta property=\"article:publisher\" content=\"https:\/\/www.facebook.com\/SEMENL2018\" \/>\n<meta property=\"article:published_time\" content=\"2021-12-10T12:47:03+00:00\" \/>\n<meta property=\"article:modified_time\" content=\"2024-02-10T12:48:02+00:00\" \/>\n<meta name=\"author\" content=\"Julien Maudoux\" \/>\n<meta name=\"twitter:card\" content=\"summary_large_image\" \/>\n<meta name=\"twitter:label1\" content=\"\u00c9crit par\" \/>\n\t<meta name=\"twitter:data1\" content=\"Julien Maudoux\" \/>\n\t<meta name=\"twitter:label2\" content=\"Dur\u00e9e de lecture estim\u00e9e\" \/>\n\t<meta name=\"twitter:data2\" content=\"1 minute\" \/>\n<script type=\"application\/ld+json\" class=\"yoast-schema-graph\">{\"@context\":\"https:\\\/\\\/schema.org\",\"@graph\":[{\"@type\":\"Article\",\"@id\":\"https:\\\/\\\/www.semen-l.org\\\/?p=3118#article\",\"isPartOf\":{\"@id\":\"https:\\\/\\\/www.semen-l.org\\\/?p=3118\"},\"author\":{\"name\":\"Julien Maudoux\",\"@id\":\"http:\\\/\\\/www.semen-l.org\\\/#\\\/schema\\\/person\\\/ef5208815f17666727763c5363a51344\"},\"headline\":\"Bonnier Xavier, Laigneau-Fontaine Sylvie (dir.), L\u2019Imperfection litt\u00e9raire et artistique en Europe, Antiquit\u00e9-XXIe si\u00e8cle, Paris, Garnier, collection Rencontres n\u00b0526, S\u00e9rie Rh\u00e9torique, stylistique, s\u00e9miotique, no 9, dirig\u00e9e par Delphine Denis et Anna Jaubert, 2021\",\"datePublished\":\"2021-12-10T12:47:03+00:00\",\"dateModified\":\"2024-02-10T12:48:02+00:00\",\"mainEntityOfPage\":{\"@id\":\"https:\\\/\\\/www.semen-l.org\\\/?p=3118\"},\"wordCount\":144,\"commentCount\":0,\"publisher\":{\"@id\":\"http:\\\/\\\/www.semen-l.org\\\/#organization\"},\"keywords\":[\"art\",\"imperfection\"],\"articleSection\":[\"Recensions\"],\"inLanguage\":\"fr-FR\",\"potentialAction\":[{\"@type\":\"CommentAction\",\"name\":\"Comment\",\"target\":[\"https:\\\/\\\/www.semen-l.org\\\/?p=3118#respond\"]}]},{\"@type\":\"WebPage\",\"@id\":\"https:\\\/\\\/www.semen-l.org\\\/?p=3118\",\"url\":\"https:\\\/\\\/www.semen-l.org\\\/?p=3118\",\"name\":\"Bonnier Xavier, Laigneau-Fontaine Sylvie (dir.), L\u2019Imperfection litt\u00e9raire et artistique en Europe, Antiquit\u00e9-XXIe si\u00e8cle, Paris, Garnier, collection Rencontres n\u00b0526, S\u00e9rie Rh\u00e9torique, stylistique, s\u00e9miotique, no 9, dirig\u00e9e par Delphine Denis et Anna Jaubert, 2021 - Soci\u00e9t\u00e9 d&#039;\u00c9tudes M\u00e9dio Et N\u00e9o-Latines\",\"isPartOf\":{\"@id\":\"http:\\\/\\\/www.semen-l.org\\\/#website\"},\"datePublished\":\"2021-12-10T12:47:03+00:00\",\"dateModified\":\"2024-02-10T12:48:02+00:00\",\"breadcrumb\":{\"@id\":\"https:\\\/\\\/www.semen-l.org\\\/?p=3118#breadcrumb\"},\"inLanguage\":\"fr-FR\",\"potentialAction\":[{\"@type\":\"ReadAction\",\"target\":[\"https:\\\/\\\/www.semen-l.org\\\/?p=3118\"]}]},{\"@type\":\"BreadcrumbList\",\"@id\":\"https:\\\/\\\/www.semen-l.org\\\/?p=3118#breadcrumb\",\"itemListElement\":[{\"@type\":\"ListItem\",\"position\":1,\"name\":\"Accueil\",\"item\":\"http:\\\/\\\/www.semen-l.org\\\/\"},{\"@type\":\"ListItem\",\"position\":2,\"name\":\"Bonnier Xavier, Laigneau-Fontaine Sylvie (dir.), L\u2019Imperfection litt\u00e9raire et artistique en Europe, Antiquit\u00e9-XXIe si\u00e8cle, Paris, Garnier, collection Rencontres n\u00b0526, S\u00e9rie Rh\u00e9torique, stylistique, s\u00e9miotique, no 9, dirig\u00e9e par Delphine Denis et Anna Jaubert, 2021\"}]},{\"@type\":\"WebSite\",\"@id\":\"http:\\\/\\\/www.semen-l.org\\\/#website\",\"url\":\"http:\\\/\\\/www.semen-l.org\\\/\",\"name\":\"Soci\u00e9t\u00e9 d'\u00c9tudes M\u00e9dio Et N\u00e9o-Latines\",\"description\":\"\",\"publisher\":{\"@id\":\"http:\\\/\\\/www.semen-l.org\\\/#organization\"},\"potentialAction\":[{\"@type\":\"SearchAction\",\"target\":{\"@type\":\"EntryPoint\",\"urlTemplate\":\"http:\\\/\\\/www.semen-l.org\\\/?s={search_term_string}\"},\"query-input\":{\"@type\":\"PropertyValueSpecification\",\"valueRequired\":true,\"valueName\":\"search_term_string\"}}],\"inLanguage\":\"fr-FR\"},{\"@type\":\"Organization\",\"@id\":\"http:\\\/\\\/www.semen-l.org\\\/#organization\",\"name\":\"Soci\u00e9t\u00e9 d'\u00e9tudes m\u00e9dio et n\u00e9o-latines\",\"url\":\"http:\\\/\\\/www.semen-l.org\\\/\",\"logo\":{\"@type\":\"ImageObject\",\"inLanguage\":\"fr-FR\",\"@id\":\"http:\\\/\\\/www.semen-l.org\\\/#\\\/schema\\\/logo\\\/image\\\/\",\"url\":\"http:\\\/\\\/www.semen-l.org\\\/wp-content\\\/uploads\\\/2020\\\/11\\\/logo-semenl.jpg\",\"contentUrl\":\"http:\\\/\\\/www.semen-l.org\\\/wp-content\\\/uploads\\\/2020\\\/11\\\/logo-semenl.jpg\",\"width\":408,\"height\":403,\"caption\":\"Soci\u00e9t\u00e9 d'\u00e9tudes m\u00e9dio et n\u00e9o-latines\"},\"image\":{\"@id\":\"http:\\\/\\\/www.semen-l.org\\\/#\\\/schema\\\/logo\\\/image\\\/\"},\"sameAs\":[\"https:\\\/\\\/www.facebook.com\\\/SEMENL2018\",\"https:\\\/\\\/independent.academia.edu\\\/SocitsdtudesmdioetnolatinesSEMENL\"]},{\"@type\":\"Person\",\"@id\":\"http:\\\/\\\/www.semen-l.org\\\/#\\\/schema\\\/person\\\/ef5208815f17666727763c5363a51344\",\"name\":\"Julien Maudoux\",\"image\":{\"@type\":\"ImageObject\",\"inLanguage\":\"fr-FR\",\"@id\":\"https:\\\/\\\/secure.gravatar.com\\\/avatar\\\/caabf4fb6242e2277733cd35a5c2aa083761ea25dae1d1ff3298b54292225292?s=96&d=mm&r=g\",\"url\":\"https:\\\/\\\/secure.gravatar.com\\\/avatar\\\/caabf4fb6242e2277733cd35a5c2aa083761ea25dae1d1ff3298b54292225292?s=96&d=mm&r=g\",\"contentUrl\":\"https:\\\/\\\/secure.gravatar.com\\\/avatar\\\/caabf4fb6242e2277733cd35a5c2aa083761ea25dae1d1ff3298b54292225292?s=96&d=mm&r=g\",\"caption\":\"Julien Maudoux\"},\"description\":\"Webmestre du site de la SEMEN-L\",\"url\":\"https:\\\/\\\/www.semen-l.org\\\/?author=26\"}]}<\/script>\n<!-- \/ Yoast SEO plugin. -->","yoast_head_json":{"title":"Bonnier Xavier, Laigneau-Fontaine Sylvie (dir.), L\u2019Imperfection litt\u00e9raire et artistique en Europe, Antiquit\u00e9-XXIe si\u00e8cle, Paris, Garnier, collection Rencontres n\u00b0526, S\u00e9rie Rh\u00e9torique, stylistique, s\u00e9miotique, no 9, dirig\u00e9e par Delphine Denis et Anna Jaubert, 2021 - Soci\u00e9t\u00e9 d&#039;\u00c9tudes M\u00e9dio Et N\u00e9o-Latines","robots":{"index":"index","follow":"follow","max-snippet":"max-snippet:-1","max-image-preview":"max-image-preview:large","max-video-preview":"max-video-preview:-1"},"canonical":"https:\/\/www.semen-l.org\/?p=3118","og_locale":"fr_FR","og_type":"article","og_title":"Bonnier Xavier, Laigneau-Fontaine Sylvie (dir.), L\u2019Imperfection litt\u00e9raire et artistique en Europe, Antiquit\u00e9-XXIe si\u00e8cle, Paris, Garnier, collection Rencontres n\u00b0526, S\u00e9rie Rh\u00e9torique, stylistique, s\u00e9miotique, no 9, dirig\u00e9e par Delphine Denis et Anna Jaubert, 2021 - Soci\u00e9t\u00e9 d&#039;\u00c9tudes M\u00e9dio Et N\u00e9o-Latines","og_description":"Bonnier Xavier, Laigneau-Fontaine Sylvie (dir.), L\u2019Imperfection litt\u00e9raire et artistique en Europe, Antiquit\u00e9-XXIe si\u00e8cle, Paris, Garnier, collection Rencontres n\u00b0526, S\u00e9rie Rh\u00e9torique, stylistique, s\u00e9miotique, no 9, dirig\u00e9e par Delphine Denis et Anna Jaubert, 2021, 767 p. Cet ouvrage interroge la notion d\u2019imperfection &hellip; Continuer la lecture &rarr;","og_url":"https:\/\/www.semen-l.org\/?p=3118","og_site_name":"Soci\u00e9t\u00e9 d&#039;\u00c9tudes M\u00e9dio Et N\u00e9o-Latines","article_publisher":"https:\/\/www.facebook.com\/SEMENL2018","article_published_time":"2021-12-10T12:47:03+00:00","article_modified_time":"2024-02-10T12:48:02+00:00","author":"Julien Maudoux","twitter_card":"summary_large_image","twitter_misc":{"\u00c9crit par":"Julien Maudoux","Dur\u00e9e de lecture estim\u00e9e":"1 minute"},"schema":{"@context":"https:\/\/schema.org","@graph":[{"@type":"Article","@id":"https:\/\/www.semen-l.org\/?p=3118#article","isPartOf":{"@id":"https:\/\/www.semen-l.org\/?p=3118"},"author":{"name":"Julien Maudoux","@id":"http:\/\/www.semen-l.org\/#\/schema\/person\/ef5208815f17666727763c5363a51344"},"headline":"Bonnier Xavier, Laigneau-Fontaine Sylvie (dir.), L\u2019Imperfection litt\u00e9raire et artistique en Europe, Antiquit\u00e9-XXIe si\u00e8cle, Paris, Garnier, collection Rencontres n\u00b0526, S\u00e9rie Rh\u00e9torique, stylistique, s\u00e9miotique, no 9, dirig\u00e9e par Delphine Denis et Anna Jaubert, 2021","datePublished":"2021-12-10T12:47:03+00:00","dateModified":"2024-02-10T12:48:02+00:00","mainEntityOfPage":{"@id":"https:\/\/www.semen-l.org\/?p=3118"},"wordCount":144,"commentCount":0,"publisher":{"@id":"http:\/\/www.semen-l.org\/#organization"},"keywords":["art","imperfection"],"articleSection":["Recensions"],"inLanguage":"fr-FR","potentialAction":[{"@type":"CommentAction","name":"Comment","target":["https:\/\/www.semen-l.org\/?p=3118#respond"]}]},{"@type":"WebPage","@id":"https:\/\/www.semen-l.org\/?p=3118","url":"https:\/\/www.semen-l.org\/?p=3118","name":"Bonnier Xavier, Laigneau-Fontaine Sylvie (dir.), L\u2019Imperfection litt\u00e9raire et artistique en Europe, Antiquit\u00e9-XXIe si\u00e8cle, Paris, Garnier, collection Rencontres n\u00b0526, S\u00e9rie Rh\u00e9torique, stylistique, s\u00e9miotique, no 9, dirig\u00e9e par Delphine Denis et Anna Jaubert, 2021 - Soci\u00e9t\u00e9 d&#039;\u00c9tudes M\u00e9dio Et N\u00e9o-Latines","isPartOf":{"@id":"http:\/\/www.semen-l.org\/#website"},"datePublished":"2021-12-10T12:47:03+00:00","dateModified":"2024-02-10T12:48:02+00:00","breadcrumb":{"@id":"https:\/\/www.semen-l.org\/?p=3118#breadcrumb"},"inLanguage":"fr-FR","potentialAction":[{"@type":"ReadAction","target":["https:\/\/www.semen-l.org\/?p=3118"]}]},{"@type":"BreadcrumbList","@id":"https:\/\/www.semen-l.org\/?p=3118#breadcrumb","itemListElement":[{"@type":"ListItem","position":1,"name":"Accueil","item":"http:\/\/www.semen-l.org\/"},{"@type":"ListItem","position":2,"name":"Bonnier Xavier, Laigneau-Fontaine Sylvie (dir.), L\u2019Imperfection litt\u00e9raire et artistique en Europe, Antiquit\u00e9-XXIe si\u00e8cle, Paris, Garnier, collection Rencontres n\u00b0526, S\u00e9rie Rh\u00e9torique, stylistique, s\u00e9miotique, no 9, dirig\u00e9e par Delphine Denis et Anna Jaubert, 2021"}]},{"@type":"WebSite","@id":"http:\/\/www.semen-l.org\/#website","url":"http:\/\/www.semen-l.org\/","name":"Soci\u00e9t\u00e9 d'\u00c9tudes M\u00e9dio Et N\u00e9o-Latines","description":"","publisher":{"@id":"http:\/\/www.semen-l.org\/#organization"},"potentialAction":[{"@type":"SearchAction","target":{"@type":"EntryPoint","urlTemplate":"http:\/\/www.semen-l.org\/?s={search_term_string}"},"query-input":{"@type":"PropertyValueSpecification","valueRequired":true,"valueName":"search_term_string"}}],"inLanguage":"fr-FR"},{"@type":"Organization","@id":"http:\/\/www.semen-l.org\/#organization","name":"Soci\u00e9t\u00e9 d'\u00e9tudes m\u00e9dio et n\u00e9o-latines","url":"http:\/\/www.semen-l.org\/","logo":{"@type":"ImageObject","inLanguage":"fr-FR","@id":"http:\/\/www.semen-l.org\/#\/schema\/logo\/image\/","url":"http:\/\/www.semen-l.org\/wp-content\/uploads\/2020\/11\/logo-semenl.jpg","contentUrl":"http:\/\/www.semen-l.org\/wp-content\/uploads\/2020\/11\/logo-semenl.jpg","width":408,"height":403,"caption":"Soci\u00e9t\u00e9 d'\u00e9tudes m\u00e9dio et n\u00e9o-latines"},"image":{"@id":"http:\/\/www.semen-l.org\/#\/schema\/logo\/image\/"},"sameAs":["https:\/\/www.facebook.com\/SEMENL2018","https:\/\/independent.academia.edu\/SocitsdtudesmdioetnolatinesSEMENL"]},{"@type":"Person","@id":"http:\/\/www.semen-l.org\/#\/schema\/person\/ef5208815f17666727763c5363a51344","name":"Julien Maudoux","image":{"@type":"ImageObject","inLanguage":"fr-FR","@id":"https:\/\/secure.gravatar.com\/avatar\/caabf4fb6242e2277733cd35a5c2aa083761ea25dae1d1ff3298b54292225292?s=96&d=mm&r=g","url":"https:\/\/secure.gravatar.com\/avatar\/caabf4fb6242e2277733cd35a5c2aa083761ea25dae1d1ff3298b54292225292?s=96&d=mm&r=g","contentUrl":"https:\/\/secure.gravatar.com\/avatar\/caabf4fb6242e2277733cd35a5c2aa083761ea25dae1d1ff3298b54292225292?s=96&d=mm&r=g","caption":"Julien Maudoux"},"description":"Webmestre du site de la SEMEN-L","url":"https:\/\/www.semen-l.org\/?author=26"}]}},"jetpack_featured_media_url":"","_links":{"self":[{"href":"https:\/\/www.semen-l.org\/index.php?rest_route=\/wp\/v2\/posts\/3118","targetHints":{"allow":["GET"]}}],"collection":[{"href":"https:\/\/www.semen-l.org\/index.php?rest_route=\/wp\/v2\/posts"}],"about":[{"href":"https:\/\/www.semen-l.org\/index.php?rest_route=\/wp\/v2\/types\/post"}],"author":[{"embeddable":true,"href":"https:\/\/www.semen-l.org\/index.php?rest_route=\/wp\/v2\/users\/26"}],"replies":[{"embeddable":true,"href":"https:\/\/www.semen-l.org\/index.php?rest_route=%2Fwp%2Fv2%2Fcomments&post=3118"}],"version-history":[{"count":0,"href":"https:\/\/www.semen-l.org\/index.php?rest_route=\/wp\/v2\/posts\/3118\/revisions"}],"wp:attachment":[{"href":"https:\/\/www.semen-l.org\/index.php?rest_route=%2Fwp%2Fv2%2Fmedia&parent=3118"}],"wp:term":[{"taxonomy":"category","embeddable":true,"href":"https:\/\/www.semen-l.org\/index.php?rest_route=%2Fwp%2Fv2%2Fcategories&post=3118"},{"taxonomy":"post_tag","embeddable":true,"href":"https:\/\/www.semen-l.org\/index.php?rest_route=%2Fwp%2Fv2%2Ftags&post=3118"}],"curies":[{"name":"wp","href":"https:\/\/api.w.org\/{rel}","templated":true}]}}