{"id":3115,"date":"2021-12-10T12:45:19","date_gmt":"2021-12-10T12:45:19","guid":{"rendered":"https:\/\/www.semen-l.org\/?p=3115"},"modified":"2024-02-10T12:46:23","modified_gmt":"2024-02-10T12:46:23","slug":"seris-emilie-et-viti-paolo-dir-politien-humaniste-aux-sources-de-la-modernite-paris-garnier-collection-rencontres-n-519-serie-lectures-de-la-renaissance-latine-no-15-2021","status":"publish","type":"post","link":"https:\/\/www.semen-l.org\/?p=3115","title":{"rendered":"S\u00e9ris Emilie et Viti Paolo (dir.), Politien, humaniste aux sources de la modernit\u00e9, Paris, Garnier, collection Rencontres n\u00b0 519, S\u00e9rie Lectures de la Renaissance latine, no 15, 2021"},"content":{"rendered":"<p><strong>S\u00e9ris Emilie et Viti Paolo (dir.), <em>Politien, humaniste aux sources de la modernit\u00e9<\/em>, Paris, Garnier, collection Rencontres n\u00b0 519, S\u00e9rie Lectures de la Renaissance latine, n<sup>o<\/sup> 15, 2021, 337 p.<\/strong><\/p>\n<p>Ange Politien a laiss\u00e9 une po\u00e9sie raffin\u00e9e, des travaux philologiques \u00e9rudits, des commentaires philosophiques subtils et une riche correspondance. Des chercheurs italiens et fran\u00e7ais contribuent \u00e0 mettre en lumi\u00e8re l\u2019originalit\u00e9 d\u2019une \u0153uvre qui portait bien des germes de l\u2019humanisme europ\u00e9en.<\/p>\n<p>Cette recension a \u00e9t\u00e9 publi\u00e9e dans le<a href=\"https:\/\/www.semen-l.org\/?p=1997\">\u00a0Bulletin de liaison n\u00b019 (2021) de la SEMEN-L<\/a> (p. 72).<\/p>\n","protected":false},"excerpt":{"rendered":"<p>S\u00e9ris Emilie et Viti Paolo (dir.), Politien, humaniste aux sources de la modernit\u00e9, Paris, Garnier, collection Rencontres n\u00b0 519, S\u00e9rie Lectures de la Renaissance latine, no 15, 2021, 337 p. Ange Politien a laiss\u00e9 une po\u00e9sie raffin\u00e9e, des travaux philologiques &hellip; <a href=\"https:\/\/www.semen-l.org\/?p=3115\">Continuer la lecture <span class=\"meta-nav\">&rarr;<\/span><\/a><\/p>\n","protected":false},"author":26,"featured_media":0,"comment_status":"open","ping_status":"open","sticky":false,"template":"","format":"standard","meta":{"footnotes":""},"categories":[1825],"tags":[144,692,139,26,30],"class_list":["post-3115","post","type-post","status-publish","format-standard","hentry","category-recensions","tag-humanisme","tag-philologie","tag-philosophie","tag-poesie","tag-ange-politien"],"yoast_head":"<!-- This site is optimized with the Yoast SEO plugin v27.5 - https:\/\/yoast.com\/product\/yoast-seo-wordpress\/ -->\n<title>S\u00e9ris Emilie et Viti Paolo (dir.), Politien, humaniste aux sources de la modernit\u00e9, Paris, Garnier, collection Rencontres n\u00b0 519, S\u00e9rie Lectures de la Renaissance latine, no 15, 2021 - Soci\u00e9t\u00e9 d&#039;\u00c9tudes M\u00e9dio Et N\u00e9o-Latines<\/title>\n<meta name=\"robots\" content=\"index, follow, max-snippet:-1, max-image-preview:large, max-video-preview:-1\" \/>\n<link rel=\"canonical\" href=\"http:\/\/www.semen-l.org\/?p=3115\" \/>\n<meta property=\"og:locale\" content=\"fr_FR\" \/>\n<meta property=\"og:type\" content=\"article\" \/>\n<meta property=\"og:title\" content=\"S\u00e9ris Emilie et Viti Paolo (dir.), Politien, humaniste aux sources de la modernit\u00e9, Paris, Garnier, collection Rencontres n\u00b0 519, S\u00e9rie Lectures de la Renaissance latine, no 15, 2021 - Soci\u00e9t\u00e9 d&#039;\u00c9tudes M\u00e9dio Et N\u00e9o-Latines\" \/>\n<meta property=\"og:description\" content=\"S\u00e9ris Emilie et Viti Paolo (dir.), Politien, humaniste aux sources de la modernit\u00e9, Paris, Garnier, collection Rencontres n\u00b0 519, S\u00e9rie Lectures de la Renaissance latine, no 15, 2021, 337 p. Ange Politien a laiss\u00e9 une po\u00e9sie raffin\u00e9e, des travaux philologiques &hellip; Continuer la lecture &rarr;\" \/>\n<meta property=\"og:url\" content=\"http:\/\/www.semen-l.org\/?p=3115\" \/>\n<meta property=\"og:site_name\" content=\"Soci\u00e9t\u00e9 d&#039;\u00c9tudes M\u00e9dio Et N\u00e9o-Latines\" \/>\n<meta property=\"article:publisher\" content=\"https:\/\/www.facebook.com\/SEMENL2018\" \/>\n<meta property=\"article:published_time\" content=\"2021-12-10T12:45:19+00:00\" \/>\n<meta property=\"article:modified_time\" content=\"2024-02-10T12:46:23+00:00\" \/>\n<meta name=\"author\" content=\"Julien Maudoux\" \/>\n<meta name=\"twitter:card\" content=\"summary_large_image\" \/>\n<meta name=\"twitter:label1\" content=\"\u00c9crit par\" \/>\n\t<meta name=\"twitter:data1\" content=\"Julien Maudoux\" \/>\n\t<meta name=\"twitter:label2\" content=\"Dur\u00e9e de lecture estim\u00e9e\" \/>\n\t<meta name=\"twitter:data2\" content=\"1 minute\" \/>\n<script type=\"application\/ld+json\" class=\"yoast-schema-graph\">{\"@context\":\"https:\\\/\\\/schema.org\",\"@graph\":[{\"@type\":\"Article\",\"@id\":\"http:\\\/\\\/www.semen-l.org\\\/?p=3115#article\",\"isPartOf\":{\"@id\":\"http:\\\/\\\/www.semen-l.org\\\/?p=3115\"},\"author\":{\"name\":\"Julien Maudoux\",\"@id\":\"http:\\\/\\\/www.semen-l.org\\\/#\\\/schema\\\/person\\\/ef5208815f17666727763c5363a51344\"},\"headline\":\"S\u00e9ris Emilie et Viti Paolo (dir.), Politien, humaniste aux sources de la modernit\u00e9, Paris, Garnier, collection Rencontres n\u00b0 519, S\u00e9rie Lectures de la Renaissance latine, no 15, 2021\",\"datePublished\":\"2021-12-10T12:45:19+00:00\",\"dateModified\":\"2024-02-10T12:46:23+00:00\",\"mainEntityOfPage\":{\"@id\":\"http:\\\/\\\/www.semen-l.org\\\/?p=3115\"},\"wordCount\":118,\"commentCount\":0,\"publisher\":{\"@id\":\"http:\\\/\\\/www.semen-l.org\\\/#organization\"},\"keywords\":[\"humanisme\",\"philologie\",\"philosophie\",\"po\u00e9sie\",\"Politien (Ange)\"],\"articleSection\":[\"Recensions\"],\"inLanguage\":\"fr-FR\",\"potentialAction\":[{\"@type\":\"CommentAction\",\"name\":\"Comment\",\"target\":[\"http:\\\/\\\/www.semen-l.org\\\/?p=3115#respond\"]}]},{\"@type\":\"WebPage\",\"@id\":\"http:\\\/\\\/www.semen-l.org\\\/?p=3115\",\"url\":\"http:\\\/\\\/www.semen-l.org\\\/?p=3115\",\"name\":\"S\u00e9ris Emilie et Viti Paolo (dir.), Politien, humaniste aux sources de la modernit\u00e9, Paris, Garnier, collection Rencontres n\u00b0 519, S\u00e9rie Lectures de la Renaissance latine, no 15, 2021 - Soci\u00e9t\u00e9 d&#039;\u00c9tudes M\u00e9dio Et N\u00e9o-Latines\",\"isPartOf\":{\"@id\":\"http:\\\/\\\/www.semen-l.org\\\/#website\"},\"datePublished\":\"2021-12-10T12:45:19+00:00\",\"dateModified\":\"2024-02-10T12:46:23+00:00\",\"breadcrumb\":{\"@id\":\"http:\\\/\\\/www.semen-l.org\\\/?p=3115#breadcrumb\"},\"inLanguage\":\"fr-FR\",\"potentialAction\":[{\"@type\":\"ReadAction\",\"target\":[\"http:\\\/\\\/www.semen-l.org\\\/?p=3115\"]}]},{\"@type\":\"BreadcrumbList\",\"@id\":\"http:\\\/\\\/www.semen-l.org\\\/?p=3115#breadcrumb\",\"itemListElement\":[{\"@type\":\"ListItem\",\"position\":1,\"name\":\"Accueil\",\"item\":\"http:\\\/\\\/www.semen-l.org\\\/\"},{\"@type\":\"ListItem\",\"position\":2,\"name\":\"S\u00e9ris Emilie et Viti Paolo (dir.), Politien, humaniste aux sources de la modernit\u00e9, Paris, Garnier, collection Rencontres n\u00b0 519, S\u00e9rie Lectures de la Renaissance latine, no 15, 2021\"}]},{\"@type\":\"WebSite\",\"@id\":\"http:\\\/\\\/www.semen-l.org\\\/#website\",\"url\":\"http:\\\/\\\/www.semen-l.org\\\/\",\"name\":\"Soci\u00e9t\u00e9 d'\u00c9tudes M\u00e9dio Et N\u00e9o-Latines\",\"description\":\"\",\"publisher\":{\"@id\":\"http:\\\/\\\/www.semen-l.org\\\/#organization\"},\"potentialAction\":[{\"@type\":\"SearchAction\",\"target\":{\"@type\":\"EntryPoint\",\"urlTemplate\":\"http:\\\/\\\/www.semen-l.org\\\/?s={search_term_string}\"},\"query-input\":{\"@type\":\"PropertyValueSpecification\",\"valueRequired\":true,\"valueName\":\"search_term_string\"}}],\"inLanguage\":\"fr-FR\"},{\"@type\":\"Organization\",\"@id\":\"http:\\\/\\\/www.semen-l.org\\\/#organization\",\"name\":\"Soci\u00e9t\u00e9 d'\u00e9tudes m\u00e9dio et n\u00e9o-latines\",\"url\":\"http:\\\/\\\/www.semen-l.org\\\/\",\"logo\":{\"@type\":\"ImageObject\",\"inLanguage\":\"fr-FR\",\"@id\":\"http:\\\/\\\/www.semen-l.org\\\/#\\\/schema\\\/logo\\\/image\\\/\",\"url\":\"http:\\\/\\\/www.semen-l.org\\\/wp-content\\\/uploads\\\/2020\\\/11\\\/logo-semenl.jpg\",\"contentUrl\":\"http:\\\/\\\/www.semen-l.org\\\/wp-content\\\/uploads\\\/2020\\\/11\\\/logo-semenl.jpg\",\"width\":408,\"height\":403,\"caption\":\"Soci\u00e9t\u00e9 d'\u00e9tudes m\u00e9dio et n\u00e9o-latines\"},\"image\":{\"@id\":\"http:\\\/\\\/www.semen-l.org\\\/#\\\/schema\\\/logo\\\/image\\\/\"},\"sameAs\":[\"https:\\\/\\\/www.facebook.com\\\/SEMENL2018\",\"https:\\\/\\\/independent.academia.edu\\\/SocitsdtudesmdioetnolatinesSEMENL\"]},{\"@type\":\"Person\",\"@id\":\"http:\\\/\\\/www.semen-l.org\\\/#\\\/schema\\\/person\\\/ef5208815f17666727763c5363a51344\",\"name\":\"Julien Maudoux\",\"image\":{\"@type\":\"ImageObject\",\"inLanguage\":\"fr-FR\",\"@id\":\"https:\\\/\\\/secure.gravatar.com\\\/avatar\\\/caabf4fb6242e2277733cd35a5c2aa083761ea25dae1d1ff3298b54292225292?s=96&d=mm&r=g\",\"url\":\"https:\\\/\\\/secure.gravatar.com\\\/avatar\\\/caabf4fb6242e2277733cd35a5c2aa083761ea25dae1d1ff3298b54292225292?s=96&d=mm&r=g\",\"contentUrl\":\"https:\\\/\\\/secure.gravatar.com\\\/avatar\\\/caabf4fb6242e2277733cd35a5c2aa083761ea25dae1d1ff3298b54292225292?s=96&d=mm&r=g\",\"caption\":\"Julien Maudoux\"},\"description\":\"Webmestre du site de la SEMEN-L\",\"url\":\"https:\\\/\\\/www.semen-l.org\\\/?author=26\"}]}<\/script>\n<!-- \/ Yoast SEO plugin. -->","yoast_head_json":{"title":"S\u00e9ris Emilie et Viti Paolo (dir.), Politien, humaniste aux sources de la modernit\u00e9, Paris, Garnier, collection Rencontres n\u00b0 519, S\u00e9rie Lectures de la Renaissance latine, no 15, 2021 - Soci\u00e9t\u00e9 d&#039;\u00c9tudes M\u00e9dio Et N\u00e9o-Latines","robots":{"index":"index","follow":"follow","max-snippet":"max-snippet:-1","max-image-preview":"max-image-preview:large","max-video-preview":"max-video-preview:-1"},"canonical":"http:\/\/www.semen-l.org\/?p=3115","og_locale":"fr_FR","og_type":"article","og_title":"S\u00e9ris Emilie et Viti Paolo (dir.), Politien, humaniste aux sources de la modernit\u00e9, Paris, Garnier, collection Rencontres n\u00b0 519, S\u00e9rie Lectures de la Renaissance latine, no 15, 2021 - Soci\u00e9t\u00e9 d&#039;\u00c9tudes M\u00e9dio Et N\u00e9o-Latines","og_description":"S\u00e9ris Emilie et Viti Paolo (dir.), Politien, humaniste aux sources de la modernit\u00e9, Paris, Garnier, collection Rencontres n\u00b0 519, S\u00e9rie Lectures de la Renaissance latine, no 15, 2021, 337 p. Ange Politien a laiss\u00e9 une po\u00e9sie raffin\u00e9e, des travaux philologiques &hellip; Continuer la lecture &rarr;","og_url":"http:\/\/www.semen-l.org\/?p=3115","og_site_name":"Soci\u00e9t\u00e9 d&#039;\u00c9tudes M\u00e9dio Et N\u00e9o-Latines","article_publisher":"https:\/\/www.facebook.com\/SEMENL2018","article_published_time":"2021-12-10T12:45:19+00:00","article_modified_time":"2024-02-10T12:46:23+00:00","author":"Julien Maudoux","twitter_card":"summary_large_image","twitter_misc":{"\u00c9crit par":"Julien Maudoux","Dur\u00e9e de lecture estim\u00e9e":"1 minute"},"schema":{"@context":"https:\/\/schema.org","@graph":[{"@type":"Article","@id":"http:\/\/www.semen-l.org\/?p=3115#article","isPartOf":{"@id":"http:\/\/www.semen-l.org\/?p=3115"},"author":{"name":"Julien Maudoux","@id":"http:\/\/www.semen-l.org\/#\/schema\/person\/ef5208815f17666727763c5363a51344"},"headline":"S\u00e9ris Emilie et Viti Paolo (dir.), Politien, humaniste aux sources de la modernit\u00e9, Paris, Garnier, collection Rencontres n\u00b0 519, S\u00e9rie Lectures de la Renaissance latine, no 15, 2021","datePublished":"2021-12-10T12:45:19+00:00","dateModified":"2024-02-10T12:46:23+00:00","mainEntityOfPage":{"@id":"http:\/\/www.semen-l.org\/?p=3115"},"wordCount":118,"commentCount":0,"publisher":{"@id":"http:\/\/www.semen-l.org\/#organization"},"keywords":["humanisme","philologie","philosophie","po\u00e9sie","Politien (Ange)"],"articleSection":["Recensions"],"inLanguage":"fr-FR","potentialAction":[{"@type":"CommentAction","name":"Comment","target":["http:\/\/www.semen-l.org\/?p=3115#respond"]}]},{"@type":"WebPage","@id":"http:\/\/www.semen-l.org\/?p=3115","url":"http:\/\/www.semen-l.org\/?p=3115","name":"S\u00e9ris Emilie et Viti Paolo (dir.), Politien, humaniste aux sources de la modernit\u00e9, Paris, Garnier, collection Rencontres n\u00b0 519, S\u00e9rie Lectures de la Renaissance latine, no 15, 2021 - Soci\u00e9t\u00e9 d&#039;\u00c9tudes M\u00e9dio Et N\u00e9o-Latines","isPartOf":{"@id":"http:\/\/www.semen-l.org\/#website"},"datePublished":"2021-12-10T12:45:19+00:00","dateModified":"2024-02-10T12:46:23+00:00","breadcrumb":{"@id":"http:\/\/www.semen-l.org\/?p=3115#breadcrumb"},"inLanguage":"fr-FR","potentialAction":[{"@type":"ReadAction","target":["http:\/\/www.semen-l.org\/?p=3115"]}]},{"@type":"BreadcrumbList","@id":"http:\/\/www.semen-l.org\/?p=3115#breadcrumb","itemListElement":[{"@type":"ListItem","position":1,"name":"Accueil","item":"http:\/\/www.semen-l.org\/"},{"@type":"ListItem","position":2,"name":"S\u00e9ris Emilie et Viti Paolo (dir.), Politien, humaniste aux sources de la modernit\u00e9, Paris, Garnier, collection Rencontres n\u00b0 519, S\u00e9rie Lectures de la Renaissance latine, no 15, 2021"}]},{"@type":"WebSite","@id":"http:\/\/www.semen-l.org\/#website","url":"http:\/\/www.semen-l.org\/","name":"Soci\u00e9t\u00e9 d'\u00c9tudes M\u00e9dio Et N\u00e9o-Latines","description":"","publisher":{"@id":"http:\/\/www.semen-l.org\/#organization"},"potentialAction":[{"@type":"SearchAction","target":{"@type":"EntryPoint","urlTemplate":"http:\/\/www.semen-l.org\/?s={search_term_string}"},"query-input":{"@type":"PropertyValueSpecification","valueRequired":true,"valueName":"search_term_string"}}],"inLanguage":"fr-FR"},{"@type":"Organization","@id":"http:\/\/www.semen-l.org\/#organization","name":"Soci\u00e9t\u00e9 d'\u00e9tudes m\u00e9dio et n\u00e9o-latines","url":"http:\/\/www.semen-l.org\/","logo":{"@type":"ImageObject","inLanguage":"fr-FR","@id":"http:\/\/www.semen-l.org\/#\/schema\/logo\/image\/","url":"http:\/\/www.semen-l.org\/wp-content\/uploads\/2020\/11\/logo-semenl.jpg","contentUrl":"http:\/\/www.semen-l.org\/wp-content\/uploads\/2020\/11\/logo-semenl.jpg","width":408,"height":403,"caption":"Soci\u00e9t\u00e9 d'\u00e9tudes m\u00e9dio et n\u00e9o-latines"},"image":{"@id":"http:\/\/www.semen-l.org\/#\/schema\/logo\/image\/"},"sameAs":["https:\/\/www.facebook.com\/SEMENL2018","https:\/\/independent.academia.edu\/SocitsdtudesmdioetnolatinesSEMENL"]},{"@type":"Person","@id":"http:\/\/www.semen-l.org\/#\/schema\/person\/ef5208815f17666727763c5363a51344","name":"Julien Maudoux","image":{"@type":"ImageObject","inLanguage":"fr-FR","@id":"https:\/\/secure.gravatar.com\/avatar\/caabf4fb6242e2277733cd35a5c2aa083761ea25dae1d1ff3298b54292225292?s=96&d=mm&r=g","url":"https:\/\/secure.gravatar.com\/avatar\/caabf4fb6242e2277733cd35a5c2aa083761ea25dae1d1ff3298b54292225292?s=96&d=mm&r=g","contentUrl":"https:\/\/secure.gravatar.com\/avatar\/caabf4fb6242e2277733cd35a5c2aa083761ea25dae1d1ff3298b54292225292?s=96&d=mm&r=g","caption":"Julien Maudoux"},"description":"Webmestre du site de la SEMEN-L","url":"https:\/\/www.semen-l.org\/?author=26"}]}},"jetpack_featured_media_url":"","_links":{"self":[{"href":"https:\/\/www.semen-l.org\/index.php?rest_route=\/wp\/v2\/posts\/3115","targetHints":{"allow":["GET"]}}],"collection":[{"href":"https:\/\/www.semen-l.org\/index.php?rest_route=\/wp\/v2\/posts"}],"about":[{"href":"https:\/\/www.semen-l.org\/index.php?rest_route=\/wp\/v2\/types\/post"}],"author":[{"embeddable":true,"href":"https:\/\/www.semen-l.org\/index.php?rest_route=\/wp\/v2\/users\/26"}],"replies":[{"embeddable":true,"href":"https:\/\/www.semen-l.org\/index.php?rest_route=%2Fwp%2Fv2%2Fcomments&post=3115"}],"version-history":[{"count":0,"href":"https:\/\/www.semen-l.org\/index.php?rest_route=\/wp\/v2\/posts\/3115\/revisions"}],"wp:attachment":[{"href":"https:\/\/www.semen-l.org\/index.php?rest_route=%2Fwp%2Fv2%2Fmedia&parent=3115"}],"wp:term":[{"taxonomy":"category","embeddable":true,"href":"https:\/\/www.semen-l.org\/index.php?rest_route=%2Fwp%2Fv2%2Fcategories&post=3115"},{"taxonomy":"post_tag","embeddable":true,"href":"https:\/\/www.semen-l.org\/index.php?rest_route=%2Fwp%2Fv2%2Ftags&post=3115"}],"curies":[{"name":"wp","href":"https:\/\/api.w.org\/{rel}","templated":true}]}}