{"id":311,"date":"2015-10-20T18:08:05","date_gmt":"2015-10-20T18:08:05","guid":{"rendered":"http:\/\/www.semen-l.org\/?p=311"},"modified":"2020-11-19T15:12:20","modified_gmt":"2020-11-19T15:12:20","slug":"publications-recentes-septembre-2015","status":"publish","type":"post","link":"https:\/\/www.semen-l.org\/?p=311","title":{"rendered":"Publications r\u00e9centes (septembre 2015)"},"content":{"rendered":"<p>Pour acc\u00e9der \u00e0 une bibliographie indicative des ouvrages parus au cours de l&rsquo;ann\u00e9e universitaire 2014-2015 dans les domaines m\u00e9dio- et n\u00e9o-latins, veuillez cliquer sur le lien suivant : <a href=\"http:\/\/www.semen-l.org\/wp-content\/uploads\/2015\/10\/Publications-r\u00e9centes-septembre-2015.pdf\">Publications r\u00e9centes (septembre 2015).<\/a><\/p>\n","protected":false},"excerpt":{"rendered":"<p>Pour acc\u00e9der \u00e0 une bibliographie indicative des ouvrages parus au cours de l&rsquo;ann\u00e9e universitaire 2014-2015 dans les domaines m\u00e9dio- et n\u00e9o-latins, veuillez cliquer sur le lien suivant : Publications r\u00e9centes (septembre 2015).<\/p>\n","protected":false},"author":24,"featured_media":0,"comment_status":"open","ping_status":"open","sticky":false,"template":"","format":"standard","meta":{"footnotes":""},"categories":[7],"tags":[845,215,855,891,865,849,841,890,408,400,848,846,91,850,851,852,899,854,859,900,856,888,871,870,880,844,853,894,878,867,868,857,270,858,882,897,253,895,864,866,738,861,565,876,869,842,883,874,873,896,643,860,843,889,893,16,875,172,892,40,407,877,872,898,455,799,884,879,887,847,404,885,862,863,80,881,886,33],"class_list":["post-311","post","type-post","status-publish","format-standard","hentry","category-publications","tag-al-mawardi","tag-alexandre-le-grand","tag-anatomia-realdo-colombo","tag-arnaud-de-villeneuve","tag-arx-uirtutis-siue-de-uera-animi-tranquillitate-la-citadelle-de-la-vertu-ou-la-veritable-tranquillite-de-lame","tag-aulularia-joannes-burmeister","tag-austrias-carmen","tag-averroes","tag-berauld-nicolas","tag-biondo-flavio","tag-bocchi-achille","tag-bruni-leonardo","tag-guillaume-bude","tag-burmeister-joannes","tag-carcer-girolamo-cardano","tag-cardano-girolamo","tag-charlemagne","tag-colombo-realdo","tag-commentaire-du-livre-de-la-sagesse","tag-cujas-jacques","tag-cyriaque-dancone","tag-david-roi","tag-de-amphitheatris-quae-extra-romam-libellus","tag-de-amphitheatro-lipse-juste","tag-de-gratia-christi-thomas-daquin","tag-de-lethique-du-prince-et-du-gouvernement-de-letat","tag-de-re-anatomica-libri-xv-realdo-colombo","tag-de-scientiis-alfarabii","tag-de-seculo-et-religione-sur-le-monde-et-la-vie-religieuse","tag-hugonis-de-sancto-victore-de-uanitate-rerum-mundanarum","tag-dialogus-de-creatione-mundi-hugues-de-saint-victor","tag-ducher-gilbert","tag-edition","tag-epigrammata-gilbert-ducher","tag-epistola-rationem-modumque-propinandi-radicis-chynae-decocti","tag-epithete","tag-frulovisi-tito-livio","tag-gerard-de-cremone","tag-guillaume-dockham","tag-havre-jean-van","tag-hugues-de-saint-victor","tag-hunfreidos","tag-von-hutten-ulrich","tag-la-cite-de-dieu-de-saint-augustin-traduite-par-raoul-de-presles-1371-1375","tag-la-verole-et-le-remede-du-gaiac","tag-latino-juan","tag-laurens-pierre","tag-le-songe-de-fortune-enea-silvio-piccolomini","tag-les-miseres-des-gens-de-cour","tag-lexicographie","tag-lipse-juste","tag-maitre-eckhart","tag-malatesta-carlo","tag-musique","tag-papon-jean","tag-petrarque","tag-piccolomini-enea-silvio","tag-platon","tag-poesie-de-circonstance","tag-poggio-bracciolini","tag-praelectio-et-commentaire-a-la-silve-rusticus-dange-politien","tag-raoul-de-presles","tag-rerum-familiarium-libri-petrarque","tag-rime","tag-sainte-marthe-scevole-de","tag-salutati-coluccio","tag-sambucus-johannes","tag-savonarole-jerome","tag-seconds-analytiques","tag-symbolicae-quaestiones-achille-bocchi","tag-thomas-daquin","tag-timee","tag-traite-sur-la-quantite","tag-traite-sur-le-corps-du-christ-guillaume-dockham","tag-lorenzo-valla","tag-vesale-andre","tag-vettori-piero","tag-juan-luis-vives"],"yoast_head":"<!-- This site is optimized with the Yoast SEO plugin v27.5 - https:\/\/yoast.com\/product\/yoast-seo-wordpress\/ -->\n<title>Publications r\u00e9centes (septembre 2015) - Soci\u00e9t\u00e9 d&#039;\u00c9tudes M\u00e9dio Et N\u00e9o-Latines<\/title>\n<meta name=\"robots\" content=\"index, follow, max-snippet:-1, max-image-preview:large, max-video-preview:-1\" \/>\n<link rel=\"canonical\" href=\"http:\/\/www.semen-l.org\/?p=311\" \/>\n<meta property=\"og:locale\" content=\"fr_FR\" \/>\n<meta property=\"og:type\" content=\"article\" \/>\n<meta property=\"og:title\" content=\"Publications r\u00e9centes (septembre 2015) - Soci\u00e9t\u00e9 d&#039;\u00c9tudes M\u00e9dio Et N\u00e9o-Latines\" \/>\n<meta property=\"og:description\" content=\"Pour acc\u00e9der \u00e0 une bibliographie indicative des ouvrages parus au cours de l&rsquo;ann\u00e9e universitaire 2014-2015 dans les domaines m\u00e9dio- et n\u00e9o-latins, veuillez cliquer sur le lien suivant : Publications r\u00e9centes (septembre 2015).\" \/>\n<meta property=\"og:url\" content=\"http:\/\/www.semen-l.org\/?p=311\" \/>\n<meta property=\"og:site_name\" content=\"Soci\u00e9t\u00e9 d&#039;\u00c9tudes M\u00e9dio Et N\u00e9o-Latines\" \/>\n<meta property=\"article:publisher\" content=\"https:\/\/www.facebook.com\/SEMENL2018\" \/>\n<meta property=\"article:published_time\" content=\"2015-10-20T18:08:05+00:00\" \/>\n<meta property=\"article:modified_time\" content=\"2020-11-19T15:12:20+00:00\" \/>\n<meta name=\"author\" content=\"Thomas Penguilly\" \/>\n<meta name=\"twitter:card\" content=\"summary_large_image\" \/>\n<meta name=\"twitter:label1\" content=\"\u00c9crit par\" \/>\n\t<meta name=\"twitter:data1\" content=\"Thomas Penguilly\" \/>\n<script type=\"application\/ld+json\" class=\"yoast-schema-graph\">{\"@context\":\"https:\\\/\\\/schema.org\",\"@graph\":[{\"@type\":\"Article\",\"@id\":\"http:\\\/\\\/www.semen-l.org\\\/?p=311#article\",\"isPartOf\":{\"@id\":\"http:\\\/\\\/www.semen-l.org\\\/?p=311\"},\"author\":{\"name\":\"Thomas Penguilly\",\"@id\":\"http:\\\/\\\/www.semen-l.org\\\/#\\\/schema\\\/person\\\/3d0af82116ae10be9dae79c17e01be5a\"},\"headline\":\"Publications r\u00e9centes (septembre 2015)\",\"datePublished\":\"2015-10-20T18:08:05+00:00\",\"dateModified\":\"2020-11-19T15:12:20+00:00\",\"mainEntityOfPage\":{\"@id\":\"http:\\\/\\\/www.semen-l.org\\\/?p=311\"},\"wordCount\":39,\"commentCount\":0,\"publisher\":{\"@id\":\"http:\\\/\\\/www.semen-l.org\\\/#organization\"},\"keywords\":[\"Al-M\u0101ward\u012b\",\"Alexandre le Grand\",\"Anatomia (Realdo Colombo)\",\"Arnaud de Villeneuve\",\"Arx uirtutis siue de uera animi tranquillitate (La citadelle de la vertu ou la v\u00e9ritable tranquillit\u00e9 de l\u2019\u00e2me)\",\"Aulularia (Joannes Burmeister)\",\"Austrias Carmen\",\"Averro\u00e8s\",\"B\u00e9rauld (Nicolas)\",\"Biondo (Flavio)\",\"Bocchi (Achille)\",\"Bruni (Leonardo)\",\"Bud\u00e9 (Guillaume)\",\"Burmeister (Joannes)\",\"Carcer (Girolamo Cardano)\",\"Cardano (Girolamo)\",\"Charlemagne\",\"Colombo (Realdo)\",\"Commentaire du Livre de la Sagesse\",\"Cujas (Jacques)\",\"Cyriaque d'Anc\u00f4ne\",\"David (roi)\",\"De Amphitheatris quae extra Romam libellus\",\"De Amphitheatro (Lipse Juste)\",\"De gratia Christi (Thomas d'Aquin)\",\"De l\u2019\u00e9thique du Prince et du gouvernement de l\u2019\u00c9tat\",\"De re anatomica libri XV (Realdo Colombo)\",\"De scientiis Alfarabii (G\u00e9rard de Cr\u00e9mone)\",\"De Seculo et Religione (Sur le Monde et la vie religieuse)\",\"De uanitate rerum mundanarum (Hugo de Saint-Victor)\",\"Dialogus de creatione mundi (Hugues de Saint-Victor)\",\"Ducher (Gilbert)\",\"\u00e9dition\",\"Epigrammata (Gilbert Ducher)\",\"Epistola rationem modumque propinandi radicis Chynae decocti\",\"\u00e9pith\u00e8te\",\"Frulovisi (Tito Livio)\",\"G\u00e9rard de Cr\u00e9mone\",\"Guillaume d\u2019Ockham\",\"Havre (Jean van)\",\"Hugues de Saint-Victor\",\"Hunfreidos\",\"Hutten (Ulrich von)\",\"La Cit\u00e9 de Dieu de saint Augustin traduite par Raoul de Presles (1371-1375)\",\"La v\u00e9role et le rem\u00e8de du ga\u00efac\",\"Latino (Juan)\",\"Laurens (Pierre)\",\"Le Songe de Fortune (Enea Silvio Piccolomini)\",\"Les Mis\u00e8res des gens de cour\",\"lexicographie\",\"Lipse (Juste)\",\"Ma\u00eetre Eckhart\",\"Malatesta (Carlo)\",\"musique\",\"Papon (Jean)\",\"P\u00e9trarque\",\"Piccolomini (Enea Silvio)\",\"Platon\",\"po\u00e9sie de circonstance\",\"Poggio Bracciolini\",\"Praelectio et commentaire \u00e0 la Silve Rusticus d\u2019Ange Politien\",\"Raoul de Presles\",\"Rerum familiarium libri (P\u00e9trarque)\",\"rime\",\"Sainte-Marthe (Sc\u00e9vole de)\",\"Salutati (Coluccio)\",\"Sambucus (Johannes)\",\"Savonarole (J\u00e9r\u00f4me)\",\"Seconds Analytiques\",\"Symbolicae Quaestiones (Achille Bocchi)\",\"Thomas d'Aquin\",\"Tim\u00e9e\",\"Trait\u00e9 sur la quantit\u00e9\",\"Trait\u00e9 sur le corps du Christ (Guillaume d\u2019Ockham)\",\"Valla (Lorenzo)\",\"V\u00e9sale (Andr\u00e9)\",\"Vettori (Piero)\",\"Vives (Juan Luis)\"],\"articleSection\":[\"Publications\"],\"inLanguage\":\"fr-FR\",\"potentialAction\":[{\"@type\":\"CommentAction\",\"name\":\"Comment\",\"target\":[\"http:\\\/\\\/www.semen-l.org\\\/?p=311#respond\"]}]},{\"@type\":\"WebPage\",\"@id\":\"http:\\\/\\\/www.semen-l.org\\\/?p=311\",\"url\":\"http:\\\/\\\/www.semen-l.org\\\/?p=311\",\"name\":\"Publications r\u00e9centes (septembre 2015) - Soci\u00e9t\u00e9 d&#039;\u00c9tudes M\u00e9dio Et N\u00e9o-Latines\",\"isPartOf\":{\"@id\":\"http:\\\/\\\/www.semen-l.org\\\/#website\"},\"datePublished\":\"2015-10-20T18:08:05+00:00\",\"dateModified\":\"2020-11-19T15:12:20+00:00\",\"breadcrumb\":{\"@id\":\"http:\\\/\\\/www.semen-l.org\\\/?p=311#breadcrumb\"},\"inLanguage\":\"fr-FR\",\"potentialAction\":[{\"@type\":\"ReadAction\",\"target\":[\"http:\\\/\\\/www.semen-l.org\\\/?p=311\"]}]},{\"@type\":\"BreadcrumbList\",\"@id\":\"http:\\\/\\\/www.semen-l.org\\\/?p=311#breadcrumb\",\"itemListElement\":[{\"@type\":\"ListItem\",\"position\":1,\"name\":\"Accueil\",\"item\":\"http:\\\/\\\/www.semen-l.org\\\/\"},{\"@type\":\"ListItem\",\"position\":2,\"name\":\"Publications r\u00e9centes (septembre 2015)\"}]},{\"@type\":\"WebSite\",\"@id\":\"http:\\\/\\\/www.semen-l.org\\\/#website\",\"url\":\"http:\\\/\\\/www.semen-l.org\\\/\",\"name\":\"Soci\u00e9t\u00e9 d'\u00c9tudes M\u00e9dio Et N\u00e9o-Latines\",\"description\":\"\",\"publisher\":{\"@id\":\"http:\\\/\\\/www.semen-l.org\\\/#organization\"},\"potentialAction\":[{\"@type\":\"SearchAction\",\"target\":{\"@type\":\"EntryPoint\",\"urlTemplate\":\"http:\\\/\\\/www.semen-l.org\\\/?s={search_term_string}\"},\"query-input\":{\"@type\":\"PropertyValueSpecification\",\"valueRequired\":true,\"valueName\":\"search_term_string\"}}],\"inLanguage\":\"fr-FR\"},{\"@type\":\"Organization\",\"@id\":\"http:\\\/\\\/www.semen-l.org\\\/#organization\",\"name\":\"Soci\u00e9t\u00e9 d'\u00e9tudes m\u00e9dio et n\u00e9o-latines\",\"url\":\"http:\\\/\\\/www.semen-l.org\\\/\",\"logo\":{\"@type\":\"ImageObject\",\"inLanguage\":\"fr-FR\",\"@id\":\"http:\\\/\\\/www.semen-l.org\\\/#\\\/schema\\\/logo\\\/image\\\/\",\"url\":\"http:\\\/\\\/www.semen-l.org\\\/wp-content\\\/uploads\\\/2020\\\/11\\\/logo-semenl.jpg\",\"contentUrl\":\"http:\\\/\\\/www.semen-l.org\\\/wp-content\\\/uploads\\\/2020\\\/11\\\/logo-semenl.jpg\",\"width\":408,\"height\":403,\"caption\":\"Soci\u00e9t\u00e9 d'\u00e9tudes m\u00e9dio et n\u00e9o-latines\"},\"image\":{\"@id\":\"http:\\\/\\\/www.semen-l.org\\\/#\\\/schema\\\/logo\\\/image\\\/\"},\"sameAs\":[\"https:\\\/\\\/www.facebook.com\\\/SEMENL2018\",\"https:\\\/\\\/independent.academia.edu\\\/SocitsdtudesmdioetnolatinesSEMENL\"]},{\"@type\":\"Person\",\"@id\":\"http:\\\/\\\/www.semen-l.org\\\/#\\\/schema\\\/person\\\/3d0af82116ae10be9dae79c17e01be5a\",\"name\":\"Thomas Penguilly\",\"image\":{\"@type\":\"ImageObject\",\"inLanguage\":\"fr-FR\",\"@id\":\"https:\\\/\\\/secure.gravatar.com\\\/avatar\\\/00dbfed997d1aaf8cbc93434abdcf5d630a180c99cd9fdd9293220ff847e3796?s=96&d=mm&r=g\",\"url\":\"https:\\\/\\\/secure.gravatar.com\\\/avatar\\\/00dbfed997d1aaf8cbc93434abdcf5d630a180c99cd9fdd9293220ff847e3796?s=96&d=mm&r=g\",\"contentUrl\":\"https:\\\/\\\/secure.gravatar.com\\\/avatar\\\/00dbfed997d1aaf8cbc93434abdcf5d630a180c99cd9fdd9293220ff847e3796?s=96&d=mm&r=g\",\"caption\":\"Thomas Penguilly\"},\"url\":\"https:\\\/\\\/www.semen-l.org\\\/?author=24\"}]}<\/script>\n<!-- \/ Yoast SEO plugin. -->","yoast_head_json":{"title":"Publications r\u00e9centes (septembre 2015) - Soci\u00e9t\u00e9 d&#039;\u00c9tudes M\u00e9dio Et N\u00e9o-Latines","robots":{"index":"index","follow":"follow","max-snippet":"max-snippet:-1","max-image-preview":"max-image-preview:large","max-video-preview":"max-video-preview:-1"},"canonical":"http:\/\/www.semen-l.org\/?p=311","og_locale":"fr_FR","og_type":"article","og_title":"Publications r\u00e9centes (septembre 2015) - Soci\u00e9t\u00e9 d&#039;\u00c9tudes M\u00e9dio Et N\u00e9o-Latines","og_description":"Pour acc\u00e9der \u00e0 une bibliographie indicative des ouvrages parus au cours de l&rsquo;ann\u00e9e universitaire 2014-2015 dans les domaines m\u00e9dio- et n\u00e9o-latins, veuillez cliquer sur le lien suivant : Publications r\u00e9centes (septembre 2015).","og_url":"http:\/\/www.semen-l.org\/?p=311","og_site_name":"Soci\u00e9t\u00e9 d&#039;\u00c9tudes M\u00e9dio Et N\u00e9o-Latines","article_publisher":"https:\/\/www.facebook.com\/SEMENL2018","article_published_time":"2015-10-20T18:08:05+00:00","article_modified_time":"2020-11-19T15:12:20+00:00","author":"Thomas Penguilly","twitter_card":"summary_large_image","twitter_misc":{"\u00c9crit par":"Thomas Penguilly"},"schema":{"@context":"https:\/\/schema.org","@graph":[{"@type":"Article","@id":"http:\/\/www.semen-l.org\/?p=311#article","isPartOf":{"@id":"http:\/\/www.semen-l.org\/?p=311"},"author":{"name":"Thomas Penguilly","@id":"http:\/\/www.semen-l.org\/#\/schema\/person\/3d0af82116ae10be9dae79c17e01be5a"},"headline":"Publications r\u00e9centes (septembre 2015)","datePublished":"2015-10-20T18:08:05+00:00","dateModified":"2020-11-19T15:12:20+00:00","mainEntityOfPage":{"@id":"http:\/\/www.semen-l.org\/?p=311"},"wordCount":39,"commentCount":0,"publisher":{"@id":"http:\/\/www.semen-l.org\/#organization"},"keywords":["Al-M\u0101ward\u012b","Alexandre le Grand","Anatomia (Realdo Colombo)","Arnaud de Villeneuve","Arx uirtutis siue de uera animi tranquillitate (La citadelle de la vertu ou la v\u00e9ritable tranquillit\u00e9 de l\u2019\u00e2me)","Aulularia (Joannes Burmeister)","Austrias Carmen","Averro\u00e8s","B\u00e9rauld (Nicolas)","Biondo (Flavio)","Bocchi (Achille)","Bruni (Leonardo)","Bud\u00e9 (Guillaume)","Burmeister (Joannes)","Carcer (Girolamo Cardano)","Cardano (Girolamo)","Charlemagne","Colombo (Realdo)","Commentaire du Livre de la Sagesse","Cujas (Jacques)","Cyriaque d'Anc\u00f4ne","David (roi)","De Amphitheatris quae extra Romam libellus","De Amphitheatro (Lipse Juste)","De gratia Christi (Thomas d'Aquin)","De l\u2019\u00e9thique du Prince et du gouvernement de l\u2019\u00c9tat","De re anatomica libri XV (Realdo Colombo)","De scientiis Alfarabii (G\u00e9rard de Cr\u00e9mone)","De Seculo et Religione (Sur le Monde et la vie religieuse)","De uanitate rerum mundanarum (Hugo de Saint-Victor)","Dialogus de creatione mundi (Hugues de Saint-Victor)","Ducher (Gilbert)","\u00e9dition","Epigrammata (Gilbert Ducher)","Epistola rationem modumque propinandi radicis Chynae decocti","\u00e9pith\u00e8te","Frulovisi (Tito Livio)","G\u00e9rard de Cr\u00e9mone","Guillaume d\u2019Ockham","Havre (Jean van)","Hugues de Saint-Victor","Hunfreidos","Hutten (Ulrich von)","La Cit\u00e9 de Dieu de saint Augustin traduite par Raoul de Presles (1371-1375)","La v\u00e9role et le rem\u00e8de du ga\u00efac","Latino (Juan)","Laurens (Pierre)","Le Songe de Fortune (Enea Silvio Piccolomini)","Les Mis\u00e8res des gens de cour","lexicographie","Lipse (Juste)","Ma\u00eetre Eckhart","Malatesta (Carlo)","musique","Papon (Jean)","P\u00e9trarque","Piccolomini (Enea Silvio)","Platon","po\u00e9sie de circonstance","Poggio Bracciolini","Praelectio et commentaire \u00e0 la Silve Rusticus d\u2019Ange Politien","Raoul de Presles","Rerum familiarium libri (P\u00e9trarque)","rime","Sainte-Marthe (Sc\u00e9vole de)","Salutati (Coluccio)","Sambucus (Johannes)","Savonarole (J\u00e9r\u00f4me)","Seconds Analytiques","Symbolicae Quaestiones (Achille Bocchi)","Thomas d'Aquin","Tim\u00e9e","Trait\u00e9 sur la quantit\u00e9","Trait\u00e9 sur le corps du Christ (Guillaume d\u2019Ockham)","Valla (Lorenzo)","V\u00e9sale (Andr\u00e9)","Vettori (Piero)","Vives (Juan Luis)"],"articleSection":["Publications"],"inLanguage":"fr-FR","potentialAction":[{"@type":"CommentAction","name":"Comment","target":["http:\/\/www.semen-l.org\/?p=311#respond"]}]},{"@type":"WebPage","@id":"http:\/\/www.semen-l.org\/?p=311","url":"http:\/\/www.semen-l.org\/?p=311","name":"Publications r\u00e9centes (septembre 2015) - Soci\u00e9t\u00e9 d&#039;\u00c9tudes M\u00e9dio Et N\u00e9o-Latines","isPartOf":{"@id":"http:\/\/www.semen-l.org\/#website"},"datePublished":"2015-10-20T18:08:05+00:00","dateModified":"2020-11-19T15:12:20+00:00","breadcrumb":{"@id":"http:\/\/www.semen-l.org\/?p=311#breadcrumb"},"inLanguage":"fr-FR","potentialAction":[{"@type":"ReadAction","target":["http:\/\/www.semen-l.org\/?p=311"]}]},{"@type":"BreadcrumbList","@id":"http:\/\/www.semen-l.org\/?p=311#breadcrumb","itemListElement":[{"@type":"ListItem","position":1,"name":"Accueil","item":"http:\/\/www.semen-l.org\/"},{"@type":"ListItem","position":2,"name":"Publications r\u00e9centes (septembre 2015)"}]},{"@type":"WebSite","@id":"http:\/\/www.semen-l.org\/#website","url":"http:\/\/www.semen-l.org\/","name":"Soci\u00e9t\u00e9 d'\u00c9tudes M\u00e9dio Et N\u00e9o-Latines","description":"","publisher":{"@id":"http:\/\/www.semen-l.org\/#organization"},"potentialAction":[{"@type":"SearchAction","target":{"@type":"EntryPoint","urlTemplate":"http:\/\/www.semen-l.org\/?s={search_term_string}"},"query-input":{"@type":"PropertyValueSpecification","valueRequired":true,"valueName":"search_term_string"}}],"inLanguage":"fr-FR"},{"@type":"Organization","@id":"http:\/\/www.semen-l.org\/#organization","name":"Soci\u00e9t\u00e9 d'\u00e9tudes m\u00e9dio et n\u00e9o-latines","url":"http:\/\/www.semen-l.org\/","logo":{"@type":"ImageObject","inLanguage":"fr-FR","@id":"http:\/\/www.semen-l.org\/#\/schema\/logo\/image\/","url":"http:\/\/www.semen-l.org\/wp-content\/uploads\/2020\/11\/logo-semenl.jpg","contentUrl":"http:\/\/www.semen-l.org\/wp-content\/uploads\/2020\/11\/logo-semenl.jpg","width":408,"height":403,"caption":"Soci\u00e9t\u00e9 d'\u00e9tudes m\u00e9dio et n\u00e9o-latines"},"image":{"@id":"http:\/\/www.semen-l.org\/#\/schema\/logo\/image\/"},"sameAs":["https:\/\/www.facebook.com\/SEMENL2018","https:\/\/independent.academia.edu\/SocitsdtudesmdioetnolatinesSEMENL"]},{"@type":"Person","@id":"http:\/\/www.semen-l.org\/#\/schema\/person\/3d0af82116ae10be9dae79c17e01be5a","name":"Thomas Penguilly","image":{"@type":"ImageObject","inLanguage":"fr-FR","@id":"https:\/\/secure.gravatar.com\/avatar\/00dbfed997d1aaf8cbc93434abdcf5d630a180c99cd9fdd9293220ff847e3796?s=96&d=mm&r=g","url":"https:\/\/secure.gravatar.com\/avatar\/00dbfed997d1aaf8cbc93434abdcf5d630a180c99cd9fdd9293220ff847e3796?s=96&d=mm&r=g","contentUrl":"https:\/\/secure.gravatar.com\/avatar\/00dbfed997d1aaf8cbc93434abdcf5d630a180c99cd9fdd9293220ff847e3796?s=96&d=mm&r=g","caption":"Thomas Penguilly"},"url":"https:\/\/www.semen-l.org\/?author=24"}]}},"jetpack_featured_media_url":"","_links":{"self":[{"href":"https:\/\/www.semen-l.org\/index.php?rest_route=\/wp\/v2\/posts\/311","targetHints":{"allow":["GET"]}}],"collection":[{"href":"https:\/\/www.semen-l.org\/index.php?rest_route=\/wp\/v2\/posts"}],"about":[{"href":"https:\/\/www.semen-l.org\/index.php?rest_route=\/wp\/v2\/types\/post"}],"author":[{"embeddable":true,"href":"https:\/\/www.semen-l.org\/index.php?rest_route=\/wp\/v2\/users\/24"}],"replies":[{"embeddable":true,"href":"https:\/\/www.semen-l.org\/index.php?rest_route=%2Fwp%2Fv2%2Fcomments&post=311"}],"version-history":[{"count":0,"href":"https:\/\/www.semen-l.org\/index.php?rest_route=\/wp\/v2\/posts\/311\/revisions"}],"wp:attachment":[{"href":"https:\/\/www.semen-l.org\/index.php?rest_route=%2Fwp%2Fv2%2Fmedia&parent=311"}],"wp:term":[{"taxonomy":"category","embeddable":true,"href":"https:\/\/www.semen-l.org\/index.php?rest_route=%2Fwp%2Fv2%2Fcategories&post=311"},{"taxonomy":"post_tag","embeddable":true,"href":"https:\/\/www.semen-l.org\/index.php?rest_route=%2Fwp%2Fv2%2Ftags&post=311"}],"curies":[{"name":"wp","href":"https:\/\/api.w.org\/{rel}","templated":true}]}}