{"id":3109,"date":"2021-12-10T12:35:42","date_gmt":"2021-12-10T12:35:42","guid":{"rendered":"https:\/\/www.semen-l.org\/?p=3109"},"modified":"2024-02-10T12:37:38","modified_gmt":"2024-02-10T12:37:38","slug":"giacomotto-charra-violaine-vons-jacqueline-dir-de-la-treille-au-poeme-cultures-et-usages-de-la-vigne-et-du-vin-a-la-renaissance-pessac-presses-de-la-msha-2020","status":"publish","type":"post","link":"https:\/\/www.semen-l.org\/?p=3109","title":{"rendered":"Giacomotto-Charra Violaine, Vons Jacqueline (dir.), De la treille au po\u00e8me. Culture(s) et usages de la vigne et du vin \u00e0 la Renaissance, Pessac, Presses de la MSHA, 2020"},"content":{"rendered":"<p><strong>Giacomotto-Charra Violaine, Vons Jacqueline (dir.), <em>De la treille au po\u00e8me. Culture(s) et usages de la vigne et du vin \u00e0 la Renaissance<\/em>, Pessac, Presses de la MSHA, 2020, 300 p.<\/strong><\/p>\n<p>C&rsquo;est une \u00e9vidence que d\u2019affirmer qu\u2019il existe une culture du vin en France, voire plusieurs, en fonction des terroirs, de la mani\u00e8re de faire le vin, de la consid\u00e9ration dont il jouit dans tel ou tel milieu. Les livres sur le vin sont multiples et vont de l\u2019hagiographie \u00e0 la condamnation; les arts figuratifs ont mis en valeur les couleurs des vins, ou au contraire ont montr\u00e9 les hideux effets de l\u2019ivresse; les trait\u00e9s techniques, autrefois r\u00e9serv\u00e9 aux sp\u00e9cialistes, ont familiaris\u00e9 le grand public avec le vocabulaire de la fabrication et de la conservation du vin. Cette culture, cependant s\u2019est consid\u00e9rablement modifi\u00e9e au cours du temps, qu\u2019il s\u2019agisse de la mani\u00e8re de faire pousser la vigne, de produire le vin, de le boire et de l\u2019appr\u00e9cier, d\u2019en recommander ou non la consommation. Les \u00e9tudes r\u00e9unies dans ce volume s\u2019int\u00e9ressent \u00e0 un moment pr\u00e9cis de l\u2019histoire des savoirs sur le vin, la Renaissance, en essayant d\u2019en saisir la sp\u00e9cificit\u00e9, ainsi que de mettre en lumi\u00e8re les divers aspects de ces savoirs sur le vin qui sont \u00e0 la fois agronomiques, m\u00e9dicaux, di\u00e9t\u00e9tiques, linguistiques et litt\u00e9raire, branches vari\u00e9es d\u2019un savoir complexe qui entretiennent entre elles des liens \u00e9troits.<\/p>\n<div class=\"entry-content\">\n<p>Cette recension a \u00e9t\u00e9 publi\u00e9e dans le<a href=\"https:\/\/www.semen-l.org\/?p=1997\">\u00a0Bulletin de liaison n\u00b019 (2021) de la SEMEN-L<\/a> (p. 71).<\/p>\n<\/div>\n","protected":false},"excerpt":{"rendered":"<p>Giacomotto-Charra Violaine, Vons Jacqueline (dir.), De la treille au po\u00e8me. Culture(s) et usages de la vigne et du vin \u00e0 la Renaissance, Pessac, Presses de la MSHA, 2020, 300 p. C&rsquo;est une \u00e9vidence que d\u2019affirmer qu\u2019il existe une culture du &hellip; <a href=\"https:\/\/www.semen-l.org\/?p=3109\">Continuer la lecture <span class=\"meta-nav\">&rarr;<\/span><\/a><\/p>\n","protected":false},"author":26,"featured_media":0,"comment_status":"open","ping_status":"open","sticky":false,"template":"","format":"standard","meta":{"footnotes":""},"categories":[1825],"tags":[199,1943,23,27,1549],"class_list":["post-3109","post","type-post","status-publish","format-standard","hentry","category-recensions","tag-agronomie","tag-dietetique","tag-medecine","tag-science","tag-vin"],"yoast_head":"<!-- This site is optimized with the Yoast SEO plugin v27.5 - https:\/\/yoast.com\/product\/yoast-seo-wordpress\/ -->\n<title>Giacomotto-Charra Violaine, Vons Jacqueline (dir.), De la treille au po\u00e8me. Culture(s) et usages de la vigne et du vin \u00e0 la Renaissance, Pessac, Presses de la MSHA, 2020 - Soci\u00e9t\u00e9 d&#039;\u00c9tudes M\u00e9dio Et N\u00e9o-Latines<\/title>\n<meta name=\"robots\" content=\"index, follow, max-snippet:-1, max-image-preview:large, max-video-preview:-1\" \/>\n<link rel=\"canonical\" href=\"http:\/\/www.semen-l.org\/?p=3109\" \/>\n<meta property=\"og:locale\" content=\"fr_FR\" \/>\n<meta property=\"og:type\" content=\"article\" \/>\n<meta property=\"og:title\" content=\"Giacomotto-Charra Violaine, Vons Jacqueline (dir.), De la treille au po\u00e8me. Culture(s) et usages de la vigne et du vin \u00e0 la Renaissance, Pessac, Presses de la MSHA, 2020 - Soci\u00e9t\u00e9 d&#039;\u00c9tudes M\u00e9dio Et N\u00e9o-Latines\" \/>\n<meta property=\"og:description\" content=\"Giacomotto-Charra Violaine, Vons Jacqueline (dir.), De la treille au po\u00e8me. Culture(s) et usages de la vigne et du vin \u00e0 la Renaissance, Pessac, Presses de la MSHA, 2020, 300 p. C&rsquo;est une \u00e9vidence que d\u2019affirmer qu\u2019il existe une culture du &hellip; Continuer la lecture &rarr;\" \/>\n<meta property=\"og:url\" content=\"http:\/\/www.semen-l.org\/?p=3109\" \/>\n<meta property=\"og:site_name\" content=\"Soci\u00e9t\u00e9 d&#039;\u00c9tudes M\u00e9dio Et N\u00e9o-Latines\" \/>\n<meta property=\"article:publisher\" content=\"https:\/\/www.facebook.com\/SEMENL2018\" \/>\n<meta property=\"article:published_time\" content=\"2021-12-10T12:35:42+00:00\" \/>\n<meta property=\"article:modified_time\" content=\"2024-02-10T12:37:38+00:00\" \/>\n<meta name=\"author\" content=\"Julien Maudoux\" \/>\n<meta name=\"twitter:card\" content=\"summary_large_image\" \/>\n<meta name=\"twitter:label1\" content=\"\u00c9crit par\" \/>\n\t<meta name=\"twitter:data1\" content=\"Julien Maudoux\" \/>\n\t<meta name=\"twitter:label2\" content=\"Dur\u00e9e de lecture estim\u00e9e\" \/>\n\t<meta name=\"twitter:data2\" content=\"2 minutes\" \/>\n<script type=\"application\/ld+json\" class=\"yoast-schema-graph\">{\"@context\":\"https:\\\/\\\/schema.org\",\"@graph\":[{\"@type\":\"Article\",\"@id\":\"http:\\\/\\\/www.semen-l.org\\\/?p=3109#article\",\"isPartOf\":{\"@id\":\"http:\\\/\\\/www.semen-l.org\\\/?p=3109\"},\"author\":{\"name\":\"Julien Maudoux\",\"@id\":\"http:\\\/\\\/www.semen-l.org\\\/#\\\/schema\\\/person\\\/ef5208815f17666727763c5363a51344\"},\"headline\":\"Giacomotto-Charra Violaine, Vons Jacqueline (dir.), De la treille au po\u00e8me. Culture(s) et usages de la vigne et du vin \u00e0 la Renaissance, Pessac, Presses de la MSHA, 2020\",\"datePublished\":\"2021-12-10T12:35:42+00:00\",\"dateModified\":\"2024-02-10T12:37:38+00:00\",\"mainEntityOfPage\":{\"@id\":\"http:\\\/\\\/www.semen-l.org\\\/?p=3109\"},\"wordCount\":299,\"commentCount\":0,\"publisher\":{\"@id\":\"http:\\\/\\\/www.semen-l.org\\\/#organization\"},\"keywords\":[\"agronomie\",\"di\u00e9t\u00e9tique\",\"m\u00e9decine\",\"science\",\"vin\"],\"articleSection\":[\"Recensions\"],\"inLanguage\":\"fr-FR\",\"potentialAction\":[{\"@type\":\"CommentAction\",\"name\":\"Comment\",\"target\":[\"http:\\\/\\\/www.semen-l.org\\\/?p=3109#respond\"]}]},{\"@type\":\"WebPage\",\"@id\":\"http:\\\/\\\/www.semen-l.org\\\/?p=3109\",\"url\":\"http:\\\/\\\/www.semen-l.org\\\/?p=3109\",\"name\":\"Giacomotto-Charra Violaine, Vons Jacqueline (dir.), De la treille au po\u00e8me. Culture(s) et usages de la vigne et du vin \u00e0 la Renaissance, Pessac, Presses de la MSHA, 2020 - Soci\u00e9t\u00e9 d&#039;\u00c9tudes M\u00e9dio Et N\u00e9o-Latines\",\"isPartOf\":{\"@id\":\"http:\\\/\\\/www.semen-l.org\\\/#website\"},\"datePublished\":\"2021-12-10T12:35:42+00:00\",\"dateModified\":\"2024-02-10T12:37:38+00:00\",\"breadcrumb\":{\"@id\":\"http:\\\/\\\/www.semen-l.org\\\/?p=3109#breadcrumb\"},\"inLanguage\":\"fr-FR\",\"potentialAction\":[{\"@type\":\"ReadAction\",\"target\":[\"http:\\\/\\\/www.semen-l.org\\\/?p=3109\"]}]},{\"@type\":\"BreadcrumbList\",\"@id\":\"http:\\\/\\\/www.semen-l.org\\\/?p=3109#breadcrumb\",\"itemListElement\":[{\"@type\":\"ListItem\",\"position\":1,\"name\":\"Accueil\",\"item\":\"http:\\\/\\\/www.semen-l.org\\\/\"},{\"@type\":\"ListItem\",\"position\":2,\"name\":\"Giacomotto-Charra Violaine, Vons Jacqueline (dir.), De la treille au po\u00e8me. Culture(s) et usages de la vigne et du vin \u00e0 la Renaissance, Pessac, Presses de la MSHA, 2020\"}]},{\"@type\":\"WebSite\",\"@id\":\"http:\\\/\\\/www.semen-l.org\\\/#website\",\"url\":\"http:\\\/\\\/www.semen-l.org\\\/\",\"name\":\"Soci\u00e9t\u00e9 d'\u00c9tudes M\u00e9dio Et N\u00e9o-Latines\",\"description\":\"\",\"publisher\":{\"@id\":\"http:\\\/\\\/www.semen-l.org\\\/#organization\"},\"potentialAction\":[{\"@type\":\"SearchAction\",\"target\":{\"@type\":\"EntryPoint\",\"urlTemplate\":\"http:\\\/\\\/www.semen-l.org\\\/?s={search_term_string}\"},\"query-input\":{\"@type\":\"PropertyValueSpecification\",\"valueRequired\":true,\"valueName\":\"search_term_string\"}}],\"inLanguage\":\"fr-FR\"},{\"@type\":\"Organization\",\"@id\":\"http:\\\/\\\/www.semen-l.org\\\/#organization\",\"name\":\"Soci\u00e9t\u00e9 d'\u00e9tudes m\u00e9dio et n\u00e9o-latines\",\"url\":\"http:\\\/\\\/www.semen-l.org\\\/\",\"logo\":{\"@type\":\"ImageObject\",\"inLanguage\":\"fr-FR\",\"@id\":\"http:\\\/\\\/www.semen-l.org\\\/#\\\/schema\\\/logo\\\/image\\\/\",\"url\":\"http:\\\/\\\/www.semen-l.org\\\/wp-content\\\/uploads\\\/2020\\\/11\\\/logo-semenl.jpg\",\"contentUrl\":\"http:\\\/\\\/www.semen-l.org\\\/wp-content\\\/uploads\\\/2020\\\/11\\\/logo-semenl.jpg\",\"width\":408,\"height\":403,\"caption\":\"Soci\u00e9t\u00e9 d'\u00e9tudes m\u00e9dio et n\u00e9o-latines\"},\"image\":{\"@id\":\"http:\\\/\\\/www.semen-l.org\\\/#\\\/schema\\\/logo\\\/image\\\/\"},\"sameAs\":[\"https:\\\/\\\/www.facebook.com\\\/SEMENL2018\",\"https:\\\/\\\/independent.academia.edu\\\/SocitsdtudesmdioetnolatinesSEMENL\"]},{\"@type\":\"Person\",\"@id\":\"http:\\\/\\\/www.semen-l.org\\\/#\\\/schema\\\/person\\\/ef5208815f17666727763c5363a51344\",\"name\":\"Julien Maudoux\",\"image\":{\"@type\":\"ImageObject\",\"inLanguage\":\"fr-FR\",\"@id\":\"https:\\\/\\\/secure.gravatar.com\\\/avatar\\\/caabf4fb6242e2277733cd35a5c2aa083761ea25dae1d1ff3298b54292225292?s=96&d=mm&r=g\",\"url\":\"https:\\\/\\\/secure.gravatar.com\\\/avatar\\\/caabf4fb6242e2277733cd35a5c2aa083761ea25dae1d1ff3298b54292225292?s=96&d=mm&r=g\",\"contentUrl\":\"https:\\\/\\\/secure.gravatar.com\\\/avatar\\\/caabf4fb6242e2277733cd35a5c2aa083761ea25dae1d1ff3298b54292225292?s=96&d=mm&r=g\",\"caption\":\"Julien Maudoux\"},\"description\":\"Webmestre du site de la SEMEN-L\",\"url\":\"https:\\\/\\\/www.semen-l.org\\\/?author=26\"}]}<\/script>\n<!-- \/ Yoast SEO plugin. -->","yoast_head_json":{"title":"Giacomotto-Charra Violaine, Vons Jacqueline (dir.), De la treille au po\u00e8me. Culture(s) et usages de la vigne et du vin \u00e0 la Renaissance, Pessac, Presses de la MSHA, 2020 - Soci\u00e9t\u00e9 d&#039;\u00c9tudes M\u00e9dio Et N\u00e9o-Latines","robots":{"index":"index","follow":"follow","max-snippet":"max-snippet:-1","max-image-preview":"max-image-preview:large","max-video-preview":"max-video-preview:-1"},"canonical":"http:\/\/www.semen-l.org\/?p=3109","og_locale":"fr_FR","og_type":"article","og_title":"Giacomotto-Charra Violaine, Vons Jacqueline (dir.), De la treille au po\u00e8me. Culture(s) et usages de la vigne et du vin \u00e0 la Renaissance, Pessac, Presses de la MSHA, 2020 - Soci\u00e9t\u00e9 d&#039;\u00c9tudes M\u00e9dio Et N\u00e9o-Latines","og_description":"Giacomotto-Charra Violaine, Vons Jacqueline (dir.), De la treille au po\u00e8me. Culture(s) et usages de la vigne et du vin \u00e0 la Renaissance, Pessac, Presses de la MSHA, 2020, 300 p. C&rsquo;est une \u00e9vidence que d\u2019affirmer qu\u2019il existe une culture du &hellip; Continuer la lecture &rarr;","og_url":"http:\/\/www.semen-l.org\/?p=3109","og_site_name":"Soci\u00e9t\u00e9 d&#039;\u00c9tudes M\u00e9dio Et N\u00e9o-Latines","article_publisher":"https:\/\/www.facebook.com\/SEMENL2018","article_published_time":"2021-12-10T12:35:42+00:00","article_modified_time":"2024-02-10T12:37:38+00:00","author":"Julien Maudoux","twitter_card":"summary_large_image","twitter_misc":{"\u00c9crit par":"Julien Maudoux","Dur\u00e9e de lecture estim\u00e9e":"2 minutes"},"schema":{"@context":"https:\/\/schema.org","@graph":[{"@type":"Article","@id":"http:\/\/www.semen-l.org\/?p=3109#article","isPartOf":{"@id":"http:\/\/www.semen-l.org\/?p=3109"},"author":{"name":"Julien Maudoux","@id":"http:\/\/www.semen-l.org\/#\/schema\/person\/ef5208815f17666727763c5363a51344"},"headline":"Giacomotto-Charra Violaine, Vons Jacqueline (dir.), De la treille au po\u00e8me. Culture(s) et usages de la vigne et du vin \u00e0 la Renaissance, Pessac, Presses de la MSHA, 2020","datePublished":"2021-12-10T12:35:42+00:00","dateModified":"2024-02-10T12:37:38+00:00","mainEntityOfPage":{"@id":"http:\/\/www.semen-l.org\/?p=3109"},"wordCount":299,"commentCount":0,"publisher":{"@id":"http:\/\/www.semen-l.org\/#organization"},"keywords":["agronomie","di\u00e9t\u00e9tique","m\u00e9decine","science","vin"],"articleSection":["Recensions"],"inLanguage":"fr-FR","potentialAction":[{"@type":"CommentAction","name":"Comment","target":["http:\/\/www.semen-l.org\/?p=3109#respond"]}]},{"@type":"WebPage","@id":"http:\/\/www.semen-l.org\/?p=3109","url":"http:\/\/www.semen-l.org\/?p=3109","name":"Giacomotto-Charra Violaine, Vons Jacqueline (dir.), De la treille au po\u00e8me. Culture(s) et usages de la vigne et du vin \u00e0 la Renaissance, Pessac, Presses de la MSHA, 2020 - Soci\u00e9t\u00e9 d&#039;\u00c9tudes M\u00e9dio Et N\u00e9o-Latines","isPartOf":{"@id":"http:\/\/www.semen-l.org\/#website"},"datePublished":"2021-12-10T12:35:42+00:00","dateModified":"2024-02-10T12:37:38+00:00","breadcrumb":{"@id":"http:\/\/www.semen-l.org\/?p=3109#breadcrumb"},"inLanguage":"fr-FR","potentialAction":[{"@type":"ReadAction","target":["http:\/\/www.semen-l.org\/?p=3109"]}]},{"@type":"BreadcrumbList","@id":"http:\/\/www.semen-l.org\/?p=3109#breadcrumb","itemListElement":[{"@type":"ListItem","position":1,"name":"Accueil","item":"http:\/\/www.semen-l.org\/"},{"@type":"ListItem","position":2,"name":"Giacomotto-Charra Violaine, Vons Jacqueline (dir.), De la treille au po\u00e8me. Culture(s) et usages de la vigne et du vin \u00e0 la Renaissance, Pessac, Presses de la MSHA, 2020"}]},{"@type":"WebSite","@id":"http:\/\/www.semen-l.org\/#website","url":"http:\/\/www.semen-l.org\/","name":"Soci\u00e9t\u00e9 d'\u00c9tudes M\u00e9dio Et N\u00e9o-Latines","description":"","publisher":{"@id":"http:\/\/www.semen-l.org\/#organization"},"potentialAction":[{"@type":"SearchAction","target":{"@type":"EntryPoint","urlTemplate":"http:\/\/www.semen-l.org\/?s={search_term_string}"},"query-input":{"@type":"PropertyValueSpecification","valueRequired":true,"valueName":"search_term_string"}}],"inLanguage":"fr-FR"},{"@type":"Organization","@id":"http:\/\/www.semen-l.org\/#organization","name":"Soci\u00e9t\u00e9 d'\u00e9tudes m\u00e9dio et n\u00e9o-latines","url":"http:\/\/www.semen-l.org\/","logo":{"@type":"ImageObject","inLanguage":"fr-FR","@id":"http:\/\/www.semen-l.org\/#\/schema\/logo\/image\/","url":"http:\/\/www.semen-l.org\/wp-content\/uploads\/2020\/11\/logo-semenl.jpg","contentUrl":"http:\/\/www.semen-l.org\/wp-content\/uploads\/2020\/11\/logo-semenl.jpg","width":408,"height":403,"caption":"Soci\u00e9t\u00e9 d'\u00e9tudes m\u00e9dio et n\u00e9o-latines"},"image":{"@id":"http:\/\/www.semen-l.org\/#\/schema\/logo\/image\/"},"sameAs":["https:\/\/www.facebook.com\/SEMENL2018","https:\/\/independent.academia.edu\/SocitsdtudesmdioetnolatinesSEMENL"]},{"@type":"Person","@id":"http:\/\/www.semen-l.org\/#\/schema\/person\/ef5208815f17666727763c5363a51344","name":"Julien Maudoux","image":{"@type":"ImageObject","inLanguage":"fr-FR","@id":"https:\/\/secure.gravatar.com\/avatar\/caabf4fb6242e2277733cd35a5c2aa083761ea25dae1d1ff3298b54292225292?s=96&d=mm&r=g","url":"https:\/\/secure.gravatar.com\/avatar\/caabf4fb6242e2277733cd35a5c2aa083761ea25dae1d1ff3298b54292225292?s=96&d=mm&r=g","contentUrl":"https:\/\/secure.gravatar.com\/avatar\/caabf4fb6242e2277733cd35a5c2aa083761ea25dae1d1ff3298b54292225292?s=96&d=mm&r=g","caption":"Julien Maudoux"},"description":"Webmestre du site de la SEMEN-L","url":"https:\/\/www.semen-l.org\/?author=26"}]}},"jetpack_featured_media_url":"","_links":{"self":[{"href":"https:\/\/www.semen-l.org\/index.php?rest_route=\/wp\/v2\/posts\/3109","targetHints":{"allow":["GET"]}}],"collection":[{"href":"https:\/\/www.semen-l.org\/index.php?rest_route=\/wp\/v2\/posts"}],"about":[{"href":"https:\/\/www.semen-l.org\/index.php?rest_route=\/wp\/v2\/types\/post"}],"author":[{"embeddable":true,"href":"https:\/\/www.semen-l.org\/index.php?rest_route=\/wp\/v2\/users\/26"}],"replies":[{"embeddable":true,"href":"https:\/\/www.semen-l.org\/index.php?rest_route=%2Fwp%2Fv2%2Fcomments&post=3109"}],"version-history":[{"count":0,"href":"https:\/\/www.semen-l.org\/index.php?rest_route=\/wp\/v2\/posts\/3109\/revisions"}],"wp:attachment":[{"href":"https:\/\/www.semen-l.org\/index.php?rest_route=%2Fwp%2Fv2%2Fmedia&parent=3109"}],"wp:term":[{"taxonomy":"category","embeddable":true,"href":"https:\/\/www.semen-l.org\/index.php?rest_route=%2Fwp%2Fv2%2Fcategories&post=3109"},{"taxonomy":"post_tag","embeddable":true,"href":"https:\/\/www.semen-l.org\/index.php?rest_route=%2Fwp%2Fv2%2Ftags&post=3109"}],"curies":[{"name":"wp","href":"https:\/\/api.w.org\/{rel}","templated":true}]}}