{"id":3084,"date":"2024-02-10T08:54:09","date_gmt":"2024-02-10T08:54:09","guid":{"rendered":"https:\/\/www.semen-l.org\/?p=3084"},"modified":"2024-02-15T22:16:47","modified_gmt":"2024-02-15T22:16:47","slug":"latin-du-moyen-age-latin-de-lepoque-moderne-et-enseignement-viie-congres-de-la-societe-detudes-medio-et-neo-latines-toulouse","status":"publish","type":"post","link":"https:\/\/www.semen-l.org\/?p=3084","title":{"rendered":"Latin du Moyen \u00c2ge, latin de l\u2019\u00e9poque moderne et enseignement (VIIe Congr\u00e8s de la Soci\u00e9t\u00e9 d\u2019\u00c9tudes M\u00e9dio et N\u00e9o-Latines, Toulouse)"},"content":{"rendered":"<p>Notre VIIe congr\u00e8s va avoir lieu \u00e0 Toulouse du mercredi 13 au samedi 16 mars 2024.<\/p>\n<blockquote><p>L\u2019objet du congr\u00e8s est d\u2019interroger les liens \u00e9troits que les corpus latins du Moyen \u00c2ge et de l\u2019\u00e9poque moderne entretiennent avec l\u2019enseignement. En effet, de nombreuses \u0153uvres latines, apr\u00e8s l\u2019Antiquit\u00e9, sont n\u00e9es dans un contexte de transmission de la culture lettr\u00e9e. Certaines concernent directement des activit\u00e9s d\u2019enseignants : la transmission de la langue latine ou grecque, la lecture et le commentaire des \u0153uvres classiques, l\u2019\u00e9laboration d\u2019\u0153uvres didactiques destin\u00e9es \u00e0 former de jeunes esprits, notamment par la grammaire et par la rh\u00e9torique. D\u2019autres portent la marque de cette culture scolaire ou universitaire, tout en explorant des voies plus autonomes, voire en s\u2019en d\u00e9marquant ouvertement, par l\u2019humour ou la parodie.<\/p>\n<p>&nbsp;<\/p>\n<p>Les diff\u00e9rentes sessions du congr\u00e8s aborderont ainsi l\u2019enseignement du latin et du grec, de l\u2019an 1000 au XVIe si\u00e8cle, les pratiques de professeurs-auteurs, la place privil\u00e9gi\u00e9e du th\u00e9\u00e2tre en latin comme moyen d\u2019enseignement, des trait\u00e9s et questions p\u00e9dagogiques, comme l\u2019\u00e9ducation des femmes. Elles exploreront aussi le cas fr\u00e9quent d\u2019\u0153uvres \u00ab mixtes \u00bb, o\u00f9 se m\u00ealent fins p\u00e9dagogiques et ambitions litt\u00e9raires.<\/p><\/blockquote>\n<p><strong>Programme :<\/strong><\/p>\n<a href=\"https:\/\/www.semen-l.org\/wp-content\/uploads\/2024\/02\/Programme-7e-congres-SEMEN-L.pdf\" class=\"pdfemb-viewer\" style=\"\" data-width=\"max\" data-height=\"max\" data-toolbar=\"both\" data-toolbar-fixed=\"off\">Programme 7e congr\u00e8s SEMEN-L<\/a>\n<p><a href=\"http:\/\/www.semen-l.org\/wp-content\/uploads\/2024\/02\/Programme-7e-congres-SEMEN-L.pdf\">Cliquez ici pour t\u00e9l\u00e9charger le programme.<\/a><\/p>\n<p><a href=\"https:\/\/www.semen-l.org\/wp-content\/uploads\/2024\/02\/affiche-officielle-congresVII.jpg\"><img fetchpriority=\"high\" decoding=\"async\" class=\"aligncenter wp-image-3052 size-medium\" src=\"http:\/\/www.semen-l.org\/wp-content\/uploads\/2024\/02\/affiche-officielle-congresVII-212x300.jpg\" alt=\"\" width=\"212\" height=\"300\" srcset=\"https:\/\/www.semen-l.org\/wp-content\/uploads\/2024\/02\/affiche-officielle-congresVII-212x300.jpg 212w, https:\/\/www.semen-l.org\/wp-content\/uploads\/2024\/02\/affiche-officielle-congresVII-141x200.jpg 141w, https:\/\/www.semen-l.org\/wp-content\/uploads\/2024\/02\/affiche-officielle-congresVII.jpg 557w\" sizes=\"(max-width: 212px) 100vw, 212px\" \/><\/a><\/p>\n<p><strong>Programme en version texte<\/strong><\/p>\n<p><strong>Mercredi 13 mars 2024, Universit\u00e9 Toulouse \u2013 Jean Jaur\u00e8s<\/strong><\/p>\n<p>13h45 \u00a0 Accueil<\/p>\n<p>14h00 \u00a0Ouverture du congr\u00e8s<\/p>\n<p><strong>Session 1\u00a0: Enseigner le latin et le grec, de l\u2019an 1000 au xvie si\u00e8cle<\/strong><\/p>\n<p>14h30 \u00a0 Jean-Yves Tilliette (Universit\u00e9 de Gen\u00e8ve)\u00a0: \u00ab\u00a0Une salle de classe dans l\u2019Angleterre des environs de l\u2019An mil\u00a0: les <em>Colloques<\/em> d\u2019Aelfric Bata\u00a0\u00bb<\/p>\n<p>14h55 C\u00e9line Robert (Universit\u00e9 de Caen Normandie, craham)\u00a0: \u00ab\u00a0L\u2019\u00e9p\u00eetre V de Raoul Tortaire (xie-xiie si\u00e8cle), un t\u00e9moignage sur l\u2019enseignement et sur la relation entre ma\u00eetre et disciple au Moyen \u00c2ge\u00a0\u00bb<\/p>\n<p>15h20 Discussion \u2013 Caf\u00e9<\/p>\n<p>16h15 Kevin Bovier (Universit\u00e9 de Fribourg)\u00a0: \u00ab\u00a0<em>Latina apud omnes inoleuit\u00a0<\/em>: latin et enseignement dans la Suisse du xvie si\u00e8cle\u00a0\u00bb<\/p>\n<p>16h40 Federica Rossetti (Ludwig Boltzmann Institute for Neo-Latin Studies)\u00a0: \u00ab\u00a0Celio Secondo Curione. L\u2019\u00e9ducation des jeunes et l\u2019enseignement du Latin au temps de la R\u00e9forme\u00a0\u00bb<\/p>\n<p>17h05 Alexia Dedieu (Universit\u00e9 Grenoble Alpes, Litt&amp;Arts)\u00a0: \u00ab\u00a0Les travaux p\u00e9dagogiques de Michael Neander\u00a0: l\u2019utilisation des auteurs anciens par la \u2018Schola Neandrina\u2019\u00a0\u00bb<\/p>\n<p>17h30 Discussion.<\/p>\n<p>\u2014<\/p>\n<p><strong>Jeudi 14 mars 2024, Universit\u00e9 Toulouse \u2013 Jean Jaur\u00e8s<\/strong><\/p>\n<p><strong>Session 2\u00a0: Corpus et arri\u00e8re-plan p\u00e9dagogique\u00a0: questionnements<\/strong><\/p>\n<p>9h30 Astrid Quillien (Universit\u00e9 Sorbonne Nouvelle, firl)\u00a0: \u00ab\u00a0Denis Lambin p\u00e9dagogue dans ses \u00e9ditions d\u2019auteurs anciens, ses traductions et ses <em>orationes\u00a0<\/em>\u00bb<\/p>\n<p>9h55 Lor\u00e8ne Bellanger (Sorbonne Universit\u00e9)\u00a0: \u00ab\u00a0Les <em>Carmina<\/em> de Jean Commire (1678), un recueil n\u00e9o-latin scolaire\u00a0?\u00a0\u00bb<\/p>\n<p>10h20 Discussion \u2013 Caf\u00e9<\/p>\n<p>11h15 Martine Furno (Ens Lyon, ihrim) et Christiane Deloince-Louette (Universit\u00e9 Grenoble Alpes, Litt &amp; Arts)\u00a0: \u00ab\u00a0<em>Methodo &#8230; accinctus<\/em>, ou comment \u00e9claircir les t\u00e9n\u00e9brosit\u00e9s d\u2019une \u00e9pigramme\u00a0\u00bb<\/p>\n<p>11h40 Discussion<\/p>\n<p>13h-13h45<\/p>\n<p><strong>\u00ab\u00a0Ludus\u00a0! Quand l\u2019\u00e9cole \u00e9tait un jeu\u00a0\u00bb<\/strong><\/p>\n<p>Lecture-spectacle de textes des xve-xviiie si\u00e8cle en traduction fran\u00e7aise par des \u00e9tudiants de l\u2019Universit\u00e9 Toulouse \u2013 Jean Jaur\u00e8s sous la direction de Ph. Chom\u00e9ty, M. Ferrand et A.-H. Klinger-Doll\u00e9<\/p>\n<p>Gratuit et ouvert \u00e0 tous.<\/p>\n<p><strong>Session 3\u00a0: Pratiques de professeurs et pratiques institutionnelles<\/strong><\/p>\n<p>14h30 Marie-Agn\u00e8s Lucas-Avenel (Universit\u00e9 de Caen Normandie, craham)\u00a0: \u00ab\u00a0Les satires de Garnier de Rouen contre des ma\u00eetres de grammaire et de musique (d\u00e9but du xie si\u00e8cle)\u00a0\u00bb<\/p>\n<p>14h55 Thomas Penguilly (Acad\u00e9mie de Normandie)\u00a0: \u00ab\u00a0Rh\u00e9torique, po\u00e9sie et enseignement dans l\u2019\u0153uvre d\u2019Andr\u00e9 Alciat\u00a0\u00bb<\/p>\n<p>15h20 Marie Jeannot-Tirole (Universit\u00e9 de Strasbourg, ilbr)\u00a0: \u00ab\u00a0Sapidus dans la <em>Sylua epistolaris seu Barba<\/em>. La r\u00e9surgence du p\u00e9dagogue derri\u00e8re le po\u00e8te\u00a0\u00bb<\/p>\n<p>15h45 Discussion \u2013 Caf\u00e9<\/p>\n<p>16h40 David Amherdt (Universit\u00e9 de Fribourg)\u00a0: \u00ab\u00a0L\u2019enseignement dans la biographie et l\u2019autobiographie \u00e0 Zurich au xvie si\u00e8cle\u00a0\u00bb<\/p>\n<p>17h05 Hannelore Pierre (Universit\u00e9 Bordeaux Montaigne, ausonius, Centre Montaigne)\u00a0: \u00ab\u00a0\u00c9diter un po\u00e8te-professeur\u00a0: quelques indices de pratiques p\u00e9dagogiques au coll\u00e8ge de Guyenne d\u2019apr\u00e8s l\u2019\u00e9dition comment\u00e9e d\u2019Ausone par \u00c9lie Vinet (1580)\u00a0\u00bb<\/p>\n<p>17h30 Anne Bouscharain (Universit\u00e9 Bordeaux Montaigne, ur 24142 Plurielles \u2013 Centre Montaigne)\u00a0: \u00ab\u00a0Les math\u00e9matiques au coll\u00e8ge de Guyenne \u00e0 travers l\u2019exemple d\u2019\u00c9lie Vinet (<em>Ex mathematico Pselli breuiario<\/em>, 1554 et <em>Logistica<\/em>, 1573)\u00a0\u00bb<\/p>\n<p>17h55 Discussion<\/p>\n<p>\u2014<\/p>\n<p><strong>Vendredi 15 mars 2024, Universit\u00e9 Toulouse \u2013 Jean Jaur\u00e8s<\/strong><\/p>\n<p><strong>Session 4\u00a0: Th\u00e9\u00e2tre n\u00e9o-latin et enseignement<\/strong><\/p>\n<p>9h00 Carine Ferradou (Aix-Marseille Universit\u00e9, caer)\u00a0: \u00ab\u00a0Pr\u00e9sences de Plaute dans la trag\u00e9die sacr\u00e9e<em> Iephthes siue Votum<\/em> de George Buchanan\u00a0: \u00e0 la crois\u00e9e des enjeux p\u00e9dagogiques et litt\u00e9raires\u00a0\u00bb<\/p>\n<p>9h25 Th\u00e9o Gibert (Universit\u00e9 Jean Moulin Lyon 3, ihrim)\u00a0: \u00ab\u00a0Le style de Nicolas Caussin dans les <em>Tragoediae Sacrae<\/em> (1620)\u00a0\u00bb<\/p>\n<p>9h50 Discussion \u2013 Caf\u00e9<\/p>\n<p>10h45 Mathieu Ferrand (Universit\u00e9 Grenoble Alpes, Litt&amp;Arts)\u00a0: \u00ab\u00a0Voyage au \u2018Pays latin\u2019\u00a0: le choix de la langue dans les spectacles des coll\u00e8ges parisiens d\u2019Ancien r\u00e9gime (xvii-xviiie si\u00e8cles)\u00a0\u00bb<\/p>\n<p>11h10 Laure Hermand-Schebat (Universit\u00e9 Jean Moulin Lyon 3) et Pascale Par\u00e9-Rey (Universit\u00e9 Jean Moulin Lyon 3, hisoma)\u00a0: \u00ab\u00a0L\u2019argument, outil didactique n\u00e9o-latin, au service de la p\u00e9dagogie aujourd\u2019hui\u00a0\u00bb<\/p>\n<p>11h35 Discussion<\/p>\n<p>12h00 Cl\u00e9ment Bur (Universit\u00e9 Toulouse \u2013 Jean Jaur\u00e8s, plh-erasme)\u00a0: \u00ab\u00a0Pr\u00e9sentation de la revue toulousaine Anabases. Traditions et r\u00e9ceptions de l\u2019Antiquit\u00e9\u00a0\u00bb<\/p>\n<p><strong>Session 5\u00a0: Questions et r\u00e9flexions \u00e9ducatives<\/strong><\/p>\n<p>14h30 S\u00e9verine Cl\u00e9ment-Tarantino (Universit\u00e9 de Lille, hisoma)\u00a0: \u00ab\u00a0Laura Cereta (1469-1499) et l\u2019\u00e9ducation des femmes\u00a0\u00bb<\/p>\n<p>14h55 \u00c9milie S\u00e9ris (Sorbonne Universit\u00e9)\u00a0: \u00ab\u00a0P\u00e9dagogie et psychologie\u00a0: la lettre<em> De ira<\/em> d\u2019Ange Politien\u00a0\u00bb<\/p>\n<p>15h20 Discussion \u2013 Caf\u00e9<\/p>\n<p>16h15 B\u00e9atrice Charlet-Mesdjian (Universit\u00e9 Aix-Marseille, caer)\u00a0: \u00ab\u00a0\u00c9ducateurs et \u00c9ducation chez les Strozzi, p\u00e8re et fils\u00a0\u00bb<\/p>\n<p>16h40 Discussion<\/p>\n<p>\u2014<\/p>\n<p><strong>Samedi 16 mars 2024<\/strong><\/p>\n<p>H\u00f4tel d\u2019Ass\u00e9zat, Acad\u00e9mie des Sciences et Belles Lettres de Toulouse, salle Cl\u00e9mence Isaure, 9h30-11h30<\/p>\n<p>Acc\u00e8s libre<\/p>\n<p>Accueil par l\u2019Acad\u00e9mie des Sciences et Belles Lettres<\/p>\n<p><strong>Table ronde<\/strong><\/p>\n<p>Les textes latins \u00e9crits \u00ab\u00a0apr\u00e8s l\u2019Antiquit\u00e9\u00a0\u00bb\u00a0: quels atouts pour l\u2019enseignement et la recherche actuels en Humanit\u00e9s\u00a0?<\/p>\n<p>Organis\u00e9e par Fran\u00e7ois Ploton-Nicollet (\u00c9cole nationale des Chartes)<\/p>\n<p>Avec la participation de\u00a0:<\/p>\n<p>S\u00e9verine Cl\u00e9ment-Tarantino (Universit\u00e9 de Lille, hisoma)\u00a0: Le cercle de latin vivant en ligne CLIO<\/p>\n<p>Anne-H\u00e9l\u00e8ne Klinger-Doll\u00e9 (Universit\u00e9 Toulouse \u2013 Jean Jaur\u00e8s, plh)\u00a0: Construire un site internet p\u00e9dagogique \u00e0 partir de corpus n\u00e9o-latins\u00a0: <em>Imago<\/em>. Lire du latin illustr\u00e9<\/p>\n<p>Virginie Leroux (\u00c9cole Pratique des Hautes \u00c9tudes)\u00a0: Enseigner la litt\u00e9rature n\u00e9o-latine \u00e0 l\u2019\u00c9cole Pratique des Hautes \u00c9tudes<\/p>\n<p>Marie-Agn\u00e8s Lucas-Avenel (Universit\u00e9 de Caen Normandie, craham)\u00a0: Latin m\u00e9di\u00e9val et Humanit\u00e9s num\u00e9riques<\/p>\n<p>Smaranda Marculescu (ENS Lyon, ihrim)\u00a0: \u00ab\u00a0Neolatinlyon\u00a0\u00bb, une \u00e9cole th\u00e9matique au service du n\u00e9o-latin.<\/p>\n<p><strong>Comit\u00e9 organisateur<\/strong><\/p>\n<p>Philippe Chom\u00e9ty, Universit\u00e9 Toulouse &#8211; Jean Jaur\u00e8s<br \/>\nLucie Claire, Universit\u00e9 Picardie &#8211; Jules Verne \/ Institut universitaire de France<br \/>\nJean-Christophe Courtil, Universit\u00e9 Toulouse &#8211; Jean Jaur\u00e8s \/ Institut universitaire de France<br \/>\nMathieu Ferrand, Universit\u00e9 Grenoble &#8211; Alpes<br \/>\nAnne-H\u00e9l\u00e8ne Klinger-Doll\u00e9, Universit\u00e9 Toulouse &#8211; Jean Jaur\u00e8s \/ Institut universitaire de France<br \/>\nAlice Lamy, Classes pr\u00e9paratoires, Lyc\u00e9e Montesquieu du Mans<br \/>\nFran\u00e7ois Ploton-Nicollet, \u00c9cole nationale des Chartes<\/p>\n<p><strong>Archives<\/strong><\/p>\n<p>Pour consulter l&rsquo;appel \u00e0 communication du congr\u00e8s : https:\/\/www.semen-l.org\/?p=2638<\/p>\n","protected":false},"excerpt":{"rendered":"<p>Notre VIIe congr\u00e8s va avoir lieu \u00e0 Toulouse du mercredi 13 au samedi 16 mars 2024. L\u2019objet du congr\u00e8s est d\u2019interroger les liens \u00e9troits que les corpus latins du Moyen \u00c2ge et de l\u2019\u00e9poque moderne entretiennent avec l\u2019enseignement. En effet, &hellip; <a href=\"https:\/\/www.semen-l.org\/?p=3084\">Continuer la lecture <span class=\"meta-nav\">&rarr;<\/span><\/a><\/p>\n","protected":false},"author":26,"featured_media":3052,"comment_status":"open","ping_status":"open","sticky":false,"template":"","format":"standard","meta":{"footnotes":""},"categories":[11],"tags":[1912,73,96,343,1916,1586,133,1769,1922,1828,1714,1924,1928,1768,1390,491,1925,1394,1207,1167,68,1919,691,1915,338,1921,160,51,1927,1920,1918,889,1914,1208,26,30,1440,1926,1754,1913,43,1784,183,202,781,782,1579,1785,1508,114,1923,1750,1917],"class_list":["post-3084","post","type-post","status-publish","format-standard","has-post-thumbnail","hentry","category-congres","tag-aelfric-bata","tag-andre-alciat","tag-argument","tag-ausone","tag-autobiographie","tag-biographie","tag-george-buchanan","tag-carmina-commire","tag-caussin-nicolas","tag-cereta-laura","tag-college-de-guyenne","tag-college-parisien","tag-colloquies-aelfric-bata","tag-commire-jean","tag-corpus","tag-curione-celio-secondo","tag-de-ira-politien","tag-discours","tag-education","tag-enseignement","tag-epigramme","tag-ex-mathematico-pselli-breuiario-vinet","tag-femmes","tag-garnier-de-rouen","tag-grammaire","tag-iephthes-siue-votum","tag-illustration","tag-denis-lambin","tag-latin-vivant","tag-logistica-vinet","tag-mathematiques","tag-musique","tag-neander-michael","tag-pedagogie","tag-poesie","tag-ange-politien","tag-protestantisme","tag-psychologie","tag-raoul-tortaire","tag-reforme","tag-rhetorique","tag-sapidus-johann","tag-satire","tag-spectacle","tag-strozzi-ercole","tag-strozzi-tito-vespasiano","tag-suisse","tag-sylua-epistolaris-seu-barba","tag-tradition","tag-tragedie","tag-tragoediae-sacrae-caussin","tag-vinet-elie","tag-zurich"],"yoast_head":"<!-- This site is optimized with the Yoast SEO plugin v27.4 - https:\/\/yoast.com\/product\/yoast-seo-wordpress\/ -->\n<title>VIIe Congr\u00e8s (2024) de la Soci\u00e9t\u00e9 d&#039;\u00c9tudes M\u00e9dio et N\u00e9o-latines<\/title>\n<meta name=\"description\" content=\"Congr\u00e8s visant \u00e0 interroger les liens que les corpus latins du Moyen \u00c2ge et de l\u2019\u00e9poque moderne entretiennent avec l\u2019enseignement.\" \/>\n<meta name=\"robots\" content=\"index, follow, max-snippet:-1, max-image-preview:large, max-video-preview:-1\" \/>\n<link rel=\"canonical\" href=\"http:\/\/www.semen-l.org\/?p=3084\" \/>\n<meta property=\"og:locale\" content=\"fr_FR\" \/>\n<meta property=\"og:type\" content=\"article\" \/>\n<meta property=\"og:title\" content=\"VIIe Congr\u00e8s (2024) de la Soci\u00e9t\u00e9 d&#039;\u00c9tudes M\u00e9dio et N\u00e9o-latines\" \/>\n<meta property=\"og:description\" content=\"Congr\u00e8s visant \u00e0 interroger les liens que les corpus latins du Moyen \u00c2ge et de l\u2019\u00e9poque moderne entretiennent avec l\u2019enseignement.\" \/>\n<meta property=\"og:url\" content=\"http:\/\/www.semen-l.org\/?p=3084\" \/>\n<meta property=\"og:site_name\" content=\"Soci\u00e9t\u00e9 d&#039;\u00c9tudes M\u00e9dio Et N\u00e9o-Latines\" \/>\n<meta property=\"article:publisher\" content=\"https:\/\/www.facebook.com\/SEMENL2018\" \/>\n<meta property=\"article:published_time\" content=\"2024-02-10T08:54:09+00:00\" \/>\n<meta property=\"article:modified_time\" content=\"2024-02-15T22:16:47+00:00\" \/>\n<meta property=\"og:image\" content=\"http:\/\/www.semen-l.org\/wp-content\/uploads\/2024\/02\/affiche-officielle-congresVII.jpg\" \/>\n\t<meta property=\"og:image:width\" content=\"557\" \/>\n\t<meta property=\"og:image:height\" content=\"788\" \/>\n\t<meta property=\"og:image:type\" content=\"image\/jpeg\" \/>\n<meta name=\"author\" content=\"Julien Maudoux\" \/>\n<meta name=\"twitter:card\" content=\"summary_large_image\" \/>\n<meta name=\"twitter:label1\" content=\"\u00c9crit par\" \/>\n\t<meta name=\"twitter:data1\" content=\"Julien Maudoux\" \/>\n\t<meta name=\"twitter:label2\" content=\"Dur\u00e9e de lecture estim\u00e9e\" \/>\n\t<meta name=\"twitter:data2\" content=\"5 minutes\" \/>\n<script type=\"application\/ld+json\" class=\"yoast-schema-graph\">{\"@context\":\"https:\\\/\\\/schema.org\",\"@graph\":[{\"@type\":\"Article\",\"@id\":\"http:\\\/\\\/www.semen-l.org\\\/?p=3084#article\",\"isPartOf\":{\"@id\":\"http:\\\/\\\/www.semen-l.org\\\/?p=3084\"},\"author\":{\"name\":\"Julien Maudoux\",\"@id\":\"http:\\\/\\\/www.semen-l.org\\\/#\\\/schema\\\/person\\\/ef5208815f17666727763c5363a51344\"},\"headline\":\"Latin du Moyen \u00c2ge, latin de l\u2019\u00e9poque moderne et enseignement (VIIe Congr\u00e8s de la Soci\u00e9t\u00e9 d\u2019\u00c9tudes M\u00e9dio et N\u00e9o-Latines, Toulouse)\",\"datePublished\":\"2024-02-10T08:54:09+00:00\",\"dateModified\":\"2024-02-15T22:16:47+00:00\",\"mainEntityOfPage\":{\"@id\":\"http:\\\/\\\/www.semen-l.org\\\/?p=3084\"},\"wordCount\":1207,\"commentCount\":2,\"publisher\":{\"@id\":\"http:\\\/\\\/www.semen-l.org\\\/#organization\"},\"image\":{\"@id\":\"http:\\\/\\\/www.semen-l.org\\\/?p=3084#primaryimage\"},\"thumbnailUrl\":\"https:\\\/\\\/www.semen-l.org\\\/wp-content\\\/uploads\\\/2024\\\/02\\\/affiche-officielle-congresVII.jpg\",\"keywords\":[\"Aelfric Bata\",\"Alciat (Andr\u00e9)\",\"argument\",\"Ausone\",\"autobiographie\",\"biographie\",\"Buchanan (George)\",\"Carmina (Commire)\",\"Caussin (Nicolas)\",\"Cereta (Laura)\",\"Coll\u00e8ge de Guyenne\",\"coll\u00e8ge parisien\",\"Colloquies (Aelfric Bata)\",\"Commire (Jean)\",\"corpus\",\"Curione (Celio Secondo)\",\"De ira (Politien)\",\"discours\",\"\u00e9ducation\",\"enseignement\",\"\u00e9pigramme\",\"Ex mathematico Pselli breuiario (Vinet)\",\"femmes\",\"Garnier de Rouen\",\"grammaire\",\"Iephthes siue Votum\",\"illustration\",\"Lambin (Denis)\",\"latin vivant\",\"Logistica (Vinet)\",\"math\u00e9matiques\",\"musique\",\"Neander (Michael)\",\"p\u00e9dagogie\",\"po\u00e9sie\",\"Politien (Ange)\",\"protestantisme\",\"psychologie\",\"Raoul Tortaire\",\"r\u00e9forme\",\"rh\u00e9torique\",\"Sapidus (Johann)\",\"satire\",\"spectacle\",\"Strozzi (Ercole)\",\"Strozzi (Tito Vespasiano)\",\"Suisse\",\"Sylua epistolaris seu Barba\",\"tradition\",\"trag\u00e9die\",\"Tragoediae Sacrae (Caussin)\",\"Vinet (\u00c9lie)\",\"Zurich\"],\"articleSection\":[\"Congr\u00e8s\"],\"inLanguage\":\"fr-FR\",\"potentialAction\":[{\"@type\":\"CommentAction\",\"name\":\"Comment\",\"target\":[\"http:\\\/\\\/www.semen-l.org\\\/?p=3084#respond\"]}]},{\"@type\":\"WebPage\",\"@id\":\"http:\\\/\\\/www.semen-l.org\\\/?p=3084\",\"url\":\"http:\\\/\\\/www.semen-l.org\\\/?p=3084\",\"name\":\"VIIe Congr\u00e8s (2024) de la Soci\u00e9t\u00e9 d'\u00c9tudes M\u00e9dio et N\u00e9o-latines\",\"isPartOf\":{\"@id\":\"http:\\\/\\\/www.semen-l.org\\\/#website\"},\"primaryImageOfPage\":{\"@id\":\"http:\\\/\\\/www.semen-l.org\\\/?p=3084#primaryimage\"},\"image\":{\"@id\":\"http:\\\/\\\/www.semen-l.org\\\/?p=3084#primaryimage\"},\"thumbnailUrl\":\"https:\\\/\\\/www.semen-l.org\\\/wp-content\\\/uploads\\\/2024\\\/02\\\/affiche-officielle-congresVII.jpg\",\"datePublished\":\"2024-02-10T08:54:09+00:00\",\"dateModified\":\"2024-02-15T22:16:47+00:00\",\"description\":\"Congr\u00e8s visant \u00e0 interroger les liens que les corpus latins du Moyen \u00c2ge et de l\u2019\u00e9poque moderne entretiennent avec l\u2019enseignement.\",\"breadcrumb\":{\"@id\":\"http:\\\/\\\/www.semen-l.org\\\/?p=3084#breadcrumb\"},\"inLanguage\":\"fr-FR\",\"potentialAction\":[{\"@type\":\"ReadAction\",\"target\":[\"http:\\\/\\\/www.semen-l.org\\\/?p=3084\"]}]},{\"@type\":\"ImageObject\",\"inLanguage\":\"fr-FR\",\"@id\":\"http:\\\/\\\/www.semen-l.org\\\/?p=3084#primaryimage\",\"url\":\"https:\\\/\\\/www.semen-l.org\\\/wp-content\\\/uploads\\\/2024\\\/02\\\/affiche-officielle-congresVII.jpg\",\"contentUrl\":\"https:\\\/\\\/www.semen-l.org\\\/wp-content\\\/uploads\\\/2024\\\/02\\\/affiche-officielle-congresVII.jpg\",\"width\":557,\"height\":788},{\"@type\":\"BreadcrumbList\",\"@id\":\"http:\\\/\\\/www.semen-l.org\\\/?p=3084#breadcrumb\",\"itemListElement\":[{\"@type\":\"ListItem\",\"position\":1,\"name\":\"Accueil\",\"item\":\"http:\\\/\\\/www.semen-l.org\\\/\"},{\"@type\":\"ListItem\",\"position\":2,\"name\":\"Latin du Moyen \u00c2ge, latin de l\u2019\u00e9poque moderne et enseignement (VIIe Congr\u00e8s de la Soci\u00e9t\u00e9 d\u2019\u00c9tudes M\u00e9dio et N\u00e9o-Latines, Toulouse)\"}]},{\"@type\":\"WebSite\",\"@id\":\"http:\\\/\\\/www.semen-l.org\\\/#website\",\"url\":\"http:\\\/\\\/www.semen-l.org\\\/\",\"name\":\"Soci\u00e9t\u00e9 d'\u00c9tudes M\u00e9dio Et N\u00e9o-Latines\",\"description\":\"\",\"publisher\":{\"@id\":\"http:\\\/\\\/www.semen-l.org\\\/#organization\"},\"potentialAction\":[{\"@type\":\"SearchAction\",\"target\":{\"@type\":\"EntryPoint\",\"urlTemplate\":\"http:\\\/\\\/www.semen-l.org\\\/?s={search_term_string}\"},\"query-input\":{\"@type\":\"PropertyValueSpecification\",\"valueRequired\":true,\"valueName\":\"search_term_string\"}}],\"inLanguage\":\"fr-FR\"},{\"@type\":\"Organization\",\"@id\":\"http:\\\/\\\/www.semen-l.org\\\/#organization\",\"name\":\"Soci\u00e9t\u00e9 d'\u00e9tudes m\u00e9dio et n\u00e9o-latines\",\"url\":\"http:\\\/\\\/www.semen-l.org\\\/\",\"logo\":{\"@type\":\"ImageObject\",\"inLanguage\":\"fr-FR\",\"@id\":\"http:\\\/\\\/www.semen-l.org\\\/#\\\/schema\\\/logo\\\/image\\\/\",\"url\":\"http:\\\/\\\/www.semen-l.org\\\/wp-content\\\/uploads\\\/2020\\\/11\\\/logo-semenl.jpg\",\"contentUrl\":\"http:\\\/\\\/www.semen-l.org\\\/wp-content\\\/uploads\\\/2020\\\/11\\\/logo-semenl.jpg\",\"width\":408,\"height\":403,\"caption\":\"Soci\u00e9t\u00e9 d'\u00e9tudes m\u00e9dio et n\u00e9o-latines\"},\"image\":{\"@id\":\"http:\\\/\\\/www.semen-l.org\\\/#\\\/schema\\\/logo\\\/image\\\/\"},\"sameAs\":[\"https:\\\/\\\/www.facebook.com\\\/SEMENL2018\",\"https:\\\/\\\/independent.academia.edu\\\/SocitsdtudesmdioetnolatinesSEMENL\"]},{\"@type\":\"Person\",\"@id\":\"http:\\\/\\\/www.semen-l.org\\\/#\\\/schema\\\/person\\\/ef5208815f17666727763c5363a51344\",\"name\":\"Julien Maudoux\",\"image\":{\"@type\":\"ImageObject\",\"inLanguage\":\"fr-FR\",\"@id\":\"https:\\\/\\\/secure.gravatar.com\\\/avatar\\\/caabf4fb6242e2277733cd35a5c2aa083761ea25dae1d1ff3298b54292225292?s=96&d=mm&r=g\",\"url\":\"https:\\\/\\\/secure.gravatar.com\\\/avatar\\\/caabf4fb6242e2277733cd35a5c2aa083761ea25dae1d1ff3298b54292225292?s=96&d=mm&r=g\",\"contentUrl\":\"https:\\\/\\\/secure.gravatar.com\\\/avatar\\\/caabf4fb6242e2277733cd35a5c2aa083761ea25dae1d1ff3298b54292225292?s=96&d=mm&r=g\",\"caption\":\"Julien Maudoux\"},\"description\":\"Webmestre du site de la SEMEN-L\",\"url\":\"https:\\\/\\\/www.semen-l.org\\\/?author=26\"}]}<\/script>\n<!-- \/ Yoast SEO plugin. -->","yoast_head_json":{"title":"VIIe Congr\u00e8s (2024) de la Soci\u00e9t\u00e9 d'\u00c9tudes M\u00e9dio et N\u00e9o-latines","description":"Congr\u00e8s visant \u00e0 interroger les liens que les corpus latins du Moyen \u00c2ge et de l\u2019\u00e9poque moderne entretiennent avec l\u2019enseignement.","robots":{"index":"index","follow":"follow","max-snippet":"max-snippet:-1","max-image-preview":"max-image-preview:large","max-video-preview":"max-video-preview:-1"},"canonical":"http:\/\/www.semen-l.org\/?p=3084","og_locale":"fr_FR","og_type":"article","og_title":"VIIe Congr\u00e8s (2024) de la Soci\u00e9t\u00e9 d'\u00c9tudes M\u00e9dio et N\u00e9o-latines","og_description":"Congr\u00e8s visant \u00e0 interroger les liens que les corpus latins du Moyen \u00c2ge et de l\u2019\u00e9poque moderne entretiennent avec l\u2019enseignement.","og_url":"http:\/\/www.semen-l.org\/?p=3084","og_site_name":"Soci\u00e9t\u00e9 d&#039;\u00c9tudes M\u00e9dio Et N\u00e9o-Latines","article_publisher":"https:\/\/www.facebook.com\/SEMENL2018","article_published_time":"2024-02-10T08:54:09+00:00","article_modified_time":"2024-02-15T22:16:47+00:00","og_image":[{"width":557,"height":788,"url":"http:\/\/www.semen-l.org\/wp-content\/uploads\/2024\/02\/affiche-officielle-congresVII.jpg","type":"image\/jpeg"}],"author":"Julien Maudoux","twitter_card":"summary_large_image","twitter_misc":{"\u00c9crit par":"Julien Maudoux","Dur\u00e9e de lecture estim\u00e9e":"5 minutes"},"schema":{"@context":"https:\/\/schema.org","@graph":[{"@type":"Article","@id":"http:\/\/www.semen-l.org\/?p=3084#article","isPartOf":{"@id":"http:\/\/www.semen-l.org\/?p=3084"},"author":{"name":"Julien Maudoux","@id":"http:\/\/www.semen-l.org\/#\/schema\/person\/ef5208815f17666727763c5363a51344"},"headline":"Latin du Moyen \u00c2ge, latin de l\u2019\u00e9poque moderne et enseignement (VIIe Congr\u00e8s de la Soci\u00e9t\u00e9 d\u2019\u00c9tudes M\u00e9dio et N\u00e9o-Latines, Toulouse)","datePublished":"2024-02-10T08:54:09+00:00","dateModified":"2024-02-15T22:16:47+00:00","mainEntityOfPage":{"@id":"http:\/\/www.semen-l.org\/?p=3084"},"wordCount":1207,"commentCount":2,"publisher":{"@id":"http:\/\/www.semen-l.org\/#organization"},"image":{"@id":"http:\/\/www.semen-l.org\/?p=3084#primaryimage"},"thumbnailUrl":"https:\/\/www.semen-l.org\/wp-content\/uploads\/2024\/02\/affiche-officielle-congresVII.jpg","keywords":["Aelfric Bata","Alciat (Andr\u00e9)","argument","Ausone","autobiographie","biographie","Buchanan (George)","Carmina (Commire)","Caussin (Nicolas)","Cereta (Laura)","Coll\u00e8ge de Guyenne","coll\u00e8ge parisien","Colloquies (Aelfric Bata)","Commire (Jean)","corpus","Curione (Celio Secondo)","De ira (Politien)","discours","\u00e9ducation","enseignement","\u00e9pigramme","Ex mathematico Pselli breuiario (Vinet)","femmes","Garnier de Rouen","grammaire","Iephthes siue Votum","illustration","Lambin (Denis)","latin vivant","Logistica (Vinet)","math\u00e9matiques","musique","Neander (Michael)","p\u00e9dagogie","po\u00e9sie","Politien (Ange)","protestantisme","psychologie","Raoul Tortaire","r\u00e9forme","rh\u00e9torique","Sapidus (Johann)","satire","spectacle","Strozzi (Ercole)","Strozzi (Tito Vespasiano)","Suisse","Sylua epistolaris seu Barba","tradition","trag\u00e9die","Tragoediae Sacrae (Caussin)","Vinet (\u00c9lie)","Zurich"],"articleSection":["Congr\u00e8s"],"inLanguage":"fr-FR","potentialAction":[{"@type":"CommentAction","name":"Comment","target":["http:\/\/www.semen-l.org\/?p=3084#respond"]}]},{"@type":"WebPage","@id":"http:\/\/www.semen-l.org\/?p=3084","url":"http:\/\/www.semen-l.org\/?p=3084","name":"VIIe Congr\u00e8s (2024) de la Soci\u00e9t\u00e9 d'\u00c9tudes M\u00e9dio et N\u00e9o-latines","isPartOf":{"@id":"http:\/\/www.semen-l.org\/#website"},"primaryImageOfPage":{"@id":"http:\/\/www.semen-l.org\/?p=3084#primaryimage"},"image":{"@id":"http:\/\/www.semen-l.org\/?p=3084#primaryimage"},"thumbnailUrl":"https:\/\/www.semen-l.org\/wp-content\/uploads\/2024\/02\/affiche-officielle-congresVII.jpg","datePublished":"2024-02-10T08:54:09+00:00","dateModified":"2024-02-15T22:16:47+00:00","description":"Congr\u00e8s visant \u00e0 interroger les liens que les corpus latins du Moyen \u00c2ge et de l\u2019\u00e9poque moderne entretiennent avec l\u2019enseignement.","breadcrumb":{"@id":"http:\/\/www.semen-l.org\/?p=3084#breadcrumb"},"inLanguage":"fr-FR","potentialAction":[{"@type":"ReadAction","target":["http:\/\/www.semen-l.org\/?p=3084"]}]},{"@type":"ImageObject","inLanguage":"fr-FR","@id":"http:\/\/www.semen-l.org\/?p=3084#primaryimage","url":"https:\/\/www.semen-l.org\/wp-content\/uploads\/2024\/02\/affiche-officielle-congresVII.jpg","contentUrl":"https:\/\/www.semen-l.org\/wp-content\/uploads\/2024\/02\/affiche-officielle-congresVII.jpg","width":557,"height":788},{"@type":"BreadcrumbList","@id":"http:\/\/www.semen-l.org\/?p=3084#breadcrumb","itemListElement":[{"@type":"ListItem","position":1,"name":"Accueil","item":"http:\/\/www.semen-l.org\/"},{"@type":"ListItem","position":2,"name":"Latin du Moyen \u00c2ge, latin de l\u2019\u00e9poque moderne et enseignement (VIIe Congr\u00e8s de la Soci\u00e9t\u00e9 d\u2019\u00c9tudes M\u00e9dio et N\u00e9o-Latines, Toulouse)"}]},{"@type":"WebSite","@id":"http:\/\/www.semen-l.org\/#website","url":"http:\/\/www.semen-l.org\/","name":"Soci\u00e9t\u00e9 d'\u00c9tudes M\u00e9dio Et N\u00e9o-Latines","description":"","publisher":{"@id":"http:\/\/www.semen-l.org\/#organization"},"potentialAction":[{"@type":"SearchAction","target":{"@type":"EntryPoint","urlTemplate":"http:\/\/www.semen-l.org\/?s={search_term_string}"},"query-input":{"@type":"PropertyValueSpecification","valueRequired":true,"valueName":"search_term_string"}}],"inLanguage":"fr-FR"},{"@type":"Organization","@id":"http:\/\/www.semen-l.org\/#organization","name":"Soci\u00e9t\u00e9 d'\u00e9tudes m\u00e9dio et n\u00e9o-latines","url":"http:\/\/www.semen-l.org\/","logo":{"@type":"ImageObject","inLanguage":"fr-FR","@id":"http:\/\/www.semen-l.org\/#\/schema\/logo\/image\/","url":"http:\/\/www.semen-l.org\/wp-content\/uploads\/2020\/11\/logo-semenl.jpg","contentUrl":"http:\/\/www.semen-l.org\/wp-content\/uploads\/2020\/11\/logo-semenl.jpg","width":408,"height":403,"caption":"Soci\u00e9t\u00e9 d'\u00e9tudes m\u00e9dio et n\u00e9o-latines"},"image":{"@id":"http:\/\/www.semen-l.org\/#\/schema\/logo\/image\/"},"sameAs":["https:\/\/www.facebook.com\/SEMENL2018","https:\/\/independent.academia.edu\/SocitsdtudesmdioetnolatinesSEMENL"]},{"@type":"Person","@id":"http:\/\/www.semen-l.org\/#\/schema\/person\/ef5208815f17666727763c5363a51344","name":"Julien Maudoux","image":{"@type":"ImageObject","inLanguage":"fr-FR","@id":"https:\/\/secure.gravatar.com\/avatar\/caabf4fb6242e2277733cd35a5c2aa083761ea25dae1d1ff3298b54292225292?s=96&d=mm&r=g","url":"https:\/\/secure.gravatar.com\/avatar\/caabf4fb6242e2277733cd35a5c2aa083761ea25dae1d1ff3298b54292225292?s=96&d=mm&r=g","contentUrl":"https:\/\/secure.gravatar.com\/avatar\/caabf4fb6242e2277733cd35a5c2aa083761ea25dae1d1ff3298b54292225292?s=96&d=mm&r=g","caption":"Julien Maudoux"},"description":"Webmestre du site de la SEMEN-L","url":"https:\/\/www.semen-l.org\/?author=26"}]}},"jetpack_featured_media_url":"https:\/\/www.semen-l.org\/wp-content\/uploads\/2024\/02\/affiche-officielle-congresVII.jpg","_links":{"self":[{"href":"https:\/\/www.semen-l.org\/index.php?rest_route=\/wp\/v2\/posts\/3084","targetHints":{"allow":["GET"]}}],"collection":[{"href":"https:\/\/www.semen-l.org\/index.php?rest_route=\/wp\/v2\/posts"}],"about":[{"href":"https:\/\/www.semen-l.org\/index.php?rest_route=\/wp\/v2\/types\/post"}],"author":[{"embeddable":true,"href":"https:\/\/www.semen-l.org\/index.php?rest_route=\/wp\/v2\/users\/26"}],"replies":[{"embeddable":true,"href":"https:\/\/www.semen-l.org\/index.php?rest_route=%2Fwp%2Fv2%2Fcomments&post=3084"}],"version-history":[{"count":0,"href":"https:\/\/www.semen-l.org\/index.php?rest_route=\/wp\/v2\/posts\/3084\/revisions"}],"wp:featuredmedia":[{"embeddable":true,"href":"https:\/\/www.semen-l.org\/index.php?rest_route=\/wp\/v2\/media\/3052"}],"wp:attachment":[{"href":"https:\/\/www.semen-l.org\/index.php?rest_route=%2Fwp%2Fv2%2Fmedia&parent=3084"}],"wp:term":[{"taxonomy":"category","embeddable":true,"href":"https:\/\/www.semen-l.org\/index.php?rest_route=%2Fwp%2Fv2%2Fcategories&post=3084"},{"taxonomy":"post_tag","embeddable":true,"href":"https:\/\/www.semen-l.org\/index.php?rest_route=%2Fwp%2Fv2%2Ftags&post=3084"}],"curies":[{"name":"wp","href":"https:\/\/api.w.org\/{rel}","templated":true}]}}