{"id":308,"date":"2015-10-20T16:59:20","date_gmt":"2015-10-20T16:59:20","guid":{"rendered":"http:\/\/www.semen-l.org\/?p=308"},"modified":"2015-10-20T16:59:20","modified_gmt":"2015-10-20T16:59:20","slug":"colloques-2015-2016","status":"publish","type":"post","link":"https:\/\/www.semen-l.org\/?p=308","title":{"rendered":"Colloques 2015-2016"},"content":{"rendered":"<p>Colloques 2015-2016<\/p>\n<p style=\"text-align: left\">&#8211; 2-7 ao\u00fbt 2015, Vienne, Conventus Vindobonensis 2015, 16eme Congr\u00e8s de la Soci\u00e9t\u00e9 Internationale d\u2019Etudes neo-latines (IANLS). ianls.vienna@univie.ac.at<\/p>\n<p>&#8211; 20-22 ao\u00fbt 2015, St. John (Canada, Terre-Neuve), Memorial University, Translating for the Stage in Early Modern France and England. International bilingual conference.\/ Traduire pour la sc\u00e8ne dans la premi\u00e8re modernit\u00e9 europ\u00e9enne: La France et l\u2019Angleterre. Colloque bilingue international. Org. Dr Anne Graham\u00a0: <a href=\"mailto:anne.g.graham@mun.ca\">anne.g.graham@mun.ca<\/a> et Dr. Agnes Juhasz-Ormsby\u00a0: <a href=\"mailto:ajormsby@mun.ca\">ajormsby@mun.ca<\/a><\/p>\n<p>&#8211; 16 septembre, rencontre \u00e0 la biblioth\u00e8que de l\u2019Arsenal \u00e0 l\u2019occasion de la parution sous coffret de l\u2019\u00e9dition Laumonier des <em>OEuvres compl\u00e8tes <\/em>de Ronsard. Interventions de Jean C\u00e9ard, Daniele Maira et Olivier Millet. Org. STFM et SFDES.<\/p>\n<p>&nbsp;<\/p>\n<p>&#8211; 18 septembre 2015, Universit\u00e9 Paris 3, dans le cadre du projet ANR\/ERHO, \u00c9tudes sur la Renaissance d\u2019Horace. Journ\u00e9e d\u2019\u00e9tude Horace en Musique. Th\u00e9orie et pratique de l\u2019ode horatienne \u00e0 la Renaissance. Responsable scientifique : Philippe Canguilhem. Contact : <a href=\"mailto:nathalie.dauvois@univ-paris3.fr\">nathalie.dauvois@univ-paris3.fr<\/a><\/p>\n<p>&nbsp;<\/p>\n<p>&#8211; 2 octobre 2015, IRHT, 2<sup>e<\/sup> Rencontres du Labex Hastec, \u00ab\u00a0Jeunes chercheurs, nouvelles mani\u00e8res de faire\u00a0\u00bb, Paris, 2 octobre 2015 (communications de Magdalena Bieniak et Francesco Siri).<\/p>\n<p>&nbsp;<\/p>\n<p>&#8211; 8 octobre 2015, IRHT, <em>La r\u00e9ception d&rsquo;Alexandre de Hal\u00e8s dans les commentaires des Sentences de la fin du XIVe si\u00e8cle<\/em>:\u00a0<a href=\"http:\/\/www.irht.cnrs.fr\/fr\/agenda\/autour-d-alexandre-de-hales\">http:\/\/www.irht.cnrs.fr\/fr\/agenda\/autour-d-alexandre-de-hales<\/a>, Monica Brinzei.<\/p>\n<p>&#8211; 14-16 octobre 2015, Colloque \u00ab\u00a0Le <em>habitus<\/em> dans la philosophie m\u00e9di\u00e9vale\u00a0\u00bb<em>, <\/em>coorganisation Monica Brinzei, dans le cadre du Labex\u00a0:<a href=\"http:\/\/medievalhabitus.weebly.com\/programme.html\">http:\/\/medievalhabitus.weebly.com\/programme.html<\/a>.<\/p>\n<p>&#8211; 15-17 octobre 2015, Paris, Colloque \u00ab\u00a0Les repr\u00e9sentations du livre aux \u00e9poques carolingienne et ottonienne\u00a0\u00bb.<\/p>\n<p>&#8211; 15-16 octobre 2015, dans le cadre du projet PIF, Pictor in fabula, <em>Topoi et anecdotes artistiques\u00a0: fortune, forme, fonction, de l\u2019Antiquit\u00e9 au xviiie si\u00e8cle<\/em>. Org. <a href=\"mailto:emmanuelle.henin@univ-reims.fr\">emmanuelle.henin@univ-reims.fr<\/a> et <a href=\"mailto:valerie.naas@paris-sorbonne.fr\">valerie.naas@paris-sorbonne.fr<\/a><\/p>\n<p>&nbsp;<\/p>\n<p>&#8211; 22-24 octobre 2015, Universit\u00e9 de Bourgogne, Colloque international \u00ab Le th\u00e9\u00e2tre n\u00e9o-latin en France (1500-1630)\u00a0\u00bb, org. S. Laigneau-Fontaine, P. Galand, M. Ferrand. Les \u00e9tudiants de Lettres classiques de l\u2019Universit\u00e9 de Bourgogne interpr\u00e9teront une pi\u00e8ce intitul\u00e9e\u00a0: \u00ab\u00a0Qui veut la peau de la Pragmatique sanction ?\u00a0\u00bb, mise en sc\u00e8ne par M. Ferrand.<\/p>\n<p>&#8211; 12-13 novembre 2015, Rome, Ecole fran\u00e7aise de Rome, Table ronde <em>Les Savoirs dans les ordres mendiants<\/em>.<\/p>\n<p>&#8211; 13-14 novembre 2015, Paris, Colloque \u00ab\u00a0Les <em>\u00c9l\u00e9ments de th\u00e9ologie<\/em> et le <em>Livre des causes <\/em>du V<sup>e<\/sup> au XVII<sup>e<\/sup> si\u00e8cle\u00a0\u00bb.<\/p>\n<p>&#8211; 14 novembre 2015, Paris, 1<sup>re<\/sup> r\u00e9union du GIS, \u00ab\u00a0Humanit\u00e9s\u00a0: sources et langues de l\u2019Europe et de la M\u00e9diterran\u00e9e\u00a0\u00bb.<\/p>\n<p>&#8211; 19-20 novembre 2015, U. de Fribourg, Colloque international, \u00ab\u00a0Anatomie(s) d\u2019une anatomie : nouvelles recherches sur les Blasons anatomiques du corps f\u00e9minin\u00a0\u00bb, org. J.\u00a0Goeury et T. Hunckeler.<\/p>\n<p>&#8211; 25-27 novembre 2015, Paris, EPHE, Colloque international \u00ab\u00a0L\u2019h\u00e9ritage de Politien en France\u00a0\u00bb, org. P. Galand et J-M. Mandosio.<\/p>\n<p>&#8211; 26 novembre 2015, de 14h00 \u00e0 18h00, Paris, IRHT, Journ\u00e9e \u00ab\u00a0D\u00e9couvertes et travaux r\u00e9cents de l\u2019IRHT\u00a0\u00bb, suivie d&rsquo;un pot, avec la collaboration des Amis de l&rsquo;IRHT. Au programme pr\u00e9visionnel\u00a0: les manuscrits de Chartes (D. Poirel), la d\u00e9couverte d&rsquo;une vie de s. Fran\u00e7ois (J. Dalarun), les techniques de d\u00e9chiffrement des papyri (D. Delattre).<\/p>\n<p>&#8211; 4 d\u00e9cembre 2015, Universit\u00e9 Paris Diderot (Halle aux farines), Journ\u00e9e d&rsquo;\u00e9tude agr\u00e9gative consacr\u00e9e aux <em>Amours <\/em>de Ronsard. Org. N.Dauvois et J.Vignes.<\/p>\n<p>&#8211; 8 d\u00e9cembre 2015, Journ\u00e9e d\u2019\u00e9tudes sur Pierre Damien, dans le cadre du s\u00e9minaire de Patrick Henriet, EPHE.<\/p>\n<p>&#8211; 15 d\u00e9cembre 2015, Journ\u00e9e mast\u00e9riale d\u2019agr\u00e9gation \u00e0 l\u2019universit\u00e9 de Picardie Jules Verne\u00a0: \u00ab\u00a0Autour des <em>Amours<\/em> de Ronsard : la po\u00e9sie humaniste fran\u00e7aise et n\u00e9o-latine\u00a0\u00bb, org. Laurence Boul\u00e8gue et Julien G\u0153ury. Contact\u00a0: <a href=\"mailto:laurence.boulegue@u-picardie.fr\">laurence.boulegue@u-picardie.fr<\/a><\/p>\n<p>&#8211; 1-2 avril 2016, EPHE\/Universit\u00e9 de Rouen,Renaissance imaginaire : la r\u00e9ception de la Renaissance dans la culture contemporaine (XXe- XXIe si\u00e8cles). Org. M\u00e9lanie Bost-Fievet (EPHE), Perrine Galand (EPHE), Louise Katz (EPHE, CNRS-IRHT) et Sandra Provini (C\u00c9R\u00c9dI\/Rouen).<\/p>\n<p><strong>\u00a0<\/strong><\/p>\n<p>&#8211; 31 mars-2 avril 2016, Boston, Park Plaza Hotel and Hynes Convention Center, The 62nd Annual Meeting of the Renaissance Society of America. Infos: <a href=\"http:\/\/www.rsa.org\">http:\/\/www.rsa.org<\/a><\/p>\n<p>&#8211; 19-20 mai 2016, Angers, \u00ab\u00a0\u00a0La litt\u00e9rarit\u00e9 dans le domaine latin, de l&rsquo;Antiquit\u00e9 \u00e0 la Renaissance\u00a0\u00bb organis\u00e9 par Blandine Colot.<\/p>\n<p>&#8211; 22-24 ao\u00fbt 2016, Universit\u00e9 de S\u00e3o Paulo (USP), III Col\u00f3quio Autores do Renascimento : o Epigrama.<\/p>\n<p>&#8211; 5-7 octobre 2016, Rennes II, Colloque international \u00ab\u00a0Francesco Robortello\u00a0\u00bb. Org. Monique Bouquet <a href=\"mailto:bouquet.monique@gmail.com\">bouquet.monique@gmail.com<\/a>\u00a0; Emmanuel Buron <a href=\"mailto:emmanuel.buron@free.fr\">emmanuel.buron@free.fr<\/a>\u00a0\u00a0\u00a0\u00a0\u00a0\u00a0\u00a0 ; Claire Lesage <a href=\"mailto:claire.lesage@uhb.fr\">claire.lesage@uhb.fr<\/a><\/p>\n<p>&#8211; 13-14 octobre 2016, Universit\u00e9 Paris Diderot (Paris 7), <em>Rh\u00e9torique et po\u00e9tique de l\u2019\u0153uvre de jeunesse<\/em> <em>XVIe-XVIIIe si\u00e8cles<\/em>, org. D\u00e9borah Knop\u00a0; Florence Lotterie, St\u00e9phane Mac\u00e9 et Jean Vignes.<\/p>\n","protected":false},"excerpt":{"rendered":"<p>Colloques 2015-2016 &#8211; 2-7 ao\u00fbt 2015, Vienne, Conventus Vindobonensis 2015, 16eme Congr\u00e8s de la Soci\u00e9t\u00e9 Internationale d\u2019Etudes neo-latines (IANLS). ianls.vienna@univie.ac.at &#8211; 20-22 ao\u00fbt 2015, St. John (Canada, Terre-Neuve), Memorial University, Translating for the Stage in Early Modern France and England. &hellip; <a href=\"https:\/\/www.semen-l.org\/?p=308\">Continuer la lecture <span class=\"meta-nav\">&rarr;<\/span><\/a><\/p>\n","protected":false},"author":5,"featured_media":0,"comment_status":"open","ping_status":"open","sticky":false,"template":"","format":"standard","meta":{"footnotes":""},"categories":[4],"tags":[],"class_list":["post-308","post","type-post","status-publish","format-standard","hentry","category-colloques"],"yoast_head":"<!-- This site is optimized with the Yoast SEO plugin v27.5 - https:\/\/yoast.com\/product\/yoast-seo-wordpress\/ -->\n<title>Colloques 2015-2016 - Soci\u00e9t\u00e9 d&#039;\u00c9tudes M\u00e9dio Et N\u00e9o-Latines<\/title>\n<meta name=\"robots\" content=\"index, follow, max-snippet:-1, max-image-preview:large, max-video-preview:-1\" \/>\n<link rel=\"canonical\" href=\"http:\/\/www.semen-l.org\/?p=308\" \/>\n<meta property=\"og:locale\" content=\"fr_FR\" \/>\n<meta property=\"og:type\" content=\"article\" \/>\n<meta property=\"og:title\" content=\"Colloques 2015-2016 - Soci\u00e9t\u00e9 d&#039;\u00c9tudes M\u00e9dio Et N\u00e9o-Latines\" \/>\n<meta property=\"og:description\" content=\"Colloques 2015-2016 &#8211; 2-7 ao\u00fbt 2015, Vienne, Conventus Vindobonensis 2015, 16eme Congr\u00e8s de la Soci\u00e9t\u00e9 Internationale d\u2019Etudes neo-latines (IANLS). ianls.vienna@univie.ac.at &#8211; 20-22 ao\u00fbt 2015, St. John (Canada, Terre-Neuve), Memorial University, Translating for the Stage in Early Modern France and England. &hellip; Continuer la lecture &rarr;\" \/>\n<meta property=\"og:url\" content=\"http:\/\/www.semen-l.org\/?p=308\" \/>\n<meta property=\"og:site_name\" content=\"Soci\u00e9t\u00e9 d&#039;\u00c9tudes M\u00e9dio Et N\u00e9o-Latines\" \/>\n<meta property=\"article:publisher\" content=\"https:\/\/www.facebook.com\/SEMENL2018\" \/>\n<meta property=\"article:published_time\" content=\"2015-10-20T16:59:20+00:00\" \/>\n<meta name=\"author\" content=\"Seris\" \/>\n<meta name=\"twitter:card\" content=\"summary_large_image\" \/>\n<meta name=\"twitter:label1\" content=\"\u00c9crit par\" \/>\n\t<meta name=\"twitter:data1\" content=\"Seris\" \/>\n\t<meta name=\"twitter:label2\" content=\"Dur\u00e9e de lecture estim\u00e9e\" \/>\n\t<meta name=\"twitter:data2\" content=\"4 minutes\" \/>\n<script type=\"application\/ld+json\" class=\"yoast-schema-graph\">{\"@context\":\"https:\\\/\\\/schema.org\",\"@graph\":[{\"@type\":\"Article\",\"@id\":\"http:\\\/\\\/www.semen-l.org\\\/?p=308#article\",\"isPartOf\":{\"@id\":\"http:\\\/\\\/www.semen-l.org\\\/?p=308\"},\"author\":{\"name\":\"Seris\",\"@id\":\"http:\\\/\\\/www.semen-l.org\\\/#\\\/schema\\\/person\\\/6e8c8c75b499690cc37dd369354a7c47\"},\"headline\":\"Colloques 2015-2016\",\"datePublished\":\"2015-10-20T16:59:20+00:00\",\"mainEntityOfPage\":{\"@id\":\"http:\\\/\\\/www.semen-l.org\\\/?p=308\"},\"wordCount\":790,\"commentCount\":0,\"publisher\":{\"@id\":\"http:\\\/\\\/www.semen-l.org\\\/#organization\"},\"articleSection\":[\"Colloques\"],\"inLanguage\":\"fr-FR\",\"potentialAction\":[{\"@type\":\"CommentAction\",\"name\":\"Comment\",\"target\":[\"http:\\\/\\\/www.semen-l.org\\\/?p=308#respond\"]}]},{\"@type\":\"WebPage\",\"@id\":\"http:\\\/\\\/www.semen-l.org\\\/?p=308\",\"url\":\"http:\\\/\\\/www.semen-l.org\\\/?p=308\",\"name\":\"Colloques 2015-2016 - Soci\u00e9t\u00e9 d&#039;\u00c9tudes M\u00e9dio Et N\u00e9o-Latines\",\"isPartOf\":{\"@id\":\"http:\\\/\\\/www.semen-l.org\\\/#website\"},\"datePublished\":\"2015-10-20T16:59:20+00:00\",\"breadcrumb\":{\"@id\":\"http:\\\/\\\/www.semen-l.org\\\/?p=308#breadcrumb\"},\"inLanguage\":\"fr-FR\",\"potentialAction\":[{\"@type\":\"ReadAction\",\"target\":[\"http:\\\/\\\/www.semen-l.org\\\/?p=308\"]}]},{\"@type\":\"BreadcrumbList\",\"@id\":\"http:\\\/\\\/www.semen-l.org\\\/?p=308#breadcrumb\",\"itemListElement\":[{\"@type\":\"ListItem\",\"position\":1,\"name\":\"Accueil\",\"item\":\"http:\\\/\\\/www.semen-l.org\\\/\"},{\"@type\":\"ListItem\",\"position\":2,\"name\":\"Colloques 2015-2016\"}]},{\"@type\":\"WebSite\",\"@id\":\"http:\\\/\\\/www.semen-l.org\\\/#website\",\"url\":\"http:\\\/\\\/www.semen-l.org\\\/\",\"name\":\"Soci\u00e9t\u00e9 d'\u00c9tudes M\u00e9dio Et N\u00e9o-Latines\",\"description\":\"\",\"publisher\":{\"@id\":\"http:\\\/\\\/www.semen-l.org\\\/#organization\"},\"potentialAction\":[{\"@type\":\"SearchAction\",\"target\":{\"@type\":\"EntryPoint\",\"urlTemplate\":\"http:\\\/\\\/www.semen-l.org\\\/?s={search_term_string}\"},\"query-input\":{\"@type\":\"PropertyValueSpecification\",\"valueRequired\":true,\"valueName\":\"search_term_string\"}}],\"inLanguage\":\"fr-FR\"},{\"@type\":\"Organization\",\"@id\":\"http:\\\/\\\/www.semen-l.org\\\/#organization\",\"name\":\"Soci\u00e9t\u00e9 d'\u00e9tudes m\u00e9dio et n\u00e9o-latines\",\"url\":\"http:\\\/\\\/www.semen-l.org\\\/\",\"logo\":{\"@type\":\"ImageObject\",\"inLanguage\":\"fr-FR\",\"@id\":\"http:\\\/\\\/www.semen-l.org\\\/#\\\/schema\\\/logo\\\/image\\\/\",\"url\":\"http:\\\/\\\/www.semen-l.org\\\/wp-content\\\/uploads\\\/2020\\\/11\\\/logo-semenl.jpg\",\"contentUrl\":\"http:\\\/\\\/www.semen-l.org\\\/wp-content\\\/uploads\\\/2020\\\/11\\\/logo-semenl.jpg\",\"width\":408,\"height\":403,\"caption\":\"Soci\u00e9t\u00e9 d'\u00e9tudes m\u00e9dio et n\u00e9o-latines\"},\"image\":{\"@id\":\"http:\\\/\\\/www.semen-l.org\\\/#\\\/schema\\\/logo\\\/image\\\/\"},\"sameAs\":[\"https:\\\/\\\/www.facebook.com\\\/SEMENL2018\",\"https:\\\/\\\/independent.academia.edu\\\/SocitsdtudesmdioetnolatinesSEMENL\"]},{\"@type\":\"Person\",\"@id\":\"http:\\\/\\\/www.semen-l.org\\\/#\\\/schema\\\/person\\\/6e8c8c75b499690cc37dd369354a7c47\",\"name\":\"Seris\",\"image\":{\"@type\":\"ImageObject\",\"inLanguage\":\"fr-FR\",\"@id\":\"https:\\\/\\\/secure.gravatar.com\\\/avatar\\\/8aec6178114279c28f7f0f4ccbb54eefdf0db708e95973d3513a9c5387b223b9?s=96&d=mm&r=g\",\"url\":\"https:\\\/\\\/secure.gravatar.com\\\/avatar\\\/8aec6178114279c28f7f0f4ccbb54eefdf0db708e95973d3513a9c5387b223b9?s=96&d=mm&r=g\",\"contentUrl\":\"https:\\\/\\\/secure.gravatar.com\\\/avatar\\\/8aec6178114279c28f7f0f4ccbb54eefdf0db708e95973d3513a9c5387b223b9?s=96&d=mm&r=g\",\"caption\":\"Seris\"},\"url\":\"https:\\\/\\\/www.semen-l.org\\\/?author=5\"}]}<\/script>\n<!-- \/ Yoast SEO plugin. -->","yoast_head_json":{"title":"Colloques 2015-2016 - Soci\u00e9t\u00e9 d&#039;\u00c9tudes M\u00e9dio Et N\u00e9o-Latines","robots":{"index":"index","follow":"follow","max-snippet":"max-snippet:-1","max-image-preview":"max-image-preview:large","max-video-preview":"max-video-preview:-1"},"canonical":"http:\/\/www.semen-l.org\/?p=308","og_locale":"fr_FR","og_type":"article","og_title":"Colloques 2015-2016 - Soci\u00e9t\u00e9 d&#039;\u00c9tudes M\u00e9dio Et N\u00e9o-Latines","og_description":"Colloques 2015-2016 &#8211; 2-7 ao\u00fbt 2015, Vienne, Conventus Vindobonensis 2015, 16eme Congr\u00e8s de la Soci\u00e9t\u00e9 Internationale d\u2019Etudes neo-latines (IANLS). ianls.vienna@univie.ac.at &#8211; 20-22 ao\u00fbt 2015, St. John (Canada, Terre-Neuve), Memorial University, Translating for the Stage in Early Modern France and England. &hellip; Continuer la lecture &rarr;","og_url":"http:\/\/www.semen-l.org\/?p=308","og_site_name":"Soci\u00e9t\u00e9 d&#039;\u00c9tudes M\u00e9dio Et N\u00e9o-Latines","article_publisher":"https:\/\/www.facebook.com\/SEMENL2018","article_published_time":"2015-10-20T16:59:20+00:00","author":"Seris","twitter_card":"summary_large_image","twitter_misc":{"\u00c9crit par":"Seris","Dur\u00e9e de lecture estim\u00e9e":"4 minutes"},"schema":{"@context":"https:\/\/schema.org","@graph":[{"@type":"Article","@id":"http:\/\/www.semen-l.org\/?p=308#article","isPartOf":{"@id":"http:\/\/www.semen-l.org\/?p=308"},"author":{"name":"Seris","@id":"http:\/\/www.semen-l.org\/#\/schema\/person\/6e8c8c75b499690cc37dd369354a7c47"},"headline":"Colloques 2015-2016","datePublished":"2015-10-20T16:59:20+00:00","mainEntityOfPage":{"@id":"http:\/\/www.semen-l.org\/?p=308"},"wordCount":790,"commentCount":0,"publisher":{"@id":"http:\/\/www.semen-l.org\/#organization"},"articleSection":["Colloques"],"inLanguage":"fr-FR","potentialAction":[{"@type":"CommentAction","name":"Comment","target":["http:\/\/www.semen-l.org\/?p=308#respond"]}]},{"@type":"WebPage","@id":"http:\/\/www.semen-l.org\/?p=308","url":"http:\/\/www.semen-l.org\/?p=308","name":"Colloques 2015-2016 - Soci\u00e9t\u00e9 d&#039;\u00c9tudes M\u00e9dio Et N\u00e9o-Latines","isPartOf":{"@id":"http:\/\/www.semen-l.org\/#website"},"datePublished":"2015-10-20T16:59:20+00:00","breadcrumb":{"@id":"http:\/\/www.semen-l.org\/?p=308#breadcrumb"},"inLanguage":"fr-FR","potentialAction":[{"@type":"ReadAction","target":["http:\/\/www.semen-l.org\/?p=308"]}]},{"@type":"BreadcrumbList","@id":"http:\/\/www.semen-l.org\/?p=308#breadcrumb","itemListElement":[{"@type":"ListItem","position":1,"name":"Accueil","item":"http:\/\/www.semen-l.org\/"},{"@type":"ListItem","position":2,"name":"Colloques 2015-2016"}]},{"@type":"WebSite","@id":"http:\/\/www.semen-l.org\/#website","url":"http:\/\/www.semen-l.org\/","name":"Soci\u00e9t\u00e9 d'\u00c9tudes M\u00e9dio Et N\u00e9o-Latines","description":"","publisher":{"@id":"http:\/\/www.semen-l.org\/#organization"},"potentialAction":[{"@type":"SearchAction","target":{"@type":"EntryPoint","urlTemplate":"http:\/\/www.semen-l.org\/?s={search_term_string}"},"query-input":{"@type":"PropertyValueSpecification","valueRequired":true,"valueName":"search_term_string"}}],"inLanguage":"fr-FR"},{"@type":"Organization","@id":"http:\/\/www.semen-l.org\/#organization","name":"Soci\u00e9t\u00e9 d'\u00e9tudes m\u00e9dio et n\u00e9o-latines","url":"http:\/\/www.semen-l.org\/","logo":{"@type":"ImageObject","inLanguage":"fr-FR","@id":"http:\/\/www.semen-l.org\/#\/schema\/logo\/image\/","url":"http:\/\/www.semen-l.org\/wp-content\/uploads\/2020\/11\/logo-semenl.jpg","contentUrl":"http:\/\/www.semen-l.org\/wp-content\/uploads\/2020\/11\/logo-semenl.jpg","width":408,"height":403,"caption":"Soci\u00e9t\u00e9 d'\u00e9tudes m\u00e9dio et n\u00e9o-latines"},"image":{"@id":"http:\/\/www.semen-l.org\/#\/schema\/logo\/image\/"},"sameAs":["https:\/\/www.facebook.com\/SEMENL2018","https:\/\/independent.academia.edu\/SocitsdtudesmdioetnolatinesSEMENL"]},{"@type":"Person","@id":"http:\/\/www.semen-l.org\/#\/schema\/person\/6e8c8c75b499690cc37dd369354a7c47","name":"Seris","image":{"@type":"ImageObject","inLanguage":"fr-FR","@id":"https:\/\/secure.gravatar.com\/avatar\/8aec6178114279c28f7f0f4ccbb54eefdf0db708e95973d3513a9c5387b223b9?s=96&d=mm&r=g","url":"https:\/\/secure.gravatar.com\/avatar\/8aec6178114279c28f7f0f4ccbb54eefdf0db708e95973d3513a9c5387b223b9?s=96&d=mm&r=g","contentUrl":"https:\/\/secure.gravatar.com\/avatar\/8aec6178114279c28f7f0f4ccbb54eefdf0db708e95973d3513a9c5387b223b9?s=96&d=mm&r=g","caption":"Seris"},"url":"https:\/\/www.semen-l.org\/?author=5"}]}},"jetpack_featured_media_url":"","_links":{"self":[{"href":"https:\/\/www.semen-l.org\/index.php?rest_route=\/wp\/v2\/posts\/308","targetHints":{"allow":["GET"]}}],"collection":[{"href":"https:\/\/www.semen-l.org\/index.php?rest_route=\/wp\/v2\/posts"}],"about":[{"href":"https:\/\/www.semen-l.org\/index.php?rest_route=\/wp\/v2\/types\/post"}],"author":[{"embeddable":true,"href":"https:\/\/www.semen-l.org\/index.php?rest_route=\/wp\/v2\/users\/5"}],"replies":[{"embeddable":true,"href":"https:\/\/www.semen-l.org\/index.php?rest_route=%2Fwp%2Fv2%2Fcomments&post=308"}],"version-history":[{"count":0,"href":"https:\/\/www.semen-l.org\/index.php?rest_route=\/wp\/v2\/posts\/308\/revisions"}],"wp:attachment":[{"href":"https:\/\/www.semen-l.org\/index.php?rest_route=%2Fwp%2Fv2%2Fmedia&parent=308"}],"wp:term":[{"taxonomy":"category","embeddable":true,"href":"https:\/\/www.semen-l.org\/index.php?rest_route=%2Fwp%2Fv2%2Fcategories&post=308"},{"taxonomy":"post_tag","embeddable":true,"href":"https:\/\/www.semen-l.org\/index.php?rest_route=%2Fwp%2Fv2%2Ftags&post=308"}],"curies":[{"name":"wp","href":"https:\/\/api.w.org\/{rel}","templated":true}]}}