{"id":3041,"date":"2022-12-07T18:56:44","date_gmt":"2022-12-07T18:56:44","guid":{"rendered":"https:\/\/www.semen-l.org\/?p=3041"},"modified":"2024-02-07T19:05:21","modified_gmt":"2024-02-07T19:05:21","slug":"agrippa-daubigne-oeuvres-tome-viii-poesies-politiques-satiriques-poemata-poesies-de-constant-daubigne-edition-de-jean-louis-charlet-beatrice-charlet-mesdjian-et-jean-raymond-fanlo-paris","status":"publish","type":"post","link":"https:\/\/www.semen-l.org\/?p=3041","title":{"rendered":"Agrippa d&rsquo;Aubign\u00e9, \u0152uvres, Tome VIII &#8211; Po\u00e9sies politiques, satiriques, Poemata, Po\u00e9sies de Constant d&rsquo;Aubign\u00e9, \u00c9dition de Jean-Louis Charlet, B\u00e9atrice Charlet-Mesdjian et Jean-Raymond Fanlo, Paris, Classiques Garnier, Textes de la Renaissance, N\u00b0 241, 2022, 722 p., 15 x 22 cm, broch\u00e9 : ISBN 978-2-406-12147-3 ; reli\u00e9 : ISBN 978-2-406-12148-0."},"content":{"rendered":"<p><strong>Agrippa d&rsquo;Aubign\u00e9, <em>\u0152uvres<\/em><\/strong>, sous la direction de Jean-Raymond Fanlo, Marie-Madeleine Fragonard et Gilbert Schrenck : <em>Tome VIII &#8211; Po\u00e9sies politiques, satiriques, Poemata, Po\u00e9sies de Constant d&rsquo;Aubign\u00e9<\/em>, \u00c9dition de Jean-Louis Charlet, B\u00e9atrice Charlet-Mesdjian et Jean-Raymond Fanlo, Paris, Classiques Garnier, Textes de la Renaissance, N\u00b0 241, 2022, 722 p., 15 x 22 cm, broch\u00e9 : ISBN 978-2-406-12147-3 ; reli\u00e9 : ISBN 978-2-406-12148-0.<\/p>\n<p>Ce tome contient la premi\u00e8re \u00e9dition critique de la po\u00e9sie politique, satirique et ludique d\u2019Agrippa d\u2019Aubign\u00e9, ainsi que de la po\u00e9sie latine, avec traduction. Des in\u00e9dits sont publi\u00e9s, de fausses attributions sont r\u00e9fut\u00e9es. Des pans m\u00e9connus ou ignor\u00e9s d\u2019une \u0153uvre po\u00e9tique majeure se r\u00e9v\u00e8lent.<\/p>\n<div class=\"entry-content\">\n<p>Source : Cette recension a \u00e9t\u00e9 publi\u00e9e dans le\u00a0<a href=\"https:\/\/www.semen-l.org\/?p=2391\">Bulletin de liaison n\u00b020 (d\u00e9cembre 2022)<\/a>\u00a0de la SEMEN-L (p. 42).<\/p>\n<\/div>\n","protected":false},"excerpt":{"rendered":"<p>Agrippa d&rsquo;Aubign\u00e9, \u0152uvres, sous la direction de Jean-Raymond Fanlo, Marie-Madeleine Fragonard et Gilbert Schrenck : Tome VIII &#8211; Po\u00e9sies politiques, satiriques, Poemata, Po\u00e9sies de Constant d&rsquo;Aubign\u00e9, \u00c9dition de Jean-Louis Charlet, B\u00e9atrice Charlet-Mesdjian et Jean-Raymond Fanlo, Paris, Classiques Garnier, Textes de &hellip; <a href=\"https:\/\/www.semen-l.org\/?p=3041\">Continuer la lecture <span class=\"meta-nav\">&rarr;<\/span><\/a><\/p>\n","protected":false},"author":26,"featured_media":0,"comment_status":"open","ping_status":"open","sticky":false,"template":"","format":"standard","meta":{"footnotes":""},"categories":[1825],"tags":[1671,1670,1911,26,183],"class_list":["post-3041","post","type-post","status-publish","format-standard","hentry","category-recensions","tag-daubigne-constant","tag-daubigne-theodore-agrippa","tag-poemata-daubigne","tag-poesie","tag-satire"],"yoast_head":"<!-- This site is optimized with the Yoast SEO plugin v27.5 - https:\/\/yoast.com\/product\/yoast-seo-wordpress\/ -->\n<title>Agrippa d&#039;Aubign\u00e9, \u0152uvres, Tome VIII - Po\u00e9sies politiques, satiriques, Poemata, Po\u00e9sies de Constant d&#039;Aubign\u00e9, \u00c9dition de Jean-Louis Charlet, B\u00e9atrice Charlet-Mesdjian et Jean-Raymond Fanlo, Paris, Classiques Garnier, Textes de la Renaissance, N\u00b0 241, 2022, 722 p., 15 x 22 cm, broch\u00e9 : ISBN 978-2-406-12147-3 ; reli\u00e9 : ISBN 978-2-406-12148-0. - Soci\u00e9t\u00e9 d&#039;\u00c9tudes M\u00e9dio Et N\u00e9o-Latines<\/title>\n<meta name=\"robots\" content=\"index, follow, max-snippet:-1, max-image-preview:large, max-video-preview:-1\" \/>\n<link rel=\"canonical\" href=\"http:\/\/www.semen-l.org\/?p=3041\" \/>\n<meta property=\"og:locale\" content=\"fr_FR\" \/>\n<meta property=\"og:type\" content=\"article\" \/>\n<meta property=\"og:title\" content=\"Agrippa d&#039;Aubign\u00e9, \u0152uvres, Tome VIII - Po\u00e9sies politiques, satiriques, Poemata, Po\u00e9sies de Constant d&#039;Aubign\u00e9, \u00c9dition de Jean-Louis Charlet, B\u00e9atrice Charlet-Mesdjian et Jean-Raymond Fanlo, Paris, Classiques Garnier, Textes de la Renaissance, N\u00b0 241, 2022, 722 p., 15 x 22 cm, broch\u00e9 : ISBN 978-2-406-12147-3 ; reli\u00e9 : ISBN 978-2-406-12148-0. - Soci\u00e9t\u00e9 d&#039;\u00c9tudes M\u00e9dio Et N\u00e9o-Latines\" \/>\n<meta property=\"og:description\" content=\"Agrippa d&rsquo;Aubign\u00e9, \u0152uvres, sous la direction de Jean-Raymond Fanlo, Marie-Madeleine Fragonard et Gilbert Schrenck : Tome VIII &#8211; Po\u00e9sies politiques, satiriques, Poemata, Po\u00e9sies de Constant d&rsquo;Aubign\u00e9, \u00c9dition de Jean-Louis Charlet, B\u00e9atrice Charlet-Mesdjian et Jean-Raymond Fanlo, Paris, Classiques Garnier, Textes de &hellip; Continuer la lecture &rarr;\" \/>\n<meta property=\"og:url\" content=\"http:\/\/www.semen-l.org\/?p=3041\" \/>\n<meta property=\"og:site_name\" content=\"Soci\u00e9t\u00e9 d&#039;\u00c9tudes M\u00e9dio Et N\u00e9o-Latines\" \/>\n<meta property=\"article:publisher\" content=\"https:\/\/www.facebook.com\/SEMENL2018\" \/>\n<meta property=\"article:published_time\" content=\"2022-12-07T18:56:44+00:00\" \/>\n<meta property=\"article:modified_time\" content=\"2024-02-07T19:05:21+00:00\" \/>\n<meta name=\"author\" content=\"Julien Maudoux\" \/>\n<meta name=\"twitter:card\" content=\"summary_large_image\" \/>\n<meta name=\"twitter:label1\" content=\"\u00c9crit par\" \/>\n\t<meta name=\"twitter:data1\" content=\"Julien Maudoux\" \/>\n\t<meta name=\"twitter:label2\" content=\"Dur\u00e9e de lecture estim\u00e9e\" \/>\n\t<meta name=\"twitter:data2\" content=\"1 minute\" \/>\n<script type=\"application\/ld+json\" class=\"yoast-schema-graph\">{\"@context\":\"https:\\\/\\\/schema.org\",\"@graph\":[{\"@type\":\"Article\",\"@id\":\"http:\\\/\\\/www.semen-l.org\\\/?p=3041#article\",\"isPartOf\":{\"@id\":\"http:\\\/\\\/www.semen-l.org\\\/?p=3041\"},\"author\":{\"name\":\"Julien Maudoux\",\"@id\":\"http:\\\/\\\/www.semen-l.org\\\/#\\\/schema\\\/person\\\/ef5208815f17666727763c5363a51344\"},\"headline\":\"Agrippa d&rsquo;Aubign\u00e9, \u0152uvres, Tome VIII &#8211; Po\u00e9sies politiques, satiriques, Poemata, Po\u00e9sies de Constant d&rsquo;Aubign\u00e9, \u00c9dition de Jean-Louis Charlet, B\u00e9atrice Charlet-Mesdjian et Jean-Raymond Fanlo, Paris, Classiques Garnier, Textes de la Renaissance, N\u00b0 241, 2022, 722 p., 15 x 22 cm, broch\u00e9 : ISBN 978-2-406-12147-3 ; reli\u00e9 : ISBN 978-2-406-12148-0.\",\"datePublished\":\"2022-12-07T18:56:44+00:00\",\"dateModified\":\"2024-02-07T19:05:21+00:00\",\"mainEntityOfPage\":{\"@id\":\"http:\\\/\\\/www.semen-l.org\\\/?p=3041\"},\"wordCount\":191,\"commentCount\":0,\"publisher\":{\"@id\":\"http:\\\/\\\/www.semen-l.org\\\/#organization\"},\"keywords\":[\"D'Aubign\u00e9 (Constant)\",\"D'Aubign\u00e9 (Th\u00e9odore Agrippa)\",\"Poemata (D'Aubign\u00e9)\",\"po\u00e9sie\",\"satire\"],\"articleSection\":[\"Recensions\"],\"inLanguage\":\"fr-FR\",\"potentialAction\":[{\"@type\":\"CommentAction\",\"name\":\"Comment\",\"target\":[\"http:\\\/\\\/www.semen-l.org\\\/?p=3041#respond\"]}]},{\"@type\":\"WebPage\",\"@id\":\"http:\\\/\\\/www.semen-l.org\\\/?p=3041\",\"url\":\"http:\\\/\\\/www.semen-l.org\\\/?p=3041\",\"name\":\"Agrippa d'Aubign\u00e9, \u0152uvres, Tome VIII - Po\u00e9sies politiques, satiriques, Poemata, Po\u00e9sies de Constant d'Aubign\u00e9, \u00c9dition de Jean-Louis Charlet, B\u00e9atrice Charlet-Mesdjian et Jean-Raymond Fanlo, Paris, Classiques Garnier, Textes de la Renaissance, N\u00b0 241, 2022, 722 p., 15 x 22 cm, broch\u00e9 : ISBN 978-2-406-12147-3 ; reli\u00e9 : ISBN 978-2-406-12148-0. - Soci\u00e9t\u00e9 d&#039;\u00c9tudes M\u00e9dio Et N\u00e9o-Latines\",\"isPartOf\":{\"@id\":\"http:\\\/\\\/www.semen-l.org\\\/#website\"},\"datePublished\":\"2022-12-07T18:56:44+00:00\",\"dateModified\":\"2024-02-07T19:05:21+00:00\",\"breadcrumb\":{\"@id\":\"http:\\\/\\\/www.semen-l.org\\\/?p=3041#breadcrumb\"},\"inLanguage\":\"fr-FR\",\"potentialAction\":[{\"@type\":\"ReadAction\",\"target\":[\"http:\\\/\\\/www.semen-l.org\\\/?p=3041\"]}]},{\"@type\":\"BreadcrumbList\",\"@id\":\"http:\\\/\\\/www.semen-l.org\\\/?p=3041#breadcrumb\",\"itemListElement\":[{\"@type\":\"ListItem\",\"position\":1,\"name\":\"Accueil\",\"item\":\"http:\\\/\\\/www.semen-l.org\\\/\"},{\"@type\":\"ListItem\",\"position\":2,\"name\":\"Agrippa d&rsquo;Aubign\u00e9, \u0152uvres, Tome VIII &#8211; Po\u00e9sies politiques, satiriques, Poemata, Po\u00e9sies de Constant d&rsquo;Aubign\u00e9, \u00c9dition de Jean-Louis Charlet, B\u00e9atrice Charlet-Mesdjian et Jean-Raymond Fanlo, Paris, Classiques Garnier, Textes de la Renaissance, N\u00b0 241, 2022, 722 p., 15 x 22 cm, broch\u00e9 : ISBN 978-2-406-12147-3 ; reli\u00e9 : ISBN 978-2-406-12148-0.\"}]},{\"@type\":\"WebSite\",\"@id\":\"http:\\\/\\\/www.semen-l.org\\\/#website\",\"url\":\"http:\\\/\\\/www.semen-l.org\\\/\",\"name\":\"Soci\u00e9t\u00e9 d'\u00c9tudes M\u00e9dio Et N\u00e9o-Latines\",\"description\":\"\",\"publisher\":{\"@id\":\"http:\\\/\\\/www.semen-l.org\\\/#organization\"},\"potentialAction\":[{\"@type\":\"SearchAction\",\"target\":{\"@type\":\"EntryPoint\",\"urlTemplate\":\"http:\\\/\\\/www.semen-l.org\\\/?s={search_term_string}\"},\"query-input\":{\"@type\":\"PropertyValueSpecification\",\"valueRequired\":true,\"valueName\":\"search_term_string\"}}],\"inLanguage\":\"fr-FR\"},{\"@type\":\"Organization\",\"@id\":\"http:\\\/\\\/www.semen-l.org\\\/#organization\",\"name\":\"Soci\u00e9t\u00e9 d'\u00e9tudes m\u00e9dio et n\u00e9o-latines\",\"url\":\"http:\\\/\\\/www.semen-l.org\\\/\",\"logo\":{\"@type\":\"ImageObject\",\"inLanguage\":\"fr-FR\",\"@id\":\"http:\\\/\\\/www.semen-l.org\\\/#\\\/schema\\\/logo\\\/image\\\/\",\"url\":\"http:\\\/\\\/www.semen-l.org\\\/wp-content\\\/uploads\\\/2020\\\/11\\\/logo-semenl.jpg\",\"contentUrl\":\"http:\\\/\\\/www.semen-l.org\\\/wp-content\\\/uploads\\\/2020\\\/11\\\/logo-semenl.jpg\",\"width\":408,\"height\":403,\"caption\":\"Soci\u00e9t\u00e9 d'\u00e9tudes m\u00e9dio et n\u00e9o-latines\"},\"image\":{\"@id\":\"http:\\\/\\\/www.semen-l.org\\\/#\\\/schema\\\/logo\\\/image\\\/\"},\"sameAs\":[\"https:\\\/\\\/www.facebook.com\\\/SEMENL2018\",\"https:\\\/\\\/independent.academia.edu\\\/SocitsdtudesmdioetnolatinesSEMENL\"]},{\"@type\":\"Person\",\"@id\":\"http:\\\/\\\/www.semen-l.org\\\/#\\\/schema\\\/person\\\/ef5208815f17666727763c5363a51344\",\"name\":\"Julien Maudoux\",\"image\":{\"@type\":\"ImageObject\",\"inLanguage\":\"fr-FR\",\"@id\":\"https:\\\/\\\/secure.gravatar.com\\\/avatar\\\/caabf4fb6242e2277733cd35a5c2aa083761ea25dae1d1ff3298b54292225292?s=96&d=mm&r=g\",\"url\":\"https:\\\/\\\/secure.gravatar.com\\\/avatar\\\/caabf4fb6242e2277733cd35a5c2aa083761ea25dae1d1ff3298b54292225292?s=96&d=mm&r=g\",\"contentUrl\":\"https:\\\/\\\/secure.gravatar.com\\\/avatar\\\/caabf4fb6242e2277733cd35a5c2aa083761ea25dae1d1ff3298b54292225292?s=96&d=mm&r=g\",\"caption\":\"Julien Maudoux\"},\"description\":\"Webmestre du site de la SEMEN-L\",\"url\":\"https:\\\/\\\/www.semen-l.org\\\/?author=26\"}]}<\/script>\n<!-- \/ Yoast SEO plugin. -->","yoast_head_json":{"title":"Agrippa d'Aubign\u00e9, \u0152uvres, Tome VIII - Po\u00e9sies politiques, satiriques, Poemata, Po\u00e9sies de Constant d'Aubign\u00e9, \u00c9dition de Jean-Louis Charlet, B\u00e9atrice Charlet-Mesdjian et Jean-Raymond Fanlo, Paris, Classiques Garnier, Textes de la Renaissance, N\u00b0 241, 2022, 722 p., 15 x 22 cm, broch\u00e9 : ISBN 978-2-406-12147-3 ; reli\u00e9 : ISBN 978-2-406-12148-0. - Soci\u00e9t\u00e9 d&#039;\u00c9tudes M\u00e9dio Et N\u00e9o-Latines","robots":{"index":"index","follow":"follow","max-snippet":"max-snippet:-1","max-image-preview":"max-image-preview:large","max-video-preview":"max-video-preview:-1"},"canonical":"http:\/\/www.semen-l.org\/?p=3041","og_locale":"fr_FR","og_type":"article","og_title":"Agrippa d'Aubign\u00e9, \u0152uvres, Tome VIII - Po\u00e9sies politiques, satiriques, Poemata, Po\u00e9sies de Constant d'Aubign\u00e9, \u00c9dition de Jean-Louis Charlet, B\u00e9atrice Charlet-Mesdjian et Jean-Raymond Fanlo, Paris, Classiques Garnier, Textes de la Renaissance, N\u00b0 241, 2022, 722 p., 15 x 22 cm, broch\u00e9 : ISBN 978-2-406-12147-3 ; reli\u00e9 : ISBN 978-2-406-12148-0. - Soci\u00e9t\u00e9 d&#039;\u00c9tudes M\u00e9dio Et N\u00e9o-Latines","og_description":"Agrippa d&rsquo;Aubign\u00e9, \u0152uvres, sous la direction de Jean-Raymond Fanlo, Marie-Madeleine Fragonard et Gilbert Schrenck : Tome VIII &#8211; Po\u00e9sies politiques, satiriques, Poemata, Po\u00e9sies de Constant d&rsquo;Aubign\u00e9, \u00c9dition de Jean-Louis Charlet, B\u00e9atrice Charlet-Mesdjian et Jean-Raymond Fanlo, Paris, Classiques Garnier, Textes de &hellip; Continuer la lecture &rarr;","og_url":"http:\/\/www.semen-l.org\/?p=3041","og_site_name":"Soci\u00e9t\u00e9 d&#039;\u00c9tudes M\u00e9dio Et N\u00e9o-Latines","article_publisher":"https:\/\/www.facebook.com\/SEMENL2018","article_published_time":"2022-12-07T18:56:44+00:00","article_modified_time":"2024-02-07T19:05:21+00:00","author":"Julien Maudoux","twitter_card":"summary_large_image","twitter_misc":{"\u00c9crit par":"Julien Maudoux","Dur\u00e9e de lecture estim\u00e9e":"1 minute"},"schema":{"@context":"https:\/\/schema.org","@graph":[{"@type":"Article","@id":"http:\/\/www.semen-l.org\/?p=3041#article","isPartOf":{"@id":"http:\/\/www.semen-l.org\/?p=3041"},"author":{"name":"Julien Maudoux","@id":"http:\/\/www.semen-l.org\/#\/schema\/person\/ef5208815f17666727763c5363a51344"},"headline":"Agrippa d&rsquo;Aubign\u00e9, \u0152uvres, Tome VIII &#8211; Po\u00e9sies politiques, satiriques, Poemata, Po\u00e9sies de Constant d&rsquo;Aubign\u00e9, \u00c9dition de Jean-Louis Charlet, B\u00e9atrice Charlet-Mesdjian et Jean-Raymond Fanlo, Paris, Classiques Garnier, Textes de la Renaissance, N\u00b0 241, 2022, 722 p., 15 x 22 cm, broch\u00e9 : ISBN 978-2-406-12147-3 ; reli\u00e9 : ISBN 978-2-406-12148-0.","datePublished":"2022-12-07T18:56:44+00:00","dateModified":"2024-02-07T19:05:21+00:00","mainEntityOfPage":{"@id":"http:\/\/www.semen-l.org\/?p=3041"},"wordCount":191,"commentCount":0,"publisher":{"@id":"http:\/\/www.semen-l.org\/#organization"},"keywords":["D'Aubign\u00e9 (Constant)","D'Aubign\u00e9 (Th\u00e9odore Agrippa)","Poemata (D'Aubign\u00e9)","po\u00e9sie","satire"],"articleSection":["Recensions"],"inLanguage":"fr-FR","potentialAction":[{"@type":"CommentAction","name":"Comment","target":["http:\/\/www.semen-l.org\/?p=3041#respond"]}]},{"@type":"WebPage","@id":"http:\/\/www.semen-l.org\/?p=3041","url":"http:\/\/www.semen-l.org\/?p=3041","name":"Agrippa d'Aubign\u00e9, \u0152uvres, Tome VIII - Po\u00e9sies politiques, satiriques, Poemata, Po\u00e9sies de Constant d'Aubign\u00e9, \u00c9dition de Jean-Louis Charlet, B\u00e9atrice Charlet-Mesdjian et Jean-Raymond Fanlo, Paris, Classiques Garnier, Textes de la Renaissance, N\u00b0 241, 2022, 722 p., 15 x 22 cm, broch\u00e9 : ISBN 978-2-406-12147-3 ; reli\u00e9 : ISBN 978-2-406-12148-0. - Soci\u00e9t\u00e9 d&#039;\u00c9tudes M\u00e9dio Et N\u00e9o-Latines","isPartOf":{"@id":"http:\/\/www.semen-l.org\/#website"},"datePublished":"2022-12-07T18:56:44+00:00","dateModified":"2024-02-07T19:05:21+00:00","breadcrumb":{"@id":"http:\/\/www.semen-l.org\/?p=3041#breadcrumb"},"inLanguage":"fr-FR","potentialAction":[{"@type":"ReadAction","target":["http:\/\/www.semen-l.org\/?p=3041"]}]},{"@type":"BreadcrumbList","@id":"http:\/\/www.semen-l.org\/?p=3041#breadcrumb","itemListElement":[{"@type":"ListItem","position":1,"name":"Accueil","item":"http:\/\/www.semen-l.org\/"},{"@type":"ListItem","position":2,"name":"Agrippa d&rsquo;Aubign\u00e9, \u0152uvres, Tome VIII &#8211; Po\u00e9sies politiques, satiriques, Poemata, Po\u00e9sies de Constant d&rsquo;Aubign\u00e9, \u00c9dition de Jean-Louis Charlet, B\u00e9atrice Charlet-Mesdjian et Jean-Raymond Fanlo, Paris, Classiques Garnier, Textes de la Renaissance, N\u00b0 241, 2022, 722 p., 15 x 22 cm, broch\u00e9 : ISBN 978-2-406-12147-3 ; reli\u00e9 : ISBN 978-2-406-12148-0."}]},{"@type":"WebSite","@id":"http:\/\/www.semen-l.org\/#website","url":"http:\/\/www.semen-l.org\/","name":"Soci\u00e9t\u00e9 d'\u00c9tudes M\u00e9dio Et N\u00e9o-Latines","description":"","publisher":{"@id":"http:\/\/www.semen-l.org\/#organization"},"potentialAction":[{"@type":"SearchAction","target":{"@type":"EntryPoint","urlTemplate":"http:\/\/www.semen-l.org\/?s={search_term_string}"},"query-input":{"@type":"PropertyValueSpecification","valueRequired":true,"valueName":"search_term_string"}}],"inLanguage":"fr-FR"},{"@type":"Organization","@id":"http:\/\/www.semen-l.org\/#organization","name":"Soci\u00e9t\u00e9 d'\u00e9tudes m\u00e9dio et n\u00e9o-latines","url":"http:\/\/www.semen-l.org\/","logo":{"@type":"ImageObject","inLanguage":"fr-FR","@id":"http:\/\/www.semen-l.org\/#\/schema\/logo\/image\/","url":"http:\/\/www.semen-l.org\/wp-content\/uploads\/2020\/11\/logo-semenl.jpg","contentUrl":"http:\/\/www.semen-l.org\/wp-content\/uploads\/2020\/11\/logo-semenl.jpg","width":408,"height":403,"caption":"Soci\u00e9t\u00e9 d'\u00e9tudes m\u00e9dio et n\u00e9o-latines"},"image":{"@id":"http:\/\/www.semen-l.org\/#\/schema\/logo\/image\/"},"sameAs":["https:\/\/www.facebook.com\/SEMENL2018","https:\/\/independent.academia.edu\/SocitsdtudesmdioetnolatinesSEMENL"]},{"@type":"Person","@id":"http:\/\/www.semen-l.org\/#\/schema\/person\/ef5208815f17666727763c5363a51344","name":"Julien Maudoux","image":{"@type":"ImageObject","inLanguage":"fr-FR","@id":"https:\/\/secure.gravatar.com\/avatar\/caabf4fb6242e2277733cd35a5c2aa083761ea25dae1d1ff3298b54292225292?s=96&d=mm&r=g","url":"https:\/\/secure.gravatar.com\/avatar\/caabf4fb6242e2277733cd35a5c2aa083761ea25dae1d1ff3298b54292225292?s=96&d=mm&r=g","contentUrl":"https:\/\/secure.gravatar.com\/avatar\/caabf4fb6242e2277733cd35a5c2aa083761ea25dae1d1ff3298b54292225292?s=96&d=mm&r=g","caption":"Julien Maudoux"},"description":"Webmestre du site de la SEMEN-L","url":"https:\/\/www.semen-l.org\/?author=26"}]}},"jetpack_featured_media_url":"","_links":{"self":[{"href":"https:\/\/www.semen-l.org\/index.php?rest_route=\/wp\/v2\/posts\/3041","targetHints":{"allow":["GET"]}}],"collection":[{"href":"https:\/\/www.semen-l.org\/index.php?rest_route=\/wp\/v2\/posts"}],"about":[{"href":"https:\/\/www.semen-l.org\/index.php?rest_route=\/wp\/v2\/types\/post"}],"author":[{"embeddable":true,"href":"https:\/\/www.semen-l.org\/index.php?rest_route=\/wp\/v2\/users\/26"}],"replies":[{"embeddable":true,"href":"https:\/\/www.semen-l.org\/index.php?rest_route=%2Fwp%2Fv2%2Fcomments&post=3041"}],"version-history":[{"count":0,"href":"https:\/\/www.semen-l.org\/index.php?rest_route=\/wp\/v2\/posts\/3041\/revisions"}],"wp:attachment":[{"href":"https:\/\/www.semen-l.org\/index.php?rest_route=%2Fwp%2Fv2%2Fmedia&parent=3041"}],"wp:term":[{"taxonomy":"category","embeddable":true,"href":"https:\/\/www.semen-l.org\/index.php?rest_route=%2Fwp%2Fv2%2Fcategories&post=3041"},{"taxonomy":"post_tag","embeddable":true,"href":"https:\/\/www.semen-l.org\/index.php?rest_route=%2Fwp%2Fv2%2Ftags&post=3041"}],"curies":[{"name":"wp","href":"https:\/\/api.w.org\/{rel}","templated":true}]}}