{"id":3039,"date":"2022-12-07T18:54:20","date_gmt":"2022-12-07T18:54:20","guid":{"rendered":"https:\/\/www.semen-l.org\/?p=3039"},"modified":"2024-02-07T18:56:17","modified_gmt":"2024-02-07T18:56:17","slug":"bernard-silvestre-repenser-leneide-edition-traduction-et-commentaire-de-f-mora-lebrun-presses-universitaires-du-septentrion-collection-mythographes-villeneuve-dascq-2022-liv","status":"publish","type":"post","link":"https:\/\/www.semen-l.org\/?p=3039","title":{"rendered":"Bernard Silvestre, Repenser l\u2019\u00c9n\u00e9ide. \u00c9dition, traduction et commentaire de F. Mora-Lebrun, Presses Universitaires du Septentrion, collection Mythographes, Villeneuve d\u2019Ascq, 2022. Livre broch\u00e9, 380 p. ISBN 978-2-7574-3770-4."},"content":{"rendered":"<p><strong>Bernard Silvestre, <em>Repenser l\u2019\u00c9n\u00e9ide<\/em><\/strong>. \u00c9dition, traduction et commentaire de F. Mora-Lebrun, Presses Universitaires du Septentrion, collection Mythographes, Villeneuve d\u2019Ascq, 2022. Livre broch\u00e9, 380 p. ISBN 978-2-7574-3770-4.<\/p>\n<p>\u00c9crit au XII<sup>e<\/sup> si\u00e8cle, le Commentaire sur les six premiers livres de l&rsquo;<em>\u00c9n\u00e9ide <\/em>interpr\u00e8te les errances maritimes d\u2019\u00c9n\u00e9e et sa descente aux enfers comme le p\u00e9riple d\u2019une \u00e2me en qu\u00eate d\u2019elle-m\u00eame et de Dieu. Les mythes antiques y sont repens\u00e9s \u00e0 la lumi\u00e8re d\u2019un syncr\u00e9tisme philosophique h\u00e9rit\u00e9 de l\u2019antiquit\u00e9 tardive, et d\u00e9crypt\u00e9s \u00e0 travers des jeux \u00e9tymologiques repris de Fulgence. Un voile se l\u00e8ve peu \u00e0 peu sur une r\u00e9v\u00e9lation, un voile nomm\u00e9 <em>integumentum<\/em>.<\/p>\n<p>Un manuscrit tardif attribue ce commentaire \u00e0 Bernard Silvestre, un professeur tourangeau proche des ma\u00eetres de l\u2019\u00e9cole de Chartres. Nains assis sur les \u00e9paules des g\u00e9ants de l\u2019Antiquit\u00e9, ces clercs m\u00e9di\u00e9vaux se con\u00e7oivent comme des esprits novateurs, mais aussi comme des passeurs. Le Commentaire sur l\u2019<em>\u00c9n\u00e9ide <\/em>a \u00e9t\u00e9 connu de Boccace, il a sans doute inspir\u00e9 Dante. Il est donc un maillon essentiel de la cha\u00eene de transmission et d\u2019interpr\u00e9tation des mythes gr\u00e9co-latins. Il est ici traduit et comment\u00e9 pour la premi\u00e8re fois en fran\u00e7ais.<\/p>\n<p>Source : Cette recension a \u00e9t\u00e9 publi\u00e9e dans le <a href=\"https:\/\/www.semen-l.org\/?p=2391\">Bulletin de liaison n\u00b020 (d\u00e9cembre 2022)<\/a> de la SEMEN-L (p. 42).<\/p>\n","protected":false},"excerpt":{"rendered":"<p>Bernard Silvestre, Repenser l\u2019\u00c9n\u00e9ide. \u00c9dition, traduction et commentaire de F. Mora-Lebrun, Presses Universitaires du Septentrion, collection Mythographes, Villeneuve d\u2019Ascq, 2022. Livre broch\u00e9, 380 p. ISBN 978-2-7574-3770-4. \u00c9crit au XIIe si\u00e8cle, le Commentaire sur les six premiers livres de l&rsquo;\u00c9n\u00e9ide interpr\u00e8te &hellip; <a href=\"https:\/\/www.semen-l.org\/?p=3039\">Continuer la lecture <span class=\"meta-nav\">&rarr;<\/span><\/a><\/p>\n","protected":false},"author":26,"featured_media":0,"comment_status":"open","ping_status":"open","sticky":false,"template":"","format":"standard","meta":{"footnotes":""},"categories":[1825],"tags":[779,1908,1909,1910,1836,417,139,54],"class_list":["post-3039","post","type-post","status-publish","format-standard","hentry","category-recensions","tag-bernard-silvestre","tag-commentaire-sur-leneide-bernard-silvestre","tag-eneide","tag-etymologie","tag-fulgence","tag-mythologie","tag-philosophie","tag-virgile"],"yoast_head":"<!-- This site is optimized with the Yoast SEO plugin v27.5 - https:\/\/yoast.com\/product\/yoast-seo-wordpress\/ -->\n<title>Bernard Silvestre, Repenser l\u2019\u00c9n\u00e9ide. \u00c9dition, traduction et commentaire de F. Mora-Lebrun, Presses Universitaires du Septentrion, collection Mythographes, Villeneuve d\u2019Ascq, 2022. Livre broch\u00e9, 380 p. ISBN 978-2-7574-3770-4. - Soci\u00e9t\u00e9 d&#039;\u00c9tudes M\u00e9dio Et N\u00e9o-Latines<\/title>\n<meta name=\"robots\" content=\"index, follow, max-snippet:-1, max-image-preview:large, max-video-preview:-1\" \/>\n<link rel=\"canonical\" href=\"https:\/\/www.semen-l.org\/?p=3039\" \/>\n<meta property=\"og:locale\" content=\"fr_FR\" \/>\n<meta property=\"og:type\" content=\"article\" \/>\n<meta property=\"og:title\" content=\"Bernard Silvestre, Repenser l\u2019\u00c9n\u00e9ide. \u00c9dition, traduction et commentaire de F. Mora-Lebrun, Presses Universitaires du Septentrion, collection Mythographes, Villeneuve d\u2019Ascq, 2022. Livre broch\u00e9, 380 p. ISBN 978-2-7574-3770-4. - Soci\u00e9t\u00e9 d&#039;\u00c9tudes M\u00e9dio Et N\u00e9o-Latines\" \/>\n<meta property=\"og:description\" content=\"Bernard Silvestre, Repenser l\u2019\u00c9n\u00e9ide. \u00c9dition, traduction et commentaire de F. Mora-Lebrun, Presses Universitaires du Septentrion, collection Mythographes, Villeneuve d\u2019Ascq, 2022. Livre broch\u00e9, 380 p. ISBN 978-2-7574-3770-4. \u00c9crit au XIIe si\u00e8cle, le Commentaire sur les six premiers livres de l&rsquo;\u00c9n\u00e9ide interpr\u00e8te &hellip; Continuer la lecture &rarr;\" \/>\n<meta property=\"og:url\" content=\"https:\/\/www.semen-l.org\/?p=3039\" \/>\n<meta property=\"og:site_name\" content=\"Soci\u00e9t\u00e9 d&#039;\u00c9tudes M\u00e9dio Et N\u00e9o-Latines\" \/>\n<meta property=\"article:publisher\" content=\"https:\/\/www.facebook.com\/SEMENL2018\" \/>\n<meta property=\"article:published_time\" content=\"2022-12-07T18:54:20+00:00\" \/>\n<meta property=\"article:modified_time\" content=\"2024-02-07T18:56:17+00:00\" \/>\n<meta name=\"author\" content=\"Julien Maudoux\" \/>\n<meta name=\"twitter:card\" content=\"summary_large_image\" \/>\n<meta name=\"twitter:label1\" content=\"\u00c9crit par\" \/>\n\t<meta name=\"twitter:data1\" content=\"Julien Maudoux\" \/>\n\t<meta name=\"twitter:label2\" content=\"Dur\u00e9e de lecture estim\u00e9e\" \/>\n\t<meta name=\"twitter:data2\" content=\"2 minutes\" \/>\n<script type=\"application\/ld+json\" class=\"yoast-schema-graph\">{\"@context\":\"https:\\\/\\\/schema.org\",\"@graph\":[{\"@type\":\"Article\",\"@id\":\"https:\\\/\\\/www.semen-l.org\\\/?p=3039#article\",\"isPartOf\":{\"@id\":\"https:\\\/\\\/www.semen-l.org\\\/?p=3039\"},\"author\":{\"name\":\"Julien Maudoux\",\"@id\":\"http:\\\/\\\/www.semen-l.org\\\/#\\\/schema\\\/person\\\/ef5208815f17666727763c5363a51344\"},\"headline\":\"Bernard Silvestre, Repenser l\u2019\u00c9n\u00e9ide. \u00c9dition, traduction et commentaire de F. Mora-Lebrun, Presses Universitaires du Septentrion, collection Mythographes, Villeneuve d\u2019Ascq, 2022. Livre broch\u00e9, 380 p. ISBN 978-2-7574-3770-4.\",\"datePublished\":\"2022-12-07T18:54:20+00:00\",\"dateModified\":\"2024-02-07T18:56:17+00:00\",\"mainEntityOfPage\":{\"@id\":\"https:\\\/\\\/www.semen-l.org\\\/?p=3039\"},\"wordCount\":271,\"commentCount\":0,\"publisher\":{\"@id\":\"http:\\\/\\\/www.semen-l.org\\\/#organization\"},\"keywords\":[\"Bernard Silvestre\",\"Commentaire sur l'\u00c9n\u00e9ide (Bernard Silvestre)\",\"\u00c9n\u00e9ide\",\"\u00e9tymologie\",\"Fulgence\",\"mythologie\",\"philosophie\",\"Virgile\"],\"articleSection\":[\"Recensions\"],\"inLanguage\":\"fr-FR\",\"potentialAction\":[{\"@type\":\"CommentAction\",\"name\":\"Comment\",\"target\":[\"https:\\\/\\\/www.semen-l.org\\\/?p=3039#respond\"]}]},{\"@type\":\"WebPage\",\"@id\":\"https:\\\/\\\/www.semen-l.org\\\/?p=3039\",\"url\":\"https:\\\/\\\/www.semen-l.org\\\/?p=3039\",\"name\":\"Bernard Silvestre, Repenser l\u2019\u00c9n\u00e9ide. \u00c9dition, traduction et commentaire de F. Mora-Lebrun, Presses Universitaires du Septentrion, collection Mythographes, Villeneuve d\u2019Ascq, 2022. Livre broch\u00e9, 380 p. ISBN 978-2-7574-3770-4. - Soci\u00e9t\u00e9 d&#039;\u00c9tudes M\u00e9dio Et N\u00e9o-Latines\",\"isPartOf\":{\"@id\":\"http:\\\/\\\/www.semen-l.org\\\/#website\"},\"datePublished\":\"2022-12-07T18:54:20+00:00\",\"dateModified\":\"2024-02-07T18:56:17+00:00\",\"breadcrumb\":{\"@id\":\"https:\\\/\\\/www.semen-l.org\\\/?p=3039#breadcrumb\"},\"inLanguage\":\"fr-FR\",\"potentialAction\":[{\"@type\":\"ReadAction\",\"target\":[\"https:\\\/\\\/www.semen-l.org\\\/?p=3039\"]}]},{\"@type\":\"BreadcrumbList\",\"@id\":\"https:\\\/\\\/www.semen-l.org\\\/?p=3039#breadcrumb\",\"itemListElement\":[{\"@type\":\"ListItem\",\"position\":1,\"name\":\"Accueil\",\"item\":\"http:\\\/\\\/www.semen-l.org\\\/\"},{\"@type\":\"ListItem\",\"position\":2,\"name\":\"Bernard Silvestre, Repenser l\u2019\u00c9n\u00e9ide. \u00c9dition, traduction et commentaire de F. Mora-Lebrun, Presses Universitaires du Septentrion, collection Mythographes, Villeneuve d\u2019Ascq, 2022. Livre broch\u00e9, 380 p. ISBN 978-2-7574-3770-4.\"}]},{\"@type\":\"WebSite\",\"@id\":\"http:\\\/\\\/www.semen-l.org\\\/#website\",\"url\":\"http:\\\/\\\/www.semen-l.org\\\/\",\"name\":\"Soci\u00e9t\u00e9 d'\u00c9tudes M\u00e9dio Et N\u00e9o-Latines\",\"description\":\"\",\"publisher\":{\"@id\":\"http:\\\/\\\/www.semen-l.org\\\/#organization\"},\"potentialAction\":[{\"@type\":\"SearchAction\",\"target\":{\"@type\":\"EntryPoint\",\"urlTemplate\":\"http:\\\/\\\/www.semen-l.org\\\/?s={search_term_string}\"},\"query-input\":{\"@type\":\"PropertyValueSpecification\",\"valueRequired\":true,\"valueName\":\"search_term_string\"}}],\"inLanguage\":\"fr-FR\"},{\"@type\":\"Organization\",\"@id\":\"http:\\\/\\\/www.semen-l.org\\\/#organization\",\"name\":\"Soci\u00e9t\u00e9 d'\u00e9tudes m\u00e9dio et n\u00e9o-latines\",\"url\":\"http:\\\/\\\/www.semen-l.org\\\/\",\"logo\":{\"@type\":\"ImageObject\",\"inLanguage\":\"fr-FR\",\"@id\":\"http:\\\/\\\/www.semen-l.org\\\/#\\\/schema\\\/logo\\\/image\\\/\",\"url\":\"http:\\\/\\\/www.semen-l.org\\\/wp-content\\\/uploads\\\/2020\\\/11\\\/logo-semenl.jpg\",\"contentUrl\":\"http:\\\/\\\/www.semen-l.org\\\/wp-content\\\/uploads\\\/2020\\\/11\\\/logo-semenl.jpg\",\"width\":408,\"height\":403,\"caption\":\"Soci\u00e9t\u00e9 d'\u00e9tudes m\u00e9dio et n\u00e9o-latines\"},\"image\":{\"@id\":\"http:\\\/\\\/www.semen-l.org\\\/#\\\/schema\\\/logo\\\/image\\\/\"},\"sameAs\":[\"https:\\\/\\\/www.facebook.com\\\/SEMENL2018\",\"https:\\\/\\\/independent.academia.edu\\\/SocitsdtudesmdioetnolatinesSEMENL\"]},{\"@type\":\"Person\",\"@id\":\"http:\\\/\\\/www.semen-l.org\\\/#\\\/schema\\\/person\\\/ef5208815f17666727763c5363a51344\",\"name\":\"Julien Maudoux\",\"image\":{\"@type\":\"ImageObject\",\"inLanguage\":\"fr-FR\",\"@id\":\"https:\\\/\\\/secure.gravatar.com\\\/avatar\\\/caabf4fb6242e2277733cd35a5c2aa083761ea25dae1d1ff3298b54292225292?s=96&d=mm&r=g\",\"url\":\"https:\\\/\\\/secure.gravatar.com\\\/avatar\\\/caabf4fb6242e2277733cd35a5c2aa083761ea25dae1d1ff3298b54292225292?s=96&d=mm&r=g\",\"contentUrl\":\"https:\\\/\\\/secure.gravatar.com\\\/avatar\\\/caabf4fb6242e2277733cd35a5c2aa083761ea25dae1d1ff3298b54292225292?s=96&d=mm&r=g\",\"caption\":\"Julien Maudoux\"},\"description\":\"Webmestre du site de la SEMEN-L\",\"url\":\"https:\\\/\\\/www.semen-l.org\\\/?author=26\"}]}<\/script>\n<!-- \/ Yoast SEO plugin. -->","yoast_head_json":{"title":"Bernard Silvestre, Repenser l\u2019\u00c9n\u00e9ide. \u00c9dition, traduction et commentaire de F. Mora-Lebrun, Presses Universitaires du Septentrion, collection Mythographes, Villeneuve d\u2019Ascq, 2022. Livre broch\u00e9, 380 p. ISBN 978-2-7574-3770-4. - Soci\u00e9t\u00e9 d&#039;\u00c9tudes M\u00e9dio Et N\u00e9o-Latines","robots":{"index":"index","follow":"follow","max-snippet":"max-snippet:-1","max-image-preview":"max-image-preview:large","max-video-preview":"max-video-preview:-1"},"canonical":"https:\/\/www.semen-l.org\/?p=3039","og_locale":"fr_FR","og_type":"article","og_title":"Bernard Silvestre, Repenser l\u2019\u00c9n\u00e9ide. \u00c9dition, traduction et commentaire de F. Mora-Lebrun, Presses Universitaires du Septentrion, collection Mythographes, Villeneuve d\u2019Ascq, 2022. Livre broch\u00e9, 380 p. ISBN 978-2-7574-3770-4. - Soci\u00e9t\u00e9 d&#039;\u00c9tudes M\u00e9dio Et N\u00e9o-Latines","og_description":"Bernard Silvestre, Repenser l\u2019\u00c9n\u00e9ide. \u00c9dition, traduction et commentaire de F. Mora-Lebrun, Presses Universitaires du Septentrion, collection Mythographes, Villeneuve d\u2019Ascq, 2022. Livre broch\u00e9, 380 p. ISBN 978-2-7574-3770-4. \u00c9crit au XIIe si\u00e8cle, le Commentaire sur les six premiers livres de l&rsquo;\u00c9n\u00e9ide interpr\u00e8te &hellip; Continuer la lecture &rarr;","og_url":"https:\/\/www.semen-l.org\/?p=3039","og_site_name":"Soci\u00e9t\u00e9 d&#039;\u00c9tudes M\u00e9dio Et N\u00e9o-Latines","article_publisher":"https:\/\/www.facebook.com\/SEMENL2018","article_published_time":"2022-12-07T18:54:20+00:00","article_modified_time":"2024-02-07T18:56:17+00:00","author":"Julien Maudoux","twitter_card":"summary_large_image","twitter_misc":{"\u00c9crit par":"Julien Maudoux","Dur\u00e9e de lecture estim\u00e9e":"2 minutes"},"schema":{"@context":"https:\/\/schema.org","@graph":[{"@type":"Article","@id":"https:\/\/www.semen-l.org\/?p=3039#article","isPartOf":{"@id":"https:\/\/www.semen-l.org\/?p=3039"},"author":{"name":"Julien Maudoux","@id":"http:\/\/www.semen-l.org\/#\/schema\/person\/ef5208815f17666727763c5363a51344"},"headline":"Bernard Silvestre, Repenser l\u2019\u00c9n\u00e9ide. \u00c9dition, traduction et commentaire de F. Mora-Lebrun, Presses Universitaires du Septentrion, collection Mythographes, Villeneuve d\u2019Ascq, 2022. Livre broch\u00e9, 380 p. ISBN 978-2-7574-3770-4.","datePublished":"2022-12-07T18:54:20+00:00","dateModified":"2024-02-07T18:56:17+00:00","mainEntityOfPage":{"@id":"https:\/\/www.semen-l.org\/?p=3039"},"wordCount":271,"commentCount":0,"publisher":{"@id":"http:\/\/www.semen-l.org\/#organization"},"keywords":["Bernard Silvestre","Commentaire sur l'\u00c9n\u00e9ide (Bernard Silvestre)","\u00c9n\u00e9ide","\u00e9tymologie","Fulgence","mythologie","philosophie","Virgile"],"articleSection":["Recensions"],"inLanguage":"fr-FR","potentialAction":[{"@type":"CommentAction","name":"Comment","target":["https:\/\/www.semen-l.org\/?p=3039#respond"]}]},{"@type":"WebPage","@id":"https:\/\/www.semen-l.org\/?p=3039","url":"https:\/\/www.semen-l.org\/?p=3039","name":"Bernard Silvestre, Repenser l\u2019\u00c9n\u00e9ide. \u00c9dition, traduction et commentaire de F. Mora-Lebrun, Presses Universitaires du Septentrion, collection Mythographes, Villeneuve d\u2019Ascq, 2022. Livre broch\u00e9, 380 p. ISBN 978-2-7574-3770-4. - Soci\u00e9t\u00e9 d&#039;\u00c9tudes M\u00e9dio Et N\u00e9o-Latines","isPartOf":{"@id":"http:\/\/www.semen-l.org\/#website"},"datePublished":"2022-12-07T18:54:20+00:00","dateModified":"2024-02-07T18:56:17+00:00","breadcrumb":{"@id":"https:\/\/www.semen-l.org\/?p=3039#breadcrumb"},"inLanguage":"fr-FR","potentialAction":[{"@type":"ReadAction","target":["https:\/\/www.semen-l.org\/?p=3039"]}]},{"@type":"BreadcrumbList","@id":"https:\/\/www.semen-l.org\/?p=3039#breadcrumb","itemListElement":[{"@type":"ListItem","position":1,"name":"Accueil","item":"http:\/\/www.semen-l.org\/"},{"@type":"ListItem","position":2,"name":"Bernard Silvestre, Repenser l\u2019\u00c9n\u00e9ide. \u00c9dition, traduction et commentaire de F. Mora-Lebrun, Presses Universitaires du Septentrion, collection Mythographes, Villeneuve d\u2019Ascq, 2022. Livre broch\u00e9, 380 p. ISBN 978-2-7574-3770-4."}]},{"@type":"WebSite","@id":"http:\/\/www.semen-l.org\/#website","url":"http:\/\/www.semen-l.org\/","name":"Soci\u00e9t\u00e9 d'\u00c9tudes M\u00e9dio Et N\u00e9o-Latines","description":"","publisher":{"@id":"http:\/\/www.semen-l.org\/#organization"},"potentialAction":[{"@type":"SearchAction","target":{"@type":"EntryPoint","urlTemplate":"http:\/\/www.semen-l.org\/?s={search_term_string}"},"query-input":{"@type":"PropertyValueSpecification","valueRequired":true,"valueName":"search_term_string"}}],"inLanguage":"fr-FR"},{"@type":"Organization","@id":"http:\/\/www.semen-l.org\/#organization","name":"Soci\u00e9t\u00e9 d'\u00e9tudes m\u00e9dio et n\u00e9o-latines","url":"http:\/\/www.semen-l.org\/","logo":{"@type":"ImageObject","inLanguage":"fr-FR","@id":"http:\/\/www.semen-l.org\/#\/schema\/logo\/image\/","url":"http:\/\/www.semen-l.org\/wp-content\/uploads\/2020\/11\/logo-semenl.jpg","contentUrl":"http:\/\/www.semen-l.org\/wp-content\/uploads\/2020\/11\/logo-semenl.jpg","width":408,"height":403,"caption":"Soci\u00e9t\u00e9 d'\u00e9tudes m\u00e9dio et n\u00e9o-latines"},"image":{"@id":"http:\/\/www.semen-l.org\/#\/schema\/logo\/image\/"},"sameAs":["https:\/\/www.facebook.com\/SEMENL2018","https:\/\/independent.academia.edu\/SocitsdtudesmdioetnolatinesSEMENL"]},{"@type":"Person","@id":"http:\/\/www.semen-l.org\/#\/schema\/person\/ef5208815f17666727763c5363a51344","name":"Julien Maudoux","image":{"@type":"ImageObject","inLanguage":"fr-FR","@id":"https:\/\/secure.gravatar.com\/avatar\/caabf4fb6242e2277733cd35a5c2aa083761ea25dae1d1ff3298b54292225292?s=96&d=mm&r=g","url":"https:\/\/secure.gravatar.com\/avatar\/caabf4fb6242e2277733cd35a5c2aa083761ea25dae1d1ff3298b54292225292?s=96&d=mm&r=g","contentUrl":"https:\/\/secure.gravatar.com\/avatar\/caabf4fb6242e2277733cd35a5c2aa083761ea25dae1d1ff3298b54292225292?s=96&d=mm&r=g","caption":"Julien Maudoux"},"description":"Webmestre du site de la SEMEN-L","url":"https:\/\/www.semen-l.org\/?author=26"}]}},"jetpack_featured_media_url":"","_links":{"self":[{"href":"https:\/\/www.semen-l.org\/index.php?rest_route=\/wp\/v2\/posts\/3039","targetHints":{"allow":["GET"]}}],"collection":[{"href":"https:\/\/www.semen-l.org\/index.php?rest_route=\/wp\/v2\/posts"}],"about":[{"href":"https:\/\/www.semen-l.org\/index.php?rest_route=\/wp\/v2\/types\/post"}],"author":[{"embeddable":true,"href":"https:\/\/www.semen-l.org\/index.php?rest_route=\/wp\/v2\/users\/26"}],"replies":[{"embeddable":true,"href":"https:\/\/www.semen-l.org\/index.php?rest_route=%2Fwp%2Fv2%2Fcomments&post=3039"}],"version-history":[{"count":0,"href":"https:\/\/www.semen-l.org\/index.php?rest_route=\/wp\/v2\/posts\/3039\/revisions"}],"wp:attachment":[{"href":"https:\/\/www.semen-l.org\/index.php?rest_route=%2Fwp%2Fv2%2Fmedia&parent=3039"}],"wp:term":[{"taxonomy":"category","embeddable":true,"href":"https:\/\/www.semen-l.org\/index.php?rest_route=%2Fwp%2Fv2%2Fcategories&post=3039"},{"taxonomy":"post_tag","embeddable":true,"href":"https:\/\/www.semen-l.org\/index.php?rest_route=%2Fwp%2Fv2%2Ftags&post=3039"}],"curies":[{"name":"wp","href":"https:\/\/api.w.org\/{rel}","templated":true}]}}