{"id":3037,"date":"2022-12-07T18:53:12","date_gmt":"2022-12-07T18:53:12","guid":{"rendered":"https:\/\/www.semen-l.org\/?p=3037"},"modified":"2024-02-07T18:54:08","modified_gmt":"2024-02-07T18:54:08","slug":"carolus-quintus-kaiser-karl-v-in-der-neulateinischen-literatur-lempereur-charles-quint-dans-la-litterature-neo-latine-sous-la-direction-de-m-laureys-v-leroux-s-tilg-et-f-schaffenrat","status":"publish","type":"post","link":"https:\/\/www.semen-l.org\/?p=3037","title":{"rendered":"Carolus Quintus. Kaiser Karl V. in der neulateinischen Literatur\/ L\u2019empereur Charles Quint dans la litt\u00e9rature n\u00e9o-latine. Sous la direction de M. Laureys, V. Leroux, S. Tilg et F. Schaffenrath, T\u00fcbingen, Narr Verlag, 2022, 318 p. ISBN : 978-3-8233-8481-6."},"content":{"rendered":"<p><strong><em>Carolus Quintus. Kaiser Karl V. in der neulateinischen Literatur\/ L\u2019empereur Charles Quint dans la litt\u00e9rature n\u00e9o-latine<\/em>. <\/strong>Sous la direction de M. Laureys, V. Leroux, S. Tilg et F. Schaffenrath, T\u00fcbingen, Narr Verlag, 2022, 318 p. ISBN : 978-3-8233-8481-6.<\/p>\n<p>Contributions de Giancarlo Abbamonte, David Amherdt, Thomas Baier, Roland B\u00e9har, Stefan Feddern, Magnus Ulrich Ferber, Virginia Ghelarducci, Stephen Harrison, Marc Kaufmann, Sylvie, Laigneau-Fontaine, Jean-Marie Le Gall, Virginie Leroux, Robert Seidel, Emilie S\u00e9ris, Tristan S. Taylor.<\/p>\n<p>Le r\u00e8gne de Charles Quint (1519-1556) est l\u2019un des terrains les plus favorables \u00e0 l\u2019expansion europ\u00e9enne de l\u2019humanisme. Cependant, la repr\u00e9sentation de l\u2019empereur dans la litt\u00e9rature, en particulier n\u00e9o-latine, n\u2019a pas encore re\u00e7ue toute l\u2019attention qu\u2019elle m\u00e9rite. Par une s\u00e9rie d\u2019\u00e9tudes de cas, ce volume contribue \u00e0 une connaissance plus approfondie du mythe imp\u00e9rial.<\/p>\n<p>Source : Cette recension a \u00e9t\u00e9 publi\u00e9e dans le <a href=\"https:\/\/www.semen-l.org\/?p=2391\">Bulletin de liaison n\u00b020 (d\u00e9cembre 2022)<\/a> de la SEMEN-L (p. 42).<\/p>\n","protected":false},"excerpt":{"rendered":"<p>Carolus Quintus. Kaiser Karl V. in der neulateinischen Literatur\/ L\u2019empereur Charles Quint dans la litt\u00e9rature n\u00e9o-latine. Sous la direction de M. Laureys, V. Leroux, S. Tilg et F. Schaffenrath, T\u00fcbingen, Narr Verlag, 2022, 318 p. ISBN : 978-3-8233-8481-6. Contributions de &hellip; <a href=\"https:\/\/www.semen-l.org\/?p=3037\">Continuer la lecture <span class=\"meta-nav\">&rarr;<\/span><\/a><\/p>\n","protected":false},"author":26,"featured_media":0,"comment_status":"open","ping_status":"open","sticky":false,"template":"","format":"standard","meta":{"footnotes":""},"categories":[1825],"tags":[1177,144,418],"class_list":["post-3037","post","type-post","status-publish","format-standard","hentry","category-recensions","tag-charles-quint","tag-humanisme","tag-politique"],"yoast_head":"<!-- This site is optimized with the Yoast SEO plugin v27.5 - https:\/\/yoast.com\/product\/yoast-seo-wordpress\/ -->\n<title>Carolus Quintus. Kaiser Karl V. in der neulateinischen Literatur\/ L\u2019empereur Charles Quint dans la litt\u00e9rature n\u00e9o-latine. Sous la direction de M. Laureys, V. Leroux, S. Tilg et F. Schaffenrath, T\u00fcbingen, Narr Verlag, 2022, 318 p. ISBN : 978-3-8233-8481-6. - Soci\u00e9t\u00e9 d&#039;\u00c9tudes M\u00e9dio Et N\u00e9o-Latines<\/title>\n<meta name=\"robots\" content=\"index, follow, max-snippet:-1, max-image-preview:large, max-video-preview:-1\" \/>\n<link rel=\"canonical\" href=\"http:\/\/www.semen-l.org\/?p=3037\" \/>\n<meta property=\"og:locale\" content=\"fr_FR\" \/>\n<meta property=\"og:type\" content=\"article\" \/>\n<meta property=\"og:title\" content=\"Carolus Quintus. Kaiser Karl V. in der neulateinischen Literatur\/ L\u2019empereur Charles Quint dans la litt\u00e9rature n\u00e9o-latine. Sous la direction de M. Laureys, V. Leroux, S. Tilg et F. Schaffenrath, T\u00fcbingen, Narr Verlag, 2022, 318 p. ISBN : 978-3-8233-8481-6. - Soci\u00e9t\u00e9 d&#039;\u00c9tudes M\u00e9dio Et N\u00e9o-Latines\" \/>\n<meta property=\"og:description\" content=\"Carolus Quintus. Kaiser Karl V. in der neulateinischen Literatur\/ L\u2019empereur Charles Quint dans la litt\u00e9rature n\u00e9o-latine. Sous la direction de M. Laureys, V. Leroux, S. Tilg et F. Schaffenrath, T\u00fcbingen, Narr Verlag, 2022, 318 p. ISBN : 978-3-8233-8481-6. Contributions de &hellip; Continuer la lecture &rarr;\" \/>\n<meta property=\"og:url\" content=\"http:\/\/www.semen-l.org\/?p=3037\" \/>\n<meta property=\"og:site_name\" content=\"Soci\u00e9t\u00e9 d&#039;\u00c9tudes M\u00e9dio Et N\u00e9o-Latines\" \/>\n<meta property=\"article:publisher\" content=\"https:\/\/www.facebook.com\/SEMENL2018\" \/>\n<meta property=\"article:published_time\" content=\"2022-12-07T18:53:12+00:00\" \/>\n<meta property=\"article:modified_time\" content=\"2024-02-07T18:54:08+00:00\" \/>\n<meta name=\"author\" content=\"Julien Maudoux\" \/>\n<meta name=\"twitter:card\" content=\"summary_large_image\" \/>\n<meta name=\"twitter:label1\" content=\"\u00c9crit par\" \/>\n\t<meta name=\"twitter:data1\" content=\"Julien Maudoux\" \/>\n\t<meta name=\"twitter:label2\" content=\"Dur\u00e9e de lecture estim\u00e9e\" \/>\n\t<meta name=\"twitter:data2\" content=\"1 minute\" \/>\n<script type=\"application\/ld+json\" class=\"yoast-schema-graph\">{\"@context\":\"https:\\\/\\\/schema.org\",\"@graph\":[{\"@type\":\"Article\",\"@id\":\"http:\\\/\\\/www.semen-l.org\\\/?p=3037#article\",\"isPartOf\":{\"@id\":\"http:\\\/\\\/www.semen-l.org\\\/?p=3037\"},\"author\":{\"name\":\"Julien Maudoux\",\"@id\":\"http:\\\/\\\/www.semen-l.org\\\/#\\\/schema\\\/person\\\/ef5208815f17666727763c5363a51344\"},\"headline\":\"Carolus Quintus. Kaiser Karl V. in der neulateinischen Literatur\\\/ L\u2019empereur Charles Quint dans la litt\u00e9rature n\u00e9o-latine. Sous la direction de M. Laureys, V. Leroux, S. Tilg et F. Schaffenrath, T\u00fcbingen, Narr Verlag, 2022, 318 p. ISBN : 978-3-8233-8481-6.\",\"datePublished\":\"2022-12-07T18:53:12+00:00\",\"dateModified\":\"2024-02-07T18:54:08+00:00\",\"mainEntityOfPage\":{\"@id\":\"http:\\\/\\\/www.semen-l.org\\\/?p=3037\"},\"wordCount\":209,\"commentCount\":0,\"publisher\":{\"@id\":\"http:\\\/\\\/www.semen-l.org\\\/#organization\"},\"keywords\":[\"Charles Quint\",\"humanisme\",\"politique\"],\"articleSection\":[\"Recensions\"],\"inLanguage\":\"fr-FR\",\"potentialAction\":[{\"@type\":\"CommentAction\",\"name\":\"Comment\",\"target\":[\"http:\\\/\\\/www.semen-l.org\\\/?p=3037#respond\"]}]},{\"@type\":\"WebPage\",\"@id\":\"http:\\\/\\\/www.semen-l.org\\\/?p=3037\",\"url\":\"http:\\\/\\\/www.semen-l.org\\\/?p=3037\",\"name\":\"Carolus Quintus. Kaiser Karl V. in der neulateinischen Literatur\\\/ L\u2019empereur Charles Quint dans la litt\u00e9rature n\u00e9o-latine. Sous la direction de M. Laureys, V. Leroux, S. Tilg et F. Schaffenrath, T\u00fcbingen, Narr Verlag, 2022, 318 p. ISBN : 978-3-8233-8481-6. - Soci\u00e9t\u00e9 d&#039;\u00c9tudes M\u00e9dio Et N\u00e9o-Latines\",\"isPartOf\":{\"@id\":\"http:\\\/\\\/www.semen-l.org\\\/#website\"},\"datePublished\":\"2022-12-07T18:53:12+00:00\",\"dateModified\":\"2024-02-07T18:54:08+00:00\",\"breadcrumb\":{\"@id\":\"http:\\\/\\\/www.semen-l.org\\\/?p=3037#breadcrumb\"},\"inLanguage\":\"fr-FR\",\"potentialAction\":[{\"@type\":\"ReadAction\",\"target\":[\"http:\\\/\\\/www.semen-l.org\\\/?p=3037\"]}]},{\"@type\":\"BreadcrumbList\",\"@id\":\"http:\\\/\\\/www.semen-l.org\\\/?p=3037#breadcrumb\",\"itemListElement\":[{\"@type\":\"ListItem\",\"position\":1,\"name\":\"Accueil\",\"item\":\"http:\\\/\\\/www.semen-l.org\\\/\"},{\"@type\":\"ListItem\",\"position\":2,\"name\":\"Carolus Quintus. Kaiser Karl V. in der neulateinischen Literatur\\\/ L\u2019empereur Charles Quint dans la litt\u00e9rature n\u00e9o-latine. Sous la direction de M. Laureys, V. Leroux, S. Tilg et F. Schaffenrath, T\u00fcbingen, Narr Verlag, 2022, 318 p. ISBN : 978-3-8233-8481-6.\"}]},{\"@type\":\"WebSite\",\"@id\":\"http:\\\/\\\/www.semen-l.org\\\/#website\",\"url\":\"http:\\\/\\\/www.semen-l.org\\\/\",\"name\":\"Soci\u00e9t\u00e9 d'\u00c9tudes M\u00e9dio Et N\u00e9o-Latines\",\"description\":\"\",\"publisher\":{\"@id\":\"http:\\\/\\\/www.semen-l.org\\\/#organization\"},\"potentialAction\":[{\"@type\":\"SearchAction\",\"target\":{\"@type\":\"EntryPoint\",\"urlTemplate\":\"http:\\\/\\\/www.semen-l.org\\\/?s={search_term_string}\"},\"query-input\":{\"@type\":\"PropertyValueSpecification\",\"valueRequired\":true,\"valueName\":\"search_term_string\"}}],\"inLanguage\":\"fr-FR\"},{\"@type\":\"Organization\",\"@id\":\"http:\\\/\\\/www.semen-l.org\\\/#organization\",\"name\":\"Soci\u00e9t\u00e9 d'\u00e9tudes m\u00e9dio et n\u00e9o-latines\",\"url\":\"http:\\\/\\\/www.semen-l.org\\\/\",\"logo\":{\"@type\":\"ImageObject\",\"inLanguage\":\"fr-FR\",\"@id\":\"http:\\\/\\\/www.semen-l.org\\\/#\\\/schema\\\/logo\\\/image\\\/\",\"url\":\"http:\\\/\\\/www.semen-l.org\\\/wp-content\\\/uploads\\\/2020\\\/11\\\/logo-semenl.jpg\",\"contentUrl\":\"http:\\\/\\\/www.semen-l.org\\\/wp-content\\\/uploads\\\/2020\\\/11\\\/logo-semenl.jpg\",\"width\":408,\"height\":403,\"caption\":\"Soci\u00e9t\u00e9 d'\u00e9tudes m\u00e9dio et n\u00e9o-latines\"},\"image\":{\"@id\":\"http:\\\/\\\/www.semen-l.org\\\/#\\\/schema\\\/logo\\\/image\\\/\"},\"sameAs\":[\"https:\\\/\\\/www.facebook.com\\\/SEMENL2018\",\"https:\\\/\\\/independent.academia.edu\\\/SocitsdtudesmdioetnolatinesSEMENL\"]},{\"@type\":\"Person\",\"@id\":\"http:\\\/\\\/www.semen-l.org\\\/#\\\/schema\\\/person\\\/ef5208815f17666727763c5363a51344\",\"name\":\"Julien Maudoux\",\"image\":{\"@type\":\"ImageObject\",\"inLanguage\":\"fr-FR\",\"@id\":\"https:\\\/\\\/secure.gravatar.com\\\/avatar\\\/caabf4fb6242e2277733cd35a5c2aa083761ea25dae1d1ff3298b54292225292?s=96&d=mm&r=g\",\"url\":\"https:\\\/\\\/secure.gravatar.com\\\/avatar\\\/caabf4fb6242e2277733cd35a5c2aa083761ea25dae1d1ff3298b54292225292?s=96&d=mm&r=g\",\"contentUrl\":\"https:\\\/\\\/secure.gravatar.com\\\/avatar\\\/caabf4fb6242e2277733cd35a5c2aa083761ea25dae1d1ff3298b54292225292?s=96&d=mm&r=g\",\"caption\":\"Julien Maudoux\"},\"description\":\"Webmestre du site de la SEMEN-L\",\"url\":\"https:\\\/\\\/www.semen-l.org\\\/?author=26\"}]}<\/script>\n<!-- \/ Yoast SEO plugin. -->","yoast_head_json":{"title":"Carolus Quintus. Kaiser Karl V. in der neulateinischen Literatur\/ L\u2019empereur Charles Quint dans la litt\u00e9rature n\u00e9o-latine. Sous la direction de M. Laureys, V. Leroux, S. Tilg et F. Schaffenrath, T\u00fcbingen, Narr Verlag, 2022, 318 p. ISBN : 978-3-8233-8481-6. - Soci\u00e9t\u00e9 d&#039;\u00c9tudes M\u00e9dio Et N\u00e9o-Latines","robots":{"index":"index","follow":"follow","max-snippet":"max-snippet:-1","max-image-preview":"max-image-preview:large","max-video-preview":"max-video-preview:-1"},"canonical":"http:\/\/www.semen-l.org\/?p=3037","og_locale":"fr_FR","og_type":"article","og_title":"Carolus Quintus. Kaiser Karl V. in der neulateinischen Literatur\/ L\u2019empereur Charles Quint dans la litt\u00e9rature n\u00e9o-latine. Sous la direction de M. Laureys, V. Leroux, S. Tilg et F. Schaffenrath, T\u00fcbingen, Narr Verlag, 2022, 318 p. ISBN : 978-3-8233-8481-6. - Soci\u00e9t\u00e9 d&#039;\u00c9tudes M\u00e9dio Et N\u00e9o-Latines","og_description":"Carolus Quintus. Kaiser Karl V. in der neulateinischen Literatur\/ L\u2019empereur Charles Quint dans la litt\u00e9rature n\u00e9o-latine. Sous la direction de M. Laureys, V. Leroux, S. Tilg et F. Schaffenrath, T\u00fcbingen, Narr Verlag, 2022, 318 p. ISBN : 978-3-8233-8481-6. Contributions de &hellip; Continuer la lecture &rarr;","og_url":"http:\/\/www.semen-l.org\/?p=3037","og_site_name":"Soci\u00e9t\u00e9 d&#039;\u00c9tudes M\u00e9dio Et N\u00e9o-Latines","article_publisher":"https:\/\/www.facebook.com\/SEMENL2018","article_published_time":"2022-12-07T18:53:12+00:00","article_modified_time":"2024-02-07T18:54:08+00:00","author":"Julien Maudoux","twitter_card":"summary_large_image","twitter_misc":{"\u00c9crit par":"Julien Maudoux","Dur\u00e9e de lecture estim\u00e9e":"1 minute"},"schema":{"@context":"https:\/\/schema.org","@graph":[{"@type":"Article","@id":"http:\/\/www.semen-l.org\/?p=3037#article","isPartOf":{"@id":"http:\/\/www.semen-l.org\/?p=3037"},"author":{"name":"Julien Maudoux","@id":"http:\/\/www.semen-l.org\/#\/schema\/person\/ef5208815f17666727763c5363a51344"},"headline":"Carolus Quintus. Kaiser Karl V. in der neulateinischen Literatur\/ L\u2019empereur Charles Quint dans la litt\u00e9rature n\u00e9o-latine. Sous la direction de M. Laureys, V. Leroux, S. Tilg et F. Schaffenrath, T\u00fcbingen, Narr Verlag, 2022, 318 p. ISBN : 978-3-8233-8481-6.","datePublished":"2022-12-07T18:53:12+00:00","dateModified":"2024-02-07T18:54:08+00:00","mainEntityOfPage":{"@id":"http:\/\/www.semen-l.org\/?p=3037"},"wordCount":209,"commentCount":0,"publisher":{"@id":"http:\/\/www.semen-l.org\/#organization"},"keywords":["Charles Quint","humanisme","politique"],"articleSection":["Recensions"],"inLanguage":"fr-FR","potentialAction":[{"@type":"CommentAction","name":"Comment","target":["http:\/\/www.semen-l.org\/?p=3037#respond"]}]},{"@type":"WebPage","@id":"http:\/\/www.semen-l.org\/?p=3037","url":"http:\/\/www.semen-l.org\/?p=3037","name":"Carolus Quintus. Kaiser Karl V. in der neulateinischen Literatur\/ L\u2019empereur Charles Quint dans la litt\u00e9rature n\u00e9o-latine. Sous la direction de M. Laureys, V. Leroux, S. Tilg et F. Schaffenrath, T\u00fcbingen, Narr Verlag, 2022, 318 p. ISBN : 978-3-8233-8481-6. - Soci\u00e9t\u00e9 d&#039;\u00c9tudes M\u00e9dio Et N\u00e9o-Latines","isPartOf":{"@id":"http:\/\/www.semen-l.org\/#website"},"datePublished":"2022-12-07T18:53:12+00:00","dateModified":"2024-02-07T18:54:08+00:00","breadcrumb":{"@id":"http:\/\/www.semen-l.org\/?p=3037#breadcrumb"},"inLanguage":"fr-FR","potentialAction":[{"@type":"ReadAction","target":["http:\/\/www.semen-l.org\/?p=3037"]}]},{"@type":"BreadcrumbList","@id":"http:\/\/www.semen-l.org\/?p=3037#breadcrumb","itemListElement":[{"@type":"ListItem","position":1,"name":"Accueil","item":"http:\/\/www.semen-l.org\/"},{"@type":"ListItem","position":2,"name":"Carolus Quintus. Kaiser Karl V. in der neulateinischen Literatur\/ L\u2019empereur Charles Quint dans la litt\u00e9rature n\u00e9o-latine. Sous la direction de M. Laureys, V. Leroux, S. Tilg et F. Schaffenrath, T\u00fcbingen, Narr Verlag, 2022, 318 p. ISBN : 978-3-8233-8481-6."}]},{"@type":"WebSite","@id":"http:\/\/www.semen-l.org\/#website","url":"http:\/\/www.semen-l.org\/","name":"Soci\u00e9t\u00e9 d'\u00c9tudes M\u00e9dio Et N\u00e9o-Latines","description":"","publisher":{"@id":"http:\/\/www.semen-l.org\/#organization"},"potentialAction":[{"@type":"SearchAction","target":{"@type":"EntryPoint","urlTemplate":"http:\/\/www.semen-l.org\/?s={search_term_string}"},"query-input":{"@type":"PropertyValueSpecification","valueRequired":true,"valueName":"search_term_string"}}],"inLanguage":"fr-FR"},{"@type":"Organization","@id":"http:\/\/www.semen-l.org\/#organization","name":"Soci\u00e9t\u00e9 d'\u00e9tudes m\u00e9dio et n\u00e9o-latines","url":"http:\/\/www.semen-l.org\/","logo":{"@type":"ImageObject","inLanguage":"fr-FR","@id":"http:\/\/www.semen-l.org\/#\/schema\/logo\/image\/","url":"http:\/\/www.semen-l.org\/wp-content\/uploads\/2020\/11\/logo-semenl.jpg","contentUrl":"http:\/\/www.semen-l.org\/wp-content\/uploads\/2020\/11\/logo-semenl.jpg","width":408,"height":403,"caption":"Soci\u00e9t\u00e9 d'\u00e9tudes m\u00e9dio et n\u00e9o-latines"},"image":{"@id":"http:\/\/www.semen-l.org\/#\/schema\/logo\/image\/"},"sameAs":["https:\/\/www.facebook.com\/SEMENL2018","https:\/\/independent.academia.edu\/SocitsdtudesmdioetnolatinesSEMENL"]},{"@type":"Person","@id":"http:\/\/www.semen-l.org\/#\/schema\/person\/ef5208815f17666727763c5363a51344","name":"Julien Maudoux","image":{"@type":"ImageObject","inLanguage":"fr-FR","@id":"https:\/\/secure.gravatar.com\/avatar\/caabf4fb6242e2277733cd35a5c2aa083761ea25dae1d1ff3298b54292225292?s=96&d=mm&r=g","url":"https:\/\/secure.gravatar.com\/avatar\/caabf4fb6242e2277733cd35a5c2aa083761ea25dae1d1ff3298b54292225292?s=96&d=mm&r=g","contentUrl":"https:\/\/secure.gravatar.com\/avatar\/caabf4fb6242e2277733cd35a5c2aa083761ea25dae1d1ff3298b54292225292?s=96&d=mm&r=g","caption":"Julien Maudoux"},"description":"Webmestre du site de la SEMEN-L","url":"https:\/\/www.semen-l.org\/?author=26"}]}},"jetpack_featured_media_url":"","_links":{"self":[{"href":"https:\/\/www.semen-l.org\/index.php?rest_route=\/wp\/v2\/posts\/3037","targetHints":{"allow":["GET"]}}],"collection":[{"href":"https:\/\/www.semen-l.org\/index.php?rest_route=\/wp\/v2\/posts"}],"about":[{"href":"https:\/\/www.semen-l.org\/index.php?rest_route=\/wp\/v2\/types\/post"}],"author":[{"embeddable":true,"href":"https:\/\/www.semen-l.org\/index.php?rest_route=\/wp\/v2\/users\/26"}],"replies":[{"embeddable":true,"href":"https:\/\/www.semen-l.org\/index.php?rest_route=%2Fwp%2Fv2%2Fcomments&post=3037"}],"version-history":[{"count":0,"href":"https:\/\/www.semen-l.org\/index.php?rest_route=\/wp\/v2\/posts\/3037\/revisions"}],"wp:attachment":[{"href":"https:\/\/www.semen-l.org\/index.php?rest_route=%2Fwp%2Fv2%2Fmedia&parent=3037"}],"wp:term":[{"taxonomy":"category","embeddable":true,"href":"https:\/\/www.semen-l.org\/index.php?rest_route=%2Fwp%2Fv2%2Fcategories&post=3037"},{"taxonomy":"post_tag","embeddable":true,"href":"https:\/\/www.semen-l.org\/index.php?rest_route=%2Fwp%2Fv2%2Ftags&post=3037"}],"curies":[{"name":"wp","href":"https:\/\/api.w.org\/{rel}","templated":true}]}}