{"id":3027,"date":"2022-12-07T18:40:13","date_gmt":"2022-12-07T18:40:13","guid":{"rendered":"https:\/\/www.semen-l.org\/?p=3027"},"modified":"2024-02-07T18:42:36","modified_gmt":"2024-02-07T18:42:36","slug":"dignite-des-artes-promotion-et-evolution-des-arts-liberaux-de-lantiquite-a-la-renaissance-sous-la-direction-de-alice-lamy-anne-raffarin-et-emilie-seris-editions-honore-champi","status":"publish","type":"post","link":"https:\/\/www.semen-l.org\/?p=3027","title":{"rendered":"Dignit\u00e9 des Artes : promotion et \u00e9volution des arts lib\u00e9raux de l\u2019Antiquit\u00e9 \u00e0 la\u00a0\u00a0 Renaissance. Sous la direction de Alice Lamy, Anne Raffarin et \u00c9milie S\u00e9ris, Editions Honor\u00e9 Champion, collection Colloques, congr\u00e8s et conf\u00e9rences \u2013 le Moyen \u00c2ge, n\u00b0 30, Paris, 2022, 380 p., 1 vol., broch\u00e9, 15,5 x 23,5 cm. ISBN 978-2-7453-5750-2."},"content":{"rendered":"<p><strong><em>Dignit\u00e9 des Artes : promotion et \u00e9volution des arts lib\u00e9raux de l\u2019Antiquit\u00e9 \u00e0 la\u00a0\u00a0 Renaissance<\/em><\/strong>. Sous la direction de Alice Lamy, Anne Raffarin et \u00c9milie S\u00e9ris, Editions Honor\u00e9 Champion, collection Colloques, congr\u00e8s et conf\u00e9rences \u2013 le Moyen \u00c2ge, n\u00b0 30, Paris, 2022, 380 p., 1 vol., broch\u00e9, 15,5 x 23,5 cm. ISBN 978-2-7453-5750-2.<\/p>\n<p>Les interrogations actuelles sur la place des Humanit\u00e9s dans l\u2019enseignement et dans la recherche invitent \u00e0 r\u00e9fl\u00e9chir sur leur origine et sur leur histoire. L\u2019objet des rencontres qui se sont tenues en mars et octobre 2019 au ch\u00e2teau d\u2019\u00c9couen et \u00e0 la Sorbonne \u00e9tait de retracer quelques grandes \u00e9tapes de la promotion et de l\u2019\u00e9volution des <em>artes <\/em>de l\u2019Antiquit\u00e9 \u00e0 la Renaissance. En effet, la notion d\u2019<em>ars <\/em>\u00e9merge progressivement d\u00e8s l\u2019\u00e9poque hell\u00e9nistique pour aboutir au syst\u00e8me des sept arts lib\u00e9raux \u00e0 la fin de l\u2019Antiquit\u00e9. R\u00e9guli\u00e8rement repens\u00e9 au cours du Moyen \u00c2ge, le cycle des sept arts se voit boulevers\u00e9 : la philosophie dispute \u00e0 la th\u00e9ologie son ancien primat, comme \u00e9l\u00e9ment unificateur des disciplines. \u00c0 c\u00f4t\u00e9 d\u2019elles, la m\u00e9decine et le droit se constituent au c\u0153ur du d\u00e9bat sur la classification des sciences et sur leur utilit\u00e9. L\u2019Humanisme, en affirmant la place centrale de l\u2019Homme dans l\u2019univers, a encore enrichi les <em>artes <\/em>d\u2019une dignit\u00e9 nouvelle, reflet de la <em>dignitas hominis<\/em>, et a valoris\u00e9 des disciplines sp\u00e9culatives comme la philosophie, rationnelles comme la grammaire, la rh\u00e9torique et la po\u00e9sie, ou pratiques comme l\u2019architecture, la peinture et la sculpture.<\/p>\n<p>Source : Cette recension a \u00e9t\u00e9 publi\u00e9e dans le <a href=\"https:\/\/www.semen-l.org\/?p=2391\">Bulletin de liaison n\u00b020 (d\u00e9cembre 2022)<\/a> de la SEMEN-L (p. 44).<\/p>\n","protected":false},"excerpt":{"rendered":"<p>Dignit\u00e9 des Artes : promotion et \u00e9volution des arts lib\u00e9raux de l\u2019Antiquit\u00e9 \u00e0 la\u00a0\u00a0 Renaissance. Sous la direction de Alice Lamy, Anne Raffarin et \u00c9milie S\u00e9ris, Editions Honor\u00e9 Champion, collection Colloques, congr\u00e8s et conf\u00e9rences \u2013 le Moyen \u00c2ge, n\u00b0 30, &hellip; <a href=\"https:\/\/www.semen-l.org\/?p=3027\">Continuer la lecture <span class=\"meta-nav\">&rarr;<\/span><\/a><\/p>\n","protected":false},"author":26,"featured_media":0,"comment_status":"open","ping_status":"open","sticky":false,"template":"","format":"standard","meta":{"footnotes":""},"categories":[1825],"tags":[165,92,1895,136,823,338,144,23,100,139,26,43,27,231,286],"class_list":["post-3027","post","type-post","status-publish","format-standard","hentry","category-recensions","tag-architecture","tag-art","tag-artes","tag-arts-liberaux","tag-droit","tag-grammaire","tag-humanisme","tag-medecine","tag-peinture","tag-philosophie","tag-poesie","tag-rhetorique","tag-science","tag-sculpture","tag-theologie"],"yoast_head":"<!-- This site is optimized with the Yoast SEO plugin v27.5 - https:\/\/yoast.com\/product\/yoast-seo-wordpress\/ -->\n<title>Dignit\u00e9 des Artes : promotion et \u00e9volution des arts lib\u00e9raux de l\u2019Antiquit\u00e9 \u00e0 la\u00a0\u00a0 Renaissance. Sous la direction de Alice Lamy, Anne Raffarin et \u00c9milie S\u00e9ris, Editions Honor\u00e9 Champion, collection Colloques, congr\u00e8s et conf\u00e9rences \u2013 le Moyen \u00c2ge, n\u00b0 30, Paris, 2022, 380 p., 1 vol., broch\u00e9, 15,5 x 23,5 cm. ISBN 978-2-7453-5750-2. - Soci\u00e9t\u00e9 d&#039;\u00c9tudes M\u00e9dio Et N\u00e9o-Latines<\/title>\n<meta name=\"robots\" content=\"index, follow, max-snippet:-1, max-image-preview:large, max-video-preview:-1\" \/>\n<link rel=\"canonical\" href=\"https:\/\/www.semen-l.org\/?p=3027\" \/>\n<meta property=\"og:locale\" content=\"fr_FR\" \/>\n<meta property=\"og:type\" content=\"article\" \/>\n<meta property=\"og:title\" content=\"Dignit\u00e9 des Artes : promotion et \u00e9volution des arts lib\u00e9raux de l\u2019Antiquit\u00e9 \u00e0 la\u00a0\u00a0 Renaissance. Sous la direction de Alice Lamy, Anne Raffarin et \u00c9milie S\u00e9ris, Editions Honor\u00e9 Champion, collection Colloques, congr\u00e8s et conf\u00e9rences \u2013 le Moyen \u00c2ge, n\u00b0 30, Paris, 2022, 380 p., 1 vol., broch\u00e9, 15,5 x 23,5 cm. ISBN 978-2-7453-5750-2. - Soci\u00e9t\u00e9 d&#039;\u00c9tudes M\u00e9dio Et N\u00e9o-Latines\" \/>\n<meta property=\"og:description\" content=\"Dignit\u00e9 des Artes : promotion et \u00e9volution des arts lib\u00e9raux de l\u2019Antiquit\u00e9 \u00e0 la\u00a0\u00a0 Renaissance. Sous la direction de Alice Lamy, Anne Raffarin et \u00c9milie S\u00e9ris, Editions Honor\u00e9 Champion, collection Colloques, congr\u00e8s et conf\u00e9rences \u2013 le Moyen \u00c2ge, n\u00b0 30, &hellip; Continuer la lecture &rarr;\" \/>\n<meta property=\"og:url\" content=\"https:\/\/www.semen-l.org\/?p=3027\" \/>\n<meta property=\"og:site_name\" content=\"Soci\u00e9t\u00e9 d&#039;\u00c9tudes M\u00e9dio Et N\u00e9o-Latines\" \/>\n<meta property=\"article:publisher\" content=\"https:\/\/www.facebook.com\/SEMENL2018\" \/>\n<meta property=\"article:published_time\" content=\"2022-12-07T18:40:13+00:00\" \/>\n<meta property=\"article:modified_time\" content=\"2024-02-07T18:42:36+00:00\" \/>\n<meta name=\"author\" content=\"Julien Maudoux\" \/>\n<meta name=\"twitter:card\" content=\"summary_large_image\" \/>\n<meta name=\"twitter:label1\" content=\"\u00c9crit par\" \/>\n\t<meta name=\"twitter:data1\" content=\"Julien Maudoux\" \/>\n\t<meta name=\"twitter:label2\" content=\"Dur\u00e9e de lecture estim\u00e9e\" \/>\n\t<meta name=\"twitter:data2\" content=\"2 minutes\" \/>\n<script type=\"application\/ld+json\" class=\"yoast-schema-graph\">{\"@context\":\"https:\\\/\\\/schema.org\",\"@graph\":[{\"@type\":\"Article\",\"@id\":\"https:\\\/\\\/www.semen-l.org\\\/?p=3027#article\",\"isPartOf\":{\"@id\":\"https:\\\/\\\/www.semen-l.org\\\/?p=3027\"},\"author\":{\"name\":\"Julien Maudoux\",\"@id\":\"http:\\\/\\\/www.semen-l.org\\\/#\\\/schema\\\/person\\\/ef5208815f17666727763c5363a51344\"},\"headline\":\"Dignit\u00e9 des Artes : promotion et \u00e9volution des arts lib\u00e9raux de l\u2019Antiquit\u00e9 \u00e0 la\u00a0\u00a0 Renaissance. Sous la direction de Alice Lamy, Anne Raffarin et \u00c9milie S\u00e9ris, Editions Honor\u00e9 Champion, collection Colloques, congr\u00e8s et conf\u00e9rences \u2013 le Moyen \u00c2ge, n\u00b0 30, Paris, 2022, 380 p., 1 vol., broch\u00e9, 15,5 x 23,5 cm. ISBN 978-2-7453-5750-2.\",\"datePublished\":\"2022-12-07T18:40:13+00:00\",\"dateModified\":\"2024-02-07T18:42:36+00:00\",\"mainEntityOfPage\":{\"@id\":\"https:\\\/\\\/www.semen-l.org\\\/?p=3027\"},\"wordCount\":336,\"commentCount\":0,\"publisher\":{\"@id\":\"http:\\\/\\\/www.semen-l.org\\\/#organization\"},\"keywords\":[\"architecture\",\"art\",\"artes\",\"arts lib\u00e9raux\",\"droit\",\"grammaire\",\"humanisme\",\"m\u00e9decine\",\"peinture\",\"philosophie\",\"po\u00e9sie\",\"rh\u00e9torique\",\"science\",\"sculpture\",\"th\u00e9ologie\"],\"articleSection\":[\"Recensions\"],\"inLanguage\":\"fr-FR\",\"potentialAction\":[{\"@type\":\"CommentAction\",\"name\":\"Comment\",\"target\":[\"https:\\\/\\\/www.semen-l.org\\\/?p=3027#respond\"]}]},{\"@type\":\"WebPage\",\"@id\":\"https:\\\/\\\/www.semen-l.org\\\/?p=3027\",\"url\":\"https:\\\/\\\/www.semen-l.org\\\/?p=3027\",\"name\":\"Dignit\u00e9 des Artes : promotion et \u00e9volution des arts lib\u00e9raux de l\u2019Antiquit\u00e9 \u00e0 la\u00a0\u00a0 Renaissance. Sous la direction de Alice Lamy, Anne Raffarin et \u00c9milie S\u00e9ris, Editions Honor\u00e9 Champion, collection Colloques, congr\u00e8s et conf\u00e9rences \u2013 le Moyen \u00c2ge, n\u00b0 30, Paris, 2022, 380 p., 1 vol., broch\u00e9, 15,5 x 23,5 cm. ISBN 978-2-7453-5750-2. - Soci\u00e9t\u00e9 d&#039;\u00c9tudes M\u00e9dio Et N\u00e9o-Latines\",\"isPartOf\":{\"@id\":\"http:\\\/\\\/www.semen-l.org\\\/#website\"},\"datePublished\":\"2022-12-07T18:40:13+00:00\",\"dateModified\":\"2024-02-07T18:42:36+00:00\",\"breadcrumb\":{\"@id\":\"https:\\\/\\\/www.semen-l.org\\\/?p=3027#breadcrumb\"},\"inLanguage\":\"fr-FR\",\"potentialAction\":[{\"@type\":\"ReadAction\",\"target\":[\"https:\\\/\\\/www.semen-l.org\\\/?p=3027\"]}]},{\"@type\":\"BreadcrumbList\",\"@id\":\"https:\\\/\\\/www.semen-l.org\\\/?p=3027#breadcrumb\",\"itemListElement\":[{\"@type\":\"ListItem\",\"position\":1,\"name\":\"Accueil\",\"item\":\"http:\\\/\\\/www.semen-l.org\\\/\"},{\"@type\":\"ListItem\",\"position\":2,\"name\":\"Dignit\u00e9 des Artes : promotion et \u00e9volution des arts lib\u00e9raux de l\u2019Antiquit\u00e9 \u00e0 la\u00a0\u00a0 Renaissance. Sous la direction de Alice Lamy, Anne Raffarin et \u00c9milie S\u00e9ris, Editions Honor\u00e9 Champion, collection Colloques, congr\u00e8s et conf\u00e9rences \u2013 le Moyen \u00c2ge, n\u00b0 30, Paris, 2022, 380 p., 1 vol., broch\u00e9, 15,5 x 23,5 cm. ISBN 978-2-7453-5750-2.\"}]},{\"@type\":\"WebSite\",\"@id\":\"http:\\\/\\\/www.semen-l.org\\\/#website\",\"url\":\"http:\\\/\\\/www.semen-l.org\\\/\",\"name\":\"Soci\u00e9t\u00e9 d'\u00c9tudes M\u00e9dio Et N\u00e9o-Latines\",\"description\":\"\",\"publisher\":{\"@id\":\"http:\\\/\\\/www.semen-l.org\\\/#organization\"},\"potentialAction\":[{\"@type\":\"SearchAction\",\"target\":{\"@type\":\"EntryPoint\",\"urlTemplate\":\"http:\\\/\\\/www.semen-l.org\\\/?s={search_term_string}\"},\"query-input\":{\"@type\":\"PropertyValueSpecification\",\"valueRequired\":true,\"valueName\":\"search_term_string\"}}],\"inLanguage\":\"fr-FR\"},{\"@type\":\"Organization\",\"@id\":\"http:\\\/\\\/www.semen-l.org\\\/#organization\",\"name\":\"Soci\u00e9t\u00e9 d'\u00e9tudes m\u00e9dio et n\u00e9o-latines\",\"url\":\"http:\\\/\\\/www.semen-l.org\\\/\",\"logo\":{\"@type\":\"ImageObject\",\"inLanguage\":\"fr-FR\",\"@id\":\"http:\\\/\\\/www.semen-l.org\\\/#\\\/schema\\\/logo\\\/image\\\/\",\"url\":\"http:\\\/\\\/www.semen-l.org\\\/wp-content\\\/uploads\\\/2020\\\/11\\\/logo-semenl.jpg\",\"contentUrl\":\"http:\\\/\\\/www.semen-l.org\\\/wp-content\\\/uploads\\\/2020\\\/11\\\/logo-semenl.jpg\",\"width\":408,\"height\":403,\"caption\":\"Soci\u00e9t\u00e9 d'\u00e9tudes m\u00e9dio et n\u00e9o-latines\"},\"image\":{\"@id\":\"http:\\\/\\\/www.semen-l.org\\\/#\\\/schema\\\/logo\\\/image\\\/\"},\"sameAs\":[\"https:\\\/\\\/www.facebook.com\\\/SEMENL2018\",\"https:\\\/\\\/independent.academia.edu\\\/SocitsdtudesmdioetnolatinesSEMENL\"]},{\"@type\":\"Person\",\"@id\":\"http:\\\/\\\/www.semen-l.org\\\/#\\\/schema\\\/person\\\/ef5208815f17666727763c5363a51344\",\"name\":\"Julien Maudoux\",\"image\":{\"@type\":\"ImageObject\",\"inLanguage\":\"fr-FR\",\"@id\":\"https:\\\/\\\/secure.gravatar.com\\\/avatar\\\/caabf4fb6242e2277733cd35a5c2aa083761ea25dae1d1ff3298b54292225292?s=96&d=mm&r=g\",\"url\":\"https:\\\/\\\/secure.gravatar.com\\\/avatar\\\/caabf4fb6242e2277733cd35a5c2aa083761ea25dae1d1ff3298b54292225292?s=96&d=mm&r=g\",\"contentUrl\":\"https:\\\/\\\/secure.gravatar.com\\\/avatar\\\/caabf4fb6242e2277733cd35a5c2aa083761ea25dae1d1ff3298b54292225292?s=96&d=mm&r=g\",\"caption\":\"Julien Maudoux\"},\"description\":\"Webmestre du site de la SEMEN-L\",\"url\":\"https:\\\/\\\/www.semen-l.org\\\/?author=26\"}]}<\/script>\n<!-- \/ Yoast SEO plugin. -->","yoast_head_json":{"title":"Dignit\u00e9 des Artes : promotion et \u00e9volution des arts lib\u00e9raux de l\u2019Antiquit\u00e9 \u00e0 la\u00a0\u00a0 Renaissance. Sous la direction de Alice Lamy, Anne Raffarin et \u00c9milie S\u00e9ris, Editions Honor\u00e9 Champion, collection Colloques, congr\u00e8s et conf\u00e9rences \u2013 le Moyen \u00c2ge, n\u00b0 30, Paris, 2022, 380 p., 1 vol., broch\u00e9, 15,5 x 23,5 cm. ISBN 978-2-7453-5750-2. - Soci\u00e9t\u00e9 d&#039;\u00c9tudes M\u00e9dio Et N\u00e9o-Latines","robots":{"index":"index","follow":"follow","max-snippet":"max-snippet:-1","max-image-preview":"max-image-preview:large","max-video-preview":"max-video-preview:-1"},"canonical":"https:\/\/www.semen-l.org\/?p=3027","og_locale":"fr_FR","og_type":"article","og_title":"Dignit\u00e9 des Artes : promotion et \u00e9volution des arts lib\u00e9raux de l\u2019Antiquit\u00e9 \u00e0 la\u00a0\u00a0 Renaissance. Sous la direction de Alice Lamy, Anne Raffarin et \u00c9milie S\u00e9ris, Editions Honor\u00e9 Champion, collection Colloques, congr\u00e8s et conf\u00e9rences \u2013 le Moyen \u00c2ge, n\u00b0 30, Paris, 2022, 380 p., 1 vol., broch\u00e9, 15,5 x 23,5 cm. ISBN 978-2-7453-5750-2. - Soci\u00e9t\u00e9 d&#039;\u00c9tudes M\u00e9dio Et N\u00e9o-Latines","og_description":"Dignit\u00e9 des Artes : promotion et \u00e9volution des arts lib\u00e9raux de l\u2019Antiquit\u00e9 \u00e0 la\u00a0\u00a0 Renaissance. Sous la direction de Alice Lamy, Anne Raffarin et \u00c9milie S\u00e9ris, Editions Honor\u00e9 Champion, collection Colloques, congr\u00e8s et conf\u00e9rences \u2013 le Moyen \u00c2ge, n\u00b0 30, &hellip; Continuer la lecture &rarr;","og_url":"https:\/\/www.semen-l.org\/?p=3027","og_site_name":"Soci\u00e9t\u00e9 d&#039;\u00c9tudes M\u00e9dio Et N\u00e9o-Latines","article_publisher":"https:\/\/www.facebook.com\/SEMENL2018","article_published_time":"2022-12-07T18:40:13+00:00","article_modified_time":"2024-02-07T18:42:36+00:00","author":"Julien Maudoux","twitter_card":"summary_large_image","twitter_misc":{"\u00c9crit par":"Julien Maudoux","Dur\u00e9e de lecture estim\u00e9e":"2 minutes"},"schema":{"@context":"https:\/\/schema.org","@graph":[{"@type":"Article","@id":"https:\/\/www.semen-l.org\/?p=3027#article","isPartOf":{"@id":"https:\/\/www.semen-l.org\/?p=3027"},"author":{"name":"Julien Maudoux","@id":"http:\/\/www.semen-l.org\/#\/schema\/person\/ef5208815f17666727763c5363a51344"},"headline":"Dignit\u00e9 des Artes : promotion et \u00e9volution des arts lib\u00e9raux de l\u2019Antiquit\u00e9 \u00e0 la\u00a0\u00a0 Renaissance. Sous la direction de Alice Lamy, Anne Raffarin et \u00c9milie S\u00e9ris, Editions Honor\u00e9 Champion, collection Colloques, congr\u00e8s et conf\u00e9rences \u2013 le Moyen \u00c2ge, n\u00b0 30, Paris, 2022, 380 p., 1 vol., broch\u00e9, 15,5 x 23,5 cm. ISBN 978-2-7453-5750-2.","datePublished":"2022-12-07T18:40:13+00:00","dateModified":"2024-02-07T18:42:36+00:00","mainEntityOfPage":{"@id":"https:\/\/www.semen-l.org\/?p=3027"},"wordCount":336,"commentCount":0,"publisher":{"@id":"http:\/\/www.semen-l.org\/#organization"},"keywords":["architecture","art","artes","arts lib\u00e9raux","droit","grammaire","humanisme","m\u00e9decine","peinture","philosophie","po\u00e9sie","rh\u00e9torique","science","sculpture","th\u00e9ologie"],"articleSection":["Recensions"],"inLanguage":"fr-FR","potentialAction":[{"@type":"CommentAction","name":"Comment","target":["https:\/\/www.semen-l.org\/?p=3027#respond"]}]},{"@type":"WebPage","@id":"https:\/\/www.semen-l.org\/?p=3027","url":"https:\/\/www.semen-l.org\/?p=3027","name":"Dignit\u00e9 des Artes : promotion et \u00e9volution des arts lib\u00e9raux de l\u2019Antiquit\u00e9 \u00e0 la\u00a0\u00a0 Renaissance. Sous la direction de Alice Lamy, Anne Raffarin et \u00c9milie S\u00e9ris, Editions Honor\u00e9 Champion, collection Colloques, congr\u00e8s et conf\u00e9rences \u2013 le Moyen \u00c2ge, n\u00b0 30, Paris, 2022, 380 p., 1 vol., broch\u00e9, 15,5 x 23,5 cm. ISBN 978-2-7453-5750-2. - Soci\u00e9t\u00e9 d&#039;\u00c9tudes M\u00e9dio Et N\u00e9o-Latines","isPartOf":{"@id":"http:\/\/www.semen-l.org\/#website"},"datePublished":"2022-12-07T18:40:13+00:00","dateModified":"2024-02-07T18:42:36+00:00","breadcrumb":{"@id":"https:\/\/www.semen-l.org\/?p=3027#breadcrumb"},"inLanguage":"fr-FR","potentialAction":[{"@type":"ReadAction","target":["https:\/\/www.semen-l.org\/?p=3027"]}]},{"@type":"BreadcrumbList","@id":"https:\/\/www.semen-l.org\/?p=3027#breadcrumb","itemListElement":[{"@type":"ListItem","position":1,"name":"Accueil","item":"http:\/\/www.semen-l.org\/"},{"@type":"ListItem","position":2,"name":"Dignit\u00e9 des Artes : promotion et \u00e9volution des arts lib\u00e9raux de l\u2019Antiquit\u00e9 \u00e0 la\u00a0\u00a0 Renaissance. Sous la direction de Alice Lamy, Anne Raffarin et \u00c9milie S\u00e9ris, Editions Honor\u00e9 Champion, collection Colloques, congr\u00e8s et conf\u00e9rences \u2013 le Moyen \u00c2ge, n\u00b0 30, Paris, 2022, 380 p., 1 vol., broch\u00e9, 15,5 x 23,5 cm. ISBN 978-2-7453-5750-2."}]},{"@type":"WebSite","@id":"http:\/\/www.semen-l.org\/#website","url":"http:\/\/www.semen-l.org\/","name":"Soci\u00e9t\u00e9 d'\u00c9tudes M\u00e9dio Et N\u00e9o-Latines","description":"","publisher":{"@id":"http:\/\/www.semen-l.org\/#organization"},"potentialAction":[{"@type":"SearchAction","target":{"@type":"EntryPoint","urlTemplate":"http:\/\/www.semen-l.org\/?s={search_term_string}"},"query-input":{"@type":"PropertyValueSpecification","valueRequired":true,"valueName":"search_term_string"}}],"inLanguage":"fr-FR"},{"@type":"Organization","@id":"http:\/\/www.semen-l.org\/#organization","name":"Soci\u00e9t\u00e9 d'\u00e9tudes m\u00e9dio et n\u00e9o-latines","url":"http:\/\/www.semen-l.org\/","logo":{"@type":"ImageObject","inLanguage":"fr-FR","@id":"http:\/\/www.semen-l.org\/#\/schema\/logo\/image\/","url":"http:\/\/www.semen-l.org\/wp-content\/uploads\/2020\/11\/logo-semenl.jpg","contentUrl":"http:\/\/www.semen-l.org\/wp-content\/uploads\/2020\/11\/logo-semenl.jpg","width":408,"height":403,"caption":"Soci\u00e9t\u00e9 d'\u00e9tudes m\u00e9dio et n\u00e9o-latines"},"image":{"@id":"http:\/\/www.semen-l.org\/#\/schema\/logo\/image\/"},"sameAs":["https:\/\/www.facebook.com\/SEMENL2018","https:\/\/independent.academia.edu\/SocitsdtudesmdioetnolatinesSEMENL"]},{"@type":"Person","@id":"http:\/\/www.semen-l.org\/#\/schema\/person\/ef5208815f17666727763c5363a51344","name":"Julien Maudoux","image":{"@type":"ImageObject","inLanguage":"fr-FR","@id":"https:\/\/secure.gravatar.com\/avatar\/caabf4fb6242e2277733cd35a5c2aa083761ea25dae1d1ff3298b54292225292?s=96&d=mm&r=g","url":"https:\/\/secure.gravatar.com\/avatar\/caabf4fb6242e2277733cd35a5c2aa083761ea25dae1d1ff3298b54292225292?s=96&d=mm&r=g","contentUrl":"https:\/\/secure.gravatar.com\/avatar\/caabf4fb6242e2277733cd35a5c2aa083761ea25dae1d1ff3298b54292225292?s=96&d=mm&r=g","caption":"Julien Maudoux"},"description":"Webmestre du site de la SEMEN-L","url":"https:\/\/www.semen-l.org\/?author=26"}]}},"jetpack_featured_media_url":"","_links":{"self":[{"href":"https:\/\/www.semen-l.org\/index.php?rest_route=\/wp\/v2\/posts\/3027","targetHints":{"allow":["GET"]}}],"collection":[{"href":"https:\/\/www.semen-l.org\/index.php?rest_route=\/wp\/v2\/posts"}],"about":[{"href":"https:\/\/www.semen-l.org\/index.php?rest_route=\/wp\/v2\/types\/post"}],"author":[{"embeddable":true,"href":"https:\/\/www.semen-l.org\/index.php?rest_route=\/wp\/v2\/users\/26"}],"replies":[{"embeddable":true,"href":"https:\/\/www.semen-l.org\/index.php?rest_route=%2Fwp%2Fv2%2Fcomments&post=3027"}],"version-history":[{"count":0,"href":"https:\/\/www.semen-l.org\/index.php?rest_route=\/wp\/v2\/posts\/3027\/revisions"}],"wp:attachment":[{"href":"https:\/\/www.semen-l.org\/index.php?rest_route=%2Fwp%2Fv2%2Fmedia&parent=3027"}],"wp:term":[{"taxonomy":"category","embeddable":true,"href":"https:\/\/www.semen-l.org\/index.php?rest_route=%2Fwp%2Fv2%2Fcategories&post=3027"},{"taxonomy":"post_tag","embeddable":true,"href":"https:\/\/www.semen-l.org\/index.php?rest_route=%2Fwp%2Fv2%2Ftags&post=3027"}],"curies":[{"name":"wp","href":"https:\/\/api.w.org\/{rel}","templated":true}]}}