{"id":3022,"date":"2022-12-07T18:31:57","date_gmt":"2022-12-07T18:31:57","guid":{"rendered":"https:\/\/www.semen-l.org\/?p=3022"},"modified":"2024-02-07T18:33:50","modified_gmt":"2024-02-07T18:33:50","slug":"fabrique-du-scandale-et-rivalites-memorielles-en-france-et-en-europe-1550-1697-sous-la-direction-de-blandine-perona-isabelle-moreau-et-enrica-zanin-presses-universitaires-aquitaines-en-ligne-un","status":"publish","type":"post","link":"https:\/\/www.semen-l.org\/?p=3022","title":{"rendered":"Fabrique du scandale et rivalit\u00e9s m\u00e9morielles en France et en Europe (1550-1697). Sous la direction de Blandine Perona, Isabelle Moreau et Enrica Zanin. Presses Universitaires Aquitaines en ligne, Un@ \u00e9ditions, collection Savoirs humanistes, n\u00b0 2, 2022."},"content":{"rendered":"<p><strong><em>Fabrique du scandale et rivalit\u00e9s m\u00e9morielles en France et en Europe (1550-1697)<\/em>. Sous la direction de Blandine Perona, Isabelle Moreau et Enrica Zanin. Presses Universitaires Aquitaines en ligne, Un@ \u00e9ditions, collection Savoirs humanistes, n\u00b0 2, 2022.<\/strong><\/p>\n<p>En 1550, la notion th\u00e9ologique de \u00ab scandale \u00bb est mise en avant par le trait\u00e9 <em>Des scandales<\/em> de Calvin. Le r\u00e9formateur invite ses coreligionnaires \u00e0 ne pas avoir peur du scandale, \u00e0 ne pas se pr\u00e9occuper de la <em>fama<\/em>. Le pr\u00e9sent ouvrage montre, \u00e0 travers l\u2019\u00e9tude de cette notion, combien les conflits confessionnels de cette \u00e9poque sont en effet une bataille de r\u00e9putation et deviennent m\u00eame une bataille de la m\u00e9moire, non sans cons\u00e9quence sur l\u2019\u00e9criture de l\u2019histoire. R\u00e9form\u00e9s et catholiques essaient d\u2019imposer leur r\u00e9cit. Le scandale est une arme pol\u00e9mique essentielle dans les deux camps, au centre d\u2019une guerre de libelles qui fait advenir un \u00ab espace public \u00bb d\u00e9chir\u00e9. \u00c0 une fabrique th\u00e9ologique du scandale, succ\u00e8de alors une fabrique juridique du scandale qui permet progressivement au pouvoir monarchique de reprendre la ma\u00eetrise de cet espace public. Ce livre analyse ainsi la gen\u00e8se du scandale dans son sens moderne, \u00e0 savoir un \u00e9v\u00e9nement construit par un r\u00e9cit \u00ab m\u00e9diatique \u00bb et instrumentalis\u00e9 politiquement qui met en crise les normes et valeurs fondamentales d\u2019une soci\u00e9t\u00e9, parce qu\u2019il rend compte d\u2019actes ou de propos qui les transgressent.<\/p>\n<p>Source : Cette recension a \u00e9t\u00e9 publi\u00e9e dans le <a href=\"https:\/\/www.semen-l.org\/?p=2391\">Bulletin de liaison n\u00b020 (d\u00e9cembre 2022)<\/a> de la SEMEN-L (p. 44-45).<\/p>\n","protected":false},"excerpt":{"rendered":"<p>Fabrique du scandale et rivalit\u00e9s m\u00e9morielles en France et en Europe (1550-1697). Sous la direction de Blandine Perona, Isabelle Moreau et Enrica Zanin. Presses Universitaires Aquitaines en ligne, Un@ \u00e9ditions, collection Savoirs humanistes, n\u00b0 2, 2022. En 1550, la notion &hellip; <a href=\"https:\/\/www.semen-l.org\/?p=3022\">Continuer la lecture <span class=\"meta-nav\">&rarr;<\/span><\/a><\/p>\n","protected":false},"author":26,"featured_media":0,"comment_status":"open","ping_status":"open","sticky":false,"template":"","format":"standard","meta":{"footnotes":""},"categories":[1825],"tags":[715,1894,1678,679,178,1440,286],"class_list":["post-3022","post","type-post","status-publish","format-standard","hentry","category-recensions","tag-calvin-jean","tag-catholicisme","tag-des-scandales-calvin","tag-fama","tag-polemique","tag-protestantisme","tag-theologie"],"yoast_head":"<!-- This site is optimized with the Yoast SEO plugin v27.5 - https:\/\/yoast.com\/product\/yoast-seo-wordpress\/ -->\n<title>Fabrique du scandale et rivalit\u00e9s m\u00e9morielles en France et en Europe (1550-1697). Sous la direction de Blandine Perona, Isabelle Moreau et Enrica Zanin. Presses Universitaires Aquitaines en ligne, Un@ \u00e9ditions, collection Savoirs humanistes, n\u00b0 2, 2022. - Soci\u00e9t\u00e9 d&#039;\u00c9tudes M\u00e9dio Et N\u00e9o-Latines<\/title>\n<meta name=\"robots\" content=\"index, follow, max-snippet:-1, max-image-preview:large, max-video-preview:-1\" \/>\n<link rel=\"canonical\" href=\"http:\/\/www.semen-l.org\/?p=3022\" \/>\n<meta property=\"og:locale\" content=\"fr_FR\" \/>\n<meta property=\"og:type\" content=\"article\" \/>\n<meta property=\"og:title\" content=\"Fabrique du scandale et rivalit\u00e9s m\u00e9morielles en France et en Europe (1550-1697). Sous la direction de Blandine Perona, Isabelle Moreau et Enrica Zanin. Presses Universitaires Aquitaines en ligne, Un@ \u00e9ditions, collection Savoirs humanistes, n\u00b0 2, 2022. - Soci\u00e9t\u00e9 d&#039;\u00c9tudes M\u00e9dio Et N\u00e9o-Latines\" \/>\n<meta property=\"og:description\" content=\"Fabrique du scandale et rivalit\u00e9s m\u00e9morielles en France et en Europe (1550-1697). Sous la direction de Blandine Perona, Isabelle Moreau et Enrica Zanin. Presses Universitaires Aquitaines en ligne, Un@ \u00e9ditions, collection Savoirs humanistes, n\u00b0 2, 2022. En 1550, la notion &hellip; Continuer la lecture &rarr;\" \/>\n<meta property=\"og:url\" content=\"http:\/\/www.semen-l.org\/?p=3022\" \/>\n<meta property=\"og:site_name\" content=\"Soci\u00e9t\u00e9 d&#039;\u00c9tudes M\u00e9dio Et N\u00e9o-Latines\" \/>\n<meta property=\"article:publisher\" content=\"https:\/\/www.facebook.com\/SEMENL2018\" \/>\n<meta property=\"article:published_time\" content=\"2022-12-07T18:31:57+00:00\" \/>\n<meta property=\"article:modified_time\" content=\"2024-02-07T18:33:50+00:00\" \/>\n<meta name=\"author\" content=\"Julien Maudoux\" \/>\n<meta name=\"twitter:card\" content=\"summary_large_image\" \/>\n<meta name=\"twitter:label1\" content=\"\u00c9crit par\" \/>\n\t<meta name=\"twitter:data1\" content=\"Julien Maudoux\" \/>\n\t<meta name=\"twitter:label2\" content=\"Dur\u00e9e de lecture estim\u00e9e\" \/>\n\t<meta name=\"twitter:data2\" content=\"2 minutes\" \/>\n<script type=\"application\/ld+json\" class=\"yoast-schema-graph\">{\"@context\":\"https:\\\/\\\/schema.org\",\"@graph\":[{\"@type\":\"Article\",\"@id\":\"http:\\\/\\\/www.semen-l.org\\\/?p=3022#article\",\"isPartOf\":{\"@id\":\"http:\\\/\\\/www.semen-l.org\\\/?p=3022\"},\"author\":{\"name\":\"Julien Maudoux\",\"@id\":\"http:\\\/\\\/www.semen-l.org\\\/#\\\/schema\\\/person\\\/ef5208815f17666727763c5363a51344\"},\"headline\":\"Fabrique du scandale et rivalit\u00e9s m\u00e9morielles en France et en Europe (1550-1697). Sous la direction de Blandine Perona, Isabelle Moreau et Enrica Zanin. Presses Universitaires Aquitaines en ligne, Un@ \u00e9ditions, collection Savoirs humanistes, n\u00b0 2, 2022.\",\"datePublished\":\"2022-12-07T18:31:57+00:00\",\"dateModified\":\"2024-02-07T18:33:50+00:00\",\"mainEntityOfPage\":{\"@id\":\"http:\\\/\\\/www.semen-l.org\\\/?p=3022\"},\"wordCount\":296,\"commentCount\":0,\"publisher\":{\"@id\":\"http:\\\/\\\/www.semen-l.org\\\/#organization\"},\"keywords\":[\"Calvin (Jean)\",\"catholicisme\",\"Des scandales (Calvin)\",\"fama\",\"pol\u00e9mique\",\"protestantisme\",\"th\u00e9ologie\"],\"articleSection\":[\"Recensions\"],\"inLanguage\":\"fr-FR\",\"potentialAction\":[{\"@type\":\"CommentAction\",\"name\":\"Comment\",\"target\":[\"http:\\\/\\\/www.semen-l.org\\\/?p=3022#respond\"]}]},{\"@type\":\"WebPage\",\"@id\":\"http:\\\/\\\/www.semen-l.org\\\/?p=3022\",\"url\":\"http:\\\/\\\/www.semen-l.org\\\/?p=3022\",\"name\":\"Fabrique du scandale et rivalit\u00e9s m\u00e9morielles en France et en Europe (1550-1697). Sous la direction de Blandine Perona, Isabelle Moreau et Enrica Zanin. Presses Universitaires Aquitaines en ligne, Un@ \u00e9ditions, collection Savoirs humanistes, n\u00b0 2, 2022. - Soci\u00e9t\u00e9 d&#039;\u00c9tudes M\u00e9dio Et N\u00e9o-Latines\",\"isPartOf\":{\"@id\":\"http:\\\/\\\/www.semen-l.org\\\/#website\"},\"datePublished\":\"2022-12-07T18:31:57+00:00\",\"dateModified\":\"2024-02-07T18:33:50+00:00\",\"breadcrumb\":{\"@id\":\"http:\\\/\\\/www.semen-l.org\\\/?p=3022#breadcrumb\"},\"inLanguage\":\"fr-FR\",\"potentialAction\":[{\"@type\":\"ReadAction\",\"target\":[\"http:\\\/\\\/www.semen-l.org\\\/?p=3022\"]}]},{\"@type\":\"BreadcrumbList\",\"@id\":\"http:\\\/\\\/www.semen-l.org\\\/?p=3022#breadcrumb\",\"itemListElement\":[{\"@type\":\"ListItem\",\"position\":1,\"name\":\"Accueil\",\"item\":\"http:\\\/\\\/www.semen-l.org\\\/\"},{\"@type\":\"ListItem\",\"position\":2,\"name\":\"Fabrique du scandale et rivalit\u00e9s m\u00e9morielles en France et en Europe (1550-1697). Sous la direction de Blandine Perona, Isabelle Moreau et Enrica Zanin. Presses Universitaires Aquitaines en ligne, Un@ \u00e9ditions, collection Savoirs humanistes, n\u00b0 2, 2022.\"}]},{\"@type\":\"WebSite\",\"@id\":\"http:\\\/\\\/www.semen-l.org\\\/#website\",\"url\":\"http:\\\/\\\/www.semen-l.org\\\/\",\"name\":\"Soci\u00e9t\u00e9 d'\u00c9tudes M\u00e9dio Et N\u00e9o-Latines\",\"description\":\"\",\"publisher\":{\"@id\":\"http:\\\/\\\/www.semen-l.org\\\/#organization\"},\"potentialAction\":[{\"@type\":\"SearchAction\",\"target\":{\"@type\":\"EntryPoint\",\"urlTemplate\":\"http:\\\/\\\/www.semen-l.org\\\/?s={search_term_string}\"},\"query-input\":{\"@type\":\"PropertyValueSpecification\",\"valueRequired\":true,\"valueName\":\"search_term_string\"}}],\"inLanguage\":\"fr-FR\"},{\"@type\":\"Organization\",\"@id\":\"http:\\\/\\\/www.semen-l.org\\\/#organization\",\"name\":\"Soci\u00e9t\u00e9 d'\u00e9tudes m\u00e9dio et n\u00e9o-latines\",\"url\":\"http:\\\/\\\/www.semen-l.org\\\/\",\"logo\":{\"@type\":\"ImageObject\",\"inLanguage\":\"fr-FR\",\"@id\":\"http:\\\/\\\/www.semen-l.org\\\/#\\\/schema\\\/logo\\\/image\\\/\",\"url\":\"http:\\\/\\\/www.semen-l.org\\\/wp-content\\\/uploads\\\/2020\\\/11\\\/logo-semenl.jpg\",\"contentUrl\":\"http:\\\/\\\/www.semen-l.org\\\/wp-content\\\/uploads\\\/2020\\\/11\\\/logo-semenl.jpg\",\"width\":408,\"height\":403,\"caption\":\"Soci\u00e9t\u00e9 d'\u00e9tudes m\u00e9dio et n\u00e9o-latines\"},\"image\":{\"@id\":\"http:\\\/\\\/www.semen-l.org\\\/#\\\/schema\\\/logo\\\/image\\\/\"},\"sameAs\":[\"https:\\\/\\\/www.facebook.com\\\/SEMENL2018\",\"https:\\\/\\\/independent.academia.edu\\\/SocitsdtudesmdioetnolatinesSEMENL\"]},{\"@type\":\"Person\",\"@id\":\"http:\\\/\\\/www.semen-l.org\\\/#\\\/schema\\\/person\\\/ef5208815f17666727763c5363a51344\",\"name\":\"Julien Maudoux\",\"image\":{\"@type\":\"ImageObject\",\"inLanguage\":\"fr-FR\",\"@id\":\"https:\\\/\\\/secure.gravatar.com\\\/avatar\\\/caabf4fb6242e2277733cd35a5c2aa083761ea25dae1d1ff3298b54292225292?s=96&d=mm&r=g\",\"url\":\"https:\\\/\\\/secure.gravatar.com\\\/avatar\\\/caabf4fb6242e2277733cd35a5c2aa083761ea25dae1d1ff3298b54292225292?s=96&d=mm&r=g\",\"contentUrl\":\"https:\\\/\\\/secure.gravatar.com\\\/avatar\\\/caabf4fb6242e2277733cd35a5c2aa083761ea25dae1d1ff3298b54292225292?s=96&d=mm&r=g\",\"caption\":\"Julien Maudoux\"},\"description\":\"Webmestre du site de la SEMEN-L\",\"url\":\"https:\\\/\\\/www.semen-l.org\\\/?author=26\"}]}<\/script>\n<!-- \/ Yoast SEO plugin. -->","yoast_head_json":{"title":"Fabrique du scandale et rivalit\u00e9s m\u00e9morielles en France et en Europe (1550-1697). Sous la direction de Blandine Perona, Isabelle Moreau et Enrica Zanin. Presses Universitaires Aquitaines en ligne, Un@ \u00e9ditions, collection Savoirs humanistes, n\u00b0 2, 2022. - Soci\u00e9t\u00e9 d&#039;\u00c9tudes M\u00e9dio Et N\u00e9o-Latines","robots":{"index":"index","follow":"follow","max-snippet":"max-snippet:-1","max-image-preview":"max-image-preview:large","max-video-preview":"max-video-preview:-1"},"canonical":"http:\/\/www.semen-l.org\/?p=3022","og_locale":"fr_FR","og_type":"article","og_title":"Fabrique du scandale et rivalit\u00e9s m\u00e9morielles en France et en Europe (1550-1697). Sous la direction de Blandine Perona, Isabelle Moreau et Enrica Zanin. Presses Universitaires Aquitaines en ligne, Un@ \u00e9ditions, collection Savoirs humanistes, n\u00b0 2, 2022. - Soci\u00e9t\u00e9 d&#039;\u00c9tudes M\u00e9dio Et N\u00e9o-Latines","og_description":"Fabrique du scandale et rivalit\u00e9s m\u00e9morielles en France et en Europe (1550-1697). Sous la direction de Blandine Perona, Isabelle Moreau et Enrica Zanin. Presses Universitaires Aquitaines en ligne, Un@ \u00e9ditions, collection Savoirs humanistes, n\u00b0 2, 2022. En 1550, la notion &hellip; Continuer la lecture &rarr;","og_url":"http:\/\/www.semen-l.org\/?p=3022","og_site_name":"Soci\u00e9t\u00e9 d&#039;\u00c9tudes M\u00e9dio Et N\u00e9o-Latines","article_publisher":"https:\/\/www.facebook.com\/SEMENL2018","article_published_time":"2022-12-07T18:31:57+00:00","article_modified_time":"2024-02-07T18:33:50+00:00","author":"Julien Maudoux","twitter_card":"summary_large_image","twitter_misc":{"\u00c9crit par":"Julien Maudoux","Dur\u00e9e de lecture estim\u00e9e":"2 minutes"},"schema":{"@context":"https:\/\/schema.org","@graph":[{"@type":"Article","@id":"http:\/\/www.semen-l.org\/?p=3022#article","isPartOf":{"@id":"http:\/\/www.semen-l.org\/?p=3022"},"author":{"name":"Julien Maudoux","@id":"http:\/\/www.semen-l.org\/#\/schema\/person\/ef5208815f17666727763c5363a51344"},"headline":"Fabrique du scandale et rivalit\u00e9s m\u00e9morielles en France et en Europe (1550-1697). Sous la direction de Blandine Perona, Isabelle Moreau et Enrica Zanin. Presses Universitaires Aquitaines en ligne, Un@ \u00e9ditions, collection Savoirs humanistes, n\u00b0 2, 2022.","datePublished":"2022-12-07T18:31:57+00:00","dateModified":"2024-02-07T18:33:50+00:00","mainEntityOfPage":{"@id":"http:\/\/www.semen-l.org\/?p=3022"},"wordCount":296,"commentCount":0,"publisher":{"@id":"http:\/\/www.semen-l.org\/#organization"},"keywords":["Calvin (Jean)","catholicisme","Des scandales (Calvin)","fama","pol\u00e9mique","protestantisme","th\u00e9ologie"],"articleSection":["Recensions"],"inLanguage":"fr-FR","potentialAction":[{"@type":"CommentAction","name":"Comment","target":["http:\/\/www.semen-l.org\/?p=3022#respond"]}]},{"@type":"WebPage","@id":"http:\/\/www.semen-l.org\/?p=3022","url":"http:\/\/www.semen-l.org\/?p=3022","name":"Fabrique du scandale et rivalit\u00e9s m\u00e9morielles en France et en Europe (1550-1697). Sous la direction de Blandine Perona, Isabelle Moreau et Enrica Zanin. Presses Universitaires Aquitaines en ligne, Un@ \u00e9ditions, collection Savoirs humanistes, n\u00b0 2, 2022. - Soci\u00e9t\u00e9 d&#039;\u00c9tudes M\u00e9dio Et N\u00e9o-Latines","isPartOf":{"@id":"http:\/\/www.semen-l.org\/#website"},"datePublished":"2022-12-07T18:31:57+00:00","dateModified":"2024-02-07T18:33:50+00:00","breadcrumb":{"@id":"http:\/\/www.semen-l.org\/?p=3022#breadcrumb"},"inLanguage":"fr-FR","potentialAction":[{"@type":"ReadAction","target":["http:\/\/www.semen-l.org\/?p=3022"]}]},{"@type":"BreadcrumbList","@id":"http:\/\/www.semen-l.org\/?p=3022#breadcrumb","itemListElement":[{"@type":"ListItem","position":1,"name":"Accueil","item":"http:\/\/www.semen-l.org\/"},{"@type":"ListItem","position":2,"name":"Fabrique du scandale et rivalit\u00e9s m\u00e9morielles en France et en Europe (1550-1697). Sous la direction de Blandine Perona, Isabelle Moreau et Enrica Zanin. Presses Universitaires Aquitaines en ligne, Un@ \u00e9ditions, collection Savoirs humanistes, n\u00b0 2, 2022."}]},{"@type":"WebSite","@id":"http:\/\/www.semen-l.org\/#website","url":"http:\/\/www.semen-l.org\/","name":"Soci\u00e9t\u00e9 d'\u00c9tudes M\u00e9dio Et N\u00e9o-Latines","description":"","publisher":{"@id":"http:\/\/www.semen-l.org\/#organization"},"potentialAction":[{"@type":"SearchAction","target":{"@type":"EntryPoint","urlTemplate":"http:\/\/www.semen-l.org\/?s={search_term_string}"},"query-input":{"@type":"PropertyValueSpecification","valueRequired":true,"valueName":"search_term_string"}}],"inLanguage":"fr-FR"},{"@type":"Organization","@id":"http:\/\/www.semen-l.org\/#organization","name":"Soci\u00e9t\u00e9 d'\u00e9tudes m\u00e9dio et n\u00e9o-latines","url":"http:\/\/www.semen-l.org\/","logo":{"@type":"ImageObject","inLanguage":"fr-FR","@id":"http:\/\/www.semen-l.org\/#\/schema\/logo\/image\/","url":"http:\/\/www.semen-l.org\/wp-content\/uploads\/2020\/11\/logo-semenl.jpg","contentUrl":"http:\/\/www.semen-l.org\/wp-content\/uploads\/2020\/11\/logo-semenl.jpg","width":408,"height":403,"caption":"Soci\u00e9t\u00e9 d'\u00e9tudes m\u00e9dio et n\u00e9o-latines"},"image":{"@id":"http:\/\/www.semen-l.org\/#\/schema\/logo\/image\/"},"sameAs":["https:\/\/www.facebook.com\/SEMENL2018","https:\/\/independent.academia.edu\/SocitsdtudesmdioetnolatinesSEMENL"]},{"@type":"Person","@id":"http:\/\/www.semen-l.org\/#\/schema\/person\/ef5208815f17666727763c5363a51344","name":"Julien Maudoux","image":{"@type":"ImageObject","inLanguage":"fr-FR","@id":"https:\/\/secure.gravatar.com\/avatar\/caabf4fb6242e2277733cd35a5c2aa083761ea25dae1d1ff3298b54292225292?s=96&d=mm&r=g","url":"https:\/\/secure.gravatar.com\/avatar\/caabf4fb6242e2277733cd35a5c2aa083761ea25dae1d1ff3298b54292225292?s=96&d=mm&r=g","contentUrl":"https:\/\/secure.gravatar.com\/avatar\/caabf4fb6242e2277733cd35a5c2aa083761ea25dae1d1ff3298b54292225292?s=96&d=mm&r=g","caption":"Julien Maudoux"},"description":"Webmestre du site de la SEMEN-L","url":"https:\/\/www.semen-l.org\/?author=26"}]}},"jetpack_featured_media_url":"","_links":{"self":[{"href":"https:\/\/www.semen-l.org\/index.php?rest_route=\/wp\/v2\/posts\/3022","targetHints":{"allow":["GET"]}}],"collection":[{"href":"https:\/\/www.semen-l.org\/index.php?rest_route=\/wp\/v2\/posts"}],"about":[{"href":"https:\/\/www.semen-l.org\/index.php?rest_route=\/wp\/v2\/types\/post"}],"author":[{"embeddable":true,"href":"https:\/\/www.semen-l.org\/index.php?rest_route=\/wp\/v2\/users\/26"}],"replies":[{"embeddable":true,"href":"https:\/\/www.semen-l.org\/index.php?rest_route=%2Fwp%2Fv2%2Fcomments&post=3022"}],"version-history":[{"count":0,"href":"https:\/\/www.semen-l.org\/index.php?rest_route=\/wp\/v2\/posts\/3022\/revisions"}],"wp:attachment":[{"href":"https:\/\/www.semen-l.org\/index.php?rest_route=%2Fwp%2Fv2%2Fmedia&parent=3022"}],"wp:term":[{"taxonomy":"category","embeddable":true,"href":"https:\/\/www.semen-l.org\/index.php?rest_route=%2Fwp%2Fv2%2Fcategories&post=3022"},{"taxonomy":"post_tag","embeddable":true,"href":"https:\/\/www.semen-l.org\/index.php?rest_route=%2Fwp%2Fv2%2Ftags&post=3022"}],"curies":[{"name":"wp","href":"https:\/\/api.w.org\/{rel}","templated":true}]}}