{"id":2961,"date":"2023-12-20T22:10:18","date_gmt":"2023-12-20T22:10:18","guid":{"rendered":"https:\/\/www.semen-l.org\/?p=2961"},"modified":"2024-02-15T14:00:03","modified_gmt":"2024-02-15T14:00:03","slug":"le-dialogue-de-lantiquite-a-lage-humaniste-peripeties-dun-genre-dramatique-et-philosophique-sous-la-direction-dalice-bonandini-laurence-boulegue-et-giorgio-ieran","status":"publish","type":"post","link":"https:\/\/www.semen-l.org\/?p=2961","title":{"rendered":"Le dialogue de l\u2019Antiquit\u00e9 \u00e0 l\u2019\u00e2ge humaniste, p\u00e9rip\u00e9ties d\u2019un genre dramatique et philosophique, sous la direction d\u2019Alice Bonandini, Laurence Boul\u00e8gue et Giorgio Ieran\u00f2, Classiques Garnier, Paris, 2023"},"content":{"rendered":"<p><strong><em>Le dialogue de l\u2019Antiquit\u00e9 \u00e0 l\u2019\u00e2ge humaniste, p\u00e9rip\u00e9ties d\u2019un genre dramatique et philosophique<\/em>, sous la direction d\u2019Alice Bonandini, Laurence Boul\u00e8gue et Giorgio Ieran\u00f2, Classiques Garnier, Paris, 2023, n\u00b0 565, 508 p. ; broch\u00e9, ISBN 978-2-406-14338-3 ; 54 \u20ac.<a href=\"https:\/\/classiques-garnier.com\/le-dialogue-de-l-antiquite-a-l-age-humaniste-peripeties-d-un-genre-dramatique-et-philosophique.html\"><img fetchpriority=\"high\" decoding=\"async\" class=\"alignright size-medium wp-image-3207\" src=\"http:\/\/www.semen-l.org\/wp-content\/uploads\/2023\/12\/dialogue-coll-garnier-23-cov-200x300.jpg\" alt=\"\" width=\"200\" height=\"300\" srcset=\"https:\/\/www.semen-l.org\/wp-content\/uploads\/2023\/12\/dialogue-coll-garnier-23-cov-200x300.jpg 200w, https:\/\/www.semen-l.org\/wp-content\/uploads\/2023\/12\/dialogue-coll-garnier-23-cov-133x200.jpg 133w, https:\/\/www.semen-l.org\/wp-content\/uploads\/2023\/12\/dialogue-coll-garnier-23-cov.jpg 400w\" sizes=\"(max-width: 200px) 100vw, 200px\" \/><\/a><\/strong><\/p>\n<p>Cet ouvrage collectif propose d\u2019\u00e9tudier les p\u00e9rip\u00e9ties du genre dialogique, entre th\u00e9\u00e2tre et philosophie, en trois volets consacr\u00e9s \u00e0 son \u00e9criture dans l\u2019Antiquit\u00e9 grecque et romaine et \u00e0 ses mutations au Moyen \u00c2ge et \u00e0 l\u2019\u00e2ge humaniste. C\u2019est aux XVe et XVIe si\u00e8cles que le dialogue est constitu\u00e9 en tant que genre autonome, \u00e0 la fois distinct du th\u00e9\u00e2tre et de la philosophie traditionnelle universitaire, tout en conservant les particularit\u00e9s et ambivalences de sa double gen\u00e8se depuis l\u2019Antiquit\u00e9 grecque. Issu de deux colloques internationaux organis\u00e9s \u00e0 l\u2019universit\u00e9 de Picardie \u2013 Jules-Verne et \u00e0 l\u2019universit\u00e9 de Trente, le pr\u00e9sent ouvrage propose d\u2019\u00e9tudier les p\u00e9rip\u00e9ties du dialogue de l\u2019Antiquit\u00e9 \u00e0 la Renaissance, o\u00f9 s\u2019\u00e9labore tardivement chez les humanistes la r\u00e9flexion th\u00e9orique sur ce genre hybride, dramatique et philosophique.<\/p>\n<p>Cette recension a \u00e9t\u00e9 publi\u00e9e dans le<a href=\"https:\/\/www.semen-l.org\/?p=2848\"> Bulletin de liaison n\u00b021 (2023) de la SEMEN-L<\/a> (p. 44).<\/p>\n","protected":false},"excerpt":{"rendered":"<p>Le dialogue de l\u2019Antiquit\u00e9 \u00e0 l\u2019\u00e2ge humaniste, p\u00e9rip\u00e9ties d\u2019un genre dramatique et philosophique, sous la direction d\u2019Alice Bonandini, Laurence Boul\u00e8gue et Giorgio Ieran\u00f2, Classiques Garnier, Paris, 2023, n\u00b0 565, 508 p. ; broch\u00e9, ISBN 978-2-406-14338-3 ; 54 \u20ac. Cet ouvrage &hellip; <a href=\"https:\/\/www.semen-l.org\/?p=2961\">Continuer la lecture <span class=\"meta-nav\">&rarr;<\/span><\/a><\/p>\n","protected":false},"author":26,"featured_media":3207,"comment_status":"open","ping_status":"open","sticky":false,"template":"","format":"standard","meta":{"footnotes":""},"categories":[1825],"tags":[174,1427,173],"class_list":["post-2961","post","type-post","status-publish","format-standard","has-post-thumbnail","hentry","category-recensions","tag-dialogue","tag-dialogue-dramatique","tag-dialogue-philosophique"],"yoast_head":"<!-- This site is optimized with the Yoast SEO plugin v27.5 - https:\/\/yoast.com\/product\/yoast-seo-wordpress\/ -->\n<title>Le dialogue de l\u2019Antiquit\u00e9 \u00e0 l\u2019\u00e2ge humaniste, p\u00e9rip\u00e9ties d\u2019un genre dramatique et philosophique, sous la direction d\u2019Alice Bonandini, Laurence Boul\u00e8gue et Giorgio Ieran\u00f2, Classiques Garnier, Paris, 2023 - Soci\u00e9t\u00e9 d&#039;\u00c9tudes M\u00e9dio Et N\u00e9o-Latines<\/title>\n<meta name=\"description\" content=\"Recension SEMEN-L de l&#039;ouvrage collectif Le dialogue de l\u2019Antiquit\u00e9 \u00e0 l\u2019\u00e2ge humaniste, p\u00e9rip\u00e9ties d\u2019un genre dramatique et philosophique.\" \/>\n<meta name=\"robots\" content=\"index, follow, max-snippet:-1, max-image-preview:large, max-video-preview:-1\" \/>\n<link rel=\"canonical\" href=\"http:\/\/www.semen-l.org\/?p=2961\" \/>\n<meta property=\"og:locale\" content=\"fr_FR\" \/>\n<meta property=\"og:type\" content=\"article\" \/>\n<meta property=\"og:title\" content=\"Le dialogue de l\u2019Antiquit\u00e9 \u00e0 l\u2019\u00e2ge humaniste, p\u00e9rip\u00e9ties d\u2019un genre dramatique et philosophique, sous la direction d\u2019Alice Bonandini, Laurence Boul\u00e8gue et Giorgio Ieran\u00f2, Classiques Garnier, Paris, 2023 - Soci\u00e9t\u00e9 d&#039;\u00c9tudes M\u00e9dio Et N\u00e9o-Latines\" \/>\n<meta property=\"og:description\" content=\"Recension SEMEN-L de l&#039;ouvrage collectif Le dialogue de l\u2019Antiquit\u00e9 \u00e0 l\u2019\u00e2ge humaniste, p\u00e9rip\u00e9ties d\u2019un genre dramatique et philosophique.\" \/>\n<meta property=\"og:url\" content=\"http:\/\/www.semen-l.org\/?p=2961\" \/>\n<meta property=\"og:site_name\" content=\"Soci\u00e9t\u00e9 d&#039;\u00c9tudes M\u00e9dio Et N\u00e9o-Latines\" \/>\n<meta property=\"article:publisher\" content=\"https:\/\/www.facebook.com\/SEMENL2018\" \/>\n<meta property=\"article:published_time\" content=\"2023-12-20T22:10:18+00:00\" \/>\n<meta property=\"article:modified_time\" content=\"2024-02-15T14:00:03+00:00\" \/>\n<meta property=\"og:image\" content=\"http:\/\/www.semen-l.org\/wp-content\/uploads\/2023\/12\/dialogue-coll-garnier-23-cov.jpg\" \/>\n\t<meta property=\"og:image:width\" content=\"400\" \/>\n\t<meta property=\"og:image:height\" content=\"600\" \/>\n\t<meta property=\"og:image:type\" content=\"image\/jpeg\" \/>\n<meta name=\"author\" content=\"Julien Maudoux\" \/>\n<meta name=\"twitter:card\" content=\"summary_large_image\" \/>\n<meta name=\"twitter:label1\" content=\"\u00c9crit par\" \/>\n\t<meta name=\"twitter:data1\" content=\"Julien Maudoux\" \/>\n\t<meta name=\"twitter:label2\" content=\"Dur\u00e9e de lecture estim\u00e9e\" \/>\n\t<meta name=\"twitter:data2\" content=\"2 minutes\" \/>\n<script type=\"application\/ld+json\" class=\"yoast-schema-graph\">{\"@context\":\"https:\\\/\\\/schema.org\",\"@graph\":[{\"@type\":\"Article\",\"@id\":\"http:\\\/\\\/www.semen-l.org\\\/?p=2961#article\",\"isPartOf\":{\"@id\":\"http:\\\/\\\/www.semen-l.org\\\/?p=2961\"},\"author\":{\"name\":\"Julien Maudoux\",\"@id\":\"http:\\\/\\\/www.semen-l.org\\\/#\\\/schema\\\/person\\\/ef5208815f17666727763c5363a51344\"},\"headline\":\"Le dialogue de l\u2019Antiquit\u00e9 \u00e0 l\u2019\u00e2ge humaniste, p\u00e9rip\u00e9ties d\u2019un genre dramatique et philosophique, sous la direction d\u2019Alice Bonandini, Laurence Boul\u00e8gue et Giorgio Ieran\u00f2, Classiques Garnier, Paris, 2023\",\"datePublished\":\"2023-12-20T22:10:18+00:00\",\"dateModified\":\"2024-02-15T14:00:03+00:00\",\"mainEntityOfPage\":{\"@id\":\"http:\\\/\\\/www.semen-l.org\\\/?p=2961\"},\"wordCount\":230,\"commentCount\":0,\"publisher\":{\"@id\":\"http:\\\/\\\/www.semen-l.org\\\/#organization\"},\"image\":{\"@id\":\"http:\\\/\\\/www.semen-l.org\\\/?p=2961#primaryimage\"},\"thumbnailUrl\":\"https:\\\/\\\/www.semen-l.org\\\/wp-content\\\/uploads\\\/2023\\\/12\\\/dialogue-coll-garnier-23-cov.jpg\",\"keywords\":[\"dialogue\",\"dialogue dramatique\",\"dialogue philosophique\"],\"articleSection\":[\"Recensions\"],\"inLanguage\":\"fr-FR\",\"potentialAction\":[{\"@type\":\"CommentAction\",\"name\":\"Comment\",\"target\":[\"http:\\\/\\\/www.semen-l.org\\\/?p=2961#respond\"]}]},{\"@type\":\"WebPage\",\"@id\":\"http:\\\/\\\/www.semen-l.org\\\/?p=2961\",\"url\":\"http:\\\/\\\/www.semen-l.org\\\/?p=2961\",\"name\":\"Le dialogue de l\u2019Antiquit\u00e9 \u00e0 l\u2019\u00e2ge humaniste, p\u00e9rip\u00e9ties d\u2019un genre dramatique et philosophique, sous la direction d\u2019Alice Bonandini, Laurence Boul\u00e8gue et Giorgio Ieran\u00f2, Classiques Garnier, Paris, 2023 - Soci\u00e9t\u00e9 d&#039;\u00c9tudes M\u00e9dio Et N\u00e9o-Latines\",\"isPartOf\":{\"@id\":\"http:\\\/\\\/www.semen-l.org\\\/#website\"},\"primaryImageOfPage\":{\"@id\":\"http:\\\/\\\/www.semen-l.org\\\/?p=2961#primaryimage\"},\"image\":{\"@id\":\"http:\\\/\\\/www.semen-l.org\\\/?p=2961#primaryimage\"},\"thumbnailUrl\":\"https:\\\/\\\/www.semen-l.org\\\/wp-content\\\/uploads\\\/2023\\\/12\\\/dialogue-coll-garnier-23-cov.jpg\",\"datePublished\":\"2023-12-20T22:10:18+00:00\",\"dateModified\":\"2024-02-15T14:00:03+00:00\",\"description\":\"Recension SEMEN-L de l'ouvrage collectif Le dialogue de l\u2019Antiquit\u00e9 \u00e0 l\u2019\u00e2ge humaniste, p\u00e9rip\u00e9ties d\u2019un genre dramatique et philosophique.\",\"breadcrumb\":{\"@id\":\"http:\\\/\\\/www.semen-l.org\\\/?p=2961#breadcrumb\"},\"inLanguage\":\"fr-FR\",\"potentialAction\":[{\"@type\":\"ReadAction\",\"target\":[\"http:\\\/\\\/www.semen-l.org\\\/?p=2961\"]}]},{\"@type\":\"ImageObject\",\"inLanguage\":\"fr-FR\",\"@id\":\"http:\\\/\\\/www.semen-l.org\\\/?p=2961#primaryimage\",\"url\":\"https:\\\/\\\/www.semen-l.org\\\/wp-content\\\/uploads\\\/2023\\\/12\\\/dialogue-coll-garnier-23-cov.jpg\",\"contentUrl\":\"https:\\\/\\\/www.semen-l.org\\\/wp-content\\\/uploads\\\/2023\\\/12\\\/dialogue-coll-garnier-23-cov.jpg\",\"width\":400,\"height\":600},{\"@type\":\"BreadcrumbList\",\"@id\":\"http:\\\/\\\/www.semen-l.org\\\/?p=2961#breadcrumb\",\"itemListElement\":[{\"@type\":\"ListItem\",\"position\":1,\"name\":\"Accueil\",\"item\":\"http:\\\/\\\/www.semen-l.org\\\/\"},{\"@type\":\"ListItem\",\"position\":2,\"name\":\"Le dialogue de l\u2019Antiquit\u00e9 \u00e0 l\u2019\u00e2ge humaniste, p\u00e9rip\u00e9ties d\u2019un genre dramatique et philosophique, sous la direction d\u2019Alice Bonandini, Laurence Boul\u00e8gue et Giorgio Ieran\u00f2, Classiques Garnier, Paris, 2023\"}]},{\"@type\":\"WebSite\",\"@id\":\"http:\\\/\\\/www.semen-l.org\\\/#website\",\"url\":\"http:\\\/\\\/www.semen-l.org\\\/\",\"name\":\"Soci\u00e9t\u00e9 d'\u00c9tudes M\u00e9dio Et N\u00e9o-Latines\",\"description\":\"\",\"publisher\":{\"@id\":\"http:\\\/\\\/www.semen-l.org\\\/#organization\"},\"potentialAction\":[{\"@type\":\"SearchAction\",\"target\":{\"@type\":\"EntryPoint\",\"urlTemplate\":\"http:\\\/\\\/www.semen-l.org\\\/?s={search_term_string}\"},\"query-input\":{\"@type\":\"PropertyValueSpecification\",\"valueRequired\":true,\"valueName\":\"search_term_string\"}}],\"inLanguage\":\"fr-FR\"},{\"@type\":\"Organization\",\"@id\":\"http:\\\/\\\/www.semen-l.org\\\/#organization\",\"name\":\"Soci\u00e9t\u00e9 d'\u00e9tudes m\u00e9dio et n\u00e9o-latines\",\"url\":\"http:\\\/\\\/www.semen-l.org\\\/\",\"logo\":{\"@type\":\"ImageObject\",\"inLanguage\":\"fr-FR\",\"@id\":\"http:\\\/\\\/www.semen-l.org\\\/#\\\/schema\\\/logo\\\/image\\\/\",\"url\":\"http:\\\/\\\/www.semen-l.org\\\/wp-content\\\/uploads\\\/2020\\\/11\\\/logo-semenl.jpg\",\"contentUrl\":\"http:\\\/\\\/www.semen-l.org\\\/wp-content\\\/uploads\\\/2020\\\/11\\\/logo-semenl.jpg\",\"width\":408,\"height\":403,\"caption\":\"Soci\u00e9t\u00e9 d'\u00e9tudes m\u00e9dio et n\u00e9o-latines\"},\"image\":{\"@id\":\"http:\\\/\\\/www.semen-l.org\\\/#\\\/schema\\\/logo\\\/image\\\/\"},\"sameAs\":[\"https:\\\/\\\/www.facebook.com\\\/SEMENL2018\",\"https:\\\/\\\/independent.academia.edu\\\/SocitsdtudesmdioetnolatinesSEMENL\"]},{\"@type\":\"Person\",\"@id\":\"http:\\\/\\\/www.semen-l.org\\\/#\\\/schema\\\/person\\\/ef5208815f17666727763c5363a51344\",\"name\":\"Julien Maudoux\",\"image\":{\"@type\":\"ImageObject\",\"inLanguage\":\"fr-FR\",\"@id\":\"https:\\\/\\\/secure.gravatar.com\\\/avatar\\\/caabf4fb6242e2277733cd35a5c2aa083761ea25dae1d1ff3298b54292225292?s=96&d=mm&r=g\",\"url\":\"https:\\\/\\\/secure.gravatar.com\\\/avatar\\\/caabf4fb6242e2277733cd35a5c2aa083761ea25dae1d1ff3298b54292225292?s=96&d=mm&r=g\",\"contentUrl\":\"https:\\\/\\\/secure.gravatar.com\\\/avatar\\\/caabf4fb6242e2277733cd35a5c2aa083761ea25dae1d1ff3298b54292225292?s=96&d=mm&r=g\",\"caption\":\"Julien Maudoux\"},\"description\":\"Webmestre du site de la SEMEN-L\",\"url\":\"https:\\\/\\\/www.semen-l.org\\\/?author=26\"}]}<\/script>\n<!-- \/ Yoast SEO plugin. -->","yoast_head_json":{"title":"Le dialogue de l\u2019Antiquit\u00e9 \u00e0 l\u2019\u00e2ge humaniste, p\u00e9rip\u00e9ties d\u2019un genre dramatique et philosophique, sous la direction d\u2019Alice Bonandini, Laurence Boul\u00e8gue et Giorgio Ieran\u00f2, Classiques Garnier, Paris, 2023 - Soci\u00e9t\u00e9 d&#039;\u00c9tudes M\u00e9dio Et N\u00e9o-Latines","description":"Recension SEMEN-L de l'ouvrage collectif Le dialogue de l\u2019Antiquit\u00e9 \u00e0 l\u2019\u00e2ge humaniste, p\u00e9rip\u00e9ties d\u2019un genre dramatique et philosophique.","robots":{"index":"index","follow":"follow","max-snippet":"max-snippet:-1","max-image-preview":"max-image-preview:large","max-video-preview":"max-video-preview:-1"},"canonical":"http:\/\/www.semen-l.org\/?p=2961","og_locale":"fr_FR","og_type":"article","og_title":"Le dialogue de l\u2019Antiquit\u00e9 \u00e0 l\u2019\u00e2ge humaniste, p\u00e9rip\u00e9ties d\u2019un genre dramatique et philosophique, sous la direction d\u2019Alice Bonandini, Laurence Boul\u00e8gue et Giorgio Ieran\u00f2, Classiques Garnier, Paris, 2023 - Soci\u00e9t\u00e9 d&#039;\u00c9tudes M\u00e9dio Et N\u00e9o-Latines","og_description":"Recension SEMEN-L de l'ouvrage collectif Le dialogue de l\u2019Antiquit\u00e9 \u00e0 l\u2019\u00e2ge humaniste, p\u00e9rip\u00e9ties d\u2019un genre dramatique et philosophique.","og_url":"http:\/\/www.semen-l.org\/?p=2961","og_site_name":"Soci\u00e9t\u00e9 d&#039;\u00c9tudes M\u00e9dio Et N\u00e9o-Latines","article_publisher":"https:\/\/www.facebook.com\/SEMENL2018","article_published_time":"2023-12-20T22:10:18+00:00","article_modified_time":"2024-02-15T14:00:03+00:00","og_image":[{"width":400,"height":600,"url":"http:\/\/www.semen-l.org\/wp-content\/uploads\/2023\/12\/dialogue-coll-garnier-23-cov.jpg","type":"image\/jpeg"}],"author":"Julien Maudoux","twitter_card":"summary_large_image","twitter_misc":{"\u00c9crit par":"Julien Maudoux","Dur\u00e9e de lecture estim\u00e9e":"2 minutes"},"schema":{"@context":"https:\/\/schema.org","@graph":[{"@type":"Article","@id":"http:\/\/www.semen-l.org\/?p=2961#article","isPartOf":{"@id":"http:\/\/www.semen-l.org\/?p=2961"},"author":{"name":"Julien Maudoux","@id":"http:\/\/www.semen-l.org\/#\/schema\/person\/ef5208815f17666727763c5363a51344"},"headline":"Le dialogue de l\u2019Antiquit\u00e9 \u00e0 l\u2019\u00e2ge humaniste, p\u00e9rip\u00e9ties d\u2019un genre dramatique et philosophique, sous la direction d\u2019Alice Bonandini, Laurence Boul\u00e8gue et Giorgio Ieran\u00f2, Classiques Garnier, Paris, 2023","datePublished":"2023-12-20T22:10:18+00:00","dateModified":"2024-02-15T14:00:03+00:00","mainEntityOfPage":{"@id":"http:\/\/www.semen-l.org\/?p=2961"},"wordCount":230,"commentCount":0,"publisher":{"@id":"http:\/\/www.semen-l.org\/#organization"},"image":{"@id":"http:\/\/www.semen-l.org\/?p=2961#primaryimage"},"thumbnailUrl":"https:\/\/www.semen-l.org\/wp-content\/uploads\/2023\/12\/dialogue-coll-garnier-23-cov.jpg","keywords":["dialogue","dialogue dramatique","dialogue philosophique"],"articleSection":["Recensions"],"inLanguage":"fr-FR","potentialAction":[{"@type":"CommentAction","name":"Comment","target":["http:\/\/www.semen-l.org\/?p=2961#respond"]}]},{"@type":"WebPage","@id":"http:\/\/www.semen-l.org\/?p=2961","url":"http:\/\/www.semen-l.org\/?p=2961","name":"Le dialogue de l\u2019Antiquit\u00e9 \u00e0 l\u2019\u00e2ge humaniste, p\u00e9rip\u00e9ties d\u2019un genre dramatique et philosophique, sous la direction d\u2019Alice Bonandini, Laurence Boul\u00e8gue et Giorgio Ieran\u00f2, Classiques Garnier, Paris, 2023 - Soci\u00e9t\u00e9 d&#039;\u00c9tudes M\u00e9dio Et N\u00e9o-Latines","isPartOf":{"@id":"http:\/\/www.semen-l.org\/#website"},"primaryImageOfPage":{"@id":"http:\/\/www.semen-l.org\/?p=2961#primaryimage"},"image":{"@id":"http:\/\/www.semen-l.org\/?p=2961#primaryimage"},"thumbnailUrl":"https:\/\/www.semen-l.org\/wp-content\/uploads\/2023\/12\/dialogue-coll-garnier-23-cov.jpg","datePublished":"2023-12-20T22:10:18+00:00","dateModified":"2024-02-15T14:00:03+00:00","description":"Recension SEMEN-L de l'ouvrage collectif Le dialogue de l\u2019Antiquit\u00e9 \u00e0 l\u2019\u00e2ge humaniste, p\u00e9rip\u00e9ties d\u2019un genre dramatique et philosophique.","breadcrumb":{"@id":"http:\/\/www.semen-l.org\/?p=2961#breadcrumb"},"inLanguage":"fr-FR","potentialAction":[{"@type":"ReadAction","target":["http:\/\/www.semen-l.org\/?p=2961"]}]},{"@type":"ImageObject","inLanguage":"fr-FR","@id":"http:\/\/www.semen-l.org\/?p=2961#primaryimage","url":"https:\/\/www.semen-l.org\/wp-content\/uploads\/2023\/12\/dialogue-coll-garnier-23-cov.jpg","contentUrl":"https:\/\/www.semen-l.org\/wp-content\/uploads\/2023\/12\/dialogue-coll-garnier-23-cov.jpg","width":400,"height":600},{"@type":"BreadcrumbList","@id":"http:\/\/www.semen-l.org\/?p=2961#breadcrumb","itemListElement":[{"@type":"ListItem","position":1,"name":"Accueil","item":"http:\/\/www.semen-l.org\/"},{"@type":"ListItem","position":2,"name":"Le dialogue de l\u2019Antiquit\u00e9 \u00e0 l\u2019\u00e2ge humaniste, p\u00e9rip\u00e9ties d\u2019un genre dramatique et philosophique, sous la direction d\u2019Alice Bonandini, Laurence Boul\u00e8gue et Giorgio Ieran\u00f2, Classiques Garnier, Paris, 2023"}]},{"@type":"WebSite","@id":"http:\/\/www.semen-l.org\/#website","url":"http:\/\/www.semen-l.org\/","name":"Soci\u00e9t\u00e9 d'\u00c9tudes M\u00e9dio Et N\u00e9o-Latines","description":"","publisher":{"@id":"http:\/\/www.semen-l.org\/#organization"},"potentialAction":[{"@type":"SearchAction","target":{"@type":"EntryPoint","urlTemplate":"http:\/\/www.semen-l.org\/?s={search_term_string}"},"query-input":{"@type":"PropertyValueSpecification","valueRequired":true,"valueName":"search_term_string"}}],"inLanguage":"fr-FR"},{"@type":"Organization","@id":"http:\/\/www.semen-l.org\/#organization","name":"Soci\u00e9t\u00e9 d'\u00e9tudes m\u00e9dio et n\u00e9o-latines","url":"http:\/\/www.semen-l.org\/","logo":{"@type":"ImageObject","inLanguage":"fr-FR","@id":"http:\/\/www.semen-l.org\/#\/schema\/logo\/image\/","url":"http:\/\/www.semen-l.org\/wp-content\/uploads\/2020\/11\/logo-semenl.jpg","contentUrl":"http:\/\/www.semen-l.org\/wp-content\/uploads\/2020\/11\/logo-semenl.jpg","width":408,"height":403,"caption":"Soci\u00e9t\u00e9 d'\u00e9tudes m\u00e9dio et n\u00e9o-latines"},"image":{"@id":"http:\/\/www.semen-l.org\/#\/schema\/logo\/image\/"},"sameAs":["https:\/\/www.facebook.com\/SEMENL2018","https:\/\/independent.academia.edu\/SocitsdtudesmdioetnolatinesSEMENL"]},{"@type":"Person","@id":"http:\/\/www.semen-l.org\/#\/schema\/person\/ef5208815f17666727763c5363a51344","name":"Julien Maudoux","image":{"@type":"ImageObject","inLanguage":"fr-FR","@id":"https:\/\/secure.gravatar.com\/avatar\/caabf4fb6242e2277733cd35a5c2aa083761ea25dae1d1ff3298b54292225292?s=96&d=mm&r=g","url":"https:\/\/secure.gravatar.com\/avatar\/caabf4fb6242e2277733cd35a5c2aa083761ea25dae1d1ff3298b54292225292?s=96&d=mm&r=g","contentUrl":"https:\/\/secure.gravatar.com\/avatar\/caabf4fb6242e2277733cd35a5c2aa083761ea25dae1d1ff3298b54292225292?s=96&d=mm&r=g","caption":"Julien Maudoux"},"description":"Webmestre du site de la SEMEN-L","url":"https:\/\/www.semen-l.org\/?author=26"}]}},"jetpack_featured_media_url":"https:\/\/www.semen-l.org\/wp-content\/uploads\/2023\/12\/dialogue-coll-garnier-23-cov.jpg","_links":{"self":[{"href":"https:\/\/www.semen-l.org\/index.php?rest_route=\/wp\/v2\/posts\/2961","targetHints":{"allow":["GET"]}}],"collection":[{"href":"https:\/\/www.semen-l.org\/index.php?rest_route=\/wp\/v2\/posts"}],"about":[{"href":"https:\/\/www.semen-l.org\/index.php?rest_route=\/wp\/v2\/types\/post"}],"author":[{"embeddable":true,"href":"https:\/\/www.semen-l.org\/index.php?rest_route=\/wp\/v2\/users\/26"}],"replies":[{"embeddable":true,"href":"https:\/\/www.semen-l.org\/index.php?rest_route=%2Fwp%2Fv2%2Fcomments&post=2961"}],"version-history":[{"count":0,"href":"https:\/\/www.semen-l.org\/index.php?rest_route=\/wp\/v2\/posts\/2961\/revisions"}],"wp:featuredmedia":[{"embeddable":true,"href":"https:\/\/www.semen-l.org\/index.php?rest_route=\/wp\/v2\/media\/3207"}],"wp:attachment":[{"href":"https:\/\/www.semen-l.org\/index.php?rest_route=%2Fwp%2Fv2%2Fmedia&parent=2961"}],"wp:term":[{"taxonomy":"category","embeddable":true,"href":"https:\/\/www.semen-l.org\/index.php?rest_route=%2Fwp%2Fv2%2Fcategories&post=2961"},{"taxonomy":"post_tag","embeddable":true,"href":"https:\/\/www.semen-l.org\/index.php?rest_route=%2Fwp%2Fv2%2Ftags&post=2961"}],"curies":[{"name":"wp","href":"https:\/\/api.w.org\/{rel}","templated":true}]}}