{"id":2944,"date":"2024-02-05T21:31:47","date_gmt":"2024-02-05T21:31:47","guid":{"rendered":"https:\/\/www.semen-l.org\/?p=2944"},"modified":"2024-02-10T10:54:44","modified_gmt":"2024-02-10T10:54:44","slug":"parution-des-oeuvres-completes-de-jean-second-chez-droz","status":"publish","type":"post","link":"https:\/\/www.semen-l.org\/?p=2944","title":{"rendered":"Parution des \u0152uvres Compl\u00e8tes de Jean Second chez Droz"},"content":{"rendered":"<p><a href=\"https:\/\/www.droz.org\/9782600063548\"><img fetchpriority=\"high\" decoding=\"async\" class=\"alignright wp-image-2946\" src=\"http:\/\/www.semen-l.org\/wp-content\/uploads\/2024\/02\/couverture-jean-second-oc.jpg\" alt=\"\" width=\"234\" height=\"335\" \/><\/a>La Soci\u00e9t\u00e9 d&rsquo;\u00c9tudes M\u00e9dio- et N\u00e9o-latines a le plaisir d&rsquo;annoncer la parution \u00e0 la Librairie Droz des<strong><em> \u0152uvres Compl\u00e8tes<\/em> de Jean Second<\/strong> en quatre volumes issus d&rsquo;un travail de longue haleine. La direction scientifique a \u00e9t\u00e9 assur\u00e9e par Perrine Galand-Willemen et Virginie Leroux, l&rsquo;\u00e9dition a \u00e9t\u00e9 effectu\u00e9e par Werner Gelderblom et Pierre Tuynman ; l&rsquo;ensemble r\u00e9unit le travail d&rsquo;Anne Bouscharain, Nathalie Catellani, Karine Descoings, Louise Katz, Suzanne Laburthe, Sylvie Laigneau-Fontaine, Arnaud Laim\u00e9, Catherine Langlois-P\u00e9zeret, Olivier Pedeflous, Sandra Provini, Astrid Quillien, Anne Rolet, St\u00e9phane Rolet, Emilie S\u00e9ris, Aline Smeesters. Cette \u00e9dition de r\u00e9f\u00e9rence (ISBN 978-2-600-06354-8) comprenant 3100 pages rejoint la collection \u00ab\u00a0Travaux d&rsquo;Humanisme et Renaissance\u00a0\u00bb ; elle peut \u00eatre command\u00e9e sur le site de la Librairie Droz : https:\/\/www.droz.org\/9782600063548.<\/p>\n<p><strong>Pr\u00e9sentation par la Librairie Droz<\/strong><\/p>\n<blockquote><p>Jean Second (Janus Secundus, 1511-1536) est l\u2019un des poe\u0300tes ne\u0301o-latins de la Renaissance les plus doue\u0301s de sa g\u00e9n\u00e9ration et l\u2019un de ceux qui ont eu la plus grande influence sur la litte\u0301rature europe\u0301enne. Surtout connu pour ses Baisers, poe\u0300mes e\u0301rotiques a\u0300 succe\u0300s, Second a laisse\u0301 en re\u0301alite\u0301, malgre\u0301 sa courte vie, une \u0153uvre varie\u0301e et ambitieuse, \u00e9crite dans un latin e\u0301blouissant, e\u0301labore\u0301e avec un soin tout strate\u0301gique pour obtenir une place de choix a\u0300 la cour de Charles Quint. Issu d\u2019une famille en pleine ascension sociale, il cultiva un r\u00e9seau de savants, d\u2019hommes de lettres et d\u2019artistes dont t\u00e9moignent ses po\u00e8mes, ses r\u00e9cits de voyage, sa correspondance et les m\u00e9dailles qu\u2019il grava. Le texte latin \u00e9dit\u00e9 est celui du manuscrit pre\u0301paratoire d\u2019Oxford (le plus fide\u0300le aux choix de Second), en partie autographe, parfois transcrit ou remanie\u0301 par les fre\u0300res du poe\u0300te, Marius et Grudius. Une \u00e9quipe de sp\u00e9cialistes s\u2019est constitu\u00e9e pour \u00e9diter, traduire et analyser cette \u0153uvre remarquable, en corrigeant l\u2019image un peu mie\u0300vre d\u2019amoureux passionn\u00e9 v\u00e9hicul\u00e9e par une critique he\u0301ritie\u0300re du romantisme.<\/p><\/blockquote>\n<p><b>Vid\u00e9o de pr\u00e9sentation de l&rsquo;\u0153uvre de Jean Second<\/b><\/p>\n<p><iframe title=\"Po\u00e8mes amoureux et politiques de Jean Second (1511-1536)\" width=\"584\" height=\"329\" src=\"https:\/\/www.youtube.com\/embed\/3yNvCM35X0s?feature=oembed\" frameborder=\"0\" allow=\"accelerometer; autoplay; clipboard-write; encrypted-media; gyroscope; picture-in-picture; web-share\" referrerpolicy=\"strict-origin-when-cross-origin\" allowfullscreen><\/iframe><\/p>\n<p>Nous vous proposons de visionner cette vid\u00e9o (2021) produite sous l\u2019\u00e9gide de la <a href=\"https:\/\/www.fondationpoesie.org\/fondation\">Fondation Antoine et Marie-H\u00e9l\u00e8ne Labb\u00e9 pour la Po\u00e9sie<\/a>, de l\u2019<a href=\"https:\/\/humanisme-renaissance.org\/\">Association Humanisme et Renaissance<\/a> et des <a href=\"https:\/\/www.droz.org\/\">\u00c9ditions Droz<\/a> : Virgine Leroux, actuellement pr\u00e9sidente de la SEMEN-L, y pr\u00e9sente l&rsquo;\u00e9crivain et ses \u00e9crits ; la com\u00e9dienne Estelle Meyer y d\u00e9clame des textes choisis.<\/p>\n<p><strong>Sommaire des volumes<\/strong><\/p>\n<blockquote><p>VOLUME I<\/p>\n<p>AVANT-PROPOS par Perrine GALAND-WILLEMEN<\/p>\n<p>INTRODUCTION G\u00c9N\u00c9RALE JEAN SECOND (1511-1536), PO\u00c8TE DE CHARLES QUINT<\/p>\n<p>Les \u00e9tapes d\u2019une carri\u00e8re \u00e9clair par Perrine GALAND-WILLEMEN et Virginie LEROUX<\/p>\n<p>Les portraits de Jean Second par Perrine GALAND-WILLEMEN<\/p>\n<p>\u00c9tude d\u2019ensemble sur la po\u00e9tique de Jean Second par Virginie LEROUX<\/p>\n<p>Le latin de Jean Second par Werner GOLDERBLOM<\/p>\n<p>Br\u00e8ve histoire des \u00e9ditions de Jean Second par Perrine GALAND-WILLEMEN<\/p>\n<p>Principes de notre \u00e9dition par Werner GOLDERBLOM<\/p>\n<p>R\u00e9pertoire prosopographique par Anne BOUSCHARAIN, Perrine GALAND-WILLEMEN, Virginie LEROUX et Aline SMEETERS<\/p>\n<p>M\u00e9dailles grav\u00e9es par Jean Second par Perrine GALAND-WILLEMEN et Virginie LEROUX<\/p>\n<p>\u00ab ELEGIAE \u00bb \/ \u00c9L\u00c9GIES<\/p>\n<p>Introduction par Virginie LEROUX et \u00c9milie S\u00c9RIS<\/p>\n<p>Bibliographie restreinte<\/p>\n<p>LIVRE 1 DES \u00c9L\u00c9GIES INTITUL\u00c9 JULIE<\/p>\n<p>LIVRE 2<\/p>\n<p>LIVRE 3<\/p>\n<p>Tables des illustrations<\/p>\n<p>Index nominum<\/p>\n<p>VOLUME II<\/p>\n<p>\u00ab FUNERA \u00bb \/ TOMBEAUX<\/p>\n<p>Introduction par Nathalie CATELLANI, Catherine LANGLOISP\u00c9ZERET, Virginie LEROUX, Anne ROLET et St\u00e9phane ROLET<\/p>\n<p>Bibliographie restreinte<\/p>\n<p>EPIGRAMMATUM LIBER UNUS \/ LE LIVRE D&rsquo;\u00c9PIGRAMMES<\/p>\n<p>Avertissement<\/p>\n<p>Abr\u00e9viations bibliographique courantes<\/p>\n<p>Introduction par Anne ROLET et St\u00e9phane ROLET, avec la collaboration de Werner GELDERBLOM<\/p>\n<p>Annexes<\/p>\n<p>IOANNIS SECUNDI HAGIENSIS EPIGRAMMATUM LIBER UNUS LE LIVRE D&rsquo;\u00c9PIGRAMMES DE JEAN SECOND, DE LA HAYE<\/p>\n<p>Tables des illustrations<\/p>\n<p>Index nominum<\/p>\n<p>VOLUME III<\/p>\n<p>\u00ab BASIA \u00bb \/ BAISERS<\/p>\n<p>Introduction par Perrine GALAND-WILLEMEN<\/p>\n<p>Bibliographie restreinte<\/p>\n<p>\u00ab EPISTOLAE \u00bb \/ \u00c9P\u00ceTRES<\/p>\n<p>Introduction description du recueil par Arnaud LAIM\u00c9 et Astrid QUILLIEN<\/p>\n<p>Bibliographie restreinte<\/p>\n<p>\u00c9P\u00ceTRES LIVRE 1<\/p>\n<p>\u00c9P\u00ceTRES LIVRE 2<\/p>\n<p>\u00ab ODARUM LIBER \u00bb \/ LIVRE DES ODES<\/p>\n<p>Introduction par Suzanne LABURTHE<\/p>\n<p>Bibliographie restreinte<\/p>\n<p>Index nominum<\/p>\n<p>VOLUME IV<\/p>\n<p>\u00ab SYLVAE \u00bb \/ SYLVES<\/p>\n<p>Introduction par Colin FRAIGNEAU, Louise KATZ, Olivier P\u00c9DEFLOUS, Sandra PROVINI et Aline SMEESTERS<\/p>\n<p>Bibliographie restreinte<\/p>\n<p>LETTRES EN PROSE<\/p>\n<p>Introduction par Sylvie LAIGNEAU-FONTAINE<\/p>\n<p>Bibliographie restreinte<\/p>\n<p>Synopsis des lettres en prose de cette \u00e9dition<\/p>\n<p>\u00ab ITINERA TRIA \u00bb \/ TROIS R\u00c9CITS DE VOYAGE<\/p>\n<p>Introduction par Anne BOUSCHARAIN, Karine DESCOINGS et Aline SMEESTERS<\/p>\n<p>PO\u00c8MES CONSACR\u00c9S \u00c0 LA MORT DE JEAN SECOND<\/p>\n<p>Introduction par Anne BOUSCHARAIN<\/p>\n<p>Index nominum<\/p><\/blockquote>\n","protected":false},"excerpt":{"rendered":"<p>La Soci\u00e9t\u00e9 d&rsquo;\u00c9tudes M\u00e9dio- et N\u00e9o-latines a le plaisir d&rsquo;annoncer la parution \u00e0 la Librairie Droz des \u0152uvres Compl\u00e8tes de Jean Second en quatre volumes issus d&rsquo;un travail de longue haleine. La direction scientifique a \u00e9t\u00e9 assur\u00e9e par Perrine Galand-Willemen &hellip; <a href=\"https:\/\/www.semen-l.org\/?p=2944\">Continuer la lecture <span class=\"meta-nav\">&rarr;<\/span><\/a><\/p>\n","protected":false},"author":26,"featured_media":2946,"comment_status":"open","ping_status":"open","sticky":false,"template":"","format":"standard","meta":{"footnotes":""},"categories":[7],"tags":[1591,1177,1933,284,1936,1932,144,1937,62,1434,1934,26,82,230,1930,421,1929,1935,468,1931],"class_list":["post-2944","post","type-post","status-publish","format-standard","has-post-thumbnail","hentry","category-publications","tag-basia-second","tag-charles-quint","tag-elegiae-second","tag-elegie","tag-epitres-second","tag-funera-second","tag-humanisme","tag-itinera-tria-second","tag-lyrisme","tag-mort","tag-odarium-liber-second","tag-poesie","tag-poetique","tag-portrait","tag-second-grudius","tag-second-jean","tag-second-marius","tag-sylvae-second","tag-sylve","tag-tombeau"],"yoast_head":"<!-- This site is optimized with the Yoast SEO plugin v27.5 - https:\/\/yoast.com\/product\/yoast-seo-wordpress\/ -->\n<title>Parution des \u0152uvres Compl\u00e8tes de Jean Second chez Droz - Soci\u00e9t\u00e9 d&#039;\u00c9tudes M\u00e9dio Et N\u00e9o-Latines<\/title>\n<meta name=\"description\" content=\"L&#039;\u00e9dition de r\u00e9f\u00e9rence des \u0153uvres compl\u00e8tes de Jean Second est parue en 2024 chez Droz sous la direction de P. Galand-Willemen et V. Leroux.\" \/>\n<meta name=\"robots\" content=\"index, follow, max-snippet:-1, max-image-preview:large, max-video-preview:-1\" \/>\n<link rel=\"canonical\" href=\"http:\/\/www.semen-l.org\/?p=2944\" \/>\n<meta property=\"og:locale\" content=\"fr_FR\" \/>\n<meta property=\"og:type\" content=\"article\" \/>\n<meta property=\"og:title\" content=\"Parution des \u0152uvres Compl\u00e8tes de Jean Second chez Droz - Soci\u00e9t\u00e9 d&#039;\u00c9tudes M\u00e9dio Et N\u00e9o-Latines\" \/>\n<meta property=\"og:description\" content=\"L&#039;\u00e9dition de r\u00e9f\u00e9rence des \u0153uvres compl\u00e8tes de Jean Second est parue en 2024 chez Droz sous la direction de P. Galand-Willemen et V. Leroux.\" \/>\n<meta property=\"og:url\" content=\"http:\/\/www.semen-l.org\/?p=2944\" \/>\n<meta property=\"og:site_name\" content=\"Soci\u00e9t\u00e9 d&#039;\u00c9tudes M\u00e9dio Et N\u00e9o-Latines\" \/>\n<meta property=\"article:publisher\" content=\"https:\/\/www.facebook.com\/SEMENL2018\" \/>\n<meta property=\"article:published_time\" content=\"2024-02-05T21:31:47+00:00\" \/>\n<meta property=\"article:modified_time\" content=\"2024-02-10T10:54:44+00:00\" \/>\n<meta property=\"og:image\" content=\"http:\/\/www.semen-l.org\/wp-content\/uploads\/2024\/02\/couverture-jean-second-oc.jpg\" \/>\n\t<meta property=\"og:image:width\" content=\"416\" \/>\n\t<meta property=\"og:image:height\" content=\"600\" \/>\n\t<meta property=\"og:image:type\" content=\"image\/jpeg\" \/>\n<meta name=\"author\" content=\"Julien Maudoux\" \/>\n<meta name=\"twitter:card\" content=\"summary_large_image\" \/>\n<meta name=\"twitter:label1\" content=\"\u00c9crit par\" \/>\n\t<meta name=\"twitter:data1\" content=\"Julien Maudoux\" \/>\n\t<meta name=\"twitter:label2\" content=\"Dur\u00e9e de lecture estim\u00e9e\" \/>\n\t<meta name=\"twitter:data2\" content=\"2 minutes\" \/>\n<script type=\"application\/ld+json\" class=\"yoast-schema-graph\">{\"@context\":\"https:\\\/\\\/schema.org\",\"@graph\":[{\"@type\":\"Article\",\"@id\":\"http:\\\/\\\/www.semen-l.org\\\/?p=2944#article\",\"isPartOf\":{\"@id\":\"http:\\\/\\\/www.semen-l.org\\\/?p=2944\"},\"author\":{\"name\":\"Julien Maudoux\",\"@id\":\"http:\\\/\\\/www.semen-l.org\\\/#\\\/schema\\\/person\\\/ef5208815f17666727763c5363a51344\"},\"headline\":\"Parution des \u0152uvres Compl\u00e8tes de Jean Second chez Droz\",\"datePublished\":\"2024-02-05T21:31:47+00:00\",\"dateModified\":\"2024-02-10T10:54:44+00:00\",\"mainEntityOfPage\":{\"@id\":\"http:\\\/\\\/www.semen-l.org\\\/?p=2944\"},\"wordCount\":767,\"commentCount\":0,\"publisher\":{\"@id\":\"http:\\\/\\\/www.semen-l.org\\\/#organization\"},\"image\":{\"@id\":\"http:\\\/\\\/www.semen-l.org\\\/?p=2944#primaryimage\"},\"thumbnailUrl\":\"https:\\\/\\\/www.semen-l.org\\\/wp-content\\\/uploads\\\/2024\\\/02\\\/couverture-jean-second-oc.jpg\",\"keywords\":[\"Basia (Second)\",\"Charles Quint\",\"Elegiae (Second)\",\"\u00e9l\u00e9gie\",\"\u00c9p\u00eetres (Second)\",\"Funera (Second)\",\"humanisme\",\"Itinera tria (Second)\",\"lyrisme\",\"mort\",\"Odarium Liber (Second)\",\"po\u00e9sie\",\"po\u00e9tique\",\"portrait\",\"Second (Grudius)\",\"Second (Jean)\",\"Second (Marius)\",\"Sylvae (Second)\",\"sylve\",\"tombeau\"],\"articleSection\":[\"Publications\"],\"inLanguage\":\"fr-FR\",\"potentialAction\":[{\"@type\":\"CommentAction\",\"name\":\"Comment\",\"target\":[\"http:\\\/\\\/www.semen-l.org\\\/?p=2944#respond\"]}]},{\"@type\":\"WebPage\",\"@id\":\"http:\\\/\\\/www.semen-l.org\\\/?p=2944\",\"url\":\"http:\\\/\\\/www.semen-l.org\\\/?p=2944\",\"name\":\"Parution des \u0152uvres Compl\u00e8tes de Jean Second chez Droz - Soci\u00e9t\u00e9 d&#039;\u00c9tudes M\u00e9dio Et N\u00e9o-Latines\",\"isPartOf\":{\"@id\":\"http:\\\/\\\/www.semen-l.org\\\/#website\"},\"primaryImageOfPage\":{\"@id\":\"http:\\\/\\\/www.semen-l.org\\\/?p=2944#primaryimage\"},\"image\":{\"@id\":\"http:\\\/\\\/www.semen-l.org\\\/?p=2944#primaryimage\"},\"thumbnailUrl\":\"https:\\\/\\\/www.semen-l.org\\\/wp-content\\\/uploads\\\/2024\\\/02\\\/couverture-jean-second-oc.jpg\",\"datePublished\":\"2024-02-05T21:31:47+00:00\",\"dateModified\":\"2024-02-10T10:54:44+00:00\",\"description\":\"L'\u00e9dition de r\u00e9f\u00e9rence des \u0153uvres compl\u00e8tes de Jean Second est parue en 2024 chez Droz sous la direction de P. Galand-Willemen et V. Leroux.\",\"breadcrumb\":{\"@id\":\"http:\\\/\\\/www.semen-l.org\\\/?p=2944#breadcrumb\"},\"inLanguage\":\"fr-FR\",\"potentialAction\":[{\"@type\":\"ReadAction\",\"target\":[\"http:\\\/\\\/www.semen-l.org\\\/?p=2944\"]}]},{\"@type\":\"ImageObject\",\"inLanguage\":\"fr-FR\",\"@id\":\"http:\\\/\\\/www.semen-l.org\\\/?p=2944#primaryimage\",\"url\":\"https:\\\/\\\/www.semen-l.org\\\/wp-content\\\/uploads\\\/2024\\\/02\\\/couverture-jean-second-oc.jpg\",\"contentUrl\":\"https:\\\/\\\/www.semen-l.org\\\/wp-content\\\/uploads\\\/2024\\\/02\\\/couverture-jean-second-oc.jpg\",\"width\":416,\"height\":600},{\"@type\":\"BreadcrumbList\",\"@id\":\"http:\\\/\\\/www.semen-l.org\\\/?p=2944#breadcrumb\",\"itemListElement\":[{\"@type\":\"ListItem\",\"position\":1,\"name\":\"Accueil\",\"item\":\"http:\\\/\\\/www.semen-l.org\\\/\"},{\"@type\":\"ListItem\",\"position\":2,\"name\":\"Parution des \u0152uvres Compl\u00e8tes de Jean Second chez Droz\"}]},{\"@type\":\"WebSite\",\"@id\":\"http:\\\/\\\/www.semen-l.org\\\/#website\",\"url\":\"http:\\\/\\\/www.semen-l.org\\\/\",\"name\":\"Soci\u00e9t\u00e9 d'\u00c9tudes M\u00e9dio Et N\u00e9o-Latines\",\"description\":\"\",\"publisher\":{\"@id\":\"http:\\\/\\\/www.semen-l.org\\\/#organization\"},\"potentialAction\":[{\"@type\":\"SearchAction\",\"target\":{\"@type\":\"EntryPoint\",\"urlTemplate\":\"http:\\\/\\\/www.semen-l.org\\\/?s={search_term_string}\"},\"query-input\":{\"@type\":\"PropertyValueSpecification\",\"valueRequired\":true,\"valueName\":\"search_term_string\"}}],\"inLanguage\":\"fr-FR\"},{\"@type\":\"Organization\",\"@id\":\"http:\\\/\\\/www.semen-l.org\\\/#organization\",\"name\":\"Soci\u00e9t\u00e9 d'\u00e9tudes m\u00e9dio et n\u00e9o-latines\",\"url\":\"http:\\\/\\\/www.semen-l.org\\\/\",\"logo\":{\"@type\":\"ImageObject\",\"inLanguage\":\"fr-FR\",\"@id\":\"http:\\\/\\\/www.semen-l.org\\\/#\\\/schema\\\/logo\\\/image\\\/\",\"url\":\"http:\\\/\\\/www.semen-l.org\\\/wp-content\\\/uploads\\\/2020\\\/11\\\/logo-semenl.jpg\",\"contentUrl\":\"http:\\\/\\\/www.semen-l.org\\\/wp-content\\\/uploads\\\/2020\\\/11\\\/logo-semenl.jpg\",\"width\":408,\"height\":403,\"caption\":\"Soci\u00e9t\u00e9 d'\u00e9tudes m\u00e9dio et n\u00e9o-latines\"},\"image\":{\"@id\":\"http:\\\/\\\/www.semen-l.org\\\/#\\\/schema\\\/logo\\\/image\\\/\"},\"sameAs\":[\"https:\\\/\\\/www.facebook.com\\\/SEMENL2018\",\"https:\\\/\\\/independent.academia.edu\\\/SocitsdtudesmdioetnolatinesSEMENL\"]},{\"@type\":\"Person\",\"@id\":\"http:\\\/\\\/www.semen-l.org\\\/#\\\/schema\\\/person\\\/ef5208815f17666727763c5363a51344\",\"name\":\"Julien Maudoux\",\"image\":{\"@type\":\"ImageObject\",\"inLanguage\":\"fr-FR\",\"@id\":\"https:\\\/\\\/secure.gravatar.com\\\/avatar\\\/caabf4fb6242e2277733cd35a5c2aa083761ea25dae1d1ff3298b54292225292?s=96&d=mm&r=g\",\"url\":\"https:\\\/\\\/secure.gravatar.com\\\/avatar\\\/caabf4fb6242e2277733cd35a5c2aa083761ea25dae1d1ff3298b54292225292?s=96&d=mm&r=g\",\"contentUrl\":\"https:\\\/\\\/secure.gravatar.com\\\/avatar\\\/caabf4fb6242e2277733cd35a5c2aa083761ea25dae1d1ff3298b54292225292?s=96&d=mm&r=g\",\"caption\":\"Julien Maudoux\"},\"description\":\"Webmestre du site de la SEMEN-L\",\"url\":\"https:\\\/\\\/www.semen-l.org\\\/?author=26\"}]}<\/script>\n<!-- \/ Yoast SEO plugin. -->","yoast_head_json":{"title":"Parution des \u0152uvres Compl\u00e8tes de Jean Second chez Droz - Soci\u00e9t\u00e9 d&#039;\u00c9tudes M\u00e9dio Et N\u00e9o-Latines","description":"L'\u00e9dition de r\u00e9f\u00e9rence des \u0153uvres compl\u00e8tes de Jean Second est parue en 2024 chez Droz sous la direction de P. Galand-Willemen et V. Leroux.","robots":{"index":"index","follow":"follow","max-snippet":"max-snippet:-1","max-image-preview":"max-image-preview:large","max-video-preview":"max-video-preview:-1"},"canonical":"http:\/\/www.semen-l.org\/?p=2944","og_locale":"fr_FR","og_type":"article","og_title":"Parution des \u0152uvres Compl\u00e8tes de Jean Second chez Droz - Soci\u00e9t\u00e9 d&#039;\u00c9tudes M\u00e9dio Et N\u00e9o-Latines","og_description":"L'\u00e9dition de r\u00e9f\u00e9rence des \u0153uvres compl\u00e8tes de Jean Second est parue en 2024 chez Droz sous la direction de P. Galand-Willemen et V. Leroux.","og_url":"http:\/\/www.semen-l.org\/?p=2944","og_site_name":"Soci\u00e9t\u00e9 d&#039;\u00c9tudes M\u00e9dio Et N\u00e9o-Latines","article_publisher":"https:\/\/www.facebook.com\/SEMENL2018","article_published_time":"2024-02-05T21:31:47+00:00","article_modified_time":"2024-02-10T10:54:44+00:00","og_image":[{"width":416,"height":600,"url":"http:\/\/www.semen-l.org\/wp-content\/uploads\/2024\/02\/couverture-jean-second-oc.jpg","type":"image\/jpeg"}],"author":"Julien Maudoux","twitter_card":"summary_large_image","twitter_misc":{"\u00c9crit par":"Julien Maudoux","Dur\u00e9e de lecture estim\u00e9e":"2 minutes"},"schema":{"@context":"https:\/\/schema.org","@graph":[{"@type":"Article","@id":"http:\/\/www.semen-l.org\/?p=2944#article","isPartOf":{"@id":"http:\/\/www.semen-l.org\/?p=2944"},"author":{"name":"Julien Maudoux","@id":"http:\/\/www.semen-l.org\/#\/schema\/person\/ef5208815f17666727763c5363a51344"},"headline":"Parution des \u0152uvres Compl\u00e8tes de Jean Second chez Droz","datePublished":"2024-02-05T21:31:47+00:00","dateModified":"2024-02-10T10:54:44+00:00","mainEntityOfPage":{"@id":"http:\/\/www.semen-l.org\/?p=2944"},"wordCount":767,"commentCount":0,"publisher":{"@id":"http:\/\/www.semen-l.org\/#organization"},"image":{"@id":"http:\/\/www.semen-l.org\/?p=2944#primaryimage"},"thumbnailUrl":"https:\/\/www.semen-l.org\/wp-content\/uploads\/2024\/02\/couverture-jean-second-oc.jpg","keywords":["Basia (Second)","Charles Quint","Elegiae (Second)","\u00e9l\u00e9gie","\u00c9p\u00eetres (Second)","Funera (Second)","humanisme","Itinera tria (Second)","lyrisme","mort","Odarium Liber (Second)","po\u00e9sie","po\u00e9tique","portrait","Second (Grudius)","Second (Jean)","Second (Marius)","Sylvae (Second)","sylve","tombeau"],"articleSection":["Publications"],"inLanguage":"fr-FR","potentialAction":[{"@type":"CommentAction","name":"Comment","target":["http:\/\/www.semen-l.org\/?p=2944#respond"]}]},{"@type":"WebPage","@id":"http:\/\/www.semen-l.org\/?p=2944","url":"http:\/\/www.semen-l.org\/?p=2944","name":"Parution des \u0152uvres Compl\u00e8tes de Jean Second chez Droz - Soci\u00e9t\u00e9 d&#039;\u00c9tudes M\u00e9dio Et N\u00e9o-Latines","isPartOf":{"@id":"http:\/\/www.semen-l.org\/#website"},"primaryImageOfPage":{"@id":"http:\/\/www.semen-l.org\/?p=2944#primaryimage"},"image":{"@id":"http:\/\/www.semen-l.org\/?p=2944#primaryimage"},"thumbnailUrl":"https:\/\/www.semen-l.org\/wp-content\/uploads\/2024\/02\/couverture-jean-second-oc.jpg","datePublished":"2024-02-05T21:31:47+00:00","dateModified":"2024-02-10T10:54:44+00:00","description":"L'\u00e9dition de r\u00e9f\u00e9rence des \u0153uvres compl\u00e8tes de Jean Second est parue en 2024 chez Droz sous la direction de P. Galand-Willemen et V. Leroux.","breadcrumb":{"@id":"http:\/\/www.semen-l.org\/?p=2944#breadcrumb"},"inLanguage":"fr-FR","potentialAction":[{"@type":"ReadAction","target":["http:\/\/www.semen-l.org\/?p=2944"]}]},{"@type":"ImageObject","inLanguage":"fr-FR","@id":"http:\/\/www.semen-l.org\/?p=2944#primaryimage","url":"https:\/\/www.semen-l.org\/wp-content\/uploads\/2024\/02\/couverture-jean-second-oc.jpg","contentUrl":"https:\/\/www.semen-l.org\/wp-content\/uploads\/2024\/02\/couverture-jean-second-oc.jpg","width":416,"height":600},{"@type":"BreadcrumbList","@id":"http:\/\/www.semen-l.org\/?p=2944#breadcrumb","itemListElement":[{"@type":"ListItem","position":1,"name":"Accueil","item":"http:\/\/www.semen-l.org\/"},{"@type":"ListItem","position":2,"name":"Parution des \u0152uvres Compl\u00e8tes de Jean Second chez Droz"}]},{"@type":"WebSite","@id":"http:\/\/www.semen-l.org\/#website","url":"http:\/\/www.semen-l.org\/","name":"Soci\u00e9t\u00e9 d'\u00c9tudes M\u00e9dio Et N\u00e9o-Latines","description":"","publisher":{"@id":"http:\/\/www.semen-l.org\/#organization"},"potentialAction":[{"@type":"SearchAction","target":{"@type":"EntryPoint","urlTemplate":"http:\/\/www.semen-l.org\/?s={search_term_string}"},"query-input":{"@type":"PropertyValueSpecification","valueRequired":true,"valueName":"search_term_string"}}],"inLanguage":"fr-FR"},{"@type":"Organization","@id":"http:\/\/www.semen-l.org\/#organization","name":"Soci\u00e9t\u00e9 d'\u00e9tudes m\u00e9dio et n\u00e9o-latines","url":"http:\/\/www.semen-l.org\/","logo":{"@type":"ImageObject","inLanguage":"fr-FR","@id":"http:\/\/www.semen-l.org\/#\/schema\/logo\/image\/","url":"http:\/\/www.semen-l.org\/wp-content\/uploads\/2020\/11\/logo-semenl.jpg","contentUrl":"http:\/\/www.semen-l.org\/wp-content\/uploads\/2020\/11\/logo-semenl.jpg","width":408,"height":403,"caption":"Soci\u00e9t\u00e9 d'\u00e9tudes m\u00e9dio et n\u00e9o-latines"},"image":{"@id":"http:\/\/www.semen-l.org\/#\/schema\/logo\/image\/"},"sameAs":["https:\/\/www.facebook.com\/SEMENL2018","https:\/\/independent.academia.edu\/SocitsdtudesmdioetnolatinesSEMENL"]},{"@type":"Person","@id":"http:\/\/www.semen-l.org\/#\/schema\/person\/ef5208815f17666727763c5363a51344","name":"Julien Maudoux","image":{"@type":"ImageObject","inLanguage":"fr-FR","@id":"https:\/\/secure.gravatar.com\/avatar\/caabf4fb6242e2277733cd35a5c2aa083761ea25dae1d1ff3298b54292225292?s=96&d=mm&r=g","url":"https:\/\/secure.gravatar.com\/avatar\/caabf4fb6242e2277733cd35a5c2aa083761ea25dae1d1ff3298b54292225292?s=96&d=mm&r=g","contentUrl":"https:\/\/secure.gravatar.com\/avatar\/caabf4fb6242e2277733cd35a5c2aa083761ea25dae1d1ff3298b54292225292?s=96&d=mm&r=g","caption":"Julien Maudoux"},"description":"Webmestre du site de la SEMEN-L","url":"https:\/\/www.semen-l.org\/?author=26"}]}},"jetpack_featured_media_url":"https:\/\/www.semen-l.org\/wp-content\/uploads\/2024\/02\/couverture-jean-second-oc.jpg","_links":{"self":[{"href":"https:\/\/www.semen-l.org\/index.php?rest_route=\/wp\/v2\/posts\/2944","targetHints":{"allow":["GET"]}}],"collection":[{"href":"https:\/\/www.semen-l.org\/index.php?rest_route=\/wp\/v2\/posts"}],"about":[{"href":"https:\/\/www.semen-l.org\/index.php?rest_route=\/wp\/v2\/types\/post"}],"author":[{"embeddable":true,"href":"https:\/\/www.semen-l.org\/index.php?rest_route=\/wp\/v2\/users\/26"}],"replies":[{"embeddable":true,"href":"https:\/\/www.semen-l.org\/index.php?rest_route=%2Fwp%2Fv2%2Fcomments&post=2944"}],"version-history":[{"count":0,"href":"https:\/\/www.semen-l.org\/index.php?rest_route=\/wp\/v2\/posts\/2944\/revisions"}],"wp:featuredmedia":[{"embeddable":true,"href":"https:\/\/www.semen-l.org\/index.php?rest_route=\/wp\/v2\/media\/2946"}],"wp:attachment":[{"href":"https:\/\/www.semen-l.org\/index.php?rest_route=%2Fwp%2Fv2%2Fmedia&parent=2944"}],"wp:term":[{"taxonomy":"category","embeddable":true,"href":"https:\/\/www.semen-l.org\/index.php?rest_route=%2Fwp%2Fv2%2Fcategories&post=2944"},{"taxonomy":"post_tag","embeddable":true,"href":"https:\/\/www.semen-l.org\/index.php?rest_route=%2Fwp%2Fv2%2Ftags&post=2944"}],"curies":[{"name":"wp","href":"https:\/\/api.w.org\/{rel}","templated":true}]}}