{"id":2898,"date":"2024-01-08T16:36:08","date_gmt":"2024-01-08T16:36:08","guid":{"rendered":"https:\/\/www.semen-l.org\/?p=2898"},"modified":"2024-02-05T21:46:31","modified_gmt":"2024-02-05T21:46:31","slug":"jean-yves-tilliette-la-saveur-des-mots-essais-sur-lart-decrire-au-moyen-age","status":"publish","type":"post","link":"https:\/\/www.semen-l.org\/?p=2898","title":{"rendered":"Jean-Yves Tilliette, La saveur des mots. Essais sur l\u2019art d\u2019\u00e9crire au Moyen \u00c2ge"},"content":{"rendered":"<p><img fetchpriority=\"high\" decoding=\"async\" class=\"alignright size-full wp-image-2900\" src=\"http:\/\/www.semen-l.org\/wp-content\/uploads\/2024\/01\/lasaveurdesmots_couv.jpg\" alt=\"\" width=\"287\" height=\"437\" srcset=\"https:\/\/www.semen-l.org\/wp-content\/uploads\/2024\/01\/lasaveurdesmots_couv.jpg 287w, https:\/\/www.semen-l.org\/wp-content\/uploads\/2024\/01\/lasaveurdesmots_couv-197x300.jpg 197w, https:\/\/www.semen-l.org\/wp-content\/uploads\/2024\/01\/lasaveurdesmots_couv-131x200.jpg 131w\" sizes=\"(max-width: 287px) 100vw, 287px\" \/>Jean-Yves Tilliette, membre de notre Soci\u00e9t\u00e9, est l&rsquo;auteur de <em>La saveur des mots. Essais sur l\u2019art d\u2019\u00e9crire au Moyen \u00c2ge<\/em>, publi\u00e9 dans la collection \u00ab\u00a0Recherches et rencontres\u00a0\u00bb chez Droz.<\/p>\n<p><strong>Pr\u00e9sentation et prospectus de l&rsquo;\u00e9diteur<\/strong><\/p>\n<blockquote><p>La po\u00e9sie savoure les mots. C\u2019est tout sp\u00e9cialement vrai de celle du Moyen \u00c2ge latin, qui joue avec une langue qui n\u2019est pas la langue maternelle de ses auteurs. Ces derniers s\u2019aident \u00e0 cette fin des deux premi\u00e8res sciences du<br \/>\nlangage : la grammaire, qui propose \u00e0 leur \u00e9mulation les mod\u00e8les du pass\u00e9, et la rh\u00e9torique, inspiratrice de formes nouvelles. Or, par leur entremise, la saveur se fait savoir : les plus hautes r\u00e9alisations de la litt\u00e9rature m\u00e9diolatine font<br \/>\nde la beaut\u00e9 l\u2019humble auxiliaire d\u2019une qu\u00eate de sens. Ainsi, c\u2019est d\u2019un effort pour fa\u00e7onner l\u2019indicible qu\u2019entendent t\u00e9moigner les treize \u00e9tudes rassembl\u00e9es dans ce volume. D\u2019Anselme le P\u00e9ripat\u00e9ticien (milieu du XIe si\u00e8cle) \u00e0 \u00c9vrard<br \/>\nl\u2019Allemand (milieu du XIIIe), le travail sur la langue ne pr\u00e9tend \u00e0 rien de moins que recueillir les \u00e9clats de la transcendance. Cette d\u00e9marche trouve un lointain<br \/>\n\u00e9cho aussi bien dans la myst\u00e9rieuse po\u00e9sie irlandaise des \u00e2ges obscurs que dans l\u2019id\u00e9al entrevu par les modernes symbolistes.<\/p><\/blockquote>\n<a href=\"https:\/\/www.semen-l.org\/wp-content\/uploads\/2024\/01\/Saveur-des-mots_Prospectus_droz.pdf\" class=\"pdfemb-viewer\" style=\"\" data-width=\"max\" data-height=\"max\" data-toolbar=\"both\" data-toolbar-fixed=\"off\">Saveur des moits<\/a>\n<p><strong>Vid\u00e9o de pr\u00e9sentation de l&rsquo;ouvrage par Jean-Yves Tilliette<\/strong><\/p>\n<p><iframe title=\"\u00ab\u00a0La saveur des mots\u00a0\u00bb, par Jean-Yves Tilliette\" width=\"584\" height=\"329\" src=\"https:\/\/www.youtube.com\/embed\/BV1iUt5uAwQ?feature=oembed\" frameborder=\"0\" allow=\"accelerometer; autoplay; clipboard-write; encrypted-media; gyroscope; picture-in-picture; web-share\" referrerpolicy=\"strict-origin-when-cross-origin\" allowfullscreen><\/iframe><\/p>\n<p>\u00e9vrard<\/p>\n","protected":false},"excerpt":{"rendered":"<p>Jean-Yves Tilliette, membre de notre Soci\u00e9t\u00e9, est l&rsquo;auteur de La saveur des mots. Essais sur l\u2019art d\u2019\u00e9crire au Moyen \u00c2ge, publi\u00e9 dans la collection \u00ab\u00a0Recherches et rencontres\u00a0\u00bb chez Droz. Pr\u00e9sentation et prospectus de l&rsquo;\u00e9diteur La po\u00e9sie savoure les mots. C\u2019est &hellip; <a href=\"https:\/\/www.semen-l.org\/?p=2898\">Continuer la lecture <span class=\"meta-nav\">&rarr;<\/span><\/a><\/p>\n","protected":false},"author":26,"featured_media":2900,"comment_status":"open","ping_status":"open","sticky":false,"template":"","format":"standard","meta":{"footnotes":""},"categories":[7],"tags":[1823,1824],"class_list":["post-2898","post","type-post","status-publish","format-standard","has-post-thumbnail","hentry","category-publications","tag-anselme-le-peripateticien","tag-evrard-lallemand"],"yoast_head":"<!-- This site is optimized with the Yoast SEO plugin v27.5 - https:\/\/yoast.com\/product\/yoast-seo-wordpress\/ -->\n<title>Jean-Yves Tilliette, La saveur des mots. Essais sur l\u2019art d\u2019\u00e9crire au Moyen \u00c2ge - SEMEN-L<\/title>\n<meta name=\"description\" content=\"Pr\u00e9sentation de La saveur des mots. Essais sur l&#039;art d&#039;\u00e9crire au Moyen \u00c2ge de Jean-Yves Tilliette, paru chez Droz en 2023.\" \/>\n<meta name=\"robots\" content=\"index, follow, max-snippet:-1, max-image-preview:large, max-video-preview:-1\" \/>\n<link rel=\"canonical\" href=\"http:\/\/www.semen-l.org\/?p=2898\" \/>\n<meta property=\"og:locale\" content=\"fr_FR\" \/>\n<meta property=\"og:type\" content=\"article\" \/>\n<meta property=\"og:title\" content=\"Jean-Yves Tilliette, La saveur des mots. Essais sur l\u2019art d\u2019\u00e9crire au Moyen \u00c2ge - SEMEN-L\" \/>\n<meta property=\"og:description\" content=\"Pr\u00e9sentation de La saveur des mots. Essais sur l&#039;art d&#039;\u00e9crire au Moyen \u00c2ge de Jean-Yves Tilliette, paru chez Droz en 2023.\" \/>\n<meta property=\"og:url\" content=\"http:\/\/www.semen-l.org\/?p=2898\" \/>\n<meta property=\"og:site_name\" content=\"Soci\u00e9t\u00e9 d&#039;\u00c9tudes M\u00e9dio Et N\u00e9o-Latines\" \/>\n<meta property=\"article:publisher\" content=\"https:\/\/www.facebook.com\/SEMENL2018\" \/>\n<meta property=\"article:published_time\" content=\"2024-01-08T16:36:08+00:00\" \/>\n<meta property=\"article:modified_time\" content=\"2024-02-05T21:46:31+00:00\" \/>\n<meta property=\"og:image\" content=\"http:\/\/www.semen-l.org\/wp-content\/uploads\/2024\/01\/lasaveurdesmots_couv.jpg\" \/>\n\t<meta property=\"og:image:width\" content=\"287\" \/>\n\t<meta property=\"og:image:height\" content=\"437\" \/>\n\t<meta property=\"og:image:type\" content=\"image\/jpeg\" \/>\n<meta name=\"author\" content=\"Julien Maudoux\" \/>\n<meta name=\"twitter:card\" content=\"summary_large_image\" \/>\n<meta name=\"twitter:label1\" content=\"\u00c9crit par\" \/>\n\t<meta name=\"twitter:data1\" content=\"Julien Maudoux\" \/>\n\t<meta name=\"twitter:label2\" content=\"Dur\u00e9e de lecture estim\u00e9e\" \/>\n\t<meta name=\"twitter:data2\" content=\"1 minute\" \/>\n<script type=\"application\/ld+json\" class=\"yoast-schema-graph\">{\"@context\":\"https:\\\/\\\/schema.org\",\"@graph\":[{\"@type\":\"Article\",\"@id\":\"http:\\\/\\\/www.semen-l.org\\\/?p=2898#article\",\"isPartOf\":{\"@id\":\"http:\\\/\\\/www.semen-l.org\\\/?p=2898\"},\"author\":{\"name\":\"Julien Maudoux\",\"@id\":\"http:\\\/\\\/www.semen-l.org\\\/#\\\/schema\\\/person\\\/ef5208815f17666727763c5363a51344\"},\"headline\":\"Jean-Yves Tilliette, La saveur des mots. Essais sur l\u2019art d\u2019\u00e9crire au Moyen \u00c2ge\",\"datePublished\":\"2024-01-08T16:36:08+00:00\",\"dateModified\":\"2024-02-05T21:46:31+00:00\",\"mainEntityOfPage\":{\"@id\":\"http:\\\/\\\/www.semen-l.org\\\/?p=2898\"},\"wordCount\":277,\"commentCount\":0,\"publisher\":{\"@id\":\"http:\\\/\\\/www.semen-l.org\\\/#organization\"},\"image\":{\"@id\":\"http:\\\/\\\/www.semen-l.org\\\/?p=2898#primaryimage\"},\"thumbnailUrl\":\"https:\\\/\\\/www.semen-l.org\\\/wp-content\\\/uploads\\\/2024\\\/01\\\/lasaveurdesmots_couv.jpg\",\"keywords\":[\"Anselme le P\u00e9ripat\u00e9ticien\",\"\u00c9vrard l'Allemand\"],\"articleSection\":[\"Publications\"],\"inLanguage\":\"fr-FR\",\"potentialAction\":[{\"@type\":\"CommentAction\",\"name\":\"Comment\",\"target\":[\"http:\\\/\\\/www.semen-l.org\\\/?p=2898#respond\"]}]},{\"@type\":\"WebPage\",\"@id\":\"http:\\\/\\\/www.semen-l.org\\\/?p=2898\",\"url\":\"http:\\\/\\\/www.semen-l.org\\\/?p=2898\",\"name\":\"Jean-Yves Tilliette, La saveur des mots. Essais sur l\u2019art d\u2019\u00e9crire au Moyen \u00c2ge - SEMEN-L\",\"isPartOf\":{\"@id\":\"http:\\\/\\\/www.semen-l.org\\\/#website\"},\"primaryImageOfPage\":{\"@id\":\"http:\\\/\\\/www.semen-l.org\\\/?p=2898#primaryimage\"},\"image\":{\"@id\":\"http:\\\/\\\/www.semen-l.org\\\/?p=2898#primaryimage\"},\"thumbnailUrl\":\"https:\\\/\\\/www.semen-l.org\\\/wp-content\\\/uploads\\\/2024\\\/01\\\/lasaveurdesmots_couv.jpg\",\"datePublished\":\"2024-01-08T16:36:08+00:00\",\"dateModified\":\"2024-02-05T21:46:31+00:00\",\"description\":\"Pr\u00e9sentation de La saveur des mots. Essais sur l'art d'\u00e9crire au Moyen \u00c2ge de Jean-Yves Tilliette, paru chez Droz en 2023.\",\"breadcrumb\":{\"@id\":\"http:\\\/\\\/www.semen-l.org\\\/?p=2898#breadcrumb\"},\"inLanguage\":\"fr-FR\",\"potentialAction\":[{\"@type\":\"ReadAction\",\"target\":[\"http:\\\/\\\/www.semen-l.org\\\/?p=2898\"]}]},{\"@type\":\"ImageObject\",\"inLanguage\":\"fr-FR\",\"@id\":\"http:\\\/\\\/www.semen-l.org\\\/?p=2898#primaryimage\",\"url\":\"https:\\\/\\\/www.semen-l.org\\\/wp-content\\\/uploads\\\/2024\\\/01\\\/lasaveurdesmots_couv.jpg\",\"contentUrl\":\"https:\\\/\\\/www.semen-l.org\\\/wp-content\\\/uploads\\\/2024\\\/01\\\/lasaveurdesmots_couv.jpg\",\"width\":287,\"height\":437},{\"@type\":\"BreadcrumbList\",\"@id\":\"http:\\\/\\\/www.semen-l.org\\\/?p=2898#breadcrumb\",\"itemListElement\":[{\"@type\":\"ListItem\",\"position\":1,\"name\":\"Accueil\",\"item\":\"http:\\\/\\\/www.semen-l.org\\\/\"},{\"@type\":\"ListItem\",\"position\":2,\"name\":\"Jean-Yves Tilliette, La saveur des mots. Essais sur l\u2019art d\u2019\u00e9crire au Moyen \u00c2ge\"}]},{\"@type\":\"WebSite\",\"@id\":\"http:\\\/\\\/www.semen-l.org\\\/#website\",\"url\":\"http:\\\/\\\/www.semen-l.org\\\/\",\"name\":\"Soci\u00e9t\u00e9 d'\u00c9tudes M\u00e9dio Et N\u00e9o-Latines\",\"description\":\"\",\"publisher\":{\"@id\":\"http:\\\/\\\/www.semen-l.org\\\/#organization\"},\"potentialAction\":[{\"@type\":\"SearchAction\",\"target\":{\"@type\":\"EntryPoint\",\"urlTemplate\":\"http:\\\/\\\/www.semen-l.org\\\/?s={search_term_string}\"},\"query-input\":{\"@type\":\"PropertyValueSpecification\",\"valueRequired\":true,\"valueName\":\"search_term_string\"}}],\"inLanguage\":\"fr-FR\"},{\"@type\":\"Organization\",\"@id\":\"http:\\\/\\\/www.semen-l.org\\\/#organization\",\"name\":\"Soci\u00e9t\u00e9 d'\u00e9tudes m\u00e9dio et n\u00e9o-latines\",\"url\":\"http:\\\/\\\/www.semen-l.org\\\/\",\"logo\":{\"@type\":\"ImageObject\",\"inLanguage\":\"fr-FR\",\"@id\":\"http:\\\/\\\/www.semen-l.org\\\/#\\\/schema\\\/logo\\\/image\\\/\",\"url\":\"http:\\\/\\\/www.semen-l.org\\\/wp-content\\\/uploads\\\/2020\\\/11\\\/logo-semenl.jpg\",\"contentUrl\":\"http:\\\/\\\/www.semen-l.org\\\/wp-content\\\/uploads\\\/2020\\\/11\\\/logo-semenl.jpg\",\"width\":408,\"height\":403,\"caption\":\"Soci\u00e9t\u00e9 d'\u00e9tudes m\u00e9dio et n\u00e9o-latines\"},\"image\":{\"@id\":\"http:\\\/\\\/www.semen-l.org\\\/#\\\/schema\\\/logo\\\/image\\\/\"},\"sameAs\":[\"https:\\\/\\\/www.facebook.com\\\/SEMENL2018\",\"https:\\\/\\\/independent.academia.edu\\\/SocitsdtudesmdioetnolatinesSEMENL\"]},{\"@type\":\"Person\",\"@id\":\"http:\\\/\\\/www.semen-l.org\\\/#\\\/schema\\\/person\\\/ef5208815f17666727763c5363a51344\",\"name\":\"Julien Maudoux\",\"image\":{\"@type\":\"ImageObject\",\"inLanguage\":\"fr-FR\",\"@id\":\"https:\\\/\\\/secure.gravatar.com\\\/avatar\\\/caabf4fb6242e2277733cd35a5c2aa083761ea25dae1d1ff3298b54292225292?s=96&d=mm&r=g\",\"url\":\"https:\\\/\\\/secure.gravatar.com\\\/avatar\\\/caabf4fb6242e2277733cd35a5c2aa083761ea25dae1d1ff3298b54292225292?s=96&d=mm&r=g\",\"contentUrl\":\"https:\\\/\\\/secure.gravatar.com\\\/avatar\\\/caabf4fb6242e2277733cd35a5c2aa083761ea25dae1d1ff3298b54292225292?s=96&d=mm&r=g\",\"caption\":\"Julien Maudoux\"},\"description\":\"Webmestre du site de la SEMEN-L\",\"url\":\"https:\\\/\\\/www.semen-l.org\\\/?author=26\"}]}<\/script>\n<!-- \/ Yoast SEO plugin. -->","yoast_head_json":{"title":"Jean-Yves Tilliette, La saveur des mots. Essais sur l\u2019art d\u2019\u00e9crire au Moyen \u00c2ge - SEMEN-L","description":"Pr\u00e9sentation de La saveur des mots. Essais sur l'art d'\u00e9crire au Moyen \u00c2ge de Jean-Yves Tilliette, paru chez Droz en 2023.","robots":{"index":"index","follow":"follow","max-snippet":"max-snippet:-1","max-image-preview":"max-image-preview:large","max-video-preview":"max-video-preview:-1"},"canonical":"http:\/\/www.semen-l.org\/?p=2898","og_locale":"fr_FR","og_type":"article","og_title":"Jean-Yves Tilliette, La saveur des mots. Essais sur l\u2019art d\u2019\u00e9crire au Moyen \u00c2ge - SEMEN-L","og_description":"Pr\u00e9sentation de La saveur des mots. Essais sur l'art d'\u00e9crire au Moyen \u00c2ge de Jean-Yves Tilliette, paru chez Droz en 2023.","og_url":"http:\/\/www.semen-l.org\/?p=2898","og_site_name":"Soci\u00e9t\u00e9 d&#039;\u00c9tudes M\u00e9dio Et N\u00e9o-Latines","article_publisher":"https:\/\/www.facebook.com\/SEMENL2018","article_published_time":"2024-01-08T16:36:08+00:00","article_modified_time":"2024-02-05T21:46:31+00:00","og_image":[{"width":287,"height":437,"url":"http:\/\/www.semen-l.org\/wp-content\/uploads\/2024\/01\/lasaveurdesmots_couv.jpg","type":"image\/jpeg"}],"author":"Julien Maudoux","twitter_card":"summary_large_image","twitter_misc":{"\u00c9crit par":"Julien Maudoux","Dur\u00e9e de lecture estim\u00e9e":"1 minute"},"schema":{"@context":"https:\/\/schema.org","@graph":[{"@type":"Article","@id":"http:\/\/www.semen-l.org\/?p=2898#article","isPartOf":{"@id":"http:\/\/www.semen-l.org\/?p=2898"},"author":{"name":"Julien Maudoux","@id":"http:\/\/www.semen-l.org\/#\/schema\/person\/ef5208815f17666727763c5363a51344"},"headline":"Jean-Yves Tilliette, La saveur des mots. Essais sur l\u2019art d\u2019\u00e9crire au Moyen \u00c2ge","datePublished":"2024-01-08T16:36:08+00:00","dateModified":"2024-02-05T21:46:31+00:00","mainEntityOfPage":{"@id":"http:\/\/www.semen-l.org\/?p=2898"},"wordCount":277,"commentCount":0,"publisher":{"@id":"http:\/\/www.semen-l.org\/#organization"},"image":{"@id":"http:\/\/www.semen-l.org\/?p=2898#primaryimage"},"thumbnailUrl":"https:\/\/www.semen-l.org\/wp-content\/uploads\/2024\/01\/lasaveurdesmots_couv.jpg","keywords":["Anselme le P\u00e9ripat\u00e9ticien","\u00c9vrard l'Allemand"],"articleSection":["Publications"],"inLanguage":"fr-FR","potentialAction":[{"@type":"CommentAction","name":"Comment","target":["http:\/\/www.semen-l.org\/?p=2898#respond"]}]},{"@type":"WebPage","@id":"http:\/\/www.semen-l.org\/?p=2898","url":"http:\/\/www.semen-l.org\/?p=2898","name":"Jean-Yves Tilliette, La saveur des mots. Essais sur l\u2019art d\u2019\u00e9crire au Moyen \u00c2ge - SEMEN-L","isPartOf":{"@id":"http:\/\/www.semen-l.org\/#website"},"primaryImageOfPage":{"@id":"http:\/\/www.semen-l.org\/?p=2898#primaryimage"},"image":{"@id":"http:\/\/www.semen-l.org\/?p=2898#primaryimage"},"thumbnailUrl":"https:\/\/www.semen-l.org\/wp-content\/uploads\/2024\/01\/lasaveurdesmots_couv.jpg","datePublished":"2024-01-08T16:36:08+00:00","dateModified":"2024-02-05T21:46:31+00:00","description":"Pr\u00e9sentation de La saveur des mots. Essais sur l'art d'\u00e9crire au Moyen \u00c2ge de Jean-Yves Tilliette, paru chez Droz en 2023.","breadcrumb":{"@id":"http:\/\/www.semen-l.org\/?p=2898#breadcrumb"},"inLanguage":"fr-FR","potentialAction":[{"@type":"ReadAction","target":["http:\/\/www.semen-l.org\/?p=2898"]}]},{"@type":"ImageObject","inLanguage":"fr-FR","@id":"http:\/\/www.semen-l.org\/?p=2898#primaryimage","url":"https:\/\/www.semen-l.org\/wp-content\/uploads\/2024\/01\/lasaveurdesmots_couv.jpg","contentUrl":"https:\/\/www.semen-l.org\/wp-content\/uploads\/2024\/01\/lasaveurdesmots_couv.jpg","width":287,"height":437},{"@type":"BreadcrumbList","@id":"http:\/\/www.semen-l.org\/?p=2898#breadcrumb","itemListElement":[{"@type":"ListItem","position":1,"name":"Accueil","item":"http:\/\/www.semen-l.org\/"},{"@type":"ListItem","position":2,"name":"Jean-Yves Tilliette, La saveur des mots. Essais sur l\u2019art d\u2019\u00e9crire au Moyen \u00c2ge"}]},{"@type":"WebSite","@id":"http:\/\/www.semen-l.org\/#website","url":"http:\/\/www.semen-l.org\/","name":"Soci\u00e9t\u00e9 d'\u00c9tudes M\u00e9dio Et N\u00e9o-Latines","description":"","publisher":{"@id":"http:\/\/www.semen-l.org\/#organization"},"potentialAction":[{"@type":"SearchAction","target":{"@type":"EntryPoint","urlTemplate":"http:\/\/www.semen-l.org\/?s={search_term_string}"},"query-input":{"@type":"PropertyValueSpecification","valueRequired":true,"valueName":"search_term_string"}}],"inLanguage":"fr-FR"},{"@type":"Organization","@id":"http:\/\/www.semen-l.org\/#organization","name":"Soci\u00e9t\u00e9 d'\u00e9tudes m\u00e9dio et n\u00e9o-latines","url":"http:\/\/www.semen-l.org\/","logo":{"@type":"ImageObject","inLanguage":"fr-FR","@id":"http:\/\/www.semen-l.org\/#\/schema\/logo\/image\/","url":"http:\/\/www.semen-l.org\/wp-content\/uploads\/2020\/11\/logo-semenl.jpg","contentUrl":"http:\/\/www.semen-l.org\/wp-content\/uploads\/2020\/11\/logo-semenl.jpg","width":408,"height":403,"caption":"Soci\u00e9t\u00e9 d'\u00e9tudes m\u00e9dio et n\u00e9o-latines"},"image":{"@id":"http:\/\/www.semen-l.org\/#\/schema\/logo\/image\/"},"sameAs":["https:\/\/www.facebook.com\/SEMENL2018","https:\/\/independent.academia.edu\/SocitsdtudesmdioetnolatinesSEMENL"]},{"@type":"Person","@id":"http:\/\/www.semen-l.org\/#\/schema\/person\/ef5208815f17666727763c5363a51344","name":"Julien Maudoux","image":{"@type":"ImageObject","inLanguage":"fr-FR","@id":"https:\/\/secure.gravatar.com\/avatar\/caabf4fb6242e2277733cd35a5c2aa083761ea25dae1d1ff3298b54292225292?s=96&d=mm&r=g","url":"https:\/\/secure.gravatar.com\/avatar\/caabf4fb6242e2277733cd35a5c2aa083761ea25dae1d1ff3298b54292225292?s=96&d=mm&r=g","contentUrl":"https:\/\/secure.gravatar.com\/avatar\/caabf4fb6242e2277733cd35a5c2aa083761ea25dae1d1ff3298b54292225292?s=96&d=mm&r=g","caption":"Julien Maudoux"},"description":"Webmestre du site de la SEMEN-L","url":"https:\/\/www.semen-l.org\/?author=26"}]}},"jetpack_featured_media_url":"https:\/\/www.semen-l.org\/wp-content\/uploads\/2024\/01\/lasaveurdesmots_couv.jpg","_links":{"self":[{"href":"https:\/\/www.semen-l.org\/index.php?rest_route=\/wp\/v2\/posts\/2898","targetHints":{"allow":["GET"]}}],"collection":[{"href":"https:\/\/www.semen-l.org\/index.php?rest_route=\/wp\/v2\/posts"}],"about":[{"href":"https:\/\/www.semen-l.org\/index.php?rest_route=\/wp\/v2\/types\/post"}],"author":[{"embeddable":true,"href":"https:\/\/www.semen-l.org\/index.php?rest_route=\/wp\/v2\/users\/26"}],"replies":[{"embeddable":true,"href":"https:\/\/www.semen-l.org\/index.php?rest_route=%2Fwp%2Fv2%2Fcomments&post=2898"}],"version-history":[{"count":0,"href":"https:\/\/www.semen-l.org\/index.php?rest_route=\/wp\/v2\/posts\/2898\/revisions"}],"wp:featuredmedia":[{"embeddable":true,"href":"https:\/\/www.semen-l.org\/index.php?rest_route=\/wp\/v2\/media\/2900"}],"wp:attachment":[{"href":"https:\/\/www.semen-l.org\/index.php?rest_route=%2Fwp%2Fv2%2Fmedia&parent=2898"}],"wp:term":[{"taxonomy":"category","embeddable":true,"href":"https:\/\/www.semen-l.org\/index.php?rest_route=%2Fwp%2Fv2%2Fcategories&post=2898"},{"taxonomy":"post_tag","embeddable":true,"href":"https:\/\/www.semen-l.org\/index.php?rest_route=%2Fwp%2Fv2%2Ftags&post=2898"}],"curies":[{"name":"wp","href":"https:\/\/api.w.org\/{rel}","templated":true}]}}