{"id":2855,"date":"2023-12-28T21:48:46","date_gmt":"2023-12-28T21:48:46","guid":{"rendered":"https:\/\/www.semen-l.org\/?p=2855"},"modified":"2023-12-28T21:53:27","modified_gmt":"2023-12-28T21:53:27","slug":"actes-du-vie-congres-de-la-semen-l-camenae-n29","status":"publish","type":"post","link":"https:\/\/www.semen-l.org\/?p=2855","title":{"rendered":"Actes du VIe congr\u00e8s de la SEMEN-L : Camenae n\u00b029"},"content":{"rendered":"<p class=\"elementToProof\">Le comit\u00e9 de r\u00e9daction de la revue\u00a0<i><span id=\"DWT70\" class=\"ZmSearchResult\">Camenae<\/span><\/i>\u00a0a le plaisir d&rsquo;annoncer la parution des actes du VIe congr\u00e8s de la SEMEN-L qui s\u2019est r\u00e9uni \u00e0 l\u2019universit\u00e9 de Bourgogne du 8 au 11\u00a0<span id=\"OBJ_PREFIX_DWT71_com_zimbra_date\" class=\"Object\">juin 2022<\/span>\u00a0:\u00a0<i>Latin et grec au Moyen \u00c2ge et \u00e0 la Renaissance<\/i>, sous la direction de Sylvie Laigneau-Fontaine, Estelle Oudot et J\u00e9r\u00e9mie Pinguet.<\/p>\n<p><span id=\"OBJ_PREFIX_DWT72_com_zimbra_url\" class=\"Object\"><a id=\"OWA6bfccd21-1af1-db8c-93a1-349e2119f47b\" class=\"OWAAutoLink\" href=\"https:\/\/www.saprat.fr\/toutes-les-revues-en-ligne-camenae\/camenae-n-29-decembre-2023-latin-et-grec-au-moyen-age-et-a-la-renaissance-1041.htm\" target=\"_blank\" rel=\"noopener\">https:\/\/www.saprat.fr\/toutes-les-revues-en-ligne-camenae\/camenae-n-29-decembre-2023-latin-et-grec-au-moyen-age-et-a-la-renaissance-1041.htm<\/a><\/span><\/p>\n","protected":false},"excerpt":{"rendered":"<p>Le comit\u00e9 de r\u00e9daction de la revue\u00a0Camenae\u00a0a le plaisir d&rsquo;annoncer la parution des actes du VIe congr\u00e8s de la SEMEN-L qui s\u2019est r\u00e9uni \u00e0 l\u2019universit\u00e9 de Bourgogne du 8 au 11\u00a0juin 2022\u00a0:\u00a0Latin et grec au Moyen \u00c2ge et \u00e0 la &hellip; <a href=\"https:\/\/www.semen-l.org\/?p=2855\">Continuer la lecture <span class=\"meta-nav\">&rarr;<\/span><\/a><\/p>\n","protected":false},"author":26,"featured_media":2852,"comment_status":"open","ping_status":"open","sticky":false,"template":"","format":"standard","meta":{"footnotes":""},"categories":[7],"tags":[],"class_list":["post-2855","post","type-post","status-publish","format-standard","has-post-thumbnail","hentry","category-publications"],"yoast_head":"<!-- This site is optimized with the Yoast SEO plugin v27.5 - https:\/\/yoast.com\/product\/yoast-seo-wordpress\/ -->\n<title>Actes du VIe congr\u00e8s de la SEMEN-L : Camenae n\u00b029 - Soci\u00e9t\u00e9 d&#039;\u00c9tudes M\u00e9dio Et N\u00e9o-Latines<\/title>\n<meta name=\"description\" content=\"La revue Camenae fait para\u00eetre les actes du VIe congr\u00e8s de la SEMEN-L (2022) : Latin et grec au Moyen \u00c2ge et \u00e0 la Renaissance, dir. Sylvie Laigneau-Fontaine, Estelle Oudot et J\u00e9r\u00e9mie Pinguet.\" \/>\n<meta name=\"robots\" content=\"index, follow, max-snippet:-1, max-image-preview:large, max-video-preview:-1\" \/>\n<link rel=\"canonical\" href=\"http:\/\/www.semen-l.org\/?p=2855\" \/>\n<meta property=\"og:locale\" content=\"fr_FR\" \/>\n<meta property=\"og:type\" content=\"article\" \/>\n<meta property=\"og:title\" content=\"Actes du VIe congr\u00e8s de la SEMEN-L : Camenae n\u00b029 - Soci\u00e9t\u00e9 d&#039;\u00c9tudes M\u00e9dio Et N\u00e9o-Latines\" \/>\n<meta property=\"og:description\" content=\"La revue Camenae fait para\u00eetre les actes du VIe congr\u00e8s de la SEMEN-L (2022) : Latin et grec au Moyen \u00c2ge et \u00e0 la Renaissance, dir. Sylvie Laigneau-Fontaine, Estelle Oudot et J\u00e9r\u00e9mie Pinguet.\" \/>\n<meta property=\"og:url\" content=\"http:\/\/www.semen-l.org\/?p=2855\" \/>\n<meta property=\"og:site_name\" content=\"Soci\u00e9t\u00e9 d&#039;\u00c9tudes M\u00e9dio Et N\u00e9o-Latines\" \/>\n<meta property=\"article:publisher\" content=\"https:\/\/www.facebook.com\/SEMENL2018\" \/>\n<meta property=\"article:published_time\" content=\"2023-12-28T21:48:46+00:00\" \/>\n<meta property=\"article:modified_time\" content=\"2023-12-28T21:53:27+00:00\" \/>\n<meta property=\"og:image\" content=\"http:\/\/www.semen-l.org\/wp-content\/uploads\/2023\/12\/camenae29.jpg\" \/>\n\t<meta property=\"og:image:width\" content=\"580\" \/>\n\t<meta property=\"og:image:height\" content=\"300\" \/>\n\t<meta property=\"og:image:type\" content=\"image\/jpeg\" \/>\n<meta name=\"author\" content=\"Julien Maudoux\" \/>\n<meta name=\"twitter:card\" content=\"summary_large_image\" \/>\n<meta name=\"twitter:label1\" content=\"\u00c9crit par\" \/>\n\t<meta name=\"twitter:data1\" content=\"Julien Maudoux\" \/>\n\t<meta name=\"twitter:label2\" content=\"Dur\u00e9e de lecture estim\u00e9e\" \/>\n\t<meta name=\"twitter:data2\" content=\"1 minute\" \/>\n<script type=\"application\/ld+json\" class=\"yoast-schema-graph\">{\"@context\":\"https:\\\/\\\/schema.org\",\"@graph\":[{\"@type\":\"Article\",\"@id\":\"http:\\\/\\\/www.semen-l.org\\\/?p=2855#article\",\"isPartOf\":{\"@id\":\"http:\\\/\\\/www.semen-l.org\\\/?p=2855\"},\"author\":{\"name\":\"Julien Maudoux\",\"@id\":\"http:\\\/\\\/www.semen-l.org\\\/#\\\/schema\\\/person\\\/ef5208815f17666727763c5363a51344\"},\"headline\":\"Actes du VIe congr\u00e8s de la SEMEN-L : Camenae n\u00b029\",\"datePublished\":\"2023-12-28T21:48:46+00:00\",\"dateModified\":\"2023-12-28T21:53:27+00:00\",\"mainEntityOfPage\":{\"@id\":\"http:\\\/\\\/www.semen-l.org\\\/?p=2855\"},\"wordCount\":78,\"commentCount\":0,\"publisher\":{\"@id\":\"http:\\\/\\\/www.semen-l.org\\\/#organization\"},\"image\":{\"@id\":\"http:\\\/\\\/www.semen-l.org\\\/?p=2855#primaryimage\"},\"thumbnailUrl\":\"https:\\\/\\\/www.semen-l.org\\\/wp-content\\\/uploads\\\/2023\\\/12\\\/camenae29.jpg\",\"articleSection\":[\"Publications\"],\"inLanguage\":\"fr-FR\",\"potentialAction\":[{\"@type\":\"CommentAction\",\"name\":\"Comment\",\"target\":[\"http:\\\/\\\/www.semen-l.org\\\/?p=2855#respond\"]}]},{\"@type\":\"WebPage\",\"@id\":\"http:\\\/\\\/www.semen-l.org\\\/?p=2855\",\"url\":\"http:\\\/\\\/www.semen-l.org\\\/?p=2855\",\"name\":\"Actes du VIe congr\u00e8s de la SEMEN-L : Camenae n\u00b029 - Soci\u00e9t\u00e9 d&#039;\u00c9tudes M\u00e9dio Et N\u00e9o-Latines\",\"isPartOf\":{\"@id\":\"http:\\\/\\\/www.semen-l.org\\\/#website\"},\"primaryImageOfPage\":{\"@id\":\"http:\\\/\\\/www.semen-l.org\\\/?p=2855#primaryimage\"},\"image\":{\"@id\":\"http:\\\/\\\/www.semen-l.org\\\/?p=2855#primaryimage\"},\"thumbnailUrl\":\"https:\\\/\\\/www.semen-l.org\\\/wp-content\\\/uploads\\\/2023\\\/12\\\/camenae29.jpg\",\"datePublished\":\"2023-12-28T21:48:46+00:00\",\"dateModified\":\"2023-12-28T21:53:27+00:00\",\"description\":\"La revue Camenae fait para\u00eetre les actes du VIe congr\u00e8s de la SEMEN-L (2022) : Latin et grec au Moyen \u00c2ge et \u00e0 la Renaissance, dir. Sylvie Laigneau-Fontaine, Estelle Oudot et J\u00e9r\u00e9mie Pinguet.\",\"breadcrumb\":{\"@id\":\"http:\\\/\\\/www.semen-l.org\\\/?p=2855#breadcrumb\"},\"inLanguage\":\"fr-FR\",\"potentialAction\":[{\"@type\":\"ReadAction\",\"target\":[\"http:\\\/\\\/www.semen-l.org\\\/?p=2855\"]}]},{\"@type\":\"ImageObject\",\"inLanguage\":\"fr-FR\",\"@id\":\"http:\\\/\\\/www.semen-l.org\\\/?p=2855#primaryimage\",\"url\":\"https:\\\/\\\/www.semen-l.org\\\/wp-content\\\/uploads\\\/2023\\\/12\\\/camenae29.jpg\",\"contentUrl\":\"https:\\\/\\\/www.semen-l.org\\\/wp-content\\\/uploads\\\/2023\\\/12\\\/camenae29.jpg\",\"width\":580,\"height\":300},{\"@type\":\"BreadcrumbList\",\"@id\":\"http:\\\/\\\/www.semen-l.org\\\/?p=2855#breadcrumb\",\"itemListElement\":[{\"@type\":\"ListItem\",\"position\":1,\"name\":\"Accueil\",\"item\":\"http:\\\/\\\/www.semen-l.org\\\/\"},{\"@type\":\"ListItem\",\"position\":2,\"name\":\"Actes du VIe congr\u00e8s de la SEMEN-L : Camenae n\u00b029\"}]},{\"@type\":\"WebSite\",\"@id\":\"http:\\\/\\\/www.semen-l.org\\\/#website\",\"url\":\"http:\\\/\\\/www.semen-l.org\\\/\",\"name\":\"Soci\u00e9t\u00e9 d'\u00c9tudes M\u00e9dio Et N\u00e9o-Latines\",\"description\":\"\",\"publisher\":{\"@id\":\"http:\\\/\\\/www.semen-l.org\\\/#organization\"},\"potentialAction\":[{\"@type\":\"SearchAction\",\"target\":{\"@type\":\"EntryPoint\",\"urlTemplate\":\"http:\\\/\\\/www.semen-l.org\\\/?s={search_term_string}\"},\"query-input\":{\"@type\":\"PropertyValueSpecification\",\"valueRequired\":true,\"valueName\":\"search_term_string\"}}],\"inLanguage\":\"fr-FR\"},{\"@type\":\"Organization\",\"@id\":\"http:\\\/\\\/www.semen-l.org\\\/#organization\",\"name\":\"Soci\u00e9t\u00e9 d'\u00e9tudes m\u00e9dio et n\u00e9o-latines\",\"url\":\"http:\\\/\\\/www.semen-l.org\\\/\",\"logo\":{\"@type\":\"ImageObject\",\"inLanguage\":\"fr-FR\",\"@id\":\"http:\\\/\\\/www.semen-l.org\\\/#\\\/schema\\\/logo\\\/image\\\/\",\"url\":\"http:\\\/\\\/www.semen-l.org\\\/wp-content\\\/uploads\\\/2020\\\/11\\\/logo-semenl.jpg\",\"contentUrl\":\"http:\\\/\\\/www.semen-l.org\\\/wp-content\\\/uploads\\\/2020\\\/11\\\/logo-semenl.jpg\",\"width\":408,\"height\":403,\"caption\":\"Soci\u00e9t\u00e9 d'\u00e9tudes m\u00e9dio et n\u00e9o-latines\"},\"image\":{\"@id\":\"http:\\\/\\\/www.semen-l.org\\\/#\\\/schema\\\/logo\\\/image\\\/\"},\"sameAs\":[\"https:\\\/\\\/www.facebook.com\\\/SEMENL2018\",\"https:\\\/\\\/independent.academia.edu\\\/SocitsdtudesmdioetnolatinesSEMENL\"]},{\"@type\":\"Person\",\"@id\":\"http:\\\/\\\/www.semen-l.org\\\/#\\\/schema\\\/person\\\/ef5208815f17666727763c5363a51344\",\"name\":\"Julien Maudoux\",\"image\":{\"@type\":\"ImageObject\",\"inLanguage\":\"fr-FR\",\"@id\":\"https:\\\/\\\/secure.gravatar.com\\\/avatar\\\/caabf4fb6242e2277733cd35a5c2aa083761ea25dae1d1ff3298b54292225292?s=96&d=mm&r=g\",\"url\":\"https:\\\/\\\/secure.gravatar.com\\\/avatar\\\/caabf4fb6242e2277733cd35a5c2aa083761ea25dae1d1ff3298b54292225292?s=96&d=mm&r=g\",\"contentUrl\":\"https:\\\/\\\/secure.gravatar.com\\\/avatar\\\/caabf4fb6242e2277733cd35a5c2aa083761ea25dae1d1ff3298b54292225292?s=96&d=mm&r=g\",\"caption\":\"Julien Maudoux\"},\"description\":\"Webmestre du site de la SEMEN-L\",\"url\":\"https:\\\/\\\/www.semen-l.org\\\/?author=26\"}]}<\/script>\n<!-- \/ Yoast SEO plugin. -->","yoast_head_json":{"title":"Actes du VIe congr\u00e8s de la SEMEN-L : Camenae n\u00b029 - Soci\u00e9t\u00e9 d&#039;\u00c9tudes M\u00e9dio Et N\u00e9o-Latines","description":"La revue Camenae fait para\u00eetre les actes du VIe congr\u00e8s de la SEMEN-L (2022) : Latin et grec au Moyen \u00c2ge et \u00e0 la Renaissance, dir. Sylvie Laigneau-Fontaine, Estelle Oudot et J\u00e9r\u00e9mie Pinguet.","robots":{"index":"index","follow":"follow","max-snippet":"max-snippet:-1","max-image-preview":"max-image-preview:large","max-video-preview":"max-video-preview:-1"},"canonical":"http:\/\/www.semen-l.org\/?p=2855","og_locale":"fr_FR","og_type":"article","og_title":"Actes du VIe congr\u00e8s de la SEMEN-L : Camenae n\u00b029 - Soci\u00e9t\u00e9 d&#039;\u00c9tudes M\u00e9dio Et N\u00e9o-Latines","og_description":"La revue Camenae fait para\u00eetre les actes du VIe congr\u00e8s de la SEMEN-L (2022) : Latin et grec au Moyen \u00c2ge et \u00e0 la Renaissance, dir. Sylvie Laigneau-Fontaine, Estelle Oudot et J\u00e9r\u00e9mie Pinguet.","og_url":"http:\/\/www.semen-l.org\/?p=2855","og_site_name":"Soci\u00e9t\u00e9 d&#039;\u00c9tudes M\u00e9dio Et N\u00e9o-Latines","article_publisher":"https:\/\/www.facebook.com\/SEMENL2018","article_published_time":"2023-12-28T21:48:46+00:00","article_modified_time":"2023-12-28T21:53:27+00:00","og_image":[{"width":580,"height":300,"url":"http:\/\/www.semen-l.org\/wp-content\/uploads\/2023\/12\/camenae29.jpg","type":"image\/jpeg"}],"author":"Julien Maudoux","twitter_card":"summary_large_image","twitter_misc":{"\u00c9crit par":"Julien Maudoux","Dur\u00e9e de lecture estim\u00e9e":"1 minute"},"schema":{"@context":"https:\/\/schema.org","@graph":[{"@type":"Article","@id":"http:\/\/www.semen-l.org\/?p=2855#article","isPartOf":{"@id":"http:\/\/www.semen-l.org\/?p=2855"},"author":{"name":"Julien Maudoux","@id":"http:\/\/www.semen-l.org\/#\/schema\/person\/ef5208815f17666727763c5363a51344"},"headline":"Actes du VIe congr\u00e8s de la SEMEN-L : Camenae n\u00b029","datePublished":"2023-12-28T21:48:46+00:00","dateModified":"2023-12-28T21:53:27+00:00","mainEntityOfPage":{"@id":"http:\/\/www.semen-l.org\/?p=2855"},"wordCount":78,"commentCount":0,"publisher":{"@id":"http:\/\/www.semen-l.org\/#organization"},"image":{"@id":"http:\/\/www.semen-l.org\/?p=2855#primaryimage"},"thumbnailUrl":"https:\/\/www.semen-l.org\/wp-content\/uploads\/2023\/12\/camenae29.jpg","articleSection":["Publications"],"inLanguage":"fr-FR","potentialAction":[{"@type":"CommentAction","name":"Comment","target":["http:\/\/www.semen-l.org\/?p=2855#respond"]}]},{"@type":"WebPage","@id":"http:\/\/www.semen-l.org\/?p=2855","url":"http:\/\/www.semen-l.org\/?p=2855","name":"Actes du VIe congr\u00e8s de la SEMEN-L : Camenae n\u00b029 - Soci\u00e9t\u00e9 d&#039;\u00c9tudes M\u00e9dio Et N\u00e9o-Latines","isPartOf":{"@id":"http:\/\/www.semen-l.org\/#website"},"primaryImageOfPage":{"@id":"http:\/\/www.semen-l.org\/?p=2855#primaryimage"},"image":{"@id":"http:\/\/www.semen-l.org\/?p=2855#primaryimage"},"thumbnailUrl":"https:\/\/www.semen-l.org\/wp-content\/uploads\/2023\/12\/camenae29.jpg","datePublished":"2023-12-28T21:48:46+00:00","dateModified":"2023-12-28T21:53:27+00:00","description":"La revue Camenae fait para\u00eetre les actes du VIe congr\u00e8s de la SEMEN-L (2022) : Latin et grec au Moyen \u00c2ge et \u00e0 la Renaissance, dir. Sylvie Laigneau-Fontaine, Estelle Oudot et J\u00e9r\u00e9mie Pinguet.","breadcrumb":{"@id":"http:\/\/www.semen-l.org\/?p=2855#breadcrumb"},"inLanguage":"fr-FR","potentialAction":[{"@type":"ReadAction","target":["http:\/\/www.semen-l.org\/?p=2855"]}]},{"@type":"ImageObject","inLanguage":"fr-FR","@id":"http:\/\/www.semen-l.org\/?p=2855#primaryimage","url":"https:\/\/www.semen-l.org\/wp-content\/uploads\/2023\/12\/camenae29.jpg","contentUrl":"https:\/\/www.semen-l.org\/wp-content\/uploads\/2023\/12\/camenae29.jpg","width":580,"height":300},{"@type":"BreadcrumbList","@id":"http:\/\/www.semen-l.org\/?p=2855#breadcrumb","itemListElement":[{"@type":"ListItem","position":1,"name":"Accueil","item":"http:\/\/www.semen-l.org\/"},{"@type":"ListItem","position":2,"name":"Actes du VIe congr\u00e8s de la SEMEN-L : Camenae n\u00b029"}]},{"@type":"WebSite","@id":"http:\/\/www.semen-l.org\/#website","url":"http:\/\/www.semen-l.org\/","name":"Soci\u00e9t\u00e9 d'\u00c9tudes M\u00e9dio Et N\u00e9o-Latines","description":"","publisher":{"@id":"http:\/\/www.semen-l.org\/#organization"},"potentialAction":[{"@type":"SearchAction","target":{"@type":"EntryPoint","urlTemplate":"http:\/\/www.semen-l.org\/?s={search_term_string}"},"query-input":{"@type":"PropertyValueSpecification","valueRequired":true,"valueName":"search_term_string"}}],"inLanguage":"fr-FR"},{"@type":"Organization","@id":"http:\/\/www.semen-l.org\/#organization","name":"Soci\u00e9t\u00e9 d'\u00e9tudes m\u00e9dio et n\u00e9o-latines","url":"http:\/\/www.semen-l.org\/","logo":{"@type":"ImageObject","inLanguage":"fr-FR","@id":"http:\/\/www.semen-l.org\/#\/schema\/logo\/image\/","url":"http:\/\/www.semen-l.org\/wp-content\/uploads\/2020\/11\/logo-semenl.jpg","contentUrl":"http:\/\/www.semen-l.org\/wp-content\/uploads\/2020\/11\/logo-semenl.jpg","width":408,"height":403,"caption":"Soci\u00e9t\u00e9 d'\u00e9tudes m\u00e9dio et n\u00e9o-latines"},"image":{"@id":"http:\/\/www.semen-l.org\/#\/schema\/logo\/image\/"},"sameAs":["https:\/\/www.facebook.com\/SEMENL2018","https:\/\/independent.academia.edu\/SocitsdtudesmdioetnolatinesSEMENL"]},{"@type":"Person","@id":"http:\/\/www.semen-l.org\/#\/schema\/person\/ef5208815f17666727763c5363a51344","name":"Julien Maudoux","image":{"@type":"ImageObject","inLanguage":"fr-FR","@id":"https:\/\/secure.gravatar.com\/avatar\/caabf4fb6242e2277733cd35a5c2aa083761ea25dae1d1ff3298b54292225292?s=96&d=mm&r=g","url":"https:\/\/secure.gravatar.com\/avatar\/caabf4fb6242e2277733cd35a5c2aa083761ea25dae1d1ff3298b54292225292?s=96&d=mm&r=g","contentUrl":"https:\/\/secure.gravatar.com\/avatar\/caabf4fb6242e2277733cd35a5c2aa083761ea25dae1d1ff3298b54292225292?s=96&d=mm&r=g","caption":"Julien Maudoux"},"description":"Webmestre du site de la SEMEN-L","url":"https:\/\/www.semen-l.org\/?author=26"}]}},"jetpack_featured_media_url":"https:\/\/www.semen-l.org\/wp-content\/uploads\/2023\/12\/camenae29.jpg","_links":{"self":[{"href":"https:\/\/www.semen-l.org\/index.php?rest_route=\/wp\/v2\/posts\/2855","targetHints":{"allow":["GET"]}}],"collection":[{"href":"https:\/\/www.semen-l.org\/index.php?rest_route=\/wp\/v2\/posts"}],"about":[{"href":"https:\/\/www.semen-l.org\/index.php?rest_route=\/wp\/v2\/types\/post"}],"author":[{"embeddable":true,"href":"https:\/\/www.semen-l.org\/index.php?rest_route=\/wp\/v2\/users\/26"}],"replies":[{"embeddable":true,"href":"https:\/\/www.semen-l.org\/index.php?rest_route=%2Fwp%2Fv2%2Fcomments&post=2855"}],"version-history":[{"count":0,"href":"https:\/\/www.semen-l.org\/index.php?rest_route=\/wp\/v2\/posts\/2855\/revisions"}],"wp:featuredmedia":[{"embeddable":true,"href":"https:\/\/www.semen-l.org\/index.php?rest_route=\/wp\/v2\/media\/2852"}],"wp:attachment":[{"href":"https:\/\/www.semen-l.org\/index.php?rest_route=%2Fwp%2Fv2%2Fmedia&parent=2855"}],"wp:term":[{"taxonomy":"category","embeddable":true,"href":"https:\/\/www.semen-l.org\/index.php?rest_route=%2Fwp%2Fv2%2Fcategories&post=2855"},{"taxonomy":"post_tag","embeddable":true,"href":"https:\/\/www.semen-l.org\/index.php?rest_route=%2Fwp%2Fv2%2Ftags&post=2855"}],"curies":[{"name":"wp","href":"https:\/\/api.w.org\/{rel}","templated":true}]}}