{"id":2794,"date":"2023-09-27T16:55:19","date_gmt":"2023-09-27T16:55:19","guid":{"rendered":"http:\/\/www.semen-l.org\/?p=2794"},"modified":"2023-09-28T17:50:06","modified_gmt":"2023-09-28T17:50:06","slug":"portraits-dhommes-et-de-femmes-illustres-de-lantiquite-au-xviie-siecle","status":"publish","type":"post","link":"https:\/\/www.semen-l.org\/?p=2794","title":{"rendered":"Portraits d\u2019hommes et de femmes illustres de l\u2019Antiquit\u00e9 au XVIIe si\u00e8cle"},"content":{"rendered":"\t\t<div data-elementor-type=\"wp-post\" data-elementor-id=\"2794\" class=\"elementor elementor-2794\">\n\t\t\t\t\t\t<section class=\"elementor-section elementor-top-section elementor-element elementor-element-c931a10 elementor-section-boxed elementor-section-height-default elementor-section-height-default\" data-id=\"c931a10\" data-element_type=\"section\" data-e-type=\"section\">\n\t\t\t\t\t\t<div class=\"elementor-container elementor-column-gap-default\">\n\t\t\t\t\t<div class=\"elementor-column elementor-col-100 elementor-top-column elementor-element elementor-element-95c2178\" data-id=\"95c2178\" data-element_type=\"column\" data-e-type=\"column\">\n\t\t\t<div class=\"elementor-widget-wrap elementor-element-populated\">\n\t\t\t\t\t\t<div class=\"elementor-element elementor-element-9bcf5d8 elementor-widget elementor-widget-text-editor\" data-id=\"9bcf5d8\" data-element_type=\"widget\" data-e-type=\"widget\" data-widget_type=\"text-editor.default\">\n\t\t\t\t<div class=\"elementor-widget-container\">\n\t\t\t\t\t\t\t\t\t<p>La SEMEN-L a le plaisir de vous informer de la tenue prochaine d&rsquo;un colloque international faisant intervenir plusieurs de nos adh\u00e9rents :<\/p>\t\t\t\t\t\t\t\t<\/div>\n\t\t\t\t<\/div>\n\t\t\t\t\t<\/div>\n\t\t<\/div>\n\t\t\t\t\t<\/div>\n\t\t<\/section>\n\t\t\t\t<section class=\"elementor-section elementor-top-section elementor-element elementor-element-59a9582 elementor-section-boxed elementor-section-height-default elementor-section-height-default\" data-id=\"59a9582\" data-element_type=\"section\" data-e-type=\"section\">\n\t\t\t\t\t\t<div class=\"elementor-container elementor-column-gap-default\">\n\t\t\t\t\t<div class=\"elementor-column elementor-col-100 elementor-top-column elementor-element elementor-element-4b3b7b9\" data-id=\"4b3b7b9\" data-element_type=\"column\" data-e-type=\"column\">\n\t\t\t<div class=\"elementor-widget-wrap elementor-element-populated\">\n\t\t\t\t\t\t<div class=\"elementor-element elementor-element-2cef4fa elementor-widget elementor-widget-text-editor\" data-id=\"2cef4fa\" data-element_type=\"widget\" data-e-type=\"widget\" data-widget_type=\"text-editor.default\">\n\t\t\t\t<div class=\"elementor-widget-container\">\n\t\t\t\t\t\t\t\t\t<h2 style=\"font-family: Roboto, sans-serif; font-size: 13px; font-style: normal; font-weight: 400; letter-spacing: normal;\"><strong style=\"font-size: 13px;\">Colloque international organis\u00e9 par \u00c9milie S\u00e9ris<\/strong><\/h2><h2 style=\"font-family: Roboto, sans-serif; font-size: 13px; font-style: normal; font-weight: 400; letter-spacing: normal;\">Portraits \u00a0d\u2019hommes et de femmes illustres de l\u2019Antiquit\u00e9 au XVIIe si\u00e8cle<\/h2><h2 style=\"font-family: Roboto, sans-serif; font-size: 13px; font-style: normal; font-weight: 400; letter-spacing: normal;\">10, 11, 12 octobre 2023<\/h2>\t\t\t\t\t\t\t\t<\/div>\n\t\t\t\t<\/div>\n\t\t\t\t\t<\/div>\n\t\t<\/div>\n\t\t\t\t\t<\/div>\n\t\t<\/section>\n\t\t\t\t<section class=\"elementor-section elementor-top-section elementor-element elementor-element-095a786 elementor-section-boxed elementor-section-height-default elementor-section-height-default\" data-id=\"095a786\" data-element_type=\"section\" data-e-type=\"section\">\n\t\t\t\t\t\t<div class=\"elementor-container elementor-column-gap-default\">\n\t\t\t\t\t<div class=\"elementor-column elementor-col-100 elementor-top-column elementor-element elementor-element-c3bb1d9\" data-id=\"c3bb1d9\" data-element_type=\"column\" data-e-type=\"column\">\n\t\t\t<div class=\"elementor-widget-wrap elementor-element-populated\">\n\t\t\t\t\t\t<div class=\"elementor-element elementor-element-0e2e9ad elementor-widget elementor-widget-image\" data-id=\"0e2e9ad\" data-element_type=\"widget\" data-e-type=\"widget\" data-widget_type=\"image.default\">\n\t\t\t\t<div class=\"elementor-widget-container\">\n\t\t\t\t\t\t\t\t\t\t\t\t<figure class=\"wp-caption\">\n\t\t\t\t\t\t\t\t\t\t\t<a href=\"http:\/\/www.semen-l.org\/wp-content\/uploads\/2023\/09\/Programme-portraits-illustres.pdf\" target=\"_blank\">\n\t\t\t\t\t\t\t<img fetchpriority=\"high\" decoding=\"async\" width=\"584\" height=\"837\" src=\"https:\/\/www.semen-l.org\/wp-content\/uploads\/2023\/09\/affiche-portraits-illustres-cov-1.jpg\" class=\"attachment-large size-large wp-image-2798\" alt=\"\" srcset=\"https:\/\/www.semen-l.org\/wp-content\/uploads\/2023\/09\/affiche-portraits-illustres-cov-1.jpg 666w, https:\/\/www.semen-l.org\/wp-content\/uploads\/2023\/09\/affiche-portraits-illustres-cov-1-209x300.jpg 209w, https:\/\/www.semen-l.org\/wp-content\/uploads\/2023\/09\/affiche-portraits-illustres-cov-1-140x200.jpg 140w\" sizes=\"(max-width: 584px) 100vw, 584px\" \/>\t\t\t\t\t\t\t\t<\/a>\n\t\t\t\t\t\t\t\t\t\t\t<figcaption class=\"widget-image-caption wp-caption-text\">Cliquez sur cette image pour t\u00e9l\u00e9charger le programme en .pdf.<\/figcaption>\n\t\t\t\t\t\t\t\t\t\t<\/figure>\n\t\t\t\t\t\t\t\t\t<\/div>\n\t\t\t\t<\/div>\n\t\t\t\t\t<\/div>\n\t\t<\/div>\n\t\t\t\t\t<\/div>\n\t\t<\/section>\n\t\t\t\t<section class=\"elementor-section elementor-top-section elementor-element elementor-element-54ac5ee elementor-section-boxed elementor-section-height-default elementor-section-height-default\" data-id=\"54ac5ee\" data-element_type=\"section\" data-e-type=\"section\">\n\t\t\t\t\t\t<div class=\"elementor-container elementor-column-gap-default\">\n\t\t\t\t\t<div class=\"elementor-column elementor-col-100 elementor-top-column elementor-element elementor-element-224c08b\" data-id=\"224c08b\" data-element_type=\"column\" data-e-type=\"column\">\n\t\t\t<div class=\"elementor-widget-wrap elementor-element-populated\">\n\t\t\t\t\t\t<div class=\"elementor-element elementor-element-af8f81c elementor-widget elementor-widget-heading\" data-id=\"af8f81c\" data-element_type=\"widget\" data-e-type=\"widget\" data-widget_type=\"heading.default\">\n\t\t\t\t<div class=\"elementor-widget-container\">\n\t\t\t\t\t<h2 class=\"elementor-heading-title elementor-size-default\">Programme<\/h2>\t\t\t\t<\/div>\n\t\t\t\t<\/div>\n\t\t\t\t\t<\/div>\n\t\t<\/div>\n\t\t\t\t\t<\/div>\n\t\t<\/section>\n\t\t\t\t<section class=\"elementor-section elementor-top-section elementor-element elementor-element-75d4bc0 elementor-section-boxed elementor-section-height-default elementor-section-height-default\" data-id=\"75d4bc0\" data-element_type=\"section\" data-e-type=\"section\">\n\t\t\t\t\t\t<div class=\"elementor-container elementor-column-gap-default\">\n\t\t\t\t\t<div class=\"elementor-column elementor-col-100 elementor-top-column elementor-element elementor-element-bc73f7e\" data-id=\"bc73f7e\" data-element_type=\"column\" data-e-type=\"column\">\n\t\t\t<div class=\"elementor-widget-wrap elementor-element-populated\">\n\t\t\t\t\t\t<div class=\"elementor-element elementor-element-879d830 elementor-widget elementor-widget-text-editor\" data-id=\"879d830\" data-element_type=\"widget\" data-e-type=\"widget\" data-widget_type=\"text-editor.default\">\n\t\t\t\t<div class=\"elementor-widget-container\">\n\t\t\t\t\t\t\t\t\t<p><span style=\"color: rgb(0, 0, 0); font-size: 13px; font-weight: bold;\">MARDI 10 OCTOBRE 2023<\/span><br><\/p>\n<p><b>INHA, Salle Giorgio Vasari<\/b><\/p>\n<p>13h30&nbsp;&nbsp;&nbsp;&nbsp;&nbsp;&nbsp;&nbsp;&nbsp;&nbsp;&nbsp;&nbsp; Accueil des participants<\/p><p>13h45&nbsp;&nbsp;&nbsp;&nbsp;&nbsp; Ouverture du colloque<\/p>\n<p><strong>TRADITIONS ROMAINES<\/strong><\/p>\n<p>14h00&nbsp;&nbsp;&nbsp;&nbsp;&nbsp;&nbsp;&nbsp;&nbsp;&nbsp;&nbsp;&nbsp; Marjolaine Bena\u00efch (Sorbonne Universit\u00e9).&nbsp;<span style=\"font-size: inherit; letter-spacing: inherit; color: var( --e-global-color-text );\">\u00ab Le r\u00f4le des galeries de <\/span><em style=\"font-size: inherit; letter-spacing: inherit; color: var( --e-global-color-text );\">summi uiri <\/em><span style=\"font-size: inherit; letter-spacing: inherit; color: var( --e-global-color-text );\">dans la construction de l\u2019identit\u00e9 municipale : L\u2019exemple de Tusculum sous la R\u00e9publique et aux d\u00e9buts de l\u2019Empire \u00bb<\/span><\/p>\n<p><\/p>\n<p>14h30&nbsp;&nbsp;&nbsp;&nbsp;&nbsp;&nbsp;&nbsp;&nbsp;&nbsp;&nbsp;&nbsp; Emmanuelle Rosso (Sorbonne Universit\u00e9).&nbsp;<span style=\"font-size: inherit; letter-spacing: inherit; color: var( --e-global-color-text );\">\u00ab Histoires crois\u00e9es, m\u00e9moires partag\u00e9es : les portraits sculpt\u00e9s d&rsquo;hommes illustres et leurs inscriptions en Gaule romaine \u00bb<\/span><\/p>\n<p><\/p>\n<p>15h00&nbsp;&nbsp;&nbsp;&nbsp;&nbsp;&nbsp;&nbsp;&nbsp;&nbsp;&nbsp;&nbsp; Discussion et pause<\/p>\n<p><\/p>\n<p>15h30&nbsp;&nbsp;&nbsp;&nbsp;&nbsp;&nbsp;&nbsp;&nbsp;&nbsp;&nbsp;&nbsp; Ida Mastrorosa (Universit\u00e9 de Florence).&nbsp;<span style=\"font-size: inherit; letter-spacing: inherit; color: var( --e-global-color-text );\">\u00ab Femmes illustres et femmes ordinaires chez Su\u00e9tone : entre mod\u00e8les institutionnels et paradigmes \u00e9thiques \u00bb<\/span><\/p>\n<p>16h00&nbsp;&nbsp;&nbsp;&nbsp;&nbsp;&nbsp;&nbsp;&nbsp;&nbsp;&nbsp;&nbsp; Cl\u00e9mence Pelletier (Sorbonne Universit\u00e9).&nbsp;<span style=\"font-size: inherit; letter-spacing: inherit; color: var( --e-global-color-text );\">\u00ab Une \u00e9tude du \u03a0\u03b5\u03c1\u1f76 \u1f10\u03c0\u03b9\u03c3\u03ae\u03bc\u03c9\u03bd \u03c0\u03bf\u03c1\u03bd\u1ff6\u03bd perdu de Su\u00e9tone : la question de la tradition antique des biographies de femmes et de courtisanes \u00bb<\/span><\/p>\n<p><\/p>\n<p>16h30&nbsp;&nbsp;&nbsp;&nbsp;&nbsp;&nbsp;&nbsp;&nbsp;&nbsp;&nbsp;&nbsp; Carlos Levy (Acad\u00e9mie des Inscriptions et des Belles Lettres).&nbsp;<span style=\"font-size: inherit; letter-spacing: inherit; color: var( --e-global-color-text );\">\u00ab La folie en repr\u00e9sentation. Caligula vu par Su\u00e9tone et Philon d&rsquo;Alexandrie \u00bb<\/span><\/p>\n<p><\/p>\n<p>17h00&nbsp;&nbsp;&nbsp;&nbsp;&nbsp;&nbsp;&nbsp;&nbsp;&nbsp;&nbsp;&nbsp; Discussion<\/p>\n<p><\/p>\n<h1>MERCREDI 11 OCTOBRE 2023<\/h1>\n<p><b>Sorbonne, Salle des Actes<\/b><\/p>\n<p><strong>CATALOGUES M\u00c9DI\u00c9VAUX<\/strong><\/p>\n<p>9h00&nbsp;&nbsp;&nbsp;&nbsp;&nbsp;&nbsp;&nbsp;&nbsp;&nbsp;&nbsp;&nbsp;&nbsp;&nbsp; Christian F\u00f6rstel (Biblioth\u00e8que Nationale de France).&nbsp;<span style=\"font-size: inherit; letter-spacing: inherit; color: var( --e-global-color-text );\">\u00ab Le manuscrit parisien des <\/span><em style=\"font-size: inherit; letter-spacing: inherit; color: var( --e-global-color-text );\">Sacra Parallela <\/em><span style=\"font-size: inherit; letter-spacing: inherit; color: var( --e-global-color-text );\">: simple anthologie illustr\u00e9e ou manifeste iconodoule ? \u00bb<\/span><\/p>\n<p><\/p>\n<p>9h30&nbsp;&nbsp;&nbsp;&nbsp;&nbsp;&nbsp;&nbsp;&nbsp;&nbsp;&nbsp;&nbsp;&nbsp;&nbsp; Susanna Gambino-Longo (Universit\u00e9 Lyon 3).&nbsp;<span style=\"font-size: inherit; letter-spacing: inherit; color: var( --e-global-color-text );\">\u00ab L\u2019illustration des passions dans le <\/span><em style=\"font-size: inherit; letter-spacing: inherit; color: var( --e-global-color-text );\">De uiris <\/em><span style=\"font-size: inherit; letter-spacing: inherit; color: var( --e-global-color-text );\">de P\u00e9trarque \u00bb<\/span><\/p>\n<p><\/p>\n<p>10h00&nbsp;&nbsp;&nbsp;&nbsp;&nbsp;&nbsp;&nbsp;&nbsp;&nbsp;&nbsp;&nbsp; Discussion et pause<\/p>\n<p><\/p>\n<p>10h30&nbsp;&nbsp;&nbsp;&nbsp;&nbsp;&nbsp;&nbsp;&nbsp;&nbsp;&nbsp;&nbsp; Adrian Faure (Sorbonne Universit\u00e9).&nbsp;<span style=\"font-size: inherit; letter-spacing: inherit; color: var( --e-global-color-text );\">\u00ab Les <\/span><em style=\"font-size: inherit; letter-spacing: inherit; color: var( --e-global-color-text );\">tituli<\/em><span style=\"font-size: inherit; letter-spacing: inherit; color: var( --e-global-color-text );\"> de Scipion l\u2019Africain dans les programmes iconographiques du Quattrocento \u00bb<\/span><\/p>\n<p><\/p>\n<p>11h00&nbsp;&nbsp;&nbsp;&nbsp;&nbsp;&nbsp;&nbsp;&nbsp;&nbsp;&nbsp;&nbsp; Anne Raffarin (Universit\u00e9 Paris Est Cr\u00e9teil).&nbsp;<span style=\"font-size: inherit; letter-spacing: inherit; color: var( --e-global-color-text );\">\u00ab <\/span><em style=\"font-size: inherit; letter-spacing: inherit; color: var( --e-global-color-text );\">Homines clari et inuentores <\/em><span style=\"font-size: inherit; letter-spacing: inherit; color: var( --e-global-color-text );\">: le traitement de la rubrique \u201c hommes illustres \u201d dans les sommes encyclop\u00e9diques \u00e0 la fin du Quattrocento \u00bb<\/span><\/p>\n<p><\/p>\n<p>11h30&nbsp;&nbsp;&nbsp;&nbsp;&nbsp;&nbsp;&nbsp;&nbsp;&nbsp;&nbsp;&nbsp; Catherine Gaullier-Bougassas (Universit\u00e9 de Lille, ERC AGRELITA).&nbsp;<span style=\"font-size: inherit; letter-spacing: inherit; color: var( --e-global-color-text );\">\u00ab Biographies masculines et portraits f\u00e9minins : deux modes d&rsquo;\u00e9criture diff\u00e9rents dans l&rsquo;<\/span><em style=\"font-size: inherit; letter-spacing: inherit; color: var( --e-global-color-text );\">Histoire de la premi\u00e8re destruction de Troie <\/em><span style=\"font-size: inherit; letter-spacing: inherit; color: var( --e-global-color-text );\">? \u00bb<\/span><\/p>\n<p><\/p>\n<p>12h00&nbsp;&nbsp;&nbsp;&nbsp;&nbsp;&nbsp;&nbsp;&nbsp;&nbsp;&nbsp;&nbsp; Discussion et d\u00e9jeuner<\/p>\n<p><\/p>\n<p><strong>CONSTRUCTIONS HUMANISTES<\/strong><\/p>\n<p>14h00&nbsp;&nbsp;&nbsp;&nbsp;&nbsp;&nbsp;&nbsp;&nbsp;&nbsp;&nbsp;&nbsp; Sandrine H\u00e9rich\u00e9-Pradeau (Sorbonne Universit\u00e9).&nbsp;<span style=\"font-size: inherit; letter-spacing: inherit; color: var( --e-global-color-text );\">\u00ab Portraits de la reine Z\u00e9nobie : de Boccace \u00e0 Jean Bouchet \u00bb<\/span><\/p>\n<p><\/p>\n<p>14h30&nbsp;&nbsp;&nbsp;&nbsp;&nbsp;&nbsp;&nbsp;&nbsp;&nbsp;&nbsp;&nbsp; Laurence Boul\u00e8gue (Universit\u00e9 de Picardie Jules Verne-IUF).&nbsp;<span style=\"font-size: inherit; letter-spacing: inherit; color: var( --e-global-color-text );\">\u00ab Les h\u00e9ro\u00efnes de Mario Equicola : des femmes illustres <\/span><em style=\"font-size: inherit; letter-spacing: inherit; color: var( --e-global-color-text );\">pro mulieribus <\/em><span style=\"font-size: inherit; letter-spacing: inherit; color: var( --e-global-color-text );\">\u00bb<\/span><\/p>\n<p><\/p>\n<p>15h00&nbsp;&nbsp;&nbsp;&nbsp;&nbsp;&nbsp;&nbsp;&nbsp;&nbsp;&nbsp;&nbsp; Discussion et pause<\/p>\n<p><\/p>\n<p>15h30&nbsp;&nbsp;&nbsp;&nbsp;&nbsp;&nbsp;&nbsp;&nbsp;&nbsp;&nbsp;&nbsp; Thomas Baier (Universit\u00e9 de W\u00fcrzburg).&nbsp;<span style=\"font-size: inherit; letter-spacing: inherit; color: var( --e-global-color-text );\">\u00ab Eobanus Hessus pr\u00e9sent\u00e9 par Camerarius \u00bb<\/span><\/p>\n<p><\/p>\n<p>16h00&nbsp;&nbsp;&nbsp;&nbsp;&nbsp;&nbsp;&nbsp;&nbsp;&nbsp;&nbsp;&nbsp; David Amherdt (Universit\u00e9 de Fribourg).&nbsp;<span style=\"font-size: inherit; letter-spacing: inherit; color: var( --e-global-color-text );\">\u00ab La <\/span><em style=\"font-size: inherit; letter-spacing: inherit; color: var( --e-global-color-text );\">Prosopographia heroum Germaniae <\/em><span style=\"font-size: inherit; letter-spacing: inherit; color: var( --e-global-color-text );\">de Heinrich Pantaleon : l\u2019exemple des notices sur les humanistes suisses \u00bb<\/span><\/p>\n<p><\/p>\n<p>16h30&nbsp;&nbsp;&nbsp;&nbsp;&nbsp;&nbsp;&nbsp;&nbsp;&nbsp;&nbsp;&nbsp; Frank Lestringant (Sorbonne Universit\u00e9).&nbsp;<span style=\"font-size: inherit; letter-spacing: inherit; color: var( --e-global-color-text );\">\u00ab Hommes illustres d\u2019Am\u00e9rique d\u2019Andr\u00e9 Thevet : d\u2019un codex azt\u00e8que au portrait des Indiens d\u2019Am\u00e9rique dans leur totalit\u00e9 \u00bb<\/span><\/p>\n<p><\/p>\n<p>17h00&nbsp;&nbsp;&nbsp;&nbsp;&nbsp;&nbsp;&nbsp;&nbsp;&nbsp;&nbsp;&nbsp; Discussion<\/p>\n<p><\/p>\n<h1>JEUDI 12 OCTOBRE 2023<\/h1>\n<p><b>Sorbonne, Salle des Actes<\/b><\/p>\n<p><strong>RECUEILS ET COLLECTIONS (XVIe-XVIIe SI\u00c8CLES)<\/strong><\/p>\n<p>9h00&nbsp;&nbsp;&nbsp;&nbsp;&nbsp;&nbsp;&nbsp;&nbsp;&nbsp;&nbsp;&nbsp;&nbsp;&nbsp; Hartmut Wulfram (Universit\u00e9 de Vienne).&nbsp;<span style=\"font-size: inherit; letter-spacing: inherit; color: var( --e-global-color-text );\">\u00ab Une histoire litt\u00e9raire collective. Les <\/span><em style=\"font-size: inherit; letter-spacing: inherit; color: var( --e-global-color-text );\">Elogia uirorum litteris illustrium <\/em><span style=\"font-size: inherit; letter-spacing: inherit; color: var( --e-global-color-text );\">de Paolo Giovio et leurs mod\u00e8les antiques \u00bb<\/span><\/p>\n<p><\/p>\n<p>9h30&nbsp;&nbsp;&nbsp;&nbsp;&nbsp;&nbsp;&nbsp;&nbsp;&nbsp;&nbsp;&nbsp;&nbsp;&nbsp; Virginie Leroux (\u00c9cole Pratique des Hautes \u00c9tudes).&nbsp;<span style=\"font-size: inherit; letter-spacing: inherit; color: var( --e-global-color-text );\">\u00ab <\/span><em style=\"font-size: inherit; letter-spacing: inherit; color: var( --e-global-color-text );\">Heroes, Heroinae, Caesares <\/em><span style=\"font-size: inherit; letter-spacing: inherit; color: var( --e-global-color-text );\">et <\/span><em style=\"font-size: inherit; letter-spacing: inherit; color: var( --e-global-color-text );\">Icones <\/em><span style=\"font-size: inherit; letter-spacing: inherit; color: var( --e-global-color-text );\">: typologie des catalogues de h\u00e9ros dans les recueils \u00e9pigrammatiques n\u00e9o-latins \u00bb<\/span><\/p>\n<p><\/p>\n<p>10h00&nbsp;&nbsp;&nbsp;&nbsp;&nbsp;&nbsp;&nbsp;&nbsp;&nbsp;&nbsp;&nbsp; Lor\u00e8ne Bellanger (Sorbonne Universit\u00e9).&nbsp;<span style=\"font-size: inherit; letter-spacing: inherit; color: var( --e-global-color-text );\">\u00ab Les portraits d\u2019hommes illustres dans les <\/span><em style=\"font-size: inherit; letter-spacing: inherit; color: var( --e-global-color-text );\">Carmina <\/em><span style=\"font-size: inherit; letter-spacing: inherit; color: var( --e-global-color-text );\">de Jean Commire (1678) \u00bb<\/span><\/p>\n<p><\/p>\n<p>10h30&nbsp;&nbsp;&nbsp;&nbsp;&nbsp;&nbsp;&nbsp;&nbsp;&nbsp;&nbsp;&nbsp; Discussion et pause<\/p>\n<p><\/p>\n<p>11h00&nbsp;&nbsp;&nbsp;&nbsp;&nbsp;&nbsp;&nbsp;&nbsp;&nbsp;&nbsp;&nbsp; Diane Bodart (Universit\u00e9 de Columbia).&nbsp;<span style=\"font-size: inherit; letter-spacing: inherit; color: var( --e-global-color-text );\">\u00ab Femmes illustres en habit de nonne dans l&rsquo;Empire espagnol \u00bb<\/span><\/p>\n<p>11h30&nbsp;&nbsp;&nbsp;&nbsp;&nbsp;&nbsp;&nbsp;&nbsp;&nbsp;&nbsp;&nbsp; Patricia Eichel-Lojkine (Universit\u00e9 du Maine).&nbsp;<span style=\"font-size: inherit; letter-spacing: inherit; color: var( --e-global-color-text );\">\u00ab Sur <\/span><em style=\"font-size: inherit; letter-spacing: inherit; color: var( --e-global-color-text );\">Le Jeu des Reynes Renomm\u00e9es <\/em><span style=\"font-size: inherit; letter-spacing: inherit; color: var( --e-global-color-text );\">de Desmarets de Saint-Sorlin (1644) \u00bb<\/span><\/p>\n<p><\/p>\n<p>12h00&nbsp;&nbsp;&nbsp;&nbsp;&nbsp;&nbsp;&nbsp;&nbsp;&nbsp;&nbsp;&nbsp; Discussion et conclusion<\/p>\t\t\t\t\t\t\t\t<\/div>\n\t\t\t\t<\/div>\n\t\t\t\t\t<\/div>\n\t\t<\/div>\n\t\t\t\t\t<\/div>\n\t\t<\/section>\n\t\t\t\t<\/div>\n\t\t","protected":false},"excerpt":{"rendered":"<p>La SEMEN-L a le plaisir de vous informer de la tenue prochaine d&rsquo;un colloque international faisant intervenir plusieurs de nos adh\u00e9rents : Colloque international organis\u00e9 par \u00c9milie S\u00e9ris Portraits \u00a0d\u2019hommes et de femmes illustres de l\u2019Antiquit\u00e9 au XVIIe si\u00e8cle 10, &hellip; <a href=\"https:\/\/www.semen-l.org\/?p=2794\">Continuer la lecture <span class=\"meta-nav\">&rarr;<\/span><\/a><\/p>\n","protected":false},"author":26,"featured_media":2798,"comment_status":"open","ping_status":"open","sticky":false,"template":"","format":"standard","meta":{"footnotes":""},"categories":[4],"tags":[1814,340,1816,1586,86,1807,1802,1810,1769,1819,1815,1768,1805,1822,1817,965,68,1809,1381,1307,1818,1820,1806,1804,1821,1812,290,1801,230,1811,1803,380,231,1799,1813,1798,1808,1800],"class_list":["post-2794","post","type-post","status-publish","format-standard","has-post-thumbnail","hentry","category-colloques","tag-amerique","tag-anthologie","tag-azteques","tag-biographie","tag-boccace","tag-bouchet-jean","tag-caligula","tag-camerarius-rudolf-jakob","tag-carmina-commire","tag-catalogue","tag-codex","tag-commire-jean","tag-de-viris-petrarque","tag-desmarets-de-saint-sorlin-jean","tag-elogia-uirorum-litteris-illustrium-giovio","tag-eoban-hesse","tag-epigramme","tag-equicola-mario","tag-espagne","tag-gaule","tag-giovio-paolo","tag-heros","tag-histoire-de-la-premiere-destruction-de-troie","tag-iconodulie","tag-le-jeu-des-reynes-renommees","tag-pantaleon-heinrich","tag-passion","tag-philon-dalexandrie","tag-portrait","tag-prosopographia-heroum-germaniae","tag-sacra-parallela","tag-scipion-lafricain","tag-sculpture","tag-suetone","tag-thevet-andre","tag-tusculum","tag-zenobie","tag-1800"],"yoast_head":"<!-- This site is optimized with the Yoast SEO plugin v27.5 - https:\/\/yoast.com\/product\/yoast-seo-wordpress\/ -->\n<title>Portraits d\u2019hommes et de femmes illustres de l\u2019Antiquit\u00e9 au XVIIe si\u00e8cle - SEMENL<\/title>\n<meta name=\"description\" content=\"Programme du colloque international des 10, 11 et 12 octobre 2023 organis\u00e9 par \u00c9milie S\u00e9ris \u00e0 l&#039;INHA et \u00e0 Sorbonne Universit\u00e9.\" \/>\n<meta name=\"robots\" content=\"index, follow, max-snippet:-1, max-image-preview:large, max-video-preview:-1\" \/>\n<link rel=\"canonical\" href=\"http:\/\/www.semen-l.org\/?p=2794\" \/>\n<meta property=\"og:locale\" content=\"fr_FR\" \/>\n<meta property=\"og:type\" content=\"article\" \/>\n<meta property=\"og:title\" content=\"Portraits d\u2019hommes et de femmes illustres de l\u2019Antiquit\u00e9 au XVIIe si\u00e8cle - SEMENL\" \/>\n<meta property=\"og:description\" content=\"Programme du colloque international des 10, 11 et 12 octobre 2023 organis\u00e9 par \u00c9milie S\u00e9ris \u00e0 l&#039;INHA et \u00e0 Sorbonne Universit\u00e9.\" \/>\n<meta property=\"og:url\" content=\"http:\/\/www.semen-l.org\/?p=2794\" \/>\n<meta property=\"og:site_name\" content=\"Soci\u00e9t\u00e9 d&#039;\u00c9tudes M\u00e9dio Et N\u00e9o-Latines\" \/>\n<meta property=\"article:publisher\" content=\"https:\/\/www.facebook.com\/SEMENL2018\" \/>\n<meta property=\"article:published_time\" content=\"2023-09-27T16:55:19+00:00\" \/>\n<meta property=\"article:modified_time\" content=\"2023-09-28T17:50:06+00:00\" \/>\n<meta property=\"og:image\" content=\"http:\/\/www.semen-l.org\/wp-content\/uploads\/2023\/09\/affiche-portraits-illustres-cov-1.jpg\" \/>\n\t<meta property=\"og:image:width\" content=\"666\" \/>\n\t<meta property=\"og:image:height\" content=\"954\" \/>\n\t<meta property=\"og:image:type\" content=\"image\/jpeg\" \/>\n<meta name=\"author\" content=\"Julien Maudoux\" \/>\n<meta name=\"twitter:card\" content=\"summary_large_image\" \/>\n<meta name=\"twitter:label1\" content=\"\u00c9crit par\" \/>\n\t<meta name=\"twitter:data1\" content=\"Julien Maudoux\" \/>\n\t<meta name=\"twitter:label2\" content=\"Dur\u00e9e de lecture estim\u00e9e\" \/>\n\t<meta name=\"twitter:data2\" content=\"3 minutes\" \/>\n<script type=\"application\/ld+json\" class=\"yoast-schema-graph\">{\"@context\":\"https:\\\/\\\/schema.org\",\"@graph\":[{\"@type\":\"Article\",\"@id\":\"http:\\\/\\\/www.semen-l.org\\\/?p=2794#article\",\"isPartOf\":{\"@id\":\"http:\\\/\\\/www.semen-l.org\\\/?p=2794\"},\"author\":{\"name\":\"Julien Maudoux\",\"@id\":\"http:\\\/\\\/www.semen-l.org\\\/#\\\/schema\\\/person\\\/ef5208815f17666727763c5363a51344\"},\"headline\":\"Portraits d\u2019hommes et de femmes illustres de l\u2019Antiquit\u00e9 au XVIIe si\u00e8cle\",\"datePublished\":\"2023-09-27T16:55:19+00:00\",\"dateModified\":\"2023-09-28T17:50:06+00:00\",\"mainEntityOfPage\":{\"@id\":\"http:\\\/\\\/www.semen-l.org\\\/?p=2794\"},\"wordCount\":586,\"commentCount\":0,\"publisher\":{\"@id\":\"http:\\\/\\\/www.semen-l.org\\\/#organization\"},\"image\":{\"@id\":\"http:\\\/\\\/www.semen-l.org\\\/?p=2794#primaryimage\"},\"thumbnailUrl\":\"https:\\\/\\\/www.semen-l.org\\\/wp-content\\\/uploads\\\/2023\\\/09\\\/affiche-portraits-illustres-cov-1.jpg\",\"keywords\":[\"Am\u00e9rique\",\"anthologie\",\"Azt\u00e8ques\",\"biographie\",\"Boccace\",\"Bouchet (Jean)\",\"Caligula\",\"Camerarius (Rudolf Jakob)\",\"Carmina (Commire)\",\"catalogue\",\"codex\",\"Commire (Jean)\",\"De viris (P\u00e9trarque)\",\"Desmarets de Saint-Sorlin (Jean)\",\"Elogia uirorum litteris illustrium (Giovio)\",\"Eoban (Hesse)\",\"\u00e9pigramme\",\"Equicola (Mario)\",\"Espagne\",\"Gaule\",\"Giovio (Paolo)\",\"h\u00e9ros\",\"Histoire de la premi\u00e8re destruction de Troie\",\"iconodulie\",\"Le Jeu des Reynes Renomm\u00e9es\",\"Pantaleon (Heinrich)\",\"passion\",\"Philon d'Alexandrie\",\"portrait\",\"Prosopographia heroum Germaniae\",\"Sacra Parallela\",\"Scipion l'Africain\",\"sculpture\",\"Su\u00e9tone\",\"Thevet (Andr\u00e9)\",\"Tusculum\",\"Z\u00e9nobie\",\"\u03a0\u03b5\u03c1\u1f76 \u1f10\u03c0\u03b9\u03c3\u03ae\u03bc\u03c9\u03bd \u03c0\u03bf\u03c1\u03bd\u1ff6\u03bd\"],\"articleSection\":[\"Colloques\"],\"inLanguage\":\"fr-FR\",\"potentialAction\":[{\"@type\":\"CommentAction\",\"name\":\"Comment\",\"target\":[\"http:\\\/\\\/www.semen-l.org\\\/?p=2794#respond\"]}]},{\"@type\":\"WebPage\",\"@id\":\"http:\\\/\\\/www.semen-l.org\\\/?p=2794\",\"url\":\"http:\\\/\\\/www.semen-l.org\\\/?p=2794\",\"name\":\"Portraits d\u2019hommes et de femmes illustres de l\u2019Antiquit\u00e9 au XVIIe si\u00e8cle - SEMENL\",\"isPartOf\":{\"@id\":\"http:\\\/\\\/www.semen-l.org\\\/#website\"},\"primaryImageOfPage\":{\"@id\":\"http:\\\/\\\/www.semen-l.org\\\/?p=2794#primaryimage\"},\"image\":{\"@id\":\"http:\\\/\\\/www.semen-l.org\\\/?p=2794#primaryimage\"},\"thumbnailUrl\":\"https:\\\/\\\/www.semen-l.org\\\/wp-content\\\/uploads\\\/2023\\\/09\\\/affiche-portraits-illustres-cov-1.jpg\",\"datePublished\":\"2023-09-27T16:55:19+00:00\",\"dateModified\":\"2023-09-28T17:50:06+00:00\",\"description\":\"Programme du colloque international des 10, 11 et 12 octobre 2023 organis\u00e9 par \u00c9milie S\u00e9ris \u00e0 l'INHA et \u00e0 Sorbonne Universit\u00e9.\",\"breadcrumb\":{\"@id\":\"http:\\\/\\\/www.semen-l.org\\\/?p=2794#breadcrumb\"},\"inLanguage\":\"fr-FR\",\"potentialAction\":[{\"@type\":\"ReadAction\",\"target\":[\"http:\\\/\\\/www.semen-l.org\\\/?p=2794\"]}]},{\"@type\":\"ImageObject\",\"inLanguage\":\"fr-FR\",\"@id\":\"http:\\\/\\\/www.semen-l.org\\\/?p=2794#primaryimage\",\"url\":\"https:\\\/\\\/www.semen-l.org\\\/wp-content\\\/uploads\\\/2023\\\/09\\\/affiche-portraits-illustres-cov-1.jpg\",\"contentUrl\":\"https:\\\/\\\/www.semen-l.org\\\/wp-content\\\/uploads\\\/2023\\\/09\\\/affiche-portraits-illustres-cov-1.jpg\",\"width\":666,\"height\":954},{\"@type\":\"BreadcrumbList\",\"@id\":\"http:\\\/\\\/www.semen-l.org\\\/?p=2794#breadcrumb\",\"itemListElement\":[{\"@type\":\"ListItem\",\"position\":1,\"name\":\"Accueil\",\"item\":\"http:\\\/\\\/www.semen-l.org\\\/\"},{\"@type\":\"ListItem\",\"position\":2,\"name\":\"Portraits d\u2019hommes et de femmes illustres de l\u2019Antiquit\u00e9 au XVIIe si\u00e8cle\"}]},{\"@type\":\"WebSite\",\"@id\":\"http:\\\/\\\/www.semen-l.org\\\/#website\",\"url\":\"http:\\\/\\\/www.semen-l.org\\\/\",\"name\":\"Soci\u00e9t\u00e9 d'\u00c9tudes M\u00e9dio Et N\u00e9o-Latines\",\"description\":\"\",\"publisher\":{\"@id\":\"http:\\\/\\\/www.semen-l.org\\\/#organization\"},\"potentialAction\":[{\"@type\":\"SearchAction\",\"target\":{\"@type\":\"EntryPoint\",\"urlTemplate\":\"http:\\\/\\\/www.semen-l.org\\\/?s={search_term_string}\"},\"query-input\":{\"@type\":\"PropertyValueSpecification\",\"valueRequired\":true,\"valueName\":\"search_term_string\"}}],\"inLanguage\":\"fr-FR\"},{\"@type\":\"Organization\",\"@id\":\"http:\\\/\\\/www.semen-l.org\\\/#organization\",\"name\":\"Soci\u00e9t\u00e9 d'\u00e9tudes m\u00e9dio et n\u00e9o-latines\",\"url\":\"http:\\\/\\\/www.semen-l.org\\\/\",\"logo\":{\"@type\":\"ImageObject\",\"inLanguage\":\"fr-FR\",\"@id\":\"http:\\\/\\\/www.semen-l.org\\\/#\\\/schema\\\/logo\\\/image\\\/\",\"url\":\"http:\\\/\\\/www.semen-l.org\\\/wp-content\\\/uploads\\\/2020\\\/11\\\/logo-semenl.jpg\",\"contentUrl\":\"http:\\\/\\\/www.semen-l.org\\\/wp-content\\\/uploads\\\/2020\\\/11\\\/logo-semenl.jpg\",\"width\":408,\"height\":403,\"caption\":\"Soci\u00e9t\u00e9 d'\u00e9tudes m\u00e9dio et n\u00e9o-latines\"},\"image\":{\"@id\":\"http:\\\/\\\/www.semen-l.org\\\/#\\\/schema\\\/logo\\\/image\\\/\"},\"sameAs\":[\"https:\\\/\\\/www.facebook.com\\\/SEMENL2018\",\"https:\\\/\\\/independent.academia.edu\\\/SocitsdtudesmdioetnolatinesSEMENL\"]},{\"@type\":\"Person\",\"@id\":\"http:\\\/\\\/www.semen-l.org\\\/#\\\/schema\\\/person\\\/ef5208815f17666727763c5363a51344\",\"name\":\"Julien Maudoux\",\"image\":{\"@type\":\"ImageObject\",\"inLanguage\":\"fr-FR\",\"@id\":\"https:\\\/\\\/secure.gravatar.com\\\/avatar\\\/caabf4fb6242e2277733cd35a5c2aa083761ea25dae1d1ff3298b54292225292?s=96&d=mm&r=g\",\"url\":\"https:\\\/\\\/secure.gravatar.com\\\/avatar\\\/caabf4fb6242e2277733cd35a5c2aa083761ea25dae1d1ff3298b54292225292?s=96&d=mm&r=g\",\"contentUrl\":\"https:\\\/\\\/secure.gravatar.com\\\/avatar\\\/caabf4fb6242e2277733cd35a5c2aa083761ea25dae1d1ff3298b54292225292?s=96&d=mm&r=g\",\"caption\":\"Julien Maudoux\"},\"description\":\"Webmestre du site de la SEMEN-L\",\"url\":\"https:\\\/\\\/www.semen-l.org\\\/?author=26\"}]}<\/script>\n<!-- \/ Yoast SEO plugin. -->","yoast_head_json":{"title":"Portraits d\u2019hommes et de femmes illustres de l\u2019Antiquit\u00e9 au XVIIe si\u00e8cle - SEMENL","description":"Programme du colloque international des 10, 11 et 12 octobre 2023 organis\u00e9 par \u00c9milie S\u00e9ris \u00e0 l'INHA et \u00e0 Sorbonne Universit\u00e9.","robots":{"index":"index","follow":"follow","max-snippet":"max-snippet:-1","max-image-preview":"max-image-preview:large","max-video-preview":"max-video-preview:-1"},"canonical":"http:\/\/www.semen-l.org\/?p=2794","og_locale":"fr_FR","og_type":"article","og_title":"Portraits d\u2019hommes et de femmes illustres de l\u2019Antiquit\u00e9 au XVIIe si\u00e8cle - SEMENL","og_description":"Programme du colloque international des 10, 11 et 12 octobre 2023 organis\u00e9 par \u00c9milie S\u00e9ris \u00e0 l'INHA et \u00e0 Sorbonne Universit\u00e9.","og_url":"http:\/\/www.semen-l.org\/?p=2794","og_site_name":"Soci\u00e9t\u00e9 d&#039;\u00c9tudes M\u00e9dio Et N\u00e9o-Latines","article_publisher":"https:\/\/www.facebook.com\/SEMENL2018","article_published_time":"2023-09-27T16:55:19+00:00","article_modified_time":"2023-09-28T17:50:06+00:00","og_image":[{"width":666,"height":954,"url":"http:\/\/www.semen-l.org\/wp-content\/uploads\/2023\/09\/affiche-portraits-illustres-cov-1.jpg","type":"image\/jpeg"}],"author":"Julien Maudoux","twitter_card":"summary_large_image","twitter_misc":{"\u00c9crit par":"Julien Maudoux","Dur\u00e9e de lecture estim\u00e9e":"3 minutes"},"schema":{"@context":"https:\/\/schema.org","@graph":[{"@type":"Article","@id":"http:\/\/www.semen-l.org\/?p=2794#article","isPartOf":{"@id":"http:\/\/www.semen-l.org\/?p=2794"},"author":{"name":"Julien Maudoux","@id":"http:\/\/www.semen-l.org\/#\/schema\/person\/ef5208815f17666727763c5363a51344"},"headline":"Portraits d\u2019hommes et de femmes illustres de l\u2019Antiquit\u00e9 au XVIIe si\u00e8cle","datePublished":"2023-09-27T16:55:19+00:00","dateModified":"2023-09-28T17:50:06+00:00","mainEntityOfPage":{"@id":"http:\/\/www.semen-l.org\/?p=2794"},"wordCount":586,"commentCount":0,"publisher":{"@id":"http:\/\/www.semen-l.org\/#organization"},"image":{"@id":"http:\/\/www.semen-l.org\/?p=2794#primaryimage"},"thumbnailUrl":"https:\/\/www.semen-l.org\/wp-content\/uploads\/2023\/09\/affiche-portraits-illustres-cov-1.jpg","keywords":["Am\u00e9rique","anthologie","Azt\u00e8ques","biographie","Boccace","Bouchet (Jean)","Caligula","Camerarius (Rudolf Jakob)","Carmina (Commire)","catalogue","codex","Commire (Jean)","De viris (P\u00e9trarque)","Desmarets de Saint-Sorlin (Jean)","Elogia uirorum litteris illustrium (Giovio)","Eoban (Hesse)","\u00e9pigramme","Equicola (Mario)","Espagne","Gaule","Giovio (Paolo)","h\u00e9ros","Histoire de la premi\u00e8re destruction de Troie","iconodulie","Le Jeu des Reynes Renomm\u00e9es","Pantaleon (Heinrich)","passion","Philon d'Alexandrie","portrait","Prosopographia heroum Germaniae","Sacra Parallela","Scipion l'Africain","sculpture","Su\u00e9tone","Thevet (Andr\u00e9)","Tusculum","Z\u00e9nobie","\u03a0\u03b5\u03c1\u1f76 \u1f10\u03c0\u03b9\u03c3\u03ae\u03bc\u03c9\u03bd \u03c0\u03bf\u03c1\u03bd\u1ff6\u03bd"],"articleSection":["Colloques"],"inLanguage":"fr-FR","potentialAction":[{"@type":"CommentAction","name":"Comment","target":["http:\/\/www.semen-l.org\/?p=2794#respond"]}]},{"@type":"WebPage","@id":"http:\/\/www.semen-l.org\/?p=2794","url":"http:\/\/www.semen-l.org\/?p=2794","name":"Portraits d\u2019hommes et de femmes illustres de l\u2019Antiquit\u00e9 au XVIIe si\u00e8cle - SEMENL","isPartOf":{"@id":"http:\/\/www.semen-l.org\/#website"},"primaryImageOfPage":{"@id":"http:\/\/www.semen-l.org\/?p=2794#primaryimage"},"image":{"@id":"http:\/\/www.semen-l.org\/?p=2794#primaryimage"},"thumbnailUrl":"https:\/\/www.semen-l.org\/wp-content\/uploads\/2023\/09\/affiche-portraits-illustres-cov-1.jpg","datePublished":"2023-09-27T16:55:19+00:00","dateModified":"2023-09-28T17:50:06+00:00","description":"Programme du colloque international des 10, 11 et 12 octobre 2023 organis\u00e9 par \u00c9milie S\u00e9ris \u00e0 l'INHA et \u00e0 Sorbonne Universit\u00e9.","breadcrumb":{"@id":"http:\/\/www.semen-l.org\/?p=2794#breadcrumb"},"inLanguage":"fr-FR","potentialAction":[{"@type":"ReadAction","target":["http:\/\/www.semen-l.org\/?p=2794"]}]},{"@type":"ImageObject","inLanguage":"fr-FR","@id":"http:\/\/www.semen-l.org\/?p=2794#primaryimage","url":"https:\/\/www.semen-l.org\/wp-content\/uploads\/2023\/09\/affiche-portraits-illustres-cov-1.jpg","contentUrl":"https:\/\/www.semen-l.org\/wp-content\/uploads\/2023\/09\/affiche-portraits-illustres-cov-1.jpg","width":666,"height":954},{"@type":"BreadcrumbList","@id":"http:\/\/www.semen-l.org\/?p=2794#breadcrumb","itemListElement":[{"@type":"ListItem","position":1,"name":"Accueil","item":"http:\/\/www.semen-l.org\/"},{"@type":"ListItem","position":2,"name":"Portraits d\u2019hommes et de femmes illustres de l\u2019Antiquit\u00e9 au XVIIe si\u00e8cle"}]},{"@type":"WebSite","@id":"http:\/\/www.semen-l.org\/#website","url":"http:\/\/www.semen-l.org\/","name":"Soci\u00e9t\u00e9 d'\u00c9tudes M\u00e9dio Et N\u00e9o-Latines","description":"","publisher":{"@id":"http:\/\/www.semen-l.org\/#organization"},"potentialAction":[{"@type":"SearchAction","target":{"@type":"EntryPoint","urlTemplate":"http:\/\/www.semen-l.org\/?s={search_term_string}"},"query-input":{"@type":"PropertyValueSpecification","valueRequired":true,"valueName":"search_term_string"}}],"inLanguage":"fr-FR"},{"@type":"Organization","@id":"http:\/\/www.semen-l.org\/#organization","name":"Soci\u00e9t\u00e9 d'\u00e9tudes m\u00e9dio et n\u00e9o-latines","url":"http:\/\/www.semen-l.org\/","logo":{"@type":"ImageObject","inLanguage":"fr-FR","@id":"http:\/\/www.semen-l.org\/#\/schema\/logo\/image\/","url":"http:\/\/www.semen-l.org\/wp-content\/uploads\/2020\/11\/logo-semenl.jpg","contentUrl":"http:\/\/www.semen-l.org\/wp-content\/uploads\/2020\/11\/logo-semenl.jpg","width":408,"height":403,"caption":"Soci\u00e9t\u00e9 d'\u00e9tudes m\u00e9dio et n\u00e9o-latines"},"image":{"@id":"http:\/\/www.semen-l.org\/#\/schema\/logo\/image\/"},"sameAs":["https:\/\/www.facebook.com\/SEMENL2018","https:\/\/independent.academia.edu\/SocitsdtudesmdioetnolatinesSEMENL"]},{"@type":"Person","@id":"http:\/\/www.semen-l.org\/#\/schema\/person\/ef5208815f17666727763c5363a51344","name":"Julien Maudoux","image":{"@type":"ImageObject","inLanguage":"fr-FR","@id":"https:\/\/secure.gravatar.com\/avatar\/caabf4fb6242e2277733cd35a5c2aa083761ea25dae1d1ff3298b54292225292?s=96&d=mm&r=g","url":"https:\/\/secure.gravatar.com\/avatar\/caabf4fb6242e2277733cd35a5c2aa083761ea25dae1d1ff3298b54292225292?s=96&d=mm&r=g","contentUrl":"https:\/\/secure.gravatar.com\/avatar\/caabf4fb6242e2277733cd35a5c2aa083761ea25dae1d1ff3298b54292225292?s=96&d=mm&r=g","caption":"Julien Maudoux"},"description":"Webmestre du site de la SEMEN-L","url":"https:\/\/www.semen-l.org\/?author=26"}]}},"jetpack_featured_media_url":"https:\/\/www.semen-l.org\/wp-content\/uploads\/2023\/09\/affiche-portraits-illustres-cov-1.jpg","_links":{"self":[{"href":"https:\/\/www.semen-l.org\/index.php?rest_route=\/wp\/v2\/posts\/2794","targetHints":{"allow":["GET"]}}],"collection":[{"href":"https:\/\/www.semen-l.org\/index.php?rest_route=\/wp\/v2\/posts"}],"about":[{"href":"https:\/\/www.semen-l.org\/index.php?rest_route=\/wp\/v2\/types\/post"}],"author":[{"embeddable":true,"href":"https:\/\/www.semen-l.org\/index.php?rest_route=\/wp\/v2\/users\/26"}],"replies":[{"embeddable":true,"href":"https:\/\/www.semen-l.org\/index.php?rest_route=%2Fwp%2Fv2%2Fcomments&post=2794"}],"version-history":[{"count":0,"href":"https:\/\/www.semen-l.org\/index.php?rest_route=\/wp\/v2\/posts\/2794\/revisions"}],"wp:featuredmedia":[{"embeddable":true,"href":"https:\/\/www.semen-l.org\/index.php?rest_route=\/wp\/v2\/media\/2798"}],"wp:attachment":[{"href":"https:\/\/www.semen-l.org\/index.php?rest_route=%2Fwp%2Fv2%2Fmedia&parent=2794"}],"wp:term":[{"taxonomy":"category","embeddable":true,"href":"https:\/\/www.semen-l.org\/index.php?rest_route=%2Fwp%2Fv2%2Fcategories&post=2794"},{"taxonomy":"post_tag","embeddable":true,"href":"https:\/\/www.semen-l.org\/index.php?rest_route=%2Fwp%2Fv2%2Ftags&post=2794"}],"curies":[{"name":"wp","href":"https:\/\/api.w.org\/{rel}","templated":true}]}}