{"id":2779,"date":"2023-09-11T10:33:59","date_gmt":"2023-09-11T10:33:59","guid":{"rendered":"https:\/\/www.semen-l.org\/?p=2779"},"modified":"2023-09-13T13:45:45","modified_gmt":"2023-09-13T13:45:45","slug":"ive-journee-des-jeunes-chercheurs-et-chercheuses-de-la-semen-l-seconde-rencontre","status":"publish","type":"post","link":"https:\/\/www.semen-l.org\/?p=2779","title":{"rendered":"IVes journ\u00e9es des jeunes chercheurs et chercheuses de la SEMEN-L \u2013 seconde rencontre"},"content":{"rendered":"<p><strong><img fetchpriority=\"high\" decoding=\"async\" class=\"alignright wp-image-2780\" src=\"http:\/\/www.semen-l.org\/wp-content\/uploads\/2023\/09\/jjc-affiche-23-septembre-724x1024.jpg\" alt=\"\" width=\"292\" height=\"410\" \/><\/strong><\/p>\n<p><strong>PROGRAMME DES IVES JOURN\u00c9ES DOCTORALES<\/strong><\/p>\n<p><strong>DES JEUNES CHERCHEUSES ET JEUNES CHERCHEURS DE LA SEMEN-L<\/strong><\/p>\n<p>Seconde rencontre\u00a0: samedi 23 septembre 2023<br \/>\nSalle Gaston Paris, escalier E, 1er \u00e9tage, EPHE<br \/>\n\u2013 Sorbonne Universit\u00e9 \u2013 17 rue de la Sorbonne, 75 005 Paris<\/p>\n<p>9h-9h30 \u2013 Accueil<\/p>\n<p><strong>SESSION 1.TOMBEAUX PO\u00c9TIQUES<\/strong><br \/>\nPr\u00e9sident de session\u00a0: J\u00e9r\u00e9mie Pinguet<\/p>\n<p>9h30-10h \u2014 Caroline SUPPLY\u00a0: \u00ab\u00a0Repr\u00e9senter un deuil familial en po\u00e9sie n\u00e9o-latine\u00a0: le Tumulus, II, 2 et<br \/>\nla Deploratio Luciae filiae de l\u2019Urania de Giovanni Pontano\u00a0\u00bb<br \/>\n10h-10h30 \u2014 Hannelore PIERRE\u00a0: \u00ab\u00a0Quelques r\u00e9flexions sur le tombeau po\u00e9tique d\u2019\u00c9lie Vinet (Bordeaux,<br \/>\n1590)\u00a0\u00bb<\/p>\n<p>10h30-11h00 \u2013 Pause<\/p>\n<p><strong>SESSION 2. QUESTIONS D\u2019\u00c9DITION<\/strong><br \/>\nPr\u00e9sident de session\u00a0: Fran\u00e7ois Ploton-Nicollet<br \/>\n11h-11h30 \u2014 Julien DE RIDDER\u00a0: \u00ab\u00a0Vers une nouvelle \u00e9dition des carmina varia de Marbode de Rennes\u00a0:<br \/>\n\u00e9tude critique et philologique de l\u2019editio princeps de Rennes (1524)\u00a0\u00bb<br \/>\n11h30-12h \u2014 Lucas FONSECA\u00a0: \u00ab\u00a0La tradition manuscrite du Parthenopeus sive Amores de Giovanni<br \/>\nPontano\u00a0: enjeux d\u2019\u00e9dition, de g\u00e9n\u00e9tique et de r\u00e9ception\u00a0\u00bb<\/p>\n<p>12h-14h \u2013 D\u00e9jeuner-buffet<\/p>\n<p><strong>SESSION 3. LITT\u00c9RATURE ET RELIGION<\/strong><br \/>\nPr\u00e9sident de session\u00a0: Julien Maudoux<br \/>\n14h-14h30 \u2014 Marie JEANNOT-TIROLE\u00a0: \u00ab\u00a0L\u2019ode de lege et euangelio de Ioannes Sapidus (1490-1561)\u00a0:<br \/>\nprobl\u00e8mes et enjeux de datation\u00a0\u00bb<br \/>\n14h30-15h \u2014 Farah MERCIER\u00a0: \u00ab\u00a0Denis Petau (Dionysius Petavius s.j., 1583-1652) et son temps\u00a0:<br \/>\npr\u00e9sentation et aper\u00e7u du r\u00e9seau relationnel d\u2019un j\u00e9suite fran\u00e7ais\u00a0\u00bb<br \/>\n15h-15h30 \u2013 Pause<\/p>\n<p><strong>SESSION 4. R\u00c9CEPTION DE L\u2019H\u00c9RITAGE ANTIQUE<\/strong><br \/>\nPr\u00e9sident de session\u00a0: Virginie Leroux<br \/>\n15h30-16h \u2014 Nicolas MAZEL\u00a0: \u00ab\u00a0La signature ovidienne dans l\u2019Historia de duobus amantibus d\u2019Enea<br \/>\nSilvio Piccolomini (1444)\u00a0\u00bb<br \/>\n16h-16h30 \u2014 St\u00e9phanie DUBARRY\u00a0: \u00ab\u00a0Du Syntagma \u00e0 l\u2019Historia\u00a0: les trois versions du Trait\u00e9 des Muses<br \/>\nde Giraldi\u00a0\u00bb<\/p>\n<p>16h30 \u2013 Fin de la journ\u00e9e doctorale<\/p>\n<p>&nbsp;<\/p>\n<p>Les personnes int\u00e9ress\u00e9es sont pri\u00e9es d&rsquo;envoyer un courriel aux organisateur.rice.s le 20 septembre au plus tard pour leur faire part de leur pr\u00e9sence, car une liste des participant.e.s doit \u00eatre pr\u00e9sent\u00e9e \u00e0 l&rsquo;Universit\u00e9.<\/p>\n<p>Contacts\u00a0:\u00a0<a href=\"mailto:julien.maudoux@aliceadsl.fr\">julien.maudoux@aliceadsl.fr<\/a>\u00a0\u2022\u00a0<a href=\"mailto:priscilla.mourgues@gmail.com\">priscilla.mourgues@gmail.com<\/a>\u00a0\u2022\u00a0<a href=\"mailto:jeremie.pinguet@yahoo.f\">jeremie.pinguet@yahoo.f<\/a><\/p>\n","protected":false},"excerpt":{"rendered":"<p>PROGRAMME DES IVES JOURN\u00c9ES DOCTORALES DES JEUNES CHERCHEUSES ET JEUNES CHERCHEURS DE LA SEMEN-L Seconde rencontre\u00a0: samedi 23 septembre 2023 Salle Gaston Paris, escalier E, 1er \u00e9tage, EPHE \u2013 Sorbonne Universit\u00e9 \u2013 17 rue de la Sorbonne, 75 005 Paris &hellip; <a href=\"https:\/\/www.semen-l.org\/?p=2779\">Continuer la lecture <span class=\"meta-nav\">&rarr;<\/span><\/a><\/p>\n","protected":false},"author":26,"featured_media":2780,"comment_status":"open","ping_status":"open","sticky":false,"template":"","format":"standard","meta":{"footnotes":""},"categories":[1712],"tags":[],"class_list":["post-2779","post","type-post","status-publish","format-standard","has-post-thumbnail","hentry","category-journees-jeunes-chercheurs"],"yoast_head":"<!-- This site is optimized with the Yoast SEO plugin v27.5 - https:\/\/yoast.com\/product\/yoast-seo-wordpress\/ -->\n<title>IVe journ\u00e9es doctorales de la SEMEN-L - 2e rencontre - 23\/09\/2023<\/title>\n<meta name=\"description\" content=\"Programme des IVe journ\u00e9es doctorales de la SEMEN-L - 2e rencontre - 23 septembre 2023 - m\u00e9dio-latin, n\u00e9o-latin, recherche.\" \/>\n<meta name=\"robots\" content=\"index, follow, max-snippet:-1, max-image-preview:large, max-video-preview:-1\" \/>\n<link rel=\"canonical\" href=\"http:\/\/www.semen-l.org\/?p=2779\" \/>\n<meta property=\"og:locale\" content=\"fr_FR\" \/>\n<meta property=\"og:type\" content=\"article\" \/>\n<meta property=\"og:title\" content=\"IVe journ\u00e9es doctorales de la SEMEN-L - 2e rencontre - 23\/09\/2023\" \/>\n<meta property=\"og:description\" content=\"Programme des IVe journ\u00e9es doctorales de la SEMEN-L - 2e rencontre - 23 septembre 2023 - m\u00e9dio-latin, n\u00e9o-latin, recherche.\" \/>\n<meta property=\"og:url\" content=\"http:\/\/www.semen-l.org\/?p=2779\" \/>\n<meta property=\"og:site_name\" content=\"Soci\u00e9t\u00e9 d&#039;\u00c9tudes M\u00e9dio Et N\u00e9o-Latines\" \/>\n<meta property=\"article:publisher\" content=\"https:\/\/www.facebook.com\/SEMENL2018\" \/>\n<meta property=\"article:published_time\" content=\"2023-09-11T10:33:59+00:00\" \/>\n<meta property=\"article:modified_time\" content=\"2023-09-13T13:45:45+00:00\" \/>\n<meta property=\"og:image\" content=\"http:\/\/www.semen-l.org\/wp-content\/uploads\/2023\/09\/jjc-affiche-23-septembre-scaled.jpg\" \/>\n\t<meta property=\"og:image:width\" content=\"1810\" \/>\n\t<meta property=\"og:image:height\" content=\"2560\" \/>\n\t<meta property=\"og:image:type\" content=\"image\/jpeg\" \/>\n<meta name=\"author\" content=\"Julien Maudoux\" \/>\n<meta name=\"twitter:card\" content=\"summary_large_image\" \/>\n<meta name=\"twitter:label1\" content=\"\u00c9crit par\" \/>\n\t<meta name=\"twitter:data1\" content=\"Julien Maudoux\" \/>\n\t<meta name=\"twitter:label2\" content=\"Dur\u00e9e de lecture estim\u00e9e\" \/>\n\t<meta name=\"twitter:data2\" content=\"2 minutes\" \/>\n<script type=\"application\/ld+json\" class=\"yoast-schema-graph\">{\"@context\":\"https:\\\/\\\/schema.org\",\"@graph\":[{\"@type\":\"Article\",\"@id\":\"http:\\\/\\\/www.semen-l.org\\\/?p=2779#article\",\"isPartOf\":{\"@id\":\"http:\\\/\\\/www.semen-l.org\\\/?p=2779\"},\"author\":{\"name\":\"Julien Maudoux\",\"@id\":\"http:\\\/\\\/www.semen-l.org\\\/#\\\/schema\\\/person\\\/ef5208815f17666727763c5363a51344\"},\"headline\":\"IVes journ\u00e9es des jeunes chercheurs et chercheuses de la SEMEN-L \u2013 seconde rencontre\",\"datePublished\":\"2023-09-11T10:33:59+00:00\",\"dateModified\":\"2023-09-13T13:45:45+00:00\",\"mainEntityOfPage\":{\"@id\":\"http:\\\/\\\/www.semen-l.org\\\/?p=2779\"},\"wordCount\":356,\"commentCount\":1,\"publisher\":{\"@id\":\"http:\\\/\\\/www.semen-l.org\\\/#organization\"},\"image\":{\"@id\":\"http:\\\/\\\/www.semen-l.org\\\/?p=2779#primaryimage\"},\"thumbnailUrl\":\"https:\\\/\\\/www.semen-l.org\\\/wp-content\\\/uploads\\\/2023\\\/09\\\/jjc-affiche-23-septembre-scaled.jpg\",\"articleSection\":[\"Journ\u00e9es des jeunes chercheurs\"],\"inLanguage\":\"fr-FR\",\"potentialAction\":[{\"@type\":\"CommentAction\",\"name\":\"Comment\",\"target\":[\"http:\\\/\\\/www.semen-l.org\\\/?p=2779#respond\"]}]},{\"@type\":\"WebPage\",\"@id\":\"http:\\\/\\\/www.semen-l.org\\\/?p=2779\",\"url\":\"http:\\\/\\\/www.semen-l.org\\\/?p=2779\",\"name\":\"IVe journ\u00e9es doctorales de la SEMEN-L - 2e rencontre - 23\\\/09\\\/2023\",\"isPartOf\":{\"@id\":\"http:\\\/\\\/www.semen-l.org\\\/#website\"},\"primaryImageOfPage\":{\"@id\":\"http:\\\/\\\/www.semen-l.org\\\/?p=2779#primaryimage\"},\"image\":{\"@id\":\"http:\\\/\\\/www.semen-l.org\\\/?p=2779#primaryimage\"},\"thumbnailUrl\":\"https:\\\/\\\/www.semen-l.org\\\/wp-content\\\/uploads\\\/2023\\\/09\\\/jjc-affiche-23-septembre-scaled.jpg\",\"datePublished\":\"2023-09-11T10:33:59+00:00\",\"dateModified\":\"2023-09-13T13:45:45+00:00\",\"description\":\"Programme des IVe journ\u00e9es doctorales de la SEMEN-L - 2e rencontre - 23 septembre 2023 - m\u00e9dio-latin, n\u00e9o-latin, recherche.\",\"breadcrumb\":{\"@id\":\"http:\\\/\\\/www.semen-l.org\\\/?p=2779#breadcrumb\"},\"inLanguage\":\"fr-FR\",\"potentialAction\":[{\"@type\":\"ReadAction\",\"target\":[\"http:\\\/\\\/www.semen-l.org\\\/?p=2779\"]}]},{\"@type\":\"ImageObject\",\"inLanguage\":\"fr-FR\",\"@id\":\"http:\\\/\\\/www.semen-l.org\\\/?p=2779#primaryimage\",\"url\":\"https:\\\/\\\/www.semen-l.org\\\/wp-content\\\/uploads\\\/2023\\\/09\\\/jjc-affiche-23-septembre-scaled.jpg\",\"contentUrl\":\"https:\\\/\\\/www.semen-l.org\\\/wp-content\\\/uploads\\\/2023\\\/09\\\/jjc-affiche-23-septembre-scaled.jpg\",\"width\":1810,\"height\":2560},{\"@type\":\"BreadcrumbList\",\"@id\":\"http:\\\/\\\/www.semen-l.org\\\/?p=2779#breadcrumb\",\"itemListElement\":[{\"@type\":\"ListItem\",\"position\":1,\"name\":\"Accueil\",\"item\":\"http:\\\/\\\/www.semen-l.org\\\/\"},{\"@type\":\"ListItem\",\"position\":2,\"name\":\"IVes journ\u00e9es des jeunes chercheurs et chercheuses de la SEMEN-L \u2013 seconde rencontre\"}]},{\"@type\":\"WebSite\",\"@id\":\"http:\\\/\\\/www.semen-l.org\\\/#website\",\"url\":\"http:\\\/\\\/www.semen-l.org\\\/\",\"name\":\"Soci\u00e9t\u00e9 d'\u00c9tudes M\u00e9dio Et N\u00e9o-Latines\",\"description\":\"\",\"publisher\":{\"@id\":\"http:\\\/\\\/www.semen-l.org\\\/#organization\"},\"potentialAction\":[{\"@type\":\"SearchAction\",\"target\":{\"@type\":\"EntryPoint\",\"urlTemplate\":\"http:\\\/\\\/www.semen-l.org\\\/?s={search_term_string}\"},\"query-input\":{\"@type\":\"PropertyValueSpecification\",\"valueRequired\":true,\"valueName\":\"search_term_string\"}}],\"inLanguage\":\"fr-FR\"},{\"@type\":\"Organization\",\"@id\":\"http:\\\/\\\/www.semen-l.org\\\/#organization\",\"name\":\"Soci\u00e9t\u00e9 d'\u00e9tudes m\u00e9dio et n\u00e9o-latines\",\"url\":\"http:\\\/\\\/www.semen-l.org\\\/\",\"logo\":{\"@type\":\"ImageObject\",\"inLanguage\":\"fr-FR\",\"@id\":\"http:\\\/\\\/www.semen-l.org\\\/#\\\/schema\\\/logo\\\/image\\\/\",\"url\":\"http:\\\/\\\/www.semen-l.org\\\/wp-content\\\/uploads\\\/2020\\\/11\\\/logo-semenl.jpg\",\"contentUrl\":\"http:\\\/\\\/www.semen-l.org\\\/wp-content\\\/uploads\\\/2020\\\/11\\\/logo-semenl.jpg\",\"width\":408,\"height\":403,\"caption\":\"Soci\u00e9t\u00e9 d'\u00e9tudes m\u00e9dio et n\u00e9o-latines\"},\"image\":{\"@id\":\"http:\\\/\\\/www.semen-l.org\\\/#\\\/schema\\\/logo\\\/image\\\/\"},\"sameAs\":[\"https:\\\/\\\/www.facebook.com\\\/SEMENL2018\",\"https:\\\/\\\/independent.academia.edu\\\/SocitsdtudesmdioetnolatinesSEMENL\"]},{\"@type\":\"Person\",\"@id\":\"http:\\\/\\\/www.semen-l.org\\\/#\\\/schema\\\/person\\\/ef5208815f17666727763c5363a51344\",\"name\":\"Julien Maudoux\",\"image\":{\"@type\":\"ImageObject\",\"inLanguage\":\"fr-FR\",\"@id\":\"https:\\\/\\\/secure.gravatar.com\\\/avatar\\\/caabf4fb6242e2277733cd35a5c2aa083761ea25dae1d1ff3298b54292225292?s=96&d=mm&r=g\",\"url\":\"https:\\\/\\\/secure.gravatar.com\\\/avatar\\\/caabf4fb6242e2277733cd35a5c2aa083761ea25dae1d1ff3298b54292225292?s=96&d=mm&r=g\",\"contentUrl\":\"https:\\\/\\\/secure.gravatar.com\\\/avatar\\\/caabf4fb6242e2277733cd35a5c2aa083761ea25dae1d1ff3298b54292225292?s=96&d=mm&r=g\",\"caption\":\"Julien Maudoux\"},\"description\":\"Webmestre du site de la SEMEN-L\",\"url\":\"https:\\\/\\\/www.semen-l.org\\\/?author=26\"}]}<\/script>\n<!-- \/ Yoast SEO plugin. -->","yoast_head_json":{"title":"IVe journ\u00e9es doctorales de la SEMEN-L - 2e rencontre - 23\/09\/2023","description":"Programme des IVe journ\u00e9es doctorales de la SEMEN-L - 2e rencontre - 23 septembre 2023 - m\u00e9dio-latin, n\u00e9o-latin, recherche.","robots":{"index":"index","follow":"follow","max-snippet":"max-snippet:-1","max-image-preview":"max-image-preview:large","max-video-preview":"max-video-preview:-1"},"canonical":"http:\/\/www.semen-l.org\/?p=2779","og_locale":"fr_FR","og_type":"article","og_title":"IVe journ\u00e9es doctorales de la SEMEN-L - 2e rencontre - 23\/09\/2023","og_description":"Programme des IVe journ\u00e9es doctorales de la SEMEN-L - 2e rencontre - 23 septembre 2023 - m\u00e9dio-latin, n\u00e9o-latin, recherche.","og_url":"http:\/\/www.semen-l.org\/?p=2779","og_site_name":"Soci\u00e9t\u00e9 d&#039;\u00c9tudes M\u00e9dio Et N\u00e9o-Latines","article_publisher":"https:\/\/www.facebook.com\/SEMENL2018","article_published_time":"2023-09-11T10:33:59+00:00","article_modified_time":"2023-09-13T13:45:45+00:00","og_image":[{"width":1810,"height":2560,"url":"http:\/\/www.semen-l.org\/wp-content\/uploads\/2023\/09\/jjc-affiche-23-septembre-scaled.jpg","type":"image\/jpeg"}],"author":"Julien Maudoux","twitter_card":"summary_large_image","twitter_misc":{"\u00c9crit par":"Julien Maudoux","Dur\u00e9e de lecture estim\u00e9e":"2 minutes"},"schema":{"@context":"https:\/\/schema.org","@graph":[{"@type":"Article","@id":"http:\/\/www.semen-l.org\/?p=2779#article","isPartOf":{"@id":"http:\/\/www.semen-l.org\/?p=2779"},"author":{"name":"Julien Maudoux","@id":"http:\/\/www.semen-l.org\/#\/schema\/person\/ef5208815f17666727763c5363a51344"},"headline":"IVes journ\u00e9es des jeunes chercheurs et chercheuses de la SEMEN-L \u2013 seconde rencontre","datePublished":"2023-09-11T10:33:59+00:00","dateModified":"2023-09-13T13:45:45+00:00","mainEntityOfPage":{"@id":"http:\/\/www.semen-l.org\/?p=2779"},"wordCount":356,"commentCount":1,"publisher":{"@id":"http:\/\/www.semen-l.org\/#organization"},"image":{"@id":"http:\/\/www.semen-l.org\/?p=2779#primaryimage"},"thumbnailUrl":"https:\/\/www.semen-l.org\/wp-content\/uploads\/2023\/09\/jjc-affiche-23-septembre-scaled.jpg","articleSection":["Journ\u00e9es des jeunes chercheurs"],"inLanguage":"fr-FR","potentialAction":[{"@type":"CommentAction","name":"Comment","target":["http:\/\/www.semen-l.org\/?p=2779#respond"]}]},{"@type":"WebPage","@id":"http:\/\/www.semen-l.org\/?p=2779","url":"http:\/\/www.semen-l.org\/?p=2779","name":"IVe journ\u00e9es doctorales de la SEMEN-L - 2e rencontre - 23\/09\/2023","isPartOf":{"@id":"http:\/\/www.semen-l.org\/#website"},"primaryImageOfPage":{"@id":"http:\/\/www.semen-l.org\/?p=2779#primaryimage"},"image":{"@id":"http:\/\/www.semen-l.org\/?p=2779#primaryimage"},"thumbnailUrl":"https:\/\/www.semen-l.org\/wp-content\/uploads\/2023\/09\/jjc-affiche-23-septembre-scaled.jpg","datePublished":"2023-09-11T10:33:59+00:00","dateModified":"2023-09-13T13:45:45+00:00","description":"Programme des IVe journ\u00e9es doctorales de la SEMEN-L - 2e rencontre - 23 septembre 2023 - m\u00e9dio-latin, n\u00e9o-latin, recherche.","breadcrumb":{"@id":"http:\/\/www.semen-l.org\/?p=2779#breadcrumb"},"inLanguage":"fr-FR","potentialAction":[{"@type":"ReadAction","target":["http:\/\/www.semen-l.org\/?p=2779"]}]},{"@type":"ImageObject","inLanguage":"fr-FR","@id":"http:\/\/www.semen-l.org\/?p=2779#primaryimage","url":"https:\/\/www.semen-l.org\/wp-content\/uploads\/2023\/09\/jjc-affiche-23-septembre-scaled.jpg","contentUrl":"https:\/\/www.semen-l.org\/wp-content\/uploads\/2023\/09\/jjc-affiche-23-septembre-scaled.jpg","width":1810,"height":2560},{"@type":"BreadcrumbList","@id":"http:\/\/www.semen-l.org\/?p=2779#breadcrumb","itemListElement":[{"@type":"ListItem","position":1,"name":"Accueil","item":"http:\/\/www.semen-l.org\/"},{"@type":"ListItem","position":2,"name":"IVes journ\u00e9es des jeunes chercheurs et chercheuses de la SEMEN-L \u2013 seconde rencontre"}]},{"@type":"WebSite","@id":"http:\/\/www.semen-l.org\/#website","url":"http:\/\/www.semen-l.org\/","name":"Soci\u00e9t\u00e9 d'\u00c9tudes M\u00e9dio Et N\u00e9o-Latines","description":"","publisher":{"@id":"http:\/\/www.semen-l.org\/#organization"},"potentialAction":[{"@type":"SearchAction","target":{"@type":"EntryPoint","urlTemplate":"http:\/\/www.semen-l.org\/?s={search_term_string}"},"query-input":{"@type":"PropertyValueSpecification","valueRequired":true,"valueName":"search_term_string"}}],"inLanguage":"fr-FR"},{"@type":"Organization","@id":"http:\/\/www.semen-l.org\/#organization","name":"Soci\u00e9t\u00e9 d'\u00e9tudes m\u00e9dio et n\u00e9o-latines","url":"http:\/\/www.semen-l.org\/","logo":{"@type":"ImageObject","inLanguage":"fr-FR","@id":"http:\/\/www.semen-l.org\/#\/schema\/logo\/image\/","url":"http:\/\/www.semen-l.org\/wp-content\/uploads\/2020\/11\/logo-semenl.jpg","contentUrl":"http:\/\/www.semen-l.org\/wp-content\/uploads\/2020\/11\/logo-semenl.jpg","width":408,"height":403,"caption":"Soci\u00e9t\u00e9 d'\u00e9tudes m\u00e9dio et n\u00e9o-latines"},"image":{"@id":"http:\/\/www.semen-l.org\/#\/schema\/logo\/image\/"},"sameAs":["https:\/\/www.facebook.com\/SEMENL2018","https:\/\/independent.academia.edu\/SocitsdtudesmdioetnolatinesSEMENL"]},{"@type":"Person","@id":"http:\/\/www.semen-l.org\/#\/schema\/person\/ef5208815f17666727763c5363a51344","name":"Julien Maudoux","image":{"@type":"ImageObject","inLanguage":"fr-FR","@id":"https:\/\/secure.gravatar.com\/avatar\/caabf4fb6242e2277733cd35a5c2aa083761ea25dae1d1ff3298b54292225292?s=96&d=mm&r=g","url":"https:\/\/secure.gravatar.com\/avatar\/caabf4fb6242e2277733cd35a5c2aa083761ea25dae1d1ff3298b54292225292?s=96&d=mm&r=g","contentUrl":"https:\/\/secure.gravatar.com\/avatar\/caabf4fb6242e2277733cd35a5c2aa083761ea25dae1d1ff3298b54292225292?s=96&d=mm&r=g","caption":"Julien Maudoux"},"description":"Webmestre du site de la SEMEN-L","url":"https:\/\/www.semen-l.org\/?author=26"}]}},"jetpack_featured_media_url":"https:\/\/www.semen-l.org\/wp-content\/uploads\/2023\/09\/jjc-affiche-23-septembre-scaled.jpg","_links":{"self":[{"href":"https:\/\/www.semen-l.org\/index.php?rest_route=\/wp\/v2\/posts\/2779","targetHints":{"allow":["GET"]}}],"collection":[{"href":"https:\/\/www.semen-l.org\/index.php?rest_route=\/wp\/v2\/posts"}],"about":[{"href":"https:\/\/www.semen-l.org\/index.php?rest_route=\/wp\/v2\/types\/post"}],"author":[{"embeddable":true,"href":"https:\/\/www.semen-l.org\/index.php?rest_route=\/wp\/v2\/users\/26"}],"replies":[{"embeddable":true,"href":"https:\/\/www.semen-l.org\/index.php?rest_route=%2Fwp%2Fv2%2Fcomments&post=2779"}],"version-history":[{"count":0,"href":"https:\/\/www.semen-l.org\/index.php?rest_route=\/wp\/v2\/posts\/2779\/revisions"}],"wp:featuredmedia":[{"embeddable":true,"href":"https:\/\/www.semen-l.org\/index.php?rest_route=\/wp\/v2\/media\/2780"}],"wp:attachment":[{"href":"https:\/\/www.semen-l.org\/index.php?rest_route=%2Fwp%2Fv2%2Fmedia&parent=2779"}],"wp:term":[{"taxonomy":"category","embeddable":true,"href":"https:\/\/www.semen-l.org\/index.php?rest_route=%2Fwp%2Fv2%2Fcategories&post=2779"},{"taxonomy":"post_tag","embeddable":true,"href":"https:\/\/www.semen-l.org\/index.php?rest_route=%2Fwp%2Fv2%2Ftags&post=2779"}],"curies":[{"name":"wp","href":"https:\/\/api.w.org\/{rel}","templated":true}]}}