{"id":2751,"date":"2023-03-20T09:10:53","date_gmt":"2023-03-20T09:10:53","guid":{"rendered":"https:\/\/www.semen-l.org\/?p=2751"},"modified":"2023-03-20T09:16:22","modified_gmt":"2023-03-20T09:16:22","slug":"ive-journee-des-jeunes-chercheurs-et-chercheuses-de-la-semen-l-premiere-rencontre","status":"publish","type":"post","link":"https:\/\/www.semen-l.org\/?p=2751","title":{"rendered":"IVe journ\u00e9e des jeunes chercheurs et chercheuses de la SEMEN-L &#8211; premi\u00e8re rencontre"},"content":{"rendered":"<p><strong>Programme des IV<sup>e<\/sup>\u00a0<\/strong><strong>journ\u00e9es<\/strong><strong> doctorales<br \/>\ndes jeunes chercheuses et jeunes chercheurs de la SEMEN-<\/strong><strong>L<\/strong><\/p>\n<p><strong>\u00a0<\/strong><strong>Premi\u00e8re rencontre\u00a0: samedi 15 avril 2023<\/strong><\/p>\n<p><strong>Maison de la Recherche \u2013 Sorbonne Universit\u00e9 \u2013 28, rue Serpente, 75 006 Paris<\/strong><\/p>\n<p><strong>Salle D323<\/strong><\/p>\n<p><strong><a href=\"https:\/\/www.semen-l.org\/wp-content\/uploads\/2022\/11\/programme-IVe-journees-doctorales-semenl.pdf\" class=\"pdfemb-viewer\" style=\"\" data-width=\"max\" data-height=\"max\" data-toolbar=\"both\" data-toolbar-fixed=\"off\">programme-IVe-journ\u00e9es-doctorales-semenl<\/a><\/strong><\/p>\n<p>9h-9h15\u00a0\u2013 Accueil<\/p>\n<p><strong>I &#8211; Philologie et corpus complexes<\/strong><\/p>\n<p><em>Pr\u00e9sident de session\u00a0: Fran\u00e7ois Ploton-Nicollet<\/em><\/p>\n<p>9h15-9h45 \u2014 Giandomenico\u00a0TRIPODI\u00a0: \u00ab\u00a0Les <em>recollecte<\/em> des <em>G\u00e9orgiques<\/em> de Benvenuto da Imola\u00a0: typologie textuelle et questions philologiques\u00a0\u00bb<\/p>\n<p>9h45-10h15 \u2014 Nicolas SOUHAIT\u00a0: \u00ab\u00a0\u00c9diter les contributions imprim\u00e9es de Jean Dorat (1541-1560)\u00a0: enjeux et perspectives\u00a0\u00bb<\/p>\n<p>&nbsp;<\/p>\n<p>10h15-10h45 \u2013 Pause<\/p>\n<p><strong>II &#8211; Stylistique et analyse de <\/strong><strong>donn\u00e9es<\/strong> <strong>textuelles<\/strong><\/p>\n<p><em>P<\/em><em>r\u00e9sidente de session\u00a0: Sylvie Laigneau-Fontaine<\/em><\/p>\n<p>10h45-11h15 \u2014 Val\u00e9rie THON\u00a0: \u00ab\u00a0Stylistique et textom\u00e9trie\u00a0: le rythme des <em>Lettres<\/em> de Pierre Damien (xi<sup>e<\/sup>\u00a0si\u00e8cle)\u00a0\u00bb<\/p>\n<p>11h15-11h45 \u2014 Elena GHIRINGHELLI\u00a0: \u00ab\u00a0Ovide et Morisot, l\u2019analyse stylom\u00e9trique de deux styles en comparaison\u00a0\u00bb<\/p>\n<p>11h45-13h45 \u2013 D\u00e9jeuner-buffet<\/p>\n<p>&nbsp;<\/p>\n<p><strong>\u00a0III &#8211; Tradition et <\/strong><strong>modernit\u00e9s<\/strong><strong> n<\/strong><strong>\u00e9<\/strong><strong>o-latines\u00a0(1)\u00a0: xv<\/strong><strong><sup>e<\/sup><\/strong><strong>-xvi<sup>e<\/sup>\u00a0si\u00e8cles<\/strong><\/p>\n<p><em>Pr\u00e9sidente de session\u00a0: Virginie Leroux<\/em><\/p>\n<p>13h45-14h15 \u2014 Rita DI PASQUALE\u00a0: \u00ab\u00a0R\u00e9flexions sur des th\u00e8mes et des genres pr\u00e9sents dans la production po\u00e9tique de Pietro Bembo\u00a0\u00bb<\/p>\n<p>14h15-14h45 \u2014 Alexia DEDIEU\u00a0: \u00ab\u00a0Lire et traduire la <em>M\u00e9d\u00e9e<\/em> d\u2019Euripide en latin au xvi<sup>e<\/sup>\u00a0si\u00e8cle\u00a0: l\u2019\u00e9laboration d\u2019un canon tragique entre transmission textuelle et conventions culturelles\u00a0\u00bb<\/p>\n<p>&nbsp;<\/p>\n<p>14h45-15h \u2013 Pause<\/p>\n<p><strong>IV &#8211; Tradition et <\/strong><strong>modernit\u00e9s<\/strong><strong> n<\/strong><strong>\u00e9<\/strong><strong>o-latines\u00a0(2)\u00a0: xvii<\/strong><strong><sup>e<\/sup><\/strong><strong>si\u00e8cle<\/strong><\/p>\n<p><em>Pr\u00e9sidente de session\u00a0: \u00c9milie S\u00e9ris<\/em><\/p>\n<p>15h-15h30 \u2014 Lor\u00e8ne BELLANGER\u00a0: \u00ab\u00a0L\u2019imitation dans les <em>Carmina<\/em> de Jean Commire, entre humanisme et classicisme\u00a0\u00bb<\/p>\n<p>15h30-16h \u2014 Th\u00e9o GIBERT\u00a0: \u00ab\u00a0La querelle de l\u2019\u00e9pop\u00e9e en France au xvii<sup>e<\/sup>\u00a0si\u00e8cle\u00a0: une affaire de J\u00e9suites\u00a0\u00bb<\/p>\n<p>&nbsp;<\/p>\n<p>16h-16h30 \u2013 Pause<\/p>\n<p><strong>V &#8211; Foi <\/strong><strong>et cr\u00e9ation po\u00e9tique<\/strong><\/p>\n<p><em>Pr\u00e9sidente de session\u00a0: Dani\u00e8le James-Raoul<\/em><\/p>\n<p>16h30-17h \u2014 Thomas VON KAENEL\u00a0: \u00ab\u00a0<em>Musas cum pietate iungere<\/em> : foi chr\u00e9tienne et po\u00e9sie classique dans les po\u00e8mes bibliques de Rudolf Gwalther (1519-1586)\u00a0\u00bb<\/p>\n<p>17h-17h30 \u2014 Cl\u00e9ment ZAJAC\u00a0: \u00ab\u00a0Les anagrammes de Jacob Masen (1606-1681)\u00a0: un <em>vates<\/em> au service de la \u201c<em>vitis vera<\/em>\u201d \u00bb<\/p>\n<p><em>Contact\u00a0: <\/em><a href=\"mailto:julien.maudoux@aliceadsl.fr\">julien.maudoux@aliceadsl.fr<\/a> \u2022\u00a0<a href=\"mailto:priscilla.mourgues@gmail.com\">priscilla.mourgues@gmail.com<\/a> \u2022 <a href=\"mailto:jeremie.pinguet@yahoo.fr\">jeremie.pinguet@yahoo.fr<\/a><\/p>\n<h1><a href=\"http:\/\/www.semen-l.org\/wp-content\/uploads\/2022\/11\/programme-IVe-journees-doctorales-semenl.pdf\"><img fetchpriority=\"high\" decoding=\"async\" class=\"alignright wp-image-2748\" src=\"http:\/\/www.semen-l.org\/wp-content\/uploads\/2022\/11\/afficheIVjdjc1-724x1024.jpg\" alt=\"\" width=\"296\" height=\"416\" \/><\/a><\/h1>\n<p><em>Archives : appel \u00e0 communication<\/em><\/p>\n<h1>IVe journ\u00e9e doctorale de la SEMEN-L<\/h1>\n<p><img decoding=\"async\" class=\"size-medium wp-image-1211 aligncenter\" src=\"http:\/\/www.semen-l.org\/wp-content\/uploads\/2020\/11\/semenl-presentation-300x107.jpg\" alt=\"\" width=\"300\" height=\"107\" srcset=\"https:\/\/www.semen-l.org\/wp-content\/uploads\/2020\/11\/semenl-presentation-300x107.jpg 300w, https:\/\/www.semen-l.org\/wp-content\/uploads\/2020\/11\/semenl-presentation-200x71.jpg 200w, https:\/\/www.semen-l.org\/wp-content\/uploads\/2020\/11\/semenl-presentation-500x179.jpg 500w, https:\/\/www.semen-l.org\/wp-content\/uploads\/2020\/11\/semenl-presentation.jpg 700w\" sizes=\"(max-width: 300px) 100vw, 300px\" \/><\/p>\n<h3>La IVe\u00a0journ\u00e9e des jeunes chercheurs et chercheuses\u00a0se tiendra\u00a0<b>le samedi 15 avril 2023 \u00e0 Paris<\/b>, \u00e0 l\u2019initiative de la\u00a0<b>Soci\u00e9t\u00e9 d\u2019\u00c9tudes M\u00e9dio- et N\u00e9o-Latines (SEMEN-L)<\/b>.<\/h3>\n<p>Si vos domaines de recherche sont en lien avec le m\u00e9dio-latin et\/ou le n\u00e9o-latin, vous \u00eates chaleureusement invit\u00e9\u00b7es \u00e0 participer \u00e0 cette journ\u00e9e d\u2019\u00e9changes intellectuels qui nous r\u00e9jouissent par avance. \u00c0 cette occasion, la SEMEN-L esp\u00e8re vous entendre parler d\u2019un sujet laiss\u00e9 \u00e0 votre enti\u00e8re appr\u00e9ciation\u00a0: il peut s\u2019agir de la pr\u00e9sentation de votre th\u00e8se, d\u2019un chapitre ou d\u2019un aspect de cette th\u00e8se ou encore d\u2019un travail de recherche ind\u00e9pendant.<\/p>\n<p>D\u2019un point de vue pratique, le d\u00e9jeuner sera offert par la SEMEN-L et les frais de transports seront pris en charge pour les participant\u00b7es, sur pr\u00e9sentation d\u2019un justificatif. Une nuit d\u2019h\u00f4tel pourra \u00e9galement \u00eatre prise en charge pour les personnes ne r\u00e9sidant pas \u00e0 Paris. Information compl\u00e9mentaire\u00a0: les participant\u00b7es \u00e0 cette journ\u00e9e d\u2019\u00e9tudes devront \u00eatre \u00e0 jour de leur\u00a0cotisation \u00e0 la SEMEN-L\u00a0pour l\u2019ann\u00e9e civile en cours (24 euros pour le tarif normal, 12 euros pour les \u00e9tudiant\u00b7es, voir le site\u00a0<a href=\"https:\/\/www.fabula.org\/\" target=\"_blank\" rel=\"nofollow noopener noreferrer\">http:\/\/www.semen-l.org)<\/a>.<\/p>\n<p>Si vous \u00eates int\u00e9ress\u00e9\u00b7es et souhaitez participer \u00e0 cette journ\u00e9e, nous vous prions de nous le faire savoir (\u00e0 nos trois adresses courriel)\u00a0<b>avant le 20 janvier 2023<\/b>\u00a0et de nous indiquer le titre de votre communication (m\u00eame provisoire), accompagn\u00e9 de quelques lignes de r\u00e9sum\u00e9 et d\u2019un bref curriculum vitae. Chaque communication durera\u00a0<b>20 minutes<\/b>\u00a0et sera suivie d\u2019un temps de questions et d\u2019\u00e9changes.<\/p>\n<p>Nous nous tenons \u00e0 votre disposition pour tout renseignement compl\u00e9mentaire.<\/p>\n<p>Julien Maudoux, Priscilla Mourgues et J\u00e9r\u00e9mie Pinguet<\/p>\n<p><a href=\"mailto:julien.maudoux@aliceadsl.fr\" target=\"_blank\" rel=\"nofollow noopener noreferrer\">julien.maudoux@aliceadsl.fr<\/a><br \/>\n<a href=\"mailto:priscilla.mourgues@gmail.com\" target=\"_blank\" rel=\"nofollow noopener noreferrer\">priscilla.mourgues@gmail.com<\/a><br \/>\n<a href=\"mailto:jeremie.pinguet@yahoo.fr\" target=\"_blank\" rel=\"nofollow noopener noreferrer\">jeremie.pinguet@yahoo.fr<\/a><\/p>\n","protected":false},"excerpt":{"rendered":"<p>Programme des IVe\u00a0journ\u00e9es doctorales des jeunes chercheuses et jeunes chercheurs de la SEMEN-L \u00a0Premi\u00e8re rencontre\u00a0: samedi 15 avril 2023 Maison de la Recherche \u2013 Sorbonne Universit\u00e9 \u2013 28, rue Serpente, 75 006 Paris Salle D323 9h-9h15\u00a0\u2013 Accueil I &#8211; Philologie &hellip; <a href=\"https:\/\/www.semen-l.org\/?p=2751\">Continuer la lecture <span class=\"meta-nav\">&rarr;<\/span><\/a><\/p>\n","protected":false},"author":26,"featured_media":0,"comment_status":"open","ping_status":"open","sticky":false,"template":"","format":"standard","meta":{"footnotes":""},"categories":[1712],"tags":[1795,1794,1797,1769,1768,1715,1265,1796,1577,824,1251,1564,70,1790,1576,1793,267,1792,1791],"class_list":["post-2751","post","type-post","status-publish","format-standard","hentry","category-journees-jeunes-chercheurs","tag-anagramme","tag-bembo-pietro","tag-benvenuto-da-imola","tag-carmina-commire","tag-commire-jean","tag-dorat-jean","tag-epopee","tag-georgiques-benvenuto-da-imola","tag-gwalthers-rudolf","tag-jesuitisme","tag-masen-jacob","tag-morisot-claude-barthelemy","tag-ovide","tag-pierre-damien","tag-poemata-sacra-rudolf-gwalthers","tag-recollecte","tag-stylistique","tag-stylometrie","tag-textometrie"],"yoast_head":"<!-- This site is optimized with the Yoast SEO plugin v27.5 - https:\/\/yoast.com\/product\/yoast-seo-wordpress\/ -->\n<title>IVe journ\u00e9e des jeunes chercheurs et chercheuses de la SEMEN-L - premi\u00e8re rencontre - Soci\u00e9t\u00e9 d&#039;\u00c9tudes M\u00e9dio Et N\u00e9o-Latines<\/title>\n<meta name=\"robots\" content=\"index, follow, max-snippet:-1, max-image-preview:large, max-video-preview:-1\" \/>\n<link rel=\"canonical\" href=\"http:\/\/www.semen-l.org\/?p=2751\" \/>\n<meta property=\"og:locale\" content=\"fr_FR\" \/>\n<meta property=\"og:type\" content=\"article\" \/>\n<meta property=\"og:title\" content=\"IVe journ\u00e9e des jeunes chercheurs et chercheuses de la SEMEN-L - premi\u00e8re rencontre - Soci\u00e9t\u00e9 d&#039;\u00c9tudes M\u00e9dio Et N\u00e9o-Latines\" \/>\n<meta property=\"og:description\" content=\"Programme des IVe\u00a0journ\u00e9es doctorales des jeunes chercheuses et jeunes chercheurs de la SEMEN-L \u00a0Premi\u00e8re rencontre\u00a0: samedi 15 avril 2023 Maison de la Recherche \u2013 Sorbonne Universit\u00e9 \u2013 28, rue Serpente, 75 006 Paris Salle D323 9h-9h15\u00a0\u2013 Accueil I &#8211; Philologie &hellip; Continuer la lecture &rarr;\" \/>\n<meta property=\"og:url\" content=\"http:\/\/www.semen-l.org\/?p=2751\" \/>\n<meta property=\"og:site_name\" content=\"Soci\u00e9t\u00e9 d&#039;\u00c9tudes M\u00e9dio Et N\u00e9o-Latines\" \/>\n<meta property=\"article:publisher\" content=\"https:\/\/www.facebook.com\/SEMENL2018\" \/>\n<meta property=\"article:published_time\" content=\"2023-03-20T09:10:53+00:00\" \/>\n<meta property=\"article:modified_time\" content=\"2023-03-20T09:16:22+00:00\" \/>\n<meta property=\"og:image\" content=\"http:\/\/www.semen-l.org\/wp-content\/uploads\/2022\/11\/afficheIVjdjc1-724x1024.jpg\" \/>\n<meta name=\"author\" content=\"Julien Maudoux\" \/>\n<meta name=\"twitter:card\" content=\"summary_large_image\" \/>\n<meta name=\"twitter:label1\" content=\"\u00c9crit par\" \/>\n\t<meta name=\"twitter:data1\" content=\"Julien Maudoux\" \/>\n\t<meta name=\"twitter:label2\" content=\"Dur\u00e9e de lecture estim\u00e9e\" \/>\n\t<meta name=\"twitter:data2\" content=\"4 minutes\" \/>\n<script type=\"application\/ld+json\" class=\"yoast-schema-graph\">{\"@context\":\"https:\\\/\\\/schema.org\",\"@graph\":[{\"@type\":\"Article\",\"@id\":\"http:\\\/\\\/www.semen-l.org\\\/?p=2751#article\",\"isPartOf\":{\"@id\":\"http:\\\/\\\/www.semen-l.org\\\/?p=2751\"},\"author\":{\"name\":\"Julien Maudoux\",\"@id\":\"http:\\\/\\\/www.semen-l.org\\\/#\\\/schema\\\/person\\\/ef5208815f17666727763c5363a51344\"},\"headline\":\"IVe journ\u00e9e des jeunes chercheurs et chercheuses de la SEMEN-L &#8211; premi\u00e8re rencontre\",\"datePublished\":\"2023-03-20T09:10:53+00:00\",\"dateModified\":\"2023-03-20T09:16:22+00:00\",\"mainEntityOfPage\":{\"@id\":\"http:\\\/\\\/www.semen-l.org\\\/?p=2751\"},\"wordCount\":710,\"commentCount\":1,\"publisher\":{\"@id\":\"http:\\\/\\\/www.semen-l.org\\\/#organization\"},\"image\":{\"@id\":\"http:\\\/\\\/www.semen-l.org\\\/?p=2751#primaryimage\"},\"thumbnailUrl\":\"http:\\\/\\\/www.semen-l.org\\\/wp-content\\\/uploads\\\/2022\\\/11\\\/afficheIVjdjc1-724x1024.jpg\",\"keywords\":[\"anagramme\",\"Bembo (Pietro)\",\"Benvenuto da Imola\",\"Carmina (Commire)\",\"Commire (Jean)\",\"Dorat (Jean)\",\"\u00e9pop\u00e9e\",\"G\u00e9orgiques (Benvenuto da Imola)\",\"Gwalthers (Rudolf)\",\"j\u00e9suitisme\",\"Masen (Jacob)\",\"Morisot (Claude-Barth\u00e9l\u00e9my)\",\"Ovide\",\"Pierre Damien\",\"Poemata sacra (Rudolf Gwalthers)\",\"recollecte\",\"stylistique\",\"stylom\u00e9trie\",\"textom\u00e9trie\"],\"articleSection\":[\"Journ\u00e9es des jeunes chercheurs\"],\"inLanguage\":\"fr-FR\",\"potentialAction\":[{\"@type\":\"CommentAction\",\"name\":\"Comment\",\"target\":[\"http:\\\/\\\/www.semen-l.org\\\/?p=2751#respond\"]}]},{\"@type\":\"WebPage\",\"@id\":\"http:\\\/\\\/www.semen-l.org\\\/?p=2751\",\"url\":\"http:\\\/\\\/www.semen-l.org\\\/?p=2751\",\"name\":\"IVe journ\u00e9e des jeunes chercheurs et chercheuses de la SEMEN-L - premi\u00e8re rencontre - Soci\u00e9t\u00e9 d&#039;\u00c9tudes M\u00e9dio Et N\u00e9o-Latines\",\"isPartOf\":{\"@id\":\"http:\\\/\\\/www.semen-l.org\\\/#website\"},\"primaryImageOfPage\":{\"@id\":\"http:\\\/\\\/www.semen-l.org\\\/?p=2751#primaryimage\"},\"image\":{\"@id\":\"http:\\\/\\\/www.semen-l.org\\\/?p=2751#primaryimage\"},\"thumbnailUrl\":\"http:\\\/\\\/www.semen-l.org\\\/wp-content\\\/uploads\\\/2022\\\/11\\\/afficheIVjdjc1-724x1024.jpg\",\"datePublished\":\"2023-03-20T09:10:53+00:00\",\"dateModified\":\"2023-03-20T09:16:22+00:00\",\"breadcrumb\":{\"@id\":\"http:\\\/\\\/www.semen-l.org\\\/?p=2751#breadcrumb\"},\"inLanguage\":\"fr-FR\",\"potentialAction\":[{\"@type\":\"ReadAction\",\"target\":[\"http:\\\/\\\/www.semen-l.org\\\/?p=2751\"]}]},{\"@type\":\"ImageObject\",\"inLanguage\":\"fr-FR\",\"@id\":\"http:\\\/\\\/www.semen-l.org\\\/?p=2751#primaryimage\",\"url\":\"http:\\\/\\\/www.semen-l.org\\\/wp-content\\\/uploads\\\/2022\\\/11\\\/afficheIVjdjc1-724x1024.jpg\",\"contentUrl\":\"http:\\\/\\\/www.semen-l.org\\\/wp-content\\\/uploads\\\/2022\\\/11\\\/afficheIVjdjc1-724x1024.jpg\"},{\"@type\":\"BreadcrumbList\",\"@id\":\"http:\\\/\\\/www.semen-l.org\\\/?p=2751#breadcrumb\",\"itemListElement\":[{\"@type\":\"ListItem\",\"position\":1,\"name\":\"Accueil\",\"item\":\"http:\\\/\\\/www.semen-l.org\\\/\"},{\"@type\":\"ListItem\",\"position\":2,\"name\":\"IVe journ\u00e9e des jeunes chercheurs et chercheuses de la SEMEN-L &#8211; premi\u00e8re rencontre\"}]},{\"@type\":\"WebSite\",\"@id\":\"http:\\\/\\\/www.semen-l.org\\\/#website\",\"url\":\"http:\\\/\\\/www.semen-l.org\\\/\",\"name\":\"Soci\u00e9t\u00e9 d'\u00c9tudes M\u00e9dio Et N\u00e9o-Latines\",\"description\":\"\",\"publisher\":{\"@id\":\"http:\\\/\\\/www.semen-l.org\\\/#organization\"},\"potentialAction\":[{\"@type\":\"SearchAction\",\"target\":{\"@type\":\"EntryPoint\",\"urlTemplate\":\"http:\\\/\\\/www.semen-l.org\\\/?s={search_term_string}\"},\"query-input\":{\"@type\":\"PropertyValueSpecification\",\"valueRequired\":true,\"valueName\":\"search_term_string\"}}],\"inLanguage\":\"fr-FR\"},{\"@type\":\"Organization\",\"@id\":\"http:\\\/\\\/www.semen-l.org\\\/#organization\",\"name\":\"Soci\u00e9t\u00e9 d'\u00e9tudes m\u00e9dio et n\u00e9o-latines\",\"url\":\"http:\\\/\\\/www.semen-l.org\\\/\",\"logo\":{\"@type\":\"ImageObject\",\"inLanguage\":\"fr-FR\",\"@id\":\"http:\\\/\\\/www.semen-l.org\\\/#\\\/schema\\\/logo\\\/image\\\/\",\"url\":\"http:\\\/\\\/www.semen-l.org\\\/wp-content\\\/uploads\\\/2020\\\/11\\\/logo-semenl.jpg\",\"contentUrl\":\"http:\\\/\\\/www.semen-l.org\\\/wp-content\\\/uploads\\\/2020\\\/11\\\/logo-semenl.jpg\",\"width\":408,\"height\":403,\"caption\":\"Soci\u00e9t\u00e9 d'\u00e9tudes m\u00e9dio et n\u00e9o-latines\"},\"image\":{\"@id\":\"http:\\\/\\\/www.semen-l.org\\\/#\\\/schema\\\/logo\\\/image\\\/\"},\"sameAs\":[\"https:\\\/\\\/www.facebook.com\\\/SEMENL2018\",\"https:\\\/\\\/independent.academia.edu\\\/SocitsdtudesmdioetnolatinesSEMENL\"]},{\"@type\":\"Person\",\"@id\":\"http:\\\/\\\/www.semen-l.org\\\/#\\\/schema\\\/person\\\/ef5208815f17666727763c5363a51344\",\"name\":\"Julien Maudoux\",\"image\":{\"@type\":\"ImageObject\",\"inLanguage\":\"fr-FR\",\"@id\":\"https:\\\/\\\/secure.gravatar.com\\\/avatar\\\/caabf4fb6242e2277733cd35a5c2aa083761ea25dae1d1ff3298b54292225292?s=96&d=mm&r=g\",\"url\":\"https:\\\/\\\/secure.gravatar.com\\\/avatar\\\/caabf4fb6242e2277733cd35a5c2aa083761ea25dae1d1ff3298b54292225292?s=96&d=mm&r=g\",\"contentUrl\":\"https:\\\/\\\/secure.gravatar.com\\\/avatar\\\/caabf4fb6242e2277733cd35a5c2aa083761ea25dae1d1ff3298b54292225292?s=96&d=mm&r=g\",\"caption\":\"Julien Maudoux\"},\"description\":\"Webmestre du site de la SEMEN-L\",\"url\":\"https:\\\/\\\/www.semen-l.org\\\/?author=26\"}]}<\/script>\n<!-- \/ Yoast SEO plugin. -->","yoast_head_json":{"title":"IVe journ\u00e9e des jeunes chercheurs et chercheuses de la SEMEN-L - premi\u00e8re rencontre - Soci\u00e9t\u00e9 d&#039;\u00c9tudes M\u00e9dio Et N\u00e9o-Latines","robots":{"index":"index","follow":"follow","max-snippet":"max-snippet:-1","max-image-preview":"max-image-preview:large","max-video-preview":"max-video-preview:-1"},"canonical":"http:\/\/www.semen-l.org\/?p=2751","og_locale":"fr_FR","og_type":"article","og_title":"IVe journ\u00e9e des jeunes chercheurs et chercheuses de la SEMEN-L - premi\u00e8re rencontre - Soci\u00e9t\u00e9 d&#039;\u00c9tudes M\u00e9dio Et N\u00e9o-Latines","og_description":"Programme des IVe\u00a0journ\u00e9es doctorales des jeunes chercheuses et jeunes chercheurs de la SEMEN-L \u00a0Premi\u00e8re rencontre\u00a0: samedi 15 avril 2023 Maison de la Recherche \u2013 Sorbonne Universit\u00e9 \u2013 28, rue Serpente, 75 006 Paris Salle D323 9h-9h15\u00a0\u2013 Accueil I &#8211; Philologie &hellip; Continuer la lecture &rarr;","og_url":"http:\/\/www.semen-l.org\/?p=2751","og_site_name":"Soci\u00e9t\u00e9 d&#039;\u00c9tudes M\u00e9dio Et N\u00e9o-Latines","article_publisher":"https:\/\/www.facebook.com\/SEMENL2018","article_published_time":"2023-03-20T09:10:53+00:00","article_modified_time":"2023-03-20T09:16:22+00:00","og_image":[{"url":"http:\/\/www.semen-l.org\/wp-content\/uploads\/2022\/11\/afficheIVjdjc1-724x1024.jpg","type":"","width":"","height":""}],"author":"Julien Maudoux","twitter_card":"summary_large_image","twitter_misc":{"\u00c9crit par":"Julien Maudoux","Dur\u00e9e de lecture estim\u00e9e":"4 minutes"},"schema":{"@context":"https:\/\/schema.org","@graph":[{"@type":"Article","@id":"http:\/\/www.semen-l.org\/?p=2751#article","isPartOf":{"@id":"http:\/\/www.semen-l.org\/?p=2751"},"author":{"name":"Julien Maudoux","@id":"http:\/\/www.semen-l.org\/#\/schema\/person\/ef5208815f17666727763c5363a51344"},"headline":"IVe journ\u00e9e des jeunes chercheurs et chercheuses de la SEMEN-L &#8211; premi\u00e8re rencontre","datePublished":"2023-03-20T09:10:53+00:00","dateModified":"2023-03-20T09:16:22+00:00","mainEntityOfPage":{"@id":"http:\/\/www.semen-l.org\/?p=2751"},"wordCount":710,"commentCount":1,"publisher":{"@id":"http:\/\/www.semen-l.org\/#organization"},"image":{"@id":"http:\/\/www.semen-l.org\/?p=2751#primaryimage"},"thumbnailUrl":"http:\/\/www.semen-l.org\/wp-content\/uploads\/2022\/11\/afficheIVjdjc1-724x1024.jpg","keywords":["anagramme","Bembo (Pietro)","Benvenuto da Imola","Carmina (Commire)","Commire (Jean)","Dorat (Jean)","\u00e9pop\u00e9e","G\u00e9orgiques (Benvenuto da Imola)","Gwalthers (Rudolf)","j\u00e9suitisme","Masen (Jacob)","Morisot (Claude-Barth\u00e9l\u00e9my)","Ovide","Pierre Damien","Poemata sacra (Rudolf Gwalthers)","recollecte","stylistique","stylom\u00e9trie","textom\u00e9trie"],"articleSection":["Journ\u00e9es des jeunes chercheurs"],"inLanguage":"fr-FR","potentialAction":[{"@type":"CommentAction","name":"Comment","target":["http:\/\/www.semen-l.org\/?p=2751#respond"]}]},{"@type":"WebPage","@id":"http:\/\/www.semen-l.org\/?p=2751","url":"http:\/\/www.semen-l.org\/?p=2751","name":"IVe journ\u00e9e des jeunes chercheurs et chercheuses de la SEMEN-L - premi\u00e8re rencontre - Soci\u00e9t\u00e9 d&#039;\u00c9tudes M\u00e9dio Et N\u00e9o-Latines","isPartOf":{"@id":"http:\/\/www.semen-l.org\/#website"},"primaryImageOfPage":{"@id":"http:\/\/www.semen-l.org\/?p=2751#primaryimage"},"image":{"@id":"http:\/\/www.semen-l.org\/?p=2751#primaryimage"},"thumbnailUrl":"http:\/\/www.semen-l.org\/wp-content\/uploads\/2022\/11\/afficheIVjdjc1-724x1024.jpg","datePublished":"2023-03-20T09:10:53+00:00","dateModified":"2023-03-20T09:16:22+00:00","breadcrumb":{"@id":"http:\/\/www.semen-l.org\/?p=2751#breadcrumb"},"inLanguage":"fr-FR","potentialAction":[{"@type":"ReadAction","target":["http:\/\/www.semen-l.org\/?p=2751"]}]},{"@type":"ImageObject","inLanguage":"fr-FR","@id":"http:\/\/www.semen-l.org\/?p=2751#primaryimage","url":"http:\/\/www.semen-l.org\/wp-content\/uploads\/2022\/11\/afficheIVjdjc1-724x1024.jpg","contentUrl":"http:\/\/www.semen-l.org\/wp-content\/uploads\/2022\/11\/afficheIVjdjc1-724x1024.jpg"},{"@type":"BreadcrumbList","@id":"http:\/\/www.semen-l.org\/?p=2751#breadcrumb","itemListElement":[{"@type":"ListItem","position":1,"name":"Accueil","item":"http:\/\/www.semen-l.org\/"},{"@type":"ListItem","position":2,"name":"IVe journ\u00e9e des jeunes chercheurs et chercheuses de la SEMEN-L &#8211; premi\u00e8re rencontre"}]},{"@type":"WebSite","@id":"http:\/\/www.semen-l.org\/#website","url":"http:\/\/www.semen-l.org\/","name":"Soci\u00e9t\u00e9 d'\u00c9tudes M\u00e9dio Et N\u00e9o-Latines","description":"","publisher":{"@id":"http:\/\/www.semen-l.org\/#organization"},"potentialAction":[{"@type":"SearchAction","target":{"@type":"EntryPoint","urlTemplate":"http:\/\/www.semen-l.org\/?s={search_term_string}"},"query-input":{"@type":"PropertyValueSpecification","valueRequired":true,"valueName":"search_term_string"}}],"inLanguage":"fr-FR"},{"@type":"Organization","@id":"http:\/\/www.semen-l.org\/#organization","name":"Soci\u00e9t\u00e9 d'\u00e9tudes m\u00e9dio et n\u00e9o-latines","url":"http:\/\/www.semen-l.org\/","logo":{"@type":"ImageObject","inLanguage":"fr-FR","@id":"http:\/\/www.semen-l.org\/#\/schema\/logo\/image\/","url":"http:\/\/www.semen-l.org\/wp-content\/uploads\/2020\/11\/logo-semenl.jpg","contentUrl":"http:\/\/www.semen-l.org\/wp-content\/uploads\/2020\/11\/logo-semenl.jpg","width":408,"height":403,"caption":"Soci\u00e9t\u00e9 d'\u00e9tudes m\u00e9dio et n\u00e9o-latines"},"image":{"@id":"http:\/\/www.semen-l.org\/#\/schema\/logo\/image\/"},"sameAs":["https:\/\/www.facebook.com\/SEMENL2018","https:\/\/independent.academia.edu\/SocitsdtudesmdioetnolatinesSEMENL"]},{"@type":"Person","@id":"http:\/\/www.semen-l.org\/#\/schema\/person\/ef5208815f17666727763c5363a51344","name":"Julien Maudoux","image":{"@type":"ImageObject","inLanguage":"fr-FR","@id":"https:\/\/secure.gravatar.com\/avatar\/caabf4fb6242e2277733cd35a5c2aa083761ea25dae1d1ff3298b54292225292?s=96&d=mm&r=g","url":"https:\/\/secure.gravatar.com\/avatar\/caabf4fb6242e2277733cd35a5c2aa083761ea25dae1d1ff3298b54292225292?s=96&d=mm&r=g","contentUrl":"https:\/\/secure.gravatar.com\/avatar\/caabf4fb6242e2277733cd35a5c2aa083761ea25dae1d1ff3298b54292225292?s=96&d=mm&r=g","caption":"Julien Maudoux"},"description":"Webmestre du site de la SEMEN-L","url":"https:\/\/www.semen-l.org\/?author=26"}]}},"jetpack_featured_media_url":"","_links":{"self":[{"href":"https:\/\/www.semen-l.org\/index.php?rest_route=\/wp\/v2\/posts\/2751","targetHints":{"allow":["GET"]}}],"collection":[{"href":"https:\/\/www.semen-l.org\/index.php?rest_route=\/wp\/v2\/posts"}],"about":[{"href":"https:\/\/www.semen-l.org\/index.php?rest_route=\/wp\/v2\/types\/post"}],"author":[{"embeddable":true,"href":"https:\/\/www.semen-l.org\/index.php?rest_route=\/wp\/v2\/users\/26"}],"replies":[{"embeddable":true,"href":"https:\/\/www.semen-l.org\/index.php?rest_route=%2Fwp%2Fv2%2Fcomments&post=2751"}],"version-history":[{"count":0,"href":"https:\/\/www.semen-l.org\/index.php?rest_route=\/wp\/v2\/posts\/2751\/revisions"}],"wp:attachment":[{"href":"https:\/\/www.semen-l.org\/index.php?rest_route=%2Fwp%2Fv2%2Fmedia&parent=2751"}],"wp:term":[{"taxonomy":"category","embeddable":true,"href":"https:\/\/www.semen-l.org\/index.php?rest_route=%2Fwp%2Fv2%2Fcategories&post=2751"},{"taxonomy":"post_tag","embeddable":true,"href":"https:\/\/www.semen-l.org\/index.php?rest_route=%2Fwp%2Fv2%2Ftags&post=2751"}],"curies":[{"name":"wp","href":"https:\/\/api.w.org\/{rel}","templated":true}]}}