{"id":2676,"date":"2023-02-24T13:52:05","date_gmt":"2023-02-24T13:52:05","guid":{"rendered":"https:\/\/www.semen-l.org\/?p=2676"},"modified":"2023-03-01T13:21:50","modified_gmt":"2023-03-01T13:21:50","slug":"aquitaniae-latinae-la-renaissance-latine-en-aquitaine-2-3-mars-2023-bordeaux","status":"publish","type":"post","link":"https:\/\/www.semen-l.org\/?p=2676","title":{"rendered":"Aquitaniae Latinae &#8211; La Renaissance latine en Aquitaine &#8211; 2-3 mars 2023, Bordeaux"},"content":{"rendered":"<p>Nous avons le plaisir de vous annoncer la tenue du colloque <em>Aquitaniae Latinae &#8211; La Renaissance latine en Aquitaine<\/em> le 2-3 mars 2023, \u00e0 Bordeaux, au Mus\u00e9e d\u2019Aquitaine. Il est organis\u00e9 par A. Bouscharain et V. Giacomotto, Centre Montaigne \/ Projet HumanA.<\/p>\n<p><strong>Affiche<\/strong><\/p>\n<a href=\"https:\/\/www.semen-l.org\/wp-content\/uploads\/2023\/02\/Affiche-Aquitaniae-latinae.pdf\" class=\"pdfemb-viewer\" style=\"\" data-width=\"max\" data-height=\"max\" data-toolbar=\"both\" data-toolbar-fixed=\"off\">Affiche Aquitaniae latinae<\/a>\n<p><strong><a href=\"http:\/\/www.semen-l.org\/wp-content\/uploads\/2023\/02\/Programme-Aquitaniae-latinae.pdf\">Programme (cliquez ici pour le t\u00e9l\u00e9charger)<\/a><\/strong><\/p>\n<a href=\"https:\/\/www.semen-l.org\/wp-content\/uploads\/2023\/02\/Programme-Aquitaniae-latinae.pdf\" class=\"pdfemb-viewer\" style=\"\" data-width=\"max\" data-height=\"max\" data-toolbar=\"both\" data-toolbar-fixed=\"off\">Programme Aquitaniae latinae<\/a>\n<p><strong>JEUDI 2 MARS<\/strong><br \/>\n8h45 &#8211; Accueil<br \/>\n9h &#8211; Introduction<\/p>\n<p><em>Pr\u00e9sidence: Sylvie Laigneau<\/em><\/p>\n<p>9h15 &#8211; Nathalie Dauvois et B\u00e9atrice Hautefeuille (Universit\u00e9 Sorbonne Nouvelle) \u00ab Robert Breton et le coll\u00e8ge de Guyenne d\u2019apr\u00e8s sa correspondance \u00bb<\/p>\n<p>9h45 &#8211; Mathieu Ferrand (Universit\u00e9 Grenoble Alpes) \u00ab \u2018<em>Burdegalenses uisamus<\/em> !\u2019 Le coll\u00e8ge de Guyenne et le th\u00e9\u00e2tre comique dans les ann\u00e9es 1530 \u00bb<\/p>\n<p>10h15 &#8211; Discussion et pause<\/p>\n<p><em>Pr\u00e9sidence : G\u00e9raldine Cazals<\/em><\/p>\n<p>11h &#8211; Nicolas Souhait (Sorbonne Universit\u00e9) \u00ab Jean Dorat et les Aquitains : une fen\u00eatre parisienne sur un humanisme r\u00e9gional ? \u00bb<\/p>\n<p>11h30 &#8211; Carine Ferradou, (Aix-Marseille Universit\u00e9) \u00ab Garonne, Aquitaine et Cam\u00e8nes dans le recueil de po\u00e8mes latins de George Buchanan publi\u00e9 par Mamert Patisson \u00e0 Paris en 1579 \u00bb<\/p>\n<p>12h &#8211; Discussion<\/p>\n<p><em>Pr\u00e9sidence : John Nassichuk<\/em><\/p>\n<p>14h30 &#8211; Sophie Conte (Univ. de Reims Champagne-Ardenne) \u00ab Pr\u00e9sence du contemporain dans la <em>Rhetorice<\/em> de Pierre Josset \u00bb<\/p>\n<p>15h &#8211; Haude Morvan (Universit\u00e9 Bordeaux Montaigne) \u00ab Un t\u00e9moignage sur l\u2019\u00e9glise dominicaine de Bordeaux : le <em>Memoriale burdegalense ad annales fratrum praedicatorum<\/em> (vers 1690, Archives<br \/>\ng\u00e9n\u00e9rales de l\u2019Ordre des Pr\u00eacheurs, Rome) \u00bb<\/p>\n<p>15h30 &#8211; Discussion et pause<\/p>\n<p><em>Pr\u00e9sidence : Virginie Leroux<\/em><\/p>\n<p>16h15 &#8211; Brigitte Gauvin (Universit\u00e9 de Caen Normandie)<br \/>\n\u00ab Mers, fleuves et poissons aux pieds de Charles IX : L\u2019<em>Aquitania<\/em> d\u2019\u00c9tienne de Cruseau \u00bb<\/p>\n<p>16h45 &#8211; Denis Bja\u00ef (Universit\u00e9 d\u2019Orl\u00e9ans)<br \/>\n\u00ab La <em>Gallia gemens<\/em> de Geoffroy de Malvyn : une <em>Franciade<\/em> n\u00e9olatine bordelaise ? \u00bb<\/p>\n<p>17h15 &#8211; Hannelore Pierre (Universit\u00e9 Bordeaux Montaigne)<br \/>\n\u00ab Bordeaux dans l\u2019\u0153uvre de Maurice de Marcis, avocat, po\u00e8te et<br \/>\nantiquaire \u00bb<\/p>\n<p>17h45 &#8211; Discussion et fin de la premi\u00e8re journ\u00e9e<\/p>\n<p><strong>VENDREDI 3 MARS<\/strong><\/p>\n<p><em>Pr\u00e9sidence : Brigitte Gauvin<\/em><\/p>\n<p>9h &#8211; Thomas Penguilly (Acad\u00e9mie de Normandie)<br \/>\n\u00ab L\u2019inspiration grecque dans les <em>Epigrammata<\/em> de Martial Monier (1573) \u00bb<\/p>\n<p>9h30 &#8211; John Nassichuk (University of Western Ontario)<br \/>\n\u00ab Martial Monier et l\u2019\u00e9l\u00e9gie \u00e9rotique latine : les po\u00e8mes \u00e0 Corinne et \u00e0 soi-m\u00eame \u00bb<\/p>\n<p>10h &#8211; Discussion et pause<\/p>\n<p><em>Pr\u00e9sidence : Nathalie Dauvois<\/em><\/p>\n<p>10h45 &#8211; Sylvie Laigneau-Fontaine (Universit\u00e9 de Dijon) \u00ab Un Ovide \u00e9cossais en Aquitaine : Mark Alexander Boyd \u00bb<\/p>\n<p>11h15 &#8211; Virginie Leroux (\u00c9cole Pratique des Hautes \u00c9tudes<br \/>\n\u2013 PSL) \u00ab Jules-C\u00e9sar Scaliger et les r\u00eaves : th\u00e9orie et po\u00e9tique oniriques \u00bb<\/p>\n<p>11h45 Discussion<\/p>\n","protected":false},"excerpt":{"rendered":"<p>Nous avons le plaisir de vous annoncer la tenue du colloque Aquitaniae Latinae &#8211; La Renaissance latine en Aquitaine le 2-3 mars 2023, \u00e0 Bordeaux, au Mus\u00e9e d\u2019Aquitaine. Il est organis\u00e9 par A. Bouscharain et V. Giacomotto, Centre Montaigne \/ &hellip; <a href=\"https:\/\/www.semen-l.org\/?p=2676\">Continuer la lecture <span class=\"meta-nav\">&rarr;<\/span><\/a><\/p>\n","protected":false},"author":26,"featured_media":2679,"comment_status":"open","ping_status":"open","sticky":false,"template":"","format":"standard","meta":{"footnotes":""},"categories":[4],"tags":[1513,1721,1729,1733,1713,133,1717,1722,1714,72,1723,1715,284,1726,827,1724,1730,144,1718,1727,1728,1720,1725,1716,82,249,1719,53,1296],"class_list":["post-2676","post","type-post","status-publish","format-standard","has-post-thumbnail","hentry","category-colloques","tag-aquitaine","tag-aquitania-de-cruseau","tag-bordeaux","tag-boyd-mark-alexander","tag-breton-robert","tag-george-buchanan","tag-camenes","tag-charles-ix","tag-college-de-guyenne","tag-comedie","tag-cruseau-etienne-de","tag-dorat-jean","tag-elegie","tag-epigrammata-monier","tag-erotique","tag-gallia-gemens","tag-garonne","tag-humanisme","tag-josset-pierre","tag-malvyn-geoffroy-de","tag-marcis-maurice-de","tag-memoriale-burdegalense-ad-annales-fratrum-praedicatorum","tag-monier-martial","tag-patisson-mamert","tag-poetique","tag-reve","tag-rhetorice-josset","tag-jules-cesar-scaliger","tag-theatre"],"yoast_head":"<!-- This site is optimized with the Yoast SEO plugin v27.5 - https:\/\/yoast.com\/product\/yoast-seo-wordpress\/ -->\n<title>Aquitaniae Latinae - La Renaissance latine en Aquitaine - 2-3 mars 2023, Bordeaux - Soci\u00e9t\u00e9 d&#039;\u00c9tudes M\u00e9dio Et N\u00e9o-Latines<\/title>\n<meta name=\"robots\" content=\"index, follow, max-snippet:-1, max-image-preview:large, max-video-preview:-1\" \/>\n<link rel=\"canonical\" href=\"http:\/\/www.semen-l.org\/?p=2676\" \/>\n<meta property=\"og:locale\" content=\"fr_FR\" \/>\n<meta property=\"og:type\" content=\"article\" \/>\n<meta property=\"og:title\" content=\"Aquitaniae Latinae - La Renaissance latine en Aquitaine - 2-3 mars 2023, Bordeaux - Soci\u00e9t\u00e9 d&#039;\u00c9tudes M\u00e9dio Et N\u00e9o-Latines\" \/>\n<meta property=\"og:description\" content=\"Nous avons le plaisir de vous annoncer la tenue du colloque Aquitaniae Latinae &#8211; La Renaissance latine en Aquitaine le 2-3 mars 2023, \u00e0 Bordeaux, au Mus\u00e9e d\u2019Aquitaine. Il est organis\u00e9 par A. Bouscharain et V. Giacomotto, Centre Montaigne \/ &hellip; Continuer la lecture &rarr;\" \/>\n<meta property=\"og:url\" content=\"http:\/\/www.semen-l.org\/?p=2676\" \/>\n<meta property=\"og:site_name\" content=\"Soci\u00e9t\u00e9 d&#039;\u00c9tudes M\u00e9dio Et N\u00e9o-Latines\" \/>\n<meta property=\"article:publisher\" content=\"https:\/\/www.facebook.com\/SEMENL2018\" \/>\n<meta property=\"article:published_time\" content=\"2023-02-24T13:52:05+00:00\" \/>\n<meta property=\"article:modified_time\" content=\"2023-03-01T13:21:50+00:00\" \/>\n<meta property=\"og:image\" content=\"http:\/\/www.semen-l.org\/wp-content\/uploads\/2023\/02\/Affiche-Aquitaniae-latinaej.jpg\" \/>\n\t<meta property=\"og:image:width\" content=\"621\" \/>\n\t<meta property=\"og:image:height\" content=\"878\" \/>\n\t<meta property=\"og:image:type\" content=\"image\/jpeg\" \/>\n<meta name=\"author\" content=\"Julien Maudoux\" \/>\n<meta name=\"twitter:card\" content=\"summary_large_image\" \/>\n<meta name=\"twitter:label1\" content=\"\u00c9crit par\" \/>\n\t<meta name=\"twitter:data1\" content=\"Julien Maudoux\" \/>\n\t<meta name=\"twitter:label2\" content=\"Dur\u00e9e de lecture estim\u00e9e\" \/>\n\t<meta name=\"twitter:data2\" content=\"2 minutes\" \/>\n<script type=\"application\/ld+json\" class=\"yoast-schema-graph\">{\"@context\":\"https:\\\/\\\/schema.org\",\"@graph\":[{\"@type\":\"Article\",\"@id\":\"http:\\\/\\\/www.semen-l.org\\\/?p=2676#article\",\"isPartOf\":{\"@id\":\"http:\\\/\\\/www.semen-l.org\\\/?p=2676\"},\"author\":{\"name\":\"Julien Maudoux\",\"@id\":\"http:\\\/\\\/www.semen-l.org\\\/#\\\/schema\\\/person\\\/ef5208815f17666727763c5363a51344\"},\"headline\":\"Aquitaniae Latinae &#8211; La Renaissance latine en Aquitaine &#8211; 2-3 mars 2023, Bordeaux\",\"datePublished\":\"2023-02-24T13:52:05+00:00\",\"dateModified\":\"2023-03-01T13:21:50+00:00\",\"mainEntityOfPage\":{\"@id\":\"http:\\\/\\\/www.semen-l.org\\\/?p=2676\"},\"wordCount\":444,\"commentCount\":0,\"publisher\":{\"@id\":\"http:\\\/\\\/www.semen-l.org\\\/#organization\"},\"image\":{\"@id\":\"http:\\\/\\\/www.semen-l.org\\\/?p=2676#primaryimage\"},\"thumbnailUrl\":\"https:\\\/\\\/www.semen-l.org\\\/wp-content\\\/uploads\\\/2023\\\/02\\\/Affiche-Aquitaniae-latinaej.jpg\",\"keywords\":[\"Aquitaine\",\"Aquitania (de Cruseau)\",\"Bordeaux\",\"Boyd (Mark Alexander)\",\"Breton (Robert)\",\"Buchanan (George)\",\"Cam\u00e8nes\",\"Charles IX\",\"Coll\u00e8ge de Guyenne\",\"com\u00e9die\",\"Cruseau (\u00c9tienne de)\",\"Dorat (Jean)\",\"\u00e9l\u00e9gie\",\"Epigrammata (Monier)\",\"\u00e9rotique\",\"Gallia gemens\",\"Garonne\",\"humanisme\",\"Josset (Pierre)\",\"Malvyn (Geoffroy de)\",\"Marcis (Maurice de)\",\"Memoriale burdegalense ad annales fratrum praedicatorum\",\"Monier (Martial)\",\"Patisson (Mamert)\",\"po\u00e9tique\",\"r\u00eave\",\"Rhetorice (Josset)\",\"Scaliger (Jules-C\u00e9sar)\",\"th\u00e9\u00e2tre\"],\"articleSection\":[\"Colloques\"],\"inLanguage\":\"fr-FR\",\"potentialAction\":[{\"@type\":\"CommentAction\",\"name\":\"Comment\",\"target\":[\"http:\\\/\\\/www.semen-l.org\\\/?p=2676#respond\"]}]},{\"@type\":\"WebPage\",\"@id\":\"http:\\\/\\\/www.semen-l.org\\\/?p=2676\",\"url\":\"http:\\\/\\\/www.semen-l.org\\\/?p=2676\",\"name\":\"Aquitaniae Latinae - La Renaissance latine en Aquitaine - 2-3 mars 2023, Bordeaux - Soci\u00e9t\u00e9 d&#039;\u00c9tudes M\u00e9dio Et N\u00e9o-Latines\",\"isPartOf\":{\"@id\":\"http:\\\/\\\/www.semen-l.org\\\/#website\"},\"primaryImageOfPage\":{\"@id\":\"http:\\\/\\\/www.semen-l.org\\\/?p=2676#primaryimage\"},\"image\":{\"@id\":\"http:\\\/\\\/www.semen-l.org\\\/?p=2676#primaryimage\"},\"thumbnailUrl\":\"https:\\\/\\\/www.semen-l.org\\\/wp-content\\\/uploads\\\/2023\\\/02\\\/Affiche-Aquitaniae-latinaej.jpg\",\"datePublished\":\"2023-02-24T13:52:05+00:00\",\"dateModified\":\"2023-03-01T13:21:50+00:00\",\"breadcrumb\":{\"@id\":\"http:\\\/\\\/www.semen-l.org\\\/?p=2676#breadcrumb\"},\"inLanguage\":\"fr-FR\",\"potentialAction\":[{\"@type\":\"ReadAction\",\"target\":[\"http:\\\/\\\/www.semen-l.org\\\/?p=2676\"]}]},{\"@type\":\"ImageObject\",\"inLanguage\":\"fr-FR\",\"@id\":\"http:\\\/\\\/www.semen-l.org\\\/?p=2676#primaryimage\",\"url\":\"https:\\\/\\\/www.semen-l.org\\\/wp-content\\\/uploads\\\/2023\\\/02\\\/Affiche-Aquitaniae-latinaej.jpg\",\"contentUrl\":\"https:\\\/\\\/www.semen-l.org\\\/wp-content\\\/uploads\\\/2023\\\/02\\\/Affiche-Aquitaniae-latinaej.jpg\",\"width\":621,\"height\":878},{\"@type\":\"BreadcrumbList\",\"@id\":\"http:\\\/\\\/www.semen-l.org\\\/?p=2676#breadcrumb\",\"itemListElement\":[{\"@type\":\"ListItem\",\"position\":1,\"name\":\"Accueil\",\"item\":\"http:\\\/\\\/www.semen-l.org\\\/\"},{\"@type\":\"ListItem\",\"position\":2,\"name\":\"Aquitaniae Latinae &#8211; La Renaissance latine en Aquitaine &#8211; 2-3 mars 2023, Bordeaux\"}]},{\"@type\":\"WebSite\",\"@id\":\"http:\\\/\\\/www.semen-l.org\\\/#website\",\"url\":\"http:\\\/\\\/www.semen-l.org\\\/\",\"name\":\"Soci\u00e9t\u00e9 d'\u00c9tudes M\u00e9dio Et N\u00e9o-Latines\",\"description\":\"\",\"publisher\":{\"@id\":\"http:\\\/\\\/www.semen-l.org\\\/#organization\"},\"potentialAction\":[{\"@type\":\"SearchAction\",\"target\":{\"@type\":\"EntryPoint\",\"urlTemplate\":\"http:\\\/\\\/www.semen-l.org\\\/?s={search_term_string}\"},\"query-input\":{\"@type\":\"PropertyValueSpecification\",\"valueRequired\":true,\"valueName\":\"search_term_string\"}}],\"inLanguage\":\"fr-FR\"},{\"@type\":\"Organization\",\"@id\":\"http:\\\/\\\/www.semen-l.org\\\/#organization\",\"name\":\"Soci\u00e9t\u00e9 d'\u00e9tudes m\u00e9dio et n\u00e9o-latines\",\"url\":\"http:\\\/\\\/www.semen-l.org\\\/\",\"logo\":{\"@type\":\"ImageObject\",\"inLanguage\":\"fr-FR\",\"@id\":\"http:\\\/\\\/www.semen-l.org\\\/#\\\/schema\\\/logo\\\/image\\\/\",\"url\":\"http:\\\/\\\/www.semen-l.org\\\/wp-content\\\/uploads\\\/2020\\\/11\\\/logo-semenl.jpg\",\"contentUrl\":\"http:\\\/\\\/www.semen-l.org\\\/wp-content\\\/uploads\\\/2020\\\/11\\\/logo-semenl.jpg\",\"width\":408,\"height\":403,\"caption\":\"Soci\u00e9t\u00e9 d'\u00e9tudes m\u00e9dio et n\u00e9o-latines\"},\"image\":{\"@id\":\"http:\\\/\\\/www.semen-l.org\\\/#\\\/schema\\\/logo\\\/image\\\/\"},\"sameAs\":[\"https:\\\/\\\/www.facebook.com\\\/SEMENL2018\",\"https:\\\/\\\/independent.academia.edu\\\/SocitsdtudesmdioetnolatinesSEMENL\"]},{\"@type\":\"Person\",\"@id\":\"http:\\\/\\\/www.semen-l.org\\\/#\\\/schema\\\/person\\\/ef5208815f17666727763c5363a51344\",\"name\":\"Julien Maudoux\",\"image\":{\"@type\":\"ImageObject\",\"inLanguage\":\"fr-FR\",\"@id\":\"https:\\\/\\\/secure.gravatar.com\\\/avatar\\\/caabf4fb6242e2277733cd35a5c2aa083761ea25dae1d1ff3298b54292225292?s=96&d=mm&r=g\",\"url\":\"https:\\\/\\\/secure.gravatar.com\\\/avatar\\\/caabf4fb6242e2277733cd35a5c2aa083761ea25dae1d1ff3298b54292225292?s=96&d=mm&r=g\",\"contentUrl\":\"https:\\\/\\\/secure.gravatar.com\\\/avatar\\\/caabf4fb6242e2277733cd35a5c2aa083761ea25dae1d1ff3298b54292225292?s=96&d=mm&r=g\",\"caption\":\"Julien Maudoux\"},\"description\":\"Webmestre du site de la SEMEN-L\",\"url\":\"https:\\\/\\\/www.semen-l.org\\\/?author=26\"}]}<\/script>\n<!-- \/ Yoast SEO plugin. -->","yoast_head_json":{"title":"Aquitaniae Latinae - La Renaissance latine en Aquitaine - 2-3 mars 2023, Bordeaux - Soci\u00e9t\u00e9 d&#039;\u00c9tudes M\u00e9dio Et N\u00e9o-Latines","robots":{"index":"index","follow":"follow","max-snippet":"max-snippet:-1","max-image-preview":"max-image-preview:large","max-video-preview":"max-video-preview:-1"},"canonical":"http:\/\/www.semen-l.org\/?p=2676","og_locale":"fr_FR","og_type":"article","og_title":"Aquitaniae Latinae - La Renaissance latine en Aquitaine - 2-3 mars 2023, Bordeaux - Soci\u00e9t\u00e9 d&#039;\u00c9tudes M\u00e9dio Et N\u00e9o-Latines","og_description":"Nous avons le plaisir de vous annoncer la tenue du colloque Aquitaniae Latinae &#8211; La Renaissance latine en Aquitaine le 2-3 mars 2023, \u00e0 Bordeaux, au Mus\u00e9e d\u2019Aquitaine. Il est organis\u00e9 par A. Bouscharain et V. Giacomotto, Centre Montaigne \/ &hellip; Continuer la lecture &rarr;","og_url":"http:\/\/www.semen-l.org\/?p=2676","og_site_name":"Soci\u00e9t\u00e9 d&#039;\u00c9tudes M\u00e9dio Et N\u00e9o-Latines","article_publisher":"https:\/\/www.facebook.com\/SEMENL2018","article_published_time":"2023-02-24T13:52:05+00:00","article_modified_time":"2023-03-01T13:21:50+00:00","og_image":[{"width":621,"height":878,"url":"http:\/\/www.semen-l.org\/wp-content\/uploads\/2023\/02\/Affiche-Aquitaniae-latinaej.jpg","type":"image\/jpeg"}],"author":"Julien Maudoux","twitter_card":"summary_large_image","twitter_misc":{"\u00c9crit par":"Julien Maudoux","Dur\u00e9e de lecture estim\u00e9e":"2 minutes"},"schema":{"@context":"https:\/\/schema.org","@graph":[{"@type":"Article","@id":"http:\/\/www.semen-l.org\/?p=2676#article","isPartOf":{"@id":"http:\/\/www.semen-l.org\/?p=2676"},"author":{"name":"Julien Maudoux","@id":"http:\/\/www.semen-l.org\/#\/schema\/person\/ef5208815f17666727763c5363a51344"},"headline":"Aquitaniae Latinae &#8211; La Renaissance latine en Aquitaine &#8211; 2-3 mars 2023, Bordeaux","datePublished":"2023-02-24T13:52:05+00:00","dateModified":"2023-03-01T13:21:50+00:00","mainEntityOfPage":{"@id":"http:\/\/www.semen-l.org\/?p=2676"},"wordCount":444,"commentCount":0,"publisher":{"@id":"http:\/\/www.semen-l.org\/#organization"},"image":{"@id":"http:\/\/www.semen-l.org\/?p=2676#primaryimage"},"thumbnailUrl":"https:\/\/www.semen-l.org\/wp-content\/uploads\/2023\/02\/Affiche-Aquitaniae-latinaej.jpg","keywords":["Aquitaine","Aquitania (de Cruseau)","Bordeaux","Boyd (Mark Alexander)","Breton (Robert)","Buchanan (George)","Cam\u00e8nes","Charles IX","Coll\u00e8ge de Guyenne","com\u00e9die","Cruseau (\u00c9tienne de)","Dorat (Jean)","\u00e9l\u00e9gie","Epigrammata (Monier)","\u00e9rotique","Gallia gemens","Garonne","humanisme","Josset (Pierre)","Malvyn (Geoffroy de)","Marcis (Maurice de)","Memoriale burdegalense ad annales fratrum praedicatorum","Monier (Martial)","Patisson (Mamert)","po\u00e9tique","r\u00eave","Rhetorice (Josset)","Scaliger (Jules-C\u00e9sar)","th\u00e9\u00e2tre"],"articleSection":["Colloques"],"inLanguage":"fr-FR","potentialAction":[{"@type":"CommentAction","name":"Comment","target":["http:\/\/www.semen-l.org\/?p=2676#respond"]}]},{"@type":"WebPage","@id":"http:\/\/www.semen-l.org\/?p=2676","url":"http:\/\/www.semen-l.org\/?p=2676","name":"Aquitaniae Latinae - La Renaissance latine en Aquitaine - 2-3 mars 2023, Bordeaux - Soci\u00e9t\u00e9 d&#039;\u00c9tudes M\u00e9dio Et N\u00e9o-Latines","isPartOf":{"@id":"http:\/\/www.semen-l.org\/#website"},"primaryImageOfPage":{"@id":"http:\/\/www.semen-l.org\/?p=2676#primaryimage"},"image":{"@id":"http:\/\/www.semen-l.org\/?p=2676#primaryimage"},"thumbnailUrl":"https:\/\/www.semen-l.org\/wp-content\/uploads\/2023\/02\/Affiche-Aquitaniae-latinaej.jpg","datePublished":"2023-02-24T13:52:05+00:00","dateModified":"2023-03-01T13:21:50+00:00","breadcrumb":{"@id":"http:\/\/www.semen-l.org\/?p=2676#breadcrumb"},"inLanguage":"fr-FR","potentialAction":[{"@type":"ReadAction","target":["http:\/\/www.semen-l.org\/?p=2676"]}]},{"@type":"ImageObject","inLanguage":"fr-FR","@id":"http:\/\/www.semen-l.org\/?p=2676#primaryimage","url":"https:\/\/www.semen-l.org\/wp-content\/uploads\/2023\/02\/Affiche-Aquitaniae-latinaej.jpg","contentUrl":"https:\/\/www.semen-l.org\/wp-content\/uploads\/2023\/02\/Affiche-Aquitaniae-latinaej.jpg","width":621,"height":878},{"@type":"BreadcrumbList","@id":"http:\/\/www.semen-l.org\/?p=2676#breadcrumb","itemListElement":[{"@type":"ListItem","position":1,"name":"Accueil","item":"http:\/\/www.semen-l.org\/"},{"@type":"ListItem","position":2,"name":"Aquitaniae Latinae &#8211; La Renaissance latine en Aquitaine &#8211; 2-3 mars 2023, Bordeaux"}]},{"@type":"WebSite","@id":"http:\/\/www.semen-l.org\/#website","url":"http:\/\/www.semen-l.org\/","name":"Soci\u00e9t\u00e9 d'\u00c9tudes M\u00e9dio Et N\u00e9o-Latines","description":"","publisher":{"@id":"http:\/\/www.semen-l.org\/#organization"},"potentialAction":[{"@type":"SearchAction","target":{"@type":"EntryPoint","urlTemplate":"http:\/\/www.semen-l.org\/?s={search_term_string}"},"query-input":{"@type":"PropertyValueSpecification","valueRequired":true,"valueName":"search_term_string"}}],"inLanguage":"fr-FR"},{"@type":"Organization","@id":"http:\/\/www.semen-l.org\/#organization","name":"Soci\u00e9t\u00e9 d'\u00e9tudes m\u00e9dio et n\u00e9o-latines","url":"http:\/\/www.semen-l.org\/","logo":{"@type":"ImageObject","inLanguage":"fr-FR","@id":"http:\/\/www.semen-l.org\/#\/schema\/logo\/image\/","url":"http:\/\/www.semen-l.org\/wp-content\/uploads\/2020\/11\/logo-semenl.jpg","contentUrl":"http:\/\/www.semen-l.org\/wp-content\/uploads\/2020\/11\/logo-semenl.jpg","width":408,"height":403,"caption":"Soci\u00e9t\u00e9 d'\u00e9tudes m\u00e9dio et n\u00e9o-latines"},"image":{"@id":"http:\/\/www.semen-l.org\/#\/schema\/logo\/image\/"},"sameAs":["https:\/\/www.facebook.com\/SEMENL2018","https:\/\/independent.academia.edu\/SocitsdtudesmdioetnolatinesSEMENL"]},{"@type":"Person","@id":"http:\/\/www.semen-l.org\/#\/schema\/person\/ef5208815f17666727763c5363a51344","name":"Julien Maudoux","image":{"@type":"ImageObject","inLanguage":"fr-FR","@id":"https:\/\/secure.gravatar.com\/avatar\/caabf4fb6242e2277733cd35a5c2aa083761ea25dae1d1ff3298b54292225292?s=96&d=mm&r=g","url":"https:\/\/secure.gravatar.com\/avatar\/caabf4fb6242e2277733cd35a5c2aa083761ea25dae1d1ff3298b54292225292?s=96&d=mm&r=g","contentUrl":"https:\/\/secure.gravatar.com\/avatar\/caabf4fb6242e2277733cd35a5c2aa083761ea25dae1d1ff3298b54292225292?s=96&d=mm&r=g","caption":"Julien Maudoux"},"description":"Webmestre du site de la SEMEN-L","url":"https:\/\/www.semen-l.org\/?author=26"}]}},"jetpack_featured_media_url":"https:\/\/www.semen-l.org\/wp-content\/uploads\/2023\/02\/Affiche-Aquitaniae-latinaej.jpg","_links":{"self":[{"href":"https:\/\/www.semen-l.org\/index.php?rest_route=\/wp\/v2\/posts\/2676","targetHints":{"allow":["GET"]}}],"collection":[{"href":"https:\/\/www.semen-l.org\/index.php?rest_route=\/wp\/v2\/posts"}],"about":[{"href":"https:\/\/www.semen-l.org\/index.php?rest_route=\/wp\/v2\/types\/post"}],"author":[{"embeddable":true,"href":"https:\/\/www.semen-l.org\/index.php?rest_route=\/wp\/v2\/users\/26"}],"replies":[{"embeddable":true,"href":"https:\/\/www.semen-l.org\/index.php?rest_route=%2Fwp%2Fv2%2Fcomments&post=2676"}],"version-history":[{"count":0,"href":"https:\/\/www.semen-l.org\/index.php?rest_route=\/wp\/v2\/posts\/2676\/revisions"}],"wp:featuredmedia":[{"embeddable":true,"href":"https:\/\/www.semen-l.org\/index.php?rest_route=\/wp\/v2\/media\/2679"}],"wp:attachment":[{"href":"https:\/\/www.semen-l.org\/index.php?rest_route=%2Fwp%2Fv2%2Fmedia&parent=2676"}],"wp:term":[{"taxonomy":"category","embeddable":true,"href":"https:\/\/www.semen-l.org\/index.php?rest_route=%2Fwp%2Fv2%2Fcategories&post=2676"},{"taxonomy":"post_tag","embeddable":true,"href":"https:\/\/www.semen-l.org\/index.php?rest_route=%2Fwp%2Fv2%2Ftags&post=2676"}],"curies":[{"name":"wp","href":"https:\/\/api.w.org\/{rel}","templated":true}]}}