{"id":266,"date":"2014-11-08T14:14:30","date_gmt":"2014-11-08T14:14:30","guid":{"rendered":"http:\/\/www.semen-l.org\/?p=266"},"modified":"2020-11-22T18:22:20","modified_gmt":"2020-11-22T18:22:20","slug":"colloques-2014-2015","status":"publish","type":"post","link":"https:\/\/www.semen-l.org\/?p=266","title":{"rendered":"Colloques 2014-2015"},"content":{"rendered":"<p>Retrouvez ci-dessous la liste des colloques pour les ann\u00e9es 2014-2015 concernant le latin m\u00e9di\u00e9val et le n\u00e9o-latin, recens\u00e9s par la SEMEN-L<\/p>\n<p>&#8211; 10-13 septembre 2014, Lyon, Ecole normale Sup\u00e9rieure, \u00ab Le sens du temps \u00bb, 7\u00e8me Congr\u00e8s International de Latin M\u00e9di\u00e9val organis\u00e9 par P. Bourgain, (Ecole des chartes, pascal.bourgain@enc.sorbonne.fr ) et J.-Y. Tilliette (Universit\u00e9 de Gen\u00e8ve, jean-yves.tilliette@unige.ch)<br \/>\n&#8211; 2-3 octobre 2014, Caen, Universit\u00e9 de Caen, \u00ab Tacite et le tacitisme en Europe \u00e0 l\u2019\u00e9poque moderne (XVIe- XVIIIe si\u00e8cle). Ecriture de l\u2019histoire et conception du pouvoir \u00bb, premi\u00e8re partie, Colloque International organis\u00e9 par A. O\u00efffer-Bomsel (Universit\u00e9 de Reims, alicia.oiffer-bomsel@univ-reims.fr) et A. Merle, (Universit\u00e9 de Caen-Basse Normandie, Alexandra.merle@unicaen.fr)<\/p>\n<p>&#8211; 9-10 octobre 2014, Dijon, \u00ab Savoir vivre et grossi\u00e8ret\u00e9 \u00e0 la Renaissance \u00bb, organisation Sylvie Laigneau-Fontaine, CPTC (EA 4178). Contact : sylvie.laigneau-fontaine@sfr.fr<\/p>\n<p>&#8211; 9-11 octobre 2014, Naples, Universit\u00e9 Federico II, \u00ab Dulcis alebat Parthenope. Memorie dell\u2019antico: mito e territorio nella cultura dell\u2019Accademia Pontaniana \u00bb, Colloque International organis\u00e9 par G. Germano (Universit\u00e0 degli Studi di Napoli Federico II, germano@unina.it) et Marc Deramaix (Universit\u00e9 de Rouen, marc.deramaix@univ-rouen.fr).<\/p>\n<p>-13-14 octobre 2014, Paris, Universit\u00e9 Paris IV-Sorbonne, \u00ab Morts h\u00e9ro\u00efques, morts inf\u00e2mes \u00bb, Deuxi\u00e8mes rencontres franco-catalanes sur l&rsquo;Antiquit\u00e9 classique, Colloque international organis\u00e9 par F. Prost (Paris-Sorbonne, fraprost@yahoo.fr) et F. Mestre (Universit\u00e9 de Barcelona, fmestre@ub.edu)<\/p>\n<p>&#8211; 18 octobre 2014, Paris, Universit\u00e9 Paris IV-Sorbonne, Atelier XVIe si\u00e8cle, s\u00e9minaire pr\u00e9paratoire autour des qualifications des figures de l\u2019inspiration. Org. Mireille Huchon. <\/p>\n<p>&#8211; 23- 25 octobre 2014, Bordeaux, Universit\u00e9 Bordeaux 3, \u00ab Les architectures fictives : \u00e9criture et architecture de l\u2019Antiquit\u00e9 \u00e0 nos jours \u00bb, colloque organis\u00e9 par R. Robert (Universit\u00e9 Bordeaux 3, renaud.robert@u-bordeaux3.fr)<\/p>\n<p>&#8211; 24 octobre 2014, Paris 3, Sorbonne, Salle Max Milner, dans le cadre du projet ANR\/ERHO, Pour une histoire des commentaires humanistes d\u2019Horace : Le discours et la m\u00e9thode. Contact : nathalie.dauvois@univ-paris3.fr<\/p>\n<p>&#8211; 25 octobre 2014, Paris 3, Sorbonne, Salle Max Milner, Journ\u00e9e d\u2019\u00e9tude sur Francesco Robortello. Contact : bouquet.monique@gmail.com<\/p>\n<p>-14 novembre 2014, Paris, Universit\u00e9 Paris IV-Sorbonne, \u00ab Artium scriptores : les classiques de la discipline. \u00c9tude de l&rsquo;autorit\u00e9 dans les arts lib\u00e9raux \u00bb, journ\u00e9e d\u2019\u00e9tude organis\u00e9e par J.B. Guillaumin (Universit\u00e9 Paris IV-Sorbonne, jean-baptiste@guillaumin.eu)<\/p>\n<p>&#8211; 29-30 janvier 2015, Lille 3, Journ\u00e9es d\u2019\u00e9tudes sur les qualifications des figures de l\u2019inspiration, co-organisation M. Huchon et Anne-Pascale Pouey-Mounou. <\/p>\n<p>&#8211; mars 2015, Lille 3, s\u00e9minaire doctoral \u00ab Un enthousiasme communicatif : la circulation des \u00e9motions dans la pens\u00e9e, les lettres et les arts en Europe, de la Renaissance aux Lumi\u00e8res \u00bb, co-organisation Anne-Pascale Pouey-Mounou, C. Jacot-Grapa et C. Cederna<\/p>\n<p>&#8211; 18-20 mars 2015, Reims, CRIMEL (EA 3311), Colloque international \u00ab Les M\u00e9tamorphoses de Virgile : r\u00e9ception de la figure de l\u2019auctor (Antiquit\u00e9, Moyen Age, Temps modernes). Coordination Karin Ueltschi et Jean-Louis Haquette. <\/p>\n<p>&#8211; 26-28 mars 2015, Berlin, 61e Congr\u00e8s annuel de la Renaissance Society of America<\/p>\n<p>&#8211; 9-11 avril 2015, Paris, BNF et INHA, Colloque \u00ab Fran\u00e7ois Ier imagin\u00e9. 1515-1547 \u00bb, co-organis\u00e9 par l\u2019association RHR et la SFDES. <\/p>\n<p>&#8211; 12-13 mai 2015, Paris, Universit\u00e9 Paris IV-Sorbonne, \u00ab Angelo Poliziano. Poesia, filologia, fortuna \u00bb, Colloque International organis\u00e9 par H. Casanova-Robin (Universit\u00e9 Paris IV-Sorbonne, casanova-robin@club-internet.fr) et P. Viti (Universit\u00e0 del Salento)<\/p>\n<p>&#8211; 27-29 mai 2015, Paris, EPHE, La po\u00e9sie \u00e0 l\u2019\u00e2ge de l\u2019\u00e9loquence. La qualit\u00e9 de l\u2019expression dans les po\u00e9tiques et les po\u00e8mes latins et fran\u00e7ais entre 1549 et 1639, org. P. Galand (EPHE), C. Barbafieri (U Valenciennes\/ IUF), J.Y. Vialleton (Grenoble 3) et V. Leroux (Reims\/IUF). <\/p>\n<p>&#8211; 4-6 juin 2015, Valence, Universit\u00e9 de Grenoble 3, \u00ab Forme du texte latin au Moyen Age et \u00e0 la Renaissance \u00bb, IVe congr\u00e8s de la SEMEN-L, organis\u00e9 par M. Furno (Universit\u00e9 de Grenoble 3, Martine.Furno@u-grenoble3.fr), C. Louette Universit\u00e9 de Grenoble 3, Christiane.Louette@u-grenoble3.fr) et V. M\u00e9ot-Bourquin (Universit\u00e9 de Grenoble 3, Valerie.Meot-Bourquin@u-grenoble3.fr)<\/p>\n","protected":false},"excerpt":{"rendered":"<p>Retrouvez ci-dessous la liste des colloques pour les ann\u00e9es 2014-2015 concernant le latin m\u00e9di\u00e9val et le n\u00e9o-latin, recens\u00e9s par la SEMEN-L &#8211; 10-13 septembre 2014, Lyon, Ecole normale Sup\u00e9rieure, \u00ab Le sens du temps \u00bb, 7\u00e8me Congr\u00e8s International de Latin &hellip; <a href=\"https:\/\/www.semen-l.org\/?p=266\">Continuer la lecture <span class=\"meta-nav\">&rarr;<\/span><\/a><\/p>\n","protected":false},"author":5,"featured_media":0,"comment_status":"open","ping_status":"open","sticky":false,"template":"","format":"standard","meta":{"footnotes":""},"categories":[4],"tags":[165,92,136,1430,1433,1234,1303,1429,1436,1203,1435,1432,1431,1393,1434,692,26,82,30,43,1256,267,1297,285,54],"class_list":["post-266","post","type-post","status-publish","format-standard","hentry","category-colloques","tag-architecture","tag-art","tag-arts-liberaux","tag-auteur","tag-autorite","tag-emotion","tag-fiction","tag-francois-ier","tag-grossierete","tag-heroisme","tag-infamie","tag-inspiration","tag-litterature","tag-memoire","tag-mort","tag-philologie","tag-poesie","tag-poetique","tag-ange-politien","tag-rhetorique","tag-robortello-francesco","tag-stylistique","tag-tacite","tag-temps","tag-virgile"],"yoast_head":"<!-- This site is optimized with the Yoast SEO plugin v27.5 - https:\/\/yoast.com\/product\/yoast-seo-wordpress\/ -->\n<title>Colloques 2014-2015 - Soci\u00e9t\u00e9 d&#039;\u00c9tudes M\u00e9dio Et N\u00e9o-Latines<\/title>\n<meta name=\"description\" content=\"Liste des colloques pour les ann\u00e9es 2014-2015 concernant le latin m\u00e9di\u00e9val et le n\u00e9o-latin, recens\u00e9s par la SEMEN-L\" \/>\n<meta name=\"robots\" content=\"index, follow, max-snippet:-1, max-image-preview:large, max-video-preview:-1\" \/>\n<link rel=\"canonical\" href=\"http:\/\/www.semen-l.org\/?p=266\" \/>\n<meta property=\"og:locale\" content=\"fr_FR\" \/>\n<meta property=\"og:type\" content=\"article\" \/>\n<meta property=\"og:title\" content=\"Colloques 2014-2015 - Soci\u00e9t\u00e9 d&#039;\u00c9tudes M\u00e9dio Et N\u00e9o-Latines\" \/>\n<meta property=\"og:description\" content=\"Liste des colloques pour les ann\u00e9es 2014-2015 concernant le latin m\u00e9di\u00e9val et le n\u00e9o-latin, recens\u00e9s par la SEMEN-L\" \/>\n<meta property=\"og:url\" content=\"http:\/\/www.semen-l.org\/?p=266\" \/>\n<meta property=\"og:site_name\" content=\"Soci\u00e9t\u00e9 d&#039;\u00c9tudes M\u00e9dio Et N\u00e9o-Latines\" \/>\n<meta property=\"article:publisher\" content=\"https:\/\/www.facebook.com\/SEMENL2018\" \/>\n<meta property=\"article:published_time\" content=\"2014-11-08T14:14:30+00:00\" \/>\n<meta property=\"article:modified_time\" content=\"2020-11-22T18:22:20+00:00\" \/>\n<meta name=\"author\" content=\"Seris\" \/>\n<meta name=\"twitter:card\" content=\"summary_large_image\" \/>\n<meta name=\"twitter:label1\" content=\"\u00c9crit par\" \/>\n\t<meta name=\"twitter:data1\" content=\"Seris\" \/>\n\t<meta name=\"twitter:label2\" content=\"Dur\u00e9e de lecture estim\u00e9e\" \/>\n\t<meta name=\"twitter:data2\" content=\"3 minutes\" \/>\n<script type=\"application\/ld+json\" class=\"yoast-schema-graph\">{\"@context\":\"https:\\\/\\\/schema.org\",\"@graph\":[{\"@type\":\"Article\",\"@id\":\"http:\\\/\\\/www.semen-l.org\\\/?p=266#article\",\"isPartOf\":{\"@id\":\"http:\\\/\\\/www.semen-l.org\\\/?p=266\"},\"author\":{\"name\":\"Seris\",\"@id\":\"http:\\\/\\\/www.semen-l.org\\\/#\\\/schema\\\/person\\\/6e8c8c75b499690cc37dd369354a7c47\"},\"headline\":\"Colloques 2014-2015\",\"datePublished\":\"2014-11-08T14:14:30+00:00\",\"dateModified\":\"2020-11-22T18:22:20+00:00\",\"mainEntityOfPage\":{\"@id\":\"http:\\\/\\\/www.semen-l.org\\\/?p=266\"},\"wordCount\":642,\"commentCount\":0,\"publisher\":{\"@id\":\"http:\\\/\\\/www.semen-l.org\\\/#organization\"},\"keywords\":[\"architecture\",\"art\",\"arts lib\u00e9raux\",\"auteur\",\"autorit\u00e9\",\"\u00e9motion\",\"fiction\",\"Fran\u00e7ois Ier\",\"grossi\u00e9ret\u00e9\",\"h\u00e9ro\u00efsme\",\"infamie\",\"inspiration\",\"litt\u00e9rature\",\"m\u00e9moire\",\"mort\",\"philologie\",\"po\u00e9sie\",\"po\u00e9tique\",\"Politien (Ange)\",\"rh\u00e9torique\",\"Robortello (Francesco)\",\"stylistique\",\"Tacite\",\"temps\",\"Virgile\"],\"articleSection\":[\"Colloques\"],\"inLanguage\":\"fr-FR\",\"potentialAction\":[{\"@type\":\"CommentAction\",\"name\":\"Comment\",\"target\":[\"http:\\\/\\\/www.semen-l.org\\\/?p=266#respond\"]}]},{\"@type\":\"WebPage\",\"@id\":\"http:\\\/\\\/www.semen-l.org\\\/?p=266\",\"url\":\"http:\\\/\\\/www.semen-l.org\\\/?p=266\",\"name\":\"Colloques 2014-2015 - Soci\u00e9t\u00e9 d&#039;\u00c9tudes M\u00e9dio Et N\u00e9o-Latines\",\"isPartOf\":{\"@id\":\"http:\\\/\\\/www.semen-l.org\\\/#website\"},\"datePublished\":\"2014-11-08T14:14:30+00:00\",\"dateModified\":\"2020-11-22T18:22:20+00:00\",\"description\":\"Liste des colloques pour les ann\u00e9es 2014-2015 concernant le latin m\u00e9di\u00e9val et le n\u00e9o-latin, recens\u00e9s par la SEMEN-L\",\"breadcrumb\":{\"@id\":\"http:\\\/\\\/www.semen-l.org\\\/?p=266#breadcrumb\"},\"inLanguage\":\"fr-FR\",\"potentialAction\":[{\"@type\":\"ReadAction\",\"target\":[\"http:\\\/\\\/www.semen-l.org\\\/?p=266\"]}]},{\"@type\":\"BreadcrumbList\",\"@id\":\"http:\\\/\\\/www.semen-l.org\\\/?p=266#breadcrumb\",\"itemListElement\":[{\"@type\":\"ListItem\",\"position\":1,\"name\":\"Accueil\",\"item\":\"http:\\\/\\\/www.semen-l.org\\\/\"},{\"@type\":\"ListItem\",\"position\":2,\"name\":\"Colloques 2014-2015\"}]},{\"@type\":\"WebSite\",\"@id\":\"http:\\\/\\\/www.semen-l.org\\\/#website\",\"url\":\"http:\\\/\\\/www.semen-l.org\\\/\",\"name\":\"Soci\u00e9t\u00e9 d'\u00c9tudes M\u00e9dio Et N\u00e9o-Latines\",\"description\":\"\",\"publisher\":{\"@id\":\"http:\\\/\\\/www.semen-l.org\\\/#organization\"},\"potentialAction\":[{\"@type\":\"SearchAction\",\"target\":{\"@type\":\"EntryPoint\",\"urlTemplate\":\"http:\\\/\\\/www.semen-l.org\\\/?s={search_term_string}\"},\"query-input\":{\"@type\":\"PropertyValueSpecification\",\"valueRequired\":true,\"valueName\":\"search_term_string\"}}],\"inLanguage\":\"fr-FR\"},{\"@type\":\"Organization\",\"@id\":\"http:\\\/\\\/www.semen-l.org\\\/#organization\",\"name\":\"Soci\u00e9t\u00e9 d'\u00e9tudes m\u00e9dio et n\u00e9o-latines\",\"url\":\"http:\\\/\\\/www.semen-l.org\\\/\",\"logo\":{\"@type\":\"ImageObject\",\"inLanguage\":\"fr-FR\",\"@id\":\"http:\\\/\\\/www.semen-l.org\\\/#\\\/schema\\\/logo\\\/image\\\/\",\"url\":\"http:\\\/\\\/www.semen-l.org\\\/wp-content\\\/uploads\\\/2020\\\/11\\\/logo-semenl.jpg\",\"contentUrl\":\"http:\\\/\\\/www.semen-l.org\\\/wp-content\\\/uploads\\\/2020\\\/11\\\/logo-semenl.jpg\",\"width\":408,\"height\":403,\"caption\":\"Soci\u00e9t\u00e9 d'\u00e9tudes m\u00e9dio et n\u00e9o-latines\"},\"image\":{\"@id\":\"http:\\\/\\\/www.semen-l.org\\\/#\\\/schema\\\/logo\\\/image\\\/\"},\"sameAs\":[\"https:\\\/\\\/www.facebook.com\\\/SEMENL2018\",\"https:\\\/\\\/independent.academia.edu\\\/SocitsdtudesmdioetnolatinesSEMENL\"]},{\"@type\":\"Person\",\"@id\":\"http:\\\/\\\/www.semen-l.org\\\/#\\\/schema\\\/person\\\/6e8c8c75b499690cc37dd369354a7c47\",\"name\":\"Seris\",\"image\":{\"@type\":\"ImageObject\",\"inLanguage\":\"fr-FR\",\"@id\":\"https:\\\/\\\/secure.gravatar.com\\\/avatar\\\/8aec6178114279c28f7f0f4ccbb54eefdf0db708e95973d3513a9c5387b223b9?s=96&d=mm&r=g\",\"url\":\"https:\\\/\\\/secure.gravatar.com\\\/avatar\\\/8aec6178114279c28f7f0f4ccbb54eefdf0db708e95973d3513a9c5387b223b9?s=96&d=mm&r=g\",\"contentUrl\":\"https:\\\/\\\/secure.gravatar.com\\\/avatar\\\/8aec6178114279c28f7f0f4ccbb54eefdf0db708e95973d3513a9c5387b223b9?s=96&d=mm&r=g\",\"caption\":\"Seris\"},\"url\":\"https:\\\/\\\/www.semen-l.org\\\/?author=5\"}]}<\/script>\n<!-- \/ Yoast SEO plugin. -->","yoast_head_json":{"title":"Colloques 2014-2015 - Soci\u00e9t\u00e9 d&#039;\u00c9tudes M\u00e9dio Et N\u00e9o-Latines","description":"Liste des colloques pour les ann\u00e9es 2014-2015 concernant le latin m\u00e9di\u00e9val et le n\u00e9o-latin, recens\u00e9s par la SEMEN-L","robots":{"index":"index","follow":"follow","max-snippet":"max-snippet:-1","max-image-preview":"max-image-preview:large","max-video-preview":"max-video-preview:-1"},"canonical":"http:\/\/www.semen-l.org\/?p=266","og_locale":"fr_FR","og_type":"article","og_title":"Colloques 2014-2015 - Soci\u00e9t\u00e9 d&#039;\u00c9tudes M\u00e9dio Et N\u00e9o-Latines","og_description":"Liste des colloques pour les ann\u00e9es 2014-2015 concernant le latin m\u00e9di\u00e9val et le n\u00e9o-latin, recens\u00e9s par la SEMEN-L","og_url":"http:\/\/www.semen-l.org\/?p=266","og_site_name":"Soci\u00e9t\u00e9 d&#039;\u00c9tudes M\u00e9dio Et N\u00e9o-Latines","article_publisher":"https:\/\/www.facebook.com\/SEMENL2018","article_published_time":"2014-11-08T14:14:30+00:00","article_modified_time":"2020-11-22T18:22:20+00:00","author":"Seris","twitter_card":"summary_large_image","twitter_misc":{"\u00c9crit par":"Seris","Dur\u00e9e de lecture estim\u00e9e":"3 minutes"},"schema":{"@context":"https:\/\/schema.org","@graph":[{"@type":"Article","@id":"http:\/\/www.semen-l.org\/?p=266#article","isPartOf":{"@id":"http:\/\/www.semen-l.org\/?p=266"},"author":{"name":"Seris","@id":"http:\/\/www.semen-l.org\/#\/schema\/person\/6e8c8c75b499690cc37dd369354a7c47"},"headline":"Colloques 2014-2015","datePublished":"2014-11-08T14:14:30+00:00","dateModified":"2020-11-22T18:22:20+00:00","mainEntityOfPage":{"@id":"http:\/\/www.semen-l.org\/?p=266"},"wordCount":642,"commentCount":0,"publisher":{"@id":"http:\/\/www.semen-l.org\/#organization"},"keywords":["architecture","art","arts lib\u00e9raux","auteur","autorit\u00e9","\u00e9motion","fiction","Fran\u00e7ois Ier","grossi\u00e9ret\u00e9","h\u00e9ro\u00efsme","infamie","inspiration","litt\u00e9rature","m\u00e9moire","mort","philologie","po\u00e9sie","po\u00e9tique","Politien (Ange)","rh\u00e9torique","Robortello (Francesco)","stylistique","Tacite","temps","Virgile"],"articleSection":["Colloques"],"inLanguage":"fr-FR","potentialAction":[{"@type":"CommentAction","name":"Comment","target":["http:\/\/www.semen-l.org\/?p=266#respond"]}]},{"@type":"WebPage","@id":"http:\/\/www.semen-l.org\/?p=266","url":"http:\/\/www.semen-l.org\/?p=266","name":"Colloques 2014-2015 - Soci\u00e9t\u00e9 d&#039;\u00c9tudes M\u00e9dio Et N\u00e9o-Latines","isPartOf":{"@id":"http:\/\/www.semen-l.org\/#website"},"datePublished":"2014-11-08T14:14:30+00:00","dateModified":"2020-11-22T18:22:20+00:00","description":"Liste des colloques pour les ann\u00e9es 2014-2015 concernant le latin m\u00e9di\u00e9val et le n\u00e9o-latin, recens\u00e9s par la SEMEN-L","breadcrumb":{"@id":"http:\/\/www.semen-l.org\/?p=266#breadcrumb"},"inLanguage":"fr-FR","potentialAction":[{"@type":"ReadAction","target":["http:\/\/www.semen-l.org\/?p=266"]}]},{"@type":"BreadcrumbList","@id":"http:\/\/www.semen-l.org\/?p=266#breadcrumb","itemListElement":[{"@type":"ListItem","position":1,"name":"Accueil","item":"http:\/\/www.semen-l.org\/"},{"@type":"ListItem","position":2,"name":"Colloques 2014-2015"}]},{"@type":"WebSite","@id":"http:\/\/www.semen-l.org\/#website","url":"http:\/\/www.semen-l.org\/","name":"Soci\u00e9t\u00e9 d'\u00c9tudes M\u00e9dio Et N\u00e9o-Latines","description":"","publisher":{"@id":"http:\/\/www.semen-l.org\/#organization"},"potentialAction":[{"@type":"SearchAction","target":{"@type":"EntryPoint","urlTemplate":"http:\/\/www.semen-l.org\/?s={search_term_string}"},"query-input":{"@type":"PropertyValueSpecification","valueRequired":true,"valueName":"search_term_string"}}],"inLanguage":"fr-FR"},{"@type":"Organization","@id":"http:\/\/www.semen-l.org\/#organization","name":"Soci\u00e9t\u00e9 d'\u00e9tudes m\u00e9dio et n\u00e9o-latines","url":"http:\/\/www.semen-l.org\/","logo":{"@type":"ImageObject","inLanguage":"fr-FR","@id":"http:\/\/www.semen-l.org\/#\/schema\/logo\/image\/","url":"http:\/\/www.semen-l.org\/wp-content\/uploads\/2020\/11\/logo-semenl.jpg","contentUrl":"http:\/\/www.semen-l.org\/wp-content\/uploads\/2020\/11\/logo-semenl.jpg","width":408,"height":403,"caption":"Soci\u00e9t\u00e9 d'\u00e9tudes m\u00e9dio et n\u00e9o-latines"},"image":{"@id":"http:\/\/www.semen-l.org\/#\/schema\/logo\/image\/"},"sameAs":["https:\/\/www.facebook.com\/SEMENL2018","https:\/\/independent.academia.edu\/SocitsdtudesmdioetnolatinesSEMENL"]},{"@type":"Person","@id":"http:\/\/www.semen-l.org\/#\/schema\/person\/6e8c8c75b499690cc37dd369354a7c47","name":"Seris","image":{"@type":"ImageObject","inLanguage":"fr-FR","@id":"https:\/\/secure.gravatar.com\/avatar\/8aec6178114279c28f7f0f4ccbb54eefdf0db708e95973d3513a9c5387b223b9?s=96&d=mm&r=g","url":"https:\/\/secure.gravatar.com\/avatar\/8aec6178114279c28f7f0f4ccbb54eefdf0db708e95973d3513a9c5387b223b9?s=96&d=mm&r=g","contentUrl":"https:\/\/secure.gravatar.com\/avatar\/8aec6178114279c28f7f0f4ccbb54eefdf0db708e95973d3513a9c5387b223b9?s=96&d=mm&r=g","caption":"Seris"},"url":"https:\/\/www.semen-l.org\/?author=5"}]}},"jetpack_featured_media_url":"","_links":{"self":[{"href":"https:\/\/www.semen-l.org\/index.php?rest_route=\/wp\/v2\/posts\/266","targetHints":{"allow":["GET"]}}],"collection":[{"href":"https:\/\/www.semen-l.org\/index.php?rest_route=\/wp\/v2\/posts"}],"about":[{"href":"https:\/\/www.semen-l.org\/index.php?rest_route=\/wp\/v2\/types\/post"}],"author":[{"embeddable":true,"href":"https:\/\/www.semen-l.org\/index.php?rest_route=\/wp\/v2\/users\/5"}],"replies":[{"embeddable":true,"href":"https:\/\/www.semen-l.org\/index.php?rest_route=%2Fwp%2Fv2%2Fcomments&post=266"}],"version-history":[{"count":0,"href":"https:\/\/www.semen-l.org\/index.php?rest_route=\/wp\/v2\/posts\/266\/revisions"}],"wp:attachment":[{"href":"https:\/\/www.semen-l.org\/index.php?rest_route=%2Fwp%2Fv2%2Fmedia&parent=266"}],"wp:term":[{"taxonomy":"category","embeddable":true,"href":"https:\/\/www.semen-l.org\/index.php?rest_route=%2Fwp%2Fv2%2Fcategories&post=266"},{"taxonomy":"post_tag","embeddable":true,"href":"https:\/\/www.semen-l.org\/index.php?rest_route=%2Fwp%2Fv2%2Ftags&post=266"}],"curies":[{"name":"wp","href":"https:\/\/api.w.org\/{rel}","templated":true}]}}