{"id":2584,"date":"2023-01-01T09:55:56","date_gmt":"2023-01-01T09:55:56","guid":{"rendered":"https:\/\/www.semen-l.org\/?p=2584"},"modified":"2024-03-11T17:18:24","modified_gmt":"2024-03-11T17:18:24","slug":"colloques-congres-et-programme-de-recherche-2022-2023","status":"publish","type":"post","link":"https:\/\/www.semen-l.org\/?p=2584","title":{"rendered":"Colloques, congr\u00e8s et programme de recherche 2022-2023"},"content":{"rendered":"<ul>\n<li>22-24 septembre 2022, Prague, Charles University : \u00ab <em>Medialatinitas <\/em>IX : Nostalgia in\/and the Middle Ages\u00bb, IX<sup>e<\/sup> Congr\u00e8s international de latin m\u00e9di\u00e9val. Contact : <a href=\"mailto:lucie.dolezalova@ff.cuni.cz\">lucie.dolezalova@ff.cuni.cz<\/a><\/li>\n<li>28 septembre 2022 (13h45-18h), Bordeaux, Mus\u00e9e d\u2019Aquitaine : \u00ab Une histoire d\u2019absence ou un si\u00e8cle oubli\u00e9 ? T\u00e9moigner des Juifs dans la France pr\u00e9moderne \u00bb, org. par Chayes (IRHT)<\/li>\n<li>28-30 septembre 2022, Bari, Universit\u00e0 degli studi di Bari : \u00ab Percorsi di filologia italiana \u00bb, journ\u00e9e des doctorants et des docteurs, par la Societ\u00e0 dei Filologi della Letteratura italiana. Contact : <a href=\"mailto:societadeifilologi@gmail.com\">societadeifilologi@gmail.com<\/a><\/li>\n<li>4 octobre-12 novembre 2022, Bordeaux, Universit\u00e9 Bordeaux Montaigne : \u00ab Moi(s) Montaigne \u00bb, 5<sup>e<\/sup> \u00e9dition : \u00ab Montaigne \u00e0 Bordeaux, Montaigne et Bordeaux \u00bb, manifestation org. par le Centre Montaigne. Contact : <a href=\"mailto:LeMoisMontaigne@u-bordeaux-montaigne.fr\">LeMoisMontaigne@u-bordeaux-montaigne.fr.<\/a> Programme complet : <a href=\"http:\/\/centre-\/\">http:\/\/centre-<\/a> huma-num.fr<\/li>\n<li>7 octobre, Paris, Sorbonne (EPHE, Salle Delamarre) : \u00ab Sens interdit(s). Autour du Livre de Gomorrhe de Pierre Damien (1051) \u00bb, par J.-F. Cottier (Universit\u00e9 de Paris VII) et C. Giraud (Universit\u00e9 de Gen\u00e8ve\/Ephe-PSL). Contact : <a href=\"mailto:jffcottier@gmail.com\">jffcottier@gmail.com<\/a><\/li>\n<li>13-14 octobre 2022, Paris, Biblioth\u00e8que Sainte-Barbe : \u00ab Cr\u00e9er une m\u00e9moire des pass\u00e9s antiques \u00bb, Journ\u00e9es d\u2019\u00e9tude par C. Gaullier-Bougassas dans le cadre du projet ERC AGRELITA. Contact : <a href=\"mailto:catherine.bougassas@univ-lille.fr\">catherine.bougassas@univ-lille.fr<\/a><\/li>\n<li>18-19 octobre 2022 (10h-18h), Avranches, Biblioth\u00e8que, Scriptorial : \u00ab Apports de la musicologie m\u00e9di\u00e9vale \u00e0 la valorisation mus\u00e9ographique du Scriptorial d\u2019Avranches \u00bb, org. par B. \u00c9tienne (Biblioth\u00e8que d\u2019Avranches), -Fr. Goudesenne (IRHT), B. Jehan (Mus\u00e9e d\u2019Avranches) et X. Terrasa (Mus\u00e9e de Chartres)<\/li>\n<li>14-16 novembre 2022, Strasbourg : \u00ab Pourquoi traduire ? La traduction et ses enjeux de l\u2019Antiquit\u00e9 gr\u00e9co- romaine \u00e0 l\u2019\u00e2ge classique \u00bb, org. Chapot, B. Guion, A. Molini\u00e9-ARBO, J.-L. Vix<\/li>\n<li>28-29 novembre 2022 (9h-18h), Naples, Complexe monumental de San Lorenzo Maggiore : \u00ab Devotional practices, pilgrimage activities and space organization in Early Medieval monasteries (5th-10th centuries) \u00bb, par D. Ferraiuolo (IRHT)<\/li>\n<li>1-2 d\u00e9cembre 2022, Cr\u00e9teil, UPEC : \u00ab \u201cReverence de l\u2019antiquaille\u201d et cr\u00e9ativit\u00e9 : les diverses formes de la transmission du patrimoine textuel antique \u00e0 la Renaissance \u00bb, Colloque international org. par N. Le Cadet. Contact : <a href=\"mailto:nicolas.lecadet@u-pec.fr\">lecadet@u-pec.fr<\/a><\/li>\n<li>5 d\u00e9cembre 2022 (9h- 18h), Paris : \u00ab Traductions monastiques du Nord-Est de l\u2019espace d\u2019o\u00efl au XII<sup>e<\/sup> si\u00e8cle \u00bb, org. par Zinelli (EPHE, PSL) et P.A. Martina (IRHT)<\/li>\n<li>13-14 d\u00e9cembre 2022, Aix en Provence, MSH : \u00ab Construire l\u2019\u00e9glise-monument par les (Ve-XIIe si\u00e8cle) \u00bb, colloque international dans le cadre du projet E-CCLESIA. Contact : <a href=\"mailto:gaelle.viard@univ-amu.fr\">amu.fr <\/a>et <a href=\"mailto:andreas.hartmann-virnich@univ-amu.fr\">andreas.hartmann-virnich@univ-amu.fr<\/a><\/li>\n<li>13 janvier 2023 (10h- 18h), Tours : \u00ab <em>Instrumenta laboris <\/em>et \u2018companions\u2019. Les aides \u00e0 la lecture de la Bible (<em>mss<\/em><em> latins et grecs) <\/em>\u00bb<em>,<\/em> F. Barone (IRHT) et A. Perrot (univ. De Tours)<\/li>\n<li>2 f\u00e9vrier 2023, groupe RELICS : table ronde en ligne sur l\u2019avenir des \u00e9tudes du latin, org. E. Paillard (Universit\u00e9 de Sydney \/ Universit\u00e4t Basel), S. Smets (Ludwig Boltzmann Institute for Neo &#8211; Latin Studies \/ University College London) et Wouters (Institut d&rsquo;histoire et de culture des Pays-Bas). Contact : <a href=\"mailto:relics@ugent.be\">reliques@ugent.be.<\/a><\/li>\n<li>11 f\u00e9vrier 2023, Sorbonne Universit\u00e9 (Maison de la recherche, rue Serpente, salle D223) : \u00ab Aux seuils des \u0153uvres : r\u00e9seaux et amiti\u00e9 \u00e0 la Renaissance \u00bb, Journ\u00e9e accessible en ligne, N. Souhait <a href=\"mailto:nicolas.souhait@sorbonne-universite.fr\">nicolas.souhait@sorbonne-universite.fr<\/a><\/li>\n<li>2-3 mars, Bordeaux : <em>Aquitaniae latinae <\/em>(HumanA \u2013 SEMEN-L), A. Bouscharain et V. Giacomotto- Charra<\/li>\n<li>6-7 mars 2023 (10h-18h), Orl\u00e9ans, Centre Augustin-Thierry : \u00ab Fragmentologie et remembrement de livres liturgiques not\u00e9s \u00bb, org. par -Fr. Goudesenne et G. Kagan (IRHT)<\/li>\n<li>9-11 mars 2023, San Juan, Puerto Rico : congr\u00e8s annuel de la Renaissance Society of<\/li>\n<li>31 mars 2023, 14h, Universit\u00e9 de Caen, amphi MRSH, \u00ab <em>Prima sedes a nemine judicatur \u2013 Nul ne peut juger le premier si\u00e8ge \u00bb : entre impi\u00e9t\u00e9, immunit\u00e9 et saintet\u00e9, la figure controvers\u00e9e de saint Marcellin, pape et martyr (296-404) \u00bb, <\/em>s\u00e9minaire par C. Jacquemard, B. Gauvin (Unicaen, CRAHAM)<\/li>\n<li>15 avril 2023, Sorbonne Universit\u00e9 (Maison de la recherche, rue Serpente, salle D323) : Soci\u00e9t\u00e9 d&rsquo;\u00c9tudes M\u00e9dio- et N\u00e9o-Latines (SEMEN-L), IVe journ\u00e9e des jeunes chercheuses et chercheurs, org. J. Maudoux, P. Mourgues et Pinguet<\/li>\n<li>24-25 avril 2023, Lyon, Universit\u00e9 Jean Moulin-Lyon III : \u00ab Citer les Anciens \u00e0 la Renaissance. La citation et \u00a0la\u00a0\u00a0\u00a0\u00a0 \u00a0fabrique\u00a0\u00a0\u00a0\u00a0 \u00a0de\u00a0\u00a0\u00a0\u00a0 \u00a0l\u2019Antiquit\u00e9\u00a0\u00a0\u00a0\u00a0\u00a0\u00a0 dans\u00a0\u00a0\u00a0\u00a0\u00a0\u00a0 les\u00a0\u00a0\u00a0\u00a0\u00a0\u00a0 \u00e9ditions\u00a0\u00a0\u00a0\u00a0\u00a0\u00a0 des\u00a0\u00a0\u00a0\u00a0\u00a0\u00a0 textes\u00a0\u00a0\u00a0\u00a0\u00a0\u00a0 Analyse et exploration num\u00e9rique \u00bb, colloque organis\u00e9 dans le cadre de l\u2019ANR \u00ab IThAC \u00bb (L\u2019invention du th\u00e9\u00e2tre antique) par HiSoMA UMR 5189 Axe B Cultures anciennes et temporalit\u00e9s. Contact : <a href=\"mailto:sarah.gaucher@univ-lyon3.fr\">sarah.gaucher@univ-lyon3.fr<\/a><\/li>\n<li>28-29 avril 2023, Strasbourg, Universit\u00e9 de Strasbourg (Palais Universitaire) et S\u00e9lestat (Biblioth\u00e8que Humaniste) : \u00ab La vie et l\u2019\u0153uvre du po\u00e8te n\u00e9o-latin Johann Sapidus de S\u00e9lestat (1490-1561) \u00bb, colloque international par J. Hirstein et M. Jeannot-Tirole. Contact : <a href=\"mailto:hirstein@unistra.fr\">hirstein@unistra.fr<\/a><\/li>\n<li>17-21 mai 2023, Cerisy-la-Salle : \u00ab 1023-2023 : le Mont Saint-Michel en Normandie et en Europe \u00bb, colloque par F. Paquet, M. Labatut et Ch. Maneuvrier<\/li>\n<li>12-14 juin 2023, Fribourg, Universit\u00e9 de Fribourg : \u00ab S\u2019affranchir des fronti\u00e8res. Temps, espaces, acteurs, 1400-1630 \u00bb, colloque inaugural de l\u2019Institut fribourgeois d\u2019\u00e9tude de la Renaissance et de l\u2019\u00e9poque moderne (IFR). Contact : <a href=\"mailto:renaissance@unifr.ch\">renaissance@unifr.ch<\/a><\/li>\n<li>14 juin 2023 (10h-17h30), Campus Condorcet : \u00ab Les textes et les manuscrits du .. pour le plaisir \u00bb, <em>Journ\u00e9e th\u00e9matique de l\u2019IRHT<\/em>, org. par S. Barret, J. Fro\u0144ska et M.-L. Savoye (IRHT)<\/li>\n<li>15-16 juin 2023, \u00c9cole sup\u00e9rieure de journalisme de Lille, \u00ab L\u2019invention d\u2019origines grecques dans les cultures textuelles et visuelles de l\u2019Europe pr\u00e9-moderne (1100-1600) \u00bb, org. C. Gaullier-Bougassas (ERC AGRELITA)<\/li>\n<li>3-6 juillet 2023, Leeds : \u00ab Networks and entanglements between centre and periphery in late Middle Ages. Italians and ultramontanes \u00bb, International Medieval Congress, org. par A.Horeczy, Institute of History, Polish Academy of Contact: <a href=\"mailto:ahoreczy@ihpan.edu.pl\">ahoreczy@ihpan.edu.pl<\/a><\/li>\n<li>12-14 juillet 2023, Kiel : \u00ab The Poetics of Things Past. Transmission of Knowledge in Verse in Antiquity and Early Modern Times \u00bb, org. Elisabeth Schwab et S. Feddern.<\/li>\n<li>26-27 octobre 2023, Nantes, Nantes Universit\u00e9 : \u00ab Sens et contresens \u00bb, colloque international org. C. Lombez et\u00a0\u00a0\u00a0\u00a0\u00a0\u00a0\u00a0\u00a0\u00a0\u00a0\u00a0\u00a0\u00a0\u00a0\u00a0\u00a0 \u00a0\u00a0\u00a0\u00a0\u00a0\u00a0\u00a0\u00a0 M\u00e9niel.\u00a0 Information : <a href=\"https:\/\/www.fabula.org\/bo\/suggestion-actualite.html?code=904dec0149c5d55ea03d6469ba2dfb18f9030b71\">https:\/\/www.fabula.org\/bo\/suggestion-<\/a> <a href=\"https:\/\/www.fabula.org\/bo\/suggestion-actualite.html?code=904dec0149c5d55ea03d6469ba2dfb18f9030b71\">actualite.html?code=904dec0149c5d55ea03d6469ba2dfb18f9030b71<\/a><\/li>\n<\/ul>\n<h1>Projets de recherche :<\/h1>\n<ul>\n<li>\u00ab <em>Burgundia humanistica <\/em>\u00bb : programme dirig\u00e9 par S. Laigneau-Fontaine, sur les humanistes bourgui- gnons (XVI<sup>e<\/sup> et XVII<sup>e<\/sup> si\u00e8cles). Projet soutenu par le Conseil R\u00e9gional de Bourgogne, par un finance- ment et un contrat doctoral (Elena Ghiringhelli, <em>la Continuation des <\/em>Fastes <em>d\u2019Ovide par le Dijonnais Claude-Barth\u00e9lemy Morisot (1649), \u00e9idtion, traduction, commentaire du livre VII, <\/em>sous la dir. de S. Lai- gneau-Fontaine, Dijon, et Val\u00e9rie Wampfler, u. Reims). Plusieurs travaux termin\u00e9s ou actuellement en cours appartiennent \u00e0 ce programme, par exemple la publication par N. Istasse de <em>Joannes Ravisius Tex- tor, un r\u00e9gent humaniste \u00e0 l\u2019aube de la Renaissance fran\u00e7aise <\/em>(Gen\u00e8ve, Droz, 2020) ou l\u2019\u00e9dition, tra- duction, commentaire en cours de la <em>Gigantomachie <\/em>de l\u2019Autunois Jacques Guijon (1658). Le corpus est immense et vari\u00e9 (textes de droit, de m\u00e9decine, <em>tumuli<\/em>, \u00e9loges, correspondances, po\u00e9sies diverses\u2026). Contact : <a href=\"mailto:sylvie.laigneau-fontaine@u-bourgogne.fr\">sylvie.laigneau-fontaine@u-bourgogne.fr.<\/a><\/li>\n<\/ul>\n<ul>\n<li>\u00ab CREAMYTHALEX : La r\u00e9ception de l\u2019Antiquit\u00e9 grecque en Europe \u00bb. Le projet a d\u2019abord port\u00e9 sur la figure d\u2019Alexandre le Grand et les travaux permis par un financement ANR ont \u00e9t\u00e9 publi\u00e9s dans la collection \u00ab Alexander redivivus \u00bb cr\u00e9\u00e9e durant ce projet chez Brepols (<a href=\"http:\/\/www.brepols.net\/Pages\/BrowseBySeries.aspx?TreeSeries=AR\">http:\/\/www.brepols.net\/Pages\/BrowseBySeries.aspx?TreeSeries=AR<\/a>). Il s\u2019est ensuite \u00e9largi \u00e0 la r\u00e9cep- tion de l\u2019Antiquit\u00e9 grecque d\u2019avant Alexandre. Une nouvelle collection a ainsi \u00e9t\u00e9 cr\u00e9\u00e9e chez Brepols : \u00ab Recherches\u00a0\u00a0 sur\u00a0\u00a0\u00a0 les\u00a0\u00a0\u00a0 R\u00e9ceptions\u00a0\u00a0 de\u00a0\u00a0\u00a0 l\u2019Antiquit\u00e9 \u00bb,\u00a0\u00a0 direction\u00a0\u00a0 Catherine\u00a0\u00a0 Gaullier-Bougassas (<a href=\"http:\/\/www.brepols.net\/Pages\/BrowseBySeries.aspx?TreeSeries=RRA&amp;fbclid=IwAR0MNaU1ZLctpVqzbXIpFzeYEz0c_mIwGFpe1WpVLK7vDUMGOZCVMnYlflQ\">http:\/\/www.brepols.net\/Pages\/BrowseBySeries.aspx?TreeSeries=RRA&amp;fbclid=IwAR0MNaU1ZLctpV<\/a> <a href=\"http:\/\/www.brepols.net\/Pages\/BrowseBySeries.aspx?TreeSeries=RRA&amp;fbclid=IwAR0MNaU1ZLctpVqzbXIpFzeYEz0c_mIwGFpe1WpVLK7vDUMGOZCVMnYlflQ\">qzbXIpFzeYEz0c_mIwGFpe1WpVLK7vDUMGOZCVMnYlflQ<\/a>).\u00a0\u00a0\u00a0\u00a0\u00a0\u00a0\u00a0\u00a0\u00a0\u00a0\u00a0\u00a0 Contact\u00a0\u00a0\u00a0\u00a0\u00a0\u00a0\u00a0\u00a0\u00a0\u00a0\u00a0\u00a0 : <a href=\"mailto:catherine-bougassas@orange.fr\">catherine-<\/a> <a href=\"mailto:catherine-bougassas@orange.fr\">bougassas@orange.fr<\/a>).<\/li>\n<li>\u00ab Hum<em>an<\/em>A, Humanismes Aquitains \/ Humanisme Aujourd\u2019hui en Nouvelle Aquitaine \u00bb, programme de l\u2019Universit\u00e9 Bordeaux-Montaigne, Centre Montaigne, direction V. Giacomotto-Charra (<u>https:\/\/centre-<\/u> <u>huma-num.fr<\/u><strong>)<\/strong>.<\/li>\n<li>\u00ab <em>Humanistica Helvetica <\/em>\u00bb : projet de recherche port\u00e9 par l\u2019Universit\u00e9 Fribourg, Facult\u00e9 des lettres et sciences humaines, D\u00e9partement de philologie classique (avril 2020-mars 2024). Ce projet a pour but de faire conna\u00eetre la litt\u00e9rature latine humaniste du XVIe si\u00e8cle en Suisse par le biais d\u2019un portail Internet bilingue fran\u00e7ais-allemand (<a href=\"https:\/\/www.unifr.ch\/go\/humanistica-helvetica\">https:\/\/www.unifr.ch\/go\/humanistica-helvetica<\/a>). Contact : da- <a href=\"mailto:vid.amherdt@unifr.ch\">amherdt@unifr.ch<\/a><\/li>\n<li><strong>\u00ab <\/strong>ITHAC <strong>\u00bb <\/strong>: projet de recherche ANR pilot\u00e9 par Malika Bastin-Hammou (Universit\u00e9 de Grenoble) et men\u00e9 en collaboration avec l\u2019UMR HiSoMA (Lyon III) autour d\u2019une \u00e9quipe de 15 chercheurs membres de Litt&amp;Arts et d\u2019HiSoMA. L\u2019ANR IThAC a pour objectif l\u2019\u00e9tude de la r\u00e9ception du th\u00e9\u00e2tre antique dans l\u2019Europe du XVIe \u00e0 travers l\u2019analyse du corpus des paratextes savants imprim\u00e9s qui lui sont alors consacr\u00e9s, et la mise \u00e0 disposition de la communaut\u00e9 scientifique de la traduction de ce corpus en fran\u00e7ais, gr\u00e2ce \u00e0 la construction d\u2019une interface num\u00e9rique \u00e9volutive. On fait l\u2019hypoth\u00e8se que la collecte, la traduction et l\u2019analyse de ce corpus, longtemps n\u00e9glig\u00e9 parce que difficilement accessible mat\u00e9rielle- ment et parce que tr\u00e8s largement r\u00e9dig\u00e9 en latin, voire en grec, permettront de saisir \u00e0 la fois comment le th\u00e9\u00e2tre antique a \u00e9t\u00e9 re\u00e7u et compris par ses \u00ab inventeurs \u00bb dans l\u2019Europe du XVIe s., mais aussi com- ment les id\u00e9es et les m\u00e9thodes qu\u2019ils v\u00e9hiculent, \u00e0 l\u2019heure o\u00f9 s\u2019inventaient aussi bien le th\u00e9\u00e2tre moderne que la philologie, ont circul\u00e9 et se sont d\u00e9velopp\u00e9es gr\u00e2ce notamment \u00e0 leur large diffusion rendue pos- sible par l\u2019imprim\u00e9 (<a href=\"https:\/\/ithac.hypotheses.org\/\">https:\/\/ithac.hypotheses.org\/<\/a>).<\/li>\n<li>\u00ab LiBer \u00bb : projet de recherche ANRsur la traduction de trois <em>D\u00e9cades <\/em>de Tite-Live par Pierre Bersuire (\u2020 1362), l\u2019Universit\u00e9 Lumi\u00e8re Lyon 2 et le laboratoire CIHAM (Histoire, Arch\u00e9ologie, Litt\u00e9ratures des Mondes Chr\u00e9tiens et Musulmans M\u00e9di\u00e9vaux), UMR 5648. Promoteurs : Maryl\u00e8ne Possama\u00ef et C\u00e9dric Contact : <a href=\"mailto:cedric.giraud@unige.ch\">cedric.giraud@unige.ch<\/a><\/li>\n<li><strong>\u00ab <\/strong>Litt\u00e9ratures, philosophie et histoire \u00e0 l\u2019\u00c2ge humaniste. Regards crois\u00e9s sur les questions culturelles et sociales (XV<sup>e<\/sup>-XVII<sup>e<\/sup> si\u00e8cles) <strong>\u00bb <\/strong>: programme de recherche dans le cadre de l&rsquo;Accord de collaboration cul- turelle et scientifique entre l&rsquo;Universit\u00e9 de Florence et l&rsquo;Universit\u00e9 de Picardie Jules Verne\u00a0\u00bb. Direction L. Boul\u00e8gue et G. Mastrorosa.<\/li>\n<li>\u00ab Natale Conti, <em>Mythologia <\/em>(1567-1527) \u00bb : projet dirig\u00e9 par C\u00e9line Bonhert \u00e0 l\u2019Universit\u00e9 de Reims- Champagne-Ardennes. Les <em>Mythologiae libri decem <\/em>de Natale Conti, publi\u00e9s pour la premi\u00e8re fois \u00e0 Venise en 1567, servirent d&rsquo;ouvrage de r\u00e9f\u00e9rence dans toute l&rsquo;Europe pendant plus de deux si\u00e8cles : les \u00e9tudiants, les artistes, les po\u00e8tes, les librettistes d&rsquo;op\u00e9ra, les m\u00e9decins, les philosophes et le public lettr\u00e9 de l&rsquo;Europe des XVI<sup>e<\/sup>-XVIII<sup>e<\/sup> si\u00e8cles y puis\u00e8rent une connaissance encyclop\u00e9dique sur les cultes et les croyances de l&rsquo;Antiquit\u00e9. Le site <a href=\"https:\/\/eman-archives.org\/Mythologia\/items\/show\/1252\">Natale Conti, Mythologia, 1567-1627<\/a> (https:\/\/eman- org\/Mythologia\/) pr\u00e9sente l\u2019\u00e9dition num\u00e9rique de quatre \u00e9tats de ce texte en mutation (Venise 1567, Francfort 1581, Lyon 1612 et Paris 1627) : plus qu&rsquo;une \u0153uvre, la <em>Mythologie <\/em>constitue un corpus foisonnant auquel collabor\u00e8rent \u00e9diteurs, correcteurs, traducteurs et graveurs. Le projet est en cours de r\u00e9alisation et accueille volontiers de nouvelles participations. Contact : <a href=\"mailto:celine.bohnert@univ-reims.fr\">celine.bohnert@univ-reims.fr<\/a><\/li>\n<li>\u00ab Relics \u00bb : le r\u00e9seau international de recherche RELICS rassemble des chercheurs int\u00e9ress\u00e9s par le r\u00f4le dynamique du latin en tant que langue litt\u00e9raire et culturelle europ\u00e9enne. RELICS est l&rsquo;initiateur et le coordinateur d&rsquo;un r\u00e9seau de recherche scientifique plus vaste appel\u00e9 \u00ab Litt\u00e9ratures sans fronti\u00e8res. Une \u00e9tude historique &#8211; comparative de la transnationalit\u00e9 litt\u00e9raire pr\u00e9moderne \u00bb. Ce projet collaboratif se concentre sur les litt\u00e9ratures pr\u00e9modernes apr\u00e8s l&rsquo;Antiquit\u00e9 \u00e0 caract\u00e8re transnational et dans les limites g\u00e9ographiques englobant l&rsquo;Afrique du Nord, le Moyen-Orient et l&rsquo;Europe : latin, grec byzantin, Arabe et h\u00e9breu &#8211; Yiddish &#8211;<\/li>\n<li><strong>\u00ab <\/strong>Ricercar <strong>\u00bb <\/strong>: programme de recherche en musicologie cr\u00e9\u00e9 par le Centre d\u2019\u00c9tudes Sup\u00e9rieures de la Renaissance avec le concours de l\u2019Universit\u00e9 de Tours, du CNRS, et du Minist\u00e8re de la Culture). Direc- tion Vendrix.<\/li>\n<\/ul>\n","protected":false},"excerpt":{"rendered":"<p>22-24 septembre 2022, Prague, Charles University : \u00ab Medialatinitas IX : Nostalgia in\/and the Middle Ages\u00bb, IXe Congr\u00e8s international de latin m\u00e9di\u00e9val. Contact : lucie.dolezalova@ff.cuni.cz 28 septembre 2022 (13h45-18h), Bordeaux, Mus\u00e9e d\u2019Aquitaine : \u00ab Une histoire d\u2019absence ou un si\u00e8cle &hellip; <a href=\"https:\/\/www.semen-l.org\/?p=2584\">Continuer la lecture <span class=\"meta-nav\">&rarr;<\/span><\/a><\/p>\n","protected":false},"author":26,"featured_media":0,"comment_status":"open","ping_status":"open","sticky":false,"template":"","format":"standard","meta":{"footnotes":""},"categories":[4],"tags":[1857,1346,2070,940,1841,2115,159,1859,1334,889,417,2114,692,1790,1958,1508,371],"class_list":["post-2584","post","type-post","status-publish","format-standard","hentry","category-colloques","tag-avranches","tag-bible","tag-citation","tag-conti-natale","tag-correspondance","tag-gomorrhe-livre-de","tag-manuscrit","tag-mont-saint-michel","tag-montaigne-michel-de","tag-musique","tag-mythologie","tag-nostalgie","tag-philologie","tag-pierre-damien","tag-scriptorium","tag-tradition","tag-traduction"],"yoast_head":"<!-- This site is optimized with the Yoast SEO plugin v27.5 - https:\/\/yoast.com\/product\/yoast-seo-wordpress\/ -->\n<title>Colloques et congr\u00e8s 2022-2023 - SEMEN-L<\/title>\n<meta name=\"description\" content=\"Colloques, congr\u00e8s et programme de recherche 2022-2023 sur le m\u00e9dio et le n\u00e9o-latin recens\u00e9s par la Soci\u00e9t\u00e9 d&#039;\u00e9tudes m\u00e9dio et n\u00e9o-latines.\" \/>\n<meta name=\"robots\" content=\"index, follow, max-snippet:-1, max-image-preview:large, max-video-preview:-1\" \/>\n<link rel=\"canonical\" href=\"https:\/\/www.semen-l.org\/?p=2584\" \/>\n<meta property=\"og:locale\" content=\"fr_FR\" \/>\n<meta property=\"og:type\" content=\"article\" \/>\n<meta property=\"og:title\" content=\"Colloques et congr\u00e8s 2022-2023 - SEMEN-L\" \/>\n<meta property=\"og:description\" content=\"Colloques, congr\u00e8s et programme de recherche 2022-2023 sur le m\u00e9dio et le n\u00e9o-latin recens\u00e9s par la Soci\u00e9t\u00e9 d&#039;\u00e9tudes m\u00e9dio et n\u00e9o-latines.\" \/>\n<meta property=\"og:url\" content=\"https:\/\/www.semen-l.org\/?p=2584\" \/>\n<meta property=\"og:site_name\" content=\"Soci\u00e9t\u00e9 d&#039;\u00c9tudes M\u00e9dio Et N\u00e9o-Latines\" \/>\n<meta property=\"article:publisher\" content=\"https:\/\/www.facebook.com\/SEMENL2018\" \/>\n<meta property=\"article:published_time\" content=\"2023-01-01T09:55:56+00:00\" \/>\n<meta property=\"article:modified_time\" content=\"2024-03-11T17:18:24+00:00\" \/>\n<meta name=\"author\" content=\"Julien Maudoux\" \/>\n<meta name=\"twitter:card\" content=\"summary_large_image\" \/>\n<meta name=\"twitter:label1\" content=\"\u00c9crit par\" \/>\n\t<meta name=\"twitter:data1\" content=\"Julien Maudoux\" \/>\n\t<meta name=\"twitter:label2\" content=\"Dur\u00e9e de lecture estim\u00e9e\" \/>\n\t<meta name=\"twitter:data2\" content=\"9 minutes\" \/>\n<script type=\"application\/ld+json\" class=\"yoast-schema-graph\">{\"@context\":\"https:\\\/\\\/schema.org\",\"@graph\":[{\"@type\":\"Article\",\"@id\":\"https:\\\/\\\/www.semen-l.org\\\/?p=2584#article\",\"isPartOf\":{\"@id\":\"https:\\\/\\\/www.semen-l.org\\\/?p=2584\"},\"author\":{\"name\":\"Julien Maudoux\",\"@id\":\"http:\\\/\\\/www.semen-l.org\\\/#\\\/schema\\\/person\\\/ef5208815f17666727763c5363a51344\"},\"headline\":\"Colloques, congr\u00e8s et programme de recherche 2022-2023\",\"datePublished\":\"2023-01-01T09:55:56+00:00\",\"dateModified\":\"2024-03-11T17:18:24+00:00\",\"mainEntityOfPage\":{\"@id\":\"https:\\\/\\\/www.semen-l.org\\\/?p=2584\"},\"wordCount\":1943,\"commentCount\":0,\"publisher\":{\"@id\":\"http:\\\/\\\/www.semen-l.org\\\/#organization\"},\"keywords\":[\"Avranches\",\"Bible\",\"citation\",\"Conti (Natale)\",\"correspondance\",\"Gomorrhe (Livre de)\",\"manuscrit\",\"Mont Saint-Michel\",\"Montaigne (Michel de)\",\"musique\",\"mythologie\",\"nostalgie\",\"philologie\",\"Pierre Damien\",\"scriptorium\",\"tradition\",\"traduction\"],\"articleSection\":[\"Colloques\"],\"inLanguage\":\"fr-FR\",\"potentialAction\":[{\"@type\":\"CommentAction\",\"name\":\"Comment\",\"target\":[\"https:\\\/\\\/www.semen-l.org\\\/?p=2584#respond\"]}]},{\"@type\":\"WebPage\",\"@id\":\"https:\\\/\\\/www.semen-l.org\\\/?p=2584\",\"url\":\"https:\\\/\\\/www.semen-l.org\\\/?p=2584\",\"name\":\"Colloques et congr\u00e8s 2022-2023 - SEMEN-L\",\"isPartOf\":{\"@id\":\"http:\\\/\\\/www.semen-l.org\\\/#website\"},\"datePublished\":\"2023-01-01T09:55:56+00:00\",\"dateModified\":\"2024-03-11T17:18:24+00:00\",\"description\":\"Colloques, congr\u00e8s et programme de recherche 2022-2023 sur le m\u00e9dio et le n\u00e9o-latin recens\u00e9s par la Soci\u00e9t\u00e9 d'\u00e9tudes m\u00e9dio et n\u00e9o-latines.\",\"breadcrumb\":{\"@id\":\"https:\\\/\\\/www.semen-l.org\\\/?p=2584#breadcrumb\"},\"inLanguage\":\"fr-FR\",\"potentialAction\":[{\"@type\":\"ReadAction\",\"target\":[\"https:\\\/\\\/www.semen-l.org\\\/?p=2584\"]}]},{\"@type\":\"BreadcrumbList\",\"@id\":\"https:\\\/\\\/www.semen-l.org\\\/?p=2584#breadcrumb\",\"itemListElement\":[{\"@type\":\"ListItem\",\"position\":1,\"name\":\"Accueil\",\"item\":\"http:\\\/\\\/www.semen-l.org\\\/\"},{\"@type\":\"ListItem\",\"position\":2,\"name\":\"Colloques, congr\u00e8s et programme de recherche 2022-2023\"}]},{\"@type\":\"WebSite\",\"@id\":\"http:\\\/\\\/www.semen-l.org\\\/#website\",\"url\":\"http:\\\/\\\/www.semen-l.org\\\/\",\"name\":\"Soci\u00e9t\u00e9 d'\u00c9tudes M\u00e9dio Et N\u00e9o-Latines\",\"description\":\"\",\"publisher\":{\"@id\":\"http:\\\/\\\/www.semen-l.org\\\/#organization\"},\"potentialAction\":[{\"@type\":\"SearchAction\",\"target\":{\"@type\":\"EntryPoint\",\"urlTemplate\":\"http:\\\/\\\/www.semen-l.org\\\/?s={search_term_string}\"},\"query-input\":{\"@type\":\"PropertyValueSpecification\",\"valueRequired\":true,\"valueName\":\"search_term_string\"}}],\"inLanguage\":\"fr-FR\"},{\"@type\":\"Organization\",\"@id\":\"http:\\\/\\\/www.semen-l.org\\\/#organization\",\"name\":\"Soci\u00e9t\u00e9 d'\u00e9tudes m\u00e9dio et n\u00e9o-latines\",\"url\":\"http:\\\/\\\/www.semen-l.org\\\/\",\"logo\":{\"@type\":\"ImageObject\",\"inLanguage\":\"fr-FR\",\"@id\":\"http:\\\/\\\/www.semen-l.org\\\/#\\\/schema\\\/logo\\\/image\\\/\",\"url\":\"http:\\\/\\\/www.semen-l.org\\\/wp-content\\\/uploads\\\/2020\\\/11\\\/logo-semenl.jpg\",\"contentUrl\":\"http:\\\/\\\/www.semen-l.org\\\/wp-content\\\/uploads\\\/2020\\\/11\\\/logo-semenl.jpg\",\"width\":408,\"height\":403,\"caption\":\"Soci\u00e9t\u00e9 d'\u00e9tudes m\u00e9dio et n\u00e9o-latines\"},\"image\":{\"@id\":\"http:\\\/\\\/www.semen-l.org\\\/#\\\/schema\\\/logo\\\/image\\\/\"},\"sameAs\":[\"https:\\\/\\\/www.facebook.com\\\/SEMENL2018\",\"https:\\\/\\\/independent.academia.edu\\\/SocitsdtudesmdioetnolatinesSEMENL\"]},{\"@type\":\"Person\",\"@id\":\"http:\\\/\\\/www.semen-l.org\\\/#\\\/schema\\\/person\\\/ef5208815f17666727763c5363a51344\",\"name\":\"Julien Maudoux\",\"image\":{\"@type\":\"ImageObject\",\"inLanguage\":\"fr-FR\",\"@id\":\"https:\\\/\\\/secure.gravatar.com\\\/avatar\\\/caabf4fb6242e2277733cd35a5c2aa083761ea25dae1d1ff3298b54292225292?s=96&d=mm&r=g\",\"url\":\"https:\\\/\\\/secure.gravatar.com\\\/avatar\\\/caabf4fb6242e2277733cd35a5c2aa083761ea25dae1d1ff3298b54292225292?s=96&d=mm&r=g\",\"contentUrl\":\"https:\\\/\\\/secure.gravatar.com\\\/avatar\\\/caabf4fb6242e2277733cd35a5c2aa083761ea25dae1d1ff3298b54292225292?s=96&d=mm&r=g\",\"caption\":\"Julien Maudoux\"},\"description\":\"Webmestre du site de la SEMEN-L\",\"url\":\"https:\\\/\\\/www.semen-l.org\\\/?author=26\"}]}<\/script>\n<!-- \/ Yoast SEO plugin. -->","yoast_head_json":{"title":"Colloques et congr\u00e8s 2022-2023 - SEMEN-L","description":"Colloques, congr\u00e8s et programme de recherche 2022-2023 sur le m\u00e9dio et le n\u00e9o-latin recens\u00e9s par la Soci\u00e9t\u00e9 d'\u00e9tudes m\u00e9dio et n\u00e9o-latines.","robots":{"index":"index","follow":"follow","max-snippet":"max-snippet:-1","max-image-preview":"max-image-preview:large","max-video-preview":"max-video-preview:-1"},"canonical":"https:\/\/www.semen-l.org\/?p=2584","og_locale":"fr_FR","og_type":"article","og_title":"Colloques et congr\u00e8s 2022-2023 - SEMEN-L","og_description":"Colloques, congr\u00e8s et programme de recherche 2022-2023 sur le m\u00e9dio et le n\u00e9o-latin recens\u00e9s par la Soci\u00e9t\u00e9 d'\u00e9tudes m\u00e9dio et n\u00e9o-latines.","og_url":"https:\/\/www.semen-l.org\/?p=2584","og_site_name":"Soci\u00e9t\u00e9 d&#039;\u00c9tudes M\u00e9dio Et N\u00e9o-Latines","article_publisher":"https:\/\/www.facebook.com\/SEMENL2018","article_published_time":"2023-01-01T09:55:56+00:00","article_modified_time":"2024-03-11T17:18:24+00:00","author":"Julien Maudoux","twitter_card":"summary_large_image","twitter_misc":{"\u00c9crit par":"Julien Maudoux","Dur\u00e9e de lecture estim\u00e9e":"9 minutes"},"schema":{"@context":"https:\/\/schema.org","@graph":[{"@type":"Article","@id":"https:\/\/www.semen-l.org\/?p=2584#article","isPartOf":{"@id":"https:\/\/www.semen-l.org\/?p=2584"},"author":{"name":"Julien Maudoux","@id":"http:\/\/www.semen-l.org\/#\/schema\/person\/ef5208815f17666727763c5363a51344"},"headline":"Colloques, congr\u00e8s et programme de recherche 2022-2023","datePublished":"2023-01-01T09:55:56+00:00","dateModified":"2024-03-11T17:18:24+00:00","mainEntityOfPage":{"@id":"https:\/\/www.semen-l.org\/?p=2584"},"wordCount":1943,"commentCount":0,"publisher":{"@id":"http:\/\/www.semen-l.org\/#organization"},"keywords":["Avranches","Bible","citation","Conti (Natale)","correspondance","Gomorrhe (Livre de)","manuscrit","Mont Saint-Michel","Montaigne (Michel de)","musique","mythologie","nostalgie","philologie","Pierre Damien","scriptorium","tradition","traduction"],"articleSection":["Colloques"],"inLanguage":"fr-FR","potentialAction":[{"@type":"CommentAction","name":"Comment","target":["https:\/\/www.semen-l.org\/?p=2584#respond"]}]},{"@type":"WebPage","@id":"https:\/\/www.semen-l.org\/?p=2584","url":"https:\/\/www.semen-l.org\/?p=2584","name":"Colloques et congr\u00e8s 2022-2023 - SEMEN-L","isPartOf":{"@id":"http:\/\/www.semen-l.org\/#website"},"datePublished":"2023-01-01T09:55:56+00:00","dateModified":"2024-03-11T17:18:24+00:00","description":"Colloques, congr\u00e8s et programme de recherche 2022-2023 sur le m\u00e9dio et le n\u00e9o-latin recens\u00e9s par la Soci\u00e9t\u00e9 d'\u00e9tudes m\u00e9dio et n\u00e9o-latines.","breadcrumb":{"@id":"https:\/\/www.semen-l.org\/?p=2584#breadcrumb"},"inLanguage":"fr-FR","potentialAction":[{"@type":"ReadAction","target":["https:\/\/www.semen-l.org\/?p=2584"]}]},{"@type":"BreadcrumbList","@id":"https:\/\/www.semen-l.org\/?p=2584#breadcrumb","itemListElement":[{"@type":"ListItem","position":1,"name":"Accueil","item":"http:\/\/www.semen-l.org\/"},{"@type":"ListItem","position":2,"name":"Colloques, congr\u00e8s et programme de recherche 2022-2023"}]},{"@type":"WebSite","@id":"http:\/\/www.semen-l.org\/#website","url":"http:\/\/www.semen-l.org\/","name":"Soci\u00e9t\u00e9 d'\u00c9tudes M\u00e9dio Et N\u00e9o-Latines","description":"","publisher":{"@id":"http:\/\/www.semen-l.org\/#organization"},"potentialAction":[{"@type":"SearchAction","target":{"@type":"EntryPoint","urlTemplate":"http:\/\/www.semen-l.org\/?s={search_term_string}"},"query-input":{"@type":"PropertyValueSpecification","valueRequired":true,"valueName":"search_term_string"}}],"inLanguage":"fr-FR"},{"@type":"Organization","@id":"http:\/\/www.semen-l.org\/#organization","name":"Soci\u00e9t\u00e9 d'\u00e9tudes m\u00e9dio et n\u00e9o-latines","url":"http:\/\/www.semen-l.org\/","logo":{"@type":"ImageObject","inLanguage":"fr-FR","@id":"http:\/\/www.semen-l.org\/#\/schema\/logo\/image\/","url":"http:\/\/www.semen-l.org\/wp-content\/uploads\/2020\/11\/logo-semenl.jpg","contentUrl":"http:\/\/www.semen-l.org\/wp-content\/uploads\/2020\/11\/logo-semenl.jpg","width":408,"height":403,"caption":"Soci\u00e9t\u00e9 d'\u00e9tudes m\u00e9dio et n\u00e9o-latines"},"image":{"@id":"http:\/\/www.semen-l.org\/#\/schema\/logo\/image\/"},"sameAs":["https:\/\/www.facebook.com\/SEMENL2018","https:\/\/independent.academia.edu\/SocitsdtudesmdioetnolatinesSEMENL"]},{"@type":"Person","@id":"http:\/\/www.semen-l.org\/#\/schema\/person\/ef5208815f17666727763c5363a51344","name":"Julien Maudoux","image":{"@type":"ImageObject","inLanguage":"fr-FR","@id":"https:\/\/secure.gravatar.com\/avatar\/caabf4fb6242e2277733cd35a5c2aa083761ea25dae1d1ff3298b54292225292?s=96&d=mm&r=g","url":"https:\/\/secure.gravatar.com\/avatar\/caabf4fb6242e2277733cd35a5c2aa083761ea25dae1d1ff3298b54292225292?s=96&d=mm&r=g","contentUrl":"https:\/\/secure.gravatar.com\/avatar\/caabf4fb6242e2277733cd35a5c2aa083761ea25dae1d1ff3298b54292225292?s=96&d=mm&r=g","caption":"Julien Maudoux"},"description":"Webmestre du site de la SEMEN-L","url":"https:\/\/www.semen-l.org\/?author=26"}]}},"jetpack_featured_media_url":"","_links":{"self":[{"href":"https:\/\/www.semen-l.org\/index.php?rest_route=\/wp\/v2\/posts\/2584","targetHints":{"allow":["GET"]}}],"collection":[{"href":"https:\/\/www.semen-l.org\/index.php?rest_route=\/wp\/v2\/posts"}],"about":[{"href":"https:\/\/www.semen-l.org\/index.php?rest_route=\/wp\/v2\/types\/post"}],"author":[{"embeddable":true,"href":"https:\/\/www.semen-l.org\/index.php?rest_route=\/wp\/v2\/users\/26"}],"replies":[{"embeddable":true,"href":"https:\/\/www.semen-l.org\/index.php?rest_route=%2Fwp%2Fv2%2Fcomments&post=2584"}],"version-history":[{"count":0,"href":"https:\/\/www.semen-l.org\/index.php?rest_route=\/wp\/v2\/posts\/2584\/revisions"}],"wp:attachment":[{"href":"https:\/\/www.semen-l.org\/index.php?rest_route=%2Fwp%2Fv2%2Fmedia&parent=2584"}],"wp:term":[{"taxonomy":"category","embeddable":true,"href":"https:\/\/www.semen-l.org\/index.php?rest_route=%2Fwp%2Fv2%2Fcategories&post=2584"},{"taxonomy":"post_tag","embeddable":true,"href":"https:\/\/www.semen-l.org\/index.php?rest_route=%2Fwp%2Fv2%2Ftags&post=2584"}],"curies":[{"name":"wp","href":"https:\/\/api.w.org\/{rel}","templated":true}]}}