{"id":2532,"date":"2023-01-01T13:43:43","date_gmt":"2023-01-01T13:43:43","guid":{"rendered":"https:\/\/www.semen-l.org\/?p=2532"},"modified":"2023-01-28T13:46:17","modified_gmt":"2023-01-28T13:46:17","slug":"cours-et-seminaires-2022-2023","status":"publish","type":"post","link":"https:\/\/www.semen-l.org\/?p=2532","title":{"rendered":"Cours et s\u00e9minaires 2022-2023"},"content":{"rendered":"<h1>M\u00c9DIO-LATIN<\/h1>\n<p><strong>\u00c9<\/strong><strong>COLE NATIONALE DES C<\/strong><strong>HARTES<\/strong><\/p>\n<h1>Fran\u00e7ois Ploton-Nicollet<\/h1>\n<p>https:\/\/<a href=\"http:\/\/www.chartes.psl.eu\/fr\/recherche\/bundle\/cours\/sm_field_enseignant_lie\/profile2%3A335\">www.chartes.psl.eu\/fr\/recherche\/bundle\/cours\/sm_field_enseignant_lie\/profile2%3A335<\/a><\/p>\n<ul>\n<li>\u00ab Latin des textes litt\u00e9raires, approche linguistique \u00bb, lundi, 30-12.30, 7 nov.-12 d\u00e9c.<\/li>\n<li>\u00ab Latin des textes litt\u00e9raires, approche stylistique \u00bb, lundi, 30-1230, 26 sept.-31 oct.<\/li>\n<li>\u00ab Histoire des textes : l\u2019\u00e9pop\u00e9e de Virgile \u00e0 l\u2019Arioste \u00bb, lundi, 30-17.30, 26 sept.-31 oct.<\/li>\n<li>\u00ab Histoire des textes : les grands courants litt\u00e9raires du 3e au 12e s. \u00bb, mercredi, 13.30-15.30, 26 sept.-31<\/li>\n<li>\u00ab Codicologie th\u00e9orique \u00bb : lundi 8h30-10.30-12.30, 26 -31 oct.<\/li>\n<li>\u00ab Latin des documents de la pratique \u00bb (avec Guyotjeannin), le lundi, 14h30-15h30, 16 janv.- 21 avril.<\/li>\n<li>\u00ab Histoire des textes : Bible et culture biblique \u00bb, lundi, 30-11.30, 16 janv.- 21 avr. 65 rue de Richelieu (auditeurs libres sur inscription <a href=\"mailto:etudes@enc-sorbonne.fr\">etudes@enc-sorbonne.fr<\/a>)<\/li>\n<\/ul>\n<p>&nbsp;<\/p>\n<p><strong>\u00c9<\/strong><strong>COLE NORMALE SUP\u00c9RIEURE (U<\/strong><strong>LM)<\/strong><\/p>\n<p><strong>C\u00e9cile Lan\u00e9ry <\/strong>(IRHT)<\/p>\n<p>\u00ab Lecture et critique des manuscrits latins. Cours d\u2019initiation \u00bb. Inscrit au programme du master de recherche<\/p>\n<p>\u00ab \u00c9tudes m\u00e9di\u00e9vales : litt\u00e9rature, textes, savoirs \u00bb (Paris-Sorbonne, Sorbonne Nouvelle, ENS, ENC), mais ouvert \u00e0 tous sans inscription pr\u00e9alable. Outre la formation de base n\u00e9cessaire \u00e0 l\u2019\u00e9dition des textes anciens (pal\u00e9ographie, codicologie, ecdotique, histoire des textes), le s\u00e9minaire inclura des visites de biblioth\u00e8ques et des conf\u00e9rences faites par des intervenants ext\u00e9rieurs. Les mardis de 18h00 \u00e0 20h00, du 28 septembre 2022 \u00e0 juin 2023, salle Beckett, ENS, 45 rue d\u2019Ulm (Rez-de-Chauss\u00e9e), 75005 Paris.<\/p>\n<p>Contact : <a href=\"mailto:cecile.lanery@irht.cnrs.fr\">cecile.lanery@irht.cnrs.fr<\/a><\/p>\n<p>&nbsp;<\/p>\n<p>&nbsp;<\/p>\n<p><strong>Beno\u00eet Gr\u00e9vin <\/strong>(CNRS-CRH) et <strong>Cl\u00e9mence Revest <\/strong>(CNRS-Centre Roland Mousnier).<\/p>\n<p>\u00ab Latin m\u00e9di\u00e9val et renaissant pour les historiens \u00bb : \u00ab L\u2019ouverture de l\u2019humanisme latin, du grec \u00e0 l\u2019arabe \u00bb.<\/p>\n<p>Sous-cycle 1 (automne 2022, 10 s\u00e9ances). Byzantins et humanistes dans les universit\u00e9s, au d\u00e9but de la Renaissance : d\u00e9fense et institutionnalisation de l\u2019enseignement du grec (coord. C. Revest : premi\u00e8re s\u00e9ance 30 septembre 2022)<\/p>\n<p>Sous-cycle 2 (hiver-d\u00e9but printemps 2023, 10 s\u00e9ances). Les humanistes face \u00e0 l\u2019arabe et aux cultures musulmanes. Travailler en latin sur le Coran au quinzi\u00e8me si\u00e8cle (coord. B. Gr\u00e9vin, premi\u00e8re s\u00e9ance 27 janvier 2023).<\/p>\n<p>Les vendredis de 14H00 \u00e0 16H00, salle d\u2019histoire, \u00c9cole normale sup\u00e9rieure d\u2019Ulm-S\u00e8vres, 45 rue d\u2019Ulm. Ouvert \u00e0 tous, mais pr\u00e9inscriptions obligatoires<\/p>\n<p>Contact <a href=\"mailto:benoit.grevin@orange.fr\">benoit.grevin@orange.fr, <\/a>et <a href=\"mailto:cl.revest@gmail.com\">cl.revest@gmail.com<\/a><\/p>\n<p>&nbsp;<\/p>\n<p>&nbsp;<\/p>\n<p><strong>\u00c9<\/strong><strong>COLE NORMALE SUP\u00c9RIEURE (LSH-L<\/strong><strong>YON)<\/strong><\/p>\n<h1>Marie-C\u00e9line Isa\u00efa, Caroline Chevalier-Royet et Fr\u00e9d\u00e9ric Duplessis<\/h1>\n<p>\u00ab Atelier d&rsquo;\u00e9dition et de traduction des Miracula sancti Germani d&rsquo;Heiric d&rsquo;Auxerre \u00bb. Le mercredi de 13h30 \u00e0 15h30, S\u00e9ance inaugurale le 21 septembre 2021 puis sur un rythme bimensuel. Sources chr\u00e9tiennes, salle de s\u00e9minaire (22 rue Sala, Lyon 69002 1er \u00e9tage \u00e0 droite) ; https:\/\/sourceschretiennes.org\/seminaire\/heiric- auxerre-miracles-saint-germain-bhl-3462-0<\/p>\n<p>&nbsp;<\/p>\n<p>&nbsp;<\/p>\n<p><strong>\u00c9<\/strong><strong>COLE PRATIQUE DES H<\/strong><strong>AUTES \u00c9<\/strong><strong>TUDES<\/strong><\/p>\n<h1>C\u00e9dric Giraud avec Christophe Grellard<\/h1>\n<p>\u00ab Ex\u00e9g\u00e8se et th\u00e9ologie au XII<sup>e<\/sup> si\u00e8cle: autour des sermons de Pierre Ab\u00e9lard \u00bb. Sorbonne, vendredi tous les 15 jours, \u00e0 partir de novembre 2022, voir programme en ligne<\/p>\n<p>&nbsp;<\/p>\n<p><strong>Virginie Leroux \u2013 Anne-Marie Turcan-Verkerk<\/strong>, ILARA (Institut des langues rares)<\/p>\n<p>\u00ab S\u2019exprimer en latin du VI\u1d49 au XVI\u1d49 si\u00e8cle : 1000 ans de litt\u00e9rature m\u00e9connue \u00bb<\/p>\n<p>Initiation en 12 heures : mardis 27 septembre, 11 octobre, 8 novembre, 6 d\u00e9cembre, 10 janvier et 7 f\u00e9vrier, de 18h00 \u00e0 20h00, site Raspail, pr\u00e9sentiel et visioconf\u00e9rence<\/p>\n<p><a href=\"https:\/\/ilara.hypotheses.org\/formations\/cours-de-lilara\/europe\/latin-du-vi-au-xvi-s\">https:\/\/ilara.hypotheses.org\/formations\/cours-de-lilara\/europe\/latin-du-vi-au-xvi-s<\/a><\/p>\n<p>&nbsp;<\/p>\n<p>&nbsp;<\/p>\n<h1>Jean-Marc Mandosio<\/h1>\n<p>\u00ab Latin technique du XII<sup>e<\/sup> au XVIII<sup>e<\/sup> si\u00e8cle \u00bb<\/p>\n<ol>\n<li>Les dialogues philosophiques de Jacques Lef\u00e8vre d&rsquo;Etaples (1494)<\/li>\n<li>Textes magiques et alchimiques<\/li>\n<\/ol>\n<p>Sorbonne, escalier E, salle d\u2019\u00c9gyptologie (D054) ; les jeudis de 14 \u00e0 16 h, \u00e0 partir du 20 octobre Contact : <a href=\"mailto:jean-marc.mandosio@ephe.psl.eu\">jean-marc.mandosio@ephe.psl.eu<\/a><\/p>\n<p>&nbsp;<\/p>\n<p>&nbsp;<\/p>\n<h1>Anne-Marie Turcan-Verkerk<\/h1>\n<p>Atelier n\u00e9olatin<\/p>\n<p>Trois samedis par an de 9h30-13h : 19 nov. 2022, 4 mars et 10 juin 2023<\/p>\n<p>EPHE-PSL, salle d&rsquo;Histoire (alias D 52), Sorbonne, escalier E, 1<sup>er<\/sup> \u00e9tage (\u00e0 confirmer), et en visioconf\u00e9rence <u>Contact : <\/u><a href=\"mailto:anne-marie.turcan-verkerk@ephe.psl.eu\">anne-marie.turcan-verkerk@ephe.psl.eu<\/a><\/p>\n<p>&nbsp;<\/p>\n<p>&nbsp;<\/p>\n<p><strong>Anne-Marie Turcan-Verkerk <\/strong>(EPHE-PSL) et <strong>J. Delmulle<\/strong>, charg\u00e9 de conf\u00e9rences (IRHT)<\/p>\n<p>Langue et litt\u00e9rature latines du Moyen \u00c2ge : L\u00e9tald de Micy, un auteur et une \u0153uvre \u00e0 reconstruire : d\u00e9finition, \u00e9dition, traduction et commentaire des <em>Opera omnia <\/em>(suite).<\/p>\n<p>Charg\u00e9 des conf\u00e9rences : J. Delmulle, \u00ab Biblioth\u00e8ques augustiniennes : floril\u00e8ges patristiques et collections de livres anciennes (III). Lectures du <em>Liber epigrammatum <\/em>de Prosper d\u2019Aquitaine (VI<sup>e<\/sup>-XV<sup>e<\/sup> s.) \u00bb. Les mercredis de 10h00 \u00e0 12h00 ; date de reprise : mercredi 9 novembre 2022<\/p>\n<p>Contact : <a href=\"mailto:anne-marie.turcan-verkerk@ephe.sorbonne.fr\">anne-marie.turcan-verkerk@ephe.sorbonne.fr<\/a><\/p>\n<p>&nbsp;<\/p>\n<p>&nbsp;<\/p>\n<p><strong>I<\/strong><strong>NSTITUT DE R<\/strong><strong>ECHERCHE ET D\u2019H<\/strong><strong>ISTOIRE DES T<\/strong><strong>EXTES <\/strong>(sauf indication contraire : Campus Condorcet, B\u00e2timent Nord, 15 rue Waldeck Rochet ou 14 cours des Humanit\u00e9s, Aubervilliers, m\u00e9tro Front Populaire)<\/p>\n<p>&nbsp;<\/p>\n<p><strong>Le livre m\u00e9di\u00e9val au regard des m\u00e9thodes quantitatives (Ecole d\u2019\u00e9t\u00e9), <\/strong>org. E. COTTEREAU (univ. Paris 1),<\/p>\n<ol>\n<li>JULIEN (univ. Paris 1), C. KIKUCHI (UVSQ) et D. STUTZMANN (IRHT), 19-23 juin 2023 de 9h \u00e0 18h, Campus Condorcet, \u00c9cole nationale des Chartes, Sorbonne<\/li>\n<\/ol>\n<p>&nbsp;<\/p>\n<p>&nbsp;<\/p>\n<p><strong><em>Stage d\u2019initiation au manuscrit m\u00e9di\u00e9val <\/em>: <\/strong>octobre-novembre 2023<\/p>\n<p>&nbsp;<\/p>\n<p>&nbsp;<\/p>\n<ol>\n<li><strong>Albiero<\/strong> (IRHT), <strong>F.<\/strong> <strong>Sedda<\/strong> (Centre d\u2019\u00e9tudes Santa Rosa de Viterbe)<\/li>\n<\/ol>\n<p>\u00ab Laboratorio per l\u2019edizione delle fonti liturgiche \u00bb<\/p>\n<p>Une fois par mois \u00e0 partir du 27 octobre de 17h \u00e0 19h30, visio-conf\u00e9rence<\/p>\n<p>&nbsp;<\/p>\n<p>&nbsp;<\/p>\n<ol>\n<li><strong> P. Barone <\/strong>(IRHT) et <strong>A. Perrot <\/strong>(CESR)<\/li>\n<\/ol>\n<p>\u00ab \u00c9diter et commenter les paratextes de la Bible : m\u00e9thodes et enjeux \u00bb (manuscrits grecs et latins, manuscrits orientaux)<\/p>\n<p>Un jeudi par mois \u00e0 partir du 6 octobre de 10h \u00e0 12h<\/p>\n<p>&nbsp;<\/p>\n<p>&nbsp;<\/p>\n<h1>S\u00e9bastien Barret<\/h1>\n<p>&nbsp;<\/p>\n<ul>\n<li>Approches professionnelles des archives, niveau 2 : les 26 octobre et les 16 et 23 novembre, de 14h \u00e0 17h \u00e0 l&rsquo;universit\u00e9 d&rsquo;Orl\u00e9ans, Collegium LLSH<\/li>\n<li>\u00ab Probl\u00e8mes d\u2019ecdotique des documents diplomatiques m\u00e9di\u00e9vaux. \u00c9tablir les textes, \u00e9diter les chartes 2<sup>e<\/sup> et 4<sup>e<\/sup> jeudi \u00e0 partir du 13 octobre, 10h-12h. Contact : <a href=\"mailto:sebastien.barret@irht.cnrs.fr\">barret@irht.cnrs.fr<\/a><\/li>\n<\/ul>\n<p>&nbsp;<\/p>\n<p>&nbsp;<\/p>\n<p><strong>Monica Br\u00eenzei <\/strong>(IRHT), <strong>Ir\u00e8ne Caiazzo <\/strong>(LEM), <strong>Christophe Grellard <\/strong>(EPHE) et <strong>C. K\u00f6nig-Pralong<\/strong><\/p>\n<p>(EHESS)<\/p>\n<p>\u00ab La philosophie m\u00e9di\u00e9vale \u00e0 Condorcet \u00bb ; une fois par mois \u00e0 partir du 20 octobre de 17h \u00e0 19h<\/p>\n<p>&nbsp;<\/p>\n<p>&nbsp;<\/p>\n<p><strong>Jean-Charles Coulon <\/strong>(IRHT) et <strong>Julien V\u00e9ron\u00e8se <\/strong>(univ. Orl\u00e9ans, IRHT)<\/p>\n<p>\u00ab Le monde et ses merveilles. Cosmologie, g\u00e9ographie et nature au Moyen \u00c2ge entre Orient et Occident \u00bb ; un vendredi par mois \u00e0 partir du 21 octobre de 10h \u00e0 12h, Centre Augustin-Thierry (Orl\u00e9ans)<\/p>\n<p>&nbsp;<\/p>\n<p>&nbsp;<\/p>\n<h1>Jeremy Delmulle et Claudia Rabel<\/h1>\n<p>\u00ab Histoires des biblioth\u00e8ques anciennes. Fragments et biblioth\u00e8ques \u00bb ; un jeudi par mois \u00e0 partir du 13 octobre de 10h \u00e0 12h<\/p>\n<p>Contact : <a href=\"mailto:jeremy.delmulle@cnrs.fr\">jeremy.delmulle@cnrs.fr<\/a><\/p>\n<p>&nbsp;<\/p>\n<p>&nbsp;<\/p>\n<h1>Isabelle Draelants<\/h1>\n<p>\u00ab Atelier de traduction de textes scientifiques latin m\u00e9di\u00e9vaux : <em>Minuta, vermes, annulosa, reptilia <\/em>: insectes et vermine dans les textes m\u00e9di\u00e9vaux sur la nature \u00bb.<\/p>\n<p>2<sup>e<\/sup> et 4<sup>e<\/sup> jeudi du mois \u00e0 partir du 27 octobre de 10h \u00e0 12h, 2<sup>e<\/sup> \u00e9tage et visioconf\u00e9rence Programme des s\u00e9ances et informations sur <a href=\"https:\/\/ateliervdb.hypotheses.org\/693\">https:\/\/ateliervdb.hypotheses.org\/693<\/a><\/p>\n<p>Contact : <a href=\"mailto:isabelle.draelants@irht.cnrs.fr\">isabelle.draelants@irht.cnrs.fr<\/a><\/p>\n<p>&nbsp;<\/p>\n<p>&nbsp;<\/p>\n<p><strong>J.-Fr. Goudesenne <\/strong>(IRHT) et <strong>S. Zapke <\/strong>(Wien Universit\u00e4t)<\/p>\n<p>\u00ab Musicologie, philologie et m\u00e9di\u00e9vistique face aux mythes et croyances. L\u2019historiographie du Cantus (590- 1071) \u00bb<\/p>\n<p>Tous les deux mois \u00e0 partir du jeudi 29 septembre de 10h \u00e0 16h, Biblioth\u00e8que Sainte-Genevi\u00e8ve \/ Campus Condorcet<\/p>\n<p>&nbsp;<\/p>\n<p>&nbsp;<\/p>\n<h1>E. Kuhry et J. Delmulle<\/h1>\n<p>Les p\u2019tits d\u00e9j\u2019 \u00ab Humanit\u00e9s num\u00e9riques \u00bb de l\u2019IRHT<\/p>\n<p>Un vendredi par mois \u00e0 partir du 14 octobre de 9h30 \u00e0 12h30<\/p>\n<p>&nbsp;<\/p>\n<p>&nbsp;<\/p>\n<h1>Claudia Rabel<\/h1>\n<p>\u00ab Les Ymagiers. Conf\u00e9rences sur l\u2019iconographie m\u00e9di\u00e9vale \u00bb.<\/p>\n<p>\u00c9cole du Louvre, lundi \u00e0 partir du 10 octobre, 17 h 30-19h30. Contact : <a href=\"mailto:claudia.rabel@irht.cnrs.fr\">claudia.rabel@irht.cnrs.fr<\/a><\/p>\n<p>&nbsp;<\/p>\n<p>&nbsp;<\/p>\n<p><strong>U<\/strong><strong>NIVERSIT\u00c9 B<\/strong><strong>ORDEAUX M<\/strong><strong>ONTAIGNE<\/strong><\/p>\n<h1>Dani\u00e8le James-Raoul<\/h1>\n<p>S\u00e9minaire de M2 (3MDRM21) Litt\u00e9rature et arts du monde, semestre 1 : \u00ab Questions de style dans la litt\u00e9rature du Moyen \u00c2ge (XII<sup>e<\/sup>-XIII<sup>e<\/sup> si\u00e8cles) \u00bb, mercredi 15h30-17h30, Semestre 1, salle I 307.<\/p>\n<p>&nbsp;<\/p>\n<p><strong>U<\/strong><strong>NIVERSIT\u00c9 DE G<\/strong><strong>EN\u00c8VE<\/strong><\/p>\n<h1>C. Giraud<\/h1>\n<p>semestre d&rsquo;automne \u00ab\u00a0Les genres de la litt\u00e9rature m\u00e9diolatine\u00a0\u00bb; semestre de printemps : Le Dolopathos latin, un roman d&rsquo;aventures du XIII<sup>e<\/sup> si\u00e8cle\u00a0\u00bb.<\/p>\n<p>&nbsp;<\/p>\n<p>mardi, 8h-10h: contact cedricgiraud@gmail.com<\/p>\n<p>&nbsp;<\/p>\n<p>&nbsp;<\/p>\n<p><strong>U<\/strong><strong>NIVERSIT\u00c9 CATHOLIQUE DE L<\/strong><strong>OUVAIN (Louvain-la-Neuve, Belgique)<\/strong><\/p>\n<p>\u00ab\u00a0Cultures latine et fran\u00e7aise du Moyen-\u00c2ge et des Temps modernes\u00a0\u00bb, dans le master 120 en Langues et Lettres anciennes et modernes: <a href=\"https:\/\/uclouvain.be\/prog-2022-lafr2m-programme\">https:\/\/uclouvain.be\/prog-2022-lafr2m-programme<\/a><\/p>\n<p>&nbsp;<\/p>\n<p>&nbsp;<\/p>\n<p><strong>U<\/strong><strong>NIVERSIT\u00c9 D\u2019O<\/strong><strong>RL\u00c9ANS ET IRHT<\/strong><\/p>\n<ol>\n<li><strong> V\u00e9ron\u00e8se <\/strong>(Univ. Orl\u00e9ans) et <strong>J.-Ch. Coulon <\/strong>(IRHT)<\/li>\n<\/ol>\n<p>\u00ab Le monde et ses merveilles : cosmologie, g\u00e9ographie et nature au Moyen \u00c2ge entre Orient et Occident \u00bb. Le s\u00e9minaire propose d\u2019explorer la question des repr\u00e9sentations du monde et de ses merveilles au sens large dans les diff\u00e9rentes traditions du bassin m\u00e9diterran\u00e9en.<\/p>\n<p>Programme de l\u2019ann\u00e9e : <a href=\"https:\/\/www.irht.cnrs.fr\/fr\/agenda\/seminaire\/le-monde-et-ses-merveilles-cosmologie-geographie-et-nature-au-moyen-age-entre\">https:\/\/www.irht.cnrs.fr\/fr\/agenda\/seminaire\/le-monde-et-ses-merveilles-<\/a> <a href=\"https:\/\/www.irht.cnrs.fr\/fr\/agenda\/seminaire\/le-monde-et-ses-merveilles-cosmologie-geographie-et-nature-au-moyen-age-entre\">cosmologie-geographie-et-nature-au-moyen-age-entre<\/a><\/p>\n<p>IRHT, Centre Augustin-Thierry (Orl\u00e9ans). Un vendredi par mois (10h-12h) \u00e0 partir du 21 octobre 2022. Entr\u00e9e libre, contacts : <a href=\"mailto:jean-charles.coulon@irht.cnrs.fr\">jean-charles.coulon@irht.cnrs.fr, <\/a><a href=\"mailto:julien.veronese@univ-orleans.fr\">julien.veronese@univ-orleans.fr<\/a><\/p>\n<p>&nbsp;<\/p>\n<p>&nbsp;<\/p>\n<p>&nbsp;<\/p>\n<h1>N\u00c9O-LATIN<\/h1>\n<p><strong>\u00a0<\/strong><\/p>\n<p><strong>\u00a0<\/strong><\/p>\n<p><strong>\u00c9<\/strong><strong>COLE NORMALE SUP\u00c9RIEURE (U<\/strong><strong>LM)<\/strong><\/p>\n<p><strong>Beno\u00eet Gr\u00e9vin <\/strong>(CNRS-CRH) <strong>et Cl\u00e9mence Revest <\/strong>(CNRS-centre Roland Mousnier) Vendredi 14h-16 heures (Salle d\u2019histoire).<\/p>\n<p>Le s\u00e9minaire est constitu\u00e9 de deux modules de dix s\u00e9ances chacune visant \u00e0 approfondir la connaissance du latin pratiqu\u00e9 aux XII<sup>e<\/sup>-XV<sup>e<\/sup> si\u00e8cles par l\u2019\u00e9tude comment\u00e9e de textes dans une optique interdisciplinaire (traductions, probl\u00e8mes d\u2019analyse linguistique et stylistique, aspects historiques, aspects rh\u00e9toriques), mais dans une perspective avant tout historique.<\/p>\n<p>L\u2019alternance entre un semestre consacr\u00e9 \u00e0 des formes d\u2019\u00e9criture proprement m\u00e9di\u00e9vales, et un autre \u00e0 des formes d\u2019\u00e9criture renaissantes en partie n\u00e9o-classiques donne une vue compl\u00e9mentaire sur les diff\u00e9rentes pratiques du latin au bas Moyen \u00c2ge.<\/p>\n<p>Les deux modules de dix s\u00e9ances peuvent \u00eatre suivis ensemble ou s\u00e9par\u00e9ment. Les enseignants assurent \u00e0 la demande un suivi des probl\u00e8mes de traduction et d\u2019interpr\u00e9tation des sources latines utilis\u00e9es par les \u00e9tudiants dans leurs propres travaux.<\/p>\n<p>Contacts : <a href=\"mailto:benoit.grevin@orange.fr\">benoit.grevin@orange.fr <\/a>et <a href=\"mailto:cl.revest@gmail.com\">cl.revest@gmail.com<\/a><\/p>\n<p>&nbsp;<\/p>\n<p><strong>\u00c9<\/strong><strong>COLE PRATIQUE DES H<\/strong><strong>AUTES \u00c9<\/strong><strong>TUDES<\/strong><\/p>\n<p><strong>\u00a0<\/strong><\/p>\n<h1>Virginie Leroux<\/h1>\n<p>S\u00e9minaire de langue et litt\u00e9ratures n\u00e9o-latines : po\u00e9sie, mythographie, po\u00e9tique, le vendredi de 16h00 \u00e0 18h00, en pr\u00e9sence (17, rue de la Sorbonne, 75005 Paris &#8211; Salle D054) ou \u00e0 distance (ID de r\u00e9union : 352 132 805 329<\/p>\n<p>Code secret : spBBTz). Projets en cours :<\/p>\n<p>Edition des <em>Poemata <\/em>de Th\u00e9ocr\u00e8ne, po\u00e8te de Fran\u00e7ois I<sup>er<\/sup> (en collaboration avec Sylvie Laigneau-Fontaine) Edition collective du livre I de <em>L\u2019Histoire des dieux pa\u00efens <\/em>de Lilio Gregorio Giraldi (1551)<\/p>\n<p>Un t\u00e9moignage in\u00e9dit sur le camp du drap d\u2019or (en collaboration avec John Nassichuk)<\/p>\n<p>La biblioth\u00e8que des mythographes, en partenariat avec les projets <em>IPhiS\/CIRIS <\/em>et <em>Mythologia<\/em><\/p>\n<p>Traduire du vernaculaire au latin<\/p>\n<p>&nbsp;<\/p>\n<p><strong>Virginie Leroux \u2013 Anne-Marie Turcan-Verkerk<\/strong>, ILARA (Institut des langues rares)<\/p>\n<p>\u00ab S\u2019exprimer en latin du VI\u1d49 au XVI\u1d49 si\u00e8cle : 1000 ans de litt\u00e9rature m\u00e9connue \u00bb<\/p>\n<p>Initiation en 12 heures : mardis 27 septembre, 11 octobre, 8 novembre, 6 d\u00e9cembre, 10 janvier et 7 f\u00e9vrier, de 18h00 \u00e0 20h00, site Raspail, pr\u00e9sentiel et visioconf\u00e9rence<\/p>\n<p><a href=\"https:\/\/ilara.hypotheses.org\/formations\/cours-de-lilara\/europe\/latin-du-vi-au-xvi-s\">https:\/\/ilara.hypotheses.org\/formations\/cours-de-lilara\/europe\/latin-du-vi-au-xvi-s<\/a><\/p>\n<p>&nbsp;<\/p>\n<p><strong>A<\/strong><strong>IX-M<\/strong><strong>ARSEILLE U<\/strong><strong>NIVERSIT\u00c9<\/strong><\/p>\n<h1>B\u00e9atrice Charlet et Carine Ferradou<\/h1>\n<p>&#8211;<u>Option \u00ab Latin norm\u00e9 et litt\u00e9rature humaniste <\/u>\u00bb, S1 : 3 s\u00e9ances de 3 heures hebdomadaires, sur 3 niveaux de langue (d\u00e9butants, interm\u00e9diaires, avanc\u00e9s, th\u00e8mes respectifs : \u00ab \u00c0 l\u2019\u00e9cole des humanistes \u00bb, \u00ab Genres populaires en latin : collection de Fac\u00e9ties \u00bb, \u00ab R\u00e9ception et \u00e9volution des genres po\u00e9tiques antiques \u00e0 partir de la Renaissance).<\/p>\n<ul>\n<li><u>Option \u00ab Culture et litt\u00e9rature humaniste<\/u> \u00bb, S2 : 3 s\u00e9ances de 3 heures hebdomadaires, sur 3 niveaux de langue \u00a0(d\u00e9butants,\u00a0\u00a0\u00a0\u00a0\u00a0\u00a0 \u00a0interm\u00e9diaires,\u00a0\u00a0\u00a0\u00a0\u00a0\u00a0 \u00a0avanc\u00e9s,\u00a0\u00a0\u00a0\u00a0\u00a0\u00a0 \u00a0th\u00e8mes\u00a0\u00a0\u00a0\u00a0\u00a0\u00a0 \u00a0respectifs :\u00a0\u00a0\u00a0\u00a0\u00a0\u00a0 \u00a0\u00ab\u00a0\u00a0\u00a0\u00a0\u00a0\u00a0 \u00a0Les humanistes\u00a0 \u00a0\u00e0\u00a0 \u00a0la\u00a0 \u00a0d\u00e9couverte\u00a0 \u00a0du\u00a0 \u00a0monde\u00a0 \u00a0\u00bb,\u00a0 \u00a0\u00ab\u00a0 \u00a0\u00c9mergence\u00a0 \u00a0de\u00a0 \u00a0l\u2019individu\u00a0 \u00a0dans\u00a0\u00a0\u00a0 les\u00a0\u00a0\u00a0 genres litt\u00e9raires\u00a0 \u00a0humanistes\u00a0 \u00a0\u00bb,\u00a0\u00a0\u00a0 \u00ab\u00a0\u00a0\u00a0 R\u00e9flexion\u00a0\u00a0\u00a0 sur\u00a0\u00a0\u00a0 la\u00a0\u00a0\u00a0 langue\u00a0\u00a0\u00a0 et\u00a0\u00a0\u00a0 les\u00a0\u00a0\u00a0 langues\u00a0\u00a0\u00a0 de\u00a0\u00a0\u00a0 Dante\u00a0\u00a0\u00a0 \u00e0\u00a0\u00a0\u00a0 la p\u00e9riode moderne \u00bb).<\/li>\n<li><u>Option \u00ab La r\u00e9volution humaniste et l\u2019humanisme en Provence : de P\u00e9trarque \u00e0 Gassendi \u00bb<\/u>, S2, 3h<\/li>\n<li>S\u00e9minaire de Master sur les voyages : \u00ab <em>Homo viator <\/em>\u00bb : 4 s\u00e9ances de 3 heures (\u00ab Les voyages dans l\u2019Antiquit\u00e9 ; le mythe d\u2019Ulysse et ses avatars jusqu\u2019\u00e0 nos jours \u00bb ; \u00ab Le voyage au Moyen-\u00c2ge \u00bb, \u00ab Voyages de \u00a0d\u00e9couverte\u00a0\u00a0\u00a0\u00a0\u00a0 \u00a0\u00e0\u00a0\u00a0\u00a0\u00a0\u00a0 \u00a0la\u00a0\u00a0\u00a0\u00a0\u00a0\u00a0\u00a0 Renaissance\u00a0\u00a0\u00a0\u00a0\u00a0\u00a0\u00a0 \u00bb,\u00a0\u00a0\u00a0\u00a0\u00a0\u00a0\u00a0 \u00ab\u00a0\u00a0\u00a0\u00a0\u00a0\u00a0\u00a0 P\u00e9trarque\u00a0\u00a0\u00a0\u00a0\u00a0\u00a0\u00a0 et\u00a0\u00a0\u00a0\u00a0\u00a0\u00a0\u00a0 Nostradamus\u00a0\u00a0\u00a0\u00a0\u00a0\u00a0\u00a0 : deux figures de l\u2019humanisme en Provence \u00bb).<\/li>\n<\/ul>\n<p>&nbsp;<\/p>\n<p>&nbsp;<\/p>\n<h1>Carine Ferradou<\/h1>\n<ul>\n<li>stage de 12h en Histoire des id\u00e9es politiques : \u00ab Le pouvoir d\u2019un seul ? Pouvoir et contre-pouvoirs ; partisans et d\u00e9tracteurs de la monarchie absolue dans l\u2019Europe de la Renaissance \u00bb (Universit\u00e9 du Temps Libre).<\/li>\n<\/ul>\n<p>&nbsp;<\/p>\n<p>&nbsp;<\/p>\n<p><strong>U<\/strong><strong>NIVERSIT\u00c9 DE B<\/strong><strong>OURGOGNE<\/strong><\/p>\n<h1>Sylvie Laigneau-Fontaine<\/h1>\n<p>S\u00e9minaire M1-M2, 1<sup>er<\/sup> semestre : \u00ab Une litt\u00e9rature de langue latine en Europe au XVIe si\u00e8cle \u00bb<\/p>\n<p>Ce s\u00e9minaire propose, en textes originaux et en textes traduits, un panorama de la litt\u00e9rature n\u00e9o-latine dans diff\u00e9rents pays d\u2019Europe, \u00e0 travers la figure de plusieurs grands humanistes et par le biais de plusieurs genres litt\u00e9raires.<\/p>\n<p>&nbsp;<\/p>\n<p>&nbsp;<\/p>\n<p><strong>U<\/strong><strong>NIVERSIT\u00c9<\/strong> <strong>CATHOLIQUE DE L<\/strong><strong>OUVAIN (Louvain-la-Neuve, Belgique) Aline Smeesters<\/strong><\/p>\n<p>Finalit\u00e9 sp\u00e9cialis\u00e9e en \u00ab\u00a0Cultures latine et fran\u00e7aise du Moyen \u00c2ge et des Temps modernes\u00a0\u00bb dans le master 120 en Langues et Lettres anciennes et modernes : <a href=\"https:\/\/uclouvain.be\/prog-2022-lafr2m-programme\">https:\/\/uclouvain.be\/prog-2022-lafr2m-programme<\/a><\/p>\n<p>&nbsp;<\/p>\n<p>&nbsp;<\/p>\n<p><strong>U<\/strong><strong>NIVERSIT\u00c9 P<\/strong><strong>ARIS E<\/strong><strong>ST C<\/strong><strong>R\u00c9TEIL (UPEC)<\/strong><\/p>\n<h1>Anne Raffarin<\/h1>\n<p>S\u00e9minaire second semestre : \u00ab Arts et Lettres \u00e0 l\u2019\u00e2ge de l\u2019humanisme : h\u00e9ritage antique et cr\u00e9ation \u00bb.<\/p>\n<p>&nbsp;<\/p>\n<p>&nbsp;<\/p>\n<p><strong>U<\/strong><strong>NIVERSIT\u00c9 P<\/strong><strong>ARIS S<\/strong><strong>ORBONNE<\/strong><\/p>\n<h1>Lor\u00e8ne Bellanger<\/h1>\n<p><strong>TD de L3 (1h00), <\/strong>option \u00ab Litt\u00e9rature et culture latines de la Renaissance \u00bb, S2 : \u00ab La po\u00e9sie n\u00e9o-latine du XVII<sup>e<\/sup> si\u00e8cle : les <em>Carmina <\/em>de Jean Commire \u00bb<\/p>\n<p>&nbsp;<\/p>\n<p><strong>H\u00e9l\u00e8ne Casanova-Robin <\/strong>(<a href=\"mailto:helene.casanova-robin@sorbonne-universite.fr\">helene.casanova-robin@sorbonne-universite.fr<\/a>)<\/p>\n<p>S\u00e9minaire : Litt\u00e9rature latine de la Renaissance, jeudi 15h-17h Maison de la recherche (salle D 42)<\/p>\n<ul>\n<li>Semestre 1 (M1\/M3 LC26LA) : \u00ab Mythe et po\u00e9sie : le ciel, les hommes et les dieux, dans la po\u00e9sie latine de la Renaissance- \u00e9tude des constellations et des mythes aff\u00e9rents \u00bb<\/li>\n<\/ul>\n<p>Dans le sillage de Lucr\u00e8ce, de Virgile, d\u2019Ovide et de Manilius, les humanistes \u00e9laborent une po\u00e9sie latine destin\u00e9e \u00e0 repr\u00e9senter la nature dans sa dimension universelle. Ils r\u00e9fl\u00e9chissent aussi bien sur les ph\u00e9nom\u00e8nes<\/p>\n<p>&nbsp;<\/p>\n<p>terrestres et c\u00e9lestes que sur la dynamique du vivant et la condition humaine, partant du principe que le monde est un tout dont il s\u2019agit d\u2019exposer la coh\u00e9sion.<\/p>\n<p>Gr\u00e2ce \u00e0 une subtile articulation entre merveilleux et rationalit\u00e9, le mythe occupe dans cette d\u00e9monstration une place de choix, constituant bien plus qu\u2019un ornement du discours. La po\u00e9sie didactique jubilatoire ainsi \u00e9labor\u00e9e renouvelle les formes litt\u00e9raires antiques et, nourrie des savants d\u00e9bats contemporains, elle inspire programmes d\u00e9coratifs et \u0153uvres en langue moderne.<\/p>\n<p>On \u00e9tudiera, notamment \u00e0 partir de l\u2019<em>Urania <\/em>de Giovanni Pontano &#8211; et des <em>Hymni Naturales <\/em>de Marulle-, comment la science des astres et de l\u2019univers b\u00e9n\u00e9ficie de ce langage po\u00e9tique raffin\u00e9 et participe d\u2019un ample questionnement sur l\u2019origine de l\u2019humanit\u00e9 et le destin des hommes. La po\u00e9sie du ciel n\u2019est en effet jamais dissoci\u00e9e d\u2019une r\u00e9flexion sur l\u2019anthropologie ni des questions \u00e9thiques. Les mythes antiques sont revisit\u00e9s, au gr\u00e9 des interpr\u00e9tations qui leur ont \u00e9t\u00e9 associ\u00e9es au cours des si\u00e8cles et de nouveaux mythes sont \u00e9labor\u00e9s. (N.B. S\u2019il s\u2019agit des m\u00eames auteurs que ceux indiqu\u00e9s en 2021, les extraits \u00e9tudi\u00e9s en 2022 seront diff\u00e9rents).<\/p>\n<ul>\n<li>Semestre 2 (M2\/M4 LC26LA : \u00ab Commenter les textes antiques \u00e0 l\u2019\u00e2ge de l\u2019humanisme et \u00e0 la Renaissance \u00bb<\/li>\n<\/ul>\n<p>Le commentaire des textes antiques acquiert une forme nouvelle \u00e0 l\u2019\u00e2ge de l\u2019humanisme et de la renaissance. Des textes \u00ab oubli\u00e9s \u00bb au cours du Moyen \u00c2ge sont alors red\u00e9couverts et la forme m\u00eame du commentaire se diversifie. Si la tradition des scholies antiques perdure, apparaissent aussi des dialogues qui mettent en d\u00e9bat les \u00e9crits de l\u2019antiquit\u00e9, les doctrines et les modes de pens\u00e9e ; plus encore, ce sont aussi des \u0153uvres de fiction, en prose ou en po\u00e9sie, romanesques ou dramatiques qui portent \u00e9galement une vis\u00e9e ex\u00e9g\u00e9tique. La mythologie demeure un objet de pr\u00e9dilection de ces commentaires, mat\u00e9riau qui s\u2019est si bien pr\u00eat\u00e9 \u00e0 v\u00e9hiculer toutes sortes de symbolismes. Les grandes \u0153uvres de l\u2019antiquit\u00e9, Virgile, Platon, Cic\u00e9ron, donnent ainsi lieu \u00e0 des analyses pr\u00e9cises qui t\u00e9moignent d\u2019un nouvel \u00e9clairage, porteur des pr\u00e9occupations contemporaines de leurs auteurs, qu\u2019elles soient d\u2019ordre politique, religieux, moral ou esth\u00e9tique et bien s\u00fbr, philologiques.<\/p>\n<p>Nous \u00e9tudierons quelques exemples de cette diversit\u00e9 des discours ex\u00e9g\u00e9tiques dans les corpus latins du XVe si\u00e8cle italien.<\/p>\n<p>&nbsp;<\/p>\n<h1>Adrian Faure<\/h1>\n<p><strong>TD de L3 (1h00), <\/strong>option \u00ab Litt\u00e9rature et culture latines de la Renaissance \u00bb, S1 : \u00ab Qu\u2019est-ce qu\u2019un homme illustre ? L\u2019exemple de Scipion \u00e0 la Renaissance \u00bb<\/p>\n<p>&nbsp;<\/p>\n<h1>\u00c9milie S\u00e9ris<\/h1>\n<p>-CM\/TD de L1 et L2 (2h00), option \u00ab Litt\u00e9rature et culture latines de la Renaissance \u00bb, (S1 et S2) : \u00ab Le nu dans la litt\u00e9rature et les arts de la Renaissance \u00bb.<\/p>\n<p>-CM\/TD de L2 (3h00), bi-cursus Lettres (Sorbonne) \/Sciences sociales (Sciences Po), S2 : \u00ab Prolongements de l\u2019Antiquit\u00e9 \u00e0 l\u2019\u00e2ge de l\u2019humanisme \u00bb.<\/p>\n<p>-CM de L3 (1h00), option \u00ab Litt\u00e9rature et culture latines de la Renaissance \u00bb, S1 : \u00ab Portraits d\u2019hommes illustres de la Renaissance \u00bb ; S2 : \u00ab Les Muses n\u00e9o-latines : de l\u2019humanisme au classicisme \u00bb<\/p>\n<p>-Agr\u00e9gation d\u2019Italien, \u00e9preuve orale de latin sur auteur : \u00ab P\u00e9trarque, <em>Affrica<\/em>, V \u00bb.<\/p>\n<p>&nbsp;<\/p>\n<p>&nbsp;<\/p>\n<p><strong>U<\/strong><strong>NIVERSIT\u00c9 DE P<\/strong><strong>ICARDIE J<\/strong><strong>ULES V<\/strong><strong>ERNE (UPJV)<\/strong><\/p>\n<h1>Laurence Boul\u00e8gue<\/h1>\n<ul>\n<li>CM de L3 : \u00ab La litt\u00e9rature latine au Moyen \u00c2ge et \u00e0 la Renaissance \u00bb<\/li>\n<\/ul>\n<p>Ce cours se propose d\u2019\u00e9tudier les principaux courants et les grands auteurs de la litt\u00e9rature latine de la Renaissance dans ses liens avec les sources classiques et m\u00e9di\u00e9vales, qu\u2019il s\u2019agisse des permanences ou des points de rupture, dans le contexte de la reconfiguration des enseignements des cursus universitaires et des acad\u00e9mies humanistes, de la valorisation des <em>artes <\/em>que sont la rh\u00e9torique et la po\u00e9sie et des nouvelles approches de la philosophie de l\u2019Antiquit\u00e9. Un corpus de textes sera fourni aux \u00e9tudiants.<\/p>\n<ul>\n<li>S\u00e9minaire litt\u00e9rature latine de la Renaissance : \u00ab Les <em>H\u00e9ro\u00efdes <\/em>d\u2019Ovide et leurs variations dans la litt\u00e9rature m\u00e9dio- et n\u00e9olatine \u00bb<\/li>\n<\/ul>\n<p>Dans les <em>H\u00e9ro\u00efdes<\/em>, Ovide donne pour la premi\u00e8re fois la parole aux grandes h\u00e9ro\u00efnes de l\u2019\u00e9pop\u00e9e et de la trag\u00e9die anciennes dans un genre in\u00e9dit au 1<sup>er<\/sup> si\u00e8cle av. J.-C., celui des lettres fictives qu\u2019il r\u00e9digea en distiques \u00e9l\u00e9giaques. Nous \u00e9tudierons dans ce s\u00e9minaire certaines de ces lettres ainsi que leurs prolongements et variations dans la litt\u00e9rature m\u00e9dio- et n\u00e9olatine. \u00c0 partir de la captation ovidienne dans le champ \u00e9l\u00e9giaque des grandes th\u00e9matiques de l\u2019h\u00e9ro\u00efsme, ce s\u00e9minaire s\u2019int\u00e9ressera plus particuli\u00e8rement \u00e0 la<\/p>\n<p>&nbsp;<\/p>\n<p>complexit\u00e9 de cette \u00e9criture au f\u00e9minin sous la plume d\u2019un auteur le plus souvent masculin, qu\u2019il s\u2019agisse des <em>H\u00e9ro\u00efdes<\/em>, de la correspondance d\u2019Ab\u00e9lard et H\u00e9lo\u00efse, des <em>Lettres portugaises <\/em>ou encore de l\u2019<em>Histoire des deux amants <\/em>d\u2019A. Piccolomini.<\/p>\n<p>&nbsp;<\/p>\n<p>&nbsp;<\/p>\n<p><strong>S\u00e9minaire de recherche, UR UPJV 4284 TrAme : <\/strong>\u00ab Les figures f\u00e9minines dans la litt\u00e9rature et la pens\u00e9e humanistes \u2013 pour une anthologie \u00bb (\u00e0 partir de f\u00e9vrier 2023).<\/p>\n<p>Dans le cadre du programme de recherche <em>Litt\u00e9ratures, philosophie et histoire \u00e0 l\u2019\u00c2ge humaniste. Regards crois\u00e9s sur les questions culturelles et sociales (XV<sup>e<\/sup>-XVII<sup>e<\/sup> si\u00e8cles), <\/em>dir. L. Boul\u00e8gue et I. G. Mastrorosa, Accord de collaboration culturelle et scientifique entre l&rsquo;Universit\u00e9 de Florence et l&rsquo;Universit\u00e9 de Picardie Jules Verne.<\/p>\n","protected":false},"excerpt":{"rendered":"<p>M\u00c9DIO-LATIN \u00c9COLE NATIONALE DES CHARTES Fran\u00e7ois Ploton-Nicollet https:\/\/www.chartes.psl.eu\/fr\/recherche\/bundle\/cours\/sm_field_enseignant_lie\/profile2%3A335 \u00ab Latin des textes litt\u00e9raires, approche linguistique \u00bb, lundi, 30-12.30, 7 nov.-12 d\u00e9c. \u00ab Latin des textes litt\u00e9raires, approche stylistique \u00bb, lundi, 30-1230, 26 sept.-31 oct. \u00ab Histoire des textes : l\u2019\u00e9pop\u00e9e &hellip; <a href=\"https:\/\/www.semen-l.org\/?p=2532\">Continuer la lecture <span class=\"meta-nav\">&rarr;<\/span><\/a><\/p>\n","protected":false},"author":26,"featured_media":0,"comment_status":"open","ping_status":"open","sticky":false,"template":"","format":"standard","meta":{"footnotes":""},"categories":[5],"tags":[],"class_list":["post-2532","post","type-post","status-publish","format-standard","hentry","category-cours-et-seminaires"],"yoast_head":"<!-- This site is optimized with the Yoast SEO plugin v27.5 - https:\/\/yoast.com\/product\/yoast-seo-wordpress\/ -->\n<title>Cours et s\u00e9minaires 2022-2023 - Soci\u00e9t\u00e9 d&#039;\u00c9tudes M\u00e9dio Et N\u00e9o-Latines<\/title>\n<meta name=\"robots\" content=\"index, follow, max-snippet:-1, max-image-preview:large, max-video-preview:-1\" \/>\n<link rel=\"canonical\" href=\"https:\/\/www.semen-l.org\/?p=2532\" \/>\n<meta property=\"og:locale\" content=\"fr_FR\" \/>\n<meta property=\"og:type\" content=\"article\" \/>\n<meta property=\"og:title\" content=\"Cours et s\u00e9minaires 2022-2023 - Soci\u00e9t\u00e9 d&#039;\u00c9tudes M\u00e9dio Et N\u00e9o-Latines\" \/>\n<meta property=\"og:description\" content=\"M\u00c9DIO-LATIN \u00c9COLE NATIONALE DES CHARTES Fran\u00e7ois Ploton-Nicollet https:\/\/www.chartes.psl.eu\/fr\/recherche\/bundle\/cours\/sm_field_enseignant_lie\/profile2%3A335 \u00ab Latin des textes litt\u00e9raires, approche linguistique \u00bb, lundi, 30-12.30, 7 nov.-12 d\u00e9c. \u00ab Latin des textes litt\u00e9raires, approche stylistique \u00bb, lundi, 30-1230, 26 sept.-31 oct. \u00ab Histoire des textes : l\u2019\u00e9pop\u00e9e &hellip; Continuer la lecture &rarr;\" \/>\n<meta property=\"og:url\" content=\"https:\/\/www.semen-l.org\/?p=2532\" \/>\n<meta property=\"og:site_name\" content=\"Soci\u00e9t\u00e9 d&#039;\u00c9tudes M\u00e9dio Et N\u00e9o-Latines\" \/>\n<meta property=\"article:publisher\" content=\"https:\/\/www.facebook.com\/SEMENL2018\" \/>\n<meta property=\"article:published_time\" content=\"2023-01-01T13:43:43+00:00\" \/>\n<meta property=\"article:modified_time\" content=\"2023-01-28T13:46:17+00:00\" \/>\n<meta name=\"author\" content=\"Julien Maudoux\" \/>\n<meta name=\"twitter:card\" content=\"summary_large_image\" \/>\n<meta name=\"twitter:label1\" content=\"\u00c9crit par\" \/>\n\t<meta name=\"twitter:data1\" content=\"Julien Maudoux\" \/>\n\t<meta name=\"twitter:label2\" content=\"Dur\u00e9e de lecture estim\u00e9e\" \/>\n\t<meta name=\"twitter:data2\" content=\"15 minutes\" \/>\n<script type=\"application\/ld+json\" class=\"yoast-schema-graph\">{\"@context\":\"https:\\\/\\\/schema.org\",\"@graph\":[{\"@type\":\"Article\",\"@id\":\"https:\\\/\\\/www.semen-l.org\\\/?p=2532#article\",\"isPartOf\":{\"@id\":\"https:\\\/\\\/www.semen-l.org\\\/?p=2532\"},\"author\":{\"name\":\"Julien Maudoux\",\"@id\":\"http:\\\/\\\/www.semen-l.org\\\/#\\\/schema\\\/person\\\/ef5208815f17666727763c5363a51344\"},\"headline\":\"Cours et s\u00e9minaires 2022-2023\",\"datePublished\":\"2023-01-01T13:43:43+00:00\",\"dateModified\":\"2023-01-28T13:46:17+00:00\",\"mainEntityOfPage\":{\"@id\":\"https:\\\/\\\/www.semen-l.org\\\/?p=2532\"},\"wordCount\":3249,\"commentCount\":0,\"publisher\":{\"@id\":\"http:\\\/\\\/www.semen-l.org\\\/#organization\"},\"articleSection\":[\"Cours et s\u00e9minaires\"],\"inLanguage\":\"fr-FR\",\"potentialAction\":[{\"@type\":\"CommentAction\",\"name\":\"Comment\",\"target\":[\"https:\\\/\\\/www.semen-l.org\\\/?p=2532#respond\"]}]},{\"@type\":\"WebPage\",\"@id\":\"https:\\\/\\\/www.semen-l.org\\\/?p=2532\",\"url\":\"https:\\\/\\\/www.semen-l.org\\\/?p=2532\",\"name\":\"Cours et s\u00e9minaires 2022-2023 - Soci\u00e9t\u00e9 d&#039;\u00c9tudes M\u00e9dio Et N\u00e9o-Latines\",\"isPartOf\":{\"@id\":\"http:\\\/\\\/www.semen-l.org\\\/#website\"},\"datePublished\":\"2023-01-01T13:43:43+00:00\",\"dateModified\":\"2023-01-28T13:46:17+00:00\",\"breadcrumb\":{\"@id\":\"https:\\\/\\\/www.semen-l.org\\\/?p=2532#breadcrumb\"},\"inLanguage\":\"fr-FR\",\"potentialAction\":[{\"@type\":\"ReadAction\",\"target\":[\"https:\\\/\\\/www.semen-l.org\\\/?p=2532\"]}]},{\"@type\":\"BreadcrumbList\",\"@id\":\"https:\\\/\\\/www.semen-l.org\\\/?p=2532#breadcrumb\",\"itemListElement\":[{\"@type\":\"ListItem\",\"position\":1,\"name\":\"Accueil\",\"item\":\"http:\\\/\\\/www.semen-l.org\\\/\"},{\"@type\":\"ListItem\",\"position\":2,\"name\":\"Cours et s\u00e9minaires 2022-2023\"}]},{\"@type\":\"WebSite\",\"@id\":\"http:\\\/\\\/www.semen-l.org\\\/#website\",\"url\":\"http:\\\/\\\/www.semen-l.org\\\/\",\"name\":\"Soci\u00e9t\u00e9 d'\u00c9tudes M\u00e9dio Et N\u00e9o-Latines\",\"description\":\"\",\"publisher\":{\"@id\":\"http:\\\/\\\/www.semen-l.org\\\/#organization\"},\"potentialAction\":[{\"@type\":\"SearchAction\",\"target\":{\"@type\":\"EntryPoint\",\"urlTemplate\":\"http:\\\/\\\/www.semen-l.org\\\/?s={search_term_string}\"},\"query-input\":{\"@type\":\"PropertyValueSpecification\",\"valueRequired\":true,\"valueName\":\"search_term_string\"}}],\"inLanguage\":\"fr-FR\"},{\"@type\":\"Organization\",\"@id\":\"http:\\\/\\\/www.semen-l.org\\\/#organization\",\"name\":\"Soci\u00e9t\u00e9 d'\u00e9tudes m\u00e9dio et n\u00e9o-latines\",\"url\":\"http:\\\/\\\/www.semen-l.org\\\/\",\"logo\":{\"@type\":\"ImageObject\",\"inLanguage\":\"fr-FR\",\"@id\":\"http:\\\/\\\/www.semen-l.org\\\/#\\\/schema\\\/logo\\\/image\\\/\",\"url\":\"http:\\\/\\\/www.semen-l.org\\\/wp-content\\\/uploads\\\/2020\\\/11\\\/logo-semenl.jpg\",\"contentUrl\":\"http:\\\/\\\/www.semen-l.org\\\/wp-content\\\/uploads\\\/2020\\\/11\\\/logo-semenl.jpg\",\"width\":408,\"height\":403,\"caption\":\"Soci\u00e9t\u00e9 d'\u00e9tudes m\u00e9dio et n\u00e9o-latines\"},\"image\":{\"@id\":\"http:\\\/\\\/www.semen-l.org\\\/#\\\/schema\\\/logo\\\/image\\\/\"},\"sameAs\":[\"https:\\\/\\\/www.facebook.com\\\/SEMENL2018\",\"https:\\\/\\\/independent.academia.edu\\\/SocitsdtudesmdioetnolatinesSEMENL\"]},{\"@type\":\"Person\",\"@id\":\"http:\\\/\\\/www.semen-l.org\\\/#\\\/schema\\\/person\\\/ef5208815f17666727763c5363a51344\",\"name\":\"Julien Maudoux\",\"image\":{\"@type\":\"ImageObject\",\"inLanguage\":\"fr-FR\",\"@id\":\"https:\\\/\\\/secure.gravatar.com\\\/avatar\\\/caabf4fb6242e2277733cd35a5c2aa083761ea25dae1d1ff3298b54292225292?s=96&d=mm&r=g\",\"url\":\"https:\\\/\\\/secure.gravatar.com\\\/avatar\\\/caabf4fb6242e2277733cd35a5c2aa083761ea25dae1d1ff3298b54292225292?s=96&d=mm&r=g\",\"contentUrl\":\"https:\\\/\\\/secure.gravatar.com\\\/avatar\\\/caabf4fb6242e2277733cd35a5c2aa083761ea25dae1d1ff3298b54292225292?s=96&d=mm&r=g\",\"caption\":\"Julien Maudoux\"},\"description\":\"Webmestre du site de la SEMEN-L\",\"url\":\"https:\\\/\\\/www.semen-l.org\\\/?author=26\"}]}<\/script>\n<!-- \/ Yoast SEO plugin. -->","yoast_head_json":{"title":"Cours et s\u00e9minaires 2022-2023 - Soci\u00e9t\u00e9 d&#039;\u00c9tudes M\u00e9dio Et N\u00e9o-Latines","robots":{"index":"index","follow":"follow","max-snippet":"max-snippet:-1","max-image-preview":"max-image-preview:large","max-video-preview":"max-video-preview:-1"},"canonical":"https:\/\/www.semen-l.org\/?p=2532","og_locale":"fr_FR","og_type":"article","og_title":"Cours et s\u00e9minaires 2022-2023 - Soci\u00e9t\u00e9 d&#039;\u00c9tudes M\u00e9dio Et N\u00e9o-Latines","og_description":"M\u00c9DIO-LATIN \u00c9COLE NATIONALE DES CHARTES Fran\u00e7ois Ploton-Nicollet https:\/\/www.chartes.psl.eu\/fr\/recherche\/bundle\/cours\/sm_field_enseignant_lie\/profile2%3A335 \u00ab Latin des textes litt\u00e9raires, approche linguistique \u00bb, lundi, 30-12.30, 7 nov.-12 d\u00e9c. \u00ab Latin des textes litt\u00e9raires, approche stylistique \u00bb, lundi, 30-1230, 26 sept.-31 oct. \u00ab Histoire des textes : l\u2019\u00e9pop\u00e9e &hellip; Continuer la lecture &rarr;","og_url":"https:\/\/www.semen-l.org\/?p=2532","og_site_name":"Soci\u00e9t\u00e9 d&#039;\u00c9tudes M\u00e9dio Et N\u00e9o-Latines","article_publisher":"https:\/\/www.facebook.com\/SEMENL2018","article_published_time":"2023-01-01T13:43:43+00:00","article_modified_time":"2023-01-28T13:46:17+00:00","author":"Julien Maudoux","twitter_card":"summary_large_image","twitter_misc":{"\u00c9crit par":"Julien Maudoux","Dur\u00e9e de lecture estim\u00e9e":"15 minutes"},"schema":{"@context":"https:\/\/schema.org","@graph":[{"@type":"Article","@id":"https:\/\/www.semen-l.org\/?p=2532#article","isPartOf":{"@id":"https:\/\/www.semen-l.org\/?p=2532"},"author":{"name":"Julien Maudoux","@id":"http:\/\/www.semen-l.org\/#\/schema\/person\/ef5208815f17666727763c5363a51344"},"headline":"Cours et s\u00e9minaires 2022-2023","datePublished":"2023-01-01T13:43:43+00:00","dateModified":"2023-01-28T13:46:17+00:00","mainEntityOfPage":{"@id":"https:\/\/www.semen-l.org\/?p=2532"},"wordCount":3249,"commentCount":0,"publisher":{"@id":"http:\/\/www.semen-l.org\/#organization"},"articleSection":["Cours et s\u00e9minaires"],"inLanguage":"fr-FR","potentialAction":[{"@type":"CommentAction","name":"Comment","target":["https:\/\/www.semen-l.org\/?p=2532#respond"]}]},{"@type":"WebPage","@id":"https:\/\/www.semen-l.org\/?p=2532","url":"https:\/\/www.semen-l.org\/?p=2532","name":"Cours et s\u00e9minaires 2022-2023 - Soci\u00e9t\u00e9 d&#039;\u00c9tudes M\u00e9dio Et N\u00e9o-Latines","isPartOf":{"@id":"http:\/\/www.semen-l.org\/#website"},"datePublished":"2023-01-01T13:43:43+00:00","dateModified":"2023-01-28T13:46:17+00:00","breadcrumb":{"@id":"https:\/\/www.semen-l.org\/?p=2532#breadcrumb"},"inLanguage":"fr-FR","potentialAction":[{"@type":"ReadAction","target":["https:\/\/www.semen-l.org\/?p=2532"]}]},{"@type":"BreadcrumbList","@id":"https:\/\/www.semen-l.org\/?p=2532#breadcrumb","itemListElement":[{"@type":"ListItem","position":1,"name":"Accueil","item":"http:\/\/www.semen-l.org\/"},{"@type":"ListItem","position":2,"name":"Cours et s\u00e9minaires 2022-2023"}]},{"@type":"WebSite","@id":"http:\/\/www.semen-l.org\/#website","url":"http:\/\/www.semen-l.org\/","name":"Soci\u00e9t\u00e9 d'\u00c9tudes M\u00e9dio Et N\u00e9o-Latines","description":"","publisher":{"@id":"http:\/\/www.semen-l.org\/#organization"},"potentialAction":[{"@type":"SearchAction","target":{"@type":"EntryPoint","urlTemplate":"http:\/\/www.semen-l.org\/?s={search_term_string}"},"query-input":{"@type":"PropertyValueSpecification","valueRequired":true,"valueName":"search_term_string"}}],"inLanguage":"fr-FR"},{"@type":"Organization","@id":"http:\/\/www.semen-l.org\/#organization","name":"Soci\u00e9t\u00e9 d'\u00e9tudes m\u00e9dio et n\u00e9o-latines","url":"http:\/\/www.semen-l.org\/","logo":{"@type":"ImageObject","inLanguage":"fr-FR","@id":"http:\/\/www.semen-l.org\/#\/schema\/logo\/image\/","url":"http:\/\/www.semen-l.org\/wp-content\/uploads\/2020\/11\/logo-semenl.jpg","contentUrl":"http:\/\/www.semen-l.org\/wp-content\/uploads\/2020\/11\/logo-semenl.jpg","width":408,"height":403,"caption":"Soci\u00e9t\u00e9 d'\u00e9tudes m\u00e9dio et n\u00e9o-latines"},"image":{"@id":"http:\/\/www.semen-l.org\/#\/schema\/logo\/image\/"},"sameAs":["https:\/\/www.facebook.com\/SEMENL2018","https:\/\/independent.academia.edu\/SocitsdtudesmdioetnolatinesSEMENL"]},{"@type":"Person","@id":"http:\/\/www.semen-l.org\/#\/schema\/person\/ef5208815f17666727763c5363a51344","name":"Julien Maudoux","image":{"@type":"ImageObject","inLanguage":"fr-FR","@id":"https:\/\/secure.gravatar.com\/avatar\/caabf4fb6242e2277733cd35a5c2aa083761ea25dae1d1ff3298b54292225292?s=96&d=mm&r=g","url":"https:\/\/secure.gravatar.com\/avatar\/caabf4fb6242e2277733cd35a5c2aa083761ea25dae1d1ff3298b54292225292?s=96&d=mm&r=g","contentUrl":"https:\/\/secure.gravatar.com\/avatar\/caabf4fb6242e2277733cd35a5c2aa083761ea25dae1d1ff3298b54292225292?s=96&d=mm&r=g","caption":"Julien Maudoux"},"description":"Webmestre du site de la SEMEN-L","url":"https:\/\/www.semen-l.org\/?author=26"}]}},"jetpack_featured_media_url":"","_links":{"self":[{"href":"https:\/\/www.semen-l.org\/index.php?rest_route=\/wp\/v2\/posts\/2532","targetHints":{"allow":["GET"]}}],"collection":[{"href":"https:\/\/www.semen-l.org\/index.php?rest_route=\/wp\/v2\/posts"}],"about":[{"href":"https:\/\/www.semen-l.org\/index.php?rest_route=\/wp\/v2\/types\/post"}],"author":[{"embeddable":true,"href":"https:\/\/www.semen-l.org\/index.php?rest_route=\/wp\/v2\/users\/26"}],"replies":[{"embeddable":true,"href":"https:\/\/www.semen-l.org\/index.php?rest_route=%2Fwp%2Fv2%2Fcomments&post=2532"}],"version-history":[{"count":0,"href":"https:\/\/www.semen-l.org\/index.php?rest_route=\/wp\/v2\/posts\/2532\/revisions"}],"wp:attachment":[{"href":"https:\/\/www.semen-l.org\/index.php?rest_route=%2Fwp%2Fv2%2Fmedia&parent=2532"}],"wp:term":[{"taxonomy":"category","embeddable":true,"href":"https:\/\/www.semen-l.org\/index.php?rest_route=%2Fwp%2Fv2%2Fcategories&post=2532"},{"taxonomy":"post_tag","embeddable":true,"href":"https:\/\/www.semen-l.org\/index.php?rest_route=%2Fwp%2Fv2%2Ftags&post=2532"}],"curies":[{"name":"wp","href":"https:\/\/api.w.org\/{rel}","templated":true}]}}