{"id":24,"date":"2012-04-15T20:02:01","date_gmt":"2012-04-15T20:02:01","guid":{"rendered":"http:\/\/www.hermand.org\/semenl\/?p=24"},"modified":"2020-11-18T23:46:11","modified_gmt":"2020-11-18T23:46:11","slug":"congres-de-bordeaux-2012-appel-a-communication","status":"publish","type":"post","link":"https:\/\/www.semen-l.org\/?p=24","title":{"rendered":"IIIe congr\u00e8s de la SEMEN-L (Bordeaux, 11-13 octobre 2012) : appel \u00e0 communication"},"content":{"rendered":"<p>La Soci\u00e9t\u00e9 d\u2019\u00c9tudes M\u00e9dio- et N\u00e9o-Latines (SEMEN-L) organise les jeudi 11, vendredi 12 et samedi 13 octobre 2012, \u00e0 l\u2019universit\u00e9 Michel de Montaigne Bordeaux\u00a03, son sixi\u00e8me Congr\u00e8s sur le th\u00e8me\u00a0: \u00ab\u00a0Rh\u00e9torique, stylistique et po\u00e9tique\u00a0: entre th\u00e9orie et pratique\u00a0\u00bb.<\/p>\n<p>&nbsp;<\/p>\n<p>Notre r\u00e9flexion pourrait s\u2019articuler, entre autres, autour des domaines suivants.<\/p>\n<p><strong>\u2022 La r\u00e9ception de la rh\u00e9torique antique<\/strong><\/p>\n<p>Du Moyen \u00c2ge au XVI<sup>e<\/sup> si\u00e8cle, l\u2019h\u00e9ritage de la rh\u00e9torique antique, d\u2019abord essentiellement latin, cic\u00e9ronien et horatien, mais tributaire d\u2019une \u00e9vidente dette envers la culture grecque, conna\u00eet une importante transformation avec la red\u00e9couverte progressive des rh\u00e9toriciens antiques, d\u2019Aristote aux rh\u00e9teurs de la p\u00e9riode imp\u00e9riale. Or, il para\u00eet important d\u2019analyser l\u2019h\u00e9ritage, les mutations et le devenir de la rh\u00e9torique antique, afin de mettre en \u00e9vidence les diff\u00e9rents points th\u00e9oriques dont la compr\u00e9hension est pour nous probl\u00e9matique et dont nous ne percevons parfois pas l\u2019int\u00e9r\u00eat. La tradition rh\u00e9torique est-elle en l\u2019occurrence un boulet qu\u2019il faut tra\u00eener ou un ferment dynamique\u00a0?<\/p>\n<p><strong>\u2022 Les <em>artes<\/em><\/strong><\/p>\n<p>Entre la fin des XI<sup>e<\/sup> et XIV<sup>e<\/sup> si\u00e8cles, apparaissent en Europe des trait\u00e9s sp\u00e9cialis\u00e9s qui s\u2019int\u00e9ressent \u00e0 l\u2019enseignement de la <em>grammatica<\/em> et ont pour objet l\u2019art d\u2019\u00e9crire\u00a0: les <em>artes dictandi<\/em> qui s\u2019attachent \u00e0 l\u2019art d\u2019\u00e9crire en prose (des lettres, mais aussi tout document juridique ou administratif) ou de composer un discours\u00a0; les <em>artes<\/em> <em>poeticae<\/em>, qui concernent la composition d\u2019ouvrages fictionnels, versifi\u00e9s ou non\u00a0; les <em>artes praedicandi <\/em>enfin, qui \u00e9tudient l\u2019art d\u2019\u00e9crire et de prononcer un sermon, et dont le contenu \u00e9volue consid\u00e9rablement avec le temps. La long\u00e9vit\u00e9 exceptionnelle de certains de ces trait\u00e9s m\u00e9di\u00e9vaux, jusqu\u2019au XVI<sup>e<\/sup> si\u00e8cle, attire l\u2019attention\u00a0: il s\u2019agira de mettre \u00e0 jour leur int\u00e9r\u00eat, autant que leur originalit\u00e9 intrins\u00e8ques.<\/p>\n<p><strong>\u2022 \u00c9tudes de cas\u00a0: l\u2019art et la mani\u00e8re<\/strong><\/p>\n<p>La rh\u00e9torique, au sens le plus large, est une ressource et un courant qui alimente n\u00e9cessairement l\u2019\u00e9criture po\u00e9tique, que celle-ci soit ou non fictionnelle\u00a0: elle influence la formation des \u00e9crivains, qu\u2019ils se d\u00e9terminent par rapport \u00e0 cet h\u00e9ritage ou en opposition avec lui. Des \u00e9tudes textuelles pr\u00e9cises seront ainsi les bienvenues, afin de mettre en lumi\u00e8re des applications concr\u00e8tes de la th\u00e9orie rh\u00e9torique.<\/p>\n<p>&nbsp;<\/p>\n<p>Chaque communication durera entre 20 et 25 minutes. La publication d\u2019un ouvrage sera faite \u00e0 partir de ces communications dans la revue <em>Eid\u00f4lon<\/em> (Presses universitaires de Bordeaux). Les chercheurs int\u00e9ress\u00e9s sont invit\u00e9s \u00e0 proposer <strong>avant le 15 avril\u00a02012<\/strong> un titre et une douzaine de lignes de pr\u00e9sentation (environ 1000 caract\u00e8res) \u00e0 Anne Bouscharain ou \u00e0 Dani\u00e8le James-Raoul\u00a0:<\/p>\n<p><strong> Contacts\u00a0<\/strong>:<\/p>\n<p>Anne Bouscharain <a href=\"mailto:anne.bouscharain@gmail.com\">anne.bouscharain@gmail.com<\/a><\/p>\n<p>Dani\u00e8le James-Raoul <a href=\"mailto:daniele.james-raoul@wanadoo.fr\">daniele.james-raoul@wanadoo.fr<\/a><\/p>\n","protected":false},"excerpt":{"rendered":"<p>La Soci\u00e9t\u00e9 d\u2019\u00c9tudes M\u00e9dio- et N\u00e9o-Latines (SEMEN-L) organise les jeudi 11, vendredi 12 et samedi 13 octobre 2012, \u00e0 l\u2019universit\u00e9 Michel de Montaigne Bordeaux\u00a03, son sixi\u00e8me Congr\u00e8s sur le th\u00e8me\u00a0: \u00ab\u00a0Rh\u00e9torique, stylistique et po\u00e9tique\u00a0: entre th\u00e9orie et pratique\u00a0\u00bb. &nbsp; Notre &hellip; <a href=\"https:\/\/www.semen-l.org\/?p=24\">Continuer la lecture <span class=\"meta-nav\">&rarr;<\/span><\/a><\/p>\n","protected":false},"author":3,"featured_media":986,"comment_status":"open","ping_status":"open","sticky":false,"template":"","format":"standard","meta":{"footnotes":""},"categories":[11],"tags":[302,331,428,427,83,52,82,43,429,267],"class_list":["post-24","post","type-post","status-publish","format-standard","has-post-thumbnail","hentry","category-congres","tag-aristote","tag-art-poetique","tag-artes-dictandi","tag-artes-praedicandi","tag-ciceron","tag-horace","tag-poetique","tag-rhetorique","tag-sermon","tag-stylistique"],"yoast_head":"<!-- This site is optimized with the Yoast SEO plugin v27.5 - https:\/\/yoast.com\/product\/yoast-seo-wordpress\/ -->\n<title>IIIe congr\u00e8s de la SEMEN-L (Bordeaux, 11-13 octobre 2012) : appel \u00e0 communication - Soci\u00e9t\u00e9 d&#039;\u00c9tudes M\u00e9dio Et N\u00e9o-Latines<\/title>\n<meta name=\"robots\" content=\"index, follow, max-snippet:-1, max-image-preview:large, max-video-preview:-1\" \/>\n<link rel=\"canonical\" href=\"https:\/\/www.semen-l.org\/?p=24\" \/>\n<meta property=\"og:locale\" content=\"fr_FR\" \/>\n<meta property=\"og:type\" content=\"article\" \/>\n<meta property=\"og:title\" content=\"IIIe congr\u00e8s de la SEMEN-L (Bordeaux, 11-13 octobre 2012) : appel \u00e0 communication - Soci\u00e9t\u00e9 d&#039;\u00c9tudes M\u00e9dio Et N\u00e9o-Latines\" \/>\n<meta property=\"og:description\" content=\"La Soci\u00e9t\u00e9 d\u2019\u00c9tudes M\u00e9dio- et N\u00e9o-Latines (SEMEN-L) organise les jeudi 11, vendredi 12 et samedi 13 octobre 2012, \u00e0 l\u2019universit\u00e9 Michel de Montaigne Bordeaux\u00a03, son sixi\u00e8me Congr\u00e8s sur le th\u00e8me\u00a0: \u00ab\u00a0Rh\u00e9torique, stylistique et po\u00e9tique\u00a0: entre th\u00e9orie et pratique\u00a0\u00bb. &nbsp; Notre &hellip; Continuer la lecture &rarr;\" \/>\n<meta property=\"og:url\" content=\"https:\/\/www.semen-l.org\/?p=24\" \/>\n<meta property=\"og:site_name\" content=\"Soci\u00e9t\u00e9 d&#039;\u00c9tudes M\u00e9dio Et N\u00e9o-Latines\" \/>\n<meta property=\"article:publisher\" content=\"https:\/\/www.facebook.com\/SEMENL2018\" \/>\n<meta property=\"article:published_time\" content=\"2012-04-15T20:02:01+00:00\" \/>\n<meta property=\"article:modified_time\" content=\"2020-11-18T23:46:11+00:00\" \/>\n<meta property=\"og:image\" content=\"https:\/\/www.semen-l.org\/wp-content\/uploads\/2012\/10\/colloque-bordeaux-rhet-mini.jpg\" \/>\n\t<meta property=\"og:image:width\" content=\"200\" \/>\n\t<meta property=\"og:image:height\" content=\"200\" \/>\n\t<meta property=\"og:image:type\" content=\"image\/jpeg\" \/>\n<meta name=\"author\" content=\"Perrin\" \/>\n<meta name=\"twitter:card\" content=\"summary_large_image\" \/>\n<meta name=\"twitter:label1\" content=\"\u00c9crit par\" \/>\n\t<meta name=\"twitter:data1\" content=\"Perrin\" \/>\n\t<meta name=\"twitter:label2\" content=\"Dur\u00e9e de lecture estim\u00e9e\" \/>\n\t<meta name=\"twitter:data2\" content=\"2 minutes\" \/>\n<script type=\"application\/ld+json\" class=\"yoast-schema-graph\">{\"@context\":\"https:\\\/\\\/schema.org\",\"@graph\":[{\"@type\":\"Article\",\"@id\":\"https:\\\/\\\/www.semen-l.org\\\/?p=24#article\",\"isPartOf\":{\"@id\":\"https:\\\/\\\/www.semen-l.org\\\/?p=24\"},\"author\":{\"name\":\"Perrin\",\"@id\":\"http:\\\/\\\/www.semen-l.org\\\/#\\\/schema\\\/person\\\/ae79b36dd6833fa1a069bd9d3af541e4\"},\"headline\":\"IIIe congr\u00e8s de la SEMEN-L (Bordeaux, 11-13 octobre 2012) : appel \u00e0 communication\",\"datePublished\":\"2012-04-15T20:02:01+00:00\",\"dateModified\":\"2020-11-18T23:46:11+00:00\",\"mainEntityOfPage\":{\"@id\":\"https:\\\/\\\/www.semen-l.org\\\/?p=24\"},\"wordCount\":498,\"commentCount\":0,\"publisher\":{\"@id\":\"http:\\\/\\\/www.semen-l.org\\\/#organization\"},\"image\":{\"@id\":\"https:\\\/\\\/www.semen-l.org\\\/?p=24#primaryimage\"},\"thumbnailUrl\":\"https:\\\/\\\/www.semen-l.org\\\/wp-content\\\/uploads\\\/2012\\\/10\\\/colloque-bordeaux-rhet-mini.jpg\",\"keywords\":[\"Aristote\",\"art po\u00e9tique\",\"artes dictandi\",\"artes praedicandi\",\"Cic\u00e9ron\",\"Horace\",\"po\u00e9tique\",\"rh\u00e9torique\",\"sermon\",\"stylistique\"],\"articleSection\":[\"Congr\u00e8s\"],\"inLanguage\":\"fr-FR\",\"potentialAction\":[{\"@type\":\"CommentAction\",\"name\":\"Comment\",\"target\":[\"https:\\\/\\\/www.semen-l.org\\\/?p=24#respond\"]}]},{\"@type\":\"WebPage\",\"@id\":\"https:\\\/\\\/www.semen-l.org\\\/?p=24\",\"url\":\"https:\\\/\\\/www.semen-l.org\\\/?p=24\",\"name\":\"IIIe congr\u00e8s de la SEMEN-L (Bordeaux, 11-13 octobre 2012) : appel \u00e0 communication - Soci\u00e9t\u00e9 d&#039;\u00c9tudes M\u00e9dio Et N\u00e9o-Latines\",\"isPartOf\":{\"@id\":\"http:\\\/\\\/www.semen-l.org\\\/#website\"},\"primaryImageOfPage\":{\"@id\":\"https:\\\/\\\/www.semen-l.org\\\/?p=24#primaryimage\"},\"image\":{\"@id\":\"https:\\\/\\\/www.semen-l.org\\\/?p=24#primaryimage\"},\"thumbnailUrl\":\"https:\\\/\\\/www.semen-l.org\\\/wp-content\\\/uploads\\\/2012\\\/10\\\/colloque-bordeaux-rhet-mini.jpg\",\"datePublished\":\"2012-04-15T20:02:01+00:00\",\"dateModified\":\"2020-11-18T23:46:11+00:00\",\"breadcrumb\":{\"@id\":\"https:\\\/\\\/www.semen-l.org\\\/?p=24#breadcrumb\"},\"inLanguage\":\"fr-FR\",\"potentialAction\":[{\"@type\":\"ReadAction\",\"target\":[\"https:\\\/\\\/www.semen-l.org\\\/?p=24\"]}]},{\"@type\":\"ImageObject\",\"inLanguage\":\"fr-FR\",\"@id\":\"https:\\\/\\\/www.semen-l.org\\\/?p=24#primaryimage\",\"url\":\"https:\\\/\\\/www.semen-l.org\\\/wp-content\\\/uploads\\\/2012\\\/10\\\/colloque-bordeaux-rhet-mini.jpg\",\"contentUrl\":\"https:\\\/\\\/www.semen-l.org\\\/wp-content\\\/uploads\\\/2012\\\/10\\\/colloque-bordeaux-rhet-mini.jpg\",\"width\":200,\"height\":200},{\"@type\":\"BreadcrumbList\",\"@id\":\"https:\\\/\\\/www.semen-l.org\\\/?p=24#breadcrumb\",\"itemListElement\":[{\"@type\":\"ListItem\",\"position\":1,\"name\":\"Accueil\",\"item\":\"http:\\\/\\\/www.semen-l.org\\\/\"},{\"@type\":\"ListItem\",\"position\":2,\"name\":\"IIIe congr\u00e8s de la SEMEN-L (Bordeaux, 11-13 octobre 2012) : appel \u00e0 communication\"}]},{\"@type\":\"WebSite\",\"@id\":\"http:\\\/\\\/www.semen-l.org\\\/#website\",\"url\":\"http:\\\/\\\/www.semen-l.org\\\/\",\"name\":\"Soci\u00e9t\u00e9 d'\u00c9tudes M\u00e9dio Et N\u00e9o-Latines\",\"description\":\"\",\"publisher\":{\"@id\":\"http:\\\/\\\/www.semen-l.org\\\/#organization\"},\"potentialAction\":[{\"@type\":\"SearchAction\",\"target\":{\"@type\":\"EntryPoint\",\"urlTemplate\":\"http:\\\/\\\/www.semen-l.org\\\/?s={search_term_string}\"},\"query-input\":{\"@type\":\"PropertyValueSpecification\",\"valueRequired\":true,\"valueName\":\"search_term_string\"}}],\"inLanguage\":\"fr-FR\"},{\"@type\":\"Organization\",\"@id\":\"http:\\\/\\\/www.semen-l.org\\\/#organization\",\"name\":\"Soci\u00e9t\u00e9 d'\u00e9tudes m\u00e9dio et n\u00e9o-latines\",\"url\":\"http:\\\/\\\/www.semen-l.org\\\/\",\"logo\":{\"@type\":\"ImageObject\",\"inLanguage\":\"fr-FR\",\"@id\":\"http:\\\/\\\/www.semen-l.org\\\/#\\\/schema\\\/logo\\\/image\\\/\",\"url\":\"http:\\\/\\\/www.semen-l.org\\\/wp-content\\\/uploads\\\/2020\\\/11\\\/logo-semenl.jpg\",\"contentUrl\":\"http:\\\/\\\/www.semen-l.org\\\/wp-content\\\/uploads\\\/2020\\\/11\\\/logo-semenl.jpg\",\"width\":408,\"height\":403,\"caption\":\"Soci\u00e9t\u00e9 d'\u00e9tudes m\u00e9dio et n\u00e9o-latines\"},\"image\":{\"@id\":\"http:\\\/\\\/www.semen-l.org\\\/#\\\/schema\\\/logo\\\/image\\\/\"},\"sameAs\":[\"https:\\\/\\\/www.facebook.com\\\/SEMENL2018\",\"https:\\\/\\\/independent.academia.edu\\\/SocitsdtudesmdioetnolatinesSEMENL\"]},{\"@type\":\"Person\",\"@id\":\"http:\\\/\\\/www.semen-l.org\\\/#\\\/schema\\\/person\\\/ae79b36dd6833fa1a069bd9d3af541e4\",\"name\":\"Perrin\",\"image\":{\"@type\":\"ImageObject\",\"inLanguage\":\"fr-FR\",\"@id\":\"https:\\\/\\\/secure.gravatar.com\\\/avatar\\\/f59a10035dce730751646a4e2c92245f97d2309bfcda57f8f4efaf03c00e7898?s=96&d=mm&r=g\",\"url\":\"https:\\\/\\\/secure.gravatar.com\\\/avatar\\\/f59a10035dce730751646a4e2c92245f97d2309bfcda57f8f4efaf03c00e7898?s=96&d=mm&r=g\",\"contentUrl\":\"https:\\\/\\\/secure.gravatar.com\\\/avatar\\\/f59a10035dce730751646a4e2c92245f97d2309bfcda57f8f4efaf03c00e7898?s=96&d=mm&r=g\",\"caption\":\"Perrin\"},\"url\":\"https:\\\/\\\/www.semen-l.org\\\/?author=3\"}]}<\/script>\n<!-- \/ Yoast SEO plugin. -->","yoast_head_json":{"title":"IIIe congr\u00e8s de la SEMEN-L (Bordeaux, 11-13 octobre 2012) : appel \u00e0 communication - Soci\u00e9t\u00e9 d&#039;\u00c9tudes M\u00e9dio Et N\u00e9o-Latines","robots":{"index":"index","follow":"follow","max-snippet":"max-snippet:-1","max-image-preview":"max-image-preview:large","max-video-preview":"max-video-preview:-1"},"canonical":"https:\/\/www.semen-l.org\/?p=24","og_locale":"fr_FR","og_type":"article","og_title":"IIIe congr\u00e8s de la SEMEN-L (Bordeaux, 11-13 octobre 2012) : appel \u00e0 communication - Soci\u00e9t\u00e9 d&#039;\u00c9tudes M\u00e9dio Et N\u00e9o-Latines","og_description":"La Soci\u00e9t\u00e9 d\u2019\u00c9tudes M\u00e9dio- et N\u00e9o-Latines (SEMEN-L) organise les jeudi 11, vendredi 12 et samedi 13 octobre 2012, \u00e0 l\u2019universit\u00e9 Michel de Montaigne Bordeaux\u00a03, son sixi\u00e8me Congr\u00e8s sur le th\u00e8me\u00a0: \u00ab\u00a0Rh\u00e9torique, stylistique et po\u00e9tique\u00a0: entre th\u00e9orie et pratique\u00a0\u00bb. &nbsp; Notre &hellip; Continuer la lecture &rarr;","og_url":"https:\/\/www.semen-l.org\/?p=24","og_site_name":"Soci\u00e9t\u00e9 d&#039;\u00c9tudes M\u00e9dio Et N\u00e9o-Latines","article_publisher":"https:\/\/www.facebook.com\/SEMENL2018","article_published_time":"2012-04-15T20:02:01+00:00","article_modified_time":"2020-11-18T23:46:11+00:00","og_image":[{"width":200,"height":200,"url":"https:\/\/www.semen-l.org\/wp-content\/uploads\/2012\/10\/colloque-bordeaux-rhet-mini.jpg","type":"image\/jpeg"}],"author":"Perrin","twitter_card":"summary_large_image","twitter_misc":{"\u00c9crit par":"Perrin","Dur\u00e9e de lecture estim\u00e9e":"2 minutes"},"schema":{"@context":"https:\/\/schema.org","@graph":[{"@type":"Article","@id":"https:\/\/www.semen-l.org\/?p=24#article","isPartOf":{"@id":"https:\/\/www.semen-l.org\/?p=24"},"author":{"name":"Perrin","@id":"http:\/\/www.semen-l.org\/#\/schema\/person\/ae79b36dd6833fa1a069bd9d3af541e4"},"headline":"IIIe congr\u00e8s de la SEMEN-L (Bordeaux, 11-13 octobre 2012) : appel \u00e0 communication","datePublished":"2012-04-15T20:02:01+00:00","dateModified":"2020-11-18T23:46:11+00:00","mainEntityOfPage":{"@id":"https:\/\/www.semen-l.org\/?p=24"},"wordCount":498,"commentCount":0,"publisher":{"@id":"http:\/\/www.semen-l.org\/#organization"},"image":{"@id":"https:\/\/www.semen-l.org\/?p=24#primaryimage"},"thumbnailUrl":"https:\/\/www.semen-l.org\/wp-content\/uploads\/2012\/10\/colloque-bordeaux-rhet-mini.jpg","keywords":["Aristote","art po\u00e9tique","artes dictandi","artes praedicandi","Cic\u00e9ron","Horace","po\u00e9tique","rh\u00e9torique","sermon","stylistique"],"articleSection":["Congr\u00e8s"],"inLanguage":"fr-FR","potentialAction":[{"@type":"CommentAction","name":"Comment","target":["https:\/\/www.semen-l.org\/?p=24#respond"]}]},{"@type":"WebPage","@id":"https:\/\/www.semen-l.org\/?p=24","url":"https:\/\/www.semen-l.org\/?p=24","name":"IIIe congr\u00e8s de la SEMEN-L (Bordeaux, 11-13 octobre 2012) : appel \u00e0 communication - Soci\u00e9t\u00e9 d&#039;\u00c9tudes M\u00e9dio Et N\u00e9o-Latines","isPartOf":{"@id":"http:\/\/www.semen-l.org\/#website"},"primaryImageOfPage":{"@id":"https:\/\/www.semen-l.org\/?p=24#primaryimage"},"image":{"@id":"https:\/\/www.semen-l.org\/?p=24#primaryimage"},"thumbnailUrl":"https:\/\/www.semen-l.org\/wp-content\/uploads\/2012\/10\/colloque-bordeaux-rhet-mini.jpg","datePublished":"2012-04-15T20:02:01+00:00","dateModified":"2020-11-18T23:46:11+00:00","breadcrumb":{"@id":"https:\/\/www.semen-l.org\/?p=24#breadcrumb"},"inLanguage":"fr-FR","potentialAction":[{"@type":"ReadAction","target":["https:\/\/www.semen-l.org\/?p=24"]}]},{"@type":"ImageObject","inLanguage":"fr-FR","@id":"https:\/\/www.semen-l.org\/?p=24#primaryimage","url":"https:\/\/www.semen-l.org\/wp-content\/uploads\/2012\/10\/colloque-bordeaux-rhet-mini.jpg","contentUrl":"https:\/\/www.semen-l.org\/wp-content\/uploads\/2012\/10\/colloque-bordeaux-rhet-mini.jpg","width":200,"height":200},{"@type":"BreadcrumbList","@id":"https:\/\/www.semen-l.org\/?p=24#breadcrumb","itemListElement":[{"@type":"ListItem","position":1,"name":"Accueil","item":"http:\/\/www.semen-l.org\/"},{"@type":"ListItem","position":2,"name":"IIIe congr\u00e8s de la SEMEN-L (Bordeaux, 11-13 octobre 2012) : appel \u00e0 communication"}]},{"@type":"WebSite","@id":"http:\/\/www.semen-l.org\/#website","url":"http:\/\/www.semen-l.org\/","name":"Soci\u00e9t\u00e9 d'\u00c9tudes M\u00e9dio Et N\u00e9o-Latines","description":"","publisher":{"@id":"http:\/\/www.semen-l.org\/#organization"},"potentialAction":[{"@type":"SearchAction","target":{"@type":"EntryPoint","urlTemplate":"http:\/\/www.semen-l.org\/?s={search_term_string}"},"query-input":{"@type":"PropertyValueSpecification","valueRequired":true,"valueName":"search_term_string"}}],"inLanguage":"fr-FR"},{"@type":"Organization","@id":"http:\/\/www.semen-l.org\/#organization","name":"Soci\u00e9t\u00e9 d'\u00e9tudes m\u00e9dio et n\u00e9o-latines","url":"http:\/\/www.semen-l.org\/","logo":{"@type":"ImageObject","inLanguage":"fr-FR","@id":"http:\/\/www.semen-l.org\/#\/schema\/logo\/image\/","url":"http:\/\/www.semen-l.org\/wp-content\/uploads\/2020\/11\/logo-semenl.jpg","contentUrl":"http:\/\/www.semen-l.org\/wp-content\/uploads\/2020\/11\/logo-semenl.jpg","width":408,"height":403,"caption":"Soci\u00e9t\u00e9 d'\u00e9tudes m\u00e9dio et n\u00e9o-latines"},"image":{"@id":"http:\/\/www.semen-l.org\/#\/schema\/logo\/image\/"},"sameAs":["https:\/\/www.facebook.com\/SEMENL2018","https:\/\/independent.academia.edu\/SocitsdtudesmdioetnolatinesSEMENL"]},{"@type":"Person","@id":"http:\/\/www.semen-l.org\/#\/schema\/person\/ae79b36dd6833fa1a069bd9d3af541e4","name":"Perrin","image":{"@type":"ImageObject","inLanguage":"fr-FR","@id":"https:\/\/secure.gravatar.com\/avatar\/f59a10035dce730751646a4e2c92245f97d2309bfcda57f8f4efaf03c00e7898?s=96&d=mm&r=g","url":"https:\/\/secure.gravatar.com\/avatar\/f59a10035dce730751646a4e2c92245f97d2309bfcda57f8f4efaf03c00e7898?s=96&d=mm&r=g","contentUrl":"https:\/\/secure.gravatar.com\/avatar\/f59a10035dce730751646a4e2c92245f97d2309bfcda57f8f4efaf03c00e7898?s=96&d=mm&r=g","caption":"Perrin"},"url":"https:\/\/www.semen-l.org\/?author=3"}]}},"jetpack_featured_media_url":"https:\/\/www.semen-l.org\/wp-content\/uploads\/2012\/10\/colloque-bordeaux-rhet-mini.jpg","_links":{"self":[{"href":"https:\/\/www.semen-l.org\/index.php?rest_route=\/wp\/v2\/posts\/24","targetHints":{"allow":["GET"]}}],"collection":[{"href":"https:\/\/www.semen-l.org\/index.php?rest_route=\/wp\/v2\/posts"}],"about":[{"href":"https:\/\/www.semen-l.org\/index.php?rest_route=\/wp\/v2\/types\/post"}],"author":[{"embeddable":true,"href":"https:\/\/www.semen-l.org\/index.php?rest_route=\/wp\/v2\/users\/3"}],"replies":[{"embeddable":true,"href":"https:\/\/www.semen-l.org\/index.php?rest_route=%2Fwp%2Fv2%2Fcomments&post=24"}],"version-history":[{"count":0,"href":"https:\/\/www.semen-l.org\/index.php?rest_route=\/wp\/v2\/posts\/24\/revisions"}],"wp:featuredmedia":[{"embeddable":true,"href":"https:\/\/www.semen-l.org\/index.php?rest_route=\/wp\/v2\/media\/986"}],"wp:attachment":[{"href":"https:\/\/www.semen-l.org\/index.php?rest_route=%2Fwp%2Fv2%2Fmedia&parent=24"}],"wp:term":[{"taxonomy":"category","embeddable":true,"href":"https:\/\/www.semen-l.org\/index.php?rest_route=%2Fwp%2Fv2%2Fcategories&post=24"},{"taxonomy":"post_tag","embeddable":true,"href":"https:\/\/www.semen-l.org\/index.php?rest_route=%2Fwp%2Fv2%2Ftags&post=24"}],"curies":[{"name":"wp","href":"https:\/\/api.w.org\/{rel}","templated":true}]}}